{"id":130956,"date":"2022-04-10T01:30:52","date_gmt":"2022-04-10T00:30:52","guid":{"rendered":"https:\/\/radioljubuski.ba\/?p=130956"},"modified":"2022-04-10T01:30:54","modified_gmt":"2022-04-10T00:30:54","slug":"potrosacka-kosarica-u-bih-skuplja-za-300-km","status":"publish","type":"post","link":"https:\/\/radioljubuski.ba\/index.php\/2022\/04\/10\/potrosacka-kosarica-u-bih-skuplja-za-300-km\/","title":{"rendered":"Potro\u0161a\u010dka ko\u0161arica u BiH skuplja za 300 KM"},"content":{"rendered":"\n<p>Za samo godinu svakodnevica gra\u0111ana BiH pretvorena je u dramu i grozni\u010davu potragu za prehrambenim proizvodima u akcijskoj ponudi, jer su tro\u0161kovi \u017eivota enormno porasli.<\/p>\n\n\n\n<p>To dokazuju cijene u bh. tr\u017enim centrima, ali i statisti\u010dki podaci iz istog perioda pro\u0161le godine. Tako je za potro\u0161a\u010dku ko\u0161aricuu, prema izra\u010dunu Sindikata BiH, u travnju 2021. trebalo izdvojiti 2.083 KM. Tro\u0161kovi \u017eivota \u010detvero\u010dlane obitelji u velja\u010di ove godine iznosili su 2.389 KM, dok se podaci za o\u017eujak tek o\u010dekuju i bit \u0107e jo\u0161 porazniji.<\/p>\n\n\n\n<p><br>U travnju 2021. godine kilogram ri\u017ee kupovao sa za 3,29, dok danas ko\u0161ta 3,90 KM. U istom razdoblju kruh je poskupio s 2,50 na 2,80 KM po kilogramu, a bra\u0161no s 0,94 na 1,65 po kilogramu. Cijelo pile je ko\u0161talo 4,96, dok danas ko\u0161ta 7,10 po kilogramu, jaja su skuplja za oko 2 KM po kornetu, dok se maslac po cijeni od 21 KM po kilogramu danas mo\u017ee prona\u0107i samo u akcijskim ponudama, pi\u0161e&nbsp;<a href=\"https:\/\/avaz.ba\/vijesti\/bih\/733041\/usli-smo-u-drugi-inflatorni-udar-potrosacka-korpa-skuplja-za-300-km\" target=\"_blank\" rel=\"noreferrer noopener\">Avaz<\/a>.<\/p>\n\n\n\n<p>Cijena \u0161e\u0107era u travnju 2021. iznosila je 1,23, a trenutno iznosi 1,70 KM. Dramati\u010dan je skok cijene ulja, koje je ko\u0161talo oko dvije KM, a danas 4,80 KM, ponegdje i vi\u0161e od 5 KM. U istom periodu dizel je s 2,05 poskupio na 3,16 KM, a benzin s 2,20 na 3,06 KM po litru.<\/p>\n\n\n\n<p>Poskupljenja su gra\u0111anima \u017eivot zagor\u010dala, ali su bud\u017eetima donijela rekordne prihode, pa mediji i ekonomski analiti\u010dari ve\u0107 du\u017ee vrijeme upozoravaju i predla\u017eu da se dijelom tih sredstava pomogne gra\u0111anima da pre\u017eive. Me\u0111utim, takvih odluka nema ili ne prolaze.<\/p>\n\n\n\n<p>&#8211; Briga o najsiroma\u0161nijim slojevima dru\u0161tva od na\u0161ih politi\u010dkih lidera ili vladaju\u0107e koalicije na nivou BiH je ravna nuli &#8211; ka\u017ee za Avaz ekonomski analiti\u010dar Zoran Pavlovi\u0107.<\/p>\n\n\n\n<p>Ekonomski analiti\u010dar Faruk Had\u017ei\u0107 nedavno je podsjetio na upozorenja i apele koje je mjesecima slao vlastima da se donesu mjere i pomogne gra\u0111anima, a sve kako bi se usporio inflatorni udar.<\/p>\n\n\n\n<p>&#8211; Nakon odbijanja da, barem privremeno, obustave naplatu akciza na gorivo, sada svjedo\u010dimo spiralnom rastu cijena &#8211; istakao je Had\u017ei\u0107.<\/p>\n\n\n\n<p>Izvor:avaz.ba<\/p>\n","protected":false},"excerpt":{"rendered":"<p>Za samo godinu svakodnevica gra\u0111ana BiH pretvorena je u dramu i grozni\u010davu potragu za prehrambenim proizvodima u akcijskoj ponudi, jer su tro\u0161kovi \u017eivota enormno porasli. To dokazuju cijene u bh. tr\u017enim centrima, ali i statisti\u010dki podaci iz istog perioda pro\u0161le godine. Tako je za potro\u0161a\u010dku ko\u0161aricuu, prema izra\u010dunu Sindikata BiH, u travnju 2021. trebalo izdvojiti [&hellip;]<\/p>\n","protected":false},"author":2,"featured_media":19568,"comment_status":"closed","ping_status":"closed","sticky":false,"template":"","format":"standard","meta":{"h5ap_radio_sources":[],"footnotes":""},"categories":[1],"tags":[],"class_list":["post-130956","post","type-post","status-publish","format-standard","has-post-thumbnail","hentry","category-bihiregija"],"yoast_head":"<!-- This site is optimized with the Yoast SEO plugin v27.5 - https:\/\/yoast.com\/product\/yoast-seo-wordpress\/ -->\n<title>Potro\u0161a\u010dka ko\u0161arica u BiH skuplja za 300 KM - RADIO LJUBU\u0160KI<\/title>\n<meta name=\"robots\" content=\"index, follow, max-snippet:-1, max-image-preview:large, max-video-preview:-1\" \/>\n<link rel=\"canonical\" href=\"https:\/\/radioljubuski.ba\/index.php\/2022\/04\/10\/potrosacka-kosarica-u-bih-skuplja-za-300-km\/\" \/>\n<meta property=\"og:locale\" content=\"hr_HR\" \/>\n<meta property=\"og:type\" content=\"article\" \/>\n<meta property=\"og:title\" content=\"Potro\u0161a\u010dka ko\u0161arica u BiH skuplja za 300 KM - RADIO LJUBU\u0160KI\" \/>\n<meta property=\"og:description\" content=\"Za samo godinu svakodnevica gra\u0111ana BiH pretvorena je u dramu i grozni\u010davu potragu za prehrambenim proizvodima u akcijskoj ponudi, jer su tro\u0161kovi \u017eivota enormno porasli. To dokazuju cijene u bh. tr\u017enim centrima, ali i statisti\u010dki podaci iz istog perioda pro\u0161le godine. Tako je za potro\u0161a\u010dku ko\u0161aricuu, prema izra\u010dunu Sindikata BiH, u travnju 2021. trebalo izdvojiti [&hellip;]\" \/>\n<meta property=\"og:url\" content=\"https:\/\/radioljubuski.ba\/index.php\/2022\/04\/10\/potrosacka-kosarica-u-bih-skuplja-za-300-km\/\" \/>\n<meta property=\"og:site_name\" content=\"RADIO LJUBU\u0160KI\" \/>\n<meta property=\"article:publisher\" content=\"https:\/\/www.facebook.com\/Radiio-Ljubuski-1490835324566332\" \/>\n<meta property=\"article:published_time\" content=\"2022-04-10T00:30:52+00:00\" \/>\n<meta property=\"article:modified_time\" content=\"2022-04-10T00:30:54+00:00\" \/>\n<meta property=\"og:image\" content=\"https:\/\/radioljubuski.ba\/wp-content\/uploads\/2021\/05\/kosarica.jpg\" \/>\n\t<meta property=\"og:image:width\" content=\"1000\" \/>\n\t<meta property=\"og:image:height\" content=\"625\" \/>\n\t<meta property=\"og:image:type\" content=\"image\/jpeg\" \/>\n<meta name=\"author\" content=\"Radio Ljubu\u0161ki\" \/>\n<meta name=\"twitter:card\" content=\"summary_large_image\" \/>\n<meta name=\"twitter:creator\" content=\"@radioljubuski\" \/>\n<meta name=\"twitter:site\" content=\"@radioljubuski\" \/>\n<meta name=\"twitter:label1\" content=\"Napisao\/la\" \/>\n\t<meta name=\"twitter:data1\" content=\"Radio Ljubu\u0161ki\" \/>\n\t<meta name=\"twitter:label2\" content=\"Procijenjeno vrijeme \u010ditanja\" \/>\n\t<meta name=\"twitter:data2\" content=\"2 minute\" \/>\n<script type=\"application\/ld+json\" class=\"yoast-schema-graph\">{\"@context\":\"https:\\\/\\\/schema.org\",\"@graph\":[{\"@type\":\"Article\",\"@id\":\"https:\\\/\\\/radioljubuski.ba\\\/index.php\\\/2022\\\/04\\\/10\\\/potrosacka-kosarica-u-bih-skuplja-za-300-km\\\/#article\",\"isPartOf\":{\"@id\":\"https:\\\/\\\/radioljubuski.ba\\\/index.php\\\/2022\\\/04\\\/10\\\/potrosacka-kosarica-u-bih-skuplja-za-300-km\\\/\"},\"author\":{\"name\":\"Radio Ljubu\u0161ki\",\"@id\":\"https:\\\/\\\/radioljubuski.ba\\\/#\\\/schema\\\/person\\\/19fc700381a780f69665d7956c469e3b\"},\"headline\":\"Potro\u0161a\u010dka ko\u0161arica u BiH skuplja za 300 KM\",\"datePublished\":\"2022-04-10T00:30:52+00:00\",\"dateModified\":\"2022-04-10T00:30:54+00:00\",\"mainEntityOfPage\":{\"@id\":\"https:\\\/\\\/radioljubuski.ba\\\/index.php\\\/2022\\\/04\\\/10\\\/potrosacka-kosarica-u-bih-skuplja-za-300-km\\\/\"},\"wordCount\":365,\"publisher\":{\"@id\":\"https:\\\/\\\/radioljubuski.ba\\\/#organization\"},\"image\":{\"@id\":\"https:\\\/\\\/radioljubuski.ba\\\/index.php\\\/2022\\\/04\\\/10\\\/potrosacka-kosarica-u-bih-skuplja-za-300-km\\\/#primaryimage\"},\"thumbnailUrl\":\"https:\\\/\\\/radioljubuski.ba\\\/wp-content\\\/uploads\\\/2021\\\/05\\\/kosarica.jpg\",\"articleSection\":[\"BIH i regija\"],\"inLanguage\":\"hr\"},{\"@type\":\"WebPage\",\"@id\":\"https:\\\/\\\/radioljubuski.ba\\\/index.php\\\/2022\\\/04\\\/10\\\/potrosacka-kosarica-u-bih-skuplja-za-300-km\\\/\",\"url\":\"https:\\\/\\\/radioljubuski.ba\\\/index.php\\\/2022\\\/04\\\/10\\\/potrosacka-kosarica-u-bih-skuplja-za-300-km\\\/\",\"name\":\"Potro\u0161a\u010dka ko\u0161arica u BiH skuplja za 300 KM - RADIO LJUBU\u0160KI\",\"isPartOf\":{\"@id\":\"https:\\\/\\\/radioljubuski.ba\\\/#website\"},\"primaryImageOfPage\":{\"@id\":\"https:\\\/\\\/radioljubuski.ba\\\/index.php\\\/2022\\\/04\\\/10\\\/potrosacka-kosarica-u-bih-skuplja-za-300-km\\\/#primaryimage\"},\"image\":{\"@id\":\"https:\\\/\\\/radioljubuski.ba\\\/index.php\\\/2022\\\/04\\\/10\\\/potrosacka-kosarica-u-bih-skuplja-za-300-km\\\/#primaryimage\"},\"thumbnailUrl\":\"https:\\\/\\\/radioljubuski.ba\\\/wp-content\\\/uploads\\\/2021\\\/05\\\/kosarica.jpg\",\"datePublished\":\"2022-04-10T00:30:52+00:00\",\"dateModified\":\"2022-04-10T00:30:54+00:00\",\"breadcrumb\":{\"@id\":\"https:\\\/\\\/radioljubuski.ba\\\/index.php\\\/2022\\\/04\\\/10\\\/potrosacka-kosarica-u-bih-skuplja-za-300-km\\\/#breadcrumb\"},\"inLanguage\":\"hr\",\"potentialAction\":[{\"@type\":\"ReadAction\",\"target\":[\"https:\\\/\\\/radioljubuski.ba\\\/index.php\\\/2022\\\/04\\\/10\\\/potrosacka-kosarica-u-bih-skuplja-za-300-km\\\/\"]}]},{\"@type\":\"ImageObject\",\"inLanguage\":\"hr\",\"@id\":\"https:\\\/\\\/radioljubuski.ba\\\/index.php\\\/2022\\\/04\\\/10\\\/potrosacka-kosarica-u-bih-skuplja-za-300-km\\\/#primaryimage\",\"url\":\"https:\\\/\\\/radioljubuski.ba\\\/wp-content\\\/uploads\\\/2021\\\/05\\\/kosarica.jpg\",\"contentUrl\":\"https:\\\/\\\/radioljubuski.ba\\\/wp-content\\\/uploads\\\/2021\\\/05\\\/kosarica.jpg\",\"width\":1000,\"height\":625},{\"@type\":\"BreadcrumbList\",\"@id\":\"https:\\\/\\\/radioljubuski.ba\\\/index.php\\\/2022\\\/04\\\/10\\\/potrosacka-kosarica-u-bih-skuplja-za-300-km\\\/#breadcrumb\",\"itemListElement\":[{\"@type\":\"ListItem\",\"position\":1,\"name\":\"Po\u010detna stranica\",\"item\":\"https:\\\/\\\/radioljubuski.ba\\\/\"},{\"@type\":\"ListItem\",\"position\":2,\"name\":\"Potro\u0161a\u010dka ko\u0161arica u BiH skuplja za 300 KM\"}]},{\"@type\":\"WebSite\",\"@id\":\"https:\\\/\\\/radioljubuski.ba\\\/#website\",\"url\":\"https:\\\/\\\/radioljubuski.ba\\\/\",\"name\":\"Radio Ljubu\u0161ki\",\"description\":\"Sun\u010dana frekvencija Hercegovine\",\"publisher\":{\"@id\":\"https:\\\/\\\/radioljubuski.ba\\\/#organization\"},\"potentialAction\":[{\"@type\":\"SearchAction\",\"target\":{\"@type\":\"EntryPoint\",\"urlTemplate\":\"https:\\\/\\\/radioljubuski.ba\\\/?s={search_term_string}\"},\"query-input\":{\"@type\":\"PropertyValueSpecification\",\"valueRequired\":true,\"valueName\":\"search_term_string\"}}],\"inLanguage\":\"hr\"},{\"@type\":\"Organization\",\"@id\":\"https:\\\/\\\/radioljubuski.ba\\\/#organization\",\"name\":\"Radio Ljubu\u0161ki\",\"url\":\"https:\\\/\\\/radioljubuski.ba\\\/\",\"logo\":{\"@type\":\"ImageObject\",\"inLanguage\":\"hr\",\"@id\":\"https:\\\/\\\/radioljubuski.ba\\\/#\\\/schema\\\/logo\\\/image\\\/\",\"url\":\"https:\\\/\\\/radioljubuski.ba\\\/wp-content\\\/uploads\\\/2021\\\/02\\\/cropped-Radio_Ljubuski_logo1.jpg\",\"contentUrl\":\"https:\\\/\\\/radioljubuski.ba\\\/wp-content\\\/uploads\\\/2021\\\/02\\\/cropped-Radio_Ljubuski_logo1.jpg\",\"width\":512,\"height\":512,\"caption\":\"Radio Ljubu\u0161ki\"},\"image\":{\"@id\":\"https:\\\/\\\/radioljubuski.ba\\\/#\\\/schema\\\/logo\\\/image\\\/\"},\"sameAs\":[\"https:\\\/\\\/www.facebook.com\\\/Radiio-Ljubuski-1490835324566332\",\"https:\\\/\\\/x.com\\\/radioljubuski\",\"https:\\\/\\\/hr.linkedin.com\\\/company\\\/radio-ljubuski\",\"https:\\\/\\\/www.youtube.com\\\/channel\\\/UCHYaeO_n0Db3tjNGudGpXyw\"]},{\"@type\":\"Person\",\"@id\":\"https:\\\/\\\/radioljubuski.ba\\\/#\\\/schema\\\/person\\\/19fc700381a780f69665d7956c469e3b\",\"name\":\"Radio Ljubu\u0161ki\"}]}<\/script>\n<!-- \/ Yoast SEO plugin. -->","yoast_head_json":{"title":"Potro\u0161a\u010dka ko\u0161arica u BiH skuplja za 300 KM - RADIO LJUBU\u0160KI","robots":{"index":"index","follow":"follow","max-snippet":"max-snippet:-1","max-image-preview":"max-image-preview:large","max-video-preview":"max-video-preview:-1"},"canonical":"https:\/\/radioljubuski.ba\/index.php\/2022\/04\/10\/potrosacka-kosarica-u-bih-skuplja-za-300-km\/","og_locale":"hr_HR","og_type":"article","og_title":"Potro\u0161a\u010dka ko\u0161arica u BiH skuplja za 300 KM - RADIO LJUBU\u0160KI","og_description":"Za samo godinu svakodnevica gra\u0111ana BiH pretvorena je u dramu i grozni\u010davu potragu za prehrambenim proizvodima u akcijskoj ponudi, jer su tro\u0161kovi \u017eivota enormno porasli. To dokazuju cijene u bh. tr\u017enim centrima, ali i statisti\u010dki podaci iz istog perioda pro\u0161le godine. Tako je za potro\u0161a\u010dku ko\u0161aricuu, prema izra\u010dunu Sindikata BiH, u travnju 2021. trebalo izdvojiti [&hellip;]","og_url":"https:\/\/radioljubuski.ba\/index.php\/2022\/04\/10\/potrosacka-kosarica-u-bih-skuplja-za-300-km\/","og_site_name":"RADIO LJUBU\u0160KI","article_publisher":"https:\/\/www.facebook.com\/Radiio-Ljubuski-1490835324566332","article_published_time":"2022-04-10T00:30:52+00:00","article_modified_time":"2022-04-10T00:30:54+00:00","og_image":[{"width":1000,"height":625,"url":"https:\/\/radioljubuski.ba\/wp-content\/uploads\/2021\/05\/kosarica.jpg","type":"image\/jpeg"}],"author":"Radio Ljubu\u0161ki","twitter_card":"summary_large_image","twitter_creator":"@radioljubuski","twitter_site":"@radioljubuski","twitter_misc":{"Napisao\/la":"Radio Ljubu\u0161ki","Procijenjeno vrijeme \u010ditanja":"2 minute"},"schema":{"@context":"https:\/\/schema.org","@graph":[{"@type":"Article","@id":"https:\/\/radioljubuski.ba\/index.php\/2022\/04\/10\/potrosacka-kosarica-u-bih-skuplja-za-300-km\/#article","isPartOf":{"@id":"https:\/\/radioljubuski.ba\/index.php\/2022\/04\/10\/potrosacka-kosarica-u-bih-skuplja-za-300-km\/"},"author":{"name":"Radio Ljubu\u0161ki","@id":"https:\/\/radioljubuski.ba\/#\/schema\/person\/19fc700381a780f69665d7956c469e3b"},"headline":"Potro\u0161a\u010dka ko\u0161arica u BiH skuplja za 300 KM","datePublished":"2022-04-10T00:30:52+00:00","dateModified":"2022-04-10T00:30:54+00:00","mainEntityOfPage":{"@id":"https:\/\/radioljubuski.ba\/index.php\/2022\/04\/10\/potrosacka-kosarica-u-bih-skuplja-za-300-km\/"},"wordCount":365,"publisher":{"@id":"https:\/\/radioljubuski.ba\/#organization"},"image":{"@id":"https:\/\/radioljubuski.ba\/index.php\/2022\/04\/10\/potrosacka-kosarica-u-bih-skuplja-za-300-km\/#primaryimage"},"thumbnailUrl":"https:\/\/radioljubuski.ba\/wp-content\/uploads\/2021\/05\/kosarica.jpg","articleSection":["BIH i regija"],"inLanguage":"hr"},{"@type":"WebPage","@id":"https:\/\/radioljubuski.ba\/index.php\/2022\/04\/10\/potrosacka-kosarica-u-bih-skuplja-za-300-km\/","url":"https:\/\/radioljubuski.ba\/index.php\/2022\/04\/10\/potrosacka-kosarica-u-bih-skuplja-za-300-km\/","name":"Potro\u0161a\u010dka ko\u0161arica u BiH skuplja za 300 KM - RADIO LJUBU\u0160KI","isPartOf":{"@id":"https:\/\/radioljubuski.ba\/#website"},"primaryImageOfPage":{"@id":"https:\/\/radioljubuski.ba\/index.php\/2022\/04\/10\/potrosacka-kosarica-u-bih-skuplja-za-300-km\/#primaryimage"},"image":{"@id":"https:\/\/radioljubuski.ba\/index.php\/2022\/04\/10\/potrosacka-kosarica-u-bih-skuplja-za-300-km\/#primaryimage"},"thumbnailUrl":"https:\/\/radioljubuski.ba\/wp-content\/uploads\/2021\/05\/kosarica.jpg","datePublished":"2022-04-10T00:30:52+00:00","dateModified":"2022-04-10T00:30:54+00:00","breadcrumb":{"@id":"https:\/\/radioljubuski.ba\/index.php\/2022\/04\/10\/potrosacka-kosarica-u-bih-skuplja-za-300-km\/#breadcrumb"},"inLanguage":"hr","potentialAction":[{"@type":"ReadAction","target":["https:\/\/radioljubuski.ba\/index.php\/2022\/04\/10\/potrosacka-kosarica-u-bih-skuplja-za-300-km\/"]}]},{"@type":"ImageObject","inLanguage":"hr","@id":"https:\/\/radioljubuski.ba\/index.php\/2022\/04\/10\/potrosacka-kosarica-u-bih-skuplja-za-300-km\/#primaryimage","url":"https:\/\/radioljubuski.ba\/wp-content\/uploads\/2021\/05\/kosarica.jpg","contentUrl":"https:\/\/radioljubuski.ba\/wp-content\/uploads\/2021\/05\/kosarica.jpg","width":1000,"height":625},{"@type":"BreadcrumbList","@id":"https:\/\/radioljubuski.ba\/index.php\/2022\/04\/10\/potrosacka-kosarica-u-bih-skuplja-za-300-km\/#breadcrumb","itemListElement":[{"@type":"ListItem","position":1,"name":"Po\u010detna stranica","item":"https:\/\/radioljubuski.ba\/"},{"@type":"ListItem","position":2,"name":"Potro\u0161a\u010dka ko\u0161arica u BiH skuplja za 300 KM"}]},{"@type":"WebSite","@id":"https:\/\/radioljubuski.ba\/#website","url":"https:\/\/radioljubuski.ba\/","name":"Radio Ljubu\u0161ki","description":"Sun\u010dana frekvencija Hercegovine","publisher":{"@id":"https:\/\/radioljubuski.ba\/#organization"},"potentialAction":[{"@type":"SearchAction","target":{"@type":"EntryPoint","urlTemplate":"https:\/\/radioljubuski.ba\/?s={search_term_string}"},"query-input":{"@type":"PropertyValueSpecification","valueRequired":true,"valueName":"search_term_string"}}],"inLanguage":"hr"},{"@type":"Organization","@id":"https:\/\/radioljubuski.ba\/#organization","name":"Radio Ljubu\u0161ki","url":"https:\/\/radioljubuski.ba\/","logo":{"@type":"ImageObject","inLanguage":"hr","@id":"https:\/\/radioljubuski.ba\/#\/schema\/logo\/image\/","url":"https:\/\/radioljubuski.ba\/wp-content\/uploads\/2021\/02\/cropped-Radio_Ljubuski_logo1.jpg","contentUrl":"https:\/\/radioljubuski.ba\/wp-content\/uploads\/2021\/02\/cropped-Radio_Ljubuski_logo1.jpg","width":512,"height":512,"caption":"Radio Ljubu\u0161ki"},"image":{"@id":"https:\/\/radioljubuski.ba\/#\/schema\/logo\/image\/"},"sameAs":["https:\/\/www.facebook.com\/Radiio-Ljubuski-1490835324566332","https:\/\/x.com\/radioljubuski","https:\/\/hr.linkedin.com\/company\/radio-ljubuski","https:\/\/www.youtube.com\/channel\/UCHYaeO_n0Db3tjNGudGpXyw"]},{"@type":"Person","@id":"https:\/\/radioljubuski.ba\/#\/schema\/person\/19fc700381a780f69665d7956c469e3b","name":"Radio Ljubu\u0161ki"}]}},"_links":{"self":[{"href":"https:\/\/radioljubuski.ba\/index.php\/wp-json\/wp\/v2\/posts\/130956","targetHints":{"allow":["GET"]}}],"collection":[{"href":"https:\/\/radioljubuski.ba\/index.php\/wp-json\/wp\/v2\/posts"}],"about":[{"href":"https:\/\/radioljubuski.ba\/index.php\/wp-json\/wp\/v2\/types\/post"}],"author":[{"embeddable":true,"href":"https:\/\/radioljubuski.ba\/index.php\/wp-json\/wp\/v2\/users\/2"}],"replies":[{"embeddable":true,"href":"https:\/\/radioljubuski.ba\/index.php\/wp-json\/wp\/v2\/comments?post=130956"}],"version-history":[{"count":1,"href":"https:\/\/radioljubuski.ba\/index.php\/wp-json\/wp\/v2\/posts\/130956\/revisions"}],"predecessor-version":[{"id":130957,"href":"https:\/\/radioljubuski.ba\/index.php\/wp-json\/wp\/v2\/posts\/130956\/revisions\/130957"}],"wp:featuredmedia":[{"embeddable":true,"href":"https:\/\/radioljubuski.ba\/index.php\/wp-json\/wp\/v2\/media\/19568"}],"wp:attachment":[{"href":"https:\/\/radioljubuski.ba\/index.php\/wp-json\/wp\/v2\/media?parent=130956"}],"wp:term":[{"taxonomy":"category","embeddable":true,"href":"https:\/\/radioljubuski.ba\/index.php\/wp-json\/wp\/v2\/categories?post=130956"},{"taxonomy":"post_tag","embeddable":true,"href":"https:\/\/radioljubuski.ba\/index.php\/wp-json\/wp\/v2\/tags?post=130956"}],"curies":[{"name":"wp","href":"https:\/\/api.w.org\/{rel}","templated":true}]}}