{"id":130958,"date":"2022-04-10T01:32:08","date_gmt":"2022-04-10T00:32:08","guid":{"rendered":"https:\/\/radioljubuski.ba\/?p=130958"},"modified":"2022-04-10T01:32:10","modified_gmt":"2022-04-10T00:32:10","slug":"uskrsna-poruka-biskupa-petra-palica","status":"publish","type":"post","link":"https:\/\/radioljubuski.ba\/index.php\/2022\/04\/10\/uskrsna-poruka-biskupa-petra-palica\/","title":{"rendered":"Uskrsna poruka biskupa Petra Pali\u0107a"},"content":{"rendered":"\n<p>Uskrsnu poruku biskupa mostarsko duvanjskog i apostolskog upravitelja Trebinjsko-mrkanske biskupije mons. Petra Pali\u0107a prenosimo u cijelosti:<\/p>\n\n\n\n<p>Me\u0111u \u201esedam svjetskih \u010duda\u201c ubrajaju su egipatske piramide. To su velike grobnice, koje sadr\u017ee mumificirana tijela egipatskih faraona. Mnogi ljudi posje\u0107uju te grobnice, ali i grobnice poznatih osoba, politi\u010dara, filozofa, pisaca koje se nalaze u katedralnim, samostanskim i drugim crkvama.<\/p>\n\n\n\n<p>U Jeruzalemu se nalazi crkva Svetoga groba koju posje\u0107uju hodo\u010dasnici iz cijeloga svijeta. Ulaze\u0107i u nju nailaze na natpis: \u201eNije ovdje!\u201c (Mt 28, 6) Ta je crkva poznata po praznom grobu u kojemu je bilo polo\u017eeno tijelo Isusa Krista. No, Isus Krist je uskrsnuo, ostavljaju\u0107i prazan grob kako je i rekao svojim u\u010denicima. Na taj je na\u010din u\u010dinio najva\u017enije \u010dudo u svom \u017eivotu, prkose\u0107i zakonima prirode i dokazuju\u0107i da je on Bog. Stoga se radujemo ovom velikom i jedinstvenom doga\u0111aju slave\u0107i Uskrs.<\/p>\n\n\n\n<p>Kristovo uskrsnu\u0107e temelj je na\u0161e kr\u0161\u0107anske vjere. Uskrsnu\u0107e je najve\u0107e \u010dudo i dokazuje da je Isus Bog. Zato sveti Pavao pi\u0161e: \u201eAko pak Krist nije uskrsnuo, uzalud je doista propovijedanje na\u0161e, uzalud i vjera va\u0161a.\u201c (1 Kor 15, 14) Kristovo uskrsnu\u0107e bila je sredi\u0161nja tema navje\u0161taja apostola, jer je \u010dinjenica uskrsnu\u0107a znak Isusova bo\u017eanstva. Uskrs je jamstvo i na\u0161ega vlastitog uskrsnu\u0107a. Uskrs je blagdan koji nam daje nadu i ohrabrenje u ovom svijetu boli, tuge i suza. Podsje\u0107a nas da je \u017eivot, unato\u010d svemu, vrijedan \u017eivljenja. Uskrs je izri\u010daj na\u0161e vjere u stvarnu prisutnost uskrsloga Isusa koji daje smisao na\u0161oj osobnoj i zajedni\u010dkoj molitvi, snagu boriti se protiv ku\u0161nji i osloboditi se nepotrebnih briga i strahova.<\/p>\n\n\n\n<p>Posljednjih mjeseci \u017eivimo svoje \u017eivote u svakodnevnom doticaju sa smr\u0107u, u svim njezinim oblicima i veli\u010dinama. Smrt ljudi razli\u010ditih dobi i uzrasta postaje dio na\u0161e svakodnevice. \u017divimo usred smrti, a oko nas ljudi pate od straha pred budu\u0107no\u0161\u0107u, usamljeno\u0161\u0107u, pred raspadom obitelji, nedostatkom zaposlenja, financijskim pote\u0161ko\u0107ama, pred o\u010dajem i bezna\u0111em. Sve ve\u0107i broj njih \u017eivi i umire, ne u\u017eivaju\u0107i u miru i sre\u0107i Uskrsa.<\/p>\n\n\n\n<p>Draga bra\u0107o i sestre! Uskrs je poziv na \u017eivot uskrsnu\u0107a. Uskrs nam pru\u017ea radosnu poruku da smo \u201enarod uskrsnu\u0107a\u201c. Nismo osu\u0111eni le\u017eati u grobu svojih grijeha, mr\u017enje, zlih navika, ovisnosti, o\u010daja, sumnje ili obeshrabrenja. Umjesto toga, od nas se o\u010dekuje da \u017eivimo radostan i miran \u017eivot, neprestano do\u017eivljavaju\u0107i stvarnu prisutnost uskrslog Gospodina u svim doga\u0111ajima na\u0161eg \u017eivota, pa i usred smrti, patnje, boli i napetosti svoga svakodnevnog \u017eivota.<\/p>\n\n\n\n<p>Stoga, slave\u0107i Uskrs predajmo svoj \u017eivot uskrslom Kristu. Tko umre s Kristom, uskrsnut \u0107e s njim na vje\u010dnu slavu! Budu\u0107i da je Uskrs simbol novoga \u017eivota, potrudimo se i mi da nam ovaj Uskrs bude novi po\u010detak. Ako ste bili daleko od Crkve, neka vam ovaj Uskrs bude novi po\u010detak. Ako ste bili daleko od svoje obitelji, neka vam ovaj Uskrs bude novi po\u010detak. Ako ste podlo\u017eni nekoj vrsti ovisnosti, neka ovaj Uskrs bude novi po\u010detak. Ako danas ni\u0161ta drugo ne \u010duje\u0161, sjeti se da ljudi koji susre\u0107u uskrslog Krista nikada nisu isti. S Kristom postajemo nove osobe, novo stvorenje. I kao \u0161to je Krist uskrsnuo od mrtvih po slavnoj O\u010devoj mo\u0107i, od sada i mi mo\u017eemo \u017eivjeti nove \u017eivote, jer Uskrsli Krist \u017eivi u nama i po nama.<\/p>\n\n\n\n<p>Svima vama koji svoje srce otvarate poruci Kristova uskrsnu\u0107a \u017eelim Sretan Uskrs!<\/p>\n\n\n\n<p>Izvor:kta<\/p>\n","protected":false},"excerpt":{"rendered":"<p>Uskrsnu poruku biskupa mostarsko duvanjskog i apostolskog upravitelja Trebinjsko-mrkanske biskupije mons. Petra Pali\u0107a prenosimo u cijelosti: Me\u0111u \u201esedam svjetskih \u010duda\u201c ubrajaju su egipatske piramide. To su velike grobnice, koje sadr\u017ee mumificirana tijela egipatskih faraona. Mnogi ljudi posje\u0107uju te grobnice, ali i grobnice poznatih osoba, politi\u010dara, filozofa, pisaca koje se nalaze u katedralnim, samostanskim i drugim [&hellip;]<\/p>\n","protected":false},"author":2,"featured_media":130959,"comment_status":"closed","ping_status":"closed","sticky":false,"template":"","format":"standard","meta":{"h5ap_radio_sources":[],"footnotes":""},"categories":[1],"tags":[],"class_list":["post-130958","post","type-post","status-publish","format-standard","has-post-thumbnail","hentry","category-bihiregija"],"yoast_head":"<!-- This site is optimized with the Yoast SEO plugin v27.5 - https:\/\/yoast.com\/product\/yoast-seo-wordpress\/ -->\n<title>Uskrsna poruka biskupa Petra Pali\u0107a - RADIO LJUBU\u0160KI<\/title>\n<meta name=\"robots\" content=\"index, follow, max-snippet:-1, max-image-preview:large, max-video-preview:-1\" \/>\n<link rel=\"canonical\" href=\"https:\/\/radioljubuski.ba\/index.php\/2022\/04\/10\/uskrsna-poruka-biskupa-petra-palica\/\" \/>\n<meta property=\"og:locale\" content=\"hr_HR\" \/>\n<meta property=\"og:type\" content=\"article\" \/>\n<meta property=\"og:title\" content=\"Uskrsna poruka biskupa Petra Pali\u0107a - RADIO LJUBU\u0160KI\" \/>\n<meta property=\"og:description\" content=\"Uskrsnu poruku biskupa mostarsko duvanjskog i apostolskog upravitelja Trebinjsko-mrkanske biskupije mons. Petra Pali\u0107a prenosimo u cijelosti: Me\u0111u \u201esedam svjetskih \u010duda\u201c ubrajaju su egipatske piramide. To su velike grobnice, koje sadr\u017ee mumificirana tijela egipatskih faraona. Mnogi ljudi posje\u0107uju te grobnice, ali i grobnice poznatih osoba, politi\u010dara, filozofa, pisaca koje se nalaze u katedralnim, samostanskim i drugim [&hellip;]\" \/>\n<meta property=\"og:url\" content=\"https:\/\/radioljubuski.ba\/index.php\/2022\/04\/10\/uskrsna-poruka-biskupa-petra-palica\/\" \/>\n<meta property=\"og:site_name\" content=\"RADIO LJUBU\u0160KI\" \/>\n<meta property=\"article:publisher\" content=\"https:\/\/www.facebook.com\/Radiio-Ljubuski-1490835324566332\" \/>\n<meta property=\"article:published_time\" content=\"2022-04-10T00:32:08+00:00\" \/>\n<meta property=\"article:modified_time\" content=\"2022-04-10T00:32:10+00:00\" \/>\n<meta property=\"og:image\" content=\"https:\/\/radioljubuski.ba\/wp-content\/uploads\/2022\/04\/palic.jpg\" \/>\n\t<meta property=\"og:image:width\" content=\"1024\" \/>\n\t<meta property=\"og:image:height\" content=\"768\" \/>\n\t<meta property=\"og:image:type\" content=\"image\/jpeg\" \/>\n<meta name=\"author\" content=\"Radio Ljubu\u0161ki\" \/>\n<meta name=\"twitter:card\" content=\"summary_large_image\" \/>\n<meta name=\"twitter:creator\" content=\"@radioljubuski\" \/>\n<meta name=\"twitter:site\" content=\"@radioljubuski\" \/>\n<meta name=\"twitter:label1\" content=\"Napisao\/la\" \/>\n\t<meta name=\"twitter:data1\" content=\"Radio Ljubu\u0161ki\" \/>\n\t<meta name=\"twitter:label2\" content=\"Procijenjeno vrijeme \u010ditanja\" \/>\n\t<meta name=\"twitter:data2\" content=\"3 minute\" \/>\n<script type=\"application\/ld+json\" class=\"yoast-schema-graph\">{\"@context\":\"https:\\\/\\\/schema.org\",\"@graph\":[{\"@type\":\"Article\",\"@id\":\"https:\\\/\\\/radioljubuski.ba\\\/index.php\\\/2022\\\/04\\\/10\\\/uskrsna-poruka-biskupa-petra-palica\\\/#article\",\"isPartOf\":{\"@id\":\"https:\\\/\\\/radioljubuski.ba\\\/index.php\\\/2022\\\/04\\\/10\\\/uskrsna-poruka-biskupa-petra-palica\\\/\"},\"author\":{\"name\":\"Radio Ljubu\u0161ki\",\"@id\":\"https:\\\/\\\/radioljubuski.ba\\\/#\\\/schema\\\/person\\\/19fc700381a780f69665d7956c469e3b\"},\"headline\":\"Uskrsna poruka biskupa Petra Pali\u0107a\",\"datePublished\":\"2022-04-10T00:32:08+00:00\",\"dateModified\":\"2022-04-10T00:32:10+00:00\",\"mainEntityOfPage\":{\"@id\":\"https:\\\/\\\/radioljubuski.ba\\\/index.php\\\/2022\\\/04\\\/10\\\/uskrsna-poruka-biskupa-petra-palica\\\/\"},\"wordCount\":611,\"publisher\":{\"@id\":\"https:\\\/\\\/radioljubuski.ba\\\/#organization\"},\"image\":{\"@id\":\"https:\\\/\\\/radioljubuski.ba\\\/index.php\\\/2022\\\/04\\\/10\\\/uskrsna-poruka-biskupa-petra-palica\\\/#primaryimage\"},\"thumbnailUrl\":\"https:\\\/\\\/radioljubuski.ba\\\/wp-content\\\/uploads\\\/2022\\\/04\\\/palic.jpg\",\"articleSection\":[\"BIH i regija\"],\"inLanguage\":\"hr\"},{\"@type\":\"WebPage\",\"@id\":\"https:\\\/\\\/radioljubuski.ba\\\/index.php\\\/2022\\\/04\\\/10\\\/uskrsna-poruka-biskupa-petra-palica\\\/\",\"url\":\"https:\\\/\\\/radioljubuski.ba\\\/index.php\\\/2022\\\/04\\\/10\\\/uskrsna-poruka-biskupa-petra-palica\\\/\",\"name\":\"Uskrsna poruka biskupa Petra Pali\u0107a - RADIO LJUBU\u0160KI\",\"isPartOf\":{\"@id\":\"https:\\\/\\\/radioljubuski.ba\\\/#website\"},\"primaryImageOfPage\":{\"@id\":\"https:\\\/\\\/radioljubuski.ba\\\/index.php\\\/2022\\\/04\\\/10\\\/uskrsna-poruka-biskupa-petra-palica\\\/#primaryimage\"},\"image\":{\"@id\":\"https:\\\/\\\/radioljubuski.ba\\\/index.php\\\/2022\\\/04\\\/10\\\/uskrsna-poruka-biskupa-petra-palica\\\/#primaryimage\"},\"thumbnailUrl\":\"https:\\\/\\\/radioljubuski.ba\\\/wp-content\\\/uploads\\\/2022\\\/04\\\/palic.jpg\",\"datePublished\":\"2022-04-10T00:32:08+00:00\",\"dateModified\":\"2022-04-10T00:32:10+00:00\",\"breadcrumb\":{\"@id\":\"https:\\\/\\\/radioljubuski.ba\\\/index.php\\\/2022\\\/04\\\/10\\\/uskrsna-poruka-biskupa-petra-palica\\\/#breadcrumb\"},\"inLanguage\":\"hr\",\"potentialAction\":[{\"@type\":\"ReadAction\",\"target\":[\"https:\\\/\\\/radioljubuski.ba\\\/index.php\\\/2022\\\/04\\\/10\\\/uskrsna-poruka-biskupa-petra-palica\\\/\"]}]},{\"@type\":\"ImageObject\",\"inLanguage\":\"hr\",\"@id\":\"https:\\\/\\\/radioljubuski.ba\\\/index.php\\\/2022\\\/04\\\/10\\\/uskrsna-poruka-biskupa-petra-palica\\\/#primaryimage\",\"url\":\"https:\\\/\\\/radioljubuski.ba\\\/wp-content\\\/uploads\\\/2022\\\/04\\\/palic.jpg\",\"contentUrl\":\"https:\\\/\\\/radioljubuski.ba\\\/wp-content\\\/uploads\\\/2022\\\/04\\\/palic.jpg\",\"width\":1024,\"height\":768},{\"@type\":\"BreadcrumbList\",\"@id\":\"https:\\\/\\\/radioljubuski.ba\\\/index.php\\\/2022\\\/04\\\/10\\\/uskrsna-poruka-biskupa-petra-palica\\\/#breadcrumb\",\"itemListElement\":[{\"@type\":\"ListItem\",\"position\":1,\"name\":\"Po\u010detna stranica\",\"item\":\"https:\\\/\\\/radioljubuski.ba\\\/\"},{\"@type\":\"ListItem\",\"position\":2,\"name\":\"Uskrsna poruka biskupa Petra Pali\u0107a\"}]},{\"@type\":\"WebSite\",\"@id\":\"https:\\\/\\\/radioljubuski.ba\\\/#website\",\"url\":\"https:\\\/\\\/radioljubuski.ba\\\/\",\"name\":\"Radio Ljubu\u0161ki\",\"description\":\"Sun\u010dana frekvencija Hercegovine\",\"publisher\":{\"@id\":\"https:\\\/\\\/radioljubuski.ba\\\/#organization\"},\"potentialAction\":[{\"@type\":\"SearchAction\",\"target\":{\"@type\":\"EntryPoint\",\"urlTemplate\":\"https:\\\/\\\/radioljubuski.ba\\\/?s={search_term_string}\"},\"query-input\":{\"@type\":\"PropertyValueSpecification\",\"valueRequired\":true,\"valueName\":\"search_term_string\"}}],\"inLanguage\":\"hr\"},{\"@type\":\"Organization\",\"@id\":\"https:\\\/\\\/radioljubuski.ba\\\/#organization\",\"name\":\"Radio Ljubu\u0161ki\",\"url\":\"https:\\\/\\\/radioljubuski.ba\\\/\",\"logo\":{\"@type\":\"ImageObject\",\"inLanguage\":\"hr\",\"@id\":\"https:\\\/\\\/radioljubuski.ba\\\/#\\\/schema\\\/logo\\\/image\\\/\",\"url\":\"https:\\\/\\\/radioljubuski.ba\\\/wp-content\\\/uploads\\\/2021\\\/02\\\/cropped-Radio_Ljubuski_logo1.jpg\",\"contentUrl\":\"https:\\\/\\\/radioljubuski.ba\\\/wp-content\\\/uploads\\\/2021\\\/02\\\/cropped-Radio_Ljubuski_logo1.jpg\",\"width\":512,\"height\":512,\"caption\":\"Radio Ljubu\u0161ki\"},\"image\":{\"@id\":\"https:\\\/\\\/radioljubuski.ba\\\/#\\\/schema\\\/logo\\\/image\\\/\"},\"sameAs\":[\"https:\\\/\\\/www.facebook.com\\\/Radiio-Ljubuski-1490835324566332\",\"https:\\\/\\\/x.com\\\/radioljubuski\",\"https:\\\/\\\/hr.linkedin.com\\\/company\\\/radio-ljubuski\",\"https:\\\/\\\/www.youtube.com\\\/channel\\\/UCHYaeO_n0Db3tjNGudGpXyw\"]},{\"@type\":\"Person\",\"@id\":\"https:\\\/\\\/radioljubuski.ba\\\/#\\\/schema\\\/person\\\/19fc700381a780f69665d7956c469e3b\",\"name\":\"Radio Ljubu\u0161ki\"}]}<\/script>\n<!-- \/ Yoast SEO plugin. -->","yoast_head_json":{"title":"Uskrsna poruka biskupa Petra Pali\u0107a - RADIO LJUBU\u0160KI","robots":{"index":"index","follow":"follow","max-snippet":"max-snippet:-1","max-image-preview":"max-image-preview:large","max-video-preview":"max-video-preview:-1"},"canonical":"https:\/\/radioljubuski.ba\/index.php\/2022\/04\/10\/uskrsna-poruka-biskupa-petra-palica\/","og_locale":"hr_HR","og_type":"article","og_title":"Uskrsna poruka biskupa Petra Pali\u0107a - RADIO LJUBU\u0160KI","og_description":"Uskrsnu poruku biskupa mostarsko duvanjskog i apostolskog upravitelja Trebinjsko-mrkanske biskupije mons. Petra Pali\u0107a prenosimo u cijelosti: Me\u0111u \u201esedam svjetskih \u010duda\u201c ubrajaju su egipatske piramide. To su velike grobnice, koje sadr\u017ee mumificirana tijela egipatskih faraona. Mnogi ljudi posje\u0107uju te grobnice, ali i grobnice poznatih osoba, politi\u010dara, filozofa, pisaca koje se nalaze u katedralnim, samostanskim i drugim [&hellip;]","og_url":"https:\/\/radioljubuski.ba\/index.php\/2022\/04\/10\/uskrsna-poruka-biskupa-petra-palica\/","og_site_name":"RADIO LJUBU\u0160KI","article_publisher":"https:\/\/www.facebook.com\/Radiio-Ljubuski-1490835324566332","article_published_time":"2022-04-10T00:32:08+00:00","article_modified_time":"2022-04-10T00:32:10+00:00","og_image":[{"width":1024,"height":768,"url":"https:\/\/radioljubuski.ba\/wp-content\/uploads\/2022\/04\/palic.jpg","type":"image\/jpeg"}],"author":"Radio Ljubu\u0161ki","twitter_card":"summary_large_image","twitter_creator":"@radioljubuski","twitter_site":"@radioljubuski","twitter_misc":{"Napisao\/la":"Radio Ljubu\u0161ki","Procijenjeno vrijeme \u010ditanja":"3 minute"},"schema":{"@context":"https:\/\/schema.org","@graph":[{"@type":"Article","@id":"https:\/\/radioljubuski.ba\/index.php\/2022\/04\/10\/uskrsna-poruka-biskupa-petra-palica\/#article","isPartOf":{"@id":"https:\/\/radioljubuski.ba\/index.php\/2022\/04\/10\/uskrsna-poruka-biskupa-petra-palica\/"},"author":{"name":"Radio Ljubu\u0161ki","@id":"https:\/\/radioljubuski.ba\/#\/schema\/person\/19fc700381a780f69665d7956c469e3b"},"headline":"Uskrsna poruka biskupa Petra Pali\u0107a","datePublished":"2022-04-10T00:32:08+00:00","dateModified":"2022-04-10T00:32:10+00:00","mainEntityOfPage":{"@id":"https:\/\/radioljubuski.ba\/index.php\/2022\/04\/10\/uskrsna-poruka-biskupa-petra-palica\/"},"wordCount":611,"publisher":{"@id":"https:\/\/radioljubuski.ba\/#organization"},"image":{"@id":"https:\/\/radioljubuski.ba\/index.php\/2022\/04\/10\/uskrsna-poruka-biskupa-petra-palica\/#primaryimage"},"thumbnailUrl":"https:\/\/radioljubuski.ba\/wp-content\/uploads\/2022\/04\/palic.jpg","articleSection":["BIH i regija"],"inLanguage":"hr"},{"@type":"WebPage","@id":"https:\/\/radioljubuski.ba\/index.php\/2022\/04\/10\/uskrsna-poruka-biskupa-petra-palica\/","url":"https:\/\/radioljubuski.ba\/index.php\/2022\/04\/10\/uskrsna-poruka-biskupa-petra-palica\/","name":"Uskrsna poruka biskupa Petra Pali\u0107a - RADIO LJUBU\u0160KI","isPartOf":{"@id":"https:\/\/radioljubuski.ba\/#website"},"primaryImageOfPage":{"@id":"https:\/\/radioljubuski.ba\/index.php\/2022\/04\/10\/uskrsna-poruka-biskupa-petra-palica\/#primaryimage"},"image":{"@id":"https:\/\/radioljubuski.ba\/index.php\/2022\/04\/10\/uskrsna-poruka-biskupa-petra-palica\/#primaryimage"},"thumbnailUrl":"https:\/\/radioljubuski.ba\/wp-content\/uploads\/2022\/04\/palic.jpg","datePublished":"2022-04-10T00:32:08+00:00","dateModified":"2022-04-10T00:32:10+00:00","breadcrumb":{"@id":"https:\/\/radioljubuski.ba\/index.php\/2022\/04\/10\/uskrsna-poruka-biskupa-petra-palica\/#breadcrumb"},"inLanguage":"hr","potentialAction":[{"@type":"ReadAction","target":["https:\/\/radioljubuski.ba\/index.php\/2022\/04\/10\/uskrsna-poruka-biskupa-petra-palica\/"]}]},{"@type":"ImageObject","inLanguage":"hr","@id":"https:\/\/radioljubuski.ba\/index.php\/2022\/04\/10\/uskrsna-poruka-biskupa-petra-palica\/#primaryimage","url":"https:\/\/radioljubuski.ba\/wp-content\/uploads\/2022\/04\/palic.jpg","contentUrl":"https:\/\/radioljubuski.ba\/wp-content\/uploads\/2022\/04\/palic.jpg","width":1024,"height":768},{"@type":"BreadcrumbList","@id":"https:\/\/radioljubuski.ba\/index.php\/2022\/04\/10\/uskrsna-poruka-biskupa-petra-palica\/#breadcrumb","itemListElement":[{"@type":"ListItem","position":1,"name":"Po\u010detna stranica","item":"https:\/\/radioljubuski.ba\/"},{"@type":"ListItem","position":2,"name":"Uskrsna poruka biskupa Petra Pali\u0107a"}]},{"@type":"WebSite","@id":"https:\/\/radioljubuski.ba\/#website","url":"https:\/\/radioljubuski.ba\/","name":"Radio Ljubu\u0161ki","description":"Sun\u010dana frekvencija Hercegovine","publisher":{"@id":"https:\/\/radioljubuski.ba\/#organization"},"potentialAction":[{"@type":"SearchAction","target":{"@type":"EntryPoint","urlTemplate":"https:\/\/radioljubuski.ba\/?s={search_term_string}"},"query-input":{"@type":"PropertyValueSpecification","valueRequired":true,"valueName":"search_term_string"}}],"inLanguage":"hr"},{"@type":"Organization","@id":"https:\/\/radioljubuski.ba\/#organization","name":"Radio Ljubu\u0161ki","url":"https:\/\/radioljubuski.ba\/","logo":{"@type":"ImageObject","inLanguage":"hr","@id":"https:\/\/radioljubuski.ba\/#\/schema\/logo\/image\/","url":"https:\/\/radioljubuski.ba\/wp-content\/uploads\/2021\/02\/cropped-Radio_Ljubuski_logo1.jpg","contentUrl":"https:\/\/radioljubuski.ba\/wp-content\/uploads\/2021\/02\/cropped-Radio_Ljubuski_logo1.jpg","width":512,"height":512,"caption":"Radio Ljubu\u0161ki"},"image":{"@id":"https:\/\/radioljubuski.ba\/#\/schema\/logo\/image\/"},"sameAs":["https:\/\/www.facebook.com\/Radiio-Ljubuski-1490835324566332","https:\/\/x.com\/radioljubuski","https:\/\/hr.linkedin.com\/company\/radio-ljubuski","https:\/\/www.youtube.com\/channel\/UCHYaeO_n0Db3tjNGudGpXyw"]},{"@type":"Person","@id":"https:\/\/radioljubuski.ba\/#\/schema\/person\/19fc700381a780f69665d7956c469e3b","name":"Radio Ljubu\u0161ki"}]}},"_links":{"self":[{"href":"https:\/\/radioljubuski.ba\/index.php\/wp-json\/wp\/v2\/posts\/130958","targetHints":{"allow":["GET"]}}],"collection":[{"href":"https:\/\/radioljubuski.ba\/index.php\/wp-json\/wp\/v2\/posts"}],"about":[{"href":"https:\/\/radioljubuski.ba\/index.php\/wp-json\/wp\/v2\/types\/post"}],"author":[{"embeddable":true,"href":"https:\/\/radioljubuski.ba\/index.php\/wp-json\/wp\/v2\/users\/2"}],"replies":[{"embeddable":true,"href":"https:\/\/radioljubuski.ba\/index.php\/wp-json\/wp\/v2\/comments?post=130958"}],"version-history":[{"count":1,"href":"https:\/\/radioljubuski.ba\/index.php\/wp-json\/wp\/v2\/posts\/130958\/revisions"}],"predecessor-version":[{"id":130960,"href":"https:\/\/radioljubuski.ba\/index.php\/wp-json\/wp\/v2\/posts\/130958\/revisions\/130960"}],"wp:featuredmedia":[{"embeddable":true,"href":"https:\/\/radioljubuski.ba\/index.php\/wp-json\/wp\/v2\/media\/130959"}],"wp:attachment":[{"href":"https:\/\/radioljubuski.ba\/index.php\/wp-json\/wp\/v2\/media?parent=130958"}],"wp:term":[{"taxonomy":"category","embeddable":true,"href":"https:\/\/radioljubuski.ba\/index.php\/wp-json\/wp\/v2\/categories?post=130958"},{"taxonomy":"post_tag","embeddable":true,"href":"https:\/\/radioljubuski.ba\/index.php\/wp-json\/wp\/v2\/tags?post=130958"}],"curies":[{"name":"wp","href":"https:\/\/api.w.org\/{rel}","templated":true}]}}