{"id":130961,"date":"2022-04-10T01:35:03","date_gmt":"2022-04-10T00:35:03","guid":{"rendered":"https:\/\/radioljubuski.ba\/?p=130961"},"modified":"2022-04-10T01:35:04","modified_gmt":"2022-04-10T00:35:04","slug":"nakon-5-dana-putovanja-u-malom-automobilu-s-kcerima-stigla-u-zadar","status":"publish","type":"post","link":"https:\/\/radioljubuski.ba\/index.php\/2022\/04\/10\/nakon-5-dana-putovanja-u-malom-automobilu-s-kcerima-stigla-u-zadar\/","title":{"rendered":"Nakon 5 dana putovanja u malom automobilu s k\u0107erima stigla u Zadar"},"content":{"rendered":"\n<p><strong>Nakon 5 dana putovanja u malom automobilu od Kijeva, Viktoria je s dvije k\u0107eri stigla u Zadar, na Bili brig. Tre\u0107a k\u0107i joj je u Njema\u010dkoj, ali i ona sti\u017ee u Hrvatsku. Suprug je ostao u Ukrajini i prevozi ljude od granice do Kijeva i natrag.<\/strong><\/p>\n\n\n\n<p>Devetogodi\u0161nja\u00a0<strong>Anastasia<\/strong>, dijete s posebnim potrebama, po\u010detkom o\u017eujka boravila je u improviziranom skloni\u0161tu u blizini Kijeva. Sada joj je na zadarskom Bilom brigu &#8211; briga online nastava iz matematike. Njezina u\u010diteljica jo\u0161 je u Ukrajini.<br><br>Djeca se brzo prilago\u0111avaju. Lutka iz Ukrajine, pli\u0161anac iz Hrvatske. Ve\u0107 je bila i na zadarskom bazenu.<br><br>No majci Viktoriji i sestri Alini mnogo je te\u017ee. Viktorija je pokraj Kijeva izgubila brata, ukrajinskog branitelja.<br><br>\u00a0&#8211; Moj brat poginuo je 10. o\u017eujka. I sada je \u010detvero djece ostalo bez oca, ka\u017ee\u00a0<strong>Viktoria Arnautova<\/strong>.<br><br>Suprug joj je u domovini zadu\u017een za transport svega i sva\u010dega od Kijeva do granice. Ipak, Viktoria gleda unaprijed, \u017eeli biti ovdje korisna kao psiholog.<br><br>&#8211; Mi planiramo ovdje razgranati mre\u017eu psiholo\u0161ke pomo\u0107i, ka\u017ee.<br><br>Kijevljanka\u00a0<strong>Alina Arnautova\u00a0<\/strong>(27)\u00a0vjerovali ili ne, udala se za ukrajinskog branitelja, svoju ljubav, u Lavovu, 24. o\u017eujka. Iz Zadra je vozila, ni sama ne zna koliko, i potpisala papir. Vjen\u010danje je trajalo pet minuta.<br><br>&#8211; Da. U trapericama i vesti. On je oti\u0161ao u vojsku, ka\u017ee za HTV.<br><br>U trenutnom su apartmanu zavr\u0161ile, kako to ve\u0107 biva, zahvaljuju\u0107i prijatelju prijatelja. Tre\u0107a k\u0107i, ina\u010de \u0161ampionka u skokovima u vodu, od ratnog vihora pobjegla je u Njema\u010dku. Zadrani su ih ganuli.<br><br>&#8211; \u010cim je \u010dula u du\u0107anu da pri\u010dam ukrajinski, kazala je &#8216;ja \u0107u za vas platiti&#8217;, pri\u010da Viktoria.<br><br>&#8211; Ljudi pla\u010du s nama, ka\u017eu ova majka i k\u0107er.<br><br>Zadarskom Bilom brigu velika srca, ova novope\u010dena nevjesta, zahvalila je ukrajinskom narodnom pjesmom.<br><br>Pogledajte video:<\/p>\n\n\n\n<div style=\"width: 640px;\" class=\"wp-video\"><video class=\"wp-video-shortcode\" id=\"video-130961-1\" width=\"640\" height=\"360\" preload=\"metadata\" controls=\"controls\"><source type=\"video\/mp4\" src=\"https:\/\/api.hrt.hr\/media\/db\/83\/zadar-kijev-20220409103927.mp4?_=1\" \/><a href=\"https:\/\/api.hrt.hr\/media\/db\/83\/zadar-kijev-20220409103927.mp4\">https:\/\/api.hrt.hr\/media\/db\/83\/zadar-kijev-20220409103927.mp4<\/a><\/video><\/div>\n\n\n\n<p>Izvor:hrt.hr<\/p>\n","protected":false},"excerpt":{"rendered":"<p>Nakon 5 dana putovanja u malom automobilu od Kijeva, Viktoria je s dvije k\u0107eri stigla u Zadar, na Bili brig. Tre\u0107a k\u0107i joj je u Njema\u010dkoj, ali i ona sti\u017ee u Hrvatsku. Suprug je ostao u Ukrajini i prevozi ljude od granice do Kijeva i natrag. Devetogodi\u0161nja\u00a0Anastasia, dijete s posebnim potrebama, po\u010detkom o\u017eujka boravila je [&hellip;]<\/p>\n","protected":false},"author":2,"featured_media":130962,"comment_status":"closed","ping_status":"closed","sticky":false,"template":"","format":"standard","meta":{"h5ap_radio_sources":[],"footnotes":""},"categories":[1],"tags":[],"class_list":["post-130961","post","type-post","status-publish","format-standard","has-post-thumbnail","hentry","category-bihiregija"],"yoast_head":"<!-- This site is optimized with the Yoast SEO plugin v27.5 - https:\/\/yoast.com\/product\/yoast-seo-wordpress\/ -->\n<title>Nakon 5 dana putovanja u malom automobilu s k\u0107erima stigla u Zadar - RADIO LJUBU\u0160KI<\/title>\n<meta name=\"robots\" content=\"index, follow, max-snippet:-1, max-image-preview:large, max-video-preview:-1\" \/>\n<link rel=\"canonical\" href=\"https:\/\/radioljubuski.ba\/index.php\/2022\/04\/10\/nakon-5-dana-putovanja-u-malom-automobilu-s-kcerima-stigla-u-zadar\/\" \/>\n<meta property=\"og:locale\" content=\"hr_HR\" \/>\n<meta property=\"og:type\" content=\"article\" \/>\n<meta property=\"og:title\" content=\"Nakon 5 dana putovanja u malom automobilu s k\u0107erima stigla u Zadar - RADIO LJUBU\u0160KI\" \/>\n<meta property=\"og:description\" content=\"Nakon 5 dana putovanja u malom automobilu od Kijeva, Viktoria je s dvije k\u0107eri stigla u Zadar, na Bili brig. Tre\u0107a k\u0107i joj je u Njema\u010dkoj, ali i ona sti\u017ee u Hrvatsku. Suprug je ostao u Ukrajini i prevozi ljude od granice do Kijeva i natrag. Devetogodi\u0161nja\u00a0Anastasia, dijete s posebnim potrebama, po\u010detkom o\u017eujka boravila je [&hellip;]\" \/>\n<meta property=\"og:url\" content=\"https:\/\/radioljubuski.ba\/index.php\/2022\/04\/10\/nakon-5-dana-putovanja-u-malom-automobilu-s-kcerima-stigla-u-zadar\/\" \/>\n<meta property=\"og:site_name\" content=\"RADIO LJUBU\u0160KI\" \/>\n<meta property=\"article:publisher\" content=\"https:\/\/www.facebook.com\/Radiio-Ljubuski-1490835324566332\" \/>\n<meta property=\"article:published_time\" content=\"2022-04-10T00:35:03+00:00\" \/>\n<meta property=\"article:modified_time\" content=\"2022-04-10T00:35:04+00:00\" \/>\n<meta property=\"og:image\" content=\"https:\/\/radioljubuski.ba\/wp-content\/uploads\/2022\/04\/zadar-kijev-frame-2142-20220409103113.jpg\" \/>\n\t<meta property=\"og:image:width\" content=\"1920\" \/>\n\t<meta property=\"og:image:height\" content=\"1080\" \/>\n\t<meta property=\"og:image:type\" content=\"image\/jpeg\" \/>\n<meta name=\"author\" content=\"Radio Ljubu\u0161ki\" \/>\n<meta name=\"twitter:card\" content=\"summary_large_image\" \/>\n<meta name=\"twitter:creator\" content=\"@radioljubuski\" \/>\n<meta name=\"twitter:site\" content=\"@radioljubuski\" \/>\n<meta name=\"twitter:label1\" content=\"Napisao\/la\" \/>\n\t<meta name=\"twitter:data1\" content=\"Radio Ljubu\u0161ki\" \/>\n\t<meta name=\"twitter:label2\" content=\"Procijenjeno vrijeme \u010ditanja\" \/>\n\t<meta name=\"twitter:data2\" content=\"2 minute\" \/>\n<script type=\"application\/ld+json\" class=\"yoast-schema-graph\">{\"@context\":\"https:\\\/\\\/schema.org\",\"@graph\":[{\"@type\":\"Article\",\"@id\":\"https:\\\/\\\/radioljubuski.ba\\\/index.php\\\/2022\\\/04\\\/10\\\/nakon-5-dana-putovanja-u-malom-automobilu-s-kcerima-stigla-u-zadar\\\/#article\",\"isPartOf\":{\"@id\":\"https:\\\/\\\/radioljubuski.ba\\\/index.php\\\/2022\\\/04\\\/10\\\/nakon-5-dana-putovanja-u-malom-automobilu-s-kcerima-stigla-u-zadar\\\/\"},\"author\":{\"name\":\"Radio Ljubu\u0161ki\",\"@id\":\"https:\\\/\\\/radioljubuski.ba\\\/#\\\/schema\\\/person\\\/19fc700381a780f69665d7956c469e3b\"},\"headline\":\"Nakon 5 dana putovanja u malom automobilu s k\u0107erima stigla u Zadar\",\"datePublished\":\"2022-04-10T00:35:03+00:00\",\"dateModified\":\"2022-04-10T00:35:04+00:00\",\"mainEntityOfPage\":{\"@id\":\"https:\\\/\\\/radioljubuski.ba\\\/index.php\\\/2022\\\/04\\\/10\\\/nakon-5-dana-putovanja-u-malom-automobilu-s-kcerima-stigla-u-zadar\\\/\"},\"wordCount\":347,\"publisher\":{\"@id\":\"https:\\\/\\\/radioljubuski.ba\\\/#organization\"},\"image\":{\"@id\":\"https:\\\/\\\/radioljubuski.ba\\\/index.php\\\/2022\\\/04\\\/10\\\/nakon-5-dana-putovanja-u-malom-automobilu-s-kcerima-stigla-u-zadar\\\/#primaryimage\"},\"thumbnailUrl\":\"https:\\\/\\\/radioljubuski.ba\\\/wp-content\\\/uploads\\\/2022\\\/04\\\/zadar-kijev-frame-2142-20220409103113.jpg\",\"articleSection\":[\"BIH i regija\"],\"inLanguage\":\"hr\"},{\"@type\":\"WebPage\",\"@id\":\"https:\\\/\\\/radioljubuski.ba\\\/index.php\\\/2022\\\/04\\\/10\\\/nakon-5-dana-putovanja-u-malom-automobilu-s-kcerima-stigla-u-zadar\\\/\",\"url\":\"https:\\\/\\\/radioljubuski.ba\\\/index.php\\\/2022\\\/04\\\/10\\\/nakon-5-dana-putovanja-u-malom-automobilu-s-kcerima-stigla-u-zadar\\\/\",\"name\":\"Nakon 5 dana putovanja u malom automobilu s k\u0107erima stigla u Zadar - RADIO LJUBU\u0160KI\",\"isPartOf\":{\"@id\":\"https:\\\/\\\/radioljubuski.ba\\\/#website\"},\"primaryImageOfPage\":{\"@id\":\"https:\\\/\\\/radioljubuski.ba\\\/index.php\\\/2022\\\/04\\\/10\\\/nakon-5-dana-putovanja-u-malom-automobilu-s-kcerima-stigla-u-zadar\\\/#primaryimage\"},\"image\":{\"@id\":\"https:\\\/\\\/radioljubuski.ba\\\/index.php\\\/2022\\\/04\\\/10\\\/nakon-5-dana-putovanja-u-malom-automobilu-s-kcerima-stigla-u-zadar\\\/#primaryimage\"},\"thumbnailUrl\":\"https:\\\/\\\/radioljubuski.ba\\\/wp-content\\\/uploads\\\/2022\\\/04\\\/zadar-kijev-frame-2142-20220409103113.jpg\",\"datePublished\":\"2022-04-10T00:35:03+00:00\",\"dateModified\":\"2022-04-10T00:35:04+00:00\",\"breadcrumb\":{\"@id\":\"https:\\\/\\\/radioljubuski.ba\\\/index.php\\\/2022\\\/04\\\/10\\\/nakon-5-dana-putovanja-u-malom-automobilu-s-kcerima-stigla-u-zadar\\\/#breadcrumb\"},\"inLanguage\":\"hr\",\"potentialAction\":[{\"@type\":\"ReadAction\",\"target\":[\"https:\\\/\\\/radioljubuski.ba\\\/index.php\\\/2022\\\/04\\\/10\\\/nakon-5-dana-putovanja-u-malom-automobilu-s-kcerima-stigla-u-zadar\\\/\"]}]},{\"@type\":\"ImageObject\",\"inLanguage\":\"hr\",\"@id\":\"https:\\\/\\\/radioljubuski.ba\\\/index.php\\\/2022\\\/04\\\/10\\\/nakon-5-dana-putovanja-u-malom-automobilu-s-kcerima-stigla-u-zadar\\\/#primaryimage\",\"url\":\"https:\\\/\\\/radioljubuski.ba\\\/wp-content\\\/uploads\\\/2022\\\/04\\\/zadar-kijev-frame-2142-20220409103113.jpg\",\"contentUrl\":\"https:\\\/\\\/radioljubuski.ba\\\/wp-content\\\/uploads\\\/2022\\\/04\\\/zadar-kijev-frame-2142-20220409103113.jpg\",\"width\":1920,\"height\":1080},{\"@type\":\"BreadcrumbList\",\"@id\":\"https:\\\/\\\/radioljubuski.ba\\\/index.php\\\/2022\\\/04\\\/10\\\/nakon-5-dana-putovanja-u-malom-automobilu-s-kcerima-stigla-u-zadar\\\/#breadcrumb\",\"itemListElement\":[{\"@type\":\"ListItem\",\"position\":1,\"name\":\"Po\u010detna stranica\",\"item\":\"https:\\\/\\\/radioljubuski.ba\\\/\"},{\"@type\":\"ListItem\",\"position\":2,\"name\":\"Nakon 5 dana putovanja u malom automobilu s k\u0107erima stigla u Zadar\"}]},{\"@type\":\"WebSite\",\"@id\":\"https:\\\/\\\/radioljubuski.ba\\\/#website\",\"url\":\"https:\\\/\\\/radioljubuski.ba\\\/\",\"name\":\"Radio Ljubu\u0161ki\",\"description\":\"Sun\u010dana frekvencija Hercegovine\",\"publisher\":{\"@id\":\"https:\\\/\\\/radioljubuski.ba\\\/#organization\"},\"potentialAction\":[{\"@type\":\"SearchAction\",\"target\":{\"@type\":\"EntryPoint\",\"urlTemplate\":\"https:\\\/\\\/radioljubuski.ba\\\/?s={search_term_string}\"},\"query-input\":{\"@type\":\"PropertyValueSpecification\",\"valueRequired\":true,\"valueName\":\"search_term_string\"}}],\"inLanguage\":\"hr\"},{\"@type\":\"Organization\",\"@id\":\"https:\\\/\\\/radioljubuski.ba\\\/#organization\",\"name\":\"Radio Ljubu\u0161ki\",\"url\":\"https:\\\/\\\/radioljubuski.ba\\\/\",\"logo\":{\"@type\":\"ImageObject\",\"inLanguage\":\"hr\",\"@id\":\"https:\\\/\\\/radioljubuski.ba\\\/#\\\/schema\\\/logo\\\/image\\\/\",\"url\":\"https:\\\/\\\/radioljubuski.ba\\\/wp-content\\\/uploads\\\/2021\\\/02\\\/cropped-Radio_Ljubuski_logo1.jpg\",\"contentUrl\":\"https:\\\/\\\/radioljubuski.ba\\\/wp-content\\\/uploads\\\/2021\\\/02\\\/cropped-Radio_Ljubuski_logo1.jpg\",\"width\":512,\"height\":512,\"caption\":\"Radio Ljubu\u0161ki\"},\"image\":{\"@id\":\"https:\\\/\\\/radioljubuski.ba\\\/#\\\/schema\\\/logo\\\/image\\\/\"},\"sameAs\":[\"https:\\\/\\\/www.facebook.com\\\/Radiio-Ljubuski-1490835324566332\",\"https:\\\/\\\/x.com\\\/radioljubuski\",\"https:\\\/\\\/hr.linkedin.com\\\/company\\\/radio-ljubuski\",\"https:\\\/\\\/www.youtube.com\\\/channel\\\/UCHYaeO_n0Db3tjNGudGpXyw\"]},{\"@type\":\"Person\",\"@id\":\"https:\\\/\\\/radioljubuski.ba\\\/#\\\/schema\\\/person\\\/19fc700381a780f69665d7956c469e3b\",\"name\":\"Radio Ljubu\u0161ki\"}]}<\/script>\n<!-- \/ Yoast SEO plugin. -->","yoast_head_json":{"title":"Nakon 5 dana putovanja u malom automobilu s k\u0107erima stigla u Zadar - RADIO LJUBU\u0160KI","robots":{"index":"index","follow":"follow","max-snippet":"max-snippet:-1","max-image-preview":"max-image-preview:large","max-video-preview":"max-video-preview:-1"},"canonical":"https:\/\/radioljubuski.ba\/index.php\/2022\/04\/10\/nakon-5-dana-putovanja-u-malom-automobilu-s-kcerima-stigla-u-zadar\/","og_locale":"hr_HR","og_type":"article","og_title":"Nakon 5 dana putovanja u malom automobilu s k\u0107erima stigla u Zadar - RADIO LJUBU\u0160KI","og_description":"Nakon 5 dana putovanja u malom automobilu od Kijeva, Viktoria je s dvije k\u0107eri stigla u Zadar, na Bili brig. Tre\u0107a k\u0107i joj je u Njema\u010dkoj, ali i ona sti\u017ee u Hrvatsku. Suprug je ostao u Ukrajini i prevozi ljude od granice do Kijeva i natrag. Devetogodi\u0161nja\u00a0Anastasia, dijete s posebnim potrebama, po\u010detkom o\u017eujka boravila je [&hellip;]","og_url":"https:\/\/radioljubuski.ba\/index.php\/2022\/04\/10\/nakon-5-dana-putovanja-u-malom-automobilu-s-kcerima-stigla-u-zadar\/","og_site_name":"RADIO LJUBU\u0160KI","article_publisher":"https:\/\/www.facebook.com\/Radiio-Ljubuski-1490835324566332","article_published_time":"2022-04-10T00:35:03+00:00","article_modified_time":"2022-04-10T00:35:04+00:00","og_image":[{"width":1920,"height":1080,"url":"https:\/\/radioljubuski.ba\/wp-content\/uploads\/2022\/04\/zadar-kijev-frame-2142-20220409103113.jpg","type":"image\/jpeg"}],"author":"Radio Ljubu\u0161ki","twitter_card":"summary_large_image","twitter_creator":"@radioljubuski","twitter_site":"@radioljubuski","twitter_misc":{"Napisao\/la":"Radio Ljubu\u0161ki","Procijenjeno vrijeme \u010ditanja":"2 minute"},"schema":{"@context":"https:\/\/schema.org","@graph":[{"@type":"Article","@id":"https:\/\/radioljubuski.ba\/index.php\/2022\/04\/10\/nakon-5-dana-putovanja-u-malom-automobilu-s-kcerima-stigla-u-zadar\/#article","isPartOf":{"@id":"https:\/\/radioljubuski.ba\/index.php\/2022\/04\/10\/nakon-5-dana-putovanja-u-malom-automobilu-s-kcerima-stigla-u-zadar\/"},"author":{"name":"Radio Ljubu\u0161ki","@id":"https:\/\/radioljubuski.ba\/#\/schema\/person\/19fc700381a780f69665d7956c469e3b"},"headline":"Nakon 5 dana putovanja u malom automobilu s k\u0107erima stigla u Zadar","datePublished":"2022-04-10T00:35:03+00:00","dateModified":"2022-04-10T00:35:04+00:00","mainEntityOfPage":{"@id":"https:\/\/radioljubuski.ba\/index.php\/2022\/04\/10\/nakon-5-dana-putovanja-u-malom-automobilu-s-kcerima-stigla-u-zadar\/"},"wordCount":347,"publisher":{"@id":"https:\/\/radioljubuski.ba\/#organization"},"image":{"@id":"https:\/\/radioljubuski.ba\/index.php\/2022\/04\/10\/nakon-5-dana-putovanja-u-malom-automobilu-s-kcerima-stigla-u-zadar\/#primaryimage"},"thumbnailUrl":"https:\/\/radioljubuski.ba\/wp-content\/uploads\/2022\/04\/zadar-kijev-frame-2142-20220409103113.jpg","articleSection":["BIH i regija"],"inLanguage":"hr"},{"@type":"WebPage","@id":"https:\/\/radioljubuski.ba\/index.php\/2022\/04\/10\/nakon-5-dana-putovanja-u-malom-automobilu-s-kcerima-stigla-u-zadar\/","url":"https:\/\/radioljubuski.ba\/index.php\/2022\/04\/10\/nakon-5-dana-putovanja-u-malom-automobilu-s-kcerima-stigla-u-zadar\/","name":"Nakon 5 dana putovanja u malom automobilu s k\u0107erima stigla u Zadar - RADIO LJUBU\u0160KI","isPartOf":{"@id":"https:\/\/radioljubuski.ba\/#website"},"primaryImageOfPage":{"@id":"https:\/\/radioljubuski.ba\/index.php\/2022\/04\/10\/nakon-5-dana-putovanja-u-malom-automobilu-s-kcerima-stigla-u-zadar\/#primaryimage"},"image":{"@id":"https:\/\/radioljubuski.ba\/index.php\/2022\/04\/10\/nakon-5-dana-putovanja-u-malom-automobilu-s-kcerima-stigla-u-zadar\/#primaryimage"},"thumbnailUrl":"https:\/\/radioljubuski.ba\/wp-content\/uploads\/2022\/04\/zadar-kijev-frame-2142-20220409103113.jpg","datePublished":"2022-04-10T00:35:03+00:00","dateModified":"2022-04-10T00:35:04+00:00","breadcrumb":{"@id":"https:\/\/radioljubuski.ba\/index.php\/2022\/04\/10\/nakon-5-dana-putovanja-u-malom-automobilu-s-kcerima-stigla-u-zadar\/#breadcrumb"},"inLanguage":"hr","potentialAction":[{"@type":"ReadAction","target":["https:\/\/radioljubuski.ba\/index.php\/2022\/04\/10\/nakon-5-dana-putovanja-u-malom-automobilu-s-kcerima-stigla-u-zadar\/"]}]},{"@type":"ImageObject","inLanguage":"hr","@id":"https:\/\/radioljubuski.ba\/index.php\/2022\/04\/10\/nakon-5-dana-putovanja-u-malom-automobilu-s-kcerima-stigla-u-zadar\/#primaryimage","url":"https:\/\/radioljubuski.ba\/wp-content\/uploads\/2022\/04\/zadar-kijev-frame-2142-20220409103113.jpg","contentUrl":"https:\/\/radioljubuski.ba\/wp-content\/uploads\/2022\/04\/zadar-kijev-frame-2142-20220409103113.jpg","width":1920,"height":1080},{"@type":"BreadcrumbList","@id":"https:\/\/radioljubuski.ba\/index.php\/2022\/04\/10\/nakon-5-dana-putovanja-u-malom-automobilu-s-kcerima-stigla-u-zadar\/#breadcrumb","itemListElement":[{"@type":"ListItem","position":1,"name":"Po\u010detna stranica","item":"https:\/\/radioljubuski.ba\/"},{"@type":"ListItem","position":2,"name":"Nakon 5 dana putovanja u malom automobilu s k\u0107erima stigla u Zadar"}]},{"@type":"WebSite","@id":"https:\/\/radioljubuski.ba\/#website","url":"https:\/\/radioljubuski.ba\/","name":"Radio Ljubu\u0161ki","description":"Sun\u010dana frekvencija Hercegovine","publisher":{"@id":"https:\/\/radioljubuski.ba\/#organization"},"potentialAction":[{"@type":"SearchAction","target":{"@type":"EntryPoint","urlTemplate":"https:\/\/radioljubuski.ba\/?s={search_term_string}"},"query-input":{"@type":"PropertyValueSpecification","valueRequired":true,"valueName":"search_term_string"}}],"inLanguage":"hr"},{"@type":"Organization","@id":"https:\/\/radioljubuski.ba\/#organization","name":"Radio Ljubu\u0161ki","url":"https:\/\/radioljubuski.ba\/","logo":{"@type":"ImageObject","inLanguage":"hr","@id":"https:\/\/radioljubuski.ba\/#\/schema\/logo\/image\/","url":"https:\/\/radioljubuski.ba\/wp-content\/uploads\/2021\/02\/cropped-Radio_Ljubuski_logo1.jpg","contentUrl":"https:\/\/radioljubuski.ba\/wp-content\/uploads\/2021\/02\/cropped-Radio_Ljubuski_logo1.jpg","width":512,"height":512,"caption":"Radio Ljubu\u0161ki"},"image":{"@id":"https:\/\/radioljubuski.ba\/#\/schema\/logo\/image\/"},"sameAs":["https:\/\/www.facebook.com\/Radiio-Ljubuski-1490835324566332","https:\/\/x.com\/radioljubuski","https:\/\/hr.linkedin.com\/company\/radio-ljubuski","https:\/\/www.youtube.com\/channel\/UCHYaeO_n0Db3tjNGudGpXyw"]},{"@type":"Person","@id":"https:\/\/radioljubuski.ba\/#\/schema\/person\/19fc700381a780f69665d7956c469e3b","name":"Radio Ljubu\u0161ki"}]}},"_links":{"self":[{"href":"https:\/\/radioljubuski.ba\/index.php\/wp-json\/wp\/v2\/posts\/130961","targetHints":{"allow":["GET"]}}],"collection":[{"href":"https:\/\/radioljubuski.ba\/index.php\/wp-json\/wp\/v2\/posts"}],"about":[{"href":"https:\/\/radioljubuski.ba\/index.php\/wp-json\/wp\/v2\/types\/post"}],"author":[{"embeddable":true,"href":"https:\/\/radioljubuski.ba\/index.php\/wp-json\/wp\/v2\/users\/2"}],"replies":[{"embeddable":true,"href":"https:\/\/radioljubuski.ba\/index.php\/wp-json\/wp\/v2\/comments?post=130961"}],"version-history":[{"count":1,"href":"https:\/\/radioljubuski.ba\/index.php\/wp-json\/wp\/v2\/posts\/130961\/revisions"}],"predecessor-version":[{"id":130963,"href":"https:\/\/radioljubuski.ba\/index.php\/wp-json\/wp\/v2\/posts\/130961\/revisions\/130963"}],"wp:featuredmedia":[{"embeddable":true,"href":"https:\/\/radioljubuski.ba\/index.php\/wp-json\/wp\/v2\/media\/130962"}],"wp:attachment":[{"href":"https:\/\/radioljubuski.ba\/index.php\/wp-json\/wp\/v2\/media?parent=130961"}],"wp:term":[{"taxonomy":"category","embeddable":true,"href":"https:\/\/radioljubuski.ba\/index.php\/wp-json\/wp\/v2\/categories?post=130961"},{"taxonomy":"post_tag","embeddable":true,"href":"https:\/\/radioljubuski.ba\/index.php\/wp-json\/wp\/v2\/tags?post=130961"}],"curies":[{"name":"wp","href":"https:\/\/api.w.org\/{rel}","templated":true}]}}