{"id":130966,"date":"2022-04-10T01:39:50","date_gmt":"2022-04-10T00:39:50","guid":{"rendered":"https:\/\/radioljubuski.ba\/?p=130966"},"modified":"2022-04-10T01:39:51","modified_gmt":"2022-04-10T00:39:51","slug":"pravobraniteljica-lani-ubijeno-troje-djece-sedmero-je-pocinilo-suicid","status":"publish","type":"post","link":"https:\/\/radioljubuski.ba\/index.php\/2022\/04\/10\/pravobraniteljica-lani-ubijeno-troje-djece-sedmero-je-pocinilo-suicid\/","title":{"rendered":"Pravobraniteljica: Lani ubijeno troje djece, sedmero je po\u010dinilo suicid"},"content":{"rendered":"\n<p><strong>U pro\u0161loj godini ubijeno je troje djece, sedmero je po\u010dinilo samoubojstvo, a 63 je to poku\u0161alo, dok je 17 djece izgubilo \u017eivot u prometu, navodi pravobraniteljica za djecu u godi\u0161njem izvje\u0161\u0107u, pozivaju\u0107i se na podatke MUP-a.<\/strong><\/p>\n\n\n\n<p>Godinu 2021. obilje\u017eila su smrtna stradanja djece, upozorava u izvje\u0161\u0107u<strong>\u00a0Helenca Pirnat Dragi\u010devi\u0107<\/strong>.<br><br>Djeca su, navela je, stradavala u prometu ili nesretnim slu\u010dajem, neka su si sama oduzela \u017eivot, a posebno su potresni slu\u010dajevi u kojima su izgubila \u017eivot zbog roditeljskog nemara ili nasilja u obitelji.<br><br>Pravobraniteljica pritom adresira na odgovorne.<br><br>U pojedinim slu\u010dajevima odgovornost za smrt djeteta, uz roditelje, snose i institucije, ali i dru\u0161tvo u cjelini, isti\u010de te poru\u010duje kako reakcije socijalne slu\u017ebe i pravosu\u0111a, koji donose odluke o daljnjoj sudbini djeteta, moraju biti br\u017ee i u\u010dinkovitije.<br><br>Ozna\u010dila je nekoliko podru\u010dja koja tra\u017ee hitan odgovor dru\u0161tva, me\u0111u njima su za\u0161tita djece od nasilja i uznemiravanja, porast broja djece u institucijama, nedovoljna za\u0161tita djece od seksualnog nasilja.<\/p>\n\n\n\n<figure class=\"wp-block-image\"><img decoding=\"async\" src=\"https:\/\/vijesti.hrt.hr\/_next\/image?url=https%3A%2F%2Fapi.hrt.hr%2Fmedia%2Fbc%2F4d%2F740x438-helenca1510a9sadfa-20210215044210.png&amp;w=1280&amp;q=90\" alt=\"Foto: Marko Lukunic\/PIXSELL\"\/><figcaption>Foto: Marko Lukunic\/PIXSELL<br>Foto:\u00a0&#8211;\u00a0\/\u00a0PIXSELL<\/figcaption><\/figure>\n\n\n\n<p><strong>Za tre\u0107inu vi\u0161e prijava nasilnog i zanemaruju\u0107eg pona\u0161anja<br><br><\/strong>Ured pravobraniteljice lani je primio 30 posto vi\u0161e prijava nasilnog i zanemaruju\u0107eg pona\u0161anja prema djeci nego 2020., njih 269, a tom je pona\u0161anju bilo izlo\u017eeno 448 djece.<br><br>Primio je i 76 prijava kr\u0161enja dje\u010djih prava zbog nasilja u obitelji.<br><br>&#8220;Na\u017ealost, suo\u010dili smo se s vi\u0161e tragi\u010dnih slu\u010dajeva u kojima su roditelji nasiljem i nemarom prouzro\u010dili smrt svoje djece ili su namjerno po\u010dinili okrutno ubojstvo vlastite djece&#8221;, pi\u0161e pravobraniteljica.<br><br>Dodaje kako su ti slu\u010dajevi iznova potaknuli ozbiljno propitivanje u\u010dinkovitosti sustava za\u0161tite djece od nasilja.<br><br>&#8211; Situacije zlostavljaju\u0107eg i zanemaruju\u0107eg pona\u0161anja roditelja prema djeci nu\u017eno zahtijevaju \u017eurnu intervenciju dru\u0161tva, ali u praksi vidimo da i dru\u0161tvo i stru\u010dnjaci ponekad imaju previsoku toleranciju na lo\u0161a pona\u0161anja roditelja prema djeci, isti\u010de Pirnat Dragi\u010devi\u0107.<br><br>Kad se radi o prijavama zanemarivanja, u pozadini ve\u0107ine kriju se obiteljski konflikti i nerije\u0161eni partnerski odnosi, kojima se naj\u010de\u0161\u0107e \u017eeli drugog roditelja prikazati kao nekompetentnog i zanemaruju\u0107eg.<\/p>\n\n\n\n<figure class=\"wp-block-image\"><img decoding=\"async\" src=\"https:\/\/vijesti.hrt.hr\/_next\/image?url=https%3A%2F%2Fapi.hrt.hr%2Fmedia%2F4e%2Ffe%2F740x438-nasiljezene2411211a-20211124132510.jpg&amp;w=1280&amp;q=90\" alt=\"Ilustracija\"\/><\/figure>\n\n\n\n<p><strong>Zabrinjava broj slu\u010dajeva seksualnog nasilja<br><br><\/strong>Hrvatska nije postigla dovoljnu razinu za\u0161tite djece od seksualnog nasilja, konstatira pravobraniteljica i izra\u017eava zabrinutost velikim brojem slu\u010dajeva tog nasilja, ali i \u010dinjenicom da reakcije pravosu\u0111a na prijavu seksualnih delikata prema djeci \u010desto nisu odgovaraju\u0107a.<br><br>Svjedo\u010dimo dugotrajnim postupcima, blagim kaznama za po\u010dinitelje te neizricanju sigurnosnih mjera, upozorila je.<br><br>Prema podacima MUP-a, lani su prijavljena 804 kaznena djela spolne naravi po\u010dinjena na \u0161tetu djece u odnosu na 573 u 2020. godini.<br><br>Zbog toga opetuje da se posebnim propisom uredi za\u0161tita djece od seksualnog zlostavljanja i iskori\u0161tavanja, propi\u0161e obvezna provjera prethodne osu\u0111ivanosti osoba koje dolaze u kontakt s djecom te kazne za one koji tu obvezu ne provode.<br><br>Upozorava da su u znatnom porastu stradanja djece u prometu &#8211; lani je 17 djece poginulo, ozlije\u0111eno 1254.<br><br>Tra\u017ei ja\u010de preventivne aktivnosti, ali i redovito ka\u017enjavanje voza\u010da koji voze bez sigurnosnog pojasa, koriste mobitel, voze brzo, pod utjecajem alkohola, posebno kad prevoze djecu.<\/p>\n\n\n\n<figure class=\"wp-block-image\"><img decoding=\"async\" src=\"https:\/\/vijesti.hrt.hr\/_next\/image?url=https%3A%2F%2Fapi.hrt.hr%2Fmedia%2F6c%2F3c%2F740x438-pxl-091114-9330045-20210224170636.jpg&amp;w=1280&amp;q=90\" alt=\"Vr\u0161nja\u010dko nasilje\"\/><\/figure>\n\n\n\n<p><strong>Raste broj djece u ustanovama<\/strong><strong><br><br><\/strong>Upozorava i kako raste broj djece u ustanovama. Lani je ondje bilo 806 djece bez odgovaraju\u0107e roditeljske skrbi, godinu prije 730.<br><br>Povezuje to s mogu\u0107im strahom djelatnika sustava da se ne ponove tragi\u010dni doga\u0111aji u kojima su djeca te\u0161ko ili smrtno stradala u svojim obiteljima, ali i nedovoljnim brojem udomiteljskih obitelji.<br><br>Lani je iz ustanova koje se brinu o djeci bez odgovaraju\u0107e roditeljske skrbi posvojeno 37 djece, na kraju godine u njima je bilo jo\u0161 111 djece s uvjetima za posvojenje.<br><br>Promi\u0161ljaju\u0107i o dobrobiti djeteta smje\u0161tenog u udomiteljsku obitelj, smatra da treba razmotriti mogu\u0107nost da se posvojenje realizira u udomiteljskoj obitelji.<br><br>Pirnat Dragi\u010devi\u0107 ponavlja da u Hrvatskoj petina djece \u017eivi u riziku od siroma\u0161tva i socijalne isklju\u010denosti te kako bi trebalo definirati pojam siroma\u0161nog djeteta i propisati nove (nenov\u010dane) socijalne usluge mentorstva za djecu.<br><br>Konstatira i kako jo\u0161 nema izvje\u0161\u0107a o provedbi Nacionalne strategije za prava djece koja je &#8216;istekla&#8217; 2020., a nije donesen ni novi Nacionalni plan za prava djece.<br><br>To \u0161to ne postoji, kroz dulje vrijeme, smatram izrazito zabrinjavaju\u0107im jer djeci \u0161alje poruku da na\u0161em dru\u0161tvu i dr\u017eavi djeca nisu prioritet, zaklju\u010duje pravobraniteljica.<\/p>\n\n\n\n<p>Izvor:hrt.hr<\/p>\n","protected":false},"excerpt":{"rendered":"<p>U pro\u0161loj godini ubijeno je troje djece, sedmero je po\u010dinilo samoubojstvo, a 63 je to poku\u0161alo, dok je 17 djece izgubilo \u017eivot u prometu, navodi pravobraniteljica za djecu u godi\u0161njem izvje\u0161\u0107u, pozivaju\u0107i se na podatke MUP-a. Godinu 2021. obilje\u017eila su smrtna stradanja djece, upozorava u izvje\u0161\u0107u\u00a0Helenca Pirnat Dragi\u010devi\u0107. Djeca su, navela je, stradavala u prometu [&hellip;]<\/p>\n","protected":false},"author":2,"featured_media":130967,"comment_status":"closed","ping_status":"closed","sticky":false,"template":"","format":"standard","meta":{"h5ap_radio_sources":[],"footnotes":""},"categories":[1],"tags":[],"class_list":["post-130966","post","type-post","status-publish","format-standard","has-post-thumbnail","hentry","category-bihiregija"],"yoast_head":"<!-- This site is optimized with the Yoast SEO plugin v27.5 - https:\/\/yoast.com\/product\/yoast-seo-wordpress\/ -->\n<title>Pravobraniteljica: Lani ubijeno troje djece, sedmero je po\u010dinilo suicid - RADIO LJUBU\u0160KI<\/title>\n<meta name=\"robots\" content=\"index, follow, max-snippet:-1, max-image-preview:large, max-video-preview:-1\" \/>\n<link rel=\"canonical\" href=\"https:\/\/radioljubuski.ba\/index.php\/2022\/04\/10\/pravobraniteljica-lani-ubijeno-troje-djece-sedmero-je-pocinilo-suicid\/\" \/>\n<meta property=\"og:locale\" content=\"hr_HR\" \/>\n<meta property=\"og:type\" content=\"article\" \/>\n<meta property=\"og:title\" content=\"Pravobraniteljica: Lani ubijeno troje djece, sedmero je po\u010dinilo suicid - RADIO LJUBU\u0160KI\" \/>\n<meta property=\"og:description\" content=\"U pro\u0161loj godini ubijeno je troje djece, sedmero je po\u010dinilo samoubojstvo, a 63 je to poku\u0161alo, dok je 17 djece izgubilo \u017eivot u prometu, navodi pravobraniteljica za djecu u godi\u0161njem izvje\u0161\u0107u, pozivaju\u0107i se na podatke MUP-a. Godinu 2021. obilje\u017eila su smrtna stradanja djece, upozorava u izvje\u0161\u0107u\u00a0Helenca Pirnat Dragi\u010devi\u0107. Djeca su, navela je, stradavala u prometu [&hellip;]\" \/>\n<meta property=\"og:url\" content=\"https:\/\/radioljubuski.ba\/index.php\/2022\/04\/10\/pravobraniteljica-lani-ubijeno-troje-djece-sedmero-je-pocinilo-suicid\/\" \/>\n<meta property=\"og:site_name\" content=\"RADIO LJUBU\u0160KI\" \/>\n<meta property=\"article:publisher\" content=\"https:\/\/www.facebook.com\/Radiio-Ljubuski-1490835324566332\" \/>\n<meta property=\"article:published_time\" content=\"2022-04-10T00:39:50+00:00\" \/>\n<meta property=\"article:modified_time\" content=\"2022-04-10T00:39:51+00:00\" \/>\n<meta property=\"og:image\" content=\"https:\/\/radioljubuski.ba\/wp-content\/uploads\/2022\/04\/preuzmi-3-3.jpg\" \/>\n\t<meta property=\"og:image:width\" content=\"292\" \/>\n\t<meta property=\"og:image:height\" content=\"173\" \/>\n\t<meta property=\"og:image:type\" content=\"image\/jpeg\" \/>\n<meta name=\"author\" content=\"Radio Ljubu\u0161ki\" \/>\n<meta name=\"twitter:card\" content=\"summary_large_image\" \/>\n<meta name=\"twitter:creator\" content=\"@radioljubuski\" \/>\n<meta name=\"twitter:site\" content=\"@radioljubuski\" \/>\n<meta name=\"twitter:label1\" content=\"Napisao\/la\" \/>\n\t<meta name=\"twitter:data1\" content=\"Radio Ljubu\u0161ki\" \/>\n\t<meta name=\"twitter:label2\" content=\"Procijenjeno vrijeme \u010ditanja\" \/>\n\t<meta name=\"twitter:data2\" content=\"4 minute\" \/>\n<script type=\"application\/ld+json\" class=\"yoast-schema-graph\">{\"@context\":\"https:\\\/\\\/schema.org\",\"@graph\":[{\"@type\":\"Article\",\"@id\":\"https:\\\/\\\/radioljubuski.ba\\\/index.php\\\/2022\\\/04\\\/10\\\/pravobraniteljica-lani-ubijeno-troje-djece-sedmero-je-pocinilo-suicid\\\/#article\",\"isPartOf\":{\"@id\":\"https:\\\/\\\/radioljubuski.ba\\\/index.php\\\/2022\\\/04\\\/10\\\/pravobraniteljica-lani-ubijeno-troje-djece-sedmero-je-pocinilo-suicid\\\/\"},\"author\":{\"name\":\"Radio Ljubu\u0161ki\",\"@id\":\"https:\\\/\\\/radioljubuski.ba\\\/#\\\/schema\\\/person\\\/19fc700381a780f69665d7956c469e3b\"},\"headline\":\"Pravobraniteljica: Lani ubijeno troje djece, sedmero je po\u010dinilo suicid\",\"datePublished\":\"2022-04-10T00:39:50+00:00\",\"dateModified\":\"2022-04-10T00:39:51+00:00\",\"mainEntityOfPage\":{\"@id\":\"https:\\\/\\\/radioljubuski.ba\\\/index.php\\\/2022\\\/04\\\/10\\\/pravobraniteljica-lani-ubijeno-troje-djece-sedmero-je-pocinilo-suicid\\\/\"},\"wordCount\":757,\"publisher\":{\"@id\":\"https:\\\/\\\/radioljubuski.ba\\\/#organization\"},\"image\":{\"@id\":\"https:\\\/\\\/radioljubuski.ba\\\/index.php\\\/2022\\\/04\\\/10\\\/pravobraniteljica-lani-ubijeno-troje-djece-sedmero-je-pocinilo-suicid\\\/#primaryimage\"},\"thumbnailUrl\":\"https:\\\/\\\/radioljubuski.ba\\\/wp-content\\\/uploads\\\/2022\\\/04\\\/preuzmi-3-3.jpg\",\"articleSection\":[\"BIH i regija\"],\"inLanguage\":\"hr\"},{\"@type\":\"WebPage\",\"@id\":\"https:\\\/\\\/radioljubuski.ba\\\/index.php\\\/2022\\\/04\\\/10\\\/pravobraniteljica-lani-ubijeno-troje-djece-sedmero-je-pocinilo-suicid\\\/\",\"url\":\"https:\\\/\\\/radioljubuski.ba\\\/index.php\\\/2022\\\/04\\\/10\\\/pravobraniteljica-lani-ubijeno-troje-djece-sedmero-je-pocinilo-suicid\\\/\",\"name\":\"Pravobraniteljica: Lani ubijeno troje djece, sedmero je po\u010dinilo suicid - RADIO LJUBU\u0160KI\",\"isPartOf\":{\"@id\":\"https:\\\/\\\/radioljubuski.ba\\\/#website\"},\"primaryImageOfPage\":{\"@id\":\"https:\\\/\\\/radioljubuski.ba\\\/index.php\\\/2022\\\/04\\\/10\\\/pravobraniteljica-lani-ubijeno-troje-djece-sedmero-je-pocinilo-suicid\\\/#primaryimage\"},\"image\":{\"@id\":\"https:\\\/\\\/radioljubuski.ba\\\/index.php\\\/2022\\\/04\\\/10\\\/pravobraniteljica-lani-ubijeno-troje-djece-sedmero-je-pocinilo-suicid\\\/#primaryimage\"},\"thumbnailUrl\":\"https:\\\/\\\/radioljubuski.ba\\\/wp-content\\\/uploads\\\/2022\\\/04\\\/preuzmi-3-3.jpg\",\"datePublished\":\"2022-04-10T00:39:50+00:00\",\"dateModified\":\"2022-04-10T00:39:51+00:00\",\"breadcrumb\":{\"@id\":\"https:\\\/\\\/radioljubuski.ba\\\/index.php\\\/2022\\\/04\\\/10\\\/pravobraniteljica-lani-ubijeno-troje-djece-sedmero-je-pocinilo-suicid\\\/#breadcrumb\"},\"inLanguage\":\"hr\",\"potentialAction\":[{\"@type\":\"ReadAction\",\"target\":[\"https:\\\/\\\/radioljubuski.ba\\\/index.php\\\/2022\\\/04\\\/10\\\/pravobraniteljica-lani-ubijeno-troje-djece-sedmero-je-pocinilo-suicid\\\/\"]}]},{\"@type\":\"ImageObject\",\"inLanguage\":\"hr\",\"@id\":\"https:\\\/\\\/radioljubuski.ba\\\/index.php\\\/2022\\\/04\\\/10\\\/pravobraniteljica-lani-ubijeno-troje-djece-sedmero-je-pocinilo-suicid\\\/#primaryimage\",\"url\":\"https:\\\/\\\/radioljubuski.ba\\\/wp-content\\\/uploads\\\/2022\\\/04\\\/preuzmi-3-3.jpg\",\"contentUrl\":\"https:\\\/\\\/radioljubuski.ba\\\/wp-content\\\/uploads\\\/2022\\\/04\\\/preuzmi-3-3.jpg\",\"width\":292,\"height\":173},{\"@type\":\"BreadcrumbList\",\"@id\":\"https:\\\/\\\/radioljubuski.ba\\\/index.php\\\/2022\\\/04\\\/10\\\/pravobraniteljica-lani-ubijeno-troje-djece-sedmero-je-pocinilo-suicid\\\/#breadcrumb\",\"itemListElement\":[{\"@type\":\"ListItem\",\"position\":1,\"name\":\"Po\u010detna stranica\",\"item\":\"https:\\\/\\\/radioljubuski.ba\\\/\"},{\"@type\":\"ListItem\",\"position\":2,\"name\":\"Pravobraniteljica: Lani ubijeno troje djece, sedmero je po\u010dinilo suicid\"}]},{\"@type\":\"WebSite\",\"@id\":\"https:\\\/\\\/radioljubuski.ba\\\/#website\",\"url\":\"https:\\\/\\\/radioljubuski.ba\\\/\",\"name\":\"Radio Ljubu\u0161ki\",\"description\":\"Sun\u010dana frekvencija Hercegovine\",\"publisher\":{\"@id\":\"https:\\\/\\\/radioljubuski.ba\\\/#organization\"},\"potentialAction\":[{\"@type\":\"SearchAction\",\"target\":{\"@type\":\"EntryPoint\",\"urlTemplate\":\"https:\\\/\\\/radioljubuski.ba\\\/?s={search_term_string}\"},\"query-input\":{\"@type\":\"PropertyValueSpecification\",\"valueRequired\":true,\"valueName\":\"search_term_string\"}}],\"inLanguage\":\"hr\"},{\"@type\":\"Organization\",\"@id\":\"https:\\\/\\\/radioljubuski.ba\\\/#organization\",\"name\":\"Radio Ljubu\u0161ki\",\"url\":\"https:\\\/\\\/radioljubuski.ba\\\/\",\"logo\":{\"@type\":\"ImageObject\",\"inLanguage\":\"hr\",\"@id\":\"https:\\\/\\\/radioljubuski.ba\\\/#\\\/schema\\\/logo\\\/image\\\/\",\"url\":\"https:\\\/\\\/radioljubuski.ba\\\/wp-content\\\/uploads\\\/2021\\\/02\\\/cropped-Radio_Ljubuski_logo1.jpg\",\"contentUrl\":\"https:\\\/\\\/radioljubuski.ba\\\/wp-content\\\/uploads\\\/2021\\\/02\\\/cropped-Radio_Ljubuski_logo1.jpg\",\"width\":512,\"height\":512,\"caption\":\"Radio Ljubu\u0161ki\"},\"image\":{\"@id\":\"https:\\\/\\\/radioljubuski.ba\\\/#\\\/schema\\\/logo\\\/image\\\/\"},\"sameAs\":[\"https:\\\/\\\/www.facebook.com\\\/Radiio-Ljubuski-1490835324566332\",\"https:\\\/\\\/x.com\\\/radioljubuski\",\"https:\\\/\\\/hr.linkedin.com\\\/company\\\/radio-ljubuski\",\"https:\\\/\\\/www.youtube.com\\\/channel\\\/UCHYaeO_n0Db3tjNGudGpXyw\"]},{\"@type\":\"Person\",\"@id\":\"https:\\\/\\\/radioljubuski.ba\\\/#\\\/schema\\\/person\\\/19fc700381a780f69665d7956c469e3b\",\"name\":\"Radio Ljubu\u0161ki\"}]}<\/script>\n<!-- \/ Yoast SEO plugin. -->","yoast_head_json":{"title":"Pravobraniteljica: Lani ubijeno troje djece, sedmero je po\u010dinilo suicid - RADIO LJUBU\u0160KI","robots":{"index":"index","follow":"follow","max-snippet":"max-snippet:-1","max-image-preview":"max-image-preview:large","max-video-preview":"max-video-preview:-1"},"canonical":"https:\/\/radioljubuski.ba\/index.php\/2022\/04\/10\/pravobraniteljica-lani-ubijeno-troje-djece-sedmero-je-pocinilo-suicid\/","og_locale":"hr_HR","og_type":"article","og_title":"Pravobraniteljica: Lani ubijeno troje djece, sedmero je po\u010dinilo suicid - RADIO LJUBU\u0160KI","og_description":"U pro\u0161loj godini ubijeno je troje djece, sedmero je po\u010dinilo samoubojstvo, a 63 je to poku\u0161alo, dok je 17 djece izgubilo \u017eivot u prometu, navodi pravobraniteljica za djecu u godi\u0161njem izvje\u0161\u0107u, pozivaju\u0107i se na podatke MUP-a. Godinu 2021. obilje\u017eila su smrtna stradanja djece, upozorava u izvje\u0161\u0107u\u00a0Helenca Pirnat Dragi\u010devi\u0107. Djeca su, navela je, stradavala u prometu [&hellip;]","og_url":"https:\/\/radioljubuski.ba\/index.php\/2022\/04\/10\/pravobraniteljica-lani-ubijeno-troje-djece-sedmero-je-pocinilo-suicid\/","og_site_name":"RADIO LJUBU\u0160KI","article_publisher":"https:\/\/www.facebook.com\/Radiio-Ljubuski-1490835324566332","article_published_time":"2022-04-10T00:39:50+00:00","article_modified_time":"2022-04-10T00:39:51+00:00","og_image":[{"width":292,"height":173,"url":"https:\/\/radioljubuski.ba\/wp-content\/uploads\/2022\/04\/preuzmi-3-3.jpg","type":"image\/jpeg"}],"author":"Radio Ljubu\u0161ki","twitter_card":"summary_large_image","twitter_creator":"@radioljubuski","twitter_site":"@radioljubuski","twitter_misc":{"Napisao\/la":"Radio Ljubu\u0161ki","Procijenjeno vrijeme \u010ditanja":"4 minute"},"schema":{"@context":"https:\/\/schema.org","@graph":[{"@type":"Article","@id":"https:\/\/radioljubuski.ba\/index.php\/2022\/04\/10\/pravobraniteljica-lani-ubijeno-troje-djece-sedmero-je-pocinilo-suicid\/#article","isPartOf":{"@id":"https:\/\/radioljubuski.ba\/index.php\/2022\/04\/10\/pravobraniteljica-lani-ubijeno-troje-djece-sedmero-je-pocinilo-suicid\/"},"author":{"name":"Radio Ljubu\u0161ki","@id":"https:\/\/radioljubuski.ba\/#\/schema\/person\/19fc700381a780f69665d7956c469e3b"},"headline":"Pravobraniteljica: Lani ubijeno troje djece, sedmero je po\u010dinilo suicid","datePublished":"2022-04-10T00:39:50+00:00","dateModified":"2022-04-10T00:39:51+00:00","mainEntityOfPage":{"@id":"https:\/\/radioljubuski.ba\/index.php\/2022\/04\/10\/pravobraniteljica-lani-ubijeno-troje-djece-sedmero-je-pocinilo-suicid\/"},"wordCount":757,"publisher":{"@id":"https:\/\/radioljubuski.ba\/#organization"},"image":{"@id":"https:\/\/radioljubuski.ba\/index.php\/2022\/04\/10\/pravobraniteljica-lani-ubijeno-troje-djece-sedmero-je-pocinilo-suicid\/#primaryimage"},"thumbnailUrl":"https:\/\/radioljubuski.ba\/wp-content\/uploads\/2022\/04\/preuzmi-3-3.jpg","articleSection":["BIH i regija"],"inLanguage":"hr"},{"@type":"WebPage","@id":"https:\/\/radioljubuski.ba\/index.php\/2022\/04\/10\/pravobraniteljica-lani-ubijeno-troje-djece-sedmero-je-pocinilo-suicid\/","url":"https:\/\/radioljubuski.ba\/index.php\/2022\/04\/10\/pravobraniteljica-lani-ubijeno-troje-djece-sedmero-je-pocinilo-suicid\/","name":"Pravobraniteljica: Lani ubijeno troje djece, sedmero je po\u010dinilo suicid - RADIO LJUBU\u0160KI","isPartOf":{"@id":"https:\/\/radioljubuski.ba\/#website"},"primaryImageOfPage":{"@id":"https:\/\/radioljubuski.ba\/index.php\/2022\/04\/10\/pravobraniteljica-lani-ubijeno-troje-djece-sedmero-je-pocinilo-suicid\/#primaryimage"},"image":{"@id":"https:\/\/radioljubuski.ba\/index.php\/2022\/04\/10\/pravobraniteljica-lani-ubijeno-troje-djece-sedmero-je-pocinilo-suicid\/#primaryimage"},"thumbnailUrl":"https:\/\/radioljubuski.ba\/wp-content\/uploads\/2022\/04\/preuzmi-3-3.jpg","datePublished":"2022-04-10T00:39:50+00:00","dateModified":"2022-04-10T00:39:51+00:00","breadcrumb":{"@id":"https:\/\/radioljubuski.ba\/index.php\/2022\/04\/10\/pravobraniteljica-lani-ubijeno-troje-djece-sedmero-je-pocinilo-suicid\/#breadcrumb"},"inLanguage":"hr","potentialAction":[{"@type":"ReadAction","target":["https:\/\/radioljubuski.ba\/index.php\/2022\/04\/10\/pravobraniteljica-lani-ubijeno-troje-djece-sedmero-je-pocinilo-suicid\/"]}]},{"@type":"ImageObject","inLanguage":"hr","@id":"https:\/\/radioljubuski.ba\/index.php\/2022\/04\/10\/pravobraniteljica-lani-ubijeno-troje-djece-sedmero-je-pocinilo-suicid\/#primaryimage","url":"https:\/\/radioljubuski.ba\/wp-content\/uploads\/2022\/04\/preuzmi-3-3.jpg","contentUrl":"https:\/\/radioljubuski.ba\/wp-content\/uploads\/2022\/04\/preuzmi-3-3.jpg","width":292,"height":173},{"@type":"BreadcrumbList","@id":"https:\/\/radioljubuski.ba\/index.php\/2022\/04\/10\/pravobraniteljica-lani-ubijeno-troje-djece-sedmero-je-pocinilo-suicid\/#breadcrumb","itemListElement":[{"@type":"ListItem","position":1,"name":"Po\u010detna stranica","item":"https:\/\/radioljubuski.ba\/"},{"@type":"ListItem","position":2,"name":"Pravobraniteljica: Lani ubijeno troje djece, sedmero je po\u010dinilo suicid"}]},{"@type":"WebSite","@id":"https:\/\/radioljubuski.ba\/#website","url":"https:\/\/radioljubuski.ba\/","name":"Radio Ljubu\u0161ki","description":"Sun\u010dana frekvencija Hercegovine","publisher":{"@id":"https:\/\/radioljubuski.ba\/#organization"},"potentialAction":[{"@type":"SearchAction","target":{"@type":"EntryPoint","urlTemplate":"https:\/\/radioljubuski.ba\/?s={search_term_string}"},"query-input":{"@type":"PropertyValueSpecification","valueRequired":true,"valueName":"search_term_string"}}],"inLanguage":"hr"},{"@type":"Organization","@id":"https:\/\/radioljubuski.ba\/#organization","name":"Radio Ljubu\u0161ki","url":"https:\/\/radioljubuski.ba\/","logo":{"@type":"ImageObject","inLanguage":"hr","@id":"https:\/\/radioljubuski.ba\/#\/schema\/logo\/image\/","url":"https:\/\/radioljubuski.ba\/wp-content\/uploads\/2021\/02\/cropped-Radio_Ljubuski_logo1.jpg","contentUrl":"https:\/\/radioljubuski.ba\/wp-content\/uploads\/2021\/02\/cropped-Radio_Ljubuski_logo1.jpg","width":512,"height":512,"caption":"Radio Ljubu\u0161ki"},"image":{"@id":"https:\/\/radioljubuski.ba\/#\/schema\/logo\/image\/"},"sameAs":["https:\/\/www.facebook.com\/Radiio-Ljubuski-1490835324566332","https:\/\/x.com\/radioljubuski","https:\/\/hr.linkedin.com\/company\/radio-ljubuski","https:\/\/www.youtube.com\/channel\/UCHYaeO_n0Db3tjNGudGpXyw"]},{"@type":"Person","@id":"https:\/\/radioljubuski.ba\/#\/schema\/person\/19fc700381a780f69665d7956c469e3b","name":"Radio Ljubu\u0161ki"}]}},"_links":{"self":[{"href":"https:\/\/radioljubuski.ba\/index.php\/wp-json\/wp\/v2\/posts\/130966","targetHints":{"allow":["GET"]}}],"collection":[{"href":"https:\/\/radioljubuski.ba\/index.php\/wp-json\/wp\/v2\/posts"}],"about":[{"href":"https:\/\/radioljubuski.ba\/index.php\/wp-json\/wp\/v2\/types\/post"}],"author":[{"embeddable":true,"href":"https:\/\/radioljubuski.ba\/index.php\/wp-json\/wp\/v2\/users\/2"}],"replies":[{"embeddable":true,"href":"https:\/\/radioljubuski.ba\/index.php\/wp-json\/wp\/v2\/comments?post=130966"}],"version-history":[{"count":1,"href":"https:\/\/radioljubuski.ba\/index.php\/wp-json\/wp\/v2\/posts\/130966\/revisions"}],"predecessor-version":[{"id":130968,"href":"https:\/\/radioljubuski.ba\/index.php\/wp-json\/wp\/v2\/posts\/130966\/revisions\/130968"}],"wp:featuredmedia":[{"embeddable":true,"href":"https:\/\/radioljubuski.ba\/index.php\/wp-json\/wp\/v2\/media\/130967"}],"wp:attachment":[{"href":"https:\/\/radioljubuski.ba\/index.php\/wp-json\/wp\/v2\/media?parent=130966"}],"wp:term":[{"taxonomy":"category","embeddable":true,"href":"https:\/\/radioljubuski.ba\/index.php\/wp-json\/wp\/v2\/categories?post=130966"},{"taxonomy":"post_tag","embeddable":true,"href":"https:\/\/radioljubuski.ba\/index.php\/wp-json\/wp\/v2\/tags?post=130966"}],"curies":[{"name":"wp","href":"https:\/\/api.w.org\/{rel}","templated":true}]}}