{"id":130969,"date":"2022-04-10T01:41:09","date_gmt":"2022-04-10T00:41:09","guid":{"rendered":"https:\/\/radioljubuski.ba\/?p=130969"},"modified":"2022-04-10T01:41:09","modified_gmt":"2022-04-10T00:41:09","slug":"sali-za-rodenje-prvog-i-drugog-djeteta-daje-60-tisuca-kuna","status":"publish","type":"post","link":"https:\/\/radioljubuski.ba\/index.php\/2022\/04\/10\/sali-za-rodenje-prvog-i-drugog-djeteta-daje-60-tisuca-kuna\/","title":{"rendered":"Sali za ro\u0111enje prvog i drugog djeteta daje 60 tisu\u0107a kuna"},"content":{"rendered":"\n<p><strong>Op\u0107ina Sali na Dugom Otoku rekorder je po potpori koju daje za ro\u0111enje prvog i drugog djeteta &#8211; po 60 tisu\u0107a kuna. Po potporama za tre\u0107e dijete, od \u010dak 70 tisu\u0107a kuna, prednja\u010de op\u0107ine Lovre\u0107 i Stari Grad, pokazala je analiza Sredi\u0161njeg dr\u017eavnog ureda za demografiju i mlade.<\/strong><\/p>\n\n\n\n<p>Na vrhu ljestvice po izdvajanjima za prvo dijete Sali slijede op\u0107ine \u010ceminac (15 tisu\u0107a kuna) te Pa\u0161man, Vir i Vrsi (po 12 tisu\u0107a kuna).<br><br>Ro\u0111enje drugog djeteta Vir i Pa\u0161man podupiru sa po 24 tisu\u0107e kuna, a \u010ceminac, Imotski i Stara Gradi\u0161ka sa po 20 tisu\u0107a kuna.<br><br>Po potporama za tre\u0107e dijete Lovre\u0107 i Stari Grad slijede Blato i Sali, koji daju po 60 tisu\u0107a kuna, Split koji daje 55 tisu\u0107a kuna, te Imotski i Cista Provo koji daju po 50 tisu\u0107a kuna.<br><br><strong>Samo osam op\u0107ina ne nudi potporu za ro\u0111enje djeteta<\/strong><strong><br><br><\/strong>Potporu roditeljima kod ro\u0111enja djeteta daje 98 posto anketiranih jedinica, pokazala je anketa Sredi\u0161njeg dr\u017eavnog ureda koji je \u010detvrtu godinu zaredom prikupljao podatke o demografskim mjerama op\u0107ina, gradova i \u017eupanija.<br><br>Anketi se odazvalo 420 od 428 op\u0107ina (98 posto), 124 od 128 gradova (97 posto) te sve \u017eupanije.<br><br>Samo osam op\u0107ina ne nudi odre\u0111eni iznos pomo\u0107i kod ro\u0111enja djeteta, daju je svi anketirani gradovi, te devet od 21 \u017eupanije.<br><br>Za ro\u0111enje prvog djeteta op\u0107ine u prosjeku izdvajaju 3174 kune, gradovi 2900 kuna. Kod drugog djeteta taj se iznos izjedna\u010dava, op\u0107ine izdvajaju 3969, a gradovi 3976 kuna. Kod tre\u0107eg i svakog sljede\u0107eg djeteta prosje\u010dna potpora raste na 7768 kuna za gradove odnosno 5995 kn na op\u0107ine.<br><br><strong>Besplatni vrti\u0107i u \u010detiri grada i 20 op\u0107ina<\/strong><strong><br><br><\/strong>Anketa Sredi\u0161njeg ureda pokazala je da besplatan vrti\u0107 za svu djecu imaju \u010detiri grada (Beli\u0161\u0107e, Obrovac, Umag, Vrlika) i 20 op\u0107ina (Bale, Ba\u0161ka, Donja Moti\u010dina, Dra\u017e, Ervenik, Gola, Ivankovo, Kalinovac, Kukljica, Magadenovac, Mrkopalj, Nijemci, Okrug, Otok, Pojezerje, Saborsko, Sali, Smokvica, Vir, Vrsi).<br><br>Gotovo polovica gradova ula\u017ee izme\u0111u 10 i 20 posto prora\u010duna u pred\u0161kolski odgoj, njih 14 izme\u0111u 20 i 30 posto, a pet gradova vi\u0161e od 30 posto, \u0161to predstavlja zaista veliki izazov u smislu financijskih izdvajanja za samo jednu namjenu, navodi Ured.<\/p>\n\n\n\n<p>Izvor:hrt.hr<\/p>\n","protected":false},"excerpt":{"rendered":"<p>Op\u0107ina Sali na Dugom Otoku rekorder je po potpori koju daje za ro\u0111enje prvog i drugog djeteta &#8211; po 60 tisu\u0107a kuna. Po potporama za tre\u0107e dijete, od \u010dak 70 tisu\u0107a kuna, prednja\u010de op\u0107ine Lovre\u0107 i Stari Grad, pokazala je analiza Sredi\u0161njeg dr\u017eavnog ureda za demografiju i mlade. Na vrhu ljestvice po izdvajanjima za prvo [&hellip;]<\/p>\n","protected":false},"author":2,"featured_media":57737,"comment_status":"closed","ping_status":"closed","sticky":false,"template":"","format":"standard","meta":{"h5ap_radio_sources":[],"footnotes":""},"categories":[1],"tags":[],"class_list":["post-130969","post","type-post","status-publish","format-standard","has-post-thumbnail","hentry","category-bihiregija"],"yoast_head":"<!-- This site is optimized with the Yoast SEO plugin v27.5 - https:\/\/yoast.com\/product\/yoast-seo-wordpress\/ -->\n<title>Sali za ro\u0111enje prvog i drugog djeteta daje 60 tisu\u0107a kuna - RADIO LJUBU\u0160KI<\/title>\n<meta name=\"robots\" content=\"index, follow, max-snippet:-1, max-image-preview:large, max-video-preview:-1\" \/>\n<link rel=\"canonical\" href=\"https:\/\/radioljubuski.ba\/index.php\/2022\/04\/10\/sali-za-rodenje-prvog-i-drugog-djeteta-daje-60-tisuca-kuna\/\" \/>\n<meta property=\"og:locale\" content=\"hr_HR\" \/>\n<meta property=\"og:type\" content=\"article\" \/>\n<meta property=\"og:title\" content=\"Sali za ro\u0111enje prvog i drugog djeteta daje 60 tisu\u0107a kuna - RADIO LJUBU\u0160KI\" \/>\n<meta property=\"og:description\" content=\"Op\u0107ina Sali na Dugom Otoku rekorder je po potpori koju daje za ro\u0111enje prvog i drugog djeteta &#8211; po 60 tisu\u0107a kuna. Po potporama za tre\u0107e dijete, od \u010dak 70 tisu\u0107a kuna, prednja\u010de op\u0107ine Lovre\u0107 i Stari Grad, pokazala je analiza Sredi\u0161njeg dr\u017eavnog ureda za demografiju i mlade. Na vrhu ljestvice po izdvajanjima za prvo [&hellip;]\" \/>\n<meta property=\"og:url\" content=\"https:\/\/radioljubuski.ba\/index.php\/2022\/04\/10\/sali-za-rodenje-prvog-i-drugog-djeteta-daje-60-tisuca-kuna\/\" \/>\n<meta property=\"og:site_name\" content=\"RADIO LJUBU\u0160KI\" \/>\n<meta property=\"article:publisher\" content=\"https:\/\/www.facebook.com\/Radiio-Ljubuski-1490835324566332\" \/>\n<meta property=\"article:published_time\" content=\"2022-04-10T00:41:09+00:00\" \/>\n<meta property=\"og:image\" content=\"https:\/\/radioljubuski.ba\/wp-content\/uploads\/2021\/08\/9-2021-03-15-21-41-31-beba-1.jpg\" \/>\n\t<meta property=\"og:image:width\" content=\"1000\" \/>\n\t<meta property=\"og:image:height\" content=\"625\" \/>\n\t<meta property=\"og:image:type\" content=\"image\/jpeg\" \/>\n<meta name=\"author\" content=\"Radio Ljubu\u0161ki\" \/>\n<meta name=\"twitter:card\" content=\"summary_large_image\" \/>\n<meta name=\"twitter:creator\" content=\"@radioljubuski\" \/>\n<meta name=\"twitter:site\" content=\"@radioljubuski\" \/>\n<meta name=\"twitter:label1\" content=\"Napisao\/la\" \/>\n\t<meta name=\"twitter:data1\" content=\"Radio Ljubu\u0161ki\" \/>\n\t<meta name=\"twitter:label2\" content=\"Procijenjeno vrijeme \u010ditanja\" \/>\n\t<meta name=\"twitter:data2\" content=\"2 minute\" \/>\n<script type=\"application\/ld+json\" class=\"yoast-schema-graph\">{\"@context\":\"https:\\\/\\\/schema.org\",\"@graph\":[{\"@type\":\"Article\",\"@id\":\"https:\\\/\\\/radioljubuski.ba\\\/index.php\\\/2022\\\/04\\\/10\\\/sali-za-rodenje-prvog-i-drugog-djeteta-daje-60-tisuca-kuna\\\/#article\",\"isPartOf\":{\"@id\":\"https:\\\/\\\/radioljubuski.ba\\\/index.php\\\/2022\\\/04\\\/10\\\/sali-za-rodenje-prvog-i-drugog-djeteta-daje-60-tisuca-kuna\\\/\"},\"author\":{\"name\":\"Radio Ljubu\u0161ki\",\"@id\":\"https:\\\/\\\/radioljubuski.ba\\\/#\\\/schema\\\/person\\\/19fc700381a780f69665d7956c469e3b\"},\"headline\":\"Sali za ro\u0111enje prvog i drugog djeteta daje 60 tisu\u0107a kuna\",\"datePublished\":\"2022-04-10T00:41:09+00:00\",\"mainEntityOfPage\":{\"@id\":\"https:\\\/\\\/radioljubuski.ba\\\/index.php\\\/2022\\\/04\\\/10\\\/sali-za-rodenje-prvog-i-drugog-djeteta-daje-60-tisuca-kuna\\\/\"},\"wordCount\":385,\"publisher\":{\"@id\":\"https:\\\/\\\/radioljubuski.ba\\\/#organization\"},\"image\":{\"@id\":\"https:\\\/\\\/radioljubuski.ba\\\/index.php\\\/2022\\\/04\\\/10\\\/sali-za-rodenje-prvog-i-drugog-djeteta-daje-60-tisuca-kuna\\\/#primaryimage\"},\"thumbnailUrl\":\"https:\\\/\\\/radioljubuski.ba\\\/wp-content\\\/uploads\\\/2021\\\/08\\\/9-2021-03-15-21-41-31-beba-1.jpg\",\"articleSection\":[\"BIH i regija\"],\"inLanguage\":\"hr\"},{\"@type\":\"WebPage\",\"@id\":\"https:\\\/\\\/radioljubuski.ba\\\/index.php\\\/2022\\\/04\\\/10\\\/sali-za-rodenje-prvog-i-drugog-djeteta-daje-60-tisuca-kuna\\\/\",\"url\":\"https:\\\/\\\/radioljubuski.ba\\\/index.php\\\/2022\\\/04\\\/10\\\/sali-za-rodenje-prvog-i-drugog-djeteta-daje-60-tisuca-kuna\\\/\",\"name\":\"Sali za ro\u0111enje prvog i drugog djeteta daje 60 tisu\u0107a kuna - RADIO LJUBU\u0160KI\",\"isPartOf\":{\"@id\":\"https:\\\/\\\/radioljubuski.ba\\\/#website\"},\"primaryImageOfPage\":{\"@id\":\"https:\\\/\\\/radioljubuski.ba\\\/index.php\\\/2022\\\/04\\\/10\\\/sali-za-rodenje-prvog-i-drugog-djeteta-daje-60-tisuca-kuna\\\/#primaryimage\"},\"image\":{\"@id\":\"https:\\\/\\\/radioljubuski.ba\\\/index.php\\\/2022\\\/04\\\/10\\\/sali-za-rodenje-prvog-i-drugog-djeteta-daje-60-tisuca-kuna\\\/#primaryimage\"},\"thumbnailUrl\":\"https:\\\/\\\/radioljubuski.ba\\\/wp-content\\\/uploads\\\/2021\\\/08\\\/9-2021-03-15-21-41-31-beba-1.jpg\",\"datePublished\":\"2022-04-10T00:41:09+00:00\",\"breadcrumb\":{\"@id\":\"https:\\\/\\\/radioljubuski.ba\\\/index.php\\\/2022\\\/04\\\/10\\\/sali-za-rodenje-prvog-i-drugog-djeteta-daje-60-tisuca-kuna\\\/#breadcrumb\"},\"inLanguage\":\"hr\",\"potentialAction\":[{\"@type\":\"ReadAction\",\"target\":[\"https:\\\/\\\/radioljubuski.ba\\\/index.php\\\/2022\\\/04\\\/10\\\/sali-za-rodenje-prvog-i-drugog-djeteta-daje-60-tisuca-kuna\\\/\"]}]},{\"@type\":\"ImageObject\",\"inLanguage\":\"hr\",\"@id\":\"https:\\\/\\\/radioljubuski.ba\\\/index.php\\\/2022\\\/04\\\/10\\\/sali-za-rodenje-prvog-i-drugog-djeteta-daje-60-tisuca-kuna\\\/#primaryimage\",\"url\":\"https:\\\/\\\/radioljubuski.ba\\\/wp-content\\\/uploads\\\/2021\\\/08\\\/9-2021-03-15-21-41-31-beba-1.jpg\",\"contentUrl\":\"https:\\\/\\\/radioljubuski.ba\\\/wp-content\\\/uploads\\\/2021\\\/08\\\/9-2021-03-15-21-41-31-beba-1.jpg\",\"width\":1000,\"height\":625},{\"@type\":\"BreadcrumbList\",\"@id\":\"https:\\\/\\\/radioljubuski.ba\\\/index.php\\\/2022\\\/04\\\/10\\\/sali-za-rodenje-prvog-i-drugog-djeteta-daje-60-tisuca-kuna\\\/#breadcrumb\",\"itemListElement\":[{\"@type\":\"ListItem\",\"position\":1,\"name\":\"Po\u010detna stranica\",\"item\":\"https:\\\/\\\/radioljubuski.ba\\\/\"},{\"@type\":\"ListItem\",\"position\":2,\"name\":\"Sali za ro\u0111enje prvog i drugog djeteta daje 60 tisu\u0107a kuna\"}]},{\"@type\":\"WebSite\",\"@id\":\"https:\\\/\\\/radioljubuski.ba\\\/#website\",\"url\":\"https:\\\/\\\/radioljubuski.ba\\\/\",\"name\":\"Radio Ljubu\u0161ki\",\"description\":\"Sun\u010dana frekvencija Hercegovine\",\"publisher\":{\"@id\":\"https:\\\/\\\/radioljubuski.ba\\\/#organization\"},\"potentialAction\":[{\"@type\":\"SearchAction\",\"target\":{\"@type\":\"EntryPoint\",\"urlTemplate\":\"https:\\\/\\\/radioljubuski.ba\\\/?s={search_term_string}\"},\"query-input\":{\"@type\":\"PropertyValueSpecification\",\"valueRequired\":true,\"valueName\":\"search_term_string\"}}],\"inLanguage\":\"hr\"},{\"@type\":\"Organization\",\"@id\":\"https:\\\/\\\/radioljubuski.ba\\\/#organization\",\"name\":\"Radio Ljubu\u0161ki\",\"url\":\"https:\\\/\\\/radioljubuski.ba\\\/\",\"logo\":{\"@type\":\"ImageObject\",\"inLanguage\":\"hr\",\"@id\":\"https:\\\/\\\/radioljubuski.ba\\\/#\\\/schema\\\/logo\\\/image\\\/\",\"url\":\"https:\\\/\\\/radioljubuski.ba\\\/wp-content\\\/uploads\\\/2021\\\/02\\\/cropped-Radio_Ljubuski_logo1.jpg\",\"contentUrl\":\"https:\\\/\\\/radioljubuski.ba\\\/wp-content\\\/uploads\\\/2021\\\/02\\\/cropped-Radio_Ljubuski_logo1.jpg\",\"width\":512,\"height\":512,\"caption\":\"Radio Ljubu\u0161ki\"},\"image\":{\"@id\":\"https:\\\/\\\/radioljubuski.ba\\\/#\\\/schema\\\/logo\\\/image\\\/\"},\"sameAs\":[\"https:\\\/\\\/www.facebook.com\\\/Radiio-Ljubuski-1490835324566332\",\"https:\\\/\\\/x.com\\\/radioljubuski\",\"https:\\\/\\\/hr.linkedin.com\\\/company\\\/radio-ljubuski\",\"https:\\\/\\\/www.youtube.com\\\/channel\\\/UCHYaeO_n0Db3tjNGudGpXyw\"]},{\"@type\":\"Person\",\"@id\":\"https:\\\/\\\/radioljubuski.ba\\\/#\\\/schema\\\/person\\\/19fc700381a780f69665d7956c469e3b\",\"name\":\"Radio Ljubu\u0161ki\"}]}<\/script>\n<!-- \/ Yoast SEO plugin. -->","yoast_head_json":{"title":"Sali za ro\u0111enje prvog i drugog djeteta daje 60 tisu\u0107a kuna - RADIO LJUBU\u0160KI","robots":{"index":"index","follow":"follow","max-snippet":"max-snippet:-1","max-image-preview":"max-image-preview:large","max-video-preview":"max-video-preview:-1"},"canonical":"https:\/\/radioljubuski.ba\/index.php\/2022\/04\/10\/sali-za-rodenje-prvog-i-drugog-djeteta-daje-60-tisuca-kuna\/","og_locale":"hr_HR","og_type":"article","og_title":"Sali za ro\u0111enje prvog i drugog djeteta daje 60 tisu\u0107a kuna - RADIO LJUBU\u0160KI","og_description":"Op\u0107ina Sali na Dugom Otoku rekorder je po potpori koju daje za ro\u0111enje prvog i drugog djeteta &#8211; po 60 tisu\u0107a kuna. Po potporama za tre\u0107e dijete, od \u010dak 70 tisu\u0107a kuna, prednja\u010de op\u0107ine Lovre\u0107 i Stari Grad, pokazala je analiza Sredi\u0161njeg dr\u017eavnog ureda za demografiju i mlade. Na vrhu ljestvice po izdvajanjima za prvo [&hellip;]","og_url":"https:\/\/radioljubuski.ba\/index.php\/2022\/04\/10\/sali-za-rodenje-prvog-i-drugog-djeteta-daje-60-tisuca-kuna\/","og_site_name":"RADIO LJUBU\u0160KI","article_publisher":"https:\/\/www.facebook.com\/Radiio-Ljubuski-1490835324566332","article_published_time":"2022-04-10T00:41:09+00:00","og_image":[{"width":1000,"height":625,"url":"https:\/\/radioljubuski.ba\/wp-content\/uploads\/2021\/08\/9-2021-03-15-21-41-31-beba-1.jpg","type":"image\/jpeg"}],"author":"Radio Ljubu\u0161ki","twitter_card":"summary_large_image","twitter_creator":"@radioljubuski","twitter_site":"@radioljubuski","twitter_misc":{"Napisao\/la":"Radio Ljubu\u0161ki","Procijenjeno vrijeme \u010ditanja":"2 minute"},"schema":{"@context":"https:\/\/schema.org","@graph":[{"@type":"Article","@id":"https:\/\/radioljubuski.ba\/index.php\/2022\/04\/10\/sali-za-rodenje-prvog-i-drugog-djeteta-daje-60-tisuca-kuna\/#article","isPartOf":{"@id":"https:\/\/radioljubuski.ba\/index.php\/2022\/04\/10\/sali-za-rodenje-prvog-i-drugog-djeteta-daje-60-tisuca-kuna\/"},"author":{"name":"Radio Ljubu\u0161ki","@id":"https:\/\/radioljubuski.ba\/#\/schema\/person\/19fc700381a780f69665d7956c469e3b"},"headline":"Sali za ro\u0111enje prvog i drugog djeteta daje 60 tisu\u0107a kuna","datePublished":"2022-04-10T00:41:09+00:00","mainEntityOfPage":{"@id":"https:\/\/radioljubuski.ba\/index.php\/2022\/04\/10\/sali-za-rodenje-prvog-i-drugog-djeteta-daje-60-tisuca-kuna\/"},"wordCount":385,"publisher":{"@id":"https:\/\/radioljubuski.ba\/#organization"},"image":{"@id":"https:\/\/radioljubuski.ba\/index.php\/2022\/04\/10\/sali-za-rodenje-prvog-i-drugog-djeteta-daje-60-tisuca-kuna\/#primaryimage"},"thumbnailUrl":"https:\/\/radioljubuski.ba\/wp-content\/uploads\/2021\/08\/9-2021-03-15-21-41-31-beba-1.jpg","articleSection":["BIH i regija"],"inLanguage":"hr"},{"@type":"WebPage","@id":"https:\/\/radioljubuski.ba\/index.php\/2022\/04\/10\/sali-za-rodenje-prvog-i-drugog-djeteta-daje-60-tisuca-kuna\/","url":"https:\/\/radioljubuski.ba\/index.php\/2022\/04\/10\/sali-za-rodenje-prvog-i-drugog-djeteta-daje-60-tisuca-kuna\/","name":"Sali za ro\u0111enje prvog i drugog djeteta daje 60 tisu\u0107a kuna - RADIO LJUBU\u0160KI","isPartOf":{"@id":"https:\/\/radioljubuski.ba\/#website"},"primaryImageOfPage":{"@id":"https:\/\/radioljubuski.ba\/index.php\/2022\/04\/10\/sali-za-rodenje-prvog-i-drugog-djeteta-daje-60-tisuca-kuna\/#primaryimage"},"image":{"@id":"https:\/\/radioljubuski.ba\/index.php\/2022\/04\/10\/sali-za-rodenje-prvog-i-drugog-djeteta-daje-60-tisuca-kuna\/#primaryimage"},"thumbnailUrl":"https:\/\/radioljubuski.ba\/wp-content\/uploads\/2021\/08\/9-2021-03-15-21-41-31-beba-1.jpg","datePublished":"2022-04-10T00:41:09+00:00","breadcrumb":{"@id":"https:\/\/radioljubuski.ba\/index.php\/2022\/04\/10\/sali-za-rodenje-prvog-i-drugog-djeteta-daje-60-tisuca-kuna\/#breadcrumb"},"inLanguage":"hr","potentialAction":[{"@type":"ReadAction","target":["https:\/\/radioljubuski.ba\/index.php\/2022\/04\/10\/sali-za-rodenje-prvog-i-drugog-djeteta-daje-60-tisuca-kuna\/"]}]},{"@type":"ImageObject","inLanguage":"hr","@id":"https:\/\/radioljubuski.ba\/index.php\/2022\/04\/10\/sali-za-rodenje-prvog-i-drugog-djeteta-daje-60-tisuca-kuna\/#primaryimage","url":"https:\/\/radioljubuski.ba\/wp-content\/uploads\/2021\/08\/9-2021-03-15-21-41-31-beba-1.jpg","contentUrl":"https:\/\/radioljubuski.ba\/wp-content\/uploads\/2021\/08\/9-2021-03-15-21-41-31-beba-1.jpg","width":1000,"height":625},{"@type":"BreadcrumbList","@id":"https:\/\/radioljubuski.ba\/index.php\/2022\/04\/10\/sali-za-rodenje-prvog-i-drugog-djeteta-daje-60-tisuca-kuna\/#breadcrumb","itemListElement":[{"@type":"ListItem","position":1,"name":"Po\u010detna stranica","item":"https:\/\/radioljubuski.ba\/"},{"@type":"ListItem","position":2,"name":"Sali za ro\u0111enje prvog i drugog djeteta daje 60 tisu\u0107a kuna"}]},{"@type":"WebSite","@id":"https:\/\/radioljubuski.ba\/#website","url":"https:\/\/radioljubuski.ba\/","name":"Radio Ljubu\u0161ki","description":"Sun\u010dana frekvencija Hercegovine","publisher":{"@id":"https:\/\/radioljubuski.ba\/#organization"},"potentialAction":[{"@type":"SearchAction","target":{"@type":"EntryPoint","urlTemplate":"https:\/\/radioljubuski.ba\/?s={search_term_string}"},"query-input":{"@type":"PropertyValueSpecification","valueRequired":true,"valueName":"search_term_string"}}],"inLanguage":"hr"},{"@type":"Organization","@id":"https:\/\/radioljubuski.ba\/#organization","name":"Radio Ljubu\u0161ki","url":"https:\/\/radioljubuski.ba\/","logo":{"@type":"ImageObject","inLanguage":"hr","@id":"https:\/\/radioljubuski.ba\/#\/schema\/logo\/image\/","url":"https:\/\/radioljubuski.ba\/wp-content\/uploads\/2021\/02\/cropped-Radio_Ljubuski_logo1.jpg","contentUrl":"https:\/\/radioljubuski.ba\/wp-content\/uploads\/2021\/02\/cropped-Radio_Ljubuski_logo1.jpg","width":512,"height":512,"caption":"Radio Ljubu\u0161ki"},"image":{"@id":"https:\/\/radioljubuski.ba\/#\/schema\/logo\/image\/"},"sameAs":["https:\/\/www.facebook.com\/Radiio-Ljubuski-1490835324566332","https:\/\/x.com\/radioljubuski","https:\/\/hr.linkedin.com\/company\/radio-ljubuski","https:\/\/www.youtube.com\/channel\/UCHYaeO_n0Db3tjNGudGpXyw"]},{"@type":"Person","@id":"https:\/\/radioljubuski.ba\/#\/schema\/person\/19fc700381a780f69665d7956c469e3b","name":"Radio Ljubu\u0161ki"}]}},"_links":{"self":[{"href":"https:\/\/radioljubuski.ba\/index.php\/wp-json\/wp\/v2\/posts\/130969","targetHints":{"allow":["GET"]}}],"collection":[{"href":"https:\/\/radioljubuski.ba\/index.php\/wp-json\/wp\/v2\/posts"}],"about":[{"href":"https:\/\/radioljubuski.ba\/index.php\/wp-json\/wp\/v2\/types\/post"}],"author":[{"embeddable":true,"href":"https:\/\/radioljubuski.ba\/index.php\/wp-json\/wp\/v2\/users\/2"}],"replies":[{"embeddable":true,"href":"https:\/\/radioljubuski.ba\/index.php\/wp-json\/wp\/v2\/comments?post=130969"}],"version-history":[{"count":1,"href":"https:\/\/radioljubuski.ba\/index.php\/wp-json\/wp\/v2\/posts\/130969\/revisions"}],"predecessor-version":[{"id":130970,"href":"https:\/\/radioljubuski.ba\/index.php\/wp-json\/wp\/v2\/posts\/130969\/revisions\/130970"}],"wp:featuredmedia":[{"embeddable":true,"href":"https:\/\/radioljubuski.ba\/index.php\/wp-json\/wp\/v2\/media\/57737"}],"wp:attachment":[{"href":"https:\/\/radioljubuski.ba\/index.php\/wp-json\/wp\/v2\/media?parent=130969"}],"wp:term":[{"taxonomy":"category","embeddable":true,"href":"https:\/\/radioljubuski.ba\/index.php\/wp-json\/wp\/v2\/categories?post=130969"},{"taxonomy":"post_tag","embeddable":true,"href":"https:\/\/radioljubuski.ba\/index.php\/wp-json\/wp\/v2\/tags?post=130969"}],"curies":[{"name":"wp","href":"https:\/\/api.w.org\/{rel}","templated":true}]}}