{"id":130979,"date":"2022-04-10T09:15:21","date_gmt":"2022-04-10T08:15:21","guid":{"rendered":"https:\/\/radioljubuski.ba\/?p=130979"},"modified":"2022-04-10T09:15:22","modified_gmt":"2022-04-10T08:15:22","slug":"cvjetnica-sto-obiljezavamo-danas-2","status":"publish","type":"post","link":"https:\/\/radioljubuski.ba\/index.php\/2022\/04\/10\/cvjetnica-sto-obiljezavamo-danas-2\/","title":{"rendered":"Cvjetnica \u2013 \u0161to obilje\u017eavamo danas?"},"content":{"rendered":"\n<p><strong>Danas slavimo blagdan Cvjetnice, zadnju korizmenu nedjelju i prvi dan uvoda u sedmicu Muke Gospodnje \u2013 odnosno Velikog tjedna. Na dan Cvjetnice masa odu\u0161evljenih ljudi do\u010dekala je i pratila Isusa na njegovom putu iz Betanije (hebr. ku\u0107a milosr\u0111a) u Jeruzalem (hebr. grad mira). Pri tome se nosili maslinove i palmine grane, rasprostiru\u0107i \u010dak i svoje haljine, pjevaju\u0107i i kli\u010du\u0107i \u017eidovskom kralju i \u010dekanom Mesiji.<\/strong><\/p>\n\n\n\n<h3 class=\"wp-block-heading\"><strong>Cvjetnica slavi Krista kao pobjednika<\/strong><\/h3>\n\n\n\n<p>Pri tome su klicali: \u201eHosana sinu Davidovu!\u201c, \u0161to je stari hebrejski zaziv koji zna\u010di \u201eDaj spasi, sine Davidov!\u201c<br>U procesiji na Cvjetnicu, ponavlja se gesta odu\u0161evljenog naroda koji je pratio Gospodina pri njegovom ulasku u Jeruzalem. Pjevaju\u0107i prati se Isusa sa \u017eeljom da mu izrazi privr\u017eenost i odanost. To je jedno zna\u010denje Cvjetnice, slaviti Krista kao pobjednika!<\/p>\n\n\n\n<p>Drugo zna\u010denje je da nas Cvjetnica uvodi u ono \u0161to \u0107e se dogoditi pet dana kasnije, kada \u0107e ljudi \u0161utjeti ili \u010dak vikati i tra\u017eiti smrt za istoga Krista rije\u010dima: \u201eRaspni ga, raspni ga!\u201c. Tako nas Cvjetnica uvodi u tajnu Velikog Petka kada je Krist umro na kri\u017eu, a nakon toga i u sam blagdan Uskrsa.<\/p>\n\n\n\n<p>Cvjetnica slavi Krista kao pobjednika, ali vodi nas i Kristu pravedniku koji umire sramotnom smr\u0107u odba\u010den od istih koji su mu klicali. Na doslovan i simboli\u010dki na\u010din ovaj blagdan pokazuje ne samo Bo\u017eju, nego i ljudsku stranu ovog blagdana: \u010dovjekovu slabost i potrebu oblikovanja Boga prema svojim kriterijima.<\/p>\n\n\n\n<h3 class=\"wp-block-heading\"><strong>Cvjetnica \u2013 hrvatski obi\u010daji koji \u017eive<\/strong><\/h3>\n\n\n\n<p>Upravo se naziv Cvjetnica posvuda \u017eivo o\u010duvao u hrvatskom narodu i daje najja\u010di otpor gubitku i zaboravu ovih starih narodnih i kr\u0161\u0107anskih naziva podsje\u0107aju\u0107i \u017eivo o prebogatom naslje\u0111u i vjeri generacija na\u0161ih predaka.<\/p>\n\n\n\n<p>Na Cvjetnu nedjelju se na misu nosi stru\u010dak gran\u010dica na blagoslov. Obi\u010dno su to gran\u010dice masline, a uz njih nosile su se i gran\u010dice drijena, lijeske, br\u0161ljana i sl. U Gorskom kotaru blagoslovljeni stru\u010dak stavljao se za rog pod krovom uz rije\u010di \u201cBo\u017ee blagoslovi taj dom\u201d s vjerovanjem da \u0107e ku\u0107u za\u0161tititi od nesre\u0107e. Kod velikog nevremena u vatru se bacao komadi\u0107 blagoslovljenih gran\u010dica, kako bi se za\u0161titila ku\u0107a od groma. U Krasnu iznad Senja poslije mise gran\u010dica se nosi ku\u0107i, gdje se \u010duva tijekom godine zataknuta za pojedine predmete, primjerice okvir svete slike, prozor ili ogledalo, a zati\u010de se i u staju kao za\u0161tita stoke. Osim za\u0161tite ku\u0107e i uku\u0107ana te stoke, vjeruje se da gran\u010dica mo\u017ee \u0161tititi i od nevremena i tu\u010de.<\/p>\n\n\n\n<h3 class=\"wp-block-heading\"><strong>Palmana nedjelja<\/strong><\/h3>\n\n\n\n<p>Cvjetnica se u ju\u017enoj Hrvatskoj zove i Palmana nedjelja te Ne\u0111eja od pome u \u017dupi Dubrova\u010dkoj. Rano u jutro vjernici su se pripremali, da s pomom (isprepletena palmina gran\u010dica) i maslinovim gran\u010dicama ide u crkvu da bi ih blagoslovili. Pomu su nosila samo djeca. One obitelji koje nisu imale djece ili su im djeca ve\u0107 odrasla davali su pome djeci iz susjedstva. Djeci bi bilo drago imati \u0161to vi\u0161e poma, jer se na Uskrs djeci darivala pisanica, a onome tko je nosio pomu dali bi dvije.<\/p>\n\n\n\n<p>Pome su i u 19. stolje\u0107u bile rijetkost, a i danas su cijenjene zato \u0161to se izra\u0111uju samo u ju\u017enom dijelu Hrvatske, a malo \u017eena zna kako se pletu. Nakon blagoslova, pome se odnose u p\u010delinjak, u polje, u staju, a u ku\u0107i se stavljaju ispred raspela ili svete slike. Stara, pro\u0161logodi\u0161nja, poma po obi\u010daju se ne smije baciti u sme\u0107e, ve\u0107 se ili zakapa u zemlju ili se, \u010de\u0161\u0107e, spaljuje, a pepeo se koristi za pepeljenje na Pepelnicu.[9]<\/p>\n\n\n\n<h3 class=\"wp-block-heading\"><strong>Blagoslovljene gran\u010dice gdje god budu unesene \u2013 blagoslov prime prebivatelji onoga mjesta<\/strong><\/h3>\n\n\n\n<p>Stari obrasci molitve blagoslova gran\u010dica isticali su za\u0161titu od zla i bolesti. Me\u0111u starijim formulama blagoslova, a najstarije su iz pribli\u017eno 700. godine, vidna je za\u0161titni\u010dka uloga koja se o\u010ditovala kroz \u010duvanje i jedenje blagoslovljenih gran\u010dica. Na po\u010detku 20. stolje\u0107a i Zagreba\u010dki misal ima molitvu u kojoj se ka\u017ee da blagoslovljene gran\u010dice \u201cgdje god budu unesene blagoslov prime prebivatelji onoga mjesta: i otjerav\u0161i sve protiv\u0161tine Tvoja desnica da za\u0161titi one, koje je otkupio Isukrst, Sin Tvoj Gospod na\u0161.\u201d U novim formulama molitava blagoslova nad gran\u010dicama nagla\u0161ava kristocentri\u010dnost obi\u010daja gdje se isti\u010de vjerni\u010dka uloga nasljedovanja Isusa i dok \u201cdanas dr\u017eimo gran\u010dice u \u010dast Kristu pobjedniku, daj da po Njemu budemo plodni dobrim djelima.\u201d<\/p>\n\n\n\n<p>U nekim hrvatskim krajevima postoji obi\u010daj umivanja na Cvjetnicu (negdje i na Veliku subotu) laticama cvije\u0107a i biljem. To je obi\u010daj djevoja\u010dkog umivanja u proljetnome cvije\u0107u, koje je nabrano u polju ili ispred ku\u0107e i stavljeno u lavor.<\/p>\n\n\n\n<p><em>Izvor: narod.hr<\/em><\/p>\n","protected":false},"excerpt":{"rendered":"<p>Danas slavimo blagdan Cvjetnice, zadnju korizmenu nedjelju i prvi dan uvoda u sedmicu Muke Gospodnje \u2013 odnosno Velikog tjedna. Na dan Cvjetnice masa odu\u0161evljenih ljudi do\u010dekala je i pratila Isusa na njegovom putu iz Betanije (hebr. ku\u0107a milosr\u0111a) u Jeruzalem (hebr. grad mira). Pri tome se nosili maslinove i palmine grane, rasprostiru\u0107i \u010dak i svoje [&hellip;]<\/p>\n","protected":false},"author":2,"featured_media":130980,"comment_status":"closed","ping_status":"closed","sticky":false,"template":"","format":"standard","meta":{"h5ap_radio_sources":[],"footnotes":""},"categories":[1],"tags":[],"class_list":["post-130979","post","type-post","status-publish","format-standard","has-post-thumbnail","hentry","category-bihiregija"],"yoast_head":"<!-- This site is optimized with the Yoast SEO plugin v27.4 - https:\/\/yoast.com\/product\/yoast-seo-wordpress\/ -->\n<title>Cvjetnica \u2013 \u0161to obilje\u017eavamo danas? - RADIO LJUBU\u0160KI<\/title>\n<meta name=\"robots\" content=\"index, follow, max-snippet:-1, max-image-preview:large, max-video-preview:-1\" \/>\n<link rel=\"canonical\" href=\"https:\/\/radioljubuski.ba\/index.php\/2022\/04\/10\/cvjetnica-sto-obiljezavamo-danas-2\/\" \/>\n<meta property=\"og:locale\" content=\"hr_HR\" \/>\n<meta property=\"og:type\" content=\"article\" \/>\n<meta property=\"og:title\" content=\"Cvjetnica \u2013 \u0161to obilje\u017eavamo danas? - RADIO LJUBU\u0160KI\" \/>\n<meta property=\"og:description\" content=\"Danas slavimo blagdan Cvjetnice, zadnju korizmenu nedjelju i prvi dan uvoda u sedmicu Muke Gospodnje \u2013 odnosno Velikog tjedna. Na dan Cvjetnice masa odu\u0161evljenih ljudi do\u010dekala je i pratila Isusa na njegovom putu iz Betanije (hebr. ku\u0107a milosr\u0111a) u Jeruzalem (hebr. grad mira). Pri tome se nosili maslinove i palmine grane, rasprostiru\u0107i \u010dak i svoje [&hellip;]\" \/>\n<meta property=\"og:url\" content=\"https:\/\/radioljubuski.ba\/index.php\/2022\/04\/10\/cvjetnica-sto-obiljezavamo-danas-2\/\" \/>\n<meta property=\"og:site_name\" content=\"RADIO LJUBU\u0160KI\" \/>\n<meta property=\"article:publisher\" content=\"https:\/\/www.facebook.com\/Radiio-Ljubuski-1490835324566332\" \/>\n<meta property=\"article:published_time\" content=\"2022-04-10T08:15:21+00:00\" \/>\n<meta property=\"article:modified_time\" content=\"2022-04-10T08:15:22+00:00\" \/>\n<meta property=\"og:image\" content=\"https:\/\/radioljubuski.ba\/wp-content\/uploads\/2022\/04\/palm-sunday-jesus-christ-on-donkey-800x450-696x392-1.jpg\" \/>\n\t<meta property=\"og:image:width\" content=\"696\" \/>\n\t<meta property=\"og:image:height\" content=\"392\" \/>\n\t<meta property=\"og:image:type\" content=\"image\/jpeg\" \/>\n<meta name=\"author\" content=\"Radio Ljubu\u0161ki\" \/>\n<meta name=\"twitter:card\" content=\"summary_large_image\" \/>\n<meta name=\"twitter:creator\" content=\"@radioljubuski\" \/>\n<meta name=\"twitter:site\" content=\"@radioljubuski\" \/>\n<meta name=\"twitter:label1\" content=\"Napisao\/la\" \/>\n\t<meta name=\"twitter:data1\" content=\"Radio Ljubu\u0161ki\" \/>\n\t<meta name=\"twitter:label2\" content=\"Procijenjeno vrijeme \u010ditanja\" \/>\n\t<meta name=\"twitter:data2\" content=\"4 minute\" \/>\n<script type=\"application\/ld+json\" class=\"yoast-schema-graph\">{\"@context\":\"https:\\\/\\\/schema.org\",\"@graph\":[{\"@type\":\"Article\",\"@id\":\"https:\\\/\\\/radioljubuski.ba\\\/index.php\\\/2022\\\/04\\\/10\\\/cvjetnica-sto-obiljezavamo-danas-2\\\/#article\",\"isPartOf\":{\"@id\":\"https:\\\/\\\/radioljubuski.ba\\\/index.php\\\/2022\\\/04\\\/10\\\/cvjetnica-sto-obiljezavamo-danas-2\\\/\"},\"author\":{\"name\":\"Radio Ljubu\u0161ki\",\"@id\":\"https:\\\/\\\/radioljubuski.ba\\\/#\\\/schema\\\/person\\\/19fc700381a780f69665d7956c469e3b\"},\"headline\":\"Cvjetnica \u2013 \u0161to obilje\u017eavamo danas?\",\"datePublished\":\"2022-04-10T08:15:21+00:00\",\"dateModified\":\"2022-04-10T08:15:22+00:00\",\"mainEntityOfPage\":{\"@id\":\"https:\\\/\\\/radioljubuski.ba\\\/index.php\\\/2022\\\/04\\\/10\\\/cvjetnica-sto-obiljezavamo-danas-2\\\/\"},\"wordCount\":826,\"publisher\":{\"@id\":\"https:\\\/\\\/radioljubuski.ba\\\/#organization\"},\"image\":{\"@id\":\"https:\\\/\\\/radioljubuski.ba\\\/index.php\\\/2022\\\/04\\\/10\\\/cvjetnica-sto-obiljezavamo-danas-2\\\/#primaryimage\"},\"thumbnailUrl\":\"https:\\\/\\\/radioljubuski.ba\\\/wp-content\\\/uploads\\\/2022\\\/04\\\/palm-sunday-jesus-christ-on-donkey-800x450-696x392-1.jpg\",\"articleSection\":[\"BIH i regija\"],\"inLanguage\":\"hr\"},{\"@type\":\"WebPage\",\"@id\":\"https:\\\/\\\/radioljubuski.ba\\\/index.php\\\/2022\\\/04\\\/10\\\/cvjetnica-sto-obiljezavamo-danas-2\\\/\",\"url\":\"https:\\\/\\\/radioljubuski.ba\\\/index.php\\\/2022\\\/04\\\/10\\\/cvjetnica-sto-obiljezavamo-danas-2\\\/\",\"name\":\"Cvjetnica \u2013 \u0161to obilje\u017eavamo danas? - RADIO LJUBU\u0160KI\",\"isPartOf\":{\"@id\":\"https:\\\/\\\/radioljubuski.ba\\\/#website\"},\"primaryImageOfPage\":{\"@id\":\"https:\\\/\\\/radioljubuski.ba\\\/index.php\\\/2022\\\/04\\\/10\\\/cvjetnica-sto-obiljezavamo-danas-2\\\/#primaryimage\"},\"image\":{\"@id\":\"https:\\\/\\\/radioljubuski.ba\\\/index.php\\\/2022\\\/04\\\/10\\\/cvjetnica-sto-obiljezavamo-danas-2\\\/#primaryimage\"},\"thumbnailUrl\":\"https:\\\/\\\/radioljubuski.ba\\\/wp-content\\\/uploads\\\/2022\\\/04\\\/palm-sunday-jesus-christ-on-donkey-800x450-696x392-1.jpg\",\"datePublished\":\"2022-04-10T08:15:21+00:00\",\"dateModified\":\"2022-04-10T08:15:22+00:00\",\"breadcrumb\":{\"@id\":\"https:\\\/\\\/radioljubuski.ba\\\/index.php\\\/2022\\\/04\\\/10\\\/cvjetnica-sto-obiljezavamo-danas-2\\\/#breadcrumb\"},\"inLanguage\":\"hr\",\"potentialAction\":[{\"@type\":\"ReadAction\",\"target\":[\"https:\\\/\\\/radioljubuski.ba\\\/index.php\\\/2022\\\/04\\\/10\\\/cvjetnica-sto-obiljezavamo-danas-2\\\/\"]}]},{\"@type\":\"ImageObject\",\"inLanguage\":\"hr\",\"@id\":\"https:\\\/\\\/radioljubuski.ba\\\/index.php\\\/2022\\\/04\\\/10\\\/cvjetnica-sto-obiljezavamo-danas-2\\\/#primaryimage\",\"url\":\"https:\\\/\\\/radioljubuski.ba\\\/wp-content\\\/uploads\\\/2022\\\/04\\\/palm-sunday-jesus-christ-on-donkey-800x450-696x392-1.jpg\",\"contentUrl\":\"https:\\\/\\\/radioljubuski.ba\\\/wp-content\\\/uploads\\\/2022\\\/04\\\/palm-sunday-jesus-christ-on-donkey-800x450-696x392-1.jpg\",\"width\":696,\"height\":392},{\"@type\":\"BreadcrumbList\",\"@id\":\"https:\\\/\\\/radioljubuski.ba\\\/index.php\\\/2022\\\/04\\\/10\\\/cvjetnica-sto-obiljezavamo-danas-2\\\/#breadcrumb\",\"itemListElement\":[{\"@type\":\"ListItem\",\"position\":1,\"name\":\"Po\u010detna stranica\",\"item\":\"https:\\\/\\\/radioljubuski.ba\\\/\"},{\"@type\":\"ListItem\",\"position\":2,\"name\":\"Cvjetnica \u2013 \u0161to obilje\u017eavamo danas?\"}]},{\"@type\":\"WebSite\",\"@id\":\"https:\\\/\\\/radioljubuski.ba\\\/#website\",\"url\":\"https:\\\/\\\/radioljubuski.ba\\\/\",\"name\":\"Radio Ljubu\u0161ki\",\"description\":\"Sun\u010dana frekvencija Hercegovine\",\"publisher\":{\"@id\":\"https:\\\/\\\/radioljubuski.ba\\\/#organization\"},\"potentialAction\":[{\"@type\":\"SearchAction\",\"target\":{\"@type\":\"EntryPoint\",\"urlTemplate\":\"https:\\\/\\\/radioljubuski.ba\\\/?s={search_term_string}\"},\"query-input\":{\"@type\":\"PropertyValueSpecification\",\"valueRequired\":true,\"valueName\":\"search_term_string\"}}],\"inLanguage\":\"hr\"},{\"@type\":\"Organization\",\"@id\":\"https:\\\/\\\/radioljubuski.ba\\\/#organization\",\"name\":\"Radio Ljubu\u0161ki\",\"url\":\"https:\\\/\\\/radioljubuski.ba\\\/\",\"logo\":{\"@type\":\"ImageObject\",\"inLanguage\":\"hr\",\"@id\":\"https:\\\/\\\/radioljubuski.ba\\\/#\\\/schema\\\/logo\\\/image\\\/\",\"url\":\"https:\\\/\\\/radioljubuski.ba\\\/wp-content\\\/uploads\\\/2021\\\/02\\\/cropped-Radio_Ljubuski_logo1.jpg\",\"contentUrl\":\"https:\\\/\\\/radioljubuski.ba\\\/wp-content\\\/uploads\\\/2021\\\/02\\\/cropped-Radio_Ljubuski_logo1.jpg\",\"width\":512,\"height\":512,\"caption\":\"Radio Ljubu\u0161ki\"},\"image\":{\"@id\":\"https:\\\/\\\/radioljubuski.ba\\\/#\\\/schema\\\/logo\\\/image\\\/\"},\"sameAs\":[\"https:\\\/\\\/www.facebook.com\\\/Radiio-Ljubuski-1490835324566332\",\"https:\\\/\\\/x.com\\\/radioljubuski\",\"https:\\\/\\\/hr.linkedin.com\\\/company\\\/radio-ljubuski\",\"https:\\\/\\\/www.youtube.com\\\/channel\\\/UCHYaeO_n0Db3tjNGudGpXyw\"]},{\"@type\":\"Person\",\"@id\":\"https:\\\/\\\/radioljubuski.ba\\\/#\\\/schema\\\/person\\\/19fc700381a780f69665d7956c469e3b\",\"name\":\"Radio Ljubu\u0161ki\"}]}<\/script>\n<!-- \/ Yoast SEO plugin. -->","yoast_head_json":{"title":"Cvjetnica \u2013 \u0161to obilje\u017eavamo danas? - RADIO LJUBU\u0160KI","robots":{"index":"index","follow":"follow","max-snippet":"max-snippet:-1","max-image-preview":"max-image-preview:large","max-video-preview":"max-video-preview:-1"},"canonical":"https:\/\/radioljubuski.ba\/index.php\/2022\/04\/10\/cvjetnica-sto-obiljezavamo-danas-2\/","og_locale":"hr_HR","og_type":"article","og_title":"Cvjetnica \u2013 \u0161to obilje\u017eavamo danas? - RADIO LJUBU\u0160KI","og_description":"Danas slavimo blagdan Cvjetnice, zadnju korizmenu nedjelju i prvi dan uvoda u sedmicu Muke Gospodnje \u2013 odnosno Velikog tjedna. Na dan Cvjetnice masa odu\u0161evljenih ljudi do\u010dekala je i pratila Isusa na njegovom putu iz Betanije (hebr. ku\u0107a milosr\u0111a) u Jeruzalem (hebr. grad mira). Pri tome se nosili maslinove i palmine grane, rasprostiru\u0107i \u010dak i svoje [&hellip;]","og_url":"https:\/\/radioljubuski.ba\/index.php\/2022\/04\/10\/cvjetnica-sto-obiljezavamo-danas-2\/","og_site_name":"RADIO LJUBU\u0160KI","article_publisher":"https:\/\/www.facebook.com\/Radiio-Ljubuski-1490835324566332","article_published_time":"2022-04-10T08:15:21+00:00","article_modified_time":"2022-04-10T08:15:22+00:00","og_image":[{"width":696,"height":392,"url":"https:\/\/radioljubuski.ba\/wp-content\/uploads\/2022\/04\/palm-sunday-jesus-christ-on-donkey-800x450-696x392-1.jpg","type":"image\/jpeg"}],"author":"Radio Ljubu\u0161ki","twitter_card":"summary_large_image","twitter_creator":"@radioljubuski","twitter_site":"@radioljubuski","twitter_misc":{"Napisao\/la":"Radio Ljubu\u0161ki","Procijenjeno vrijeme \u010ditanja":"4 minute"},"schema":{"@context":"https:\/\/schema.org","@graph":[{"@type":"Article","@id":"https:\/\/radioljubuski.ba\/index.php\/2022\/04\/10\/cvjetnica-sto-obiljezavamo-danas-2\/#article","isPartOf":{"@id":"https:\/\/radioljubuski.ba\/index.php\/2022\/04\/10\/cvjetnica-sto-obiljezavamo-danas-2\/"},"author":{"name":"Radio Ljubu\u0161ki","@id":"https:\/\/radioljubuski.ba\/#\/schema\/person\/19fc700381a780f69665d7956c469e3b"},"headline":"Cvjetnica \u2013 \u0161to obilje\u017eavamo danas?","datePublished":"2022-04-10T08:15:21+00:00","dateModified":"2022-04-10T08:15:22+00:00","mainEntityOfPage":{"@id":"https:\/\/radioljubuski.ba\/index.php\/2022\/04\/10\/cvjetnica-sto-obiljezavamo-danas-2\/"},"wordCount":826,"publisher":{"@id":"https:\/\/radioljubuski.ba\/#organization"},"image":{"@id":"https:\/\/radioljubuski.ba\/index.php\/2022\/04\/10\/cvjetnica-sto-obiljezavamo-danas-2\/#primaryimage"},"thumbnailUrl":"https:\/\/radioljubuski.ba\/wp-content\/uploads\/2022\/04\/palm-sunday-jesus-christ-on-donkey-800x450-696x392-1.jpg","articleSection":["BIH i regija"],"inLanguage":"hr"},{"@type":"WebPage","@id":"https:\/\/radioljubuski.ba\/index.php\/2022\/04\/10\/cvjetnica-sto-obiljezavamo-danas-2\/","url":"https:\/\/radioljubuski.ba\/index.php\/2022\/04\/10\/cvjetnica-sto-obiljezavamo-danas-2\/","name":"Cvjetnica \u2013 \u0161to obilje\u017eavamo danas? - RADIO LJUBU\u0160KI","isPartOf":{"@id":"https:\/\/radioljubuski.ba\/#website"},"primaryImageOfPage":{"@id":"https:\/\/radioljubuski.ba\/index.php\/2022\/04\/10\/cvjetnica-sto-obiljezavamo-danas-2\/#primaryimage"},"image":{"@id":"https:\/\/radioljubuski.ba\/index.php\/2022\/04\/10\/cvjetnica-sto-obiljezavamo-danas-2\/#primaryimage"},"thumbnailUrl":"https:\/\/radioljubuski.ba\/wp-content\/uploads\/2022\/04\/palm-sunday-jesus-christ-on-donkey-800x450-696x392-1.jpg","datePublished":"2022-04-10T08:15:21+00:00","dateModified":"2022-04-10T08:15:22+00:00","breadcrumb":{"@id":"https:\/\/radioljubuski.ba\/index.php\/2022\/04\/10\/cvjetnica-sto-obiljezavamo-danas-2\/#breadcrumb"},"inLanguage":"hr","potentialAction":[{"@type":"ReadAction","target":["https:\/\/radioljubuski.ba\/index.php\/2022\/04\/10\/cvjetnica-sto-obiljezavamo-danas-2\/"]}]},{"@type":"ImageObject","inLanguage":"hr","@id":"https:\/\/radioljubuski.ba\/index.php\/2022\/04\/10\/cvjetnica-sto-obiljezavamo-danas-2\/#primaryimage","url":"https:\/\/radioljubuski.ba\/wp-content\/uploads\/2022\/04\/palm-sunday-jesus-christ-on-donkey-800x450-696x392-1.jpg","contentUrl":"https:\/\/radioljubuski.ba\/wp-content\/uploads\/2022\/04\/palm-sunday-jesus-christ-on-donkey-800x450-696x392-1.jpg","width":696,"height":392},{"@type":"BreadcrumbList","@id":"https:\/\/radioljubuski.ba\/index.php\/2022\/04\/10\/cvjetnica-sto-obiljezavamo-danas-2\/#breadcrumb","itemListElement":[{"@type":"ListItem","position":1,"name":"Po\u010detna stranica","item":"https:\/\/radioljubuski.ba\/"},{"@type":"ListItem","position":2,"name":"Cvjetnica \u2013 \u0161to obilje\u017eavamo danas?"}]},{"@type":"WebSite","@id":"https:\/\/radioljubuski.ba\/#website","url":"https:\/\/radioljubuski.ba\/","name":"Radio Ljubu\u0161ki","description":"Sun\u010dana frekvencija Hercegovine","publisher":{"@id":"https:\/\/radioljubuski.ba\/#organization"},"potentialAction":[{"@type":"SearchAction","target":{"@type":"EntryPoint","urlTemplate":"https:\/\/radioljubuski.ba\/?s={search_term_string}"},"query-input":{"@type":"PropertyValueSpecification","valueRequired":true,"valueName":"search_term_string"}}],"inLanguage":"hr"},{"@type":"Organization","@id":"https:\/\/radioljubuski.ba\/#organization","name":"Radio Ljubu\u0161ki","url":"https:\/\/radioljubuski.ba\/","logo":{"@type":"ImageObject","inLanguage":"hr","@id":"https:\/\/radioljubuski.ba\/#\/schema\/logo\/image\/","url":"https:\/\/radioljubuski.ba\/wp-content\/uploads\/2021\/02\/cropped-Radio_Ljubuski_logo1.jpg","contentUrl":"https:\/\/radioljubuski.ba\/wp-content\/uploads\/2021\/02\/cropped-Radio_Ljubuski_logo1.jpg","width":512,"height":512,"caption":"Radio Ljubu\u0161ki"},"image":{"@id":"https:\/\/radioljubuski.ba\/#\/schema\/logo\/image\/"},"sameAs":["https:\/\/www.facebook.com\/Radiio-Ljubuski-1490835324566332","https:\/\/x.com\/radioljubuski","https:\/\/hr.linkedin.com\/company\/radio-ljubuski","https:\/\/www.youtube.com\/channel\/UCHYaeO_n0Db3tjNGudGpXyw"]},{"@type":"Person","@id":"https:\/\/radioljubuski.ba\/#\/schema\/person\/19fc700381a780f69665d7956c469e3b","name":"Radio Ljubu\u0161ki"}]}},"_links":{"self":[{"href":"https:\/\/radioljubuski.ba\/index.php\/wp-json\/wp\/v2\/posts\/130979","targetHints":{"allow":["GET"]}}],"collection":[{"href":"https:\/\/radioljubuski.ba\/index.php\/wp-json\/wp\/v2\/posts"}],"about":[{"href":"https:\/\/radioljubuski.ba\/index.php\/wp-json\/wp\/v2\/types\/post"}],"author":[{"embeddable":true,"href":"https:\/\/radioljubuski.ba\/index.php\/wp-json\/wp\/v2\/users\/2"}],"replies":[{"embeddable":true,"href":"https:\/\/radioljubuski.ba\/index.php\/wp-json\/wp\/v2\/comments?post=130979"}],"version-history":[{"count":1,"href":"https:\/\/radioljubuski.ba\/index.php\/wp-json\/wp\/v2\/posts\/130979\/revisions"}],"predecessor-version":[{"id":130981,"href":"https:\/\/radioljubuski.ba\/index.php\/wp-json\/wp\/v2\/posts\/130979\/revisions\/130981"}],"wp:featuredmedia":[{"embeddable":true,"href":"https:\/\/radioljubuski.ba\/index.php\/wp-json\/wp\/v2\/media\/130980"}],"wp:attachment":[{"href":"https:\/\/radioljubuski.ba\/index.php\/wp-json\/wp\/v2\/media?parent=130979"}],"wp:term":[{"taxonomy":"category","embeddable":true,"href":"https:\/\/radioljubuski.ba\/index.php\/wp-json\/wp\/v2\/categories?post=130979"},{"taxonomy":"post_tag","embeddable":true,"href":"https:\/\/radioljubuski.ba\/index.php\/wp-json\/wp\/v2\/tags?post=130979"}],"curies":[{"name":"wp","href":"https:\/\/api.w.org\/{rel}","templated":true}]}}