{"id":130985,"date":"2022-04-10T09:19:44","date_gmt":"2022-04-10T08:19:44","guid":{"rendered":"https:\/\/radioljubuski.ba\/?p=130985"},"modified":"2022-04-10T09:19:46","modified_gmt":"2022-04-10T08:19:46","slug":"francuzi-danas-glasuju-u-prvom-krugu-predsjednickih-izbora-tko-ce-uci-u-drugi-krug","status":"publish","type":"post","link":"https:\/\/radioljubuski.ba\/index.php\/2022\/04\/10\/francuzi-danas-glasuju-u-prvom-krugu-predsjednickih-izbora-tko-ce-uci-u-drugi-krug\/","title":{"rendered":"Francuzi danas glasuju u prvom krugu predsjedni\u010dkih izbora: Tko \u0107e u\u0107i u drugi krug?"},"content":{"rendered":"\n<p><strong>Francuzi u nedjelju glasuju u prvom krugu predsjedni\u010dkih izbora.&nbsp;<\/strong><\/p>\n\n\n\n<p>Oko 48,7 milijuna bira\u010da prijavljeno je u registru bira\u010da. Prva dva kandidata koja pobijede u prvom krugu, ulaze u drugi krug glasovanja koji \u0107e se odr\u017eati 24. travnja.<\/p>\n\n\n\n<p>Napetosti su uo\u010di izbora bile velike, a ankete sugeriraju da \u0107e drugi krug glasovanja dva tjedna kasnije biti neophodan za dobivanje valjanog rezultata.<\/p>\n\n\n\n<p>U petak, po prvi put u predizbornoj kampanji, anketa francuskog instituta Atlas Intel dovela je Macronovu najve\u0107u suparnicu Marine Le Pen ispred Macrona za jedan postotni bod u drugom krugu, prenio je&nbsp;<a href=\"https:\/\/rmx.news\/article\/macron-makes-explosive-claim-that-poland-is-led-by-a-far-right-anti-semite-accuses-polish-pm-morawiecki-of-attempting-to-interfere-in-french-election\/\">Rmx.news<\/a>. Le Pen je tako u anketi nadma\u0161ila \u010dovjeka kojeg nije uspjela pobijediti prije pet godina, kada su rezultati bili 50,5 posto prema 49,5 posto.<\/p>\n\n\n\n<h3 class=\"wp-block-heading\"><strong>Promjene u rezultatima anketa<\/strong><\/h3>\n\n\n\n<p>Podsjetimo, prema anketama objavljenima u sije\u010dnju Macron je bio favorit, dok je na drugom mjestu bila republikanska kandidatkinja Val\u00e9rie P\u00e9cresse s oko 15 posto podr\u0161ke. Ona se smatra pripadnicom liberalne struje u stranci, a sebe opisuje kao \u201cjednu tre\u0107inu Margaret Thatcher i dvije tre\u0107ine Angele Merkel\u201d. Iza nje su po anketama tada bili Marine Le Pen i Eric Zemmour, oboje kandidati suverenisti\u010dke desnice.<\/p>\n\n\n\n<p>Me\u0111utim, u kasnijim je anketama P\u00e9cresse pala na ispod 10 posto, te su joj predvi\u0111ale izme\u0111u 8 i 9.5 posto glasova. Macronu su ankete predvi\u0111ale izme\u0111u 25 i 27.5 posto glasova, dok se Le Pen pribli\u017eila Macronu s 20 do 23.5 posto podr\u0161ke bira\u010da. Iza Le Pen nalazi se kandidat ekstremne ljevice Jean-Luc Melenchon kojeg podr\u017eava izme\u0111u 14 i 17.5 posto bira\u010da.<\/p>\n\n\n\n<p>I Zemmour bi mogao pro\u0107i bolje od P\u00e9cresse, te njega po anketama podr\u017eava izme\u0111u 8,5 i 11 posto bira\u010da, pa tako ove ankete pokazuju trend borbe za svaki glas, ako niti jedan kandidat&nbsp;<strong>10. travnja<\/strong>&nbsp;ne dobije podr\u0161ku barem 50 posto bira\u010da iza\u0161lih na izbore.<\/p>\n\n\n\n<h3 class=\"wp-block-heading\"><strong>\u0160to su kandidati rekli o eutanaziji?<\/strong><\/h3>\n\n\n\n<p>\u0160to mislite o potpomognutom samoubojstvu, eutanaziji i palijativnoj skrbi? Francuski katoli\u010dki \u010dasopis&nbsp;<a href=\"https:\/\/www.famillechretienne.fr\/37905\/article\/six-candidats-a-la-presidentielle-nous-repondent-sur-la-fin-de-vie\">Famille Chr\u00e9tienne<\/a>&nbsp;pitao je \u0161est od dvanaest kandidata u utrci za predsjednika Francuske ta pitanja.<\/p>\n\n\n\n<p>Kandidatkinja Valerie Pecresse zala\u017ee se za odr\u017eavanje postoje\u0107e sudske prakse. U slu\u010daju terminalno bolesnih pacijenata na kraju \u017eivota, ona pru\u017ea mogu\u0107nost duboke i kontinuirane sedacije do smrti. \u201c\u0160to se ti\u010de eutanazije i potpomognutog samoubojstva, potrebna nam je potpuna sloboda savjesti jer su to intimne, osobne ili obiteljske situacije\u2026\u201d Eutanazija ne odgovara njezinoj viziji ljudskog dostojanstva. \u201cNeugodna mi je pomisao da \u017eivim u zemlji koja omogu\u0107uje smrt. Ne \u017eelim da je stari ljudi izaberu jer sebe vide kao teret za svoje najmilije. Slabost mora biti mjesto u na\u0161em dru\u0161tvu. Ona je dio \u017eivota.\u201d Filozof Damien Le Guay napominje da, iako gra\u0111anska prava uvijek rado nagla\u0161avaju moralna na\u010dela u dru\u0161tvenim pitanjima, ne preuzimaju konkretne obveze za financijsku i prakti\u010dnu provedbu. \u201cFrancuska je desnica, na\u017ealost, predugo vjerovala da je o ovim temama dovoljno navesti velikodu\u0161na na\u010dela i ulo\u017eiti oskudna sredstva, kao da se Francuzi time mogu zadovoljiti\u201d, isti\u010de.<\/p>\n\n\n\n<p>Marine Le Pen je \u201capsolutno protiv legalizacije eutanazije\u201d i vidi zna\u010dajne nedostatke u palijativnoj skrbi u Francuskoj. \u201cVrlo sam sumnji\u010dava prema evoluciji na\u0161ih trgova\u010dkih dru\u0161tava koja mjere ljude prema njihovoj korisnosti. Ima onih koji su korisni i onih koji se smatraju beskorisnima: mislim na starije osobe, osobe s invaliditetom, osobe na kraju \u017eivota itd.\u201d S 20 milijardi eura koje bi dala zdravstvenom sektoru, ona \u017eeli dosljedno nastaviti s razvojem palijativne skrbi.<\/p>\n\n\n\n<h3 class=\"wp-block-heading\"><strong>Zemmour: O dostojanstvu pacijenta se ne mo\u017ee pregovarati<\/strong><\/h3>\n\n\n\n<p>Eric Zemmour, \u201cprido\u0161lica\u201d na politi\u010dkoj sceni i jo\u0161 jedan izaziva\u010d aktualnog predsjednika Emmanuela Macrona, s desna, \u017eeli se izvu\u0107i iz zamke \u201cpati ili umri\u201d. \u201cO dostojanstvu pacijenta se ne mo\u017ee pregovarati, ono ne ovisi o njegovoj autonomiji ili stanju svijesti. Ina\u010de su vrata otvorena svim ekscesima.\u201d Stupanj ljudskosti u dru\u0161tvu mo\u017ee se mjeriti po tome koliko se ono brine o svojim starima, umiru\u0107ima i najslabijima. Umjesto da legalizira eutanaziju, \u017eeli \u201cu\u010diniti sve da ubla\u017ei bol\u201d \u0161irenjem palijativne medicine i omogu\u0107iti svima \u201cmiran i human kraj \u017eivota\u201d. Le Guay ovdje tako\u0111er vidi ispravan pristup, ali \u017eeli vidjeti podatke o prakti\u010dnoj provedbi. \u201cEric Zemmour \u017eeli uspostaviti \u201cveliki plan\u201d za palijativnu skrb. \u010cak i ako to ne kvantificira (\u0161to bi trebao u\u010diniti), to ipak ukazuje na sna\u017enu ambiciju. Nadajmo se da ova ambicija nije samo obrambena, da se bori protiv eutanazije, i da mo\u017ee bolje i detaljnije argumentirati.<\/p>\n\n\n\n<p>Macron je trenuta\u010dno daleko ispred svih u anketama o namjerama glasovanja. \u201cFamille chr\u00e9tienne\u201d nije s njim izravno razgovarala, ve\u0107 ga citira iz knjige intervjua s glavnim urednikom \u010dasopisa, koja \u0107e iza\u0107i u o\u017eujku. On nema skrivenu agendu o dru\u0161tvenim pitanjima. Prije svega, zalagao se za primjenu postoje\u0107eg zakonodavstva i smanjenje patnje. \u201cTreba li i\u0107i dalje?\u201d Ovo pitanje je civilizacijske prirode, koje zaslu\u017euje vrlo \u0161iroku raspravu. Damien Le Guay se \u017eali da je delegiranje odluke na \u0161iroke dru\u0161tvene konzultacije jednostavan na\u010din prepu\u0161tanja utjecaja lobisti\u010dkim skupinama, pristajanja na mi\u0161ljenje ve\u0107ine i pranja ruku od odgovornosti.<\/p>\n\n\n\n<h3 class=\"wp-block-heading\"><strong>Samo lijevi kandidati za liberalizaciju<\/strong><\/h3>\n\n\n\n<p>Komunist Jean-Luc Melenchon trenuta\u010dno je na petom mjestu u izbornim anketama iza Emmanuela Macrona i njegovih bur\u017eoasko-konzervativnih izaziva\u010da. On i kandidat Zelene stranke Yannick Jadot zala\u017eu se za liberalizaciju zakona o eutanaziji i potpomognutim samoubojstvima. Pritom se i jedni i drugi zala\u017eu za \u0161irenje palijativne skrbi.<\/p>\n\n\n\n<p><em>Izvor: narod.hr<\/em><\/p>\n","protected":false},"excerpt":{"rendered":"<p>Francuzi u nedjelju glasuju u prvom krugu predsjedni\u010dkih izbora.&nbsp; Oko 48,7 milijuna bira\u010da prijavljeno je u registru bira\u010da. Prva dva kandidata koja pobijede u prvom krugu, ulaze u drugi krug glasovanja koji \u0107e se odr\u017eati 24. travnja. Napetosti su uo\u010di izbora bile velike, a ankete sugeriraju da \u0107e drugi krug glasovanja dva tjedna kasnije biti [&hellip;]<\/p>\n","protected":false},"author":2,"featured_media":130986,"comment_status":"closed","ping_status":"closed","sticky":false,"template":"","format":"standard","meta":{"h5ap_radio_sources":[],"footnotes":""},"categories":[1],"tags":[],"class_list":["post-130985","post","type-post","status-publish","format-standard","has-post-thumbnail","hentry","category-bihiregija"],"yoast_head":"<!-- This site is optimized with the Yoast SEO plugin v27.4 - https:\/\/yoast.com\/product\/yoast-seo-wordpress\/ -->\n<title>Francuzi danas glasuju u prvom krugu predsjedni\u010dkih izbora: Tko \u0107e u\u0107i u drugi krug? - RADIO LJUBU\u0160KI<\/title>\n<meta name=\"robots\" content=\"index, follow, max-snippet:-1, max-image-preview:large, max-video-preview:-1\" \/>\n<link rel=\"canonical\" href=\"https:\/\/radioljubuski.ba\/index.php\/2022\/04\/10\/francuzi-danas-glasuju-u-prvom-krugu-predsjednickih-izbora-tko-ce-uci-u-drugi-krug\/\" \/>\n<meta property=\"og:locale\" content=\"hr_HR\" \/>\n<meta property=\"og:type\" content=\"article\" \/>\n<meta property=\"og:title\" content=\"Francuzi danas glasuju u prvom krugu predsjedni\u010dkih izbora: Tko \u0107e u\u0107i u drugi krug? - RADIO LJUBU\u0160KI\" \/>\n<meta property=\"og:description\" content=\"Francuzi u nedjelju glasuju u prvom krugu predsjedni\u010dkih izbora.&nbsp; Oko 48,7 milijuna bira\u010da prijavljeno je u registru bira\u010da. Prva dva kandidata koja pobijede u prvom krugu, ulaze u drugi krug glasovanja koji \u0107e se odr\u017eati 24. travnja. Napetosti su uo\u010di izbora bile velike, a ankete sugeriraju da \u0107e drugi krug glasovanja dva tjedna kasnije biti [&hellip;]\" \/>\n<meta property=\"og:url\" content=\"https:\/\/radioljubuski.ba\/index.php\/2022\/04\/10\/francuzi-danas-glasuju-u-prvom-krugu-predsjednickih-izbora-tko-ce-uci-u-drugi-krug\/\" \/>\n<meta property=\"og:site_name\" content=\"RADIO LJUBU\u0160KI\" \/>\n<meta property=\"article:publisher\" content=\"https:\/\/www.facebook.com\/Radiio-Ljubuski-1490835324566332\" \/>\n<meta property=\"article:published_time\" content=\"2022-04-10T08:19:44+00:00\" \/>\n<meta property=\"article:modified_time\" content=\"2022-04-10T08:19:46+00:00\" \/>\n<meta property=\"og:image\" content=\"https:\/\/radioljubuski.ba\/wp-content\/uploads\/2022\/04\/Depositphotos_7725584_L-696x435-1.jpg\" \/>\n\t<meta property=\"og:image:width\" content=\"696\" \/>\n\t<meta property=\"og:image:height\" content=\"435\" \/>\n\t<meta property=\"og:image:type\" content=\"image\/jpeg\" \/>\n<meta name=\"author\" content=\"Radio Ljubu\u0161ki\" \/>\n<meta name=\"twitter:card\" content=\"summary_large_image\" \/>\n<meta name=\"twitter:creator\" content=\"@radioljubuski\" \/>\n<meta name=\"twitter:site\" content=\"@radioljubuski\" \/>\n<meta name=\"twitter:label1\" content=\"Napisao\/la\" \/>\n\t<meta name=\"twitter:data1\" content=\"Radio Ljubu\u0161ki\" \/>\n\t<meta name=\"twitter:label2\" content=\"Procijenjeno vrijeme \u010ditanja\" \/>\n\t<meta name=\"twitter:data2\" content=\"4 minute\" \/>\n<script type=\"application\/ld+json\" class=\"yoast-schema-graph\">{\"@context\":\"https:\\\/\\\/schema.org\",\"@graph\":[{\"@type\":\"Article\",\"@id\":\"https:\\\/\\\/radioljubuski.ba\\\/index.php\\\/2022\\\/04\\\/10\\\/francuzi-danas-glasuju-u-prvom-krugu-predsjednickih-izbora-tko-ce-uci-u-drugi-krug\\\/#article\",\"isPartOf\":{\"@id\":\"https:\\\/\\\/radioljubuski.ba\\\/index.php\\\/2022\\\/04\\\/10\\\/francuzi-danas-glasuju-u-prvom-krugu-predsjednickih-izbora-tko-ce-uci-u-drugi-krug\\\/\"},\"author\":{\"name\":\"Radio Ljubu\u0161ki\",\"@id\":\"https:\\\/\\\/radioljubuski.ba\\\/#\\\/schema\\\/person\\\/19fc700381a780f69665d7956c469e3b\"},\"headline\":\"Francuzi danas glasuju u prvom krugu predsjedni\u010dkih izbora: Tko \u0107e u\u0107i u drugi krug?\",\"datePublished\":\"2022-04-10T08:19:44+00:00\",\"dateModified\":\"2022-04-10T08:19:46+00:00\",\"mainEntityOfPage\":{\"@id\":\"https:\\\/\\\/radioljubuski.ba\\\/index.php\\\/2022\\\/04\\\/10\\\/francuzi-danas-glasuju-u-prvom-krugu-predsjednickih-izbora-tko-ce-uci-u-drugi-krug\\\/\"},\"wordCount\":941,\"publisher\":{\"@id\":\"https:\\\/\\\/radioljubuski.ba\\\/#organization\"},\"image\":{\"@id\":\"https:\\\/\\\/radioljubuski.ba\\\/index.php\\\/2022\\\/04\\\/10\\\/francuzi-danas-glasuju-u-prvom-krugu-predsjednickih-izbora-tko-ce-uci-u-drugi-krug\\\/#primaryimage\"},\"thumbnailUrl\":\"https:\\\/\\\/radioljubuski.ba\\\/wp-content\\\/uploads\\\/2022\\\/04\\\/Depositphotos_7725584_L-696x435-1.jpg\",\"articleSection\":[\"BIH i regija\"],\"inLanguage\":\"hr\"},{\"@type\":\"WebPage\",\"@id\":\"https:\\\/\\\/radioljubuski.ba\\\/index.php\\\/2022\\\/04\\\/10\\\/francuzi-danas-glasuju-u-prvom-krugu-predsjednickih-izbora-tko-ce-uci-u-drugi-krug\\\/\",\"url\":\"https:\\\/\\\/radioljubuski.ba\\\/index.php\\\/2022\\\/04\\\/10\\\/francuzi-danas-glasuju-u-prvom-krugu-predsjednickih-izbora-tko-ce-uci-u-drugi-krug\\\/\",\"name\":\"Francuzi danas glasuju u prvom krugu predsjedni\u010dkih izbora: Tko \u0107e u\u0107i u drugi krug? - RADIO LJUBU\u0160KI\",\"isPartOf\":{\"@id\":\"https:\\\/\\\/radioljubuski.ba\\\/#website\"},\"primaryImageOfPage\":{\"@id\":\"https:\\\/\\\/radioljubuski.ba\\\/index.php\\\/2022\\\/04\\\/10\\\/francuzi-danas-glasuju-u-prvom-krugu-predsjednickih-izbora-tko-ce-uci-u-drugi-krug\\\/#primaryimage\"},\"image\":{\"@id\":\"https:\\\/\\\/radioljubuski.ba\\\/index.php\\\/2022\\\/04\\\/10\\\/francuzi-danas-glasuju-u-prvom-krugu-predsjednickih-izbora-tko-ce-uci-u-drugi-krug\\\/#primaryimage\"},\"thumbnailUrl\":\"https:\\\/\\\/radioljubuski.ba\\\/wp-content\\\/uploads\\\/2022\\\/04\\\/Depositphotos_7725584_L-696x435-1.jpg\",\"datePublished\":\"2022-04-10T08:19:44+00:00\",\"dateModified\":\"2022-04-10T08:19:46+00:00\",\"breadcrumb\":{\"@id\":\"https:\\\/\\\/radioljubuski.ba\\\/index.php\\\/2022\\\/04\\\/10\\\/francuzi-danas-glasuju-u-prvom-krugu-predsjednickih-izbora-tko-ce-uci-u-drugi-krug\\\/#breadcrumb\"},\"inLanguage\":\"hr\",\"potentialAction\":[{\"@type\":\"ReadAction\",\"target\":[\"https:\\\/\\\/radioljubuski.ba\\\/index.php\\\/2022\\\/04\\\/10\\\/francuzi-danas-glasuju-u-prvom-krugu-predsjednickih-izbora-tko-ce-uci-u-drugi-krug\\\/\"]}]},{\"@type\":\"ImageObject\",\"inLanguage\":\"hr\",\"@id\":\"https:\\\/\\\/radioljubuski.ba\\\/index.php\\\/2022\\\/04\\\/10\\\/francuzi-danas-glasuju-u-prvom-krugu-predsjednickih-izbora-tko-ce-uci-u-drugi-krug\\\/#primaryimage\",\"url\":\"https:\\\/\\\/radioljubuski.ba\\\/wp-content\\\/uploads\\\/2022\\\/04\\\/Depositphotos_7725584_L-696x435-1.jpg\",\"contentUrl\":\"https:\\\/\\\/radioljubuski.ba\\\/wp-content\\\/uploads\\\/2022\\\/04\\\/Depositphotos_7725584_L-696x435-1.jpg\",\"width\":696,\"height\":435},{\"@type\":\"BreadcrumbList\",\"@id\":\"https:\\\/\\\/radioljubuski.ba\\\/index.php\\\/2022\\\/04\\\/10\\\/francuzi-danas-glasuju-u-prvom-krugu-predsjednickih-izbora-tko-ce-uci-u-drugi-krug\\\/#breadcrumb\",\"itemListElement\":[{\"@type\":\"ListItem\",\"position\":1,\"name\":\"Po\u010detna stranica\",\"item\":\"https:\\\/\\\/radioljubuski.ba\\\/\"},{\"@type\":\"ListItem\",\"position\":2,\"name\":\"Francuzi danas glasuju u prvom krugu predsjedni\u010dkih izbora: Tko \u0107e u\u0107i u drugi krug?\"}]},{\"@type\":\"WebSite\",\"@id\":\"https:\\\/\\\/radioljubuski.ba\\\/#website\",\"url\":\"https:\\\/\\\/radioljubuski.ba\\\/\",\"name\":\"Radio Ljubu\u0161ki\",\"description\":\"Sun\u010dana frekvencija Hercegovine\",\"publisher\":{\"@id\":\"https:\\\/\\\/radioljubuski.ba\\\/#organization\"},\"potentialAction\":[{\"@type\":\"SearchAction\",\"target\":{\"@type\":\"EntryPoint\",\"urlTemplate\":\"https:\\\/\\\/radioljubuski.ba\\\/?s={search_term_string}\"},\"query-input\":{\"@type\":\"PropertyValueSpecification\",\"valueRequired\":true,\"valueName\":\"search_term_string\"}}],\"inLanguage\":\"hr\"},{\"@type\":\"Organization\",\"@id\":\"https:\\\/\\\/radioljubuski.ba\\\/#organization\",\"name\":\"Radio Ljubu\u0161ki\",\"url\":\"https:\\\/\\\/radioljubuski.ba\\\/\",\"logo\":{\"@type\":\"ImageObject\",\"inLanguage\":\"hr\",\"@id\":\"https:\\\/\\\/radioljubuski.ba\\\/#\\\/schema\\\/logo\\\/image\\\/\",\"url\":\"https:\\\/\\\/radioljubuski.ba\\\/wp-content\\\/uploads\\\/2021\\\/02\\\/cropped-Radio_Ljubuski_logo1.jpg\",\"contentUrl\":\"https:\\\/\\\/radioljubuski.ba\\\/wp-content\\\/uploads\\\/2021\\\/02\\\/cropped-Radio_Ljubuski_logo1.jpg\",\"width\":512,\"height\":512,\"caption\":\"Radio Ljubu\u0161ki\"},\"image\":{\"@id\":\"https:\\\/\\\/radioljubuski.ba\\\/#\\\/schema\\\/logo\\\/image\\\/\"},\"sameAs\":[\"https:\\\/\\\/www.facebook.com\\\/Radiio-Ljubuski-1490835324566332\",\"https:\\\/\\\/x.com\\\/radioljubuski\",\"https:\\\/\\\/hr.linkedin.com\\\/company\\\/radio-ljubuski\",\"https:\\\/\\\/www.youtube.com\\\/channel\\\/UCHYaeO_n0Db3tjNGudGpXyw\"]},{\"@type\":\"Person\",\"@id\":\"https:\\\/\\\/radioljubuski.ba\\\/#\\\/schema\\\/person\\\/19fc700381a780f69665d7956c469e3b\",\"name\":\"Radio Ljubu\u0161ki\"}]}<\/script>\n<!-- \/ Yoast SEO plugin. -->","yoast_head_json":{"title":"Francuzi danas glasuju u prvom krugu predsjedni\u010dkih izbora: Tko \u0107e u\u0107i u drugi krug? - RADIO LJUBU\u0160KI","robots":{"index":"index","follow":"follow","max-snippet":"max-snippet:-1","max-image-preview":"max-image-preview:large","max-video-preview":"max-video-preview:-1"},"canonical":"https:\/\/radioljubuski.ba\/index.php\/2022\/04\/10\/francuzi-danas-glasuju-u-prvom-krugu-predsjednickih-izbora-tko-ce-uci-u-drugi-krug\/","og_locale":"hr_HR","og_type":"article","og_title":"Francuzi danas glasuju u prvom krugu predsjedni\u010dkih izbora: Tko \u0107e u\u0107i u drugi krug? - RADIO LJUBU\u0160KI","og_description":"Francuzi u nedjelju glasuju u prvom krugu predsjedni\u010dkih izbora.&nbsp; Oko 48,7 milijuna bira\u010da prijavljeno je u registru bira\u010da. Prva dva kandidata koja pobijede u prvom krugu, ulaze u drugi krug glasovanja koji \u0107e se odr\u017eati 24. travnja. Napetosti su uo\u010di izbora bile velike, a ankete sugeriraju da \u0107e drugi krug glasovanja dva tjedna kasnije biti [&hellip;]","og_url":"https:\/\/radioljubuski.ba\/index.php\/2022\/04\/10\/francuzi-danas-glasuju-u-prvom-krugu-predsjednickih-izbora-tko-ce-uci-u-drugi-krug\/","og_site_name":"RADIO LJUBU\u0160KI","article_publisher":"https:\/\/www.facebook.com\/Radiio-Ljubuski-1490835324566332","article_published_time":"2022-04-10T08:19:44+00:00","article_modified_time":"2022-04-10T08:19:46+00:00","og_image":[{"width":696,"height":435,"url":"https:\/\/radioljubuski.ba\/wp-content\/uploads\/2022\/04\/Depositphotos_7725584_L-696x435-1.jpg","type":"image\/jpeg"}],"author":"Radio Ljubu\u0161ki","twitter_card":"summary_large_image","twitter_creator":"@radioljubuski","twitter_site":"@radioljubuski","twitter_misc":{"Napisao\/la":"Radio Ljubu\u0161ki","Procijenjeno vrijeme \u010ditanja":"4 minute"},"schema":{"@context":"https:\/\/schema.org","@graph":[{"@type":"Article","@id":"https:\/\/radioljubuski.ba\/index.php\/2022\/04\/10\/francuzi-danas-glasuju-u-prvom-krugu-predsjednickih-izbora-tko-ce-uci-u-drugi-krug\/#article","isPartOf":{"@id":"https:\/\/radioljubuski.ba\/index.php\/2022\/04\/10\/francuzi-danas-glasuju-u-prvom-krugu-predsjednickih-izbora-tko-ce-uci-u-drugi-krug\/"},"author":{"name":"Radio Ljubu\u0161ki","@id":"https:\/\/radioljubuski.ba\/#\/schema\/person\/19fc700381a780f69665d7956c469e3b"},"headline":"Francuzi danas glasuju u prvom krugu predsjedni\u010dkih izbora: Tko \u0107e u\u0107i u drugi krug?","datePublished":"2022-04-10T08:19:44+00:00","dateModified":"2022-04-10T08:19:46+00:00","mainEntityOfPage":{"@id":"https:\/\/radioljubuski.ba\/index.php\/2022\/04\/10\/francuzi-danas-glasuju-u-prvom-krugu-predsjednickih-izbora-tko-ce-uci-u-drugi-krug\/"},"wordCount":941,"publisher":{"@id":"https:\/\/radioljubuski.ba\/#organization"},"image":{"@id":"https:\/\/radioljubuski.ba\/index.php\/2022\/04\/10\/francuzi-danas-glasuju-u-prvom-krugu-predsjednickih-izbora-tko-ce-uci-u-drugi-krug\/#primaryimage"},"thumbnailUrl":"https:\/\/radioljubuski.ba\/wp-content\/uploads\/2022\/04\/Depositphotos_7725584_L-696x435-1.jpg","articleSection":["BIH i regija"],"inLanguage":"hr"},{"@type":"WebPage","@id":"https:\/\/radioljubuski.ba\/index.php\/2022\/04\/10\/francuzi-danas-glasuju-u-prvom-krugu-predsjednickih-izbora-tko-ce-uci-u-drugi-krug\/","url":"https:\/\/radioljubuski.ba\/index.php\/2022\/04\/10\/francuzi-danas-glasuju-u-prvom-krugu-predsjednickih-izbora-tko-ce-uci-u-drugi-krug\/","name":"Francuzi danas glasuju u prvom krugu predsjedni\u010dkih izbora: Tko \u0107e u\u0107i u drugi krug? - RADIO LJUBU\u0160KI","isPartOf":{"@id":"https:\/\/radioljubuski.ba\/#website"},"primaryImageOfPage":{"@id":"https:\/\/radioljubuski.ba\/index.php\/2022\/04\/10\/francuzi-danas-glasuju-u-prvom-krugu-predsjednickih-izbora-tko-ce-uci-u-drugi-krug\/#primaryimage"},"image":{"@id":"https:\/\/radioljubuski.ba\/index.php\/2022\/04\/10\/francuzi-danas-glasuju-u-prvom-krugu-predsjednickih-izbora-tko-ce-uci-u-drugi-krug\/#primaryimage"},"thumbnailUrl":"https:\/\/radioljubuski.ba\/wp-content\/uploads\/2022\/04\/Depositphotos_7725584_L-696x435-1.jpg","datePublished":"2022-04-10T08:19:44+00:00","dateModified":"2022-04-10T08:19:46+00:00","breadcrumb":{"@id":"https:\/\/radioljubuski.ba\/index.php\/2022\/04\/10\/francuzi-danas-glasuju-u-prvom-krugu-predsjednickih-izbora-tko-ce-uci-u-drugi-krug\/#breadcrumb"},"inLanguage":"hr","potentialAction":[{"@type":"ReadAction","target":["https:\/\/radioljubuski.ba\/index.php\/2022\/04\/10\/francuzi-danas-glasuju-u-prvom-krugu-predsjednickih-izbora-tko-ce-uci-u-drugi-krug\/"]}]},{"@type":"ImageObject","inLanguage":"hr","@id":"https:\/\/radioljubuski.ba\/index.php\/2022\/04\/10\/francuzi-danas-glasuju-u-prvom-krugu-predsjednickih-izbora-tko-ce-uci-u-drugi-krug\/#primaryimage","url":"https:\/\/radioljubuski.ba\/wp-content\/uploads\/2022\/04\/Depositphotos_7725584_L-696x435-1.jpg","contentUrl":"https:\/\/radioljubuski.ba\/wp-content\/uploads\/2022\/04\/Depositphotos_7725584_L-696x435-1.jpg","width":696,"height":435},{"@type":"BreadcrumbList","@id":"https:\/\/radioljubuski.ba\/index.php\/2022\/04\/10\/francuzi-danas-glasuju-u-prvom-krugu-predsjednickih-izbora-tko-ce-uci-u-drugi-krug\/#breadcrumb","itemListElement":[{"@type":"ListItem","position":1,"name":"Po\u010detna stranica","item":"https:\/\/radioljubuski.ba\/"},{"@type":"ListItem","position":2,"name":"Francuzi danas glasuju u prvom krugu predsjedni\u010dkih izbora: Tko \u0107e u\u0107i u drugi krug?"}]},{"@type":"WebSite","@id":"https:\/\/radioljubuski.ba\/#website","url":"https:\/\/radioljubuski.ba\/","name":"Radio Ljubu\u0161ki","description":"Sun\u010dana frekvencija Hercegovine","publisher":{"@id":"https:\/\/radioljubuski.ba\/#organization"},"potentialAction":[{"@type":"SearchAction","target":{"@type":"EntryPoint","urlTemplate":"https:\/\/radioljubuski.ba\/?s={search_term_string}"},"query-input":{"@type":"PropertyValueSpecification","valueRequired":true,"valueName":"search_term_string"}}],"inLanguage":"hr"},{"@type":"Organization","@id":"https:\/\/radioljubuski.ba\/#organization","name":"Radio Ljubu\u0161ki","url":"https:\/\/radioljubuski.ba\/","logo":{"@type":"ImageObject","inLanguage":"hr","@id":"https:\/\/radioljubuski.ba\/#\/schema\/logo\/image\/","url":"https:\/\/radioljubuski.ba\/wp-content\/uploads\/2021\/02\/cropped-Radio_Ljubuski_logo1.jpg","contentUrl":"https:\/\/radioljubuski.ba\/wp-content\/uploads\/2021\/02\/cropped-Radio_Ljubuski_logo1.jpg","width":512,"height":512,"caption":"Radio Ljubu\u0161ki"},"image":{"@id":"https:\/\/radioljubuski.ba\/#\/schema\/logo\/image\/"},"sameAs":["https:\/\/www.facebook.com\/Radiio-Ljubuski-1490835324566332","https:\/\/x.com\/radioljubuski","https:\/\/hr.linkedin.com\/company\/radio-ljubuski","https:\/\/www.youtube.com\/channel\/UCHYaeO_n0Db3tjNGudGpXyw"]},{"@type":"Person","@id":"https:\/\/radioljubuski.ba\/#\/schema\/person\/19fc700381a780f69665d7956c469e3b","name":"Radio Ljubu\u0161ki"}]}},"_links":{"self":[{"href":"https:\/\/radioljubuski.ba\/index.php\/wp-json\/wp\/v2\/posts\/130985","targetHints":{"allow":["GET"]}}],"collection":[{"href":"https:\/\/radioljubuski.ba\/index.php\/wp-json\/wp\/v2\/posts"}],"about":[{"href":"https:\/\/radioljubuski.ba\/index.php\/wp-json\/wp\/v2\/types\/post"}],"author":[{"embeddable":true,"href":"https:\/\/radioljubuski.ba\/index.php\/wp-json\/wp\/v2\/users\/2"}],"replies":[{"embeddable":true,"href":"https:\/\/radioljubuski.ba\/index.php\/wp-json\/wp\/v2\/comments?post=130985"}],"version-history":[{"count":1,"href":"https:\/\/radioljubuski.ba\/index.php\/wp-json\/wp\/v2\/posts\/130985\/revisions"}],"predecessor-version":[{"id":130987,"href":"https:\/\/radioljubuski.ba\/index.php\/wp-json\/wp\/v2\/posts\/130985\/revisions\/130987"}],"wp:featuredmedia":[{"embeddable":true,"href":"https:\/\/radioljubuski.ba\/index.php\/wp-json\/wp\/v2\/media\/130986"}],"wp:attachment":[{"href":"https:\/\/radioljubuski.ba\/index.php\/wp-json\/wp\/v2\/media?parent=130985"}],"wp:term":[{"taxonomy":"category","embeddable":true,"href":"https:\/\/radioljubuski.ba\/index.php\/wp-json\/wp\/v2\/categories?post=130985"},{"taxonomy":"post_tag","embeddable":true,"href":"https:\/\/radioljubuski.ba\/index.php\/wp-json\/wp\/v2\/tags?post=130985"}],"curies":[{"name":"wp","href":"https:\/\/api.w.org\/{rel}","templated":true}]}}