{"id":131024,"date":"2022-04-10T17:24:36","date_gmt":"2022-04-10T16:24:36","guid":{"rendered":"https:\/\/radioljubuski.ba\/?p=131024"},"modified":"2022-04-10T17:24:36","modified_gmt":"2022-04-10T16:24:36","slug":"pobjeda-izvidaca-u-sarajevu","status":"publish","type":"post","link":"https:\/\/radioljubuski.ba\/index.php\/2022\/04\/10\/pobjeda-izvidaca-u-sarajevu\/","title":{"rendered":"Pobjeda Izvi\u0111a\u010da u Sarajevu"},"content":{"rendered":"\n<p>Rukometa\u0161i Izvi\u0111a\u010d Central osiguranja pobjedom u Sarajevu nad mom\u010dadi Bosne, nakon du\u017ee stanke, do\u0161li su do svoje gostuju\u0107e pobjede.<\/p>\n\n\n\n<p>Naime, svoju zadnju gostuju\u0107u pobjedu \u201eSkauti\u201c su ostvarili u sklopu 4. kola Premijer lige BiH, pobjedom nad Grada\u010dcem u Grada\u010dcu.<\/p>\n\n\n\n<p>Utakmica u Sarajevu u prvom poluvremenu, naro\u010dito u prvih petnaestak minuta, nije davala naslutiti da \u0107e \u201eSkauti\u201c do\u0107i do relativno lagane pobjede. Prvi desetak minuta igralo se u ritmu \u201egol za gol\u201c, da bi doma\u0107i rukometa\u0161i serijom 3:0 u 15. minuti do\u0161li do prednosti od dva pogotka (9:7). Izvi\u0111a\u010d brzo odgovara, tako da je u 16.minuti rezultat poravnat (9:9). Sljede\u0107i desetak minuta \u201eSkuti\u201c su odigrali odli\u010dno te su u tom periodu serijom 6:2 u 25. minuti stigli prednosti od \u010detiri pogotka (11:15). Posljednji pet minuta prvog dijela susreta bolje su odigrali sarajevski studenti te se na poluvrijeme oti\u0161lo s predno\u0161\u0107u Izvi\u0111a\u010da od samo jednog pogotka (15:16).<\/p>\n\n\n\n<p>Desetak minuta furiozne igre \u201eSkauta\u201c u nastavku susreta, odlu\u010dilo je pobjednika sino\u0107nje utakmice. Naime u 41. minuti \u201eSkauti\u201c su pobjegli na plus sedam (18:25), u 42. minuti bilo je 19:27, da bi najve\u0107a prednost bila ostvarena u 55.minuti, kada se je na semaforu sportskoj dvorani na Mojmilu prikazivao rezultat 24:34 za gostuju\u0107u mom\u010dad.<br>Malo opu\u0161tanje \u201eSkauta\u201c u zavr\u0161nih pet minuta susreta omogu\u0107ilo je doma\u0107oj mom\u010dadi da ubla\u017ei poraz tako da je na koncu Izvi\u0111a\u010d slavio rezultatom 35:28.<\/p>\n\n\n\n<p>Najefikasniji u redovima \u201eSkauta\u201c bio je&nbsp;Mladen Bo\u0161kovi\u0107 s deset pogodaka, njemu uz bok bio je&nbsp;Milo\u0161 Kos&nbsp;s osam te&nbsp;Milan Vuk\u0161i\u0107&nbsp;s pet pogodaka.<br>Vratar&nbsp;Ivan Herceg&nbsp;\u201cskupio\u201d je jedanaest, a&nbsp;Aldin Alihod\u017ei\u0107&nbsp;pet obrana.<\/p>\n\n\n\n<p>Kod doma\u0107e mom\u010dadi\u00a0Muhamed Zulfi\u0107\u00a0postigao je \u0161est, a\u00a0Mirko Damjanovi\u0107\u00a0pet pogodaka.<\/p>\n\n\n\n<p><strong>Izvor: Pogled.ba<\/strong><\/p>\n","protected":false},"excerpt":{"rendered":"<p>Rukometa\u0161i Izvi\u0111a\u010d Central osiguranja pobjedom u Sarajevu nad mom\u010dadi Bosne, nakon du\u017ee stanke, do\u0161li su do svoje gostuju\u0107e pobjede. Naime, svoju zadnju gostuju\u0107u pobjedu \u201eSkauti\u201c su ostvarili u sklopu 4. kola Premijer lige BiH, pobjedom nad Grada\u010dcem u Grada\u010dcu. Utakmica u Sarajevu u prvom poluvremenu, naro\u010dito u prvih petnaestak minuta, nije davala naslutiti da \u0107e [&hellip;]<\/p>\n","protected":false},"author":2,"featured_media":131025,"comment_status":"closed","ping_status":"closed","sticky":false,"template":"","format":"standard","meta":{"h5ap_radio_sources":[],"footnotes":""},"categories":[3],"tags":[],"class_list":["post-131024","post","type-post","status-publish","format-standard","has-post-thumbnail","hentry","category-ljubuski"],"yoast_head":"<!-- This site is optimized with the Yoast SEO plugin v27.5 - https:\/\/yoast.com\/product\/yoast-seo-wordpress\/ -->\n<title>Pobjeda Izvi\u0111a\u010da u Sarajevu - RADIO LJUBU\u0160KI<\/title>\n<meta name=\"robots\" content=\"index, follow, max-snippet:-1, max-image-preview:large, max-video-preview:-1\" \/>\n<link rel=\"canonical\" href=\"https:\/\/radioljubuski.ba\/index.php\/2022\/04\/10\/pobjeda-izvidaca-u-sarajevu\/\" \/>\n<meta property=\"og:locale\" content=\"hr_HR\" \/>\n<meta property=\"og:type\" content=\"article\" \/>\n<meta property=\"og:title\" content=\"Pobjeda Izvi\u0111a\u010da u Sarajevu - RADIO LJUBU\u0160KI\" \/>\n<meta property=\"og:description\" content=\"Rukometa\u0161i Izvi\u0111a\u010d Central osiguranja pobjedom u Sarajevu nad mom\u010dadi Bosne, nakon du\u017ee stanke, do\u0161li su do svoje gostuju\u0107e pobjede. Naime, svoju zadnju gostuju\u0107u pobjedu \u201eSkauti\u201c su ostvarili u sklopu 4. kola Premijer lige BiH, pobjedom nad Grada\u010dcem u Grada\u010dcu. Utakmica u Sarajevu u prvom poluvremenu, naro\u010dito u prvih petnaestak minuta, nije davala naslutiti da \u0107e [&hellip;]\" \/>\n<meta property=\"og:url\" content=\"https:\/\/radioljubuski.ba\/index.php\/2022\/04\/10\/pobjeda-izvidaca-u-sarajevu\/\" \/>\n<meta property=\"og:site_name\" content=\"RADIO LJUBU\u0160KI\" \/>\n<meta property=\"article:publisher\" content=\"https:\/\/www.facebook.com\/Radiio-Ljubuski-1490835324566332\" \/>\n<meta property=\"article:published_time\" content=\"2022-04-10T16:24:36+00:00\" \/>\n<meta property=\"og:image\" content=\"https:\/\/radioljubuski.ba\/wp-content\/uploads\/2022\/04\/izvidjac.jpg\" \/>\n\t<meta property=\"og:image:width\" content=\"1024\" \/>\n\t<meta property=\"og:image:height\" content=\"698\" \/>\n\t<meta property=\"og:image:type\" content=\"image\/jpeg\" \/>\n<meta name=\"author\" content=\"Radio Ljubu\u0161ki\" \/>\n<meta name=\"twitter:card\" content=\"summary_large_image\" \/>\n<meta name=\"twitter:creator\" content=\"@radioljubuski\" \/>\n<meta name=\"twitter:site\" content=\"@radioljubuski\" \/>\n<meta name=\"twitter:label1\" content=\"Napisao\/la\" \/>\n\t<meta name=\"twitter:data1\" content=\"Radio Ljubu\u0161ki\" \/>\n\t<meta name=\"twitter:label2\" content=\"Procijenjeno vrijeme \u010ditanja\" \/>\n\t<meta name=\"twitter:data2\" content=\"2 minute\" \/>\n<script type=\"application\/ld+json\" class=\"yoast-schema-graph\">{\"@context\":\"https:\\\/\\\/schema.org\",\"@graph\":[{\"@type\":\"Article\",\"@id\":\"https:\\\/\\\/radioljubuski.ba\\\/index.php\\\/2022\\\/04\\\/10\\\/pobjeda-izvidaca-u-sarajevu\\\/#article\",\"isPartOf\":{\"@id\":\"https:\\\/\\\/radioljubuski.ba\\\/index.php\\\/2022\\\/04\\\/10\\\/pobjeda-izvidaca-u-sarajevu\\\/\"},\"author\":{\"name\":\"Radio Ljubu\u0161ki\",\"@id\":\"https:\\\/\\\/radioljubuski.ba\\\/#\\\/schema\\\/person\\\/19fc700381a780f69665d7956c469e3b\"},\"headline\":\"Pobjeda Izvi\u0111a\u010da u Sarajevu\",\"datePublished\":\"2022-04-10T16:24:36+00:00\",\"mainEntityOfPage\":{\"@id\":\"https:\\\/\\\/radioljubuski.ba\\\/index.php\\\/2022\\\/04\\\/10\\\/pobjeda-izvidaca-u-sarajevu\\\/\"},\"wordCount\":313,\"publisher\":{\"@id\":\"https:\\\/\\\/radioljubuski.ba\\\/#organization\"},\"image\":{\"@id\":\"https:\\\/\\\/radioljubuski.ba\\\/index.php\\\/2022\\\/04\\\/10\\\/pobjeda-izvidaca-u-sarajevu\\\/#primaryimage\"},\"thumbnailUrl\":\"https:\\\/\\\/radioljubuski.ba\\\/wp-content\\\/uploads\\\/2022\\\/04\\\/izvidjac.jpg\",\"articleSection\":[\"Ljubu\u0161ki\"],\"inLanguage\":\"hr\"},{\"@type\":\"WebPage\",\"@id\":\"https:\\\/\\\/radioljubuski.ba\\\/index.php\\\/2022\\\/04\\\/10\\\/pobjeda-izvidaca-u-sarajevu\\\/\",\"url\":\"https:\\\/\\\/radioljubuski.ba\\\/index.php\\\/2022\\\/04\\\/10\\\/pobjeda-izvidaca-u-sarajevu\\\/\",\"name\":\"Pobjeda Izvi\u0111a\u010da u Sarajevu - RADIO LJUBU\u0160KI\",\"isPartOf\":{\"@id\":\"https:\\\/\\\/radioljubuski.ba\\\/#website\"},\"primaryImageOfPage\":{\"@id\":\"https:\\\/\\\/radioljubuski.ba\\\/index.php\\\/2022\\\/04\\\/10\\\/pobjeda-izvidaca-u-sarajevu\\\/#primaryimage\"},\"image\":{\"@id\":\"https:\\\/\\\/radioljubuski.ba\\\/index.php\\\/2022\\\/04\\\/10\\\/pobjeda-izvidaca-u-sarajevu\\\/#primaryimage\"},\"thumbnailUrl\":\"https:\\\/\\\/radioljubuski.ba\\\/wp-content\\\/uploads\\\/2022\\\/04\\\/izvidjac.jpg\",\"datePublished\":\"2022-04-10T16:24:36+00:00\",\"breadcrumb\":{\"@id\":\"https:\\\/\\\/radioljubuski.ba\\\/index.php\\\/2022\\\/04\\\/10\\\/pobjeda-izvidaca-u-sarajevu\\\/#breadcrumb\"},\"inLanguage\":\"hr\",\"potentialAction\":[{\"@type\":\"ReadAction\",\"target\":[\"https:\\\/\\\/radioljubuski.ba\\\/index.php\\\/2022\\\/04\\\/10\\\/pobjeda-izvidaca-u-sarajevu\\\/\"]}]},{\"@type\":\"ImageObject\",\"inLanguage\":\"hr\",\"@id\":\"https:\\\/\\\/radioljubuski.ba\\\/index.php\\\/2022\\\/04\\\/10\\\/pobjeda-izvidaca-u-sarajevu\\\/#primaryimage\",\"url\":\"https:\\\/\\\/radioljubuski.ba\\\/wp-content\\\/uploads\\\/2022\\\/04\\\/izvidjac.jpg\",\"contentUrl\":\"https:\\\/\\\/radioljubuski.ba\\\/wp-content\\\/uploads\\\/2022\\\/04\\\/izvidjac.jpg\",\"width\":1024,\"height\":698},{\"@type\":\"BreadcrumbList\",\"@id\":\"https:\\\/\\\/radioljubuski.ba\\\/index.php\\\/2022\\\/04\\\/10\\\/pobjeda-izvidaca-u-sarajevu\\\/#breadcrumb\",\"itemListElement\":[{\"@type\":\"ListItem\",\"position\":1,\"name\":\"Po\u010detna stranica\",\"item\":\"https:\\\/\\\/radioljubuski.ba\\\/\"},{\"@type\":\"ListItem\",\"position\":2,\"name\":\"Pobjeda Izvi\u0111a\u010da u Sarajevu\"}]},{\"@type\":\"WebSite\",\"@id\":\"https:\\\/\\\/radioljubuski.ba\\\/#website\",\"url\":\"https:\\\/\\\/radioljubuski.ba\\\/\",\"name\":\"Radio Ljubu\u0161ki\",\"description\":\"Sun\u010dana frekvencija Hercegovine\",\"publisher\":{\"@id\":\"https:\\\/\\\/radioljubuski.ba\\\/#organization\"},\"potentialAction\":[{\"@type\":\"SearchAction\",\"target\":{\"@type\":\"EntryPoint\",\"urlTemplate\":\"https:\\\/\\\/radioljubuski.ba\\\/?s={search_term_string}\"},\"query-input\":{\"@type\":\"PropertyValueSpecification\",\"valueRequired\":true,\"valueName\":\"search_term_string\"}}],\"inLanguage\":\"hr\"},{\"@type\":\"Organization\",\"@id\":\"https:\\\/\\\/radioljubuski.ba\\\/#organization\",\"name\":\"Radio Ljubu\u0161ki\",\"url\":\"https:\\\/\\\/radioljubuski.ba\\\/\",\"logo\":{\"@type\":\"ImageObject\",\"inLanguage\":\"hr\",\"@id\":\"https:\\\/\\\/radioljubuski.ba\\\/#\\\/schema\\\/logo\\\/image\\\/\",\"url\":\"https:\\\/\\\/radioljubuski.ba\\\/wp-content\\\/uploads\\\/2021\\\/02\\\/cropped-Radio_Ljubuski_logo1.jpg\",\"contentUrl\":\"https:\\\/\\\/radioljubuski.ba\\\/wp-content\\\/uploads\\\/2021\\\/02\\\/cropped-Radio_Ljubuski_logo1.jpg\",\"width\":512,\"height\":512,\"caption\":\"Radio Ljubu\u0161ki\"},\"image\":{\"@id\":\"https:\\\/\\\/radioljubuski.ba\\\/#\\\/schema\\\/logo\\\/image\\\/\"},\"sameAs\":[\"https:\\\/\\\/www.facebook.com\\\/Radiio-Ljubuski-1490835324566332\",\"https:\\\/\\\/x.com\\\/radioljubuski\",\"https:\\\/\\\/hr.linkedin.com\\\/company\\\/radio-ljubuski\",\"https:\\\/\\\/www.youtube.com\\\/channel\\\/UCHYaeO_n0Db3tjNGudGpXyw\"]},{\"@type\":\"Person\",\"@id\":\"https:\\\/\\\/radioljubuski.ba\\\/#\\\/schema\\\/person\\\/19fc700381a780f69665d7956c469e3b\",\"name\":\"Radio Ljubu\u0161ki\"}]}<\/script>\n<!-- \/ Yoast SEO plugin. -->","yoast_head_json":{"title":"Pobjeda Izvi\u0111a\u010da u Sarajevu - RADIO LJUBU\u0160KI","robots":{"index":"index","follow":"follow","max-snippet":"max-snippet:-1","max-image-preview":"max-image-preview:large","max-video-preview":"max-video-preview:-1"},"canonical":"https:\/\/radioljubuski.ba\/index.php\/2022\/04\/10\/pobjeda-izvidaca-u-sarajevu\/","og_locale":"hr_HR","og_type":"article","og_title":"Pobjeda Izvi\u0111a\u010da u Sarajevu - RADIO LJUBU\u0160KI","og_description":"Rukometa\u0161i Izvi\u0111a\u010d Central osiguranja pobjedom u Sarajevu nad mom\u010dadi Bosne, nakon du\u017ee stanke, do\u0161li su do svoje gostuju\u0107e pobjede. Naime, svoju zadnju gostuju\u0107u pobjedu \u201eSkauti\u201c su ostvarili u sklopu 4. kola Premijer lige BiH, pobjedom nad Grada\u010dcem u Grada\u010dcu. Utakmica u Sarajevu u prvom poluvremenu, naro\u010dito u prvih petnaestak minuta, nije davala naslutiti da \u0107e [&hellip;]","og_url":"https:\/\/radioljubuski.ba\/index.php\/2022\/04\/10\/pobjeda-izvidaca-u-sarajevu\/","og_site_name":"RADIO LJUBU\u0160KI","article_publisher":"https:\/\/www.facebook.com\/Radiio-Ljubuski-1490835324566332","article_published_time":"2022-04-10T16:24:36+00:00","og_image":[{"width":1024,"height":698,"url":"https:\/\/radioljubuski.ba\/wp-content\/uploads\/2022\/04\/izvidjac.jpg","type":"image\/jpeg"}],"author":"Radio Ljubu\u0161ki","twitter_card":"summary_large_image","twitter_creator":"@radioljubuski","twitter_site":"@radioljubuski","twitter_misc":{"Napisao\/la":"Radio Ljubu\u0161ki","Procijenjeno vrijeme \u010ditanja":"2 minute"},"schema":{"@context":"https:\/\/schema.org","@graph":[{"@type":"Article","@id":"https:\/\/radioljubuski.ba\/index.php\/2022\/04\/10\/pobjeda-izvidaca-u-sarajevu\/#article","isPartOf":{"@id":"https:\/\/radioljubuski.ba\/index.php\/2022\/04\/10\/pobjeda-izvidaca-u-sarajevu\/"},"author":{"name":"Radio Ljubu\u0161ki","@id":"https:\/\/radioljubuski.ba\/#\/schema\/person\/19fc700381a780f69665d7956c469e3b"},"headline":"Pobjeda Izvi\u0111a\u010da u Sarajevu","datePublished":"2022-04-10T16:24:36+00:00","mainEntityOfPage":{"@id":"https:\/\/radioljubuski.ba\/index.php\/2022\/04\/10\/pobjeda-izvidaca-u-sarajevu\/"},"wordCount":313,"publisher":{"@id":"https:\/\/radioljubuski.ba\/#organization"},"image":{"@id":"https:\/\/radioljubuski.ba\/index.php\/2022\/04\/10\/pobjeda-izvidaca-u-sarajevu\/#primaryimage"},"thumbnailUrl":"https:\/\/radioljubuski.ba\/wp-content\/uploads\/2022\/04\/izvidjac.jpg","articleSection":["Ljubu\u0161ki"],"inLanguage":"hr"},{"@type":"WebPage","@id":"https:\/\/radioljubuski.ba\/index.php\/2022\/04\/10\/pobjeda-izvidaca-u-sarajevu\/","url":"https:\/\/radioljubuski.ba\/index.php\/2022\/04\/10\/pobjeda-izvidaca-u-sarajevu\/","name":"Pobjeda Izvi\u0111a\u010da u Sarajevu - RADIO LJUBU\u0160KI","isPartOf":{"@id":"https:\/\/radioljubuski.ba\/#website"},"primaryImageOfPage":{"@id":"https:\/\/radioljubuski.ba\/index.php\/2022\/04\/10\/pobjeda-izvidaca-u-sarajevu\/#primaryimage"},"image":{"@id":"https:\/\/radioljubuski.ba\/index.php\/2022\/04\/10\/pobjeda-izvidaca-u-sarajevu\/#primaryimage"},"thumbnailUrl":"https:\/\/radioljubuski.ba\/wp-content\/uploads\/2022\/04\/izvidjac.jpg","datePublished":"2022-04-10T16:24:36+00:00","breadcrumb":{"@id":"https:\/\/radioljubuski.ba\/index.php\/2022\/04\/10\/pobjeda-izvidaca-u-sarajevu\/#breadcrumb"},"inLanguage":"hr","potentialAction":[{"@type":"ReadAction","target":["https:\/\/radioljubuski.ba\/index.php\/2022\/04\/10\/pobjeda-izvidaca-u-sarajevu\/"]}]},{"@type":"ImageObject","inLanguage":"hr","@id":"https:\/\/radioljubuski.ba\/index.php\/2022\/04\/10\/pobjeda-izvidaca-u-sarajevu\/#primaryimage","url":"https:\/\/radioljubuski.ba\/wp-content\/uploads\/2022\/04\/izvidjac.jpg","contentUrl":"https:\/\/radioljubuski.ba\/wp-content\/uploads\/2022\/04\/izvidjac.jpg","width":1024,"height":698},{"@type":"BreadcrumbList","@id":"https:\/\/radioljubuski.ba\/index.php\/2022\/04\/10\/pobjeda-izvidaca-u-sarajevu\/#breadcrumb","itemListElement":[{"@type":"ListItem","position":1,"name":"Po\u010detna stranica","item":"https:\/\/radioljubuski.ba\/"},{"@type":"ListItem","position":2,"name":"Pobjeda Izvi\u0111a\u010da u Sarajevu"}]},{"@type":"WebSite","@id":"https:\/\/radioljubuski.ba\/#website","url":"https:\/\/radioljubuski.ba\/","name":"Radio Ljubu\u0161ki","description":"Sun\u010dana frekvencija Hercegovine","publisher":{"@id":"https:\/\/radioljubuski.ba\/#organization"},"potentialAction":[{"@type":"SearchAction","target":{"@type":"EntryPoint","urlTemplate":"https:\/\/radioljubuski.ba\/?s={search_term_string}"},"query-input":{"@type":"PropertyValueSpecification","valueRequired":true,"valueName":"search_term_string"}}],"inLanguage":"hr"},{"@type":"Organization","@id":"https:\/\/radioljubuski.ba\/#organization","name":"Radio Ljubu\u0161ki","url":"https:\/\/radioljubuski.ba\/","logo":{"@type":"ImageObject","inLanguage":"hr","@id":"https:\/\/radioljubuski.ba\/#\/schema\/logo\/image\/","url":"https:\/\/radioljubuski.ba\/wp-content\/uploads\/2021\/02\/cropped-Radio_Ljubuski_logo1.jpg","contentUrl":"https:\/\/radioljubuski.ba\/wp-content\/uploads\/2021\/02\/cropped-Radio_Ljubuski_logo1.jpg","width":512,"height":512,"caption":"Radio Ljubu\u0161ki"},"image":{"@id":"https:\/\/radioljubuski.ba\/#\/schema\/logo\/image\/"},"sameAs":["https:\/\/www.facebook.com\/Radiio-Ljubuski-1490835324566332","https:\/\/x.com\/radioljubuski","https:\/\/hr.linkedin.com\/company\/radio-ljubuski","https:\/\/www.youtube.com\/channel\/UCHYaeO_n0Db3tjNGudGpXyw"]},{"@type":"Person","@id":"https:\/\/radioljubuski.ba\/#\/schema\/person\/19fc700381a780f69665d7956c469e3b","name":"Radio Ljubu\u0161ki"}]}},"_links":{"self":[{"href":"https:\/\/radioljubuski.ba\/index.php\/wp-json\/wp\/v2\/posts\/131024","targetHints":{"allow":["GET"]}}],"collection":[{"href":"https:\/\/radioljubuski.ba\/index.php\/wp-json\/wp\/v2\/posts"}],"about":[{"href":"https:\/\/radioljubuski.ba\/index.php\/wp-json\/wp\/v2\/types\/post"}],"author":[{"embeddable":true,"href":"https:\/\/radioljubuski.ba\/index.php\/wp-json\/wp\/v2\/users\/2"}],"replies":[{"embeddable":true,"href":"https:\/\/radioljubuski.ba\/index.php\/wp-json\/wp\/v2\/comments?post=131024"}],"version-history":[{"count":1,"href":"https:\/\/radioljubuski.ba\/index.php\/wp-json\/wp\/v2\/posts\/131024\/revisions"}],"predecessor-version":[{"id":131026,"href":"https:\/\/radioljubuski.ba\/index.php\/wp-json\/wp\/v2\/posts\/131024\/revisions\/131026"}],"wp:featuredmedia":[{"embeddable":true,"href":"https:\/\/radioljubuski.ba\/index.php\/wp-json\/wp\/v2\/media\/131025"}],"wp:attachment":[{"href":"https:\/\/radioljubuski.ba\/index.php\/wp-json\/wp\/v2\/media?parent=131024"}],"wp:term":[{"taxonomy":"category","embeddable":true,"href":"https:\/\/radioljubuski.ba\/index.php\/wp-json\/wp\/v2\/categories?post=131024"},{"taxonomy":"post_tag","embeddable":true,"href":"https:\/\/radioljubuski.ba\/index.php\/wp-json\/wp\/v2\/tags?post=131024"}],"curies":[{"name":"wp","href":"https:\/\/api.w.org\/{rel}","templated":true}]}}