{"id":131037,"date":"2022-04-10T18:42:17","date_gmt":"2022-04-10T17:42:17","guid":{"rendered":"https:\/\/radioljubuski.ba\/?p=131037"},"modified":"2022-04-10T18:42:19","modified_gmt":"2022-04-10T17:42:19","slug":"leclerc-suvereno-do-pobjede-u-albert-parku","status":"publish","type":"post","link":"https:\/\/radioljubuski.ba\/index.php\/2022\/04\/10\/leclerc-suvereno-do-pobjede-u-albert-parku\/","title":{"rendered":"Leclerc suvereno do pobjede u Albert Parku"},"content":{"rendered":"\n<p><strong>Charles Leclerc<\/strong><strong>&nbsp;u Ferrariju pobjednik je Velike nagrade Australije, tre\u0107e utrke Svjetskog prvenstva Formule 1 vo\u017eene u nedjelju na stazi Albert Park.<\/strong><\/p>\n\n\n\n<p>Voza\u010d iz Monaka do slavlja u Melbourneu stigao je na suveren na\u010din, vodio je od starta do cilja i njegova pobjeda nijednog trenutka nije do\u0161la u pitanje.<br><br>Drugo mjesto osvojio je Meksikanac\u00a0<strong>Sergio Perez<\/strong>\u00a0u Red Bullu, a tre\u0107e Britanac\u00a0<strong>George Russell<\/strong>\u00a0u Mercedesu.\u00a0<br><br>Aktualni svjetski prvak Nizozemac\u00a0<strong>Max Verstappen<\/strong>\u00a0morao je odustati u 39. krugu zbog kvara na bolidu.<\/p>\n\n\n\n<blockquote class=\"twitter-tweet\"><p lang=\"en\" dir=\"ltr\">Totally unstoppable, <a href=\"https:\/\/twitter.com\/Charles_Leclerc?ref_src=twsrc%5Etfw\">@Charles_Leclerc<\/a> \ud83d\udc4a<br><br>He grabs his fourth win in Formula 1 with a stunning display in Australia \ud83d\ude4c<a href=\"https:\/\/twitter.com\/hashtag\/AusGP?src=hash&amp;ref_src=twsrc%5Etfw\">#AusGP<\/a> <a href=\"https:\/\/twitter.com\/hashtag\/F1?src=hash&amp;ref_src=twsrc%5Etfw\">#F1<\/a> <a href=\"https:\/\/t.co\/Mhj1myxOSO\">pic.twitter.com\/Mhj1myxOSO<\/a><\/p>&mdash; Formula 1 (@F1) <a href=\"https:\/\/twitter.com\/F1\/status\/1513047997726269444?ref_src=twsrc%5Etfw\">April 10, 2022<\/a><\/blockquote> <script async src=\"https:\/\/platform.twitter.com\/widgets.js\" charset=\"utf-8\"><\/script>\n\n\n\n<p>Nakon \u0161to se zbog pandemije koronavirusa dvije godine nije odr\u017eala utrka u Australiji, ponovno su se u Albert Parku okupili najbolji svjetski voza\u010di. Sjajni Leclerc je odnio pobjedu, drugu ove sezone nakon \u0161to je najbolji bio i na otvaranju u Bahreinu, a dodatni bod je osvojio i za najbr\u017ei krug.<br><br>Leclerc je novom pobjedom pove\u0107ao vodstvo u ukupnom poretku i sada vodi sa 71 bodom.<\/p>\n\n\n\n<blockquote class=\"twitter-tweet\"><p lang=\"en\" dir=\"ltr\">CHARLES: &quot;What a car today. Of course I did a good job all weekend, but it was not possible without the car. I&#39;m just so happy!&quot; <a href=\"https:\/\/twitter.com\/hashtag\/AusGP?src=hash&amp;ref_src=twsrc%5Etfw\">#AusGP<\/a> <a href=\"https:\/\/twitter.com\/hashtag\/F1?src=hash&amp;ref_src=twsrc%5Etfw\">#F1<\/a> <a href=\"https:\/\/t.co\/ZjU6940UR5\">pic.twitter.com\/ZjU6940UR5<\/a><\/p>&mdash; Formula 1 (@F1) <a href=\"https:\/\/twitter.com\/F1\/status\/1513044776211423245?ref_src=twsrc%5Etfw\">April 10, 2022<\/a><\/blockquote> <script async src=\"https:\/\/platform.twitter.com\/widgets.js\" charset=\"utf-8\"><\/script>\n\n\n\n<p>Novi voza\u010d u mom\u010dadi Mercedesa Russell stigao je do prvog postolja u karijeri, a iza njega je ostao njegov mom\u010dadski kolega sedmerostruki svjetski prvak\u00a0<strong>Lewis Hamilton<\/strong>.<br><br>Sljede\u0107a utrka vozi se za 14 dana u Imoli za Veliku nagradu Emilia Romagne.\u00a0<\/p>\n\n\n\n<blockquote class=\"twitter-tweet\"><p lang=\"en\" dir=\"ltr\">DRIVER STANDINGS \ud83d\udcca<a href=\"https:\/\/twitter.com\/Charles_Leclerc?ref_src=twsrc%5Etfw\">@Charles_Leclerc<\/a> increases his championship lead to a larger margin than anyone did in 2021! \ud83e\udd29<br><br>And, <a href=\"https:\/\/twitter.com\/GeorgeRussell63?ref_src=twsrc%5Etfw\">@GeorgeRussell63<\/a> makes a move into P2 \ud83d\udc40<a href=\"https:\/\/twitter.com\/hashtag\/AusGP?src=hash&amp;ref_src=twsrc%5Etfw\">#AusGP<\/a> <a href=\"https:\/\/twitter.com\/hashtag\/F1?src=hash&amp;ref_src=twsrc%5Etfw\">#F1<\/a> <a href=\"https:\/\/t.co\/uKUgMpR1UT\">pic.twitter.com\/uKUgMpR1UT<\/a><\/p>&mdash; Formula 1 (@F1) <a href=\"https:\/\/twitter.com\/F1\/status\/1513048802982346754?ref_src=twsrc%5Etfw\">April 10, 2022<\/a><\/blockquote> <script async src=\"https:\/\/platform.twitter.com\/widgets.js\" charset=\"utf-8\"><\/script>\n\n\n\n<p>Izvor:hrt.hr<\/p>\n","protected":false},"excerpt":{"rendered":"<p>Charles Leclerc&nbsp;u Ferrariju pobjednik je Velike nagrade Australije, tre\u0107e utrke Svjetskog prvenstva Formule 1 vo\u017eene u nedjelju na stazi Albert Park. Voza\u010d iz Monaka do slavlja u Melbourneu stigao je na suveren na\u010din, vodio je od starta do cilja i njegova pobjeda nijednog trenutka nije do\u0161la u pitanje. Drugo mjesto osvojio je Meksikanac\u00a0Sergio Perez\u00a0u Red [&hellip;]<\/p>\n","protected":false},"author":2,"featured_media":131038,"comment_status":"closed","ping_status":"closed","sticky":false,"template":"","format":"standard","meta":{"h5ap_radio_sources":[],"footnotes":""},"categories":[7],"tags":[],"class_list":["post-131037","post","type-post","status-publish","format-standard","has-post-thumbnail","hentry","category-sport"],"yoast_head":"<!-- This site is optimized with the Yoast SEO plugin v27.5 - https:\/\/yoast.com\/product\/yoast-seo-wordpress\/ -->\n<title>Leclerc suvereno do pobjede u Albert Parku - RADIO LJUBU\u0160KI<\/title>\n<meta name=\"robots\" content=\"index, follow, max-snippet:-1, max-image-preview:large, max-video-preview:-1\" \/>\n<link rel=\"canonical\" href=\"https:\/\/radioljubuski.ba\/index.php\/2022\/04\/10\/leclerc-suvereno-do-pobjede-u-albert-parku\/\" \/>\n<meta property=\"og:locale\" content=\"hr_HR\" \/>\n<meta property=\"og:type\" content=\"article\" \/>\n<meta property=\"og:title\" content=\"Leclerc suvereno do pobjede u Albert Parku - RADIO LJUBU\u0160KI\" \/>\n<meta property=\"og:description\" content=\"Charles Leclerc&nbsp;u Ferrariju pobjednik je Velike nagrade Australije, tre\u0107e utrke Svjetskog prvenstva Formule 1 vo\u017eene u nedjelju na stazi Albert Park. Voza\u010d iz Monaka do slavlja u Melbourneu stigao je na suveren na\u010din, vodio je od starta do cilja i njegova pobjeda nijednog trenutka nije do\u0161la u pitanje. Drugo mjesto osvojio je Meksikanac\u00a0Sergio Perez\u00a0u Red [&hellip;]\" \/>\n<meta property=\"og:url\" content=\"https:\/\/radioljubuski.ba\/index.php\/2022\/04\/10\/leclerc-suvereno-do-pobjede-u-albert-parku\/\" \/>\n<meta property=\"og:site_name\" content=\"RADIO LJUBU\u0160KI\" \/>\n<meta property=\"article:publisher\" content=\"https:\/\/www.facebook.com\/Radiio-Ljubuski-1490835324566332\" \/>\n<meta property=\"article:published_time\" content=\"2022-04-10T17:42:17+00:00\" \/>\n<meta property=\"article:modified_time\" content=\"2022-04-10T17:42:19+00:00\" \/>\n<meta property=\"og:image\" content=\"https:\/\/radioljubuski.ba\/wp-content\/uploads\/2022\/04\/HN20220410480438-scaled-1-scaled.jpg\" \/>\n\t<meta property=\"og:image:width\" content=\"2560\" \/>\n\t<meta property=\"og:image:height\" content=\"1707\" \/>\n\t<meta property=\"og:image:type\" content=\"image\/jpeg\" \/>\n<meta name=\"author\" content=\"Radio Ljubu\u0161ki\" \/>\n<meta name=\"twitter:card\" content=\"summary_large_image\" \/>\n<meta name=\"twitter:creator\" content=\"@radioljubuski\" \/>\n<meta name=\"twitter:site\" content=\"@radioljubuski\" \/>\n<meta name=\"twitter:label1\" content=\"Napisao\/la\" \/>\n\t<meta name=\"twitter:data1\" content=\"Radio Ljubu\u0161ki\" \/>\n\t<meta name=\"twitter:label2\" content=\"Procijenjeno vrijeme \u010ditanja\" \/>\n\t<meta name=\"twitter:data2\" content=\"2 minute\" \/>\n<script type=\"application\/ld+json\" class=\"yoast-schema-graph\">{\"@context\":\"https:\\\/\\\/schema.org\",\"@graph\":[{\"@type\":\"Article\",\"@id\":\"https:\\\/\\\/radioljubuski.ba\\\/index.php\\\/2022\\\/04\\\/10\\\/leclerc-suvereno-do-pobjede-u-albert-parku\\\/#article\",\"isPartOf\":{\"@id\":\"https:\\\/\\\/radioljubuski.ba\\\/index.php\\\/2022\\\/04\\\/10\\\/leclerc-suvereno-do-pobjede-u-albert-parku\\\/\"},\"author\":{\"name\":\"Radio Ljubu\u0161ki\",\"@id\":\"https:\\\/\\\/radioljubuski.ba\\\/#\\\/schema\\\/person\\\/19fc700381a780f69665d7956c469e3b\"},\"headline\":\"Leclerc suvereno do pobjede u Albert Parku\",\"datePublished\":\"2022-04-10T17:42:17+00:00\",\"dateModified\":\"2022-04-10T17:42:19+00:00\",\"mainEntityOfPage\":{\"@id\":\"https:\\\/\\\/radioljubuski.ba\\\/index.php\\\/2022\\\/04\\\/10\\\/leclerc-suvereno-do-pobjede-u-albert-parku\\\/\"},\"wordCount\":308,\"publisher\":{\"@id\":\"https:\\\/\\\/radioljubuski.ba\\\/#organization\"},\"image\":{\"@id\":\"https:\\\/\\\/radioljubuski.ba\\\/index.php\\\/2022\\\/04\\\/10\\\/leclerc-suvereno-do-pobjede-u-albert-parku\\\/#primaryimage\"},\"thumbnailUrl\":\"https:\\\/\\\/radioljubuski.ba\\\/wp-content\\\/uploads\\\/2022\\\/04\\\/HN20220410480438-scaled-1-scaled.jpg\",\"articleSection\":[\"\u0160port\"],\"inLanguage\":\"hr\"},{\"@type\":\"WebPage\",\"@id\":\"https:\\\/\\\/radioljubuski.ba\\\/index.php\\\/2022\\\/04\\\/10\\\/leclerc-suvereno-do-pobjede-u-albert-parku\\\/\",\"url\":\"https:\\\/\\\/radioljubuski.ba\\\/index.php\\\/2022\\\/04\\\/10\\\/leclerc-suvereno-do-pobjede-u-albert-parku\\\/\",\"name\":\"Leclerc suvereno do pobjede u Albert Parku - RADIO LJUBU\u0160KI\",\"isPartOf\":{\"@id\":\"https:\\\/\\\/radioljubuski.ba\\\/#website\"},\"primaryImageOfPage\":{\"@id\":\"https:\\\/\\\/radioljubuski.ba\\\/index.php\\\/2022\\\/04\\\/10\\\/leclerc-suvereno-do-pobjede-u-albert-parku\\\/#primaryimage\"},\"image\":{\"@id\":\"https:\\\/\\\/radioljubuski.ba\\\/index.php\\\/2022\\\/04\\\/10\\\/leclerc-suvereno-do-pobjede-u-albert-parku\\\/#primaryimage\"},\"thumbnailUrl\":\"https:\\\/\\\/radioljubuski.ba\\\/wp-content\\\/uploads\\\/2022\\\/04\\\/HN20220410480438-scaled-1-scaled.jpg\",\"datePublished\":\"2022-04-10T17:42:17+00:00\",\"dateModified\":\"2022-04-10T17:42:19+00:00\",\"breadcrumb\":{\"@id\":\"https:\\\/\\\/radioljubuski.ba\\\/index.php\\\/2022\\\/04\\\/10\\\/leclerc-suvereno-do-pobjede-u-albert-parku\\\/#breadcrumb\"},\"inLanguage\":\"hr\",\"potentialAction\":[{\"@type\":\"ReadAction\",\"target\":[\"https:\\\/\\\/radioljubuski.ba\\\/index.php\\\/2022\\\/04\\\/10\\\/leclerc-suvereno-do-pobjede-u-albert-parku\\\/\"]}]},{\"@type\":\"ImageObject\",\"inLanguage\":\"hr\",\"@id\":\"https:\\\/\\\/radioljubuski.ba\\\/index.php\\\/2022\\\/04\\\/10\\\/leclerc-suvereno-do-pobjede-u-albert-parku\\\/#primaryimage\",\"url\":\"https:\\\/\\\/radioljubuski.ba\\\/wp-content\\\/uploads\\\/2022\\\/04\\\/HN20220410480438-scaled-1-scaled.jpg\",\"contentUrl\":\"https:\\\/\\\/radioljubuski.ba\\\/wp-content\\\/uploads\\\/2022\\\/04\\\/HN20220410480438-scaled-1-scaled.jpg\",\"width\":2560,\"height\":1707},{\"@type\":\"BreadcrumbList\",\"@id\":\"https:\\\/\\\/radioljubuski.ba\\\/index.php\\\/2022\\\/04\\\/10\\\/leclerc-suvereno-do-pobjede-u-albert-parku\\\/#breadcrumb\",\"itemListElement\":[{\"@type\":\"ListItem\",\"position\":1,\"name\":\"Po\u010detna stranica\",\"item\":\"https:\\\/\\\/radioljubuski.ba\\\/\"},{\"@type\":\"ListItem\",\"position\":2,\"name\":\"Leclerc suvereno do pobjede u Albert Parku\"}]},{\"@type\":\"WebSite\",\"@id\":\"https:\\\/\\\/radioljubuski.ba\\\/#website\",\"url\":\"https:\\\/\\\/radioljubuski.ba\\\/\",\"name\":\"Radio Ljubu\u0161ki\",\"description\":\"Sun\u010dana frekvencija Hercegovine\",\"publisher\":{\"@id\":\"https:\\\/\\\/radioljubuski.ba\\\/#organization\"},\"potentialAction\":[{\"@type\":\"SearchAction\",\"target\":{\"@type\":\"EntryPoint\",\"urlTemplate\":\"https:\\\/\\\/radioljubuski.ba\\\/?s={search_term_string}\"},\"query-input\":{\"@type\":\"PropertyValueSpecification\",\"valueRequired\":true,\"valueName\":\"search_term_string\"}}],\"inLanguage\":\"hr\"},{\"@type\":\"Organization\",\"@id\":\"https:\\\/\\\/radioljubuski.ba\\\/#organization\",\"name\":\"Radio Ljubu\u0161ki\",\"url\":\"https:\\\/\\\/radioljubuski.ba\\\/\",\"logo\":{\"@type\":\"ImageObject\",\"inLanguage\":\"hr\",\"@id\":\"https:\\\/\\\/radioljubuski.ba\\\/#\\\/schema\\\/logo\\\/image\\\/\",\"url\":\"https:\\\/\\\/radioljubuski.ba\\\/wp-content\\\/uploads\\\/2021\\\/02\\\/cropped-Radio_Ljubuski_logo1.jpg\",\"contentUrl\":\"https:\\\/\\\/radioljubuski.ba\\\/wp-content\\\/uploads\\\/2021\\\/02\\\/cropped-Radio_Ljubuski_logo1.jpg\",\"width\":512,\"height\":512,\"caption\":\"Radio Ljubu\u0161ki\"},\"image\":{\"@id\":\"https:\\\/\\\/radioljubuski.ba\\\/#\\\/schema\\\/logo\\\/image\\\/\"},\"sameAs\":[\"https:\\\/\\\/www.facebook.com\\\/Radiio-Ljubuski-1490835324566332\",\"https:\\\/\\\/x.com\\\/radioljubuski\",\"https:\\\/\\\/hr.linkedin.com\\\/company\\\/radio-ljubuski\",\"https:\\\/\\\/www.youtube.com\\\/channel\\\/UCHYaeO_n0Db3tjNGudGpXyw\"]},{\"@type\":\"Person\",\"@id\":\"https:\\\/\\\/radioljubuski.ba\\\/#\\\/schema\\\/person\\\/19fc700381a780f69665d7956c469e3b\",\"name\":\"Radio Ljubu\u0161ki\"}]}<\/script>\n<!-- \/ Yoast SEO plugin. -->","yoast_head_json":{"title":"Leclerc suvereno do pobjede u Albert Parku - RADIO LJUBU\u0160KI","robots":{"index":"index","follow":"follow","max-snippet":"max-snippet:-1","max-image-preview":"max-image-preview:large","max-video-preview":"max-video-preview:-1"},"canonical":"https:\/\/radioljubuski.ba\/index.php\/2022\/04\/10\/leclerc-suvereno-do-pobjede-u-albert-parku\/","og_locale":"hr_HR","og_type":"article","og_title":"Leclerc suvereno do pobjede u Albert Parku - RADIO LJUBU\u0160KI","og_description":"Charles Leclerc&nbsp;u Ferrariju pobjednik je Velike nagrade Australije, tre\u0107e utrke Svjetskog prvenstva Formule 1 vo\u017eene u nedjelju na stazi Albert Park. Voza\u010d iz Monaka do slavlja u Melbourneu stigao je na suveren na\u010din, vodio je od starta do cilja i njegova pobjeda nijednog trenutka nije do\u0161la u pitanje. Drugo mjesto osvojio je Meksikanac\u00a0Sergio Perez\u00a0u Red [&hellip;]","og_url":"https:\/\/radioljubuski.ba\/index.php\/2022\/04\/10\/leclerc-suvereno-do-pobjede-u-albert-parku\/","og_site_name":"RADIO LJUBU\u0160KI","article_publisher":"https:\/\/www.facebook.com\/Radiio-Ljubuski-1490835324566332","article_published_time":"2022-04-10T17:42:17+00:00","article_modified_time":"2022-04-10T17:42:19+00:00","og_image":[{"width":2560,"height":1707,"url":"https:\/\/radioljubuski.ba\/wp-content\/uploads\/2022\/04\/HN20220410480438-scaled-1-scaled.jpg","type":"image\/jpeg"}],"author":"Radio Ljubu\u0161ki","twitter_card":"summary_large_image","twitter_creator":"@radioljubuski","twitter_site":"@radioljubuski","twitter_misc":{"Napisao\/la":"Radio Ljubu\u0161ki","Procijenjeno vrijeme \u010ditanja":"2 minute"},"schema":{"@context":"https:\/\/schema.org","@graph":[{"@type":"Article","@id":"https:\/\/radioljubuski.ba\/index.php\/2022\/04\/10\/leclerc-suvereno-do-pobjede-u-albert-parku\/#article","isPartOf":{"@id":"https:\/\/radioljubuski.ba\/index.php\/2022\/04\/10\/leclerc-suvereno-do-pobjede-u-albert-parku\/"},"author":{"name":"Radio Ljubu\u0161ki","@id":"https:\/\/radioljubuski.ba\/#\/schema\/person\/19fc700381a780f69665d7956c469e3b"},"headline":"Leclerc suvereno do pobjede u Albert Parku","datePublished":"2022-04-10T17:42:17+00:00","dateModified":"2022-04-10T17:42:19+00:00","mainEntityOfPage":{"@id":"https:\/\/radioljubuski.ba\/index.php\/2022\/04\/10\/leclerc-suvereno-do-pobjede-u-albert-parku\/"},"wordCount":308,"publisher":{"@id":"https:\/\/radioljubuski.ba\/#organization"},"image":{"@id":"https:\/\/radioljubuski.ba\/index.php\/2022\/04\/10\/leclerc-suvereno-do-pobjede-u-albert-parku\/#primaryimage"},"thumbnailUrl":"https:\/\/radioljubuski.ba\/wp-content\/uploads\/2022\/04\/HN20220410480438-scaled-1-scaled.jpg","articleSection":["\u0160port"],"inLanguage":"hr"},{"@type":"WebPage","@id":"https:\/\/radioljubuski.ba\/index.php\/2022\/04\/10\/leclerc-suvereno-do-pobjede-u-albert-parku\/","url":"https:\/\/radioljubuski.ba\/index.php\/2022\/04\/10\/leclerc-suvereno-do-pobjede-u-albert-parku\/","name":"Leclerc suvereno do pobjede u Albert Parku - RADIO LJUBU\u0160KI","isPartOf":{"@id":"https:\/\/radioljubuski.ba\/#website"},"primaryImageOfPage":{"@id":"https:\/\/radioljubuski.ba\/index.php\/2022\/04\/10\/leclerc-suvereno-do-pobjede-u-albert-parku\/#primaryimage"},"image":{"@id":"https:\/\/radioljubuski.ba\/index.php\/2022\/04\/10\/leclerc-suvereno-do-pobjede-u-albert-parku\/#primaryimage"},"thumbnailUrl":"https:\/\/radioljubuski.ba\/wp-content\/uploads\/2022\/04\/HN20220410480438-scaled-1-scaled.jpg","datePublished":"2022-04-10T17:42:17+00:00","dateModified":"2022-04-10T17:42:19+00:00","breadcrumb":{"@id":"https:\/\/radioljubuski.ba\/index.php\/2022\/04\/10\/leclerc-suvereno-do-pobjede-u-albert-parku\/#breadcrumb"},"inLanguage":"hr","potentialAction":[{"@type":"ReadAction","target":["https:\/\/radioljubuski.ba\/index.php\/2022\/04\/10\/leclerc-suvereno-do-pobjede-u-albert-parku\/"]}]},{"@type":"ImageObject","inLanguage":"hr","@id":"https:\/\/radioljubuski.ba\/index.php\/2022\/04\/10\/leclerc-suvereno-do-pobjede-u-albert-parku\/#primaryimage","url":"https:\/\/radioljubuski.ba\/wp-content\/uploads\/2022\/04\/HN20220410480438-scaled-1-scaled.jpg","contentUrl":"https:\/\/radioljubuski.ba\/wp-content\/uploads\/2022\/04\/HN20220410480438-scaled-1-scaled.jpg","width":2560,"height":1707},{"@type":"BreadcrumbList","@id":"https:\/\/radioljubuski.ba\/index.php\/2022\/04\/10\/leclerc-suvereno-do-pobjede-u-albert-parku\/#breadcrumb","itemListElement":[{"@type":"ListItem","position":1,"name":"Po\u010detna stranica","item":"https:\/\/radioljubuski.ba\/"},{"@type":"ListItem","position":2,"name":"Leclerc suvereno do pobjede u Albert Parku"}]},{"@type":"WebSite","@id":"https:\/\/radioljubuski.ba\/#website","url":"https:\/\/radioljubuski.ba\/","name":"Radio Ljubu\u0161ki","description":"Sun\u010dana frekvencija Hercegovine","publisher":{"@id":"https:\/\/radioljubuski.ba\/#organization"},"potentialAction":[{"@type":"SearchAction","target":{"@type":"EntryPoint","urlTemplate":"https:\/\/radioljubuski.ba\/?s={search_term_string}"},"query-input":{"@type":"PropertyValueSpecification","valueRequired":true,"valueName":"search_term_string"}}],"inLanguage":"hr"},{"@type":"Organization","@id":"https:\/\/radioljubuski.ba\/#organization","name":"Radio Ljubu\u0161ki","url":"https:\/\/radioljubuski.ba\/","logo":{"@type":"ImageObject","inLanguage":"hr","@id":"https:\/\/radioljubuski.ba\/#\/schema\/logo\/image\/","url":"https:\/\/radioljubuski.ba\/wp-content\/uploads\/2021\/02\/cropped-Radio_Ljubuski_logo1.jpg","contentUrl":"https:\/\/radioljubuski.ba\/wp-content\/uploads\/2021\/02\/cropped-Radio_Ljubuski_logo1.jpg","width":512,"height":512,"caption":"Radio Ljubu\u0161ki"},"image":{"@id":"https:\/\/radioljubuski.ba\/#\/schema\/logo\/image\/"},"sameAs":["https:\/\/www.facebook.com\/Radiio-Ljubuski-1490835324566332","https:\/\/x.com\/radioljubuski","https:\/\/hr.linkedin.com\/company\/radio-ljubuski","https:\/\/www.youtube.com\/channel\/UCHYaeO_n0Db3tjNGudGpXyw"]},{"@type":"Person","@id":"https:\/\/radioljubuski.ba\/#\/schema\/person\/19fc700381a780f69665d7956c469e3b","name":"Radio Ljubu\u0161ki"}]}},"_links":{"self":[{"href":"https:\/\/radioljubuski.ba\/index.php\/wp-json\/wp\/v2\/posts\/131037","targetHints":{"allow":["GET"]}}],"collection":[{"href":"https:\/\/radioljubuski.ba\/index.php\/wp-json\/wp\/v2\/posts"}],"about":[{"href":"https:\/\/radioljubuski.ba\/index.php\/wp-json\/wp\/v2\/types\/post"}],"author":[{"embeddable":true,"href":"https:\/\/radioljubuski.ba\/index.php\/wp-json\/wp\/v2\/users\/2"}],"replies":[{"embeddable":true,"href":"https:\/\/radioljubuski.ba\/index.php\/wp-json\/wp\/v2\/comments?post=131037"}],"version-history":[{"count":1,"href":"https:\/\/radioljubuski.ba\/index.php\/wp-json\/wp\/v2\/posts\/131037\/revisions"}],"predecessor-version":[{"id":131039,"href":"https:\/\/radioljubuski.ba\/index.php\/wp-json\/wp\/v2\/posts\/131037\/revisions\/131039"}],"wp:featuredmedia":[{"embeddable":true,"href":"https:\/\/radioljubuski.ba\/index.php\/wp-json\/wp\/v2\/media\/131038"}],"wp:attachment":[{"href":"https:\/\/radioljubuski.ba\/index.php\/wp-json\/wp\/v2\/media?parent=131037"}],"wp:term":[{"taxonomy":"category","embeddable":true,"href":"https:\/\/radioljubuski.ba\/index.php\/wp-json\/wp\/v2\/categories?post=131037"},{"taxonomy":"post_tag","embeddable":true,"href":"https:\/\/radioljubuski.ba\/index.php\/wp-json\/wp\/v2\/tags?post=131037"}],"curies":[{"name":"wp","href":"https:\/\/api.w.org\/{rel}","templated":true}]}}