{"id":131040,"date":"2022-04-10T18:43:23","date_gmt":"2022-04-10T17:43:23","guid":{"rendered":"https:\/\/radioljubuski.ba\/?p=131040"},"modified":"2022-04-10T18:43:24","modified_gmt":"2022-04-10T17:43:24","slug":"jos-dvije-medalje-hrvatskih-parabocara","status":"publish","type":"post","link":"https:\/\/radioljubuski.ba\/index.php\/2022\/04\/10\/jos-dvije-medalje-hrvatskih-parabocara\/","title":{"rendered":"Jo\u0161 dvije medalje hrvatskih parabo\u0107ara"},"content":{"rendered":"\n<p><strong>Nakon zlata&nbsp;Dore Ba\u0161i\u0107&nbsp;u pojedina\u010dnoj konkurenciji, hrvatski parabo\u0107ari su osvojili jo\u0161 dvije medalje u ekipnoj i konkurenciji parova na World Boccia Intercontinental Challenger Zagreb 2022. koji se proteklih sedam dana odr\u017eavao u dvorani II Doma sportova.<\/strong><\/p>\n\n\n\n<p>Jedini hrvatski bo\u0107ar koji je nastupio na paraolimpijskim igrama&nbsp;<strong>Davor Komar<\/strong>&nbsp;je u paru s<strong>&nbsp;Anamarijom Aramba\u0161i\u0107<\/strong>&nbsp;u BC4 kategoriji osvojio srebro, dok su BC1\/BC2 tim Dora Ba\u0161i\u0107,&nbsp;<strong>Marko Turkovi\u0107<\/strong>&nbsp;i&nbsp;<strong>Luka Wagner<\/strong>&nbsp;osvojili broncu.<br><br>Marko Aramba\u0161i\u0107 i&nbsp;<strong>Dora Lovri\u0107<\/strong>&nbsp;u BC3 paru su bili posljednji u svojoj skupini.<br><br>Komar i Ambra\u0161i\u0107 su na putu do srebra ostvarili tri pobjede (\u0160panjolska, Gr\u010dka, Slovenija), a u borbi za zlato su izgubili od ma\u0111arskog para&nbsp;<strong>Gerga Berekesa<\/strong>&nbsp;i&nbsp;<strong>Alexandre Szabo<\/strong>&nbsp;sa 0-6.<\/p>\n\n\n\n<p>&#8211; BC4 paru ovo je tek drugi slu\u017ebeni i \u010detvrti ukupno nastup u ovom sastavu. Suradnja im je sve bolja i srebrna medalja je bila realna. Izgubili su od europskih doprvaka Ma\u0111ara. U ostalim utakmicama bili su uvjerljivi te i dalje vjerujem da su sasvim realni kandidati za paraolimpijske igre u Parizu 2024 i da \u0107e to pokazati i na sljede\u0107im turnirima, kazao je izbornik&nbsp;<strong>Tomislav Bunjevac<\/strong>.<br><br>BC1\/BC2 tim (Dora Ba\u0161i\u0107, Marko Turkovi\u0107, Luka Wagner) su na koncu bili tre\u0107i iza \u010ce\u0161ke i Gr\u010dke.<br><br>&#8211; Ovo im je prva medalja u ovom sastavu, vjerujem ne i zadnja. Napredak u igri je vidljiv, tako da samom igrom ne mogu biti nezadovoljan, iako bih volio da su ostvarili jo\u0161 bar jednu pobjedu, dodao je Bunjevac.<br><br>Marko Aramba\u0161i\u0107 i Dora Lovri\u0107 su u BC3 paru bili su posljednji u svojoj skupini s tri poraza, a bio je to njihov prvi zajedni\u010dki nastup.<br><br>Podsjetimo, Dora Ba\u0161i\u0107 je uz ekipnu broncu osvojila i zlato u pojedina\u010dnoj konkurenciji.<br><br>\u010clanica BK Dan iz Slavonskog Broda je pobijedila u kategoriji BC1 opravdav\u0161i ulogu jednog od favorita u svojoj kategoriji. Ba\u0161i\u0107, koja je jedna od najizglednijih hrvatskih kandidatkinja za Paraolimpijske igre u Parizu, na putu do zlata upisala \u010detiri pobjede.<br><br>Na World Boccia Intercontinental Challenger Zagreb 2022. nastupilo je 88 natjecatelja iz 22 zemlje svijeta, a Zagreb je bio doma\u0107in jednog od samo pet interkontinentalnih natjecanja ove godine u svijetu. Rang iznad su Svjetski kupovi, kojih \u0107e ove godine biti tri, dok \u0107e na koncu godine biti Svjetsko prvenstvo u Rio de Janeiru.<\/p>\n\n\n\n<p>Izvor:hrt.hr<\/p>\n","protected":false},"excerpt":{"rendered":"<p>Nakon zlata&nbsp;Dore Ba\u0161i\u0107&nbsp;u pojedina\u010dnoj konkurenciji, hrvatski parabo\u0107ari su osvojili jo\u0161 dvije medalje u ekipnoj i konkurenciji parova na World Boccia Intercontinental Challenger Zagreb 2022. koji se proteklih sedam dana odr\u017eavao u dvorani II Doma sportova. Jedini hrvatski bo\u0107ar koji je nastupio na paraolimpijskim igrama&nbsp;Davor Komar&nbsp;je u paru s&nbsp;Anamarijom Aramba\u0161i\u0107&nbsp;u BC4 kategoriji osvojio srebro, dok su [&hellip;]<\/p>\n","protected":false},"author":2,"featured_media":131041,"comment_status":"closed","ping_status":"closed","sticky":false,"template":"","format":"standard","meta":{"h5ap_radio_sources":[],"footnotes":""},"categories":[7],"tags":[],"class_list":["post-131040","post","type-post","status-publish","format-standard","has-post-thumbnail","hentry","category-sport"],"yoast_head":"<!-- This site is optimized with the Yoast SEO plugin v27.5 - https:\/\/yoast.com\/product\/yoast-seo-wordpress\/ -->\n<title>Jo\u0161 dvije medalje hrvatskih parabo\u0107ara - RADIO LJUBU\u0160KI<\/title>\n<meta name=\"robots\" content=\"index, follow, max-snippet:-1, max-image-preview:large, max-video-preview:-1\" \/>\n<link rel=\"canonical\" href=\"https:\/\/radioljubuski.ba\/index.php\/2022\/04\/10\/jos-dvije-medalje-hrvatskih-parabocara\/\" \/>\n<meta property=\"og:locale\" content=\"hr_HR\" \/>\n<meta property=\"og:type\" content=\"article\" \/>\n<meta property=\"og:title\" content=\"Jo\u0161 dvije medalje hrvatskih parabo\u0107ara - RADIO LJUBU\u0160KI\" \/>\n<meta property=\"og:description\" content=\"Nakon zlata&nbsp;Dore Ba\u0161i\u0107&nbsp;u pojedina\u010dnoj konkurenciji, hrvatski parabo\u0107ari su osvojili jo\u0161 dvije medalje u ekipnoj i konkurenciji parova na World Boccia Intercontinental Challenger Zagreb 2022. koji se proteklih sedam dana odr\u017eavao u dvorani II Doma sportova. Jedini hrvatski bo\u0107ar koji je nastupio na paraolimpijskim igrama&nbsp;Davor Komar&nbsp;je u paru s&nbsp;Anamarijom Aramba\u0161i\u0107&nbsp;u BC4 kategoriji osvojio srebro, dok su [&hellip;]\" \/>\n<meta property=\"og:url\" content=\"https:\/\/radioljubuski.ba\/index.php\/2022\/04\/10\/jos-dvije-medalje-hrvatskih-parabocara\/\" \/>\n<meta property=\"og:site_name\" content=\"RADIO LJUBU\u0160KI\" \/>\n<meta property=\"article:publisher\" content=\"https:\/\/www.facebook.com\/Radiio-Ljubuski-1490835324566332\" \/>\n<meta property=\"article:published_time\" content=\"2022-04-10T17:43:23+00:00\" \/>\n<meta property=\"article:modified_time\" content=\"2022-04-10T17:43:24+00:00\" \/>\n<meta property=\"og:image\" content=\"https:\/\/radioljubuski.ba\/wp-content\/uploads\/2022\/04\/330145.jpg\" \/>\n\t<meta property=\"og:image:width\" content=\"730\" \/>\n\t<meta property=\"og:image:height\" content=\"487\" \/>\n\t<meta property=\"og:image:type\" content=\"image\/jpeg\" \/>\n<meta name=\"author\" content=\"Radio Ljubu\u0161ki\" \/>\n<meta name=\"twitter:card\" content=\"summary_large_image\" \/>\n<meta name=\"twitter:creator\" content=\"@radioljubuski\" \/>\n<meta name=\"twitter:site\" content=\"@radioljubuski\" \/>\n<meta name=\"twitter:label1\" content=\"Napisao\/la\" \/>\n\t<meta name=\"twitter:data1\" content=\"Radio Ljubu\u0161ki\" \/>\n\t<meta name=\"twitter:label2\" content=\"Procijenjeno vrijeme \u010ditanja\" \/>\n\t<meta name=\"twitter:data2\" content=\"2 minute\" \/>\n<script type=\"application\/ld+json\" class=\"yoast-schema-graph\">{\"@context\":\"https:\\\/\\\/schema.org\",\"@graph\":[{\"@type\":\"Article\",\"@id\":\"https:\\\/\\\/radioljubuski.ba\\\/index.php\\\/2022\\\/04\\\/10\\\/jos-dvije-medalje-hrvatskih-parabocara\\\/#article\",\"isPartOf\":{\"@id\":\"https:\\\/\\\/radioljubuski.ba\\\/index.php\\\/2022\\\/04\\\/10\\\/jos-dvije-medalje-hrvatskih-parabocara\\\/\"},\"author\":{\"name\":\"Radio Ljubu\u0161ki\",\"@id\":\"https:\\\/\\\/radioljubuski.ba\\\/#\\\/schema\\\/person\\\/19fc700381a780f69665d7956c469e3b\"},\"headline\":\"Jo\u0161 dvije medalje hrvatskih parabo\u0107ara\",\"datePublished\":\"2022-04-10T17:43:23+00:00\",\"dateModified\":\"2022-04-10T17:43:24+00:00\",\"mainEntityOfPage\":{\"@id\":\"https:\\\/\\\/radioljubuski.ba\\\/index.php\\\/2022\\\/04\\\/10\\\/jos-dvije-medalje-hrvatskih-parabocara\\\/\"},\"wordCount\":419,\"publisher\":{\"@id\":\"https:\\\/\\\/radioljubuski.ba\\\/#organization\"},\"image\":{\"@id\":\"https:\\\/\\\/radioljubuski.ba\\\/index.php\\\/2022\\\/04\\\/10\\\/jos-dvije-medalje-hrvatskih-parabocara\\\/#primaryimage\"},\"thumbnailUrl\":\"https:\\\/\\\/radioljubuski.ba\\\/wp-content\\\/uploads\\\/2022\\\/04\\\/330145.jpg\",\"articleSection\":[\"\u0160port\"],\"inLanguage\":\"hr\"},{\"@type\":\"WebPage\",\"@id\":\"https:\\\/\\\/radioljubuski.ba\\\/index.php\\\/2022\\\/04\\\/10\\\/jos-dvije-medalje-hrvatskih-parabocara\\\/\",\"url\":\"https:\\\/\\\/radioljubuski.ba\\\/index.php\\\/2022\\\/04\\\/10\\\/jos-dvije-medalje-hrvatskih-parabocara\\\/\",\"name\":\"Jo\u0161 dvije medalje hrvatskih parabo\u0107ara - RADIO LJUBU\u0160KI\",\"isPartOf\":{\"@id\":\"https:\\\/\\\/radioljubuski.ba\\\/#website\"},\"primaryImageOfPage\":{\"@id\":\"https:\\\/\\\/radioljubuski.ba\\\/index.php\\\/2022\\\/04\\\/10\\\/jos-dvije-medalje-hrvatskih-parabocara\\\/#primaryimage\"},\"image\":{\"@id\":\"https:\\\/\\\/radioljubuski.ba\\\/index.php\\\/2022\\\/04\\\/10\\\/jos-dvije-medalje-hrvatskih-parabocara\\\/#primaryimage\"},\"thumbnailUrl\":\"https:\\\/\\\/radioljubuski.ba\\\/wp-content\\\/uploads\\\/2022\\\/04\\\/330145.jpg\",\"datePublished\":\"2022-04-10T17:43:23+00:00\",\"dateModified\":\"2022-04-10T17:43:24+00:00\",\"breadcrumb\":{\"@id\":\"https:\\\/\\\/radioljubuski.ba\\\/index.php\\\/2022\\\/04\\\/10\\\/jos-dvije-medalje-hrvatskih-parabocara\\\/#breadcrumb\"},\"inLanguage\":\"hr\",\"potentialAction\":[{\"@type\":\"ReadAction\",\"target\":[\"https:\\\/\\\/radioljubuski.ba\\\/index.php\\\/2022\\\/04\\\/10\\\/jos-dvije-medalje-hrvatskih-parabocara\\\/\"]}]},{\"@type\":\"ImageObject\",\"inLanguage\":\"hr\",\"@id\":\"https:\\\/\\\/radioljubuski.ba\\\/index.php\\\/2022\\\/04\\\/10\\\/jos-dvije-medalje-hrvatskih-parabocara\\\/#primaryimage\",\"url\":\"https:\\\/\\\/radioljubuski.ba\\\/wp-content\\\/uploads\\\/2022\\\/04\\\/330145.jpg\",\"contentUrl\":\"https:\\\/\\\/radioljubuski.ba\\\/wp-content\\\/uploads\\\/2022\\\/04\\\/330145.jpg\",\"width\":730,\"height\":487},{\"@type\":\"BreadcrumbList\",\"@id\":\"https:\\\/\\\/radioljubuski.ba\\\/index.php\\\/2022\\\/04\\\/10\\\/jos-dvije-medalje-hrvatskih-parabocara\\\/#breadcrumb\",\"itemListElement\":[{\"@type\":\"ListItem\",\"position\":1,\"name\":\"Po\u010detna stranica\",\"item\":\"https:\\\/\\\/radioljubuski.ba\\\/\"},{\"@type\":\"ListItem\",\"position\":2,\"name\":\"Jo\u0161 dvije medalje hrvatskih parabo\u0107ara\"}]},{\"@type\":\"WebSite\",\"@id\":\"https:\\\/\\\/radioljubuski.ba\\\/#website\",\"url\":\"https:\\\/\\\/radioljubuski.ba\\\/\",\"name\":\"Radio Ljubu\u0161ki\",\"description\":\"Sun\u010dana frekvencija Hercegovine\",\"publisher\":{\"@id\":\"https:\\\/\\\/radioljubuski.ba\\\/#organization\"},\"potentialAction\":[{\"@type\":\"SearchAction\",\"target\":{\"@type\":\"EntryPoint\",\"urlTemplate\":\"https:\\\/\\\/radioljubuski.ba\\\/?s={search_term_string}\"},\"query-input\":{\"@type\":\"PropertyValueSpecification\",\"valueRequired\":true,\"valueName\":\"search_term_string\"}}],\"inLanguage\":\"hr\"},{\"@type\":\"Organization\",\"@id\":\"https:\\\/\\\/radioljubuski.ba\\\/#organization\",\"name\":\"Radio Ljubu\u0161ki\",\"url\":\"https:\\\/\\\/radioljubuski.ba\\\/\",\"logo\":{\"@type\":\"ImageObject\",\"inLanguage\":\"hr\",\"@id\":\"https:\\\/\\\/radioljubuski.ba\\\/#\\\/schema\\\/logo\\\/image\\\/\",\"url\":\"https:\\\/\\\/radioljubuski.ba\\\/wp-content\\\/uploads\\\/2021\\\/02\\\/cropped-Radio_Ljubuski_logo1.jpg\",\"contentUrl\":\"https:\\\/\\\/radioljubuski.ba\\\/wp-content\\\/uploads\\\/2021\\\/02\\\/cropped-Radio_Ljubuski_logo1.jpg\",\"width\":512,\"height\":512,\"caption\":\"Radio Ljubu\u0161ki\"},\"image\":{\"@id\":\"https:\\\/\\\/radioljubuski.ba\\\/#\\\/schema\\\/logo\\\/image\\\/\"},\"sameAs\":[\"https:\\\/\\\/www.facebook.com\\\/Radiio-Ljubuski-1490835324566332\",\"https:\\\/\\\/x.com\\\/radioljubuski\",\"https:\\\/\\\/hr.linkedin.com\\\/company\\\/radio-ljubuski\",\"https:\\\/\\\/www.youtube.com\\\/channel\\\/UCHYaeO_n0Db3tjNGudGpXyw\"]},{\"@type\":\"Person\",\"@id\":\"https:\\\/\\\/radioljubuski.ba\\\/#\\\/schema\\\/person\\\/19fc700381a780f69665d7956c469e3b\",\"name\":\"Radio Ljubu\u0161ki\"}]}<\/script>\n<!-- \/ Yoast SEO plugin. -->","yoast_head_json":{"title":"Jo\u0161 dvije medalje hrvatskih parabo\u0107ara - RADIO LJUBU\u0160KI","robots":{"index":"index","follow":"follow","max-snippet":"max-snippet:-1","max-image-preview":"max-image-preview:large","max-video-preview":"max-video-preview:-1"},"canonical":"https:\/\/radioljubuski.ba\/index.php\/2022\/04\/10\/jos-dvije-medalje-hrvatskih-parabocara\/","og_locale":"hr_HR","og_type":"article","og_title":"Jo\u0161 dvije medalje hrvatskih parabo\u0107ara - RADIO LJUBU\u0160KI","og_description":"Nakon zlata&nbsp;Dore Ba\u0161i\u0107&nbsp;u pojedina\u010dnoj konkurenciji, hrvatski parabo\u0107ari su osvojili jo\u0161 dvije medalje u ekipnoj i konkurenciji parova na World Boccia Intercontinental Challenger Zagreb 2022. koji se proteklih sedam dana odr\u017eavao u dvorani II Doma sportova. Jedini hrvatski bo\u0107ar koji je nastupio na paraolimpijskim igrama&nbsp;Davor Komar&nbsp;je u paru s&nbsp;Anamarijom Aramba\u0161i\u0107&nbsp;u BC4 kategoriji osvojio srebro, dok su [&hellip;]","og_url":"https:\/\/radioljubuski.ba\/index.php\/2022\/04\/10\/jos-dvije-medalje-hrvatskih-parabocara\/","og_site_name":"RADIO LJUBU\u0160KI","article_publisher":"https:\/\/www.facebook.com\/Radiio-Ljubuski-1490835324566332","article_published_time":"2022-04-10T17:43:23+00:00","article_modified_time":"2022-04-10T17:43:24+00:00","og_image":[{"width":730,"height":487,"url":"https:\/\/radioljubuski.ba\/wp-content\/uploads\/2022\/04\/330145.jpg","type":"image\/jpeg"}],"author":"Radio Ljubu\u0161ki","twitter_card":"summary_large_image","twitter_creator":"@radioljubuski","twitter_site":"@radioljubuski","twitter_misc":{"Napisao\/la":"Radio Ljubu\u0161ki","Procijenjeno vrijeme \u010ditanja":"2 minute"},"schema":{"@context":"https:\/\/schema.org","@graph":[{"@type":"Article","@id":"https:\/\/radioljubuski.ba\/index.php\/2022\/04\/10\/jos-dvije-medalje-hrvatskih-parabocara\/#article","isPartOf":{"@id":"https:\/\/radioljubuski.ba\/index.php\/2022\/04\/10\/jos-dvije-medalje-hrvatskih-parabocara\/"},"author":{"name":"Radio Ljubu\u0161ki","@id":"https:\/\/radioljubuski.ba\/#\/schema\/person\/19fc700381a780f69665d7956c469e3b"},"headline":"Jo\u0161 dvije medalje hrvatskih parabo\u0107ara","datePublished":"2022-04-10T17:43:23+00:00","dateModified":"2022-04-10T17:43:24+00:00","mainEntityOfPage":{"@id":"https:\/\/radioljubuski.ba\/index.php\/2022\/04\/10\/jos-dvije-medalje-hrvatskih-parabocara\/"},"wordCount":419,"publisher":{"@id":"https:\/\/radioljubuski.ba\/#organization"},"image":{"@id":"https:\/\/radioljubuski.ba\/index.php\/2022\/04\/10\/jos-dvije-medalje-hrvatskih-parabocara\/#primaryimage"},"thumbnailUrl":"https:\/\/radioljubuski.ba\/wp-content\/uploads\/2022\/04\/330145.jpg","articleSection":["\u0160port"],"inLanguage":"hr"},{"@type":"WebPage","@id":"https:\/\/radioljubuski.ba\/index.php\/2022\/04\/10\/jos-dvije-medalje-hrvatskih-parabocara\/","url":"https:\/\/radioljubuski.ba\/index.php\/2022\/04\/10\/jos-dvije-medalje-hrvatskih-parabocara\/","name":"Jo\u0161 dvije medalje hrvatskih parabo\u0107ara - RADIO LJUBU\u0160KI","isPartOf":{"@id":"https:\/\/radioljubuski.ba\/#website"},"primaryImageOfPage":{"@id":"https:\/\/radioljubuski.ba\/index.php\/2022\/04\/10\/jos-dvije-medalje-hrvatskih-parabocara\/#primaryimage"},"image":{"@id":"https:\/\/radioljubuski.ba\/index.php\/2022\/04\/10\/jos-dvije-medalje-hrvatskih-parabocara\/#primaryimage"},"thumbnailUrl":"https:\/\/radioljubuski.ba\/wp-content\/uploads\/2022\/04\/330145.jpg","datePublished":"2022-04-10T17:43:23+00:00","dateModified":"2022-04-10T17:43:24+00:00","breadcrumb":{"@id":"https:\/\/radioljubuski.ba\/index.php\/2022\/04\/10\/jos-dvije-medalje-hrvatskih-parabocara\/#breadcrumb"},"inLanguage":"hr","potentialAction":[{"@type":"ReadAction","target":["https:\/\/radioljubuski.ba\/index.php\/2022\/04\/10\/jos-dvije-medalje-hrvatskih-parabocara\/"]}]},{"@type":"ImageObject","inLanguage":"hr","@id":"https:\/\/radioljubuski.ba\/index.php\/2022\/04\/10\/jos-dvije-medalje-hrvatskih-parabocara\/#primaryimage","url":"https:\/\/radioljubuski.ba\/wp-content\/uploads\/2022\/04\/330145.jpg","contentUrl":"https:\/\/radioljubuski.ba\/wp-content\/uploads\/2022\/04\/330145.jpg","width":730,"height":487},{"@type":"BreadcrumbList","@id":"https:\/\/radioljubuski.ba\/index.php\/2022\/04\/10\/jos-dvije-medalje-hrvatskih-parabocara\/#breadcrumb","itemListElement":[{"@type":"ListItem","position":1,"name":"Po\u010detna stranica","item":"https:\/\/radioljubuski.ba\/"},{"@type":"ListItem","position":2,"name":"Jo\u0161 dvije medalje hrvatskih parabo\u0107ara"}]},{"@type":"WebSite","@id":"https:\/\/radioljubuski.ba\/#website","url":"https:\/\/radioljubuski.ba\/","name":"Radio Ljubu\u0161ki","description":"Sun\u010dana frekvencija Hercegovine","publisher":{"@id":"https:\/\/radioljubuski.ba\/#organization"},"potentialAction":[{"@type":"SearchAction","target":{"@type":"EntryPoint","urlTemplate":"https:\/\/radioljubuski.ba\/?s={search_term_string}"},"query-input":{"@type":"PropertyValueSpecification","valueRequired":true,"valueName":"search_term_string"}}],"inLanguage":"hr"},{"@type":"Organization","@id":"https:\/\/radioljubuski.ba\/#organization","name":"Radio Ljubu\u0161ki","url":"https:\/\/radioljubuski.ba\/","logo":{"@type":"ImageObject","inLanguage":"hr","@id":"https:\/\/radioljubuski.ba\/#\/schema\/logo\/image\/","url":"https:\/\/radioljubuski.ba\/wp-content\/uploads\/2021\/02\/cropped-Radio_Ljubuski_logo1.jpg","contentUrl":"https:\/\/radioljubuski.ba\/wp-content\/uploads\/2021\/02\/cropped-Radio_Ljubuski_logo1.jpg","width":512,"height":512,"caption":"Radio Ljubu\u0161ki"},"image":{"@id":"https:\/\/radioljubuski.ba\/#\/schema\/logo\/image\/"},"sameAs":["https:\/\/www.facebook.com\/Radiio-Ljubuski-1490835324566332","https:\/\/x.com\/radioljubuski","https:\/\/hr.linkedin.com\/company\/radio-ljubuski","https:\/\/www.youtube.com\/channel\/UCHYaeO_n0Db3tjNGudGpXyw"]},{"@type":"Person","@id":"https:\/\/radioljubuski.ba\/#\/schema\/person\/19fc700381a780f69665d7956c469e3b","name":"Radio Ljubu\u0161ki"}]}},"_links":{"self":[{"href":"https:\/\/radioljubuski.ba\/index.php\/wp-json\/wp\/v2\/posts\/131040","targetHints":{"allow":["GET"]}}],"collection":[{"href":"https:\/\/radioljubuski.ba\/index.php\/wp-json\/wp\/v2\/posts"}],"about":[{"href":"https:\/\/radioljubuski.ba\/index.php\/wp-json\/wp\/v2\/types\/post"}],"author":[{"embeddable":true,"href":"https:\/\/radioljubuski.ba\/index.php\/wp-json\/wp\/v2\/users\/2"}],"replies":[{"embeddable":true,"href":"https:\/\/radioljubuski.ba\/index.php\/wp-json\/wp\/v2\/comments?post=131040"}],"version-history":[{"count":1,"href":"https:\/\/radioljubuski.ba\/index.php\/wp-json\/wp\/v2\/posts\/131040\/revisions"}],"predecessor-version":[{"id":131042,"href":"https:\/\/radioljubuski.ba\/index.php\/wp-json\/wp\/v2\/posts\/131040\/revisions\/131042"}],"wp:featuredmedia":[{"embeddable":true,"href":"https:\/\/radioljubuski.ba\/index.php\/wp-json\/wp\/v2\/media\/131041"}],"wp:attachment":[{"href":"https:\/\/radioljubuski.ba\/index.php\/wp-json\/wp\/v2\/media?parent=131040"}],"wp:term":[{"taxonomy":"category","embeddable":true,"href":"https:\/\/radioljubuski.ba\/index.php\/wp-json\/wp\/v2\/categories?post=131040"},{"taxonomy":"post_tag","embeddable":true,"href":"https:\/\/radioljubuski.ba\/index.php\/wp-json\/wp\/v2\/tags?post=131040"}],"curies":[{"name":"wp","href":"https:\/\/api.w.org\/{rel}","templated":true}]}}