{"id":131076,"date":"2022-04-10T21:31:58","date_gmt":"2022-04-10T20:31:58","guid":{"rendered":"https:\/\/radioljubuski.ba\/?p=131076"},"modified":"2022-04-10T21:31:59","modified_gmt":"2022-04-10T20:31:59","slug":"seprtljavost-diabyja-kobna-za-bayer","status":"publish","type":"post","link":"https:\/\/radioljubuski.ba\/index.php\/2022\/04\/10\/seprtljavost-diabyja-kobna-za-bayer\/","title":{"rendered":"\u0160eprtljavost Diabyja kobna za Bayer"},"content":{"rendered":"\n<p><strong>Bayer iz Leverkusena propustio je pobijediti Bochum na gostovanju, u 29. kolu Bundeslige. Utakmica je zavr\u0161ila bez pogodaka.<\/strong><\/p>\n\n\n\n<p>&#8220;Me\u010d-loptu&#8221; za tri boda propustio je gostuju\u0107i igra\u010d&nbsp;<strong>Moussa Diaby<\/strong>&nbsp;u 65. minuti pri izvo\u0111enju jedanaesterca.<\/p>\n\n\n\n<p>Francuz Diaby je pogodio s bijele to\u010dke, ali se neposredno prije udarca poskliznuo te je istovremeno udario loptu s obje noge. Zbog dvostrukog diranja lopte sudac je poni\u0161tio pogodak te je dosudio indirektni udarac za doma\u0107eg vratara. Do kraja se mre\u017ee nisu tresle, \u010dime je stao mini-niz Bayera od dvije liga\u0161ke pobjede.<\/p>\n\n\n\n<p>Oba su sastava s ovim osvojenim bodom ostala na dosada\u0161njim pozicijama. Bayer je tre\u0107i, dok je Bochum na 12. mjestu.<\/p>\n\n\n\n<p>Bundesliga, 29. kolo:<\/p>\n\n\n\n<p>Bochum &#8211; Bayer 0-0<\/p>\n\n\n\n<p>Eintracht &#8211; Freiburg (17:30 sati)<\/p>\n\n\n\n<p>RB Leipzig &#8211; Hoffenheim (19:30 sati)<\/p>\n\n\n\n<p>Subota:<\/p>\n\n\n\n<p>Bayern &#8211; Augsburg 1-0 (Lewandowski 82-11m)<\/p>\n\n\n\n<p>Wolfsburg &#8211; Arminia 4-0 (Nmecha 11, 38, Arnold 48, Kruse 53)<\/p>\n\n\n\n<p>Koeln &#8211; Mainz 3-2 (Skhiri 60, Ljubi\u010di\u0107 78, Kilian 82 \/ Burkardt 14, Onisiwo 55)<\/p>\n\n\n\n<p>Greuther Fuerth &#8211; Borussia (M) 0-2 (Thuram 18, Plea 24-11m)<\/p>\n\n\n\n<p>Hertha &#8211; Union 1-4 (Baumgartl 49-11m \/ Haraguchi 31, Proemel 53, Becker 74, Michel 85)<\/p>\n\n\n\n<p>Petak:<\/p>\n\n\n\n<p>Stuttgart &#8211; Borussia (D) 0-2 (Brandt 12, 71)<\/p>\n\n\n\n<p>Ljestvica:<\/p>\n\n\n\n<p>1. Bayern 29 22 3 4 86-29 69<\/p>\n\n\n\n<p>2. Borussia (D) 29 19 3 7 70-42 60<\/p>\n\n\n\n<p>3. Bayer 29 15 7 7 68-42 52<\/p>\n\n\n\n<p>4. RB Leipzig 28 14 6 8 61-31 48<\/p>\n\n\n\n<p>5. Freiburg 28 12 9 7 44-33 45<\/p>\n\n\n\n<p>6. Hoffenheim 28 13 5 10 50-42 44<\/p>\n\n\n\n<p>7. Union Berlin 29 12 8 9 38-39 44<\/p>\n\n\n\n<p>8. Koeln 29 11 10 8 41-43 43<\/p>\n\n\n\n<p>9. Eintracht 28 10 9 9 39-38 39<\/p>\n\n\n\n<p>10. Mainz 05 29 11 5 13 43-36 38<\/p>\n\n\n\n<p>11. Borussia (M) 29 10 7 12 41-52 37<\/p>\n\n\n\n<p>12. Bochum 29 10 6 13 30-40 36<\/p>\n\n\n\n<p>13. Wolfsburg 29 10 4 15 33-45 34<\/p>\n\n\n\n<p>14. Augsburg 29 8 8 13 34-46 32<\/p>\n\n\n\n<p>15. Stuttgart 29 6 9 14 36-53 27<\/p>\n\n\n\n<p>16. Arminia 29 5 11 13 23-43 26<\/p>\n\n\n\n<p>17. Hertha 29 7 5 17 31-66 26<\/p>\n\n\n\n<p>18. Greuther Fuerth 29 3 7 19 24-72 16<\/p>\n\n\n\n<p>Izvor:hrt.hr<\/p>\n","protected":false},"excerpt":{"rendered":"<p>Bayer iz Leverkusena propustio je pobijediti Bochum na gostovanju, u 29. kolu Bundeslige. Utakmica je zavr\u0161ila bez pogodaka. &#8220;Me\u010d-loptu&#8221; za tri boda propustio je gostuju\u0107i igra\u010d&nbsp;Moussa Diaby&nbsp;u 65. minuti pri izvo\u0111enju jedanaesterca. Francuz Diaby je pogodio s bijele to\u010dke, ali se neposredno prije udarca poskliznuo te je istovremeno udario loptu s obje noge. Zbog dvostrukog [&hellip;]<\/p>\n","protected":false},"author":2,"featured_media":131077,"comment_status":"closed","ping_status":"closed","sticky":false,"template":"","format":"standard","meta":{"h5ap_radio_sources":[],"footnotes":""},"categories":[7],"tags":[],"class_list":["post-131076","post","type-post","status-publish","format-standard","has-post-thumbnail","hentry","category-sport"],"yoast_head":"<!-- This site is optimized with the Yoast SEO plugin v27.4 - https:\/\/yoast.com\/product\/yoast-seo-wordpress\/ -->\n<title>\u0160eprtljavost Diabyja kobna za Bayer - RADIO LJUBU\u0160KI<\/title>\n<meta name=\"robots\" content=\"index, follow, max-snippet:-1, max-image-preview:large, max-video-preview:-1\" \/>\n<link rel=\"canonical\" href=\"https:\/\/radioljubuski.ba\/index.php\/2022\/04\/10\/seprtljavost-diabyja-kobna-za-bayer\/\" \/>\n<meta property=\"og:locale\" content=\"hr_HR\" \/>\n<meta property=\"og:type\" content=\"article\" \/>\n<meta property=\"og:title\" content=\"\u0160eprtljavost Diabyja kobna za Bayer - RADIO LJUBU\u0160KI\" \/>\n<meta property=\"og:description\" content=\"Bayer iz Leverkusena propustio je pobijediti Bochum na gostovanju, u 29. kolu Bundeslige. Utakmica je zavr\u0161ila bez pogodaka. &#8220;Me\u010d-loptu&#8221; za tri boda propustio je gostuju\u0107i igra\u010d&nbsp;Moussa Diaby&nbsp;u 65. minuti pri izvo\u0111enju jedanaesterca. Francuz Diaby je pogodio s bijele to\u010dke, ali se neposredno prije udarca poskliznuo te je istovremeno udario loptu s obje noge. Zbog dvostrukog [&hellip;]\" \/>\n<meta property=\"og:url\" content=\"https:\/\/radioljubuski.ba\/index.php\/2022\/04\/10\/seprtljavost-diabyja-kobna-za-bayer\/\" \/>\n<meta property=\"og:site_name\" content=\"RADIO LJUBU\u0160KI\" \/>\n<meta property=\"article:publisher\" content=\"https:\/\/www.facebook.com\/Radiio-Ljubuski-1490835324566332\" \/>\n<meta property=\"article:published_time\" content=\"2022-04-10T20:31:58+00:00\" \/>\n<meta property=\"article:modified_time\" content=\"2022-04-10T20:31:59+00:00\" \/>\n<meta property=\"og:image\" content=\"https:\/\/radioljubuski.ba\/wp-content\/uploads\/2022\/04\/diaby-shutterstock-1586837995-20220410161216.jpg\" \/>\n\t<meta property=\"og:image:width\" content=\"1600\" \/>\n\t<meta property=\"og:image:height\" content=\"1067\" \/>\n\t<meta property=\"og:image:type\" content=\"image\/jpeg\" \/>\n<meta name=\"author\" content=\"Radio Ljubu\u0161ki\" \/>\n<meta name=\"twitter:card\" content=\"summary_large_image\" \/>\n<meta name=\"twitter:creator\" content=\"@radioljubuski\" \/>\n<meta name=\"twitter:site\" content=\"@radioljubuski\" \/>\n<meta name=\"twitter:label1\" content=\"Napisao\/la\" \/>\n\t<meta name=\"twitter:data1\" content=\"Radio Ljubu\u0161ki\" \/>\n\t<meta name=\"twitter:label2\" content=\"Procijenjeno vrijeme \u010ditanja\" \/>\n\t<meta name=\"twitter:data2\" content=\"2 minute\" \/>\n<script type=\"application\/ld+json\" class=\"yoast-schema-graph\">{\"@context\":\"https:\\\/\\\/schema.org\",\"@graph\":[{\"@type\":\"Article\",\"@id\":\"https:\\\/\\\/radioljubuski.ba\\\/index.php\\\/2022\\\/04\\\/10\\\/seprtljavost-diabyja-kobna-za-bayer\\\/#article\",\"isPartOf\":{\"@id\":\"https:\\\/\\\/radioljubuski.ba\\\/index.php\\\/2022\\\/04\\\/10\\\/seprtljavost-diabyja-kobna-za-bayer\\\/\"},\"author\":{\"name\":\"Radio Ljubu\u0161ki\",\"@id\":\"https:\\\/\\\/radioljubuski.ba\\\/#\\\/schema\\\/person\\\/19fc700381a780f69665d7956c469e3b\"},\"headline\":\"\u0160eprtljavost Diabyja kobna za Bayer\",\"datePublished\":\"2022-04-10T20:31:58+00:00\",\"dateModified\":\"2022-04-10T20:31:59+00:00\",\"mainEntityOfPage\":{\"@id\":\"https:\\\/\\\/radioljubuski.ba\\\/index.php\\\/2022\\\/04\\\/10\\\/seprtljavost-diabyja-kobna-za-bayer\\\/\"},\"wordCount\":234,\"publisher\":{\"@id\":\"https:\\\/\\\/radioljubuski.ba\\\/#organization\"},\"image\":{\"@id\":\"https:\\\/\\\/radioljubuski.ba\\\/index.php\\\/2022\\\/04\\\/10\\\/seprtljavost-diabyja-kobna-za-bayer\\\/#primaryimage\"},\"thumbnailUrl\":\"https:\\\/\\\/radioljubuski.ba\\\/wp-content\\\/uploads\\\/2022\\\/04\\\/diaby-shutterstock-1586837995-20220410161216.jpg\",\"articleSection\":[\"\u0160port\"],\"inLanguage\":\"hr\"},{\"@type\":\"WebPage\",\"@id\":\"https:\\\/\\\/radioljubuski.ba\\\/index.php\\\/2022\\\/04\\\/10\\\/seprtljavost-diabyja-kobna-za-bayer\\\/\",\"url\":\"https:\\\/\\\/radioljubuski.ba\\\/index.php\\\/2022\\\/04\\\/10\\\/seprtljavost-diabyja-kobna-za-bayer\\\/\",\"name\":\"\u0160eprtljavost Diabyja kobna za Bayer - RADIO LJUBU\u0160KI\",\"isPartOf\":{\"@id\":\"https:\\\/\\\/radioljubuski.ba\\\/#website\"},\"primaryImageOfPage\":{\"@id\":\"https:\\\/\\\/radioljubuski.ba\\\/index.php\\\/2022\\\/04\\\/10\\\/seprtljavost-diabyja-kobna-za-bayer\\\/#primaryimage\"},\"image\":{\"@id\":\"https:\\\/\\\/radioljubuski.ba\\\/index.php\\\/2022\\\/04\\\/10\\\/seprtljavost-diabyja-kobna-za-bayer\\\/#primaryimage\"},\"thumbnailUrl\":\"https:\\\/\\\/radioljubuski.ba\\\/wp-content\\\/uploads\\\/2022\\\/04\\\/diaby-shutterstock-1586837995-20220410161216.jpg\",\"datePublished\":\"2022-04-10T20:31:58+00:00\",\"dateModified\":\"2022-04-10T20:31:59+00:00\",\"breadcrumb\":{\"@id\":\"https:\\\/\\\/radioljubuski.ba\\\/index.php\\\/2022\\\/04\\\/10\\\/seprtljavost-diabyja-kobna-za-bayer\\\/#breadcrumb\"},\"inLanguage\":\"hr\",\"potentialAction\":[{\"@type\":\"ReadAction\",\"target\":[\"https:\\\/\\\/radioljubuski.ba\\\/index.php\\\/2022\\\/04\\\/10\\\/seprtljavost-diabyja-kobna-za-bayer\\\/\"]}]},{\"@type\":\"ImageObject\",\"inLanguage\":\"hr\",\"@id\":\"https:\\\/\\\/radioljubuski.ba\\\/index.php\\\/2022\\\/04\\\/10\\\/seprtljavost-diabyja-kobna-za-bayer\\\/#primaryimage\",\"url\":\"https:\\\/\\\/radioljubuski.ba\\\/wp-content\\\/uploads\\\/2022\\\/04\\\/diaby-shutterstock-1586837995-20220410161216.jpg\",\"contentUrl\":\"https:\\\/\\\/radioljubuski.ba\\\/wp-content\\\/uploads\\\/2022\\\/04\\\/diaby-shutterstock-1586837995-20220410161216.jpg\",\"width\":1600,\"height\":1067},{\"@type\":\"BreadcrumbList\",\"@id\":\"https:\\\/\\\/radioljubuski.ba\\\/index.php\\\/2022\\\/04\\\/10\\\/seprtljavost-diabyja-kobna-za-bayer\\\/#breadcrumb\",\"itemListElement\":[{\"@type\":\"ListItem\",\"position\":1,\"name\":\"Po\u010detna stranica\",\"item\":\"https:\\\/\\\/radioljubuski.ba\\\/\"},{\"@type\":\"ListItem\",\"position\":2,\"name\":\"\u0160eprtljavost Diabyja kobna za Bayer\"}]},{\"@type\":\"WebSite\",\"@id\":\"https:\\\/\\\/radioljubuski.ba\\\/#website\",\"url\":\"https:\\\/\\\/radioljubuski.ba\\\/\",\"name\":\"Radio Ljubu\u0161ki\",\"description\":\"Sun\u010dana frekvencija Hercegovine\",\"publisher\":{\"@id\":\"https:\\\/\\\/radioljubuski.ba\\\/#organization\"},\"potentialAction\":[{\"@type\":\"SearchAction\",\"target\":{\"@type\":\"EntryPoint\",\"urlTemplate\":\"https:\\\/\\\/radioljubuski.ba\\\/?s={search_term_string}\"},\"query-input\":{\"@type\":\"PropertyValueSpecification\",\"valueRequired\":true,\"valueName\":\"search_term_string\"}}],\"inLanguage\":\"hr\"},{\"@type\":\"Organization\",\"@id\":\"https:\\\/\\\/radioljubuski.ba\\\/#organization\",\"name\":\"Radio Ljubu\u0161ki\",\"url\":\"https:\\\/\\\/radioljubuski.ba\\\/\",\"logo\":{\"@type\":\"ImageObject\",\"inLanguage\":\"hr\",\"@id\":\"https:\\\/\\\/radioljubuski.ba\\\/#\\\/schema\\\/logo\\\/image\\\/\",\"url\":\"https:\\\/\\\/radioljubuski.ba\\\/wp-content\\\/uploads\\\/2021\\\/02\\\/cropped-Radio_Ljubuski_logo1.jpg\",\"contentUrl\":\"https:\\\/\\\/radioljubuski.ba\\\/wp-content\\\/uploads\\\/2021\\\/02\\\/cropped-Radio_Ljubuski_logo1.jpg\",\"width\":512,\"height\":512,\"caption\":\"Radio Ljubu\u0161ki\"},\"image\":{\"@id\":\"https:\\\/\\\/radioljubuski.ba\\\/#\\\/schema\\\/logo\\\/image\\\/\"},\"sameAs\":[\"https:\\\/\\\/www.facebook.com\\\/Radiio-Ljubuski-1490835324566332\",\"https:\\\/\\\/x.com\\\/radioljubuski\",\"https:\\\/\\\/hr.linkedin.com\\\/company\\\/radio-ljubuski\",\"https:\\\/\\\/www.youtube.com\\\/channel\\\/UCHYaeO_n0Db3tjNGudGpXyw\"]},{\"@type\":\"Person\",\"@id\":\"https:\\\/\\\/radioljubuski.ba\\\/#\\\/schema\\\/person\\\/19fc700381a780f69665d7956c469e3b\",\"name\":\"Radio Ljubu\u0161ki\"}]}<\/script>\n<!-- \/ Yoast SEO plugin. -->","yoast_head_json":{"title":"\u0160eprtljavost Diabyja kobna za Bayer - RADIO LJUBU\u0160KI","robots":{"index":"index","follow":"follow","max-snippet":"max-snippet:-1","max-image-preview":"max-image-preview:large","max-video-preview":"max-video-preview:-1"},"canonical":"https:\/\/radioljubuski.ba\/index.php\/2022\/04\/10\/seprtljavost-diabyja-kobna-za-bayer\/","og_locale":"hr_HR","og_type":"article","og_title":"\u0160eprtljavost Diabyja kobna za Bayer - RADIO LJUBU\u0160KI","og_description":"Bayer iz Leverkusena propustio je pobijediti Bochum na gostovanju, u 29. kolu Bundeslige. Utakmica je zavr\u0161ila bez pogodaka. &#8220;Me\u010d-loptu&#8221; za tri boda propustio je gostuju\u0107i igra\u010d&nbsp;Moussa Diaby&nbsp;u 65. minuti pri izvo\u0111enju jedanaesterca. Francuz Diaby je pogodio s bijele to\u010dke, ali se neposredno prije udarca poskliznuo te je istovremeno udario loptu s obje noge. Zbog dvostrukog [&hellip;]","og_url":"https:\/\/radioljubuski.ba\/index.php\/2022\/04\/10\/seprtljavost-diabyja-kobna-za-bayer\/","og_site_name":"RADIO LJUBU\u0160KI","article_publisher":"https:\/\/www.facebook.com\/Radiio-Ljubuski-1490835324566332","article_published_time":"2022-04-10T20:31:58+00:00","article_modified_time":"2022-04-10T20:31:59+00:00","og_image":[{"width":1600,"height":1067,"url":"https:\/\/radioljubuski.ba\/wp-content\/uploads\/2022\/04\/diaby-shutterstock-1586837995-20220410161216.jpg","type":"image\/jpeg"}],"author":"Radio Ljubu\u0161ki","twitter_card":"summary_large_image","twitter_creator":"@radioljubuski","twitter_site":"@radioljubuski","twitter_misc":{"Napisao\/la":"Radio Ljubu\u0161ki","Procijenjeno vrijeme \u010ditanja":"2 minute"},"schema":{"@context":"https:\/\/schema.org","@graph":[{"@type":"Article","@id":"https:\/\/radioljubuski.ba\/index.php\/2022\/04\/10\/seprtljavost-diabyja-kobna-za-bayer\/#article","isPartOf":{"@id":"https:\/\/radioljubuski.ba\/index.php\/2022\/04\/10\/seprtljavost-diabyja-kobna-za-bayer\/"},"author":{"name":"Radio Ljubu\u0161ki","@id":"https:\/\/radioljubuski.ba\/#\/schema\/person\/19fc700381a780f69665d7956c469e3b"},"headline":"\u0160eprtljavost Diabyja kobna za Bayer","datePublished":"2022-04-10T20:31:58+00:00","dateModified":"2022-04-10T20:31:59+00:00","mainEntityOfPage":{"@id":"https:\/\/radioljubuski.ba\/index.php\/2022\/04\/10\/seprtljavost-diabyja-kobna-za-bayer\/"},"wordCount":234,"publisher":{"@id":"https:\/\/radioljubuski.ba\/#organization"},"image":{"@id":"https:\/\/radioljubuski.ba\/index.php\/2022\/04\/10\/seprtljavost-diabyja-kobna-za-bayer\/#primaryimage"},"thumbnailUrl":"https:\/\/radioljubuski.ba\/wp-content\/uploads\/2022\/04\/diaby-shutterstock-1586837995-20220410161216.jpg","articleSection":["\u0160port"],"inLanguage":"hr"},{"@type":"WebPage","@id":"https:\/\/radioljubuski.ba\/index.php\/2022\/04\/10\/seprtljavost-diabyja-kobna-za-bayer\/","url":"https:\/\/radioljubuski.ba\/index.php\/2022\/04\/10\/seprtljavost-diabyja-kobna-za-bayer\/","name":"\u0160eprtljavost Diabyja kobna za Bayer - RADIO LJUBU\u0160KI","isPartOf":{"@id":"https:\/\/radioljubuski.ba\/#website"},"primaryImageOfPage":{"@id":"https:\/\/radioljubuski.ba\/index.php\/2022\/04\/10\/seprtljavost-diabyja-kobna-za-bayer\/#primaryimage"},"image":{"@id":"https:\/\/radioljubuski.ba\/index.php\/2022\/04\/10\/seprtljavost-diabyja-kobna-za-bayer\/#primaryimage"},"thumbnailUrl":"https:\/\/radioljubuski.ba\/wp-content\/uploads\/2022\/04\/diaby-shutterstock-1586837995-20220410161216.jpg","datePublished":"2022-04-10T20:31:58+00:00","dateModified":"2022-04-10T20:31:59+00:00","breadcrumb":{"@id":"https:\/\/radioljubuski.ba\/index.php\/2022\/04\/10\/seprtljavost-diabyja-kobna-za-bayer\/#breadcrumb"},"inLanguage":"hr","potentialAction":[{"@type":"ReadAction","target":["https:\/\/radioljubuski.ba\/index.php\/2022\/04\/10\/seprtljavost-diabyja-kobna-za-bayer\/"]}]},{"@type":"ImageObject","inLanguage":"hr","@id":"https:\/\/radioljubuski.ba\/index.php\/2022\/04\/10\/seprtljavost-diabyja-kobna-za-bayer\/#primaryimage","url":"https:\/\/radioljubuski.ba\/wp-content\/uploads\/2022\/04\/diaby-shutterstock-1586837995-20220410161216.jpg","contentUrl":"https:\/\/radioljubuski.ba\/wp-content\/uploads\/2022\/04\/diaby-shutterstock-1586837995-20220410161216.jpg","width":1600,"height":1067},{"@type":"BreadcrumbList","@id":"https:\/\/radioljubuski.ba\/index.php\/2022\/04\/10\/seprtljavost-diabyja-kobna-za-bayer\/#breadcrumb","itemListElement":[{"@type":"ListItem","position":1,"name":"Po\u010detna stranica","item":"https:\/\/radioljubuski.ba\/"},{"@type":"ListItem","position":2,"name":"\u0160eprtljavost Diabyja kobna za Bayer"}]},{"@type":"WebSite","@id":"https:\/\/radioljubuski.ba\/#website","url":"https:\/\/radioljubuski.ba\/","name":"Radio Ljubu\u0161ki","description":"Sun\u010dana frekvencija Hercegovine","publisher":{"@id":"https:\/\/radioljubuski.ba\/#organization"},"potentialAction":[{"@type":"SearchAction","target":{"@type":"EntryPoint","urlTemplate":"https:\/\/radioljubuski.ba\/?s={search_term_string}"},"query-input":{"@type":"PropertyValueSpecification","valueRequired":true,"valueName":"search_term_string"}}],"inLanguage":"hr"},{"@type":"Organization","@id":"https:\/\/radioljubuski.ba\/#organization","name":"Radio Ljubu\u0161ki","url":"https:\/\/radioljubuski.ba\/","logo":{"@type":"ImageObject","inLanguage":"hr","@id":"https:\/\/radioljubuski.ba\/#\/schema\/logo\/image\/","url":"https:\/\/radioljubuski.ba\/wp-content\/uploads\/2021\/02\/cropped-Radio_Ljubuski_logo1.jpg","contentUrl":"https:\/\/radioljubuski.ba\/wp-content\/uploads\/2021\/02\/cropped-Radio_Ljubuski_logo1.jpg","width":512,"height":512,"caption":"Radio Ljubu\u0161ki"},"image":{"@id":"https:\/\/radioljubuski.ba\/#\/schema\/logo\/image\/"},"sameAs":["https:\/\/www.facebook.com\/Radiio-Ljubuski-1490835324566332","https:\/\/x.com\/radioljubuski","https:\/\/hr.linkedin.com\/company\/radio-ljubuski","https:\/\/www.youtube.com\/channel\/UCHYaeO_n0Db3tjNGudGpXyw"]},{"@type":"Person","@id":"https:\/\/radioljubuski.ba\/#\/schema\/person\/19fc700381a780f69665d7956c469e3b","name":"Radio Ljubu\u0161ki"}]}},"_links":{"self":[{"href":"https:\/\/radioljubuski.ba\/index.php\/wp-json\/wp\/v2\/posts\/131076","targetHints":{"allow":["GET"]}}],"collection":[{"href":"https:\/\/radioljubuski.ba\/index.php\/wp-json\/wp\/v2\/posts"}],"about":[{"href":"https:\/\/radioljubuski.ba\/index.php\/wp-json\/wp\/v2\/types\/post"}],"author":[{"embeddable":true,"href":"https:\/\/radioljubuski.ba\/index.php\/wp-json\/wp\/v2\/users\/2"}],"replies":[{"embeddable":true,"href":"https:\/\/radioljubuski.ba\/index.php\/wp-json\/wp\/v2\/comments?post=131076"}],"version-history":[{"count":1,"href":"https:\/\/radioljubuski.ba\/index.php\/wp-json\/wp\/v2\/posts\/131076\/revisions"}],"predecessor-version":[{"id":131078,"href":"https:\/\/radioljubuski.ba\/index.php\/wp-json\/wp\/v2\/posts\/131076\/revisions\/131078"}],"wp:featuredmedia":[{"embeddable":true,"href":"https:\/\/radioljubuski.ba\/index.php\/wp-json\/wp\/v2\/media\/131077"}],"wp:attachment":[{"href":"https:\/\/radioljubuski.ba\/index.php\/wp-json\/wp\/v2\/media?parent=131076"}],"wp:term":[{"taxonomy":"category","embeddable":true,"href":"https:\/\/radioljubuski.ba\/index.php\/wp-json\/wp\/v2\/categories?post=131076"},{"taxonomy":"post_tag","embeddable":true,"href":"https:\/\/radioljubuski.ba\/index.php\/wp-json\/wp\/v2\/tags?post=131076"}],"curies":[{"name":"wp","href":"https:\/\/api.w.org\/{rel}","templated":true}]}}