{"id":131082,"date":"2022-04-10T21:35:02","date_gmt":"2022-04-10T20:35:02","guid":{"rendered":"https:\/\/radioljubuski.ba\/?p=131082"},"modified":"2022-04-10T21:35:04","modified_gmt":"2022-04-10T20:35:04","slug":"preokret-rome-u-zavrsnici-susreta","status":"publish","type":"post","link":"https:\/\/radioljubuski.ba\/index.php\/2022\/04\/10\/preokret-rome-u-zavrsnici-susreta\/","title":{"rendered":"Preokret Rome u zavr\u0161nici susreta"},"content":{"rendered":"\n<p><strong>Sve do 81. minute nogometa\u0161i Salernitane su vodili 1-0 na Olimpicu protiv Rome u dvoboju 32. kola talijanske Serie A, no Roma je na kraju ipak pobijedila s 2-1. Na asistenciju legendarnog Riberyja gol za 1-0 gostiju postigao je Radovanovi\u0107 u 22. minuti. I sve do same zavr\u0161nice posljednja mom\u010dad na ljestvici je vodila, ali na kraju je ipak ostala bez i\u010dega.<\/strong><\/p>\n\n\n\n<p>U 81. minuti je sjajan pogodak postigao<strong>&nbsp;Carles Perez&nbsp;<\/strong>koji je s 20 metara krajnje precizno naciljao suparni\u010dku mre\u017eu, dok je potpuni preokret uslijedio u 85. kada je&nbsp;<strong>Smalling<\/strong>, nakon prekida, pogodio za 2-1.<\/p>\n\n\n\n<p>Roma je opet presko\u010dila gradskog rivala Lazio te je peta na ljestvici, dok je situacija Salernitane sve kompliciranija. Klub iz Salerna ima \u0161est bodova manje od najbli\u017ee Venezije i Genoe.<\/p>\n\n\n\n<p>Podsjetimo kako su ranije veliki kiks napravili nogometa\u0161i Napolija koji se bore za naslov prvaka talijanske Serie A.&nbsp;<\/p>\n\n\n\n<p>Atalanta je gostovala kod Sassuola te izgubila 1-2. Oba pogotka za doma\u0107ina postigao je\u00a0<strong>Hamed Traore<\/strong>, u 24. i 61. minuti. Za goste je\u00a0<strong>Mario Pa\u0161ali\u0107<\/strong>\u00a0igrao do 77. minute, a tek je u 93. minuti\u00a0<strong>Muriel\u00a0<\/strong>postigao po\u010dasni pogodak.<\/p>\n\n\n\n<figure class=\"wp-block-embed is-type-wp-embed is-provider-radio-ljubuski wp-block-embed-radio-ljubuski\"><div class=\"wp-block-embed__wrapper\">\n<blockquote class=\"wp-embedded-content\" data-secret=\"E6aHe2Zzmz\"><a href=\"https:\/\/radioljubuski.ba\/index.php\/2022\/04\/10\/kiks-napolija-protiv-fiorentine\/\">Kiks Napolija protiv Fiorentine<\/a><\/blockquote><iframe loading=\"lazy\" class=\"wp-embedded-content\" sandbox=\"allow-scripts\" security=\"restricted\" style=\"position: absolute; clip: rect(1px, 1px, 1px, 1px);\" title=\"&#8220;Kiks Napolija protiv Fiorentine&#8221; &#8212;   RADIO LJUBU\u0160KI\" src=\"https:\/\/radioljubuski.ba\/index.php\/2022\/04\/10\/kiks-napolija-protiv-fiorentine\/embed\/#?secret=TxkBQMomQ6#?secret=E6aHe2Zzmz\" data-secret=\"E6aHe2Zzmz\" width=\"600\" height=\"338\" frameborder=\"0\" marginwidth=\"0\" marginheight=\"0\" scrolling=\"no\"><\/iframe>\n<\/div><\/figure>\n\n\n\n<p>U prvom nedjeljnom susretu Lazio je uz tri pogotka&nbsp;<strong>Cire Immobilea<\/strong>&nbsp;slavio kod Genoe 4-1. Hrvatski nogometa\u0161&nbsp;<strong>Milan Badelj<\/strong>&nbsp;po\u010deo je utakmicu za Genou te je igrao do 74. minute, dok je za Lazio&nbsp;<strong>Toma Ba\u0161i\u0107<\/strong>&nbsp;odigrao posljednjih dvadeset minuta.<\/p>\n\n\n\n<p>Serie A, 32. kolo:<\/p>\n\n\n\n<p>Roma &#8211; Salernitana 2-1 (Carles Perez 81, Smalling 85 \/ Radovanovi\u0107 22)<\/p>\n\n\n\n<p>Genoa &#8211; Lazio 1-4 (Patric 68-ag \/ Maru\u0161i\u0107 31, Immobile 45+1, 63, 76)<\/p>\n\n\n\n<p>Napoli &#8211; Fiorentina 2-3 (Mertens 58, Osimhen 84 \/ Gonzalez 29, Ikone 66, Cabral 72)<\/p>\n\n\n\n<p>Sassuolo &#8211; Atalanta 2-1 (Traore 24, 61 \/ Muriel 93)<\/p>\n\n\n\n<p>Venezia &#8211; Udinese 1-2 (Henry 86 \/ Deulofeu 35-11m, Becao 90+4)<\/p>\n\n\n\n<p>Torino &#8211; Milan (20:45 sati)<\/p>\n\n\n\n<p>Ponedjeljak:<\/p>\n\n\n\n<p>Bologna &#8211; Sampdoria (20:45)<\/p>\n\n\n\n<p>Subota:<\/p>\n\n\n\n<p>Empoli &#8211; Spezia 0-0<\/p>\n\n\n\n<p>Inter &#8211; Verona 2-0 (Barella 22, D\u017eeko 30)<\/p>\n\n\n\n<p>Cagliari &#8211; Juventus 1-2 (Joao Pedro 10 \/ De Ligt 45, Vlahovi\u0107 75)<\/p>\n\n\n\n<p>Ljestvica:<\/p>\n\n\n\n<p>1. Milan 31 20 7 4 56-29 67<\/p>\n\n\n\n<p>2. Inter 31 19 9 3 65-24 66<\/p>\n\n\n\n<p>3. Napoli 32 20 6 6 58-26 66<\/p>\n\n\n\n<p>4. Juventus 32 18 8 6 49-28 62<\/p>\n\n\n\n<p>5. Roma 32 17 6 9 53-36 57<\/p>\n\n\n\n<p>6. Lazio 32 16 7 9 64-47 55<\/p>\n\n\n\n<p>7. Fiorentina 31 16 5 10 52-40 53<\/p>\n\n\n\n<p>8. Atalanta 31 14 9 8 53-36 51<\/p>\n\n\n\n<p>9. Sassuolo 32 12 10 10 58-52 46<\/p>\n\n\n\n<p>10. Verona 32 12 9 11 56-49 45<\/p>\n\n\n\n<p>11. Torino 30 10 8 12 35-30 38<\/p>\n\n\n\n<p>12. Udinese 30 8 12 10 43-48 36<\/p>\n\n\n\n<p>13. Bologna 30 9 7 14 32-44 34<\/p>\n\n\n\n<p>14. Empoli 32 8 10 14 41-56 34<\/p>\n\n\n\n<p>15. Spezia 32 9 6 17 32-54 33<\/p>\n\n\n\n<p>16. Sampdoria 31 8 5 18 39-52 29<\/p>\n\n\n\n<p>17. Cagliari 32 5 10 17 30-61 25<\/p>\n\n\n\n<p>18. Genoa 32 2 16 14 24-52 22<\/p>\n\n\n\n<p>19. Venezia 31 5 7 19 26-57 22<\/p>\n\n\n\n<p>20. Salernitana 30 3 7 20 23-68 16<\/p>\n\n\n\n<p>Izvor:hrt.hr<\/p>\n","protected":false},"excerpt":{"rendered":"<p>Sve do 81. minute nogometa\u0161i Salernitane su vodili 1-0 na Olimpicu protiv Rome u dvoboju 32. kola talijanske Serie A, no Roma je na kraju ipak pobijedila s 2-1. Na asistenciju legendarnog Riberyja gol za 1-0 gostiju postigao je Radovanovi\u0107 u 22. minuti. I sve do same zavr\u0161nice posljednja mom\u010dad na ljestvici je vodila, ali [&hellip;]<\/p>\n","protected":false},"author":2,"featured_media":131083,"comment_status":"closed","ping_status":"closed","sticky":false,"template":"","format":"standard","meta":{"h5ap_radio_sources":[],"footnotes":""},"categories":[7],"tags":[],"class_list":["post-131082","post","type-post","status-publish","format-standard","has-post-thumbnail","hentry","category-sport"],"yoast_head":"<!-- This site is optimized with the Yoast SEO plugin v27.4 - https:\/\/yoast.com\/product\/yoast-seo-wordpress\/ -->\n<title>Preokret Rome u zavr\u0161nici susreta - RADIO LJUBU\u0160KI<\/title>\n<meta name=\"robots\" content=\"index, follow, max-snippet:-1, max-image-preview:large, max-video-preview:-1\" \/>\n<link rel=\"canonical\" href=\"https:\/\/radioljubuski.ba\/index.php\/2022\/04\/10\/preokret-rome-u-zavrsnici-susreta\/\" \/>\n<meta property=\"og:locale\" content=\"hr_HR\" \/>\n<meta property=\"og:type\" content=\"article\" \/>\n<meta property=\"og:title\" content=\"Preokret Rome u zavr\u0161nici susreta - RADIO LJUBU\u0160KI\" \/>\n<meta property=\"og:description\" content=\"Sve do 81. minute nogometa\u0161i Salernitane su vodili 1-0 na Olimpicu protiv Rome u dvoboju 32. kola talijanske Serie A, no Roma je na kraju ipak pobijedila s 2-1. Na asistenciju legendarnog Riberyja gol za 1-0 gostiju postigao je Radovanovi\u0107 u 22. minuti. I sve do same zavr\u0161nice posljednja mom\u010dad na ljestvici je vodila, ali [&hellip;]\" \/>\n<meta property=\"og:url\" content=\"https:\/\/radioljubuski.ba\/index.php\/2022\/04\/10\/preokret-rome-u-zavrsnici-susreta\/\" \/>\n<meta property=\"og:site_name\" content=\"RADIO LJUBU\u0160KI\" \/>\n<meta property=\"article:publisher\" content=\"https:\/\/www.facebook.com\/Radiio-Ljubuski-1490835324566332\" \/>\n<meta property=\"article:published_time\" content=\"2022-04-10T20:35:02+00:00\" \/>\n<meta property=\"article:modified_time\" content=\"2022-04-10T20:35:04+00:00\" \/>\n<meta property=\"og:image\" content=\"https:\/\/radioljubuski.ba\/wp-content\/uploads\/2022\/04\/roma-shutterstock-2097211597-20220410192720.jpg\" \/>\n\t<meta property=\"og:image:width\" content=\"1600\" \/>\n\t<meta property=\"og:image:height\" content=\"1067\" \/>\n\t<meta property=\"og:image:type\" content=\"image\/jpeg\" \/>\n<meta name=\"author\" content=\"Radio Ljubu\u0161ki\" \/>\n<meta name=\"twitter:card\" content=\"summary_large_image\" \/>\n<meta name=\"twitter:creator\" content=\"@radioljubuski\" \/>\n<meta name=\"twitter:site\" content=\"@radioljubuski\" \/>\n<meta name=\"twitter:label1\" content=\"Napisao\/la\" \/>\n\t<meta name=\"twitter:data1\" content=\"Radio Ljubu\u0161ki\" \/>\n\t<meta name=\"twitter:label2\" content=\"Procijenjeno vrijeme \u010ditanja\" \/>\n\t<meta name=\"twitter:data2\" content=\"3 minute\" \/>\n<script type=\"application\/ld+json\" class=\"yoast-schema-graph\">{\"@context\":\"https:\\\/\\\/schema.org\",\"@graph\":[{\"@type\":\"Article\",\"@id\":\"https:\\\/\\\/radioljubuski.ba\\\/index.php\\\/2022\\\/04\\\/10\\\/preokret-rome-u-zavrsnici-susreta\\\/#article\",\"isPartOf\":{\"@id\":\"https:\\\/\\\/radioljubuski.ba\\\/index.php\\\/2022\\\/04\\\/10\\\/preokret-rome-u-zavrsnici-susreta\\\/\"},\"author\":{\"name\":\"Radio Ljubu\u0161ki\",\"@id\":\"https:\\\/\\\/radioljubuski.ba\\\/#\\\/schema\\\/person\\\/19fc700381a780f69665d7956c469e3b\"},\"headline\":\"Preokret Rome u zavr\u0161nici susreta\",\"datePublished\":\"2022-04-10T20:35:02+00:00\",\"dateModified\":\"2022-04-10T20:35:04+00:00\",\"mainEntityOfPage\":{\"@id\":\"https:\\\/\\\/radioljubuski.ba\\\/index.php\\\/2022\\\/04\\\/10\\\/preokret-rome-u-zavrsnici-susreta\\\/\"},\"wordCount\":366,\"publisher\":{\"@id\":\"https:\\\/\\\/radioljubuski.ba\\\/#organization\"},\"image\":{\"@id\":\"https:\\\/\\\/radioljubuski.ba\\\/index.php\\\/2022\\\/04\\\/10\\\/preokret-rome-u-zavrsnici-susreta\\\/#primaryimage\"},\"thumbnailUrl\":\"https:\\\/\\\/radioljubuski.ba\\\/wp-content\\\/uploads\\\/2022\\\/04\\\/roma-shutterstock-2097211597-20220410192720.jpg\",\"articleSection\":[\"\u0160port\"],\"inLanguage\":\"hr\"},{\"@type\":\"WebPage\",\"@id\":\"https:\\\/\\\/radioljubuski.ba\\\/index.php\\\/2022\\\/04\\\/10\\\/preokret-rome-u-zavrsnici-susreta\\\/\",\"url\":\"https:\\\/\\\/radioljubuski.ba\\\/index.php\\\/2022\\\/04\\\/10\\\/preokret-rome-u-zavrsnici-susreta\\\/\",\"name\":\"Preokret Rome u zavr\u0161nici susreta - RADIO LJUBU\u0160KI\",\"isPartOf\":{\"@id\":\"https:\\\/\\\/radioljubuski.ba\\\/#website\"},\"primaryImageOfPage\":{\"@id\":\"https:\\\/\\\/radioljubuski.ba\\\/index.php\\\/2022\\\/04\\\/10\\\/preokret-rome-u-zavrsnici-susreta\\\/#primaryimage\"},\"image\":{\"@id\":\"https:\\\/\\\/radioljubuski.ba\\\/index.php\\\/2022\\\/04\\\/10\\\/preokret-rome-u-zavrsnici-susreta\\\/#primaryimage\"},\"thumbnailUrl\":\"https:\\\/\\\/radioljubuski.ba\\\/wp-content\\\/uploads\\\/2022\\\/04\\\/roma-shutterstock-2097211597-20220410192720.jpg\",\"datePublished\":\"2022-04-10T20:35:02+00:00\",\"dateModified\":\"2022-04-10T20:35:04+00:00\",\"breadcrumb\":{\"@id\":\"https:\\\/\\\/radioljubuski.ba\\\/index.php\\\/2022\\\/04\\\/10\\\/preokret-rome-u-zavrsnici-susreta\\\/#breadcrumb\"},\"inLanguage\":\"hr\",\"potentialAction\":[{\"@type\":\"ReadAction\",\"target\":[\"https:\\\/\\\/radioljubuski.ba\\\/index.php\\\/2022\\\/04\\\/10\\\/preokret-rome-u-zavrsnici-susreta\\\/\"]}]},{\"@type\":\"ImageObject\",\"inLanguage\":\"hr\",\"@id\":\"https:\\\/\\\/radioljubuski.ba\\\/index.php\\\/2022\\\/04\\\/10\\\/preokret-rome-u-zavrsnici-susreta\\\/#primaryimage\",\"url\":\"https:\\\/\\\/radioljubuski.ba\\\/wp-content\\\/uploads\\\/2022\\\/04\\\/roma-shutterstock-2097211597-20220410192720.jpg\",\"contentUrl\":\"https:\\\/\\\/radioljubuski.ba\\\/wp-content\\\/uploads\\\/2022\\\/04\\\/roma-shutterstock-2097211597-20220410192720.jpg\",\"width\":1600,\"height\":1067},{\"@type\":\"BreadcrumbList\",\"@id\":\"https:\\\/\\\/radioljubuski.ba\\\/index.php\\\/2022\\\/04\\\/10\\\/preokret-rome-u-zavrsnici-susreta\\\/#breadcrumb\",\"itemListElement\":[{\"@type\":\"ListItem\",\"position\":1,\"name\":\"Po\u010detna stranica\",\"item\":\"https:\\\/\\\/radioljubuski.ba\\\/\"},{\"@type\":\"ListItem\",\"position\":2,\"name\":\"Preokret Rome u zavr\u0161nici susreta\"}]},{\"@type\":\"WebSite\",\"@id\":\"https:\\\/\\\/radioljubuski.ba\\\/#website\",\"url\":\"https:\\\/\\\/radioljubuski.ba\\\/\",\"name\":\"Radio Ljubu\u0161ki\",\"description\":\"Sun\u010dana frekvencija Hercegovine\",\"publisher\":{\"@id\":\"https:\\\/\\\/radioljubuski.ba\\\/#organization\"},\"potentialAction\":[{\"@type\":\"SearchAction\",\"target\":{\"@type\":\"EntryPoint\",\"urlTemplate\":\"https:\\\/\\\/radioljubuski.ba\\\/?s={search_term_string}\"},\"query-input\":{\"@type\":\"PropertyValueSpecification\",\"valueRequired\":true,\"valueName\":\"search_term_string\"}}],\"inLanguage\":\"hr\"},{\"@type\":\"Organization\",\"@id\":\"https:\\\/\\\/radioljubuski.ba\\\/#organization\",\"name\":\"Radio Ljubu\u0161ki\",\"url\":\"https:\\\/\\\/radioljubuski.ba\\\/\",\"logo\":{\"@type\":\"ImageObject\",\"inLanguage\":\"hr\",\"@id\":\"https:\\\/\\\/radioljubuski.ba\\\/#\\\/schema\\\/logo\\\/image\\\/\",\"url\":\"https:\\\/\\\/radioljubuski.ba\\\/wp-content\\\/uploads\\\/2021\\\/02\\\/cropped-Radio_Ljubuski_logo1.jpg\",\"contentUrl\":\"https:\\\/\\\/radioljubuski.ba\\\/wp-content\\\/uploads\\\/2021\\\/02\\\/cropped-Radio_Ljubuski_logo1.jpg\",\"width\":512,\"height\":512,\"caption\":\"Radio Ljubu\u0161ki\"},\"image\":{\"@id\":\"https:\\\/\\\/radioljubuski.ba\\\/#\\\/schema\\\/logo\\\/image\\\/\"},\"sameAs\":[\"https:\\\/\\\/www.facebook.com\\\/Radiio-Ljubuski-1490835324566332\",\"https:\\\/\\\/x.com\\\/radioljubuski\",\"https:\\\/\\\/hr.linkedin.com\\\/company\\\/radio-ljubuski\",\"https:\\\/\\\/www.youtube.com\\\/channel\\\/UCHYaeO_n0Db3tjNGudGpXyw\"]},{\"@type\":\"Person\",\"@id\":\"https:\\\/\\\/radioljubuski.ba\\\/#\\\/schema\\\/person\\\/19fc700381a780f69665d7956c469e3b\",\"name\":\"Radio Ljubu\u0161ki\"}]}<\/script>\n<!-- \/ Yoast SEO plugin. -->","yoast_head_json":{"title":"Preokret Rome u zavr\u0161nici susreta - RADIO LJUBU\u0160KI","robots":{"index":"index","follow":"follow","max-snippet":"max-snippet:-1","max-image-preview":"max-image-preview:large","max-video-preview":"max-video-preview:-1"},"canonical":"https:\/\/radioljubuski.ba\/index.php\/2022\/04\/10\/preokret-rome-u-zavrsnici-susreta\/","og_locale":"hr_HR","og_type":"article","og_title":"Preokret Rome u zavr\u0161nici susreta - RADIO LJUBU\u0160KI","og_description":"Sve do 81. minute nogometa\u0161i Salernitane su vodili 1-0 na Olimpicu protiv Rome u dvoboju 32. kola talijanske Serie A, no Roma je na kraju ipak pobijedila s 2-1. Na asistenciju legendarnog Riberyja gol za 1-0 gostiju postigao je Radovanovi\u0107 u 22. minuti. I sve do same zavr\u0161nice posljednja mom\u010dad na ljestvici je vodila, ali [&hellip;]","og_url":"https:\/\/radioljubuski.ba\/index.php\/2022\/04\/10\/preokret-rome-u-zavrsnici-susreta\/","og_site_name":"RADIO LJUBU\u0160KI","article_publisher":"https:\/\/www.facebook.com\/Radiio-Ljubuski-1490835324566332","article_published_time":"2022-04-10T20:35:02+00:00","article_modified_time":"2022-04-10T20:35:04+00:00","og_image":[{"width":1600,"height":1067,"url":"https:\/\/radioljubuski.ba\/wp-content\/uploads\/2022\/04\/roma-shutterstock-2097211597-20220410192720.jpg","type":"image\/jpeg"}],"author":"Radio Ljubu\u0161ki","twitter_card":"summary_large_image","twitter_creator":"@radioljubuski","twitter_site":"@radioljubuski","twitter_misc":{"Napisao\/la":"Radio Ljubu\u0161ki","Procijenjeno vrijeme \u010ditanja":"3 minute"},"schema":{"@context":"https:\/\/schema.org","@graph":[{"@type":"Article","@id":"https:\/\/radioljubuski.ba\/index.php\/2022\/04\/10\/preokret-rome-u-zavrsnici-susreta\/#article","isPartOf":{"@id":"https:\/\/radioljubuski.ba\/index.php\/2022\/04\/10\/preokret-rome-u-zavrsnici-susreta\/"},"author":{"name":"Radio Ljubu\u0161ki","@id":"https:\/\/radioljubuski.ba\/#\/schema\/person\/19fc700381a780f69665d7956c469e3b"},"headline":"Preokret Rome u zavr\u0161nici susreta","datePublished":"2022-04-10T20:35:02+00:00","dateModified":"2022-04-10T20:35:04+00:00","mainEntityOfPage":{"@id":"https:\/\/radioljubuski.ba\/index.php\/2022\/04\/10\/preokret-rome-u-zavrsnici-susreta\/"},"wordCount":366,"publisher":{"@id":"https:\/\/radioljubuski.ba\/#organization"},"image":{"@id":"https:\/\/radioljubuski.ba\/index.php\/2022\/04\/10\/preokret-rome-u-zavrsnici-susreta\/#primaryimage"},"thumbnailUrl":"https:\/\/radioljubuski.ba\/wp-content\/uploads\/2022\/04\/roma-shutterstock-2097211597-20220410192720.jpg","articleSection":["\u0160port"],"inLanguage":"hr"},{"@type":"WebPage","@id":"https:\/\/radioljubuski.ba\/index.php\/2022\/04\/10\/preokret-rome-u-zavrsnici-susreta\/","url":"https:\/\/radioljubuski.ba\/index.php\/2022\/04\/10\/preokret-rome-u-zavrsnici-susreta\/","name":"Preokret Rome u zavr\u0161nici susreta - RADIO LJUBU\u0160KI","isPartOf":{"@id":"https:\/\/radioljubuski.ba\/#website"},"primaryImageOfPage":{"@id":"https:\/\/radioljubuski.ba\/index.php\/2022\/04\/10\/preokret-rome-u-zavrsnici-susreta\/#primaryimage"},"image":{"@id":"https:\/\/radioljubuski.ba\/index.php\/2022\/04\/10\/preokret-rome-u-zavrsnici-susreta\/#primaryimage"},"thumbnailUrl":"https:\/\/radioljubuski.ba\/wp-content\/uploads\/2022\/04\/roma-shutterstock-2097211597-20220410192720.jpg","datePublished":"2022-04-10T20:35:02+00:00","dateModified":"2022-04-10T20:35:04+00:00","breadcrumb":{"@id":"https:\/\/radioljubuski.ba\/index.php\/2022\/04\/10\/preokret-rome-u-zavrsnici-susreta\/#breadcrumb"},"inLanguage":"hr","potentialAction":[{"@type":"ReadAction","target":["https:\/\/radioljubuski.ba\/index.php\/2022\/04\/10\/preokret-rome-u-zavrsnici-susreta\/"]}]},{"@type":"ImageObject","inLanguage":"hr","@id":"https:\/\/radioljubuski.ba\/index.php\/2022\/04\/10\/preokret-rome-u-zavrsnici-susreta\/#primaryimage","url":"https:\/\/radioljubuski.ba\/wp-content\/uploads\/2022\/04\/roma-shutterstock-2097211597-20220410192720.jpg","contentUrl":"https:\/\/radioljubuski.ba\/wp-content\/uploads\/2022\/04\/roma-shutterstock-2097211597-20220410192720.jpg","width":1600,"height":1067},{"@type":"BreadcrumbList","@id":"https:\/\/radioljubuski.ba\/index.php\/2022\/04\/10\/preokret-rome-u-zavrsnici-susreta\/#breadcrumb","itemListElement":[{"@type":"ListItem","position":1,"name":"Po\u010detna stranica","item":"https:\/\/radioljubuski.ba\/"},{"@type":"ListItem","position":2,"name":"Preokret Rome u zavr\u0161nici susreta"}]},{"@type":"WebSite","@id":"https:\/\/radioljubuski.ba\/#website","url":"https:\/\/radioljubuski.ba\/","name":"Radio Ljubu\u0161ki","description":"Sun\u010dana frekvencija Hercegovine","publisher":{"@id":"https:\/\/radioljubuski.ba\/#organization"},"potentialAction":[{"@type":"SearchAction","target":{"@type":"EntryPoint","urlTemplate":"https:\/\/radioljubuski.ba\/?s={search_term_string}"},"query-input":{"@type":"PropertyValueSpecification","valueRequired":true,"valueName":"search_term_string"}}],"inLanguage":"hr"},{"@type":"Organization","@id":"https:\/\/radioljubuski.ba\/#organization","name":"Radio Ljubu\u0161ki","url":"https:\/\/radioljubuski.ba\/","logo":{"@type":"ImageObject","inLanguage":"hr","@id":"https:\/\/radioljubuski.ba\/#\/schema\/logo\/image\/","url":"https:\/\/radioljubuski.ba\/wp-content\/uploads\/2021\/02\/cropped-Radio_Ljubuski_logo1.jpg","contentUrl":"https:\/\/radioljubuski.ba\/wp-content\/uploads\/2021\/02\/cropped-Radio_Ljubuski_logo1.jpg","width":512,"height":512,"caption":"Radio Ljubu\u0161ki"},"image":{"@id":"https:\/\/radioljubuski.ba\/#\/schema\/logo\/image\/"},"sameAs":["https:\/\/www.facebook.com\/Radiio-Ljubuski-1490835324566332","https:\/\/x.com\/radioljubuski","https:\/\/hr.linkedin.com\/company\/radio-ljubuski","https:\/\/www.youtube.com\/channel\/UCHYaeO_n0Db3tjNGudGpXyw"]},{"@type":"Person","@id":"https:\/\/radioljubuski.ba\/#\/schema\/person\/19fc700381a780f69665d7956c469e3b","name":"Radio Ljubu\u0161ki"}]}},"_links":{"self":[{"href":"https:\/\/radioljubuski.ba\/index.php\/wp-json\/wp\/v2\/posts\/131082","targetHints":{"allow":["GET"]}}],"collection":[{"href":"https:\/\/radioljubuski.ba\/index.php\/wp-json\/wp\/v2\/posts"}],"about":[{"href":"https:\/\/radioljubuski.ba\/index.php\/wp-json\/wp\/v2\/types\/post"}],"author":[{"embeddable":true,"href":"https:\/\/radioljubuski.ba\/index.php\/wp-json\/wp\/v2\/users\/2"}],"replies":[{"embeddable":true,"href":"https:\/\/radioljubuski.ba\/index.php\/wp-json\/wp\/v2\/comments?post=131082"}],"version-history":[{"count":1,"href":"https:\/\/radioljubuski.ba\/index.php\/wp-json\/wp\/v2\/posts\/131082\/revisions"}],"predecessor-version":[{"id":131084,"href":"https:\/\/radioljubuski.ba\/index.php\/wp-json\/wp\/v2\/posts\/131082\/revisions\/131084"}],"wp:featuredmedia":[{"embeddable":true,"href":"https:\/\/radioljubuski.ba\/index.php\/wp-json\/wp\/v2\/media\/131083"}],"wp:attachment":[{"href":"https:\/\/radioljubuski.ba\/index.php\/wp-json\/wp\/v2\/media?parent=131082"}],"wp:term":[{"taxonomy":"category","embeddable":true,"href":"https:\/\/radioljubuski.ba\/index.php\/wp-json\/wp\/v2\/categories?post=131082"},{"taxonomy":"post_tag","embeddable":true,"href":"https:\/\/radioljubuski.ba\/index.php\/wp-json\/wp\/v2\/tags?post=131082"}],"curies":[{"name":"wp","href":"https:\/\/api.w.org\/{rel}","templated":true}]}}