{"id":131088,"date":"2022-04-10T21:40:39","date_gmt":"2022-04-10T20:40:39","guid":{"rendered":"https:\/\/radioljubuski.ba\/?p=131088"},"modified":"2022-04-10T21:40:41","modified_gmt":"2022-04-10T20:40:41","slug":"dinamo-ludim-preokretom-u-zavrsnici-do-pobjede-na-rujevici","status":"publish","type":"post","link":"https:\/\/radioljubuski.ba\/index.php\/2022\/04\/10\/dinamo-ludim-preokretom-u-zavrsnici-do-pobjede-na-rujevici\/","title":{"rendered":"Dinamo ludim preokretom u zavr\u0161nici do pobjede na Rujevici!"},"content":{"rendered":"\n<p><strong>Zagreba\u010dki Dinamo napravio je veliki korak prema obrani naslova prvaka Hrvatske pobijediv\u0161i na gostovanju kod Rijeke sa 2-1 (0-1) u derbiju 30. kola Prve HNL.<\/strong><\/p>\n\n\n\n<p>Rije\u010dani su poveli ve\u0107 u 6. minuti golom&nbsp;<strong>Adama Gnezde \u010cerina<\/strong>. Dinamo je do pobjede do\u0161ao preokretom u drugom poluvremenu. U 79. minuti izjedna\u010dio je azerbajd\u017eanski reprezentativac<strong>&nbsp;Mahir Emreli<\/strong>, a u 86. minuti pobjedu Zagrep\u010danima donio je Dinamov kapetan<strong>&nbsp;Arijan Ademi<\/strong>. Rije\u010dani su kraj utakmice do\u010dekali s desetoricom igra\u010da, jer je u \u010detvrtoj minuti su\u010devog dodatka zbog namjernog udaranja laktom izravan crveni karton dobio&nbsp;<strong>Anton Kre\u0161i\u0107<\/strong>.<\/p>\n\n\n\n<p>Dinamo se pobjedom vratio na vrh prvoliga\u0161ke ljestvice sa 63 boda, dva vi\u0161e od Osijeka koji ima utakmicu vi\u0161e od Dinama. Hajduk je sa 56 bodova, tako\u0111er uz utakmicu manje, na tre\u0107em mjestu, a Rijeka je sa 55 bodova \u010detvrta te je vjerojatno ispala iz borbe za prvaka.<\/p>\n\n\n\n<p>Rijeka je imala odli\u010dno otvaranje derbija na Rujevici i do pogotka stigla ve\u0107 iz prve ozbiljne akcije.\u00a0<strong>Abass<\/strong>\u00a0je pro\u0161ao po lijevom boku i pravovremenim dodavanjem prona\u0161ao Adama Gnezdu \u010cerina u kaznenom prostoru. Slovenski veznjak je zaljuljao\u00a0<strong>Stefana Ristovskog<\/strong>\u00a0i odmjerenim udarcem desnom nogom pogodio suprotan donji kut Dinamovog gola.\u00a0<strong>Dominik Livakovi\u0107<\/strong>\u00a0je bio pokriven, \u0161to je bilo dovoljno da toliko zakasni u reakciji koliko je bilo dovoljno da ne uspije zaustaviti precizan udarac Gnezde \u010cerina.<\/p>\n\n\n\n<figure class=\"wp-block-image\"><img decoding=\"async\" src=\"https:\/\/sport.hrt.hr\/_next\/image?url=https%3A%2F%2Fapi.hrt.hr%2Fmedia%2Ff9%2Fb4%2F740x438-pero-pxl-100422-92941822-20220410195435.jpg&amp;w=1280&amp;q=90\" alt=\"Petar Bo\u010dkaj, Issah Abass\"\/><\/figure>\n\n\n\n<p>Gotovo dvije minute trajala VAR provjera je li pri udarcu \u010cerina&nbsp;<strong>Drmi\u0107<\/strong>&nbsp;bio u nedopu\u0161tenom polo\u017eaju i time ometao<strong>&nbsp;Livakovi\u0107a<\/strong>&nbsp;pri intervenciji, ali je na odu\u0161evljenje doma\u0107ih navija\u010da<strong>&nbsp;Zebec&nbsp;<\/strong>pokazao na centar.<\/p>\n\n\n\n<p>Pokazalo se da je to bio jedini udarac doma\u0107e mom\u010dadi u prvom poluvremenu.<\/p>\n\n\n\n<p>Nije se ni Dinamo previ\u0161e puta na\u0161ao u prilici ugroziti Nediljka Labrovi\u0107a, ali kad je trebalo, doma\u0107i vratar se iskazao. Na najve\u0107em je isku\u0161enju bio u 17. minuti.\u00a0<strong>Ristovski<\/strong>\u00a0je pro\u0161ao po desnom boku i ubacio pred vrata, gdje se spetljao rije\u010dki stoper i servirao loptu za\u00a0<strong>Brunu Petkovi\u0107a<\/strong>. Dinamov napada\u010d je u padu zahvatio loptu, ali mu je\u00a0<strong>Labrovi\u0107<\/strong>\u00a0u\u0161ao u \u0161ut u sa\u010duvao svoju mre\u017eu.<\/p>\n\n\n\n<figure class=\"wp-block-image\"><img decoding=\"async\" src=\"https:\/\/sport.hrt.hr\/_next\/image?url=https%3A%2F%2Fapi.hrt.hr%2Fmedia%2F5f%2F17%2F740x438-ri-din-3-pxl-100422-92941308-20220410194543.jpg&amp;w=1280&amp;q=90\" alt=\"Bruno Petkovi\u0107 i Mislav Or\u0161i\u0107 \"\/><\/figure>\n\n\n\n<p>Rijeka je imala jo\u0161 jednu lijepu akciju u prvom dijelu, kad je u 26. minuti Drmi\u0107 driblingom prevario&nbsp;<strong>Bo\u010dkaja<\/strong>, ubacio u kazneni prostor, ali Abass nije uspio dobro zahvatiti loptu.<\/p>\n\n\n\n<p>Sli\u010dna akciju sa istim ishodom izveo je Dinamo u 30. minuti. Po lijevoj strani su kombinirali Bo\u010dkaj i Or\u0161i\u0107 koji je povratnom loptom prona\u0161ao&nbsp;<strong>Amera Gojaka<\/strong>&nbsp;na rubu kaznenog prostora, ali je njegov zavr\u0161ni udarac bio lo\u0161.<\/p>\n\n\n\n<p>U nastavku je Rijeka prepustila posjed Dinamu i odlu\u010dila \u010dekati svoje prilike iz kontranapada. Taktika je donijela rezultat, jer su Rije\u010dani do\u0161li do prilika, ali je izostala realizacija.<\/p>\n\n\n\n<p>U 59. minuti Abassov udarac iz dobre pozicije je prohujao pokraj vratnice, a i Drmi\u0107 je u 62. minuti mogao udvostru\u010diti prednost doma\u0107ina. Dobio je odli\u010dnu loptu iza le\u0111a Dinamove obrane, u\u0161ao u kazneni prostor i iza\u0161ao sam pred Livakovi\u0107a koji mu je &#8216;uklizao u \u0161ut&#8217;. Drmi\u0107 je prebacio Dinamovog vratara, ali je prebacio i vrata pa je velika prilika ostala neiskori\u0161tena.<\/p>\n\n\n\n<p>Dvije minute poslije Bo\u010dkaj je dobio priliku oprobati svoj udarac, ali je njegov voleja nakon<strong>&nbsp;Andri\u0107evog<\/strong>&nbsp;uba\u010daja prohujao pokraj gola.<\/p>\n\n\n\n<p>\u0160to se bli\u017eio kraj utakmice, Dinamovi napadi su bivali sve opasniji, a inicijativa mom\u010dadi&nbsp;<strong>\u017deljka Kopi\u0107a<\/strong>&nbsp;donijela je rezultat u 79. minuti. Isplatili su se potezi koje je povukao Dinamov strateg, jer su u akciji za izjedna\u010duju\u0107i pogodak glavnu ulogu odigrali igra\u010di s klupe.<\/p>\n\n\n\n<p>Kombinirali su Mahir Emreli i<strong>&nbsp;Komnen Andri\u0107<\/strong>&nbsp;na rubu kaznenog prostora. Andri\u0107 je na kraju ostavio loptu na 18 metara za azerbajd\u017eanskog napada\u010da koji je ljevicom naciljao donji lijevi kut rije\u010dkog gola. Udarac je bio dovoljno sna\u017ean i precizan da ga Labrovi\u0107 nije uspio zaustaviti.<\/p>\n\n\n\n<p>Nije se Dinamo zadovoljio izjedna\u010denjem. Krenuli su &#8220;modri&#8221; po pobjedu i do nje stigli u 86. minuti. Nakon uba\u010daja s lijeve strane Arijan Ademi je primio loptu u srcu kaznenog prostora, prsima je spustio na lijevu nogu i sna\u017enim udarcem svladao rije\u010dkog \u010duvara mre\u017ee.<\/p>\n\n\n\n<p>Rije\u010dani su poku\u0161ali do kraja do\u0107i barem do izjedna\u010denja, a najbolju priliku imao je Josip Drmi\u0107, \u010diji je udarac sa 15-ak metara zavr\u0161io u Dinamovom bloku.<\/p>\n\n\n\n<p>Nepotrebno je u su\u010devom dodatku<strong>&nbsp;Anton Kre\u0161i\u0107&nbsp;<\/strong>laktom udario Emrelija pa mu je nakon pregledavanja snimke glavni sudac pokazao izravan crveni karton.<\/p>\n\n\n\n<p>Derbi na Rujevici pratilo je 7364 gledatelja, a sudio je&nbsp;<strong>Mario Zebec<\/strong>&nbsp;iz Cestice.<\/p>\n\n\n\n<p>Prva HNL &#8211; 30. kolo:<\/p>\n\n\n\n<p>Rijeka &#8211; Dinamo 1-2 (\u010cerin 6 \/ Emreli 79, Ademi 86)<\/p>\n\n\n\n<p>Slaven B. &#8211; Osijek 0-1 (Cakta\u0161 33)<\/p>\n\n\n\n<p>Odigrano u petak i subotu:<\/p>\n\n\n\n<p>Hr. dragovoljac &#8211; Lokomotiva 1-1 (Peri\u0107 24 \/ Mari\u0107 82)<\/p>\n\n\n\n<p>Hajduk &#8211; \u0160ibenik 2-1 (Krovinovi\u0107 32, Elez 87 \/ \u0106uri\u0107 54)<\/p>\n\n\n\n<p>Gorica &#8211; Istra 1961 1-1 (Mitrovi\u0107 62 \/ Beljo 55-11m)<\/p>\n\n\n\n<p>Ljestvica:<\/p>\n\n\n\n<p>&nbsp;1. Dinamo 29 19 6 4 55-19 63<\/p>\n\n\n\n<p>&nbsp;2. Osijek 30 17 10 3 42-19 61<\/p>\n\n\n\n<p>&nbsp;3. Hajduk 29 16 8 5 53-26 56<\/p>\n\n\n\n<p>&nbsp;4. Rijeka 30 17 4 9 59-40 55<\/p>\n\n\n\n<p>&nbsp;5. Lokomotiva 30 10 10 10 45-41 40<\/p>\n\n\n\n<p>&nbsp;6. Gorica 30 11 7 12 36-42 40<\/p>\n\n\n\n<p>&nbsp;7. Slaven Belupo 30 8 6 15 28-45 30<\/p>\n\n\n\n<p>&nbsp;8. Istra 1961 30 6 8 16 33-54 26<\/p>\n\n\n\n<p>&nbsp;9. \u0160ibenik 30 7 5 18 37-61 26<\/p>\n\n\n\n<p>10. Hr. dragovoljac 30 3 6 21 25-66 15<\/p>\n\n\n\n<p>Izvor:hrt.hr<\/p>\n","protected":false},"excerpt":{"rendered":"<p>Zagreba\u010dki Dinamo napravio je veliki korak prema obrani naslova prvaka Hrvatske pobijediv\u0161i na gostovanju kod Rijeke sa 2-1 (0-1) u derbiju 30. kola Prve HNL. Rije\u010dani su poveli ve\u0107 u 6. minuti golom&nbsp;Adama Gnezde \u010cerina. Dinamo je do pobjede do\u0161ao preokretom u drugom poluvremenu. U 79. minuti izjedna\u010dio je azerbajd\u017eanski reprezentativac&nbsp;Mahir Emreli, a u 86. [&hellip;]<\/p>\n","protected":false},"author":2,"featured_media":131089,"comment_status":"closed","ping_status":"closed","sticky":false,"template":"","format":"standard","meta":{"h5ap_radio_sources":[],"footnotes":""},"categories":[7],"tags":[],"class_list":["post-131088","post","type-post","status-publish","format-standard","has-post-thumbnail","hentry","category-sport"],"yoast_head":"<!-- This site is optimized with the Yoast SEO plugin v27.4 - https:\/\/yoast.com\/product\/yoast-seo-wordpress\/ -->\n<title>Dinamo ludim preokretom u zavr\u0161nici do pobjede na Rujevici! - RADIO LJUBU\u0160KI<\/title>\n<meta name=\"robots\" content=\"index, follow, max-snippet:-1, max-image-preview:large, max-video-preview:-1\" \/>\n<link rel=\"canonical\" href=\"https:\/\/radioljubuski.ba\/index.php\/2022\/04\/10\/dinamo-ludim-preokretom-u-zavrsnici-do-pobjede-na-rujevici\/\" \/>\n<meta property=\"og:locale\" content=\"hr_HR\" \/>\n<meta property=\"og:type\" content=\"article\" \/>\n<meta property=\"og:title\" content=\"Dinamo ludim preokretom u zavr\u0161nici do pobjede na Rujevici! - RADIO LJUBU\u0160KI\" \/>\n<meta property=\"og:description\" content=\"Zagreba\u010dki Dinamo napravio je veliki korak prema obrani naslova prvaka Hrvatske pobijediv\u0161i na gostovanju kod Rijeke sa 2-1 (0-1) u derbiju 30. kola Prve HNL. Rije\u010dani su poveli ve\u0107 u 6. minuti golom&nbsp;Adama Gnezde \u010cerina. Dinamo je do pobjede do\u0161ao preokretom u drugom poluvremenu. U 79. minuti izjedna\u010dio je azerbajd\u017eanski reprezentativac&nbsp;Mahir Emreli, a u 86. [&hellip;]\" \/>\n<meta property=\"og:url\" content=\"https:\/\/radioljubuski.ba\/index.php\/2022\/04\/10\/dinamo-ludim-preokretom-u-zavrsnici-do-pobjede-na-rujevici\/\" \/>\n<meta property=\"og:site_name\" content=\"RADIO LJUBU\u0160KI\" \/>\n<meta property=\"article:publisher\" content=\"https:\/\/www.facebook.com\/Radiio-Ljubuski-1490835324566332\" \/>\n<meta property=\"article:published_time\" content=\"2022-04-10T20:40:39+00:00\" \/>\n<meta property=\"article:modified_time\" content=\"2022-04-10T20:40:41+00:00\" \/>\n<meta property=\"og:image\" content=\"https:\/\/radioljubuski.ba\/wp-content\/uploads\/2022\/04\/6773275-717x478-1.jpg\" \/>\n\t<meta property=\"og:image:width\" content=\"717\" \/>\n\t<meta property=\"og:image:height\" content=\"478\" \/>\n\t<meta property=\"og:image:type\" content=\"image\/jpeg\" \/>\n<meta name=\"author\" content=\"Radio Ljubu\u0161ki\" \/>\n<meta name=\"twitter:card\" content=\"summary_large_image\" \/>\n<meta name=\"twitter:creator\" content=\"@radioljubuski\" \/>\n<meta name=\"twitter:site\" content=\"@radioljubuski\" \/>\n<meta name=\"twitter:label1\" content=\"Napisao\/la\" \/>\n\t<meta name=\"twitter:data1\" content=\"Radio Ljubu\u0161ki\" \/>\n\t<meta name=\"twitter:label2\" content=\"Procijenjeno vrijeme \u010ditanja\" \/>\n\t<meta name=\"twitter:data2\" content=\"5 minuta\" \/>\n<script type=\"application\/ld+json\" class=\"yoast-schema-graph\">{\"@context\":\"https:\\\/\\\/schema.org\",\"@graph\":[{\"@type\":\"Article\",\"@id\":\"https:\\\/\\\/radioljubuski.ba\\\/index.php\\\/2022\\\/04\\\/10\\\/dinamo-ludim-preokretom-u-zavrsnici-do-pobjede-na-rujevici\\\/#article\",\"isPartOf\":{\"@id\":\"https:\\\/\\\/radioljubuski.ba\\\/index.php\\\/2022\\\/04\\\/10\\\/dinamo-ludim-preokretom-u-zavrsnici-do-pobjede-na-rujevici\\\/\"},\"author\":{\"name\":\"Radio Ljubu\u0161ki\",\"@id\":\"https:\\\/\\\/radioljubuski.ba\\\/#\\\/schema\\\/person\\\/19fc700381a780f69665d7956c469e3b\"},\"headline\":\"Dinamo ludim preokretom u zavr\u0161nici do pobjede na Rujevici!\",\"datePublished\":\"2022-04-10T20:40:39+00:00\",\"dateModified\":\"2022-04-10T20:40:41+00:00\",\"mainEntityOfPage\":{\"@id\":\"https:\\\/\\\/radioljubuski.ba\\\/index.php\\\/2022\\\/04\\\/10\\\/dinamo-ludim-preokretom-u-zavrsnici-do-pobjede-na-rujevici\\\/\"},\"wordCount\":877,\"publisher\":{\"@id\":\"https:\\\/\\\/radioljubuski.ba\\\/#organization\"},\"image\":{\"@id\":\"https:\\\/\\\/radioljubuski.ba\\\/index.php\\\/2022\\\/04\\\/10\\\/dinamo-ludim-preokretom-u-zavrsnici-do-pobjede-na-rujevici\\\/#primaryimage\"},\"thumbnailUrl\":\"https:\\\/\\\/radioljubuski.ba\\\/wp-content\\\/uploads\\\/2022\\\/04\\\/6773275-717x478-1.jpg\",\"articleSection\":[\"\u0160port\"],\"inLanguage\":\"hr\"},{\"@type\":\"WebPage\",\"@id\":\"https:\\\/\\\/radioljubuski.ba\\\/index.php\\\/2022\\\/04\\\/10\\\/dinamo-ludim-preokretom-u-zavrsnici-do-pobjede-na-rujevici\\\/\",\"url\":\"https:\\\/\\\/radioljubuski.ba\\\/index.php\\\/2022\\\/04\\\/10\\\/dinamo-ludim-preokretom-u-zavrsnici-do-pobjede-na-rujevici\\\/\",\"name\":\"Dinamo ludim preokretom u zavr\u0161nici do pobjede na Rujevici! - RADIO LJUBU\u0160KI\",\"isPartOf\":{\"@id\":\"https:\\\/\\\/radioljubuski.ba\\\/#website\"},\"primaryImageOfPage\":{\"@id\":\"https:\\\/\\\/radioljubuski.ba\\\/index.php\\\/2022\\\/04\\\/10\\\/dinamo-ludim-preokretom-u-zavrsnici-do-pobjede-na-rujevici\\\/#primaryimage\"},\"image\":{\"@id\":\"https:\\\/\\\/radioljubuski.ba\\\/index.php\\\/2022\\\/04\\\/10\\\/dinamo-ludim-preokretom-u-zavrsnici-do-pobjede-na-rujevici\\\/#primaryimage\"},\"thumbnailUrl\":\"https:\\\/\\\/radioljubuski.ba\\\/wp-content\\\/uploads\\\/2022\\\/04\\\/6773275-717x478-1.jpg\",\"datePublished\":\"2022-04-10T20:40:39+00:00\",\"dateModified\":\"2022-04-10T20:40:41+00:00\",\"breadcrumb\":{\"@id\":\"https:\\\/\\\/radioljubuski.ba\\\/index.php\\\/2022\\\/04\\\/10\\\/dinamo-ludim-preokretom-u-zavrsnici-do-pobjede-na-rujevici\\\/#breadcrumb\"},\"inLanguage\":\"hr\",\"potentialAction\":[{\"@type\":\"ReadAction\",\"target\":[\"https:\\\/\\\/radioljubuski.ba\\\/index.php\\\/2022\\\/04\\\/10\\\/dinamo-ludim-preokretom-u-zavrsnici-do-pobjede-na-rujevici\\\/\"]}]},{\"@type\":\"ImageObject\",\"inLanguage\":\"hr\",\"@id\":\"https:\\\/\\\/radioljubuski.ba\\\/index.php\\\/2022\\\/04\\\/10\\\/dinamo-ludim-preokretom-u-zavrsnici-do-pobjede-na-rujevici\\\/#primaryimage\",\"url\":\"https:\\\/\\\/radioljubuski.ba\\\/wp-content\\\/uploads\\\/2022\\\/04\\\/6773275-717x478-1.jpg\",\"contentUrl\":\"https:\\\/\\\/radioljubuski.ba\\\/wp-content\\\/uploads\\\/2022\\\/04\\\/6773275-717x478-1.jpg\",\"width\":717,\"height\":478},{\"@type\":\"BreadcrumbList\",\"@id\":\"https:\\\/\\\/radioljubuski.ba\\\/index.php\\\/2022\\\/04\\\/10\\\/dinamo-ludim-preokretom-u-zavrsnici-do-pobjede-na-rujevici\\\/#breadcrumb\",\"itemListElement\":[{\"@type\":\"ListItem\",\"position\":1,\"name\":\"Po\u010detna stranica\",\"item\":\"https:\\\/\\\/radioljubuski.ba\\\/\"},{\"@type\":\"ListItem\",\"position\":2,\"name\":\"Dinamo ludim preokretom u zavr\u0161nici do pobjede na Rujevici!\"}]},{\"@type\":\"WebSite\",\"@id\":\"https:\\\/\\\/radioljubuski.ba\\\/#website\",\"url\":\"https:\\\/\\\/radioljubuski.ba\\\/\",\"name\":\"Radio Ljubu\u0161ki\",\"description\":\"Sun\u010dana frekvencija Hercegovine\",\"publisher\":{\"@id\":\"https:\\\/\\\/radioljubuski.ba\\\/#organization\"},\"potentialAction\":[{\"@type\":\"SearchAction\",\"target\":{\"@type\":\"EntryPoint\",\"urlTemplate\":\"https:\\\/\\\/radioljubuski.ba\\\/?s={search_term_string}\"},\"query-input\":{\"@type\":\"PropertyValueSpecification\",\"valueRequired\":true,\"valueName\":\"search_term_string\"}}],\"inLanguage\":\"hr\"},{\"@type\":\"Organization\",\"@id\":\"https:\\\/\\\/radioljubuski.ba\\\/#organization\",\"name\":\"Radio Ljubu\u0161ki\",\"url\":\"https:\\\/\\\/radioljubuski.ba\\\/\",\"logo\":{\"@type\":\"ImageObject\",\"inLanguage\":\"hr\",\"@id\":\"https:\\\/\\\/radioljubuski.ba\\\/#\\\/schema\\\/logo\\\/image\\\/\",\"url\":\"https:\\\/\\\/radioljubuski.ba\\\/wp-content\\\/uploads\\\/2021\\\/02\\\/cropped-Radio_Ljubuski_logo1.jpg\",\"contentUrl\":\"https:\\\/\\\/radioljubuski.ba\\\/wp-content\\\/uploads\\\/2021\\\/02\\\/cropped-Radio_Ljubuski_logo1.jpg\",\"width\":512,\"height\":512,\"caption\":\"Radio Ljubu\u0161ki\"},\"image\":{\"@id\":\"https:\\\/\\\/radioljubuski.ba\\\/#\\\/schema\\\/logo\\\/image\\\/\"},\"sameAs\":[\"https:\\\/\\\/www.facebook.com\\\/Radiio-Ljubuski-1490835324566332\",\"https:\\\/\\\/x.com\\\/radioljubuski\",\"https:\\\/\\\/hr.linkedin.com\\\/company\\\/radio-ljubuski\",\"https:\\\/\\\/www.youtube.com\\\/channel\\\/UCHYaeO_n0Db3tjNGudGpXyw\"]},{\"@type\":\"Person\",\"@id\":\"https:\\\/\\\/radioljubuski.ba\\\/#\\\/schema\\\/person\\\/19fc700381a780f69665d7956c469e3b\",\"name\":\"Radio Ljubu\u0161ki\"}]}<\/script>\n<!-- \/ Yoast SEO plugin. -->","yoast_head_json":{"title":"Dinamo ludim preokretom u zavr\u0161nici do pobjede na Rujevici! - RADIO LJUBU\u0160KI","robots":{"index":"index","follow":"follow","max-snippet":"max-snippet:-1","max-image-preview":"max-image-preview:large","max-video-preview":"max-video-preview:-1"},"canonical":"https:\/\/radioljubuski.ba\/index.php\/2022\/04\/10\/dinamo-ludim-preokretom-u-zavrsnici-do-pobjede-na-rujevici\/","og_locale":"hr_HR","og_type":"article","og_title":"Dinamo ludim preokretom u zavr\u0161nici do pobjede na Rujevici! - RADIO LJUBU\u0160KI","og_description":"Zagreba\u010dki Dinamo napravio je veliki korak prema obrani naslova prvaka Hrvatske pobijediv\u0161i na gostovanju kod Rijeke sa 2-1 (0-1) u derbiju 30. kola Prve HNL. Rije\u010dani su poveli ve\u0107 u 6. minuti golom&nbsp;Adama Gnezde \u010cerina. Dinamo je do pobjede do\u0161ao preokretom u drugom poluvremenu. U 79. minuti izjedna\u010dio je azerbajd\u017eanski reprezentativac&nbsp;Mahir Emreli, a u 86. [&hellip;]","og_url":"https:\/\/radioljubuski.ba\/index.php\/2022\/04\/10\/dinamo-ludim-preokretom-u-zavrsnici-do-pobjede-na-rujevici\/","og_site_name":"RADIO LJUBU\u0160KI","article_publisher":"https:\/\/www.facebook.com\/Radiio-Ljubuski-1490835324566332","article_published_time":"2022-04-10T20:40:39+00:00","article_modified_time":"2022-04-10T20:40:41+00:00","og_image":[{"width":717,"height":478,"url":"https:\/\/radioljubuski.ba\/wp-content\/uploads\/2022\/04\/6773275-717x478-1.jpg","type":"image\/jpeg"}],"author":"Radio Ljubu\u0161ki","twitter_card":"summary_large_image","twitter_creator":"@radioljubuski","twitter_site":"@radioljubuski","twitter_misc":{"Napisao\/la":"Radio Ljubu\u0161ki","Procijenjeno vrijeme \u010ditanja":"5 minuta"},"schema":{"@context":"https:\/\/schema.org","@graph":[{"@type":"Article","@id":"https:\/\/radioljubuski.ba\/index.php\/2022\/04\/10\/dinamo-ludim-preokretom-u-zavrsnici-do-pobjede-na-rujevici\/#article","isPartOf":{"@id":"https:\/\/radioljubuski.ba\/index.php\/2022\/04\/10\/dinamo-ludim-preokretom-u-zavrsnici-do-pobjede-na-rujevici\/"},"author":{"name":"Radio Ljubu\u0161ki","@id":"https:\/\/radioljubuski.ba\/#\/schema\/person\/19fc700381a780f69665d7956c469e3b"},"headline":"Dinamo ludim preokretom u zavr\u0161nici do pobjede na Rujevici!","datePublished":"2022-04-10T20:40:39+00:00","dateModified":"2022-04-10T20:40:41+00:00","mainEntityOfPage":{"@id":"https:\/\/radioljubuski.ba\/index.php\/2022\/04\/10\/dinamo-ludim-preokretom-u-zavrsnici-do-pobjede-na-rujevici\/"},"wordCount":877,"publisher":{"@id":"https:\/\/radioljubuski.ba\/#organization"},"image":{"@id":"https:\/\/radioljubuski.ba\/index.php\/2022\/04\/10\/dinamo-ludim-preokretom-u-zavrsnici-do-pobjede-na-rujevici\/#primaryimage"},"thumbnailUrl":"https:\/\/radioljubuski.ba\/wp-content\/uploads\/2022\/04\/6773275-717x478-1.jpg","articleSection":["\u0160port"],"inLanguage":"hr"},{"@type":"WebPage","@id":"https:\/\/radioljubuski.ba\/index.php\/2022\/04\/10\/dinamo-ludim-preokretom-u-zavrsnici-do-pobjede-na-rujevici\/","url":"https:\/\/radioljubuski.ba\/index.php\/2022\/04\/10\/dinamo-ludim-preokretom-u-zavrsnici-do-pobjede-na-rujevici\/","name":"Dinamo ludim preokretom u zavr\u0161nici do pobjede na Rujevici! - RADIO LJUBU\u0160KI","isPartOf":{"@id":"https:\/\/radioljubuski.ba\/#website"},"primaryImageOfPage":{"@id":"https:\/\/radioljubuski.ba\/index.php\/2022\/04\/10\/dinamo-ludim-preokretom-u-zavrsnici-do-pobjede-na-rujevici\/#primaryimage"},"image":{"@id":"https:\/\/radioljubuski.ba\/index.php\/2022\/04\/10\/dinamo-ludim-preokretom-u-zavrsnici-do-pobjede-na-rujevici\/#primaryimage"},"thumbnailUrl":"https:\/\/radioljubuski.ba\/wp-content\/uploads\/2022\/04\/6773275-717x478-1.jpg","datePublished":"2022-04-10T20:40:39+00:00","dateModified":"2022-04-10T20:40:41+00:00","breadcrumb":{"@id":"https:\/\/radioljubuski.ba\/index.php\/2022\/04\/10\/dinamo-ludim-preokretom-u-zavrsnici-do-pobjede-na-rujevici\/#breadcrumb"},"inLanguage":"hr","potentialAction":[{"@type":"ReadAction","target":["https:\/\/radioljubuski.ba\/index.php\/2022\/04\/10\/dinamo-ludim-preokretom-u-zavrsnici-do-pobjede-na-rujevici\/"]}]},{"@type":"ImageObject","inLanguage":"hr","@id":"https:\/\/radioljubuski.ba\/index.php\/2022\/04\/10\/dinamo-ludim-preokretom-u-zavrsnici-do-pobjede-na-rujevici\/#primaryimage","url":"https:\/\/radioljubuski.ba\/wp-content\/uploads\/2022\/04\/6773275-717x478-1.jpg","contentUrl":"https:\/\/radioljubuski.ba\/wp-content\/uploads\/2022\/04\/6773275-717x478-1.jpg","width":717,"height":478},{"@type":"BreadcrumbList","@id":"https:\/\/radioljubuski.ba\/index.php\/2022\/04\/10\/dinamo-ludim-preokretom-u-zavrsnici-do-pobjede-na-rujevici\/#breadcrumb","itemListElement":[{"@type":"ListItem","position":1,"name":"Po\u010detna stranica","item":"https:\/\/radioljubuski.ba\/"},{"@type":"ListItem","position":2,"name":"Dinamo ludim preokretom u zavr\u0161nici do pobjede na Rujevici!"}]},{"@type":"WebSite","@id":"https:\/\/radioljubuski.ba\/#website","url":"https:\/\/radioljubuski.ba\/","name":"Radio Ljubu\u0161ki","description":"Sun\u010dana frekvencija Hercegovine","publisher":{"@id":"https:\/\/radioljubuski.ba\/#organization"},"potentialAction":[{"@type":"SearchAction","target":{"@type":"EntryPoint","urlTemplate":"https:\/\/radioljubuski.ba\/?s={search_term_string}"},"query-input":{"@type":"PropertyValueSpecification","valueRequired":true,"valueName":"search_term_string"}}],"inLanguage":"hr"},{"@type":"Organization","@id":"https:\/\/radioljubuski.ba\/#organization","name":"Radio Ljubu\u0161ki","url":"https:\/\/radioljubuski.ba\/","logo":{"@type":"ImageObject","inLanguage":"hr","@id":"https:\/\/radioljubuski.ba\/#\/schema\/logo\/image\/","url":"https:\/\/radioljubuski.ba\/wp-content\/uploads\/2021\/02\/cropped-Radio_Ljubuski_logo1.jpg","contentUrl":"https:\/\/radioljubuski.ba\/wp-content\/uploads\/2021\/02\/cropped-Radio_Ljubuski_logo1.jpg","width":512,"height":512,"caption":"Radio Ljubu\u0161ki"},"image":{"@id":"https:\/\/radioljubuski.ba\/#\/schema\/logo\/image\/"},"sameAs":["https:\/\/www.facebook.com\/Radiio-Ljubuski-1490835324566332","https:\/\/x.com\/radioljubuski","https:\/\/hr.linkedin.com\/company\/radio-ljubuski","https:\/\/www.youtube.com\/channel\/UCHYaeO_n0Db3tjNGudGpXyw"]},{"@type":"Person","@id":"https:\/\/radioljubuski.ba\/#\/schema\/person\/19fc700381a780f69665d7956c469e3b","name":"Radio Ljubu\u0161ki"}]}},"_links":{"self":[{"href":"https:\/\/radioljubuski.ba\/index.php\/wp-json\/wp\/v2\/posts\/131088","targetHints":{"allow":["GET"]}}],"collection":[{"href":"https:\/\/radioljubuski.ba\/index.php\/wp-json\/wp\/v2\/posts"}],"about":[{"href":"https:\/\/radioljubuski.ba\/index.php\/wp-json\/wp\/v2\/types\/post"}],"author":[{"embeddable":true,"href":"https:\/\/radioljubuski.ba\/index.php\/wp-json\/wp\/v2\/users\/2"}],"replies":[{"embeddable":true,"href":"https:\/\/radioljubuski.ba\/index.php\/wp-json\/wp\/v2\/comments?post=131088"}],"version-history":[{"count":1,"href":"https:\/\/radioljubuski.ba\/index.php\/wp-json\/wp\/v2\/posts\/131088\/revisions"}],"predecessor-version":[{"id":131090,"href":"https:\/\/radioljubuski.ba\/index.php\/wp-json\/wp\/v2\/posts\/131088\/revisions\/131090"}],"wp:featuredmedia":[{"embeddable":true,"href":"https:\/\/radioljubuski.ba\/index.php\/wp-json\/wp\/v2\/media\/131089"}],"wp:attachment":[{"href":"https:\/\/radioljubuski.ba\/index.php\/wp-json\/wp\/v2\/media?parent=131088"}],"wp:term":[{"taxonomy":"category","embeddable":true,"href":"https:\/\/radioljubuski.ba\/index.php\/wp-json\/wp\/v2\/categories?post=131088"},{"taxonomy":"post_tag","embeddable":true,"href":"https:\/\/radioljubuski.ba\/index.php\/wp-json\/wp\/v2\/tags?post=131088"}],"curies":[{"name":"wp","href":"https:\/\/api.w.org\/{rel}","templated":true}]}}