{"id":131101,"date":"2022-04-10T21:47:41","date_gmt":"2022-04-10T20:47:41","guid":{"rendered":"https:\/\/radioljubuski.ba\/?p=131101"},"modified":"2022-04-10T21:47:42","modified_gmt":"2022-04-10T20:47:42","slug":"muskarac-zvjerski-silovao-zenu-drugima-naplacivao-da-gledaju","status":"publish","type":"post","link":"https:\/\/radioljubuski.ba\/index.php\/2022\/04\/10\/muskarac-zvjerski-silovao-zenu-drugima-naplacivao-da-gledaju\/","title":{"rendered":"Mu\u0161karac zvjerski silovao \u017eenu, drugima napla\u0107ivao da gledaju"},"content":{"rendered":"\n<p>Mu\u0161karac (42) iz Me\u0111imurja optu\u017een je za stravi\u010dna silovanja biv\u0161e supruge koja je po\u010dinio pred nepoznatim maskiranim osobama kojima je napla\u0107ivao da sve gledaju, pi\u0161e<a href=\"https:\/\/danica.hr\/zenu-mjesecima-brutalno-silovao-i-drugima-naplacivao-da-to-gledaju-u-sobi\/?fbclid=IwAR2zKLEEMmBFIn-1gaug2ItYFy8-JXj6wc3TJh4Qx3KRv_C-aVXVos2KmCA\" target=\"_blank\" rel=\"noreferrer noopener\">&nbsp;Danica.<\/a><\/p>\n\n\n\n<p>Prema optu\u017enici koju je protiv njega ovih dana podignulo \u017dupanijsko dr\u017eavno odvjetni\u0161tvo u Vara\u017edinu, brutalna silovanja po\u010dinio je od srpnja 2006. do travnja 2007. godine. Prijeti mu do 10 godina zatvora.<\/p>\n\n\n\n<p>&#8220;U podstanarskom stanu joj je tijekom srpnja 2006., nakon \u0161to ju je prvo izudarao rukama po glavi i tijelu, a potom bacio na krevet i vezao joj ruke za rub kreveta, skinuo ga\u0107ice te joj, unato\u010d njezinom tra\u017eenju da ju pusti i poku\u0161ajima da ga odgurne nogama, ra\u0161irio noge&#8221;, stoji u optu\u017enici.<\/p>\n\n\n\n<p>Silovao ju je, nakon \u010dega joj je u spolovilo gurao bocu, potom i cijelu \u0161aku, zaprijetiv\u0161i joj da \u0107e ju ubiti ako o doga\u0111aju nekome ispri\u010da.<\/p>\n\n\n\n<p>&#8220;Nakon toga u \u0161est navrata je protiv njezine volje s njom imao spolne odnose. Najprije joj je ruke vezao za krevet, potom gurao svoje spolovilo u njezino te nakon svog spolnog zadovoljenja gurao joj u spolovilo bocu i druge predmete te cijelu \u0161aku.<\/p>\n\n\n\n<p>Svaki put u prostoriju je u\u0161la nepoznata maskirana osoba i za novac gledala \u0161to joj radi, a on je sve radnje snimao te je potom prisiljavao da gleda snimku, zaprijetiv\u0161i joj svaki put da \u0107e je ubiti ako o doga\u0111aju nekome ispri\u010da.<\/p>\n\n\n\n<p>Prilikom spolnih odnosa je zadobivala ozljede i krvarila iz spolovila te ujedno ostala trudna i rodila zajedni\u010dko dijete. Kaznena djela silovanja po\u010dinjena su na osobito okrutan i osobito poni\u017eavaju\u0107i na\u010din, a silovana \u017eenska osoba ostala je trudna&#8221;, upozorili su tu\u017eitelji.<\/p>\n\n\n\n<p>Nesretna \u017eena pakao koji je prolazila ne bi nikad prijavila da joj se tijekom 2016. nije dogodila nova velika trauma jer ju je razbojnik napao u kafi\u0107u u kojem je radila kao sprema\u010dica. U te\u0161kom psihi\u010dkom stanju zavr\u0161ila je na psihijatriji \u010dakove\u010dke bolnice te lije\u010dnicima ispri\u010dala sve \u0161to joj se u \u017eivotu doga\u0111alo.<\/p>\n\n\n\n<p><strong>Sve je negirao<\/strong><\/p>\n\n\n\n<p>Svjedokinja iz obiteljskog savjetovali\u0161ta ka\u017ee kako je iz bolnice k njima do\u0161la u &#8220;izuzetno te\u0161kom stanju, u prvo vrijeme nije mogla uop\u0107e govoriti, \u010dak je i povra\u0107ala, no tijekom godinu dana, kroz savjetovanje njezino se stanje pobolj\u0161alo&#8221;.<\/p>\n\n\n\n<p>Okida\u010d koji ju je doveo do ruba bilo je razbojni\u0161tvo koje je pro\u017eivjela na radnom mjestu kojom prilikom je zadobila i ozljede. Stru\u010dne osobe u bolnici i savjetovali\u0161tu tada su doznale i za silovanja te su je uputile da sve prijavi mjerodavnim slu\u017ebama.<\/p>\n\n\n\n<p>Silovatelj je bio zaposlen kao glazbenik u ugostiteljskim objektima u Me\u0111imurju. Stanovao je u sklopu jednog restorana, a nesretna \u017eena znala je povremeno preno\u0107iti kod njega te su zajedni\u010dki po\u010deli \u017eivjeti kad se i sama zaposlila u restoranu kao konobarica.<\/p>\n\n\n\n<p>Ona je nakon toga otvorila vlastiti lokal u jednom me\u0111imurskom mjestu te su tamo nastavili zajedno \u017eivjeti. On je 2009. oti\u0161ao raditi u inozemstvo i vi\u0161e se nije vra\u0107ao u Hrvatsku. Ispitan u toj zemlji prema zahtjevu za me\u0111unarodnu pravnu pomo\u0107, sve je negirao. \u017dena se u me\u0111uvremenu udala.<\/p>\n\n\n\n<p>Izvor:danica.hr<\/p>\n","protected":false},"excerpt":{"rendered":"<p>Mu\u0161karac (42) iz Me\u0111imurja optu\u017een je za stravi\u010dna silovanja biv\u0161e supruge koja je po\u010dinio pred nepoznatim maskiranim osobama kojima je napla\u0107ivao da sve gledaju, pi\u0161e&nbsp;Danica. Prema optu\u017enici koju je protiv njega ovih dana podignulo \u017dupanijsko dr\u017eavno odvjetni\u0161tvo u Vara\u017edinu, brutalna silovanja po\u010dinio je od srpnja 2006. do travnja 2007. godine. Prijeti mu do 10 godina [&hellip;]<\/p>\n","protected":false},"author":2,"featured_media":52605,"comment_status":"closed","ping_status":"closed","sticky":false,"template":"","format":"standard","meta":{"h5ap_radio_sources":[],"footnotes":""},"categories":[1],"tags":[],"class_list":["post-131101","post","type-post","status-publish","format-standard","has-post-thumbnail","hentry","category-bihiregija"],"yoast_head":"<!-- This site is optimized with the Yoast SEO plugin v27.5 - https:\/\/yoast.com\/product\/yoast-seo-wordpress\/ -->\n<title>Mu\u0161karac zvjerski silovao \u017eenu, drugima napla\u0107ivao da gledaju - RADIO LJUBU\u0160KI<\/title>\n<meta name=\"robots\" content=\"index, follow, max-snippet:-1, max-image-preview:large, max-video-preview:-1\" \/>\n<link rel=\"canonical\" href=\"https:\/\/radioljubuski.ba\/index.php\/2022\/04\/10\/muskarac-zvjerski-silovao-zenu-drugima-naplacivao-da-gledaju\/\" \/>\n<meta property=\"og:locale\" content=\"hr_HR\" \/>\n<meta property=\"og:type\" content=\"article\" \/>\n<meta property=\"og:title\" content=\"Mu\u0161karac zvjerski silovao \u017eenu, drugima napla\u0107ivao da gledaju - RADIO LJUBU\u0160KI\" \/>\n<meta property=\"og:description\" content=\"Mu\u0161karac (42) iz Me\u0111imurja optu\u017een je za stravi\u010dna silovanja biv\u0161e supruge koja je po\u010dinio pred nepoznatim maskiranim osobama kojima je napla\u0107ivao da sve gledaju, pi\u0161e&nbsp;Danica. Prema optu\u017enici koju je protiv njega ovih dana podignulo \u017dupanijsko dr\u017eavno odvjetni\u0161tvo u Vara\u017edinu, brutalna silovanja po\u010dinio je od srpnja 2006. do travnja 2007. godine. Prijeti mu do 10 godina [&hellip;]\" \/>\n<meta property=\"og:url\" content=\"https:\/\/radioljubuski.ba\/index.php\/2022\/04\/10\/muskarac-zvjerski-silovao-zenu-drugima-naplacivao-da-gledaju\/\" \/>\n<meta property=\"og:site_name\" content=\"RADIO LJUBU\u0160KI\" \/>\n<meta property=\"article:publisher\" content=\"https:\/\/www.facebook.com\/Radiio-Ljubuski-1490835324566332\" \/>\n<meta property=\"article:published_time\" content=\"2022-04-10T20:47:41+00:00\" \/>\n<meta property=\"article:modified_time\" content=\"2022-04-10T20:47:42+00:00\" \/>\n<meta property=\"og:image\" content=\"https:\/\/radioljubuski.ba\/wp-content\/uploads\/2021\/08\/silovanje-1.jpg\" \/>\n\t<meta property=\"og:image:width\" content=\"680\" \/>\n\t<meta property=\"og:image:height\" content=\"403\" \/>\n\t<meta property=\"og:image:type\" content=\"image\/jpeg\" \/>\n<meta name=\"author\" content=\"Radio Ljubu\u0161ki\" \/>\n<meta name=\"twitter:card\" content=\"summary_large_image\" \/>\n<meta name=\"twitter:creator\" content=\"@radioljubuski\" \/>\n<meta name=\"twitter:site\" content=\"@radioljubuski\" \/>\n<meta name=\"twitter:label1\" content=\"Napisao\/la\" \/>\n\t<meta name=\"twitter:data1\" content=\"Radio Ljubu\u0161ki\" \/>\n\t<meta name=\"twitter:label2\" content=\"Procijenjeno vrijeme \u010ditanja\" \/>\n\t<meta name=\"twitter:data2\" content=\"3 minute\" \/>\n<script type=\"application\/ld+json\" class=\"yoast-schema-graph\">{\"@context\":\"https:\\\/\\\/schema.org\",\"@graph\":[{\"@type\":\"Article\",\"@id\":\"https:\\\/\\\/radioljubuski.ba\\\/index.php\\\/2022\\\/04\\\/10\\\/muskarac-zvjerski-silovao-zenu-drugima-naplacivao-da-gledaju\\\/#article\",\"isPartOf\":{\"@id\":\"https:\\\/\\\/radioljubuski.ba\\\/index.php\\\/2022\\\/04\\\/10\\\/muskarac-zvjerski-silovao-zenu-drugima-naplacivao-da-gledaju\\\/\"},\"author\":{\"name\":\"Radio Ljubu\u0161ki\",\"@id\":\"https:\\\/\\\/radioljubuski.ba\\\/#\\\/schema\\\/person\\\/19fc700381a780f69665d7956c469e3b\"},\"headline\":\"Mu\u0161karac zvjerski silovao \u017eenu, drugima napla\u0107ivao da gledaju\",\"datePublished\":\"2022-04-10T20:47:41+00:00\",\"dateModified\":\"2022-04-10T20:47:42+00:00\",\"mainEntityOfPage\":{\"@id\":\"https:\\\/\\\/radioljubuski.ba\\\/index.php\\\/2022\\\/04\\\/10\\\/muskarac-zvjerski-silovao-zenu-drugima-naplacivao-da-gledaju\\\/\"},\"wordCount\":554,\"publisher\":{\"@id\":\"https:\\\/\\\/radioljubuski.ba\\\/#organization\"},\"image\":{\"@id\":\"https:\\\/\\\/radioljubuski.ba\\\/index.php\\\/2022\\\/04\\\/10\\\/muskarac-zvjerski-silovao-zenu-drugima-naplacivao-da-gledaju\\\/#primaryimage\"},\"thumbnailUrl\":\"https:\\\/\\\/radioljubuski.ba\\\/wp-content\\\/uploads\\\/2021\\\/08\\\/silovanje-1.jpg\",\"articleSection\":[\"BIH i regija\"],\"inLanguage\":\"hr\"},{\"@type\":\"WebPage\",\"@id\":\"https:\\\/\\\/radioljubuski.ba\\\/index.php\\\/2022\\\/04\\\/10\\\/muskarac-zvjerski-silovao-zenu-drugima-naplacivao-da-gledaju\\\/\",\"url\":\"https:\\\/\\\/radioljubuski.ba\\\/index.php\\\/2022\\\/04\\\/10\\\/muskarac-zvjerski-silovao-zenu-drugima-naplacivao-da-gledaju\\\/\",\"name\":\"Mu\u0161karac zvjerski silovao \u017eenu, drugima napla\u0107ivao da gledaju - RADIO LJUBU\u0160KI\",\"isPartOf\":{\"@id\":\"https:\\\/\\\/radioljubuski.ba\\\/#website\"},\"primaryImageOfPage\":{\"@id\":\"https:\\\/\\\/radioljubuski.ba\\\/index.php\\\/2022\\\/04\\\/10\\\/muskarac-zvjerski-silovao-zenu-drugima-naplacivao-da-gledaju\\\/#primaryimage\"},\"image\":{\"@id\":\"https:\\\/\\\/radioljubuski.ba\\\/index.php\\\/2022\\\/04\\\/10\\\/muskarac-zvjerski-silovao-zenu-drugima-naplacivao-da-gledaju\\\/#primaryimage\"},\"thumbnailUrl\":\"https:\\\/\\\/radioljubuski.ba\\\/wp-content\\\/uploads\\\/2021\\\/08\\\/silovanje-1.jpg\",\"datePublished\":\"2022-04-10T20:47:41+00:00\",\"dateModified\":\"2022-04-10T20:47:42+00:00\",\"breadcrumb\":{\"@id\":\"https:\\\/\\\/radioljubuski.ba\\\/index.php\\\/2022\\\/04\\\/10\\\/muskarac-zvjerski-silovao-zenu-drugima-naplacivao-da-gledaju\\\/#breadcrumb\"},\"inLanguage\":\"hr\",\"potentialAction\":[{\"@type\":\"ReadAction\",\"target\":[\"https:\\\/\\\/radioljubuski.ba\\\/index.php\\\/2022\\\/04\\\/10\\\/muskarac-zvjerski-silovao-zenu-drugima-naplacivao-da-gledaju\\\/\"]}]},{\"@type\":\"ImageObject\",\"inLanguage\":\"hr\",\"@id\":\"https:\\\/\\\/radioljubuski.ba\\\/index.php\\\/2022\\\/04\\\/10\\\/muskarac-zvjerski-silovao-zenu-drugima-naplacivao-da-gledaju\\\/#primaryimage\",\"url\":\"https:\\\/\\\/radioljubuski.ba\\\/wp-content\\\/uploads\\\/2021\\\/08\\\/silovanje-1.jpg\",\"contentUrl\":\"https:\\\/\\\/radioljubuski.ba\\\/wp-content\\\/uploads\\\/2021\\\/08\\\/silovanje-1.jpg\",\"width\":680,\"height\":403},{\"@type\":\"BreadcrumbList\",\"@id\":\"https:\\\/\\\/radioljubuski.ba\\\/index.php\\\/2022\\\/04\\\/10\\\/muskarac-zvjerski-silovao-zenu-drugima-naplacivao-da-gledaju\\\/#breadcrumb\",\"itemListElement\":[{\"@type\":\"ListItem\",\"position\":1,\"name\":\"Po\u010detna stranica\",\"item\":\"https:\\\/\\\/radioljubuski.ba\\\/\"},{\"@type\":\"ListItem\",\"position\":2,\"name\":\"Mu\u0161karac zvjerski silovao \u017eenu, drugima napla\u0107ivao da gledaju\"}]},{\"@type\":\"WebSite\",\"@id\":\"https:\\\/\\\/radioljubuski.ba\\\/#website\",\"url\":\"https:\\\/\\\/radioljubuski.ba\\\/\",\"name\":\"Radio Ljubu\u0161ki\",\"description\":\"Sun\u010dana frekvencija Hercegovine\",\"publisher\":{\"@id\":\"https:\\\/\\\/radioljubuski.ba\\\/#organization\"},\"potentialAction\":[{\"@type\":\"SearchAction\",\"target\":{\"@type\":\"EntryPoint\",\"urlTemplate\":\"https:\\\/\\\/radioljubuski.ba\\\/?s={search_term_string}\"},\"query-input\":{\"@type\":\"PropertyValueSpecification\",\"valueRequired\":true,\"valueName\":\"search_term_string\"}}],\"inLanguage\":\"hr\"},{\"@type\":\"Organization\",\"@id\":\"https:\\\/\\\/radioljubuski.ba\\\/#organization\",\"name\":\"Radio Ljubu\u0161ki\",\"url\":\"https:\\\/\\\/radioljubuski.ba\\\/\",\"logo\":{\"@type\":\"ImageObject\",\"inLanguage\":\"hr\",\"@id\":\"https:\\\/\\\/radioljubuski.ba\\\/#\\\/schema\\\/logo\\\/image\\\/\",\"url\":\"https:\\\/\\\/radioljubuski.ba\\\/wp-content\\\/uploads\\\/2021\\\/02\\\/cropped-Radio_Ljubuski_logo1.jpg\",\"contentUrl\":\"https:\\\/\\\/radioljubuski.ba\\\/wp-content\\\/uploads\\\/2021\\\/02\\\/cropped-Radio_Ljubuski_logo1.jpg\",\"width\":512,\"height\":512,\"caption\":\"Radio Ljubu\u0161ki\"},\"image\":{\"@id\":\"https:\\\/\\\/radioljubuski.ba\\\/#\\\/schema\\\/logo\\\/image\\\/\"},\"sameAs\":[\"https:\\\/\\\/www.facebook.com\\\/Radiio-Ljubuski-1490835324566332\",\"https:\\\/\\\/x.com\\\/radioljubuski\",\"https:\\\/\\\/hr.linkedin.com\\\/company\\\/radio-ljubuski\",\"https:\\\/\\\/www.youtube.com\\\/channel\\\/UCHYaeO_n0Db3tjNGudGpXyw\"]},{\"@type\":\"Person\",\"@id\":\"https:\\\/\\\/radioljubuski.ba\\\/#\\\/schema\\\/person\\\/19fc700381a780f69665d7956c469e3b\",\"name\":\"Radio Ljubu\u0161ki\"}]}<\/script>\n<!-- \/ Yoast SEO plugin. -->","yoast_head_json":{"title":"Mu\u0161karac zvjerski silovao \u017eenu, drugima napla\u0107ivao da gledaju - RADIO LJUBU\u0160KI","robots":{"index":"index","follow":"follow","max-snippet":"max-snippet:-1","max-image-preview":"max-image-preview:large","max-video-preview":"max-video-preview:-1"},"canonical":"https:\/\/radioljubuski.ba\/index.php\/2022\/04\/10\/muskarac-zvjerski-silovao-zenu-drugima-naplacivao-da-gledaju\/","og_locale":"hr_HR","og_type":"article","og_title":"Mu\u0161karac zvjerski silovao \u017eenu, drugima napla\u0107ivao da gledaju - RADIO LJUBU\u0160KI","og_description":"Mu\u0161karac (42) iz Me\u0111imurja optu\u017een je za stravi\u010dna silovanja biv\u0161e supruge koja je po\u010dinio pred nepoznatim maskiranim osobama kojima je napla\u0107ivao da sve gledaju, pi\u0161e&nbsp;Danica. Prema optu\u017enici koju je protiv njega ovih dana podignulo \u017dupanijsko dr\u017eavno odvjetni\u0161tvo u Vara\u017edinu, brutalna silovanja po\u010dinio je od srpnja 2006. do travnja 2007. godine. Prijeti mu do 10 godina [&hellip;]","og_url":"https:\/\/radioljubuski.ba\/index.php\/2022\/04\/10\/muskarac-zvjerski-silovao-zenu-drugima-naplacivao-da-gledaju\/","og_site_name":"RADIO LJUBU\u0160KI","article_publisher":"https:\/\/www.facebook.com\/Radiio-Ljubuski-1490835324566332","article_published_time":"2022-04-10T20:47:41+00:00","article_modified_time":"2022-04-10T20:47:42+00:00","og_image":[{"width":680,"height":403,"url":"https:\/\/radioljubuski.ba\/wp-content\/uploads\/2021\/08\/silovanje-1.jpg","type":"image\/jpeg"}],"author":"Radio Ljubu\u0161ki","twitter_card":"summary_large_image","twitter_creator":"@radioljubuski","twitter_site":"@radioljubuski","twitter_misc":{"Napisao\/la":"Radio Ljubu\u0161ki","Procijenjeno vrijeme \u010ditanja":"3 minute"},"schema":{"@context":"https:\/\/schema.org","@graph":[{"@type":"Article","@id":"https:\/\/radioljubuski.ba\/index.php\/2022\/04\/10\/muskarac-zvjerski-silovao-zenu-drugima-naplacivao-da-gledaju\/#article","isPartOf":{"@id":"https:\/\/radioljubuski.ba\/index.php\/2022\/04\/10\/muskarac-zvjerski-silovao-zenu-drugima-naplacivao-da-gledaju\/"},"author":{"name":"Radio Ljubu\u0161ki","@id":"https:\/\/radioljubuski.ba\/#\/schema\/person\/19fc700381a780f69665d7956c469e3b"},"headline":"Mu\u0161karac zvjerski silovao \u017eenu, drugima napla\u0107ivao da gledaju","datePublished":"2022-04-10T20:47:41+00:00","dateModified":"2022-04-10T20:47:42+00:00","mainEntityOfPage":{"@id":"https:\/\/radioljubuski.ba\/index.php\/2022\/04\/10\/muskarac-zvjerski-silovao-zenu-drugima-naplacivao-da-gledaju\/"},"wordCount":554,"publisher":{"@id":"https:\/\/radioljubuski.ba\/#organization"},"image":{"@id":"https:\/\/radioljubuski.ba\/index.php\/2022\/04\/10\/muskarac-zvjerski-silovao-zenu-drugima-naplacivao-da-gledaju\/#primaryimage"},"thumbnailUrl":"https:\/\/radioljubuski.ba\/wp-content\/uploads\/2021\/08\/silovanje-1.jpg","articleSection":["BIH i regija"],"inLanguage":"hr"},{"@type":"WebPage","@id":"https:\/\/radioljubuski.ba\/index.php\/2022\/04\/10\/muskarac-zvjerski-silovao-zenu-drugima-naplacivao-da-gledaju\/","url":"https:\/\/radioljubuski.ba\/index.php\/2022\/04\/10\/muskarac-zvjerski-silovao-zenu-drugima-naplacivao-da-gledaju\/","name":"Mu\u0161karac zvjerski silovao \u017eenu, drugima napla\u0107ivao da gledaju - RADIO LJUBU\u0160KI","isPartOf":{"@id":"https:\/\/radioljubuski.ba\/#website"},"primaryImageOfPage":{"@id":"https:\/\/radioljubuski.ba\/index.php\/2022\/04\/10\/muskarac-zvjerski-silovao-zenu-drugima-naplacivao-da-gledaju\/#primaryimage"},"image":{"@id":"https:\/\/radioljubuski.ba\/index.php\/2022\/04\/10\/muskarac-zvjerski-silovao-zenu-drugima-naplacivao-da-gledaju\/#primaryimage"},"thumbnailUrl":"https:\/\/radioljubuski.ba\/wp-content\/uploads\/2021\/08\/silovanje-1.jpg","datePublished":"2022-04-10T20:47:41+00:00","dateModified":"2022-04-10T20:47:42+00:00","breadcrumb":{"@id":"https:\/\/radioljubuski.ba\/index.php\/2022\/04\/10\/muskarac-zvjerski-silovao-zenu-drugima-naplacivao-da-gledaju\/#breadcrumb"},"inLanguage":"hr","potentialAction":[{"@type":"ReadAction","target":["https:\/\/radioljubuski.ba\/index.php\/2022\/04\/10\/muskarac-zvjerski-silovao-zenu-drugima-naplacivao-da-gledaju\/"]}]},{"@type":"ImageObject","inLanguage":"hr","@id":"https:\/\/radioljubuski.ba\/index.php\/2022\/04\/10\/muskarac-zvjerski-silovao-zenu-drugima-naplacivao-da-gledaju\/#primaryimage","url":"https:\/\/radioljubuski.ba\/wp-content\/uploads\/2021\/08\/silovanje-1.jpg","contentUrl":"https:\/\/radioljubuski.ba\/wp-content\/uploads\/2021\/08\/silovanje-1.jpg","width":680,"height":403},{"@type":"BreadcrumbList","@id":"https:\/\/radioljubuski.ba\/index.php\/2022\/04\/10\/muskarac-zvjerski-silovao-zenu-drugima-naplacivao-da-gledaju\/#breadcrumb","itemListElement":[{"@type":"ListItem","position":1,"name":"Po\u010detna stranica","item":"https:\/\/radioljubuski.ba\/"},{"@type":"ListItem","position":2,"name":"Mu\u0161karac zvjerski silovao \u017eenu, drugima napla\u0107ivao da gledaju"}]},{"@type":"WebSite","@id":"https:\/\/radioljubuski.ba\/#website","url":"https:\/\/radioljubuski.ba\/","name":"Radio Ljubu\u0161ki","description":"Sun\u010dana frekvencija Hercegovine","publisher":{"@id":"https:\/\/radioljubuski.ba\/#organization"},"potentialAction":[{"@type":"SearchAction","target":{"@type":"EntryPoint","urlTemplate":"https:\/\/radioljubuski.ba\/?s={search_term_string}"},"query-input":{"@type":"PropertyValueSpecification","valueRequired":true,"valueName":"search_term_string"}}],"inLanguage":"hr"},{"@type":"Organization","@id":"https:\/\/radioljubuski.ba\/#organization","name":"Radio Ljubu\u0161ki","url":"https:\/\/radioljubuski.ba\/","logo":{"@type":"ImageObject","inLanguage":"hr","@id":"https:\/\/radioljubuski.ba\/#\/schema\/logo\/image\/","url":"https:\/\/radioljubuski.ba\/wp-content\/uploads\/2021\/02\/cropped-Radio_Ljubuski_logo1.jpg","contentUrl":"https:\/\/radioljubuski.ba\/wp-content\/uploads\/2021\/02\/cropped-Radio_Ljubuski_logo1.jpg","width":512,"height":512,"caption":"Radio Ljubu\u0161ki"},"image":{"@id":"https:\/\/radioljubuski.ba\/#\/schema\/logo\/image\/"},"sameAs":["https:\/\/www.facebook.com\/Radiio-Ljubuski-1490835324566332","https:\/\/x.com\/radioljubuski","https:\/\/hr.linkedin.com\/company\/radio-ljubuski","https:\/\/www.youtube.com\/channel\/UCHYaeO_n0Db3tjNGudGpXyw"]},{"@type":"Person","@id":"https:\/\/radioljubuski.ba\/#\/schema\/person\/19fc700381a780f69665d7956c469e3b","name":"Radio Ljubu\u0161ki"}]}},"_links":{"self":[{"href":"https:\/\/radioljubuski.ba\/index.php\/wp-json\/wp\/v2\/posts\/131101","targetHints":{"allow":["GET"]}}],"collection":[{"href":"https:\/\/radioljubuski.ba\/index.php\/wp-json\/wp\/v2\/posts"}],"about":[{"href":"https:\/\/radioljubuski.ba\/index.php\/wp-json\/wp\/v2\/types\/post"}],"author":[{"embeddable":true,"href":"https:\/\/radioljubuski.ba\/index.php\/wp-json\/wp\/v2\/users\/2"}],"replies":[{"embeddable":true,"href":"https:\/\/radioljubuski.ba\/index.php\/wp-json\/wp\/v2\/comments?post=131101"}],"version-history":[{"count":1,"href":"https:\/\/radioljubuski.ba\/index.php\/wp-json\/wp\/v2\/posts\/131101\/revisions"}],"predecessor-version":[{"id":131102,"href":"https:\/\/radioljubuski.ba\/index.php\/wp-json\/wp\/v2\/posts\/131101\/revisions\/131102"}],"wp:featuredmedia":[{"embeddable":true,"href":"https:\/\/radioljubuski.ba\/index.php\/wp-json\/wp\/v2\/media\/52605"}],"wp:attachment":[{"href":"https:\/\/radioljubuski.ba\/index.php\/wp-json\/wp\/v2\/media?parent=131101"}],"wp:term":[{"taxonomy":"category","embeddable":true,"href":"https:\/\/radioljubuski.ba\/index.php\/wp-json\/wp\/v2\/categories?post=131101"},{"taxonomy":"post_tag","embeddable":true,"href":"https:\/\/radioljubuski.ba\/index.php\/wp-json\/wp\/v2\/tags?post=131101"}],"curies":[{"name":"wp","href":"https:\/\/api.w.org\/{rel}","templated":true}]}}