{"id":131109,"date":"2022-04-10T21:52:43","date_gmt":"2022-04-10T20:52:43","guid":{"rendered":"https:\/\/radioljubuski.ba\/?p=131109"},"modified":"2022-04-10T21:52:45","modified_gmt":"2022-04-10T20:52:45","slug":"djecak-s-downovim-sindromom-odlutao-od-kuce-cuvao-ga-vjerni-njemacki-ovcar","status":"publish","type":"post","link":"https:\/\/radioljubuski.ba\/index.php\/2022\/04\/10\/djecak-s-downovim-sindromom-odlutao-od-kuce-cuvao-ga-vjerni-njemacki-ovcar\/","title":{"rendered":"Dje\u010dak s Downovim sindromom odlutao od ku\u0107e, \u010duvao ga vjerni njema\u010dki ov\u010dar"},"content":{"rendered":"\n<p>Poznato je da su psi vrlo odani i bri\u017eni \u010duvari, no pri\u010da o njema\u010dkom ov\u010daru imena Alejandro ipak je ne\u0161to posebno. Alejandro je slijedio Josea, petogodi\u0161njaka s Downovim sindromom, koji je odlutao od ku\u0107e, i \u010duvao ga sve dok malog dje\u010daka nije prona\u0161la policija.<\/p>\n\n\n\n<p>Prema rije\u010dima Joseove majke, njih su dvoje tog popodneva, 2. travnja, skupa zaspali. Kad se probudila, shvatila je da dje\u010daka nema. Dje\u010dak se zaputio u nepoznato i odlutao kilometar daleko od svoje ku\u0107e, pi\u0161e\u00a0<a href=\"https:\/\/www.index.hr\/ljubimci\/clanak\/djecak-s-downovim-sindromom-odlutao-od-kuce-cuvao-ga-vjerni-njemacki-ovcar\/2354930.aspx?index_ref=naslovnica_magazin_najnovije_d\" target=\"_blank\" rel=\"noreferrer noopener\">Index<\/a>.<\/p>\n\n\n\n<blockquote class=\"twitter-tweet\"><p lang=\"en\" dir=\"ltr\">Here\u2019s another photo of Alejandro keeping a close eye on Jose. Jose had wondered off into the train tracks Saturday morning. They walked through very thick tall brushes. An incredible story. <a href=\"https:\/\/twitter.com\/hashtag\/OfficersInAction?src=hash&amp;ref_src=twsrc%5Etfw\">#OfficersInAction<\/a> <a href=\"https:\/\/twitter.com\/hashtag\/Houston?src=hash&amp;ref_src=twsrc%5Etfw\">#Houston<\/a> <a href=\"https:\/\/twitter.com\/hashtag\/Safety?src=hash&amp;ref_src=twsrc%5Etfw\">#Safety<\/a> <a href=\"https:\/\/twitter.com\/hashtag\/Alejandro?src=hash&amp;ref_src=twsrc%5Etfw\">#Alejandro<\/a> <a href=\"https:\/\/twitter.com\/hashtag\/DogsofTwittter?src=hash&amp;ref_src=twsrc%5Etfw\">#DogsofTwittter<\/a> <a href=\"https:\/\/t.co\/S9K1gJFePk\">pic.twitter.com\/S9K1gJFePk<\/a><\/p>&mdash; SergeantSalas (@OfficerSalas) <a href=\"https:\/\/twitter.com\/OfficerSalas\/status\/1511091886789955587?ref_src=twsrc%5Etfw\">April 4, 2022<\/a><\/blockquote> <script async src=\"https:\/\/platform.twitter.com\/widgets.js\" charset=\"utf-8\"><\/script>\n\n\n\n<p>Sre\u0107om, pratio ga je vjerni Alejandro. Izgubljenog dje\u010daka i njegovog psa uo\u010dili su slu\u010dajni prolaznici i pozvali policiju. Jedan od policajaca koji ih je prona\u0161ao na svom je Twitteru napisao: &#8220;Jedan mi je \u010dovjek rekao da je s dje\u010dakom i pas. On ga je pratio. Taj pas je njegov \u010duvar i njegov an\u0111eo.&#8221;<\/p>\n\n\n\n<p>Dodao je i kako se \u010dini da je pas dobro znao da dijete ne bi trebalo samo lutati naokolo pa ga je zato i slijedio. &#8220;Bio je jako za\u0161titni\u010dki nastrojen i nije ga ni trena ispu\u0161ta iz vida&#8221;, rekao je policajac, dodav\u0161i kako je pas, kad su dje\u010daka posjeli u policijsko vozilo, odmah usko\u010dio na stra\u017enje sjedalo.<\/p>\n\n\n\n<p>Dje\u010dakova je sestra izjavila kako je pas uvijek bio takav: &#8220;Bio je za\u0161titni\u010dki nastrojen otkad smo ga dobili, otkad je bio \u0161tene. Uop\u0107e nisam iznena\u0111ena \u0161to je pratio Josea.&#8221;<\/p>\n\n\n\n<blockquote class=\"twitter-tweet\"><p lang=\"en\" dir=\"ltr\">Ohh my God y\u2019all, I have to tell y\u2019all this incredible story. This morning we got several 911 calls of a 3 year old boy walking on the railroad tracks with a dog alone. When I arrived, I carried the little boy and tried asking him questions. I could tell he had Down syndrome. 1\/5 <a href=\"https:\/\/t.co\/JFuv9YLrrg\">pic.twitter.com\/JFuv9YLrrg<\/a><\/p>&mdash; SergeantSalas (@OfficerSalas) <a href=\"https:\/\/twitter.com\/OfficerSalas\/status\/1510367234908205057?ref_src=twsrc%5Etfw\">April 2, 2022<\/a><\/blockquote> <script async src=\"https:\/\/platform.twitter.com\/widgets.js\" charset=\"utf-8\"><\/script>\n\n\n\n<p>Izvor:index.hr<\/p>\n","protected":false},"excerpt":{"rendered":"<p>Poznato je da su psi vrlo odani i bri\u017eni \u010duvari, no pri\u010da o njema\u010dkom ov\u010daru imena Alejandro ipak je ne\u0161to posebno. Alejandro je slijedio Josea, petogodi\u0161njaka s Downovim sindromom, koji je odlutao od ku\u0107e, i \u010duvao ga sve dok malog dje\u010daka nije prona\u0161la policija. Prema rije\u010dima Joseove majke, njih su dvoje tog popodneva, 2. travnja, [&hellip;]<\/p>\n","protected":false},"author":2,"featured_media":131110,"comment_status":"closed","ping_status":"closed","sticky":false,"template":"","format":"standard","meta":{"h5ap_radio_sources":[],"footnotes":""},"categories":[1],"tags":[],"class_list":["post-131109","post","type-post","status-publish","format-standard","has-post-thumbnail","hentry","category-bihiregija"],"yoast_head":"<!-- This site is optimized with the Yoast SEO plugin v27.5 - https:\/\/yoast.com\/product\/yoast-seo-wordpress\/ -->\n<title>Dje\u010dak s Downovim sindromom odlutao od ku\u0107e, \u010duvao ga vjerni njema\u010dki ov\u010dar - RADIO LJUBU\u0160KI<\/title>\n<meta name=\"robots\" content=\"index, follow, max-snippet:-1, max-image-preview:large, max-video-preview:-1\" \/>\n<link rel=\"canonical\" href=\"https:\/\/radioljubuski.ba\/index.php\/2022\/04\/10\/djecak-s-downovim-sindromom-odlutao-od-kuce-cuvao-ga-vjerni-njemacki-ovcar\/\" \/>\n<meta property=\"og:locale\" content=\"hr_HR\" \/>\n<meta property=\"og:type\" content=\"article\" \/>\n<meta property=\"og:title\" content=\"Dje\u010dak s Downovim sindromom odlutao od ku\u0107e, \u010duvao ga vjerni njema\u010dki ov\u010dar - RADIO LJUBU\u0160KI\" \/>\n<meta property=\"og:description\" content=\"Poznato je da su psi vrlo odani i bri\u017eni \u010duvari, no pri\u010da o njema\u010dkom ov\u010daru imena Alejandro ipak je ne\u0161to posebno. Alejandro je slijedio Josea, petogodi\u0161njaka s Downovim sindromom, koji je odlutao od ku\u0107e, i \u010duvao ga sve dok malog dje\u010daka nije prona\u0161la policija. Prema rije\u010dima Joseove majke, njih su dvoje tog popodneva, 2. travnja, [&hellip;]\" \/>\n<meta property=\"og:url\" content=\"https:\/\/radioljubuski.ba\/index.php\/2022\/04\/10\/djecak-s-downovim-sindromom-odlutao-od-kuce-cuvao-ga-vjerni-njemacki-ovcar\/\" \/>\n<meta property=\"og:site_name\" content=\"RADIO LJUBU\u0160KI\" \/>\n<meta property=\"article:publisher\" content=\"https:\/\/www.facebook.com\/Radiio-Ljubuski-1490835324566332\" \/>\n<meta property=\"article:published_time\" content=\"2022-04-10T20:52:43+00:00\" \/>\n<meta property=\"article:modified_time\" content=\"2022-04-10T20:52:45+00:00\" \/>\n<meta property=\"og:image\" content=\"https:\/\/radioljubuski.ba\/wp-content\/uploads\/2022\/04\/8-2022-04-10-12-02-41-djecak-i-pas.jpg\" \/>\n\t<meta property=\"og:image:width\" content=\"1000\" \/>\n\t<meta property=\"og:image:height\" content=\"625\" \/>\n\t<meta property=\"og:image:type\" content=\"image\/jpeg\" \/>\n<meta name=\"author\" content=\"Radio Ljubu\u0161ki\" \/>\n<meta name=\"twitter:card\" content=\"summary_large_image\" \/>\n<meta name=\"twitter:creator\" content=\"@radioljubuski\" \/>\n<meta name=\"twitter:site\" content=\"@radioljubuski\" \/>\n<meta name=\"twitter:label1\" content=\"Napisao\/la\" \/>\n\t<meta name=\"twitter:data1\" content=\"Radio Ljubu\u0161ki\" \/>\n\t<meta name=\"twitter:label2\" content=\"Procijenjeno vrijeme \u010ditanja\" \/>\n\t<meta name=\"twitter:data2\" content=\"2 minute\" \/>\n<script type=\"application\/ld+json\" class=\"yoast-schema-graph\">{\"@context\":\"https:\\\/\\\/schema.org\",\"@graph\":[{\"@type\":\"Article\",\"@id\":\"https:\\\/\\\/radioljubuski.ba\\\/index.php\\\/2022\\\/04\\\/10\\\/djecak-s-downovim-sindromom-odlutao-od-kuce-cuvao-ga-vjerni-njemacki-ovcar\\\/#article\",\"isPartOf\":{\"@id\":\"https:\\\/\\\/radioljubuski.ba\\\/index.php\\\/2022\\\/04\\\/10\\\/djecak-s-downovim-sindromom-odlutao-od-kuce-cuvao-ga-vjerni-njemacki-ovcar\\\/\"},\"author\":{\"name\":\"Radio Ljubu\u0161ki\",\"@id\":\"https:\\\/\\\/radioljubuski.ba\\\/#\\\/schema\\\/person\\\/19fc700381a780f69665d7956c469e3b\"},\"headline\":\"Dje\u010dak s Downovim sindromom odlutao od ku\u0107e, \u010duvao ga vjerni njema\u010dki ov\u010dar\",\"datePublished\":\"2022-04-10T20:52:43+00:00\",\"dateModified\":\"2022-04-10T20:52:45+00:00\",\"mainEntityOfPage\":{\"@id\":\"https:\\\/\\\/radioljubuski.ba\\\/index.php\\\/2022\\\/04\\\/10\\\/djecak-s-downovim-sindromom-odlutao-od-kuce-cuvao-ga-vjerni-njemacki-ovcar\\\/\"},\"wordCount\":379,\"publisher\":{\"@id\":\"https:\\\/\\\/radioljubuski.ba\\\/#organization\"},\"image\":{\"@id\":\"https:\\\/\\\/radioljubuski.ba\\\/index.php\\\/2022\\\/04\\\/10\\\/djecak-s-downovim-sindromom-odlutao-od-kuce-cuvao-ga-vjerni-njemacki-ovcar\\\/#primaryimage\"},\"thumbnailUrl\":\"https:\\\/\\\/radioljubuski.ba\\\/wp-content\\\/uploads\\\/2022\\\/04\\\/8-2022-04-10-12-02-41-djecak-i-pas.jpg\",\"articleSection\":[\"BIH i regija\"],\"inLanguage\":\"hr\"},{\"@type\":\"WebPage\",\"@id\":\"https:\\\/\\\/radioljubuski.ba\\\/index.php\\\/2022\\\/04\\\/10\\\/djecak-s-downovim-sindromom-odlutao-od-kuce-cuvao-ga-vjerni-njemacki-ovcar\\\/\",\"url\":\"https:\\\/\\\/radioljubuski.ba\\\/index.php\\\/2022\\\/04\\\/10\\\/djecak-s-downovim-sindromom-odlutao-od-kuce-cuvao-ga-vjerni-njemacki-ovcar\\\/\",\"name\":\"Dje\u010dak s Downovim sindromom odlutao od ku\u0107e, \u010duvao ga vjerni njema\u010dki ov\u010dar - RADIO LJUBU\u0160KI\",\"isPartOf\":{\"@id\":\"https:\\\/\\\/radioljubuski.ba\\\/#website\"},\"primaryImageOfPage\":{\"@id\":\"https:\\\/\\\/radioljubuski.ba\\\/index.php\\\/2022\\\/04\\\/10\\\/djecak-s-downovim-sindromom-odlutao-od-kuce-cuvao-ga-vjerni-njemacki-ovcar\\\/#primaryimage\"},\"image\":{\"@id\":\"https:\\\/\\\/radioljubuski.ba\\\/index.php\\\/2022\\\/04\\\/10\\\/djecak-s-downovim-sindromom-odlutao-od-kuce-cuvao-ga-vjerni-njemacki-ovcar\\\/#primaryimage\"},\"thumbnailUrl\":\"https:\\\/\\\/radioljubuski.ba\\\/wp-content\\\/uploads\\\/2022\\\/04\\\/8-2022-04-10-12-02-41-djecak-i-pas.jpg\",\"datePublished\":\"2022-04-10T20:52:43+00:00\",\"dateModified\":\"2022-04-10T20:52:45+00:00\",\"breadcrumb\":{\"@id\":\"https:\\\/\\\/radioljubuski.ba\\\/index.php\\\/2022\\\/04\\\/10\\\/djecak-s-downovim-sindromom-odlutao-od-kuce-cuvao-ga-vjerni-njemacki-ovcar\\\/#breadcrumb\"},\"inLanguage\":\"hr\",\"potentialAction\":[{\"@type\":\"ReadAction\",\"target\":[\"https:\\\/\\\/radioljubuski.ba\\\/index.php\\\/2022\\\/04\\\/10\\\/djecak-s-downovim-sindromom-odlutao-od-kuce-cuvao-ga-vjerni-njemacki-ovcar\\\/\"]}]},{\"@type\":\"ImageObject\",\"inLanguage\":\"hr\",\"@id\":\"https:\\\/\\\/radioljubuski.ba\\\/index.php\\\/2022\\\/04\\\/10\\\/djecak-s-downovim-sindromom-odlutao-od-kuce-cuvao-ga-vjerni-njemacki-ovcar\\\/#primaryimage\",\"url\":\"https:\\\/\\\/radioljubuski.ba\\\/wp-content\\\/uploads\\\/2022\\\/04\\\/8-2022-04-10-12-02-41-djecak-i-pas.jpg\",\"contentUrl\":\"https:\\\/\\\/radioljubuski.ba\\\/wp-content\\\/uploads\\\/2022\\\/04\\\/8-2022-04-10-12-02-41-djecak-i-pas.jpg\",\"width\":1000,\"height\":625},{\"@type\":\"BreadcrumbList\",\"@id\":\"https:\\\/\\\/radioljubuski.ba\\\/index.php\\\/2022\\\/04\\\/10\\\/djecak-s-downovim-sindromom-odlutao-od-kuce-cuvao-ga-vjerni-njemacki-ovcar\\\/#breadcrumb\",\"itemListElement\":[{\"@type\":\"ListItem\",\"position\":1,\"name\":\"Po\u010detna stranica\",\"item\":\"https:\\\/\\\/radioljubuski.ba\\\/\"},{\"@type\":\"ListItem\",\"position\":2,\"name\":\"Dje\u010dak s Downovim sindromom odlutao od ku\u0107e, \u010duvao ga vjerni njema\u010dki ov\u010dar\"}]},{\"@type\":\"WebSite\",\"@id\":\"https:\\\/\\\/radioljubuski.ba\\\/#website\",\"url\":\"https:\\\/\\\/radioljubuski.ba\\\/\",\"name\":\"Radio Ljubu\u0161ki\",\"description\":\"Sun\u010dana frekvencija Hercegovine\",\"publisher\":{\"@id\":\"https:\\\/\\\/radioljubuski.ba\\\/#organization\"},\"potentialAction\":[{\"@type\":\"SearchAction\",\"target\":{\"@type\":\"EntryPoint\",\"urlTemplate\":\"https:\\\/\\\/radioljubuski.ba\\\/?s={search_term_string}\"},\"query-input\":{\"@type\":\"PropertyValueSpecification\",\"valueRequired\":true,\"valueName\":\"search_term_string\"}}],\"inLanguage\":\"hr\"},{\"@type\":\"Organization\",\"@id\":\"https:\\\/\\\/radioljubuski.ba\\\/#organization\",\"name\":\"Radio Ljubu\u0161ki\",\"url\":\"https:\\\/\\\/radioljubuski.ba\\\/\",\"logo\":{\"@type\":\"ImageObject\",\"inLanguage\":\"hr\",\"@id\":\"https:\\\/\\\/radioljubuski.ba\\\/#\\\/schema\\\/logo\\\/image\\\/\",\"url\":\"https:\\\/\\\/radioljubuski.ba\\\/wp-content\\\/uploads\\\/2021\\\/02\\\/cropped-Radio_Ljubuski_logo1.jpg\",\"contentUrl\":\"https:\\\/\\\/radioljubuski.ba\\\/wp-content\\\/uploads\\\/2021\\\/02\\\/cropped-Radio_Ljubuski_logo1.jpg\",\"width\":512,\"height\":512,\"caption\":\"Radio Ljubu\u0161ki\"},\"image\":{\"@id\":\"https:\\\/\\\/radioljubuski.ba\\\/#\\\/schema\\\/logo\\\/image\\\/\"},\"sameAs\":[\"https:\\\/\\\/www.facebook.com\\\/Radiio-Ljubuski-1490835324566332\",\"https:\\\/\\\/x.com\\\/radioljubuski\",\"https:\\\/\\\/hr.linkedin.com\\\/company\\\/radio-ljubuski\",\"https:\\\/\\\/www.youtube.com\\\/channel\\\/UCHYaeO_n0Db3tjNGudGpXyw\"]},{\"@type\":\"Person\",\"@id\":\"https:\\\/\\\/radioljubuski.ba\\\/#\\\/schema\\\/person\\\/19fc700381a780f69665d7956c469e3b\",\"name\":\"Radio Ljubu\u0161ki\"}]}<\/script>\n<!-- \/ Yoast SEO plugin. -->","yoast_head_json":{"title":"Dje\u010dak s Downovim sindromom odlutao od ku\u0107e, \u010duvao ga vjerni njema\u010dki ov\u010dar - RADIO LJUBU\u0160KI","robots":{"index":"index","follow":"follow","max-snippet":"max-snippet:-1","max-image-preview":"max-image-preview:large","max-video-preview":"max-video-preview:-1"},"canonical":"https:\/\/radioljubuski.ba\/index.php\/2022\/04\/10\/djecak-s-downovim-sindromom-odlutao-od-kuce-cuvao-ga-vjerni-njemacki-ovcar\/","og_locale":"hr_HR","og_type":"article","og_title":"Dje\u010dak s Downovim sindromom odlutao od ku\u0107e, \u010duvao ga vjerni njema\u010dki ov\u010dar - RADIO LJUBU\u0160KI","og_description":"Poznato je da su psi vrlo odani i bri\u017eni \u010duvari, no pri\u010da o njema\u010dkom ov\u010daru imena Alejandro ipak je ne\u0161to posebno. Alejandro je slijedio Josea, petogodi\u0161njaka s Downovim sindromom, koji je odlutao od ku\u0107e, i \u010duvao ga sve dok malog dje\u010daka nije prona\u0161la policija. Prema rije\u010dima Joseove majke, njih su dvoje tog popodneva, 2. travnja, [&hellip;]","og_url":"https:\/\/radioljubuski.ba\/index.php\/2022\/04\/10\/djecak-s-downovim-sindromom-odlutao-od-kuce-cuvao-ga-vjerni-njemacki-ovcar\/","og_site_name":"RADIO LJUBU\u0160KI","article_publisher":"https:\/\/www.facebook.com\/Radiio-Ljubuski-1490835324566332","article_published_time":"2022-04-10T20:52:43+00:00","article_modified_time":"2022-04-10T20:52:45+00:00","og_image":[{"width":1000,"height":625,"url":"https:\/\/radioljubuski.ba\/wp-content\/uploads\/2022\/04\/8-2022-04-10-12-02-41-djecak-i-pas.jpg","type":"image\/jpeg"}],"author":"Radio Ljubu\u0161ki","twitter_card":"summary_large_image","twitter_creator":"@radioljubuski","twitter_site":"@radioljubuski","twitter_misc":{"Napisao\/la":"Radio Ljubu\u0161ki","Procijenjeno vrijeme \u010ditanja":"2 minute"},"schema":{"@context":"https:\/\/schema.org","@graph":[{"@type":"Article","@id":"https:\/\/radioljubuski.ba\/index.php\/2022\/04\/10\/djecak-s-downovim-sindromom-odlutao-od-kuce-cuvao-ga-vjerni-njemacki-ovcar\/#article","isPartOf":{"@id":"https:\/\/radioljubuski.ba\/index.php\/2022\/04\/10\/djecak-s-downovim-sindromom-odlutao-od-kuce-cuvao-ga-vjerni-njemacki-ovcar\/"},"author":{"name":"Radio Ljubu\u0161ki","@id":"https:\/\/radioljubuski.ba\/#\/schema\/person\/19fc700381a780f69665d7956c469e3b"},"headline":"Dje\u010dak s Downovim sindromom odlutao od ku\u0107e, \u010duvao ga vjerni njema\u010dki ov\u010dar","datePublished":"2022-04-10T20:52:43+00:00","dateModified":"2022-04-10T20:52:45+00:00","mainEntityOfPage":{"@id":"https:\/\/radioljubuski.ba\/index.php\/2022\/04\/10\/djecak-s-downovim-sindromom-odlutao-od-kuce-cuvao-ga-vjerni-njemacki-ovcar\/"},"wordCount":379,"publisher":{"@id":"https:\/\/radioljubuski.ba\/#organization"},"image":{"@id":"https:\/\/radioljubuski.ba\/index.php\/2022\/04\/10\/djecak-s-downovim-sindromom-odlutao-od-kuce-cuvao-ga-vjerni-njemacki-ovcar\/#primaryimage"},"thumbnailUrl":"https:\/\/radioljubuski.ba\/wp-content\/uploads\/2022\/04\/8-2022-04-10-12-02-41-djecak-i-pas.jpg","articleSection":["BIH i regija"],"inLanguage":"hr"},{"@type":"WebPage","@id":"https:\/\/radioljubuski.ba\/index.php\/2022\/04\/10\/djecak-s-downovim-sindromom-odlutao-od-kuce-cuvao-ga-vjerni-njemacki-ovcar\/","url":"https:\/\/radioljubuski.ba\/index.php\/2022\/04\/10\/djecak-s-downovim-sindromom-odlutao-od-kuce-cuvao-ga-vjerni-njemacki-ovcar\/","name":"Dje\u010dak s Downovim sindromom odlutao od ku\u0107e, \u010duvao ga vjerni njema\u010dki ov\u010dar - RADIO LJUBU\u0160KI","isPartOf":{"@id":"https:\/\/radioljubuski.ba\/#website"},"primaryImageOfPage":{"@id":"https:\/\/radioljubuski.ba\/index.php\/2022\/04\/10\/djecak-s-downovim-sindromom-odlutao-od-kuce-cuvao-ga-vjerni-njemacki-ovcar\/#primaryimage"},"image":{"@id":"https:\/\/radioljubuski.ba\/index.php\/2022\/04\/10\/djecak-s-downovim-sindromom-odlutao-od-kuce-cuvao-ga-vjerni-njemacki-ovcar\/#primaryimage"},"thumbnailUrl":"https:\/\/radioljubuski.ba\/wp-content\/uploads\/2022\/04\/8-2022-04-10-12-02-41-djecak-i-pas.jpg","datePublished":"2022-04-10T20:52:43+00:00","dateModified":"2022-04-10T20:52:45+00:00","breadcrumb":{"@id":"https:\/\/radioljubuski.ba\/index.php\/2022\/04\/10\/djecak-s-downovim-sindromom-odlutao-od-kuce-cuvao-ga-vjerni-njemacki-ovcar\/#breadcrumb"},"inLanguage":"hr","potentialAction":[{"@type":"ReadAction","target":["https:\/\/radioljubuski.ba\/index.php\/2022\/04\/10\/djecak-s-downovim-sindromom-odlutao-od-kuce-cuvao-ga-vjerni-njemacki-ovcar\/"]}]},{"@type":"ImageObject","inLanguage":"hr","@id":"https:\/\/radioljubuski.ba\/index.php\/2022\/04\/10\/djecak-s-downovim-sindromom-odlutao-od-kuce-cuvao-ga-vjerni-njemacki-ovcar\/#primaryimage","url":"https:\/\/radioljubuski.ba\/wp-content\/uploads\/2022\/04\/8-2022-04-10-12-02-41-djecak-i-pas.jpg","contentUrl":"https:\/\/radioljubuski.ba\/wp-content\/uploads\/2022\/04\/8-2022-04-10-12-02-41-djecak-i-pas.jpg","width":1000,"height":625},{"@type":"BreadcrumbList","@id":"https:\/\/radioljubuski.ba\/index.php\/2022\/04\/10\/djecak-s-downovim-sindromom-odlutao-od-kuce-cuvao-ga-vjerni-njemacki-ovcar\/#breadcrumb","itemListElement":[{"@type":"ListItem","position":1,"name":"Po\u010detna stranica","item":"https:\/\/radioljubuski.ba\/"},{"@type":"ListItem","position":2,"name":"Dje\u010dak s Downovim sindromom odlutao od ku\u0107e, \u010duvao ga vjerni njema\u010dki ov\u010dar"}]},{"@type":"WebSite","@id":"https:\/\/radioljubuski.ba\/#website","url":"https:\/\/radioljubuski.ba\/","name":"Radio Ljubu\u0161ki","description":"Sun\u010dana frekvencija Hercegovine","publisher":{"@id":"https:\/\/radioljubuski.ba\/#organization"},"potentialAction":[{"@type":"SearchAction","target":{"@type":"EntryPoint","urlTemplate":"https:\/\/radioljubuski.ba\/?s={search_term_string}"},"query-input":{"@type":"PropertyValueSpecification","valueRequired":true,"valueName":"search_term_string"}}],"inLanguage":"hr"},{"@type":"Organization","@id":"https:\/\/radioljubuski.ba\/#organization","name":"Radio Ljubu\u0161ki","url":"https:\/\/radioljubuski.ba\/","logo":{"@type":"ImageObject","inLanguage":"hr","@id":"https:\/\/radioljubuski.ba\/#\/schema\/logo\/image\/","url":"https:\/\/radioljubuski.ba\/wp-content\/uploads\/2021\/02\/cropped-Radio_Ljubuski_logo1.jpg","contentUrl":"https:\/\/radioljubuski.ba\/wp-content\/uploads\/2021\/02\/cropped-Radio_Ljubuski_logo1.jpg","width":512,"height":512,"caption":"Radio Ljubu\u0161ki"},"image":{"@id":"https:\/\/radioljubuski.ba\/#\/schema\/logo\/image\/"},"sameAs":["https:\/\/www.facebook.com\/Radiio-Ljubuski-1490835324566332","https:\/\/x.com\/radioljubuski","https:\/\/hr.linkedin.com\/company\/radio-ljubuski","https:\/\/www.youtube.com\/channel\/UCHYaeO_n0Db3tjNGudGpXyw"]},{"@type":"Person","@id":"https:\/\/radioljubuski.ba\/#\/schema\/person\/19fc700381a780f69665d7956c469e3b","name":"Radio Ljubu\u0161ki"}]}},"_links":{"self":[{"href":"https:\/\/radioljubuski.ba\/index.php\/wp-json\/wp\/v2\/posts\/131109","targetHints":{"allow":["GET"]}}],"collection":[{"href":"https:\/\/radioljubuski.ba\/index.php\/wp-json\/wp\/v2\/posts"}],"about":[{"href":"https:\/\/radioljubuski.ba\/index.php\/wp-json\/wp\/v2\/types\/post"}],"author":[{"embeddable":true,"href":"https:\/\/radioljubuski.ba\/index.php\/wp-json\/wp\/v2\/users\/2"}],"replies":[{"embeddable":true,"href":"https:\/\/radioljubuski.ba\/index.php\/wp-json\/wp\/v2\/comments?post=131109"}],"version-history":[{"count":1,"href":"https:\/\/radioljubuski.ba\/index.php\/wp-json\/wp\/v2\/posts\/131109\/revisions"}],"predecessor-version":[{"id":131111,"href":"https:\/\/radioljubuski.ba\/index.php\/wp-json\/wp\/v2\/posts\/131109\/revisions\/131111"}],"wp:featuredmedia":[{"embeddable":true,"href":"https:\/\/radioljubuski.ba\/index.php\/wp-json\/wp\/v2\/media\/131110"}],"wp:attachment":[{"href":"https:\/\/radioljubuski.ba\/index.php\/wp-json\/wp\/v2\/media?parent=131109"}],"wp:term":[{"taxonomy":"category","embeddable":true,"href":"https:\/\/radioljubuski.ba\/index.php\/wp-json\/wp\/v2\/categories?post=131109"},{"taxonomy":"post_tag","embeddable":true,"href":"https:\/\/radioljubuski.ba\/index.php\/wp-json\/wp\/v2\/tags?post=131109"}],"curies":[{"name":"wp","href":"https:\/\/api.w.org\/{rel}","templated":true}]}}