{"id":131112,"date":"2022-04-10T21:53:46","date_gmt":"2022-04-10T20:53:46","guid":{"rendered":"https:\/\/radioljubuski.ba\/?p=131112"},"modified":"2022-04-10T21:53:46","modified_gmt":"2022-04-10T20:53:46","slug":"promotivna-biciklijada-ciro-iz-ravnog-do-trebinja-odgodena-za-8-svibnja","status":"publish","type":"post","link":"https:\/\/radioljubuski.ba\/index.php\/2022\/04\/10\/promotivna-biciklijada-ciro-iz-ravnog-do-trebinja-odgodena-za-8-svibnja\/","title":{"rendered":"Promotivna biciklijada &#8216;\u0106iro&#8217; iz Ravnog do Trebinja odgo\u0111ena za 8. svibnja"},"content":{"rendered":"\n<p>Odgo\u0111ena je promotivna biciklijada, koja se u okviru projekta &#8220;\u0106iro II&#8221;, trebala odr\u017eati danas, 10. travnja, sa vrhom promocije turizma na otvorenom du\u017e stare \u017eeljezni\u010dke pruge koja povezuje Ravno i Trebinje.<\/p>\n\n\n\n<p>Kako je za Fenu izjavio Toni Zori\u0107, predsjednik HerzegovinaBike, biciklijada je prolongirana za 8. svibnja zbog vremenskih prilika, odnosno neprilika koje su najavljene za ovu nedjelju.<\/p>\n\n\n\n<p>On je uvjerenja kako \u0107e mnogi biciklisti iz zemalja regije u spomenutoga datuma posjetiti Hercegovinu i u\u017eivati u lijepom vremenu. O\u010dekuje kao i prethodnih godina do 200 sudionika, biciklista kojima \u0107e biti predstavljene sve kulturne i povijesne znamenitosti koje \u0106irina trasa ima za ponuditi. &nbsp;<\/p>\n\n\n\n<p>Podsje\u0107amo, biciklijada du\u017eine 90 km kru\u017enog je tipa sa startom i ciljem u Ravnom, a tijekom koje slijedi obilazak starih i napu\u0161tenih \u0106irinih stanica, \u0106irine makete u Trebinju, kao i starog grada Trebinja uz vodi\u010de.<\/p>\n\n\n\n<p>Tako\u0111er, planirano je da biciklisti obi\u0111u Hercegova\u010dku ku\u0107u, nakon \u010dega slijedi povratak u Ravno.<\/p>\n\n\n\n<p>Stara uskotra\u010dna \u017eeljeznica \u0106iro u svoje vrijeme bila je pruga koja \u017eivot zna\u010di za narode s podru\u010dja Hrvatske, BiH i Crne Gore. Pre\u017eivjela je \u010dak 5 razli\u010ditih dr\u017eavnih ure\u0111enja da bi krajem 1970-ih progla\u0161ena neprofitabilnom i u kona\u010dnici ukinuta. Ubrzo nakon ukidanja ostaci \u017eeljezni\u010dke infrastrukture su nestali ili propali, a paralelno s ga\u0161enjem pruge polako se i iseljavao narod s ovim prostora&#8230;.Danas, \u0106iro pruga predstavlja najve\u0107u cikloturisti\u010dku ponudu Hercegovine, podsjetili su ranije organizatori.<\/p>\n\n\n\n<p>Biciklijadu \u0106irinom prugom, u sklopu projekta &#8220;\u0106IRO II, organizira Udruga &#8220;HerzegovinaBike&#8221; uz podr\u0161ku biciklisti\u010dkih klubova &#8220;Vu\u010dji zub&#8221; i &#8220;Leotar&#8221;. &nbsp;&nbsp;<\/p>\n\n\n\n<p>Projekt CIRO II \u2013 &#8220;Prekograni\u010dna tematska turisti\u010dka destinacija: Stara uskotra\u010dna \u017eeljeznica \u0106IRO&#8221; financira Europska unija u okviru Interreg IPA Programa prekograni\u010dne suradnje Hrvatska \u2013 Bosna i Hercegovina \u2013 Crna Gora 2014.-2020. Projekt se provodi u suradnji tri partnera iz Bosne i Hercegovine, Hrvatske i Crne Gore s Op\u0107inom Ravno kao vode\u0107im partnerom. Projekt je sufinanciran sredstvima EFRR i IPA II fondova Europske unije.<\/p>\n\n\n\n<p>Rije\u010d je o projektu pod nazivom Cross-border Thematic Tourism Destination: Old Narrow Gauge Railway \u0106IRO\/\u0106IRO II, koji je Op\u0107ina Ravno, kao glavni partner, provodila u partnerstvu s Op\u0107inom Konavle (HR) i Agencijom za izgradnju i razvoj Herceg Novi d.o.o (CG). Ukupna vrijednost projekta iznosi 1.770.362,68 eura od \u010dega je Europska unija finacirala 85 posto ukupnog prora\u010duna, odnosno 1.504.808,26 eura.<\/p>\n\n\n\n<p>Kroz projekt su se nastavili infrastrukturni radovi na \u0106irinoj stazi, uz instalaciju prate\u0107ih objekata, oja\u010dalo se prekograni\u010dno partnerstvo i u\u010dinkovito upravljanje, te se odr\u017eavaju nova biciklisti\u010dka dru\u017eenja, a sve s ciljem pove\u0107anja dolazaka inozemnih turista i produ\u017eavanju njihovog boravka, ne samo na putu \u0106IRO, ve\u0107 i na \u0161irem podru\u010dju Hercegovine, Dubrova\u010dko-neretvanskoj \u017eupaniji i uvali Boka-Kotorskoj.<\/p>\n\n\n\n<p>Izvor:pogled.ba<\/p>\n","protected":false},"excerpt":{"rendered":"<p>Odgo\u0111ena je promotivna biciklijada, koja se u okviru projekta &#8220;\u0106iro II&#8221;, trebala odr\u017eati danas, 10. travnja, sa vrhom promocije turizma na otvorenom du\u017e stare \u017eeljezni\u010dke pruge koja povezuje Ravno i Trebinje. Kako je za Fenu izjavio Toni Zori\u0107, predsjednik HerzegovinaBike, biciklijada je prolongirana za 8. svibnja zbog vremenskih prilika, odnosno neprilika koje su najavljene za [&hellip;]<\/p>\n","protected":false},"author":2,"featured_media":131113,"comment_status":"closed","ping_status":"closed","sticky":false,"template":"","format":"standard","meta":{"h5ap_radio_sources":[],"footnotes":""},"categories":[1],"tags":[],"class_list":["post-131112","post","type-post","status-publish","format-standard","has-post-thumbnail","hentry","category-bihiregija"],"yoast_head":"<!-- This site is optimized with the Yoast SEO plugin v27.5 - https:\/\/yoast.com\/product\/yoast-seo-wordpress\/ -->\n<title>Promotivna biciklijada &#039;\u0106iro&#039; iz Ravnog do Trebinja odgo\u0111ena za 8. svibnja - RADIO LJUBU\u0160KI<\/title>\n<meta name=\"robots\" content=\"index, follow, max-snippet:-1, max-image-preview:large, max-video-preview:-1\" \/>\n<link rel=\"canonical\" href=\"https:\/\/radioljubuski.ba\/index.php\/2022\/04\/10\/promotivna-biciklijada-ciro-iz-ravnog-do-trebinja-odgodena-za-8-svibnja\/\" \/>\n<meta property=\"og:locale\" content=\"hr_HR\" \/>\n<meta property=\"og:type\" content=\"article\" \/>\n<meta property=\"og:title\" content=\"Promotivna biciklijada &#039;\u0106iro&#039; iz Ravnog do Trebinja odgo\u0111ena za 8. svibnja - RADIO LJUBU\u0160KI\" \/>\n<meta property=\"og:description\" content=\"Odgo\u0111ena je promotivna biciklijada, koja se u okviru projekta &#8220;\u0106iro II&#8221;, trebala odr\u017eati danas, 10. travnja, sa vrhom promocije turizma na otvorenom du\u017e stare \u017eeljezni\u010dke pruge koja povezuje Ravno i Trebinje. Kako je za Fenu izjavio Toni Zori\u0107, predsjednik HerzegovinaBike, biciklijada je prolongirana za 8. svibnja zbog vremenskih prilika, odnosno neprilika koje su najavljene za [&hellip;]\" \/>\n<meta property=\"og:url\" content=\"https:\/\/radioljubuski.ba\/index.php\/2022\/04\/10\/promotivna-biciklijada-ciro-iz-ravnog-do-trebinja-odgodena-za-8-svibnja\/\" \/>\n<meta property=\"og:site_name\" content=\"RADIO LJUBU\u0160KI\" \/>\n<meta property=\"article:publisher\" content=\"https:\/\/www.facebook.com\/Radiio-Ljubuski-1490835324566332\" \/>\n<meta property=\"article:published_time\" content=\"2022-04-10T20:53:46+00:00\" \/>\n<meta property=\"og:image\" content=\"https:\/\/radioljubuski.ba\/wp-content\/uploads\/2022\/04\/2-2022-04-04-10-34-15-Ciro-biciklijada-Ravno-Trebinje-1.jpeg\" \/>\n\t<meta property=\"og:image:width\" content=\"1000\" \/>\n\t<meta property=\"og:image:height\" content=\"625\" \/>\n\t<meta property=\"og:image:type\" content=\"image\/jpeg\" \/>\n<meta name=\"author\" content=\"Radio Ljubu\u0161ki\" \/>\n<meta name=\"twitter:card\" content=\"summary_large_image\" \/>\n<meta name=\"twitter:creator\" content=\"@radioljubuski\" \/>\n<meta name=\"twitter:site\" content=\"@radioljubuski\" \/>\n<meta name=\"twitter:label1\" content=\"Napisao\/la\" \/>\n\t<meta name=\"twitter:data1\" content=\"Radio Ljubu\u0161ki\" \/>\n\t<meta name=\"twitter:label2\" content=\"Procijenjeno vrijeme \u010ditanja\" \/>\n\t<meta name=\"twitter:data2\" content=\"2 minute\" \/>\n<script type=\"application\/ld+json\" class=\"yoast-schema-graph\">{\"@context\":\"https:\\\/\\\/schema.org\",\"@graph\":[{\"@type\":\"Article\",\"@id\":\"https:\\\/\\\/radioljubuski.ba\\\/index.php\\\/2022\\\/04\\\/10\\\/promotivna-biciklijada-ciro-iz-ravnog-do-trebinja-odgodena-za-8-svibnja\\\/#article\",\"isPartOf\":{\"@id\":\"https:\\\/\\\/radioljubuski.ba\\\/index.php\\\/2022\\\/04\\\/10\\\/promotivna-biciklijada-ciro-iz-ravnog-do-trebinja-odgodena-za-8-svibnja\\\/\"},\"author\":{\"name\":\"Radio Ljubu\u0161ki\",\"@id\":\"https:\\\/\\\/radioljubuski.ba\\\/#\\\/schema\\\/person\\\/19fc700381a780f69665d7956c469e3b\"},\"headline\":\"Promotivna biciklijada &#8216;\u0106iro&#8217; iz Ravnog do Trebinja odgo\u0111ena za 8. svibnja\",\"datePublished\":\"2022-04-10T20:53:46+00:00\",\"mainEntityOfPage\":{\"@id\":\"https:\\\/\\\/radioljubuski.ba\\\/index.php\\\/2022\\\/04\\\/10\\\/promotivna-biciklijada-ciro-iz-ravnog-do-trebinja-odgodena-za-8-svibnja\\\/\"},\"wordCount\":479,\"publisher\":{\"@id\":\"https:\\\/\\\/radioljubuski.ba\\\/#organization\"},\"image\":{\"@id\":\"https:\\\/\\\/radioljubuski.ba\\\/index.php\\\/2022\\\/04\\\/10\\\/promotivna-biciklijada-ciro-iz-ravnog-do-trebinja-odgodena-za-8-svibnja\\\/#primaryimage\"},\"thumbnailUrl\":\"https:\\\/\\\/radioljubuski.ba\\\/wp-content\\\/uploads\\\/2022\\\/04\\\/2-2022-04-04-10-34-15-Ciro-biciklijada-Ravno-Trebinje-1.jpeg\",\"articleSection\":[\"BIH i regija\"],\"inLanguage\":\"hr\"},{\"@type\":\"WebPage\",\"@id\":\"https:\\\/\\\/radioljubuski.ba\\\/index.php\\\/2022\\\/04\\\/10\\\/promotivna-biciklijada-ciro-iz-ravnog-do-trebinja-odgodena-za-8-svibnja\\\/\",\"url\":\"https:\\\/\\\/radioljubuski.ba\\\/index.php\\\/2022\\\/04\\\/10\\\/promotivna-biciklijada-ciro-iz-ravnog-do-trebinja-odgodena-za-8-svibnja\\\/\",\"name\":\"Promotivna biciklijada '\u0106iro' iz Ravnog do Trebinja odgo\u0111ena za 8. svibnja - RADIO LJUBU\u0160KI\",\"isPartOf\":{\"@id\":\"https:\\\/\\\/radioljubuski.ba\\\/#website\"},\"primaryImageOfPage\":{\"@id\":\"https:\\\/\\\/radioljubuski.ba\\\/index.php\\\/2022\\\/04\\\/10\\\/promotivna-biciklijada-ciro-iz-ravnog-do-trebinja-odgodena-za-8-svibnja\\\/#primaryimage\"},\"image\":{\"@id\":\"https:\\\/\\\/radioljubuski.ba\\\/index.php\\\/2022\\\/04\\\/10\\\/promotivna-biciklijada-ciro-iz-ravnog-do-trebinja-odgodena-za-8-svibnja\\\/#primaryimage\"},\"thumbnailUrl\":\"https:\\\/\\\/radioljubuski.ba\\\/wp-content\\\/uploads\\\/2022\\\/04\\\/2-2022-04-04-10-34-15-Ciro-biciklijada-Ravno-Trebinje-1.jpeg\",\"datePublished\":\"2022-04-10T20:53:46+00:00\",\"breadcrumb\":{\"@id\":\"https:\\\/\\\/radioljubuski.ba\\\/index.php\\\/2022\\\/04\\\/10\\\/promotivna-biciklijada-ciro-iz-ravnog-do-trebinja-odgodena-za-8-svibnja\\\/#breadcrumb\"},\"inLanguage\":\"hr\",\"potentialAction\":[{\"@type\":\"ReadAction\",\"target\":[\"https:\\\/\\\/radioljubuski.ba\\\/index.php\\\/2022\\\/04\\\/10\\\/promotivna-biciklijada-ciro-iz-ravnog-do-trebinja-odgodena-za-8-svibnja\\\/\"]}]},{\"@type\":\"ImageObject\",\"inLanguage\":\"hr\",\"@id\":\"https:\\\/\\\/radioljubuski.ba\\\/index.php\\\/2022\\\/04\\\/10\\\/promotivna-biciklijada-ciro-iz-ravnog-do-trebinja-odgodena-za-8-svibnja\\\/#primaryimage\",\"url\":\"https:\\\/\\\/radioljubuski.ba\\\/wp-content\\\/uploads\\\/2022\\\/04\\\/2-2022-04-04-10-34-15-Ciro-biciklijada-Ravno-Trebinje-1.jpeg\",\"contentUrl\":\"https:\\\/\\\/radioljubuski.ba\\\/wp-content\\\/uploads\\\/2022\\\/04\\\/2-2022-04-04-10-34-15-Ciro-biciklijada-Ravno-Trebinje-1.jpeg\",\"width\":1000,\"height\":625},{\"@type\":\"BreadcrumbList\",\"@id\":\"https:\\\/\\\/radioljubuski.ba\\\/index.php\\\/2022\\\/04\\\/10\\\/promotivna-biciklijada-ciro-iz-ravnog-do-trebinja-odgodena-za-8-svibnja\\\/#breadcrumb\",\"itemListElement\":[{\"@type\":\"ListItem\",\"position\":1,\"name\":\"Po\u010detna stranica\",\"item\":\"https:\\\/\\\/radioljubuski.ba\\\/\"},{\"@type\":\"ListItem\",\"position\":2,\"name\":\"Promotivna biciklijada &#8216;\u0106iro&#8217; iz Ravnog do Trebinja odgo\u0111ena za 8. svibnja\"}]},{\"@type\":\"WebSite\",\"@id\":\"https:\\\/\\\/radioljubuski.ba\\\/#website\",\"url\":\"https:\\\/\\\/radioljubuski.ba\\\/\",\"name\":\"Radio Ljubu\u0161ki\",\"description\":\"Sun\u010dana frekvencija Hercegovine\",\"publisher\":{\"@id\":\"https:\\\/\\\/radioljubuski.ba\\\/#organization\"},\"potentialAction\":[{\"@type\":\"SearchAction\",\"target\":{\"@type\":\"EntryPoint\",\"urlTemplate\":\"https:\\\/\\\/radioljubuski.ba\\\/?s={search_term_string}\"},\"query-input\":{\"@type\":\"PropertyValueSpecification\",\"valueRequired\":true,\"valueName\":\"search_term_string\"}}],\"inLanguage\":\"hr\"},{\"@type\":\"Organization\",\"@id\":\"https:\\\/\\\/radioljubuski.ba\\\/#organization\",\"name\":\"Radio Ljubu\u0161ki\",\"url\":\"https:\\\/\\\/radioljubuski.ba\\\/\",\"logo\":{\"@type\":\"ImageObject\",\"inLanguage\":\"hr\",\"@id\":\"https:\\\/\\\/radioljubuski.ba\\\/#\\\/schema\\\/logo\\\/image\\\/\",\"url\":\"https:\\\/\\\/radioljubuski.ba\\\/wp-content\\\/uploads\\\/2021\\\/02\\\/cropped-Radio_Ljubuski_logo1.jpg\",\"contentUrl\":\"https:\\\/\\\/radioljubuski.ba\\\/wp-content\\\/uploads\\\/2021\\\/02\\\/cropped-Radio_Ljubuski_logo1.jpg\",\"width\":512,\"height\":512,\"caption\":\"Radio Ljubu\u0161ki\"},\"image\":{\"@id\":\"https:\\\/\\\/radioljubuski.ba\\\/#\\\/schema\\\/logo\\\/image\\\/\"},\"sameAs\":[\"https:\\\/\\\/www.facebook.com\\\/Radiio-Ljubuski-1490835324566332\",\"https:\\\/\\\/x.com\\\/radioljubuski\",\"https:\\\/\\\/hr.linkedin.com\\\/company\\\/radio-ljubuski\",\"https:\\\/\\\/www.youtube.com\\\/channel\\\/UCHYaeO_n0Db3tjNGudGpXyw\"]},{\"@type\":\"Person\",\"@id\":\"https:\\\/\\\/radioljubuski.ba\\\/#\\\/schema\\\/person\\\/19fc700381a780f69665d7956c469e3b\",\"name\":\"Radio Ljubu\u0161ki\"}]}<\/script>\n<!-- \/ Yoast SEO plugin. -->","yoast_head_json":{"title":"Promotivna biciklijada '\u0106iro' iz Ravnog do Trebinja odgo\u0111ena za 8. svibnja - RADIO LJUBU\u0160KI","robots":{"index":"index","follow":"follow","max-snippet":"max-snippet:-1","max-image-preview":"max-image-preview:large","max-video-preview":"max-video-preview:-1"},"canonical":"https:\/\/radioljubuski.ba\/index.php\/2022\/04\/10\/promotivna-biciklijada-ciro-iz-ravnog-do-trebinja-odgodena-za-8-svibnja\/","og_locale":"hr_HR","og_type":"article","og_title":"Promotivna biciklijada '\u0106iro' iz Ravnog do Trebinja odgo\u0111ena za 8. svibnja - RADIO LJUBU\u0160KI","og_description":"Odgo\u0111ena je promotivna biciklijada, koja se u okviru projekta &#8220;\u0106iro II&#8221;, trebala odr\u017eati danas, 10. travnja, sa vrhom promocije turizma na otvorenom du\u017e stare \u017eeljezni\u010dke pruge koja povezuje Ravno i Trebinje. Kako je za Fenu izjavio Toni Zori\u0107, predsjednik HerzegovinaBike, biciklijada je prolongirana za 8. svibnja zbog vremenskih prilika, odnosno neprilika koje su najavljene za [&hellip;]","og_url":"https:\/\/radioljubuski.ba\/index.php\/2022\/04\/10\/promotivna-biciklijada-ciro-iz-ravnog-do-trebinja-odgodena-za-8-svibnja\/","og_site_name":"RADIO LJUBU\u0160KI","article_publisher":"https:\/\/www.facebook.com\/Radiio-Ljubuski-1490835324566332","article_published_time":"2022-04-10T20:53:46+00:00","og_image":[{"width":1000,"height":625,"url":"https:\/\/radioljubuski.ba\/wp-content\/uploads\/2022\/04\/2-2022-04-04-10-34-15-Ciro-biciklijada-Ravno-Trebinje-1.jpeg","type":"image\/jpeg"}],"author":"Radio Ljubu\u0161ki","twitter_card":"summary_large_image","twitter_creator":"@radioljubuski","twitter_site":"@radioljubuski","twitter_misc":{"Napisao\/la":"Radio Ljubu\u0161ki","Procijenjeno vrijeme \u010ditanja":"2 minute"},"schema":{"@context":"https:\/\/schema.org","@graph":[{"@type":"Article","@id":"https:\/\/radioljubuski.ba\/index.php\/2022\/04\/10\/promotivna-biciklijada-ciro-iz-ravnog-do-trebinja-odgodena-za-8-svibnja\/#article","isPartOf":{"@id":"https:\/\/radioljubuski.ba\/index.php\/2022\/04\/10\/promotivna-biciklijada-ciro-iz-ravnog-do-trebinja-odgodena-za-8-svibnja\/"},"author":{"name":"Radio Ljubu\u0161ki","@id":"https:\/\/radioljubuski.ba\/#\/schema\/person\/19fc700381a780f69665d7956c469e3b"},"headline":"Promotivna biciklijada &#8216;\u0106iro&#8217; iz Ravnog do Trebinja odgo\u0111ena za 8. svibnja","datePublished":"2022-04-10T20:53:46+00:00","mainEntityOfPage":{"@id":"https:\/\/radioljubuski.ba\/index.php\/2022\/04\/10\/promotivna-biciklijada-ciro-iz-ravnog-do-trebinja-odgodena-za-8-svibnja\/"},"wordCount":479,"publisher":{"@id":"https:\/\/radioljubuski.ba\/#organization"},"image":{"@id":"https:\/\/radioljubuski.ba\/index.php\/2022\/04\/10\/promotivna-biciklijada-ciro-iz-ravnog-do-trebinja-odgodena-za-8-svibnja\/#primaryimage"},"thumbnailUrl":"https:\/\/radioljubuski.ba\/wp-content\/uploads\/2022\/04\/2-2022-04-04-10-34-15-Ciro-biciklijada-Ravno-Trebinje-1.jpeg","articleSection":["BIH i regija"],"inLanguage":"hr"},{"@type":"WebPage","@id":"https:\/\/radioljubuski.ba\/index.php\/2022\/04\/10\/promotivna-biciklijada-ciro-iz-ravnog-do-trebinja-odgodena-za-8-svibnja\/","url":"https:\/\/radioljubuski.ba\/index.php\/2022\/04\/10\/promotivna-biciklijada-ciro-iz-ravnog-do-trebinja-odgodena-za-8-svibnja\/","name":"Promotivna biciklijada '\u0106iro' iz Ravnog do Trebinja odgo\u0111ena za 8. svibnja - RADIO LJUBU\u0160KI","isPartOf":{"@id":"https:\/\/radioljubuski.ba\/#website"},"primaryImageOfPage":{"@id":"https:\/\/radioljubuski.ba\/index.php\/2022\/04\/10\/promotivna-biciklijada-ciro-iz-ravnog-do-trebinja-odgodena-za-8-svibnja\/#primaryimage"},"image":{"@id":"https:\/\/radioljubuski.ba\/index.php\/2022\/04\/10\/promotivna-biciklijada-ciro-iz-ravnog-do-trebinja-odgodena-za-8-svibnja\/#primaryimage"},"thumbnailUrl":"https:\/\/radioljubuski.ba\/wp-content\/uploads\/2022\/04\/2-2022-04-04-10-34-15-Ciro-biciklijada-Ravno-Trebinje-1.jpeg","datePublished":"2022-04-10T20:53:46+00:00","breadcrumb":{"@id":"https:\/\/radioljubuski.ba\/index.php\/2022\/04\/10\/promotivna-biciklijada-ciro-iz-ravnog-do-trebinja-odgodena-za-8-svibnja\/#breadcrumb"},"inLanguage":"hr","potentialAction":[{"@type":"ReadAction","target":["https:\/\/radioljubuski.ba\/index.php\/2022\/04\/10\/promotivna-biciklijada-ciro-iz-ravnog-do-trebinja-odgodena-za-8-svibnja\/"]}]},{"@type":"ImageObject","inLanguage":"hr","@id":"https:\/\/radioljubuski.ba\/index.php\/2022\/04\/10\/promotivna-biciklijada-ciro-iz-ravnog-do-trebinja-odgodena-za-8-svibnja\/#primaryimage","url":"https:\/\/radioljubuski.ba\/wp-content\/uploads\/2022\/04\/2-2022-04-04-10-34-15-Ciro-biciklijada-Ravno-Trebinje-1.jpeg","contentUrl":"https:\/\/radioljubuski.ba\/wp-content\/uploads\/2022\/04\/2-2022-04-04-10-34-15-Ciro-biciklijada-Ravno-Trebinje-1.jpeg","width":1000,"height":625},{"@type":"BreadcrumbList","@id":"https:\/\/radioljubuski.ba\/index.php\/2022\/04\/10\/promotivna-biciklijada-ciro-iz-ravnog-do-trebinja-odgodena-za-8-svibnja\/#breadcrumb","itemListElement":[{"@type":"ListItem","position":1,"name":"Po\u010detna stranica","item":"https:\/\/radioljubuski.ba\/"},{"@type":"ListItem","position":2,"name":"Promotivna biciklijada &#8216;\u0106iro&#8217; iz Ravnog do Trebinja odgo\u0111ena za 8. svibnja"}]},{"@type":"WebSite","@id":"https:\/\/radioljubuski.ba\/#website","url":"https:\/\/radioljubuski.ba\/","name":"Radio Ljubu\u0161ki","description":"Sun\u010dana frekvencija Hercegovine","publisher":{"@id":"https:\/\/radioljubuski.ba\/#organization"},"potentialAction":[{"@type":"SearchAction","target":{"@type":"EntryPoint","urlTemplate":"https:\/\/radioljubuski.ba\/?s={search_term_string}"},"query-input":{"@type":"PropertyValueSpecification","valueRequired":true,"valueName":"search_term_string"}}],"inLanguage":"hr"},{"@type":"Organization","@id":"https:\/\/radioljubuski.ba\/#organization","name":"Radio Ljubu\u0161ki","url":"https:\/\/radioljubuski.ba\/","logo":{"@type":"ImageObject","inLanguage":"hr","@id":"https:\/\/radioljubuski.ba\/#\/schema\/logo\/image\/","url":"https:\/\/radioljubuski.ba\/wp-content\/uploads\/2021\/02\/cropped-Radio_Ljubuski_logo1.jpg","contentUrl":"https:\/\/radioljubuski.ba\/wp-content\/uploads\/2021\/02\/cropped-Radio_Ljubuski_logo1.jpg","width":512,"height":512,"caption":"Radio Ljubu\u0161ki"},"image":{"@id":"https:\/\/radioljubuski.ba\/#\/schema\/logo\/image\/"},"sameAs":["https:\/\/www.facebook.com\/Radiio-Ljubuski-1490835324566332","https:\/\/x.com\/radioljubuski","https:\/\/hr.linkedin.com\/company\/radio-ljubuski","https:\/\/www.youtube.com\/channel\/UCHYaeO_n0Db3tjNGudGpXyw"]},{"@type":"Person","@id":"https:\/\/radioljubuski.ba\/#\/schema\/person\/19fc700381a780f69665d7956c469e3b","name":"Radio Ljubu\u0161ki"}]}},"_links":{"self":[{"href":"https:\/\/radioljubuski.ba\/index.php\/wp-json\/wp\/v2\/posts\/131112","targetHints":{"allow":["GET"]}}],"collection":[{"href":"https:\/\/radioljubuski.ba\/index.php\/wp-json\/wp\/v2\/posts"}],"about":[{"href":"https:\/\/radioljubuski.ba\/index.php\/wp-json\/wp\/v2\/types\/post"}],"author":[{"embeddable":true,"href":"https:\/\/radioljubuski.ba\/index.php\/wp-json\/wp\/v2\/users\/2"}],"replies":[{"embeddable":true,"href":"https:\/\/radioljubuski.ba\/index.php\/wp-json\/wp\/v2\/comments?post=131112"}],"version-history":[{"count":1,"href":"https:\/\/radioljubuski.ba\/index.php\/wp-json\/wp\/v2\/posts\/131112\/revisions"}],"predecessor-version":[{"id":131114,"href":"https:\/\/radioljubuski.ba\/index.php\/wp-json\/wp\/v2\/posts\/131112\/revisions\/131114"}],"wp:featuredmedia":[{"embeddable":true,"href":"https:\/\/radioljubuski.ba\/index.php\/wp-json\/wp\/v2\/media\/131113"}],"wp:attachment":[{"href":"https:\/\/radioljubuski.ba\/index.php\/wp-json\/wp\/v2\/media?parent=131112"}],"wp:term":[{"taxonomy":"category","embeddable":true,"href":"https:\/\/radioljubuski.ba\/index.php\/wp-json\/wp\/v2\/categories?post=131112"},{"taxonomy":"post_tag","embeddable":true,"href":"https:\/\/radioljubuski.ba\/index.php\/wp-json\/wp\/v2\/tags?post=131112"}],"curies":[{"name":"wp","href":"https:\/\/api.w.org\/{rel}","templated":true}]}}