{"id":131121,"date":"2022-04-10T21:57:18","date_gmt":"2022-04-10T20:57:18","guid":{"rendered":"https:\/\/radioljubuski.ba\/?p=131121"},"modified":"2022-04-10T21:57:18","modified_gmt":"2022-04-10T20:57:18","slug":"nakon-kupovine-udjela-elon-musk-tvitao-umire-li-twitter","status":"publish","type":"post","link":"https:\/\/radioljubuski.ba\/index.php\/2022\/04\/10\/nakon-kupovine-udjela-elon-musk-tvitao-umire-li-twitter\/","title":{"rendered":"Nakon kupovine udjela Elon Musk tvitao: Umire li Twitter?&#8217;"},"content":{"rendered":"\n<p>Najnoviji \u010dlan odbora i najve\u0107i dioni\u010dar Twittera Elon Musk objavio je u subotu tvit kako bi pitao umire li ta mre\u017ea i prozvao korisnike poput pjeva\u010da Justina Biebera, koji su vrlo pra\u0107eni, ali rijetko objavljuju.<\/p>\n\n\n\n<p>&#8220;Ve\u0107ina ovih &#8216;top&#8217; profila rijetko tvita i objavljuje vrlo malo sadr\u017eaja&#8221;, napisao je \u0161ef Tesle uz popis 10 profila s najvi\u0161e sljedbenika &#8211; na kojem se on nalazi na broju osam, s 81 milijunom sljedbenika.<\/p>\n\n\n\n<p>&#8220;Umire li Twitter?&#8221;, upitao je.<\/p>\n\n\n\n<p>Biv\u0161i ameri\u010dki predsjednik Barack Obama pojavljuje se na vrhu sa 131 milijunom pratitelja, a slijede ga zvijezde poput Biebera, Katy Perry, Rihanne i Taylor Swift, kao i indijski premijer Narendra Modi i nogometna zvijezda Cristiano Ronaldo.<\/p>\n\n\n\n<p>&#8220;Na primjer, @taylorswift13 nije ni\u0161ta objavila 3 mjeseca&#8221;, nastavio je Musk.<\/p>\n\n\n\n<p>&#8220;A @justinbieber je objavio samo jednom u ovoj godini.&#8221;<\/p>\n\n\n\n<p>Tvrtka je imenovala Muska u odbor u utorak nakon \u0161to je otkrio da je stekao vi\u0161e od devet posto udjela u tvrtki, \u0161to ga \u010dini najve\u0107im dioni\u010darom Twittera.<\/p>\n\n\n\n<p>Musk je rekao da se raduje \u0161to \u0107e uskoro napraviti &#8220;zna\u010dajna pobolj\u0161anja na Twitteru&#8221; i po\u010deo ispitivati svoje sljedbenike o tome treba li dodati gumb &#8220;uredi&#8221; na uslugu, o \u010demu se dugo raspravljalo.<\/p>\n\n\n\n<p>Twitter je najavio da \u0107e to testirati.<\/p>\n\n\n\n<p>Musk je u \u010detvrtak na Twitteru objavio fotografiju na kojoj pu\u0161i marihuanu na podcastu Joea Rogana 2018., uz natpis: &#8220;Twitterov sljede\u0107i sastanak odbora gorjet \u0107e&#8221;.<\/p>\n\n\n\n<p>Njegove ludorije \u010desto izazivaju \u010du\u0111enje i povremeno osudu, kao kada su \u017eidovske skupine osudile njegov tvit u kojemu je usporedio kanadskog \u010delnika Justina Trudeaua s Adolfom Hitlerom zbog propisanog cjepiva protiv covida-19. Musk je kasnije obrisao tvit bez isprike.<\/p>\n\n\n\n<p>Imenovanje je izazvalo dvojbe me\u0111u nekim zaposlenicima, navodi Washington Post.<\/p>\n\n\n\n<p>Radnici dru\u0161tvene mre\u017ee sa sjedi\u0161tem u Kaliforniji naveli su da su zabrinuti zbog Muskovih izjava o transrodnim pitanjima i njegove reputacije te\u0161kog i neumoljivog vo\u0111e, prema izjavama na Slacku koje je pregledao Post.<\/p>\n\n\n\n<p>Kalifornijska agencija tu\u017eila je Teslu, navode\u0107i diskriminaciju i uznemiravanje crnih radnika.<\/p>\n\n\n\n<p>Proizvo\u0111a\u010d elektri\u010dnih automobila odbacio je optu\u017ebe, rekav\u0161i da se protivi diskriminaciji.<\/p>\n\n\n\n<p>Izvor:pogled.ba<\/p>\n","protected":false},"excerpt":{"rendered":"<p>Najnoviji \u010dlan odbora i najve\u0107i dioni\u010dar Twittera Elon Musk objavio je u subotu tvit kako bi pitao umire li ta mre\u017ea i prozvao korisnike poput pjeva\u010da Justina Biebera, koji su vrlo pra\u0107eni, ali rijetko objavljuju. &#8220;Ve\u0107ina ovih &#8216;top&#8217; profila rijetko tvita i objavljuje vrlo malo sadr\u017eaja&#8221;, napisao je \u0161ef Tesle uz popis 10 profila s [&hellip;]<\/p>\n","protected":false},"author":2,"featured_media":131122,"comment_status":"closed","ping_status":"closed","sticky":false,"template":"","format":"standard","meta":{"h5ap_radio_sources":[],"footnotes":""},"categories":[1],"tags":[],"class_list":["post-131121","post","type-post","status-publish","format-standard","has-post-thumbnail","hentry","category-bihiregija"],"yoast_head":"<!-- This site is optimized with the Yoast SEO plugin v27.5 - https:\/\/yoast.com\/product\/yoast-seo-wordpress\/ -->\n<title>Nakon kupovine udjela Elon Musk tvitao: Umire li Twitter?&#039; - RADIO LJUBU\u0160KI<\/title>\n<meta name=\"robots\" content=\"index, follow, max-snippet:-1, max-image-preview:large, max-video-preview:-1\" \/>\n<link rel=\"canonical\" href=\"https:\/\/radioljubuski.ba\/index.php\/2022\/04\/10\/nakon-kupovine-udjela-elon-musk-tvitao-umire-li-twitter\/\" \/>\n<meta property=\"og:locale\" content=\"hr_HR\" \/>\n<meta property=\"og:type\" content=\"article\" \/>\n<meta property=\"og:title\" content=\"Nakon kupovine udjela Elon Musk tvitao: Umire li Twitter?&#039; - RADIO LJUBU\u0160KI\" \/>\n<meta property=\"og:description\" content=\"Najnoviji \u010dlan odbora i najve\u0107i dioni\u010dar Twittera Elon Musk objavio je u subotu tvit kako bi pitao umire li ta mre\u017ea i prozvao korisnike poput pjeva\u010da Justina Biebera, koji su vrlo pra\u0107eni, ali rijetko objavljuju. &#8220;Ve\u0107ina ovih &#8216;top&#8217; profila rijetko tvita i objavljuje vrlo malo sadr\u017eaja&#8221;, napisao je \u0161ef Tesle uz popis 10 profila s [&hellip;]\" \/>\n<meta property=\"og:url\" content=\"https:\/\/radioljubuski.ba\/index.php\/2022\/04\/10\/nakon-kupovine-udjela-elon-musk-tvitao-umire-li-twitter\/\" \/>\n<meta property=\"og:site_name\" content=\"RADIO LJUBU\u0160KI\" \/>\n<meta property=\"article:publisher\" content=\"https:\/\/www.facebook.com\/Radiio-Ljubuski-1490835324566332\" \/>\n<meta property=\"article:published_time\" content=\"2022-04-10T20:57:18+00:00\" \/>\n<meta property=\"og:image\" content=\"https:\/\/radioljubuski.ba\/wp-content\/uploads\/2022\/04\/7-2022-03-14-17-08-49-aEuls9N1_musk.jpg\" \/>\n\t<meta property=\"og:image:width\" content=\"1000\" \/>\n\t<meta property=\"og:image:height\" content=\"625\" \/>\n\t<meta property=\"og:image:type\" content=\"image\/jpeg\" \/>\n<meta name=\"author\" content=\"Radio Ljubu\u0161ki\" \/>\n<meta name=\"twitter:card\" content=\"summary_large_image\" \/>\n<meta name=\"twitter:creator\" content=\"@radioljubuski\" \/>\n<meta name=\"twitter:site\" content=\"@radioljubuski\" \/>\n<meta name=\"twitter:label1\" content=\"Napisao\/la\" \/>\n\t<meta name=\"twitter:data1\" content=\"Radio Ljubu\u0161ki\" \/>\n\t<meta name=\"twitter:label2\" content=\"Procijenjeno vrijeme \u010ditanja\" \/>\n\t<meta name=\"twitter:data2\" content=\"2 minute\" \/>\n<script type=\"application\/ld+json\" class=\"yoast-schema-graph\">{\"@context\":\"https:\\\/\\\/schema.org\",\"@graph\":[{\"@type\":\"Article\",\"@id\":\"https:\\\/\\\/radioljubuski.ba\\\/index.php\\\/2022\\\/04\\\/10\\\/nakon-kupovine-udjela-elon-musk-tvitao-umire-li-twitter\\\/#article\",\"isPartOf\":{\"@id\":\"https:\\\/\\\/radioljubuski.ba\\\/index.php\\\/2022\\\/04\\\/10\\\/nakon-kupovine-udjela-elon-musk-tvitao-umire-li-twitter\\\/\"},\"author\":{\"name\":\"Radio Ljubu\u0161ki\",\"@id\":\"https:\\\/\\\/radioljubuski.ba\\\/#\\\/schema\\\/person\\\/19fc700381a780f69665d7956c469e3b\"},\"headline\":\"Nakon kupovine udjela Elon Musk tvitao: Umire li Twitter?&#8217;\",\"datePublished\":\"2022-04-10T20:57:18+00:00\",\"mainEntityOfPage\":{\"@id\":\"https:\\\/\\\/radioljubuski.ba\\\/index.php\\\/2022\\\/04\\\/10\\\/nakon-kupovine-udjela-elon-musk-tvitao-umire-li-twitter\\\/\"},\"wordCount\":367,\"publisher\":{\"@id\":\"https:\\\/\\\/radioljubuski.ba\\\/#organization\"},\"image\":{\"@id\":\"https:\\\/\\\/radioljubuski.ba\\\/index.php\\\/2022\\\/04\\\/10\\\/nakon-kupovine-udjela-elon-musk-tvitao-umire-li-twitter\\\/#primaryimage\"},\"thumbnailUrl\":\"https:\\\/\\\/radioljubuski.ba\\\/wp-content\\\/uploads\\\/2022\\\/04\\\/7-2022-03-14-17-08-49-aEuls9N1_musk.jpg\",\"articleSection\":[\"BIH i regija\"],\"inLanguage\":\"hr\"},{\"@type\":\"WebPage\",\"@id\":\"https:\\\/\\\/radioljubuski.ba\\\/index.php\\\/2022\\\/04\\\/10\\\/nakon-kupovine-udjela-elon-musk-tvitao-umire-li-twitter\\\/\",\"url\":\"https:\\\/\\\/radioljubuski.ba\\\/index.php\\\/2022\\\/04\\\/10\\\/nakon-kupovine-udjela-elon-musk-tvitao-umire-li-twitter\\\/\",\"name\":\"Nakon kupovine udjela Elon Musk tvitao: Umire li Twitter?' - RADIO LJUBU\u0160KI\",\"isPartOf\":{\"@id\":\"https:\\\/\\\/radioljubuski.ba\\\/#website\"},\"primaryImageOfPage\":{\"@id\":\"https:\\\/\\\/radioljubuski.ba\\\/index.php\\\/2022\\\/04\\\/10\\\/nakon-kupovine-udjela-elon-musk-tvitao-umire-li-twitter\\\/#primaryimage\"},\"image\":{\"@id\":\"https:\\\/\\\/radioljubuski.ba\\\/index.php\\\/2022\\\/04\\\/10\\\/nakon-kupovine-udjela-elon-musk-tvitao-umire-li-twitter\\\/#primaryimage\"},\"thumbnailUrl\":\"https:\\\/\\\/radioljubuski.ba\\\/wp-content\\\/uploads\\\/2022\\\/04\\\/7-2022-03-14-17-08-49-aEuls9N1_musk.jpg\",\"datePublished\":\"2022-04-10T20:57:18+00:00\",\"breadcrumb\":{\"@id\":\"https:\\\/\\\/radioljubuski.ba\\\/index.php\\\/2022\\\/04\\\/10\\\/nakon-kupovine-udjela-elon-musk-tvitao-umire-li-twitter\\\/#breadcrumb\"},\"inLanguage\":\"hr\",\"potentialAction\":[{\"@type\":\"ReadAction\",\"target\":[\"https:\\\/\\\/radioljubuski.ba\\\/index.php\\\/2022\\\/04\\\/10\\\/nakon-kupovine-udjela-elon-musk-tvitao-umire-li-twitter\\\/\"]}]},{\"@type\":\"ImageObject\",\"inLanguage\":\"hr\",\"@id\":\"https:\\\/\\\/radioljubuski.ba\\\/index.php\\\/2022\\\/04\\\/10\\\/nakon-kupovine-udjela-elon-musk-tvitao-umire-li-twitter\\\/#primaryimage\",\"url\":\"https:\\\/\\\/radioljubuski.ba\\\/wp-content\\\/uploads\\\/2022\\\/04\\\/7-2022-03-14-17-08-49-aEuls9N1_musk.jpg\",\"contentUrl\":\"https:\\\/\\\/radioljubuski.ba\\\/wp-content\\\/uploads\\\/2022\\\/04\\\/7-2022-03-14-17-08-49-aEuls9N1_musk.jpg\",\"width\":1000,\"height\":625},{\"@type\":\"BreadcrumbList\",\"@id\":\"https:\\\/\\\/radioljubuski.ba\\\/index.php\\\/2022\\\/04\\\/10\\\/nakon-kupovine-udjela-elon-musk-tvitao-umire-li-twitter\\\/#breadcrumb\",\"itemListElement\":[{\"@type\":\"ListItem\",\"position\":1,\"name\":\"Po\u010detna stranica\",\"item\":\"https:\\\/\\\/radioljubuski.ba\\\/\"},{\"@type\":\"ListItem\",\"position\":2,\"name\":\"Nakon kupovine udjela Elon Musk tvitao: Umire li Twitter?&#8217;\"}]},{\"@type\":\"WebSite\",\"@id\":\"https:\\\/\\\/radioljubuski.ba\\\/#website\",\"url\":\"https:\\\/\\\/radioljubuski.ba\\\/\",\"name\":\"Radio Ljubu\u0161ki\",\"description\":\"Sun\u010dana frekvencija Hercegovine\",\"publisher\":{\"@id\":\"https:\\\/\\\/radioljubuski.ba\\\/#organization\"},\"potentialAction\":[{\"@type\":\"SearchAction\",\"target\":{\"@type\":\"EntryPoint\",\"urlTemplate\":\"https:\\\/\\\/radioljubuski.ba\\\/?s={search_term_string}\"},\"query-input\":{\"@type\":\"PropertyValueSpecification\",\"valueRequired\":true,\"valueName\":\"search_term_string\"}}],\"inLanguage\":\"hr\"},{\"@type\":\"Organization\",\"@id\":\"https:\\\/\\\/radioljubuski.ba\\\/#organization\",\"name\":\"Radio Ljubu\u0161ki\",\"url\":\"https:\\\/\\\/radioljubuski.ba\\\/\",\"logo\":{\"@type\":\"ImageObject\",\"inLanguage\":\"hr\",\"@id\":\"https:\\\/\\\/radioljubuski.ba\\\/#\\\/schema\\\/logo\\\/image\\\/\",\"url\":\"https:\\\/\\\/radioljubuski.ba\\\/wp-content\\\/uploads\\\/2021\\\/02\\\/cropped-Radio_Ljubuski_logo1.jpg\",\"contentUrl\":\"https:\\\/\\\/radioljubuski.ba\\\/wp-content\\\/uploads\\\/2021\\\/02\\\/cropped-Radio_Ljubuski_logo1.jpg\",\"width\":512,\"height\":512,\"caption\":\"Radio Ljubu\u0161ki\"},\"image\":{\"@id\":\"https:\\\/\\\/radioljubuski.ba\\\/#\\\/schema\\\/logo\\\/image\\\/\"},\"sameAs\":[\"https:\\\/\\\/www.facebook.com\\\/Radiio-Ljubuski-1490835324566332\",\"https:\\\/\\\/x.com\\\/radioljubuski\",\"https:\\\/\\\/hr.linkedin.com\\\/company\\\/radio-ljubuski\",\"https:\\\/\\\/www.youtube.com\\\/channel\\\/UCHYaeO_n0Db3tjNGudGpXyw\"]},{\"@type\":\"Person\",\"@id\":\"https:\\\/\\\/radioljubuski.ba\\\/#\\\/schema\\\/person\\\/19fc700381a780f69665d7956c469e3b\",\"name\":\"Radio Ljubu\u0161ki\"}]}<\/script>\n<!-- \/ Yoast SEO plugin. -->","yoast_head_json":{"title":"Nakon kupovine udjela Elon Musk tvitao: Umire li Twitter?' - RADIO LJUBU\u0160KI","robots":{"index":"index","follow":"follow","max-snippet":"max-snippet:-1","max-image-preview":"max-image-preview:large","max-video-preview":"max-video-preview:-1"},"canonical":"https:\/\/radioljubuski.ba\/index.php\/2022\/04\/10\/nakon-kupovine-udjela-elon-musk-tvitao-umire-li-twitter\/","og_locale":"hr_HR","og_type":"article","og_title":"Nakon kupovine udjela Elon Musk tvitao: Umire li Twitter?' - RADIO LJUBU\u0160KI","og_description":"Najnoviji \u010dlan odbora i najve\u0107i dioni\u010dar Twittera Elon Musk objavio je u subotu tvit kako bi pitao umire li ta mre\u017ea i prozvao korisnike poput pjeva\u010da Justina Biebera, koji su vrlo pra\u0107eni, ali rijetko objavljuju. &#8220;Ve\u0107ina ovih &#8216;top&#8217; profila rijetko tvita i objavljuje vrlo malo sadr\u017eaja&#8221;, napisao je \u0161ef Tesle uz popis 10 profila s [&hellip;]","og_url":"https:\/\/radioljubuski.ba\/index.php\/2022\/04\/10\/nakon-kupovine-udjela-elon-musk-tvitao-umire-li-twitter\/","og_site_name":"RADIO LJUBU\u0160KI","article_publisher":"https:\/\/www.facebook.com\/Radiio-Ljubuski-1490835324566332","article_published_time":"2022-04-10T20:57:18+00:00","og_image":[{"width":1000,"height":625,"url":"https:\/\/radioljubuski.ba\/wp-content\/uploads\/2022\/04\/7-2022-03-14-17-08-49-aEuls9N1_musk.jpg","type":"image\/jpeg"}],"author":"Radio Ljubu\u0161ki","twitter_card":"summary_large_image","twitter_creator":"@radioljubuski","twitter_site":"@radioljubuski","twitter_misc":{"Napisao\/la":"Radio Ljubu\u0161ki","Procijenjeno vrijeme \u010ditanja":"2 minute"},"schema":{"@context":"https:\/\/schema.org","@graph":[{"@type":"Article","@id":"https:\/\/radioljubuski.ba\/index.php\/2022\/04\/10\/nakon-kupovine-udjela-elon-musk-tvitao-umire-li-twitter\/#article","isPartOf":{"@id":"https:\/\/radioljubuski.ba\/index.php\/2022\/04\/10\/nakon-kupovine-udjela-elon-musk-tvitao-umire-li-twitter\/"},"author":{"name":"Radio Ljubu\u0161ki","@id":"https:\/\/radioljubuski.ba\/#\/schema\/person\/19fc700381a780f69665d7956c469e3b"},"headline":"Nakon kupovine udjela Elon Musk tvitao: Umire li Twitter?&#8217;","datePublished":"2022-04-10T20:57:18+00:00","mainEntityOfPage":{"@id":"https:\/\/radioljubuski.ba\/index.php\/2022\/04\/10\/nakon-kupovine-udjela-elon-musk-tvitao-umire-li-twitter\/"},"wordCount":367,"publisher":{"@id":"https:\/\/radioljubuski.ba\/#organization"},"image":{"@id":"https:\/\/radioljubuski.ba\/index.php\/2022\/04\/10\/nakon-kupovine-udjela-elon-musk-tvitao-umire-li-twitter\/#primaryimage"},"thumbnailUrl":"https:\/\/radioljubuski.ba\/wp-content\/uploads\/2022\/04\/7-2022-03-14-17-08-49-aEuls9N1_musk.jpg","articleSection":["BIH i regija"],"inLanguage":"hr"},{"@type":"WebPage","@id":"https:\/\/radioljubuski.ba\/index.php\/2022\/04\/10\/nakon-kupovine-udjela-elon-musk-tvitao-umire-li-twitter\/","url":"https:\/\/radioljubuski.ba\/index.php\/2022\/04\/10\/nakon-kupovine-udjela-elon-musk-tvitao-umire-li-twitter\/","name":"Nakon kupovine udjela Elon Musk tvitao: Umire li Twitter?' - RADIO LJUBU\u0160KI","isPartOf":{"@id":"https:\/\/radioljubuski.ba\/#website"},"primaryImageOfPage":{"@id":"https:\/\/radioljubuski.ba\/index.php\/2022\/04\/10\/nakon-kupovine-udjela-elon-musk-tvitao-umire-li-twitter\/#primaryimage"},"image":{"@id":"https:\/\/radioljubuski.ba\/index.php\/2022\/04\/10\/nakon-kupovine-udjela-elon-musk-tvitao-umire-li-twitter\/#primaryimage"},"thumbnailUrl":"https:\/\/radioljubuski.ba\/wp-content\/uploads\/2022\/04\/7-2022-03-14-17-08-49-aEuls9N1_musk.jpg","datePublished":"2022-04-10T20:57:18+00:00","breadcrumb":{"@id":"https:\/\/radioljubuski.ba\/index.php\/2022\/04\/10\/nakon-kupovine-udjela-elon-musk-tvitao-umire-li-twitter\/#breadcrumb"},"inLanguage":"hr","potentialAction":[{"@type":"ReadAction","target":["https:\/\/radioljubuski.ba\/index.php\/2022\/04\/10\/nakon-kupovine-udjela-elon-musk-tvitao-umire-li-twitter\/"]}]},{"@type":"ImageObject","inLanguage":"hr","@id":"https:\/\/radioljubuski.ba\/index.php\/2022\/04\/10\/nakon-kupovine-udjela-elon-musk-tvitao-umire-li-twitter\/#primaryimage","url":"https:\/\/radioljubuski.ba\/wp-content\/uploads\/2022\/04\/7-2022-03-14-17-08-49-aEuls9N1_musk.jpg","contentUrl":"https:\/\/radioljubuski.ba\/wp-content\/uploads\/2022\/04\/7-2022-03-14-17-08-49-aEuls9N1_musk.jpg","width":1000,"height":625},{"@type":"BreadcrumbList","@id":"https:\/\/radioljubuski.ba\/index.php\/2022\/04\/10\/nakon-kupovine-udjela-elon-musk-tvitao-umire-li-twitter\/#breadcrumb","itemListElement":[{"@type":"ListItem","position":1,"name":"Po\u010detna stranica","item":"https:\/\/radioljubuski.ba\/"},{"@type":"ListItem","position":2,"name":"Nakon kupovine udjela Elon Musk tvitao: Umire li Twitter?&#8217;"}]},{"@type":"WebSite","@id":"https:\/\/radioljubuski.ba\/#website","url":"https:\/\/radioljubuski.ba\/","name":"Radio Ljubu\u0161ki","description":"Sun\u010dana frekvencija Hercegovine","publisher":{"@id":"https:\/\/radioljubuski.ba\/#organization"},"potentialAction":[{"@type":"SearchAction","target":{"@type":"EntryPoint","urlTemplate":"https:\/\/radioljubuski.ba\/?s={search_term_string}"},"query-input":{"@type":"PropertyValueSpecification","valueRequired":true,"valueName":"search_term_string"}}],"inLanguage":"hr"},{"@type":"Organization","@id":"https:\/\/radioljubuski.ba\/#organization","name":"Radio Ljubu\u0161ki","url":"https:\/\/radioljubuski.ba\/","logo":{"@type":"ImageObject","inLanguage":"hr","@id":"https:\/\/radioljubuski.ba\/#\/schema\/logo\/image\/","url":"https:\/\/radioljubuski.ba\/wp-content\/uploads\/2021\/02\/cropped-Radio_Ljubuski_logo1.jpg","contentUrl":"https:\/\/radioljubuski.ba\/wp-content\/uploads\/2021\/02\/cropped-Radio_Ljubuski_logo1.jpg","width":512,"height":512,"caption":"Radio Ljubu\u0161ki"},"image":{"@id":"https:\/\/radioljubuski.ba\/#\/schema\/logo\/image\/"},"sameAs":["https:\/\/www.facebook.com\/Radiio-Ljubuski-1490835324566332","https:\/\/x.com\/radioljubuski","https:\/\/hr.linkedin.com\/company\/radio-ljubuski","https:\/\/www.youtube.com\/channel\/UCHYaeO_n0Db3tjNGudGpXyw"]},{"@type":"Person","@id":"https:\/\/radioljubuski.ba\/#\/schema\/person\/19fc700381a780f69665d7956c469e3b","name":"Radio Ljubu\u0161ki"}]}},"_links":{"self":[{"href":"https:\/\/radioljubuski.ba\/index.php\/wp-json\/wp\/v2\/posts\/131121","targetHints":{"allow":["GET"]}}],"collection":[{"href":"https:\/\/radioljubuski.ba\/index.php\/wp-json\/wp\/v2\/posts"}],"about":[{"href":"https:\/\/radioljubuski.ba\/index.php\/wp-json\/wp\/v2\/types\/post"}],"author":[{"embeddable":true,"href":"https:\/\/radioljubuski.ba\/index.php\/wp-json\/wp\/v2\/users\/2"}],"replies":[{"embeddable":true,"href":"https:\/\/radioljubuski.ba\/index.php\/wp-json\/wp\/v2\/comments?post=131121"}],"version-history":[{"count":1,"href":"https:\/\/radioljubuski.ba\/index.php\/wp-json\/wp\/v2\/posts\/131121\/revisions"}],"predecessor-version":[{"id":131123,"href":"https:\/\/radioljubuski.ba\/index.php\/wp-json\/wp\/v2\/posts\/131121\/revisions\/131123"}],"wp:featuredmedia":[{"embeddable":true,"href":"https:\/\/radioljubuski.ba\/index.php\/wp-json\/wp\/v2\/media\/131122"}],"wp:attachment":[{"href":"https:\/\/radioljubuski.ba\/index.php\/wp-json\/wp\/v2\/media?parent=131121"}],"wp:term":[{"taxonomy":"category","embeddable":true,"href":"https:\/\/radioljubuski.ba\/index.php\/wp-json\/wp\/v2\/categories?post=131121"},{"taxonomy":"post_tag","embeddable":true,"href":"https:\/\/radioljubuski.ba\/index.php\/wp-json\/wp\/v2\/tags?post=131121"}],"curies":[{"name":"wp","href":"https:\/\/api.w.org\/{rel}","templated":true}]}}