{"id":131133,"date":"2022-04-10T23:00:30","date_gmt":"2022-04-10T22:00:30","guid":{"rendered":"https:\/\/radioljubuski.ba\/?p=131133"},"modified":"2022-04-10T23:00:32","modified_gmt":"2022-04-10T22:00:32","slug":"finska-se-sprema-za-povijesno-pristupanje-nato-u","status":"publish","type":"post","link":"https:\/\/radioljubuski.ba\/index.php\/2022\/04\/10\/finska-se-sprema-za-povijesno-pristupanje-nato-u\/","title":{"rendered":"Finska se sprema za povijesno pristupanje NATO-u"},"content":{"rendered":"\n<p><strong>Finska se do kraja lipnja priprema za potencijalno povijesnu odluku o kandidaturi za \u010dlanstvo u NATO savezu radi odvra\u0107anja ruske agresije, pi\u0161e danas AFP.<\/strong><\/p>\n\n\n\n<p>Finska, nordijska dr\u017eava s 5.5 milijuna stanovnika, u vojnim se pitanjima tradicionalno dr\u017eala po strani, dijelom kako ne bi provocirala svog isto\u010dnog susjeda, Rusiju, s kojom dijeli 1300 kilometara dugu granicu.<\/p>\n\n\n\n<p>No ruska invazija na Ukrajinu 24. velja\u010de udvostru\u010dila je podr\u0161ku finskih gra\u0111ana \u010dlanstvu u NATO-u s 30 na 60 posto, prema nizu provedenih anketa.<\/p>\n\n\n\n<p><strong>Predaja kandidature u svibnju<\/strong><\/p>\n\n\n\n<p>\u201cNikada nemojte podcjenjivati kapacitet Finaca da donose brze odluke kada se svijet mijenja\u201d, rekao je biv\u0161i finski premijer Alexander Stubb. Stubb, koji je i sam dugoro\u010dni zagovaratelj \u010dlanstva u NATO-u, sada vjeruje da je finska kandidatura neizbje\u017ena u vrijeme kada Finci preispituju svoj odnos s Rusijom.<\/p>\n\n\n\n<p>Izvje\u0161\u0107e o nacionalnoj sigurnosti, koje je zatra\u017eila vlada, idu\u0107eg \u0107e tjedna biti predano finskom parlamentu Eduskunti kako bi pomoglo zastupnicima da se odlu\u010de prije nego \u0161to se bude glasalo o kandidaturi.<\/p>\n\n\n\n<p>\u201cImat \u0107emo veoma oprezne rasprave, no to ne\u0107e potrajati du\u017ee nego \u0161to treba\u201d, rekla je premijerka Sanna Marin na tiskovnoj konferenciji u petak. Dodala je da bi rasprava trebala zavr\u0161iti do kraja lipnja.<\/p>\n\n\n\n<p>\u201cMoja je procjena da \u0107emo kandidaturu predati tijekom svibnja, prije lipanjskog summita NATO-a u Madridu\u201d, rekao je Stubb.<\/p>\n\n\n\n<p>Stubb: Sposobni smo mobilizirati do 300 tisu\u0107a mu\u0161karaca<\/p>\n\n\n\n<p>Finska je proglasila nezavisnost 1917. nakon 150 godina ruske vlasti, a zatim je u Drugom svjetskom ratu njena broj\u010dano daleko manja vojska zaustavila sovjetsku invaziju i pritom nanijela te\u0161ke gubitke Crvenoj armiji.<\/p>\n\n\n\n<p>Sukob je zavr\u0161io mirovnim sporazumom, kojim je Finska predala nekoliko pograni\u010dnih podru\u010dja Sovjetskom Savezu. Finski su vo\u0111e pristali ostati neutralni tijekom hladnog rata u zamjenu za jamstva Moskve da ih ne\u0107e napasti. Ta je prisilna neutralnost, radi zadovoljavanja interesa sna\u017enijeg susjeda, stvorila pojam finlandizacija.<\/p>\n\n\n\n<p>Finska je ostala izvan transatlantskog vojnog saveza, no, unato\u010d nekim rezovima, nakon hladnog rata se usredoto\u010dila na odr\u017eavanje dobro opremljenih obrambenih kapaciteta.<\/p>\n\n\n\n<p>\u201cSposobni smo mobilizirati od 280.000 do 300.000 mu\u0161karaca i \u017eena unutar nekoliko dana\u201d, rekao je Stubb i dodao da tako\u0111er na raspolaganju imaju 900.000 rezervista.<\/p>\n\n\n\n<p><strong>Finski zastupnik: Pro\u0161li smo duga\u010dak put<\/strong><\/p>\n\n\n\n<p>Finska je vlada pro\u0161log tjedna pristala na 40-postotno pove\u0107anje vojnog prora\u010duna do 2026. kako bi dodatno oja\u010dala svoju poziciju.<\/p>\n\n\n\n<p>\u201cPro\u0161li smo duga\u010dak put kada su u pitanju na\u0161e sigurnosne politike i dosad su funkcionirale\u201d, rekao je zastupnik politi\u010dke stranke Centar Joonas Kontta. Kontta, 32-godi\u0161njak, poput ve\u0107ine svojih parlamentarnih kolega je mislio da je \u010dlanstvo u NATO-u ne\u0161to \u0161to nije trenutno potrebno Finskoj.<\/p>\n\n\n\n<p>No ruska invazija je promijenila ne\u0161to u Europi, \u0161to se ne mo\u017ee vratiti u po\u010detno stanje, rekao je Kontta, koji je nedavno objavio da sada smatra da je vrijeme za pristup savezu. Brojni su zastupnici tako\u0111er nedavno objavili sli\u010dne promjene stavova kada je u pitanju finsko pitanje NATO-a, no brojni su i oni koji svoje stavove dr\u017ee za sebe i \u010dekaju detaljnije rasprave.<\/p>\n\n\n\n<p><strong>Manjina je protiv NATO-a<\/strong><\/p>\n\n\n\n<p>Svega \u0161est od 200 finskih zastupnika je u nedavnoj anketi, koju je proveo javni servis YIe, javno izrazio stavove protiv NATO-a, uklju\u010duju\u0107i i Markusa Mustajarvija iz stranke Lijevi savez. Finska i \u0160vedska neutralnost je cijelom sjeveru Europe donijela stabilnost, rekao je Mustajarvi.<\/p>\n\n\n\n<p>Mustajarvi se tako\u0111er pita bi li \u010dlanak 5. Sjevernoatlantskog ugovora, koji jam\u010di me\u0111usobnu obranu, zaista pru\u017eio stvarnu za\u0161titu u slu\u010daju napada. Umjesto toga, navodi finske obrambene kapacitete koji su toliko sna\u017eni da bi prisilili Rusiju da razmisli koju bi cijenu platila ako bi napala.<\/p>\n\n\n\n<p>Mustajarvi, premda je primio \u201csve vrste povratnih informacija\u201d od javnosti i kolega zastupnika o svom stavu, ustraje na tome da je \u201covo promislio i zasad ne vidi razlog da mijenja svoju poziciju\u201d.<\/p>\n\n\n\n<p><strong>\u0160ef NATO-a: Na\u0161a vrata ostaju otvorena<\/strong><\/p>\n\n\n\n<p>Finsko vodstvo je od po\u010detka ruskog napada zapo\u010delo intenzivan niz razgovora kako bi doznalo mi\u0161ljenje ostalih \u010dlanica NATO saveza o mogu\u0107oj kandidaturi za \u010dlanstvo.<\/p>\n\n\n\n<p>Finska je, zajedno sa \u0160vedskom, dobila javno obe\u0107anje glavnog tajnika saveza Jensa Stoltenberga da vrata saveza ostaju otvorena, a primila je i izraze podr\u0161ke brojnih \u010dlanica, poput Sjedinjenih Ameri\u010dkih Dr\u017eava, Ujedinjenog Kraljevstva, Njema\u010dke, Francuske i Turske.<\/p>\n\n\n\n<p>No Kremlj \u0107e finski poku\u0161aj pristupanja NATO-u vrlo vjerojatno smatrati provokacijom jer je pro\u0161irenje saveza predvo\u0111enog SAD-om na ruske granice prvorazredni sigurnosni problem za ruske vlasti.<\/p>\n\n\n\n<p><strong>\u201cFinska je uvijek poku\u0161avala ostati izvan sive zone\u201d<\/strong><\/p>\n\n\n\n<p>Predsjednik Finske Sauli Niinisto upozorio je da bi ruski odgovor mogao biti nepromi\u0161ljen i da bi mogao uklju\u010divati hibridne napade i naru\u0161avanje teritorijalnog integriteta. Kremlj se obvezao rebalansirati situaciju u slu\u010daju finskog pristupanja NATO savezu.<\/p>\n\n\n\n<p>Finski ministar vanjskih poslova Pekka Haavisto je u me\u0111uvremenu priznao da bi Rusija mogla poku\u0161ati destabilizirati kandidaturu za \u010dlanstvo tijekom sive zone izme\u0111u prijave i ratifikacije svih 30 dr\u017eava \u010dlanica, \u0161to bi moglo trajati izme\u0111u \u010detiri mjeseca i godine dana.<\/p>\n\n\n\n<p>\u201cFinska je uvijek poku\u0161avala ostati izvan sive zone\u201d, rekao je Stubb, koji vjeruje da Finska ima kapaciteta da se odupre potencijalnoj ruskoj agresiji ili hibridnim napadima.<\/p>\n\n\n\n<p>\/HMS\/<\/p>\n","protected":false},"excerpt":{"rendered":"<p>Finska se do kraja lipnja priprema za potencijalno povijesnu odluku o kandidaturi za \u010dlanstvo u NATO savezu radi odvra\u0107anja ruske agresije, pi\u0161e danas AFP. Finska, nordijska dr\u017eava s 5.5 milijuna stanovnika, u vojnim se pitanjima tradicionalno dr\u017eala po strani, dijelom kako ne bi provocirala svog isto\u010dnog susjeda, Rusiju, s kojom dijeli 1300 kilometara dugu granicu. [&hellip;]<\/p>\n","protected":false},"author":2,"featured_media":131134,"comment_status":"closed","ping_status":"closed","sticky":false,"template":"","format":"standard","meta":{"h5ap_radio_sources":[],"footnotes":""},"categories":[1],"tags":[],"class_list":["post-131133","post","type-post","status-publish","format-standard","has-post-thumbnail","hentry","category-bihiregija"],"yoast_head":"<!-- This site is optimized with the Yoast SEO plugin v27.5 - https:\/\/yoast.com\/product\/yoast-seo-wordpress\/ -->\n<title>Finska se sprema za povijesno pristupanje NATO-u - RADIO LJUBU\u0160KI<\/title>\n<meta name=\"robots\" content=\"index, follow, max-snippet:-1, max-image-preview:large, max-video-preview:-1\" \/>\n<link rel=\"canonical\" href=\"https:\/\/radioljubuski.ba\/index.php\/2022\/04\/10\/finska-se-sprema-za-povijesno-pristupanje-nato-u\/\" \/>\n<meta property=\"og:locale\" content=\"hr_HR\" \/>\n<meta property=\"og:type\" content=\"article\" \/>\n<meta property=\"og:title\" content=\"Finska se sprema za povijesno pristupanje NATO-u - RADIO LJUBU\u0160KI\" \/>\n<meta property=\"og:description\" content=\"Finska se do kraja lipnja priprema za potencijalno povijesnu odluku o kandidaturi za \u010dlanstvo u NATO savezu radi odvra\u0107anja ruske agresije, pi\u0161e danas AFP. Finska, nordijska dr\u017eava s 5.5 milijuna stanovnika, u vojnim se pitanjima tradicionalno dr\u017eala po strani, dijelom kako ne bi provocirala svog isto\u010dnog susjeda, Rusiju, s kojom dijeli 1300 kilometara dugu granicu. [&hellip;]\" \/>\n<meta property=\"og:url\" content=\"https:\/\/radioljubuski.ba\/index.php\/2022\/04\/10\/finska-se-sprema-za-povijesno-pristupanje-nato-u\/\" \/>\n<meta property=\"og:site_name\" content=\"RADIO LJUBU\u0160KI\" \/>\n<meta property=\"article:publisher\" content=\"https:\/\/www.facebook.com\/Radiio-Ljubuski-1490835324566332\" \/>\n<meta property=\"article:published_time\" content=\"2022-04-10T22:00:30+00:00\" \/>\n<meta property=\"article:modified_time\" content=\"2022-04-10T22:00:32+00:00\" \/>\n<meta property=\"og:image\" content=\"https:\/\/radioljubuski.ba\/wp-content\/uploads\/2022\/04\/finska-karta-1068x712-1.jpg\" \/>\n\t<meta property=\"og:image:width\" content=\"1068\" \/>\n\t<meta property=\"og:image:height\" content=\"712\" \/>\n\t<meta property=\"og:image:type\" content=\"image\/jpeg\" \/>\n<meta name=\"author\" content=\"Radio Ljubu\u0161ki\" \/>\n<meta name=\"twitter:card\" content=\"summary_large_image\" \/>\n<meta name=\"twitter:creator\" content=\"@radioljubuski\" \/>\n<meta name=\"twitter:site\" content=\"@radioljubuski\" \/>\n<meta name=\"twitter:label1\" content=\"Napisao\/la\" \/>\n\t<meta name=\"twitter:data1\" content=\"Radio Ljubu\u0161ki\" \/>\n\t<meta name=\"twitter:label2\" content=\"Procijenjeno vrijeme \u010ditanja\" \/>\n\t<meta name=\"twitter:data2\" content=\"4 minute\" \/>\n<script type=\"application\/ld+json\" class=\"yoast-schema-graph\">{\"@context\":\"https:\\\/\\\/schema.org\",\"@graph\":[{\"@type\":\"Article\",\"@id\":\"https:\\\/\\\/radioljubuski.ba\\\/index.php\\\/2022\\\/04\\\/10\\\/finska-se-sprema-za-povijesno-pristupanje-nato-u\\\/#article\",\"isPartOf\":{\"@id\":\"https:\\\/\\\/radioljubuski.ba\\\/index.php\\\/2022\\\/04\\\/10\\\/finska-se-sprema-za-povijesno-pristupanje-nato-u\\\/\"},\"author\":{\"name\":\"Radio Ljubu\u0161ki\",\"@id\":\"https:\\\/\\\/radioljubuski.ba\\\/#\\\/schema\\\/person\\\/19fc700381a780f69665d7956c469e3b\"},\"headline\":\"Finska se sprema za povijesno pristupanje NATO-u\",\"datePublished\":\"2022-04-10T22:00:30+00:00\",\"dateModified\":\"2022-04-10T22:00:32+00:00\",\"mainEntityOfPage\":{\"@id\":\"https:\\\/\\\/radioljubuski.ba\\\/index.php\\\/2022\\\/04\\\/10\\\/finska-se-sprema-za-povijesno-pristupanje-nato-u\\\/\"},\"wordCount\":874,\"publisher\":{\"@id\":\"https:\\\/\\\/radioljubuski.ba\\\/#organization\"},\"image\":{\"@id\":\"https:\\\/\\\/radioljubuski.ba\\\/index.php\\\/2022\\\/04\\\/10\\\/finska-se-sprema-za-povijesno-pristupanje-nato-u\\\/#primaryimage\"},\"thumbnailUrl\":\"https:\\\/\\\/radioljubuski.ba\\\/wp-content\\\/uploads\\\/2022\\\/04\\\/finska-karta-1068x712-1.jpg\",\"articleSection\":[\"BIH i regija\"],\"inLanguage\":\"hr\"},{\"@type\":\"WebPage\",\"@id\":\"https:\\\/\\\/radioljubuski.ba\\\/index.php\\\/2022\\\/04\\\/10\\\/finska-se-sprema-za-povijesno-pristupanje-nato-u\\\/\",\"url\":\"https:\\\/\\\/radioljubuski.ba\\\/index.php\\\/2022\\\/04\\\/10\\\/finska-se-sprema-za-povijesno-pristupanje-nato-u\\\/\",\"name\":\"Finska se sprema za povijesno pristupanje NATO-u - RADIO LJUBU\u0160KI\",\"isPartOf\":{\"@id\":\"https:\\\/\\\/radioljubuski.ba\\\/#website\"},\"primaryImageOfPage\":{\"@id\":\"https:\\\/\\\/radioljubuski.ba\\\/index.php\\\/2022\\\/04\\\/10\\\/finska-se-sprema-za-povijesno-pristupanje-nato-u\\\/#primaryimage\"},\"image\":{\"@id\":\"https:\\\/\\\/radioljubuski.ba\\\/index.php\\\/2022\\\/04\\\/10\\\/finska-se-sprema-za-povijesno-pristupanje-nato-u\\\/#primaryimage\"},\"thumbnailUrl\":\"https:\\\/\\\/radioljubuski.ba\\\/wp-content\\\/uploads\\\/2022\\\/04\\\/finska-karta-1068x712-1.jpg\",\"datePublished\":\"2022-04-10T22:00:30+00:00\",\"dateModified\":\"2022-04-10T22:00:32+00:00\",\"breadcrumb\":{\"@id\":\"https:\\\/\\\/radioljubuski.ba\\\/index.php\\\/2022\\\/04\\\/10\\\/finska-se-sprema-za-povijesno-pristupanje-nato-u\\\/#breadcrumb\"},\"inLanguage\":\"hr\",\"potentialAction\":[{\"@type\":\"ReadAction\",\"target\":[\"https:\\\/\\\/radioljubuski.ba\\\/index.php\\\/2022\\\/04\\\/10\\\/finska-se-sprema-za-povijesno-pristupanje-nato-u\\\/\"]}]},{\"@type\":\"ImageObject\",\"inLanguage\":\"hr\",\"@id\":\"https:\\\/\\\/radioljubuski.ba\\\/index.php\\\/2022\\\/04\\\/10\\\/finska-se-sprema-za-povijesno-pristupanje-nato-u\\\/#primaryimage\",\"url\":\"https:\\\/\\\/radioljubuski.ba\\\/wp-content\\\/uploads\\\/2022\\\/04\\\/finska-karta-1068x712-1.jpg\",\"contentUrl\":\"https:\\\/\\\/radioljubuski.ba\\\/wp-content\\\/uploads\\\/2022\\\/04\\\/finska-karta-1068x712-1.jpg\",\"width\":1068,\"height\":712},{\"@type\":\"BreadcrumbList\",\"@id\":\"https:\\\/\\\/radioljubuski.ba\\\/index.php\\\/2022\\\/04\\\/10\\\/finska-se-sprema-za-povijesno-pristupanje-nato-u\\\/#breadcrumb\",\"itemListElement\":[{\"@type\":\"ListItem\",\"position\":1,\"name\":\"Po\u010detna stranica\",\"item\":\"https:\\\/\\\/radioljubuski.ba\\\/\"},{\"@type\":\"ListItem\",\"position\":2,\"name\":\"Finska se sprema za povijesno pristupanje NATO-u\"}]},{\"@type\":\"WebSite\",\"@id\":\"https:\\\/\\\/radioljubuski.ba\\\/#website\",\"url\":\"https:\\\/\\\/radioljubuski.ba\\\/\",\"name\":\"Radio Ljubu\u0161ki\",\"description\":\"Sun\u010dana frekvencija Hercegovine\",\"publisher\":{\"@id\":\"https:\\\/\\\/radioljubuski.ba\\\/#organization\"},\"potentialAction\":[{\"@type\":\"SearchAction\",\"target\":{\"@type\":\"EntryPoint\",\"urlTemplate\":\"https:\\\/\\\/radioljubuski.ba\\\/?s={search_term_string}\"},\"query-input\":{\"@type\":\"PropertyValueSpecification\",\"valueRequired\":true,\"valueName\":\"search_term_string\"}}],\"inLanguage\":\"hr\"},{\"@type\":\"Organization\",\"@id\":\"https:\\\/\\\/radioljubuski.ba\\\/#organization\",\"name\":\"Radio Ljubu\u0161ki\",\"url\":\"https:\\\/\\\/radioljubuski.ba\\\/\",\"logo\":{\"@type\":\"ImageObject\",\"inLanguage\":\"hr\",\"@id\":\"https:\\\/\\\/radioljubuski.ba\\\/#\\\/schema\\\/logo\\\/image\\\/\",\"url\":\"https:\\\/\\\/radioljubuski.ba\\\/wp-content\\\/uploads\\\/2021\\\/02\\\/cropped-Radio_Ljubuski_logo1.jpg\",\"contentUrl\":\"https:\\\/\\\/radioljubuski.ba\\\/wp-content\\\/uploads\\\/2021\\\/02\\\/cropped-Radio_Ljubuski_logo1.jpg\",\"width\":512,\"height\":512,\"caption\":\"Radio Ljubu\u0161ki\"},\"image\":{\"@id\":\"https:\\\/\\\/radioljubuski.ba\\\/#\\\/schema\\\/logo\\\/image\\\/\"},\"sameAs\":[\"https:\\\/\\\/www.facebook.com\\\/Radiio-Ljubuski-1490835324566332\",\"https:\\\/\\\/x.com\\\/radioljubuski\",\"https:\\\/\\\/hr.linkedin.com\\\/company\\\/radio-ljubuski\",\"https:\\\/\\\/www.youtube.com\\\/channel\\\/UCHYaeO_n0Db3tjNGudGpXyw\"]},{\"@type\":\"Person\",\"@id\":\"https:\\\/\\\/radioljubuski.ba\\\/#\\\/schema\\\/person\\\/19fc700381a780f69665d7956c469e3b\",\"name\":\"Radio Ljubu\u0161ki\"}]}<\/script>\n<!-- \/ Yoast SEO plugin. -->","yoast_head_json":{"title":"Finska se sprema za povijesno pristupanje NATO-u - RADIO LJUBU\u0160KI","robots":{"index":"index","follow":"follow","max-snippet":"max-snippet:-1","max-image-preview":"max-image-preview:large","max-video-preview":"max-video-preview:-1"},"canonical":"https:\/\/radioljubuski.ba\/index.php\/2022\/04\/10\/finska-se-sprema-za-povijesno-pristupanje-nato-u\/","og_locale":"hr_HR","og_type":"article","og_title":"Finska se sprema za povijesno pristupanje NATO-u - RADIO LJUBU\u0160KI","og_description":"Finska se do kraja lipnja priprema za potencijalno povijesnu odluku o kandidaturi za \u010dlanstvo u NATO savezu radi odvra\u0107anja ruske agresije, pi\u0161e danas AFP. Finska, nordijska dr\u017eava s 5.5 milijuna stanovnika, u vojnim se pitanjima tradicionalno dr\u017eala po strani, dijelom kako ne bi provocirala svog isto\u010dnog susjeda, Rusiju, s kojom dijeli 1300 kilometara dugu granicu. [&hellip;]","og_url":"https:\/\/radioljubuski.ba\/index.php\/2022\/04\/10\/finska-se-sprema-za-povijesno-pristupanje-nato-u\/","og_site_name":"RADIO LJUBU\u0160KI","article_publisher":"https:\/\/www.facebook.com\/Radiio-Ljubuski-1490835324566332","article_published_time":"2022-04-10T22:00:30+00:00","article_modified_time":"2022-04-10T22:00:32+00:00","og_image":[{"width":1068,"height":712,"url":"https:\/\/radioljubuski.ba\/wp-content\/uploads\/2022\/04\/finska-karta-1068x712-1.jpg","type":"image\/jpeg"}],"author":"Radio Ljubu\u0161ki","twitter_card":"summary_large_image","twitter_creator":"@radioljubuski","twitter_site":"@radioljubuski","twitter_misc":{"Napisao\/la":"Radio Ljubu\u0161ki","Procijenjeno vrijeme \u010ditanja":"4 minute"},"schema":{"@context":"https:\/\/schema.org","@graph":[{"@type":"Article","@id":"https:\/\/radioljubuski.ba\/index.php\/2022\/04\/10\/finska-se-sprema-za-povijesno-pristupanje-nato-u\/#article","isPartOf":{"@id":"https:\/\/radioljubuski.ba\/index.php\/2022\/04\/10\/finska-se-sprema-za-povijesno-pristupanje-nato-u\/"},"author":{"name":"Radio Ljubu\u0161ki","@id":"https:\/\/radioljubuski.ba\/#\/schema\/person\/19fc700381a780f69665d7956c469e3b"},"headline":"Finska se sprema za povijesno pristupanje NATO-u","datePublished":"2022-04-10T22:00:30+00:00","dateModified":"2022-04-10T22:00:32+00:00","mainEntityOfPage":{"@id":"https:\/\/radioljubuski.ba\/index.php\/2022\/04\/10\/finska-se-sprema-za-povijesno-pristupanje-nato-u\/"},"wordCount":874,"publisher":{"@id":"https:\/\/radioljubuski.ba\/#organization"},"image":{"@id":"https:\/\/radioljubuski.ba\/index.php\/2022\/04\/10\/finska-se-sprema-za-povijesno-pristupanje-nato-u\/#primaryimage"},"thumbnailUrl":"https:\/\/radioljubuski.ba\/wp-content\/uploads\/2022\/04\/finska-karta-1068x712-1.jpg","articleSection":["BIH i regija"],"inLanguage":"hr"},{"@type":"WebPage","@id":"https:\/\/radioljubuski.ba\/index.php\/2022\/04\/10\/finska-se-sprema-za-povijesno-pristupanje-nato-u\/","url":"https:\/\/radioljubuski.ba\/index.php\/2022\/04\/10\/finska-se-sprema-za-povijesno-pristupanje-nato-u\/","name":"Finska se sprema za povijesno pristupanje NATO-u - RADIO LJUBU\u0160KI","isPartOf":{"@id":"https:\/\/radioljubuski.ba\/#website"},"primaryImageOfPage":{"@id":"https:\/\/radioljubuski.ba\/index.php\/2022\/04\/10\/finska-se-sprema-za-povijesno-pristupanje-nato-u\/#primaryimage"},"image":{"@id":"https:\/\/radioljubuski.ba\/index.php\/2022\/04\/10\/finska-se-sprema-za-povijesno-pristupanje-nato-u\/#primaryimage"},"thumbnailUrl":"https:\/\/radioljubuski.ba\/wp-content\/uploads\/2022\/04\/finska-karta-1068x712-1.jpg","datePublished":"2022-04-10T22:00:30+00:00","dateModified":"2022-04-10T22:00:32+00:00","breadcrumb":{"@id":"https:\/\/radioljubuski.ba\/index.php\/2022\/04\/10\/finska-se-sprema-za-povijesno-pristupanje-nato-u\/#breadcrumb"},"inLanguage":"hr","potentialAction":[{"@type":"ReadAction","target":["https:\/\/radioljubuski.ba\/index.php\/2022\/04\/10\/finska-se-sprema-za-povijesno-pristupanje-nato-u\/"]}]},{"@type":"ImageObject","inLanguage":"hr","@id":"https:\/\/radioljubuski.ba\/index.php\/2022\/04\/10\/finska-se-sprema-za-povijesno-pristupanje-nato-u\/#primaryimage","url":"https:\/\/radioljubuski.ba\/wp-content\/uploads\/2022\/04\/finska-karta-1068x712-1.jpg","contentUrl":"https:\/\/radioljubuski.ba\/wp-content\/uploads\/2022\/04\/finska-karta-1068x712-1.jpg","width":1068,"height":712},{"@type":"BreadcrumbList","@id":"https:\/\/radioljubuski.ba\/index.php\/2022\/04\/10\/finska-se-sprema-za-povijesno-pristupanje-nato-u\/#breadcrumb","itemListElement":[{"@type":"ListItem","position":1,"name":"Po\u010detna stranica","item":"https:\/\/radioljubuski.ba\/"},{"@type":"ListItem","position":2,"name":"Finska se sprema za povijesno pristupanje NATO-u"}]},{"@type":"WebSite","@id":"https:\/\/radioljubuski.ba\/#website","url":"https:\/\/radioljubuski.ba\/","name":"Radio Ljubu\u0161ki","description":"Sun\u010dana frekvencija Hercegovine","publisher":{"@id":"https:\/\/radioljubuski.ba\/#organization"},"potentialAction":[{"@type":"SearchAction","target":{"@type":"EntryPoint","urlTemplate":"https:\/\/radioljubuski.ba\/?s={search_term_string}"},"query-input":{"@type":"PropertyValueSpecification","valueRequired":true,"valueName":"search_term_string"}}],"inLanguage":"hr"},{"@type":"Organization","@id":"https:\/\/radioljubuski.ba\/#organization","name":"Radio Ljubu\u0161ki","url":"https:\/\/radioljubuski.ba\/","logo":{"@type":"ImageObject","inLanguage":"hr","@id":"https:\/\/radioljubuski.ba\/#\/schema\/logo\/image\/","url":"https:\/\/radioljubuski.ba\/wp-content\/uploads\/2021\/02\/cropped-Radio_Ljubuski_logo1.jpg","contentUrl":"https:\/\/radioljubuski.ba\/wp-content\/uploads\/2021\/02\/cropped-Radio_Ljubuski_logo1.jpg","width":512,"height":512,"caption":"Radio Ljubu\u0161ki"},"image":{"@id":"https:\/\/radioljubuski.ba\/#\/schema\/logo\/image\/"},"sameAs":["https:\/\/www.facebook.com\/Radiio-Ljubuski-1490835324566332","https:\/\/x.com\/radioljubuski","https:\/\/hr.linkedin.com\/company\/radio-ljubuski","https:\/\/www.youtube.com\/channel\/UCHYaeO_n0Db3tjNGudGpXyw"]},{"@type":"Person","@id":"https:\/\/radioljubuski.ba\/#\/schema\/person\/19fc700381a780f69665d7956c469e3b","name":"Radio Ljubu\u0161ki"}]}},"_links":{"self":[{"href":"https:\/\/radioljubuski.ba\/index.php\/wp-json\/wp\/v2\/posts\/131133","targetHints":{"allow":["GET"]}}],"collection":[{"href":"https:\/\/radioljubuski.ba\/index.php\/wp-json\/wp\/v2\/posts"}],"about":[{"href":"https:\/\/radioljubuski.ba\/index.php\/wp-json\/wp\/v2\/types\/post"}],"author":[{"embeddable":true,"href":"https:\/\/radioljubuski.ba\/index.php\/wp-json\/wp\/v2\/users\/2"}],"replies":[{"embeddable":true,"href":"https:\/\/radioljubuski.ba\/index.php\/wp-json\/wp\/v2\/comments?post=131133"}],"version-history":[{"count":1,"href":"https:\/\/radioljubuski.ba\/index.php\/wp-json\/wp\/v2\/posts\/131133\/revisions"}],"predecessor-version":[{"id":131135,"href":"https:\/\/radioljubuski.ba\/index.php\/wp-json\/wp\/v2\/posts\/131133\/revisions\/131135"}],"wp:featuredmedia":[{"embeddable":true,"href":"https:\/\/radioljubuski.ba\/index.php\/wp-json\/wp\/v2\/media\/131134"}],"wp:attachment":[{"href":"https:\/\/radioljubuski.ba\/index.php\/wp-json\/wp\/v2\/media?parent=131133"}],"wp:term":[{"taxonomy":"category","embeddable":true,"href":"https:\/\/radioljubuski.ba\/index.php\/wp-json\/wp\/v2\/categories?post=131133"},{"taxonomy":"post_tag","embeddable":true,"href":"https:\/\/radioljubuski.ba\/index.php\/wp-json\/wp\/v2\/tags?post=131133"}],"curies":[{"name":"wp","href":"https:\/\/api.w.org\/{rel}","templated":true}]}}