{"id":131142,"date":"2022-04-10T23:04:23","date_gmt":"2022-04-10T22:04:23","guid":{"rendered":"https:\/\/radioljubuski.ba\/?p=131142"},"modified":"2022-04-10T23:04:24","modified_gmt":"2022-04-10T22:04:24","slug":"sin-muamera-zukorlica-labaratorije-su-potvrdila-da-je-moj-otac-vjerojatno-otrovan-teskim-metalima","status":"publish","type":"post","link":"https:\/\/radioljubuski.ba\/index.php\/2022\/04\/10\/sin-muamera-zukorlica-labaratorije-su-potvrdila-da-je-moj-otac-vjerojatno-otrovan-teskim-metalima\/","title":{"rendered":"Sin Muamera Zukorli\u0107a: Labaratorije su potvrdila da je moj otac vjerojatno otrovan te\u0161kim metalima"},"content":{"rendered":"\n<p><strong>Sin Muamera Zukorli\u0107a i predsjednik Stranke pravde i pomirenja Usame Zukorli\u0107 na izvanrednoj konferenciji za medije je rekao da su laboratorije iz inozemstva navele da Muamer Zukorli\u0107 nije preminuo prirodnom smr\u0107u i da postoji mogu\u0107nost da je otrovan te\u0161kim metalima.<\/strong><\/p>\n\n\n\n<p>\u2013 Po\u0161tovana javnosti, pro\u0161lo je pet mjeseci i \u010detiri dana od smrti Muamera Zukorli\u0107a. Mene je smrt zadesila u Turskoj gdje sam poha\u0111ao \u0161kolu\u2026 Moja obitelj i ja se nismo pomirili s \u010dinjenicom da je umro velikan na\u0161eg vremena, a da institucije nisu utvrdile slu\u017ebeno uzrok smrti. U kaosu koji nas je zadesio tog dana, malo je ljudi koji su ostali pri sebi. Oni koji su bili, jo\u0161 tog dana su uzeli uzorak. Trebalo nam je du\u017ee razdoblje da prona\u0111emo adekvatne laboratorije gdje smo poslali uzorke. Dobili smo rezultate. Prva laboratorija je priop\u0107ila da postoji velika vjerojatno\u0107a da je testirana osoba bila otrovana te\u0161kim metalima, a druga da smrt nije nastupila prirodno \u2013 kazao je Usame Zukorli\u0107.<\/p>\n\n\n\n<iframe loading=\"lazy\" src=\"https:\/\/www.facebook.com\/plugins\/video.php?height=314&#038;href=https%3A%2F%2Fwww.facebook.com%2FUsameZukorlic%2Fvideos%2F665275741448680%2F&#038;show_text=false&#038;width=560&#038;t=0\" width=\"560\" height=\"314\" style=\"border:none;overflow:hidden\" scrolling=\"no\" frameborder=\"0\" allowfullscreen=\"true\" allow=\"autoplay; clipboard-write; encrypted-media; picture-in-picture; web-share\" allowFullScreen=\"true\"><\/iframe>\n\n\n\n<p>Konferenciji je prisustvovao i otac Muamera Zukorli\u0107a.<\/p>\n\n\n\n<p>\/HMS\/<\/p>\n","protected":false},"excerpt":{"rendered":"<p>Sin Muamera Zukorli\u0107a i predsjednik Stranke pravde i pomirenja Usame Zukorli\u0107 na izvanrednoj konferenciji za medije je rekao da su laboratorije iz inozemstva navele da Muamer Zukorli\u0107 nije preminuo prirodnom smr\u0107u i da postoji mogu\u0107nost da je otrovan te\u0161kim metalima. \u2013 Po\u0161tovana javnosti, pro\u0161lo je pet mjeseci i \u010detiri dana od smrti Muamera Zukorli\u0107a. Mene [&hellip;]<\/p>\n","protected":false},"author":2,"featured_media":131143,"comment_status":"closed","ping_status":"closed","sticky":false,"template":"","format":"standard","meta":{"h5ap_radio_sources":[],"footnotes":""},"categories":[1],"tags":[],"class_list":["post-131142","post","type-post","status-publish","format-standard","has-post-thumbnail","hentry","category-bihiregija"],"yoast_head":"<!-- This site is optimized with the Yoast SEO plugin v27.5 - https:\/\/yoast.com\/product\/yoast-seo-wordpress\/ -->\n<title>Sin Muamera Zukorli\u0107a: Labaratorije su potvrdila da je moj otac vjerojatno otrovan te\u0161kim metalima - RADIO LJUBU\u0160KI<\/title>\n<meta name=\"robots\" content=\"index, follow, max-snippet:-1, max-image-preview:large, max-video-preview:-1\" \/>\n<link rel=\"canonical\" href=\"https:\/\/radioljubuski.ba\/index.php\/2022\/04\/10\/sin-muamera-zukorlica-labaratorije-su-potvrdila-da-je-moj-otac-vjerojatno-otrovan-teskim-metalima\/\" \/>\n<meta property=\"og:locale\" content=\"hr_HR\" \/>\n<meta property=\"og:type\" content=\"article\" \/>\n<meta property=\"og:title\" content=\"Sin Muamera Zukorli\u0107a: Labaratorije su potvrdila da je moj otac vjerojatno otrovan te\u0161kim metalima - RADIO LJUBU\u0160KI\" \/>\n<meta property=\"og:description\" content=\"Sin Muamera Zukorli\u0107a i predsjednik Stranke pravde i pomirenja Usame Zukorli\u0107 na izvanrednoj konferenciji za medije je rekao da su laboratorije iz inozemstva navele da Muamer Zukorli\u0107 nije preminuo prirodnom smr\u0107u i da postoji mogu\u0107nost da je otrovan te\u0161kim metalima. \u2013 Po\u0161tovana javnosti, pro\u0161lo je pet mjeseci i \u010detiri dana od smrti Muamera Zukorli\u0107a. Mene [&hellip;]\" \/>\n<meta property=\"og:url\" content=\"https:\/\/radioljubuski.ba\/index.php\/2022\/04\/10\/sin-muamera-zukorlica-labaratorije-su-potvrdila-da-je-moj-otac-vjerojatno-otrovan-teskim-metalima\/\" \/>\n<meta property=\"og:site_name\" content=\"RADIO LJUBU\u0160KI\" \/>\n<meta property=\"article:publisher\" content=\"https:\/\/www.facebook.com\/Radiio-Ljubuski-1490835324566332\" \/>\n<meta property=\"article:published_time\" content=\"2022-04-10T22:04:23+00:00\" \/>\n<meta property=\"article:modified_time\" content=\"2022-04-10T22:04:24+00:00\" \/>\n<meta property=\"og:image\" content=\"https:\/\/radioljubuski.ba\/wp-content\/uploads\/2022\/04\/usame-zukorlic.jpg\" \/>\n\t<meta property=\"og:image:width\" content=\"640\" \/>\n\t<meta property=\"og:image:height\" content=\"360\" \/>\n\t<meta property=\"og:image:type\" content=\"image\/jpeg\" \/>\n<meta name=\"author\" content=\"Radio Ljubu\u0161ki\" \/>\n<meta name=\"twitter:card\" content=\"summary_large_image\" \/>\n<meta name=\"twitter:creator\" content=\"@radioljubuski\" \/>\n<meta name=\"twitter:site\" content=\"@radioljubuski\" \/>\n<meta name=\"twitter:label1\" content=\"Napisao\/la\" \/>\n\t<meta name=\"twitter:data1\" content=\"Radio Ljubu\u0161ki\" \/>\n\t<meta name=\"twitter:label2\" content=\"Procijenjeno vrijeme \u010ditanja\" \/>\n\t<meta name=\"twitter:data2\" content=\"1 minuta\" \/>\n<script type=\"application\/ld+json\" class=\"yoast-schema-graph\">{\"@context\":\"https:\\\/\\\/schema.org\",\"@graph\":[{\"@type\":\"Article\",\"@id\":\"https:\\\/\\\/radioljubuski.ba\\\/index.php\\\/2022\\\/04\\\/10\\\/sin-muamera-zukorlica-labaratorije-su-potvrdila-da-je-moj-otac-vjerojatno-otrovan-teskim-metalima\\\/#article\",\"isPartOf\":{\"@id\":\"https:\\\/\\\/radioljubuski.ba\\\/index.php\\\/2022\\\/04\\\/10\\\/sin-muamera-zukorlica-labaratorije-su-potvrdila-da-je-moj-otac-vjerojatno-otrovan-teskim-metalima\\\/\"},\"author\":{\"name\":\"Radio Ljubu\u0161ki\",\"@id\":\"https:\\\/\\\/radioljubuski.ba\\\/#\\\/schema\\\/person\\\/19fc700381a780f69665d7956c469e3b\"},\"headline\":\"Sin Muamera Zukorli\u0107a: Labaratorije su potvrdila da je moj otac vjerojatno otrovan te\u0161kim metalima\",\"datePublished\":\"2022-04-10T22:04:23+00:00\",\"dateModified\":\"2022-04-10T22:04:24+00:00\",\"mainEntityOfPage\":{\"@id\":\"https:\\\/\\\/radioljubuski.ba\\\/index.php\\\/2022\\\/04\\\/10\\\/sin-muamera-zukorlica-labaratorije-su-potvrdila-da-je-moj-otac-vjerojatno-otrovan-teskim-metalima\\\/\"},\"wordCount\":195,\"publisher\":{\"@id\":\"https:\\\/\\\/radioljubuski.ba\\\/#organization\"},\"image\":{\"@id\":\"https:\\\/\\\/radioljubuski.ba\\\/index.php\\\/2022\\\/04\\\/10\\\/sin-muamera-zukorlica-labaratorije-su-potvrdila-da-je-moj-otac-vjerojatno-otrovan-teskim-metalima\\\/#primaryimage\"},\"thumbnailUrl\":\"https:\\\/\\\/radioljubuski.ba\\\/wp-content\\\/uploads\\\/2022\\\/04\\\/usame-zukorlic.jpg\",\"articleSection\":[\"BIH i regija\"],\"inLanguage\":\"hr\"},{\"@type\":\"WebPage\",\"@id\":\"https:\\\/\\\/radioljubuski.ba\\\/index.php\\\/2022\\\/04\\\/10\\\/sin-muamera-zukorlica-labaratorije-su-potvrdila-da-je-moj-otac-vjerojatno-otrovan-teskim-metalima\\\/\",\"url\":\"https:\\\/\\\/radioljubuski.ba\\\/index.php\\\/2022\\\/04\\\/10\\\/sin-muamera-zukorlica-labaratorije-su-potvrdila-da-je-moj-otac-vjerojatno-otrovan-teskim-metalima\\\/\",\"name\":\"Sin Muamera Zukorli\u0107a: Labaratorije su potvrdila da je moj otac vjerojatno otrovan te\u0161kim metalima - RADIO LJUBU\u0160KI\",\"isPartOf\":{\"@id\":\"https:\\\/\\\/radioljubuski.ba\\\/#website\"},\"primaryImageOfPage\":{\"@id\":\"https:\\\/\\\/radioljubuski.ba\\\/index.php\\\/2022\\\/04\\\/10\\\/sin-muamera-zukorlica-labaratorije-su-potvrdila-da-je-moj-otac-vjerojatno-otrovan-teskim-metalima\\\/#primaryimage\"},\"image\":{\"@id\":\"https:\\\/\\\/radioljubuski.ba\\\/index.php\\\/2022\\\/04\\\/10\\\/sin-muamera-zukorlica-labaratorije-su-potvrdila-da-je-moj-otac-vjerojatno-otrovan-teskim-metalima\\\/#primaryimage\"},\"thumbnailUrl\":\"https:\\\/\\\/radioljubuski.ba\\\/wp-content\\\/uploads\\\/2022\\\/04\\\/usame-zukorlic.jpg\",\"datePublished\":\"2022-04-10T22:04:23+00:00\",\"dateModified\":\"2022-04-10T22:04:24+00:00\",\"breadcrumb\":{\"@id\":\"https:\\\/\\\/radioljubuski.ba\\\/index.php\\\/2022\\\/04\\\/10\\\/sin-muamera-zukorlica-labaratorije-su-potvrdila-da-je-moj-otac-vjerojatno-otrovan-teskim-metalima\\\/#breadcrumb\"},\"inLanguage\":\"hr\",\"potentialAction\":[{\"@type\":\"ReadAction\",\"target\":[\"https:\\\/\\\/radioljubuski.ba\\\/index.php\\\/2022\\\/04\\\/10\\\/sin-muamera-zukorlica-labaratorije-su-potvrdila-da-je-moj-otac-vjerojatno-otrovan-teskim-metalima\\\/\"]}]},{\"@type\":\"ImageObject\",\"inLanguage\":\"hr\",\"@id\":\"https:\\\/\\\/radioljubuski.ba\\\/index.php\\\/2022\\\/04\\\/10\\\/sin-muamera-zukorlica-labaratorije-su-potvrdila-da-je-moj-otac-vjerojatno-otrovan-teskim-metalima\\\/#primaryimage\",\"url\":\"https:\\\/\\\/radioljubuski.ba\\\/wp-content\\\/uploads\\\/2022\\\/04\\\/usame-zukorlic.jpg\",\"contentUrl\":\"https:\\\/\\\/radioljubuski.ba\\\/wp-content\\\/uploads\\\/2022\\\/04\\\/usame-zukorlic.jpg\",\"width\":640,\"height\":360},{\"@type\":\"BreadcrumbList\",\"@id\":\"https:\\\/\\\/radioljubuski.ba\\\/index.php\\\/2022\\\/04\\\/10\\\/sin-muamera-zukorlica-labaratorije-su-potvrdila-da-je-moj-otac-vjerojatno-otrovan-teskim-metalima\\\/#breadcrumb\",\"itemListElement\":[{\"@type\":\"ListItem\",\"position\":1,\"name\":\"Po\u010detna stranica\",\"item\":\"https:\\\/\\\/radioljubuski.ba\\\/\"},{\"@type\":\"ListItem\",\"position\":2,\"name\":\"Sin Muamera Zukorli\u0107a: Labaratorije su potvrdila da je moj otac vjerojatno otrovan te\u0161kim metalima\"}]},{\"@type\":\"WebSite\",\"@id\":\"https:\\\/\\\/radioljubuski.ba\\\/#website\",\"url\":\"https:\\\/\\\/radioljubuski.ba\\\/\",\"name\":\"Radio Ljubu\u0161ki\",\"description\":\"Sun\u010dana frekvencija Hercegovine\",\"publisher\":{\"@id\":\"https:\\\/\\\/radioljubuski.ba\\\/#organization\"},\"potentialAction\":[{\"@type\":\"SearchAction\",\"target\":{\"@type\":\"EntryPoint\",\"urlTemplate\":\"https:\\\/\\\/radioljubuski.ba\\\/?s={search_term_string}\"},\"query-input\":{\"@type\":\"PropertyValueSpecification\",\"valueRequired\":true,\"valueName\":\"search_term_string\"}}],\"inLanguage\":\"hr\"},{\"@type\":\"Organization\",\"@id\":\"https:\\\/\\\/radioljubuski.ba\\\/#organization\",\"name\":\"Radio Ljubu\u0161ki\",\"url\":\"https:\\\/\\\/radioljubuski.ba\\\/\",\"logo\":{\"@type\":\"ImageObject\",\"inLanguage\":\"hr\",\"@id\":\"https:\\\/\\\/radioljubuski.ba\\\/#\\\/schema\\\/logo\\\/image\\\/\",\"url\":\"https:\\\/\\\/radioljubuski.ba\\\/wp-content\\\/uploads\\\/2021\\\/02\\\/cropped-Radio_Ljubuski_logo1.jpg\",\"contentUrl\":\"https:\\\/\\\/radioljubuski.ba\\\/wp-content\\\/uploads\\\/2021\\\/02\\\/cropped-Radio_Ljubuski_logo1.jpg\",\"width\":512,\"height\":512,\"caption\":\"Radio Ljubu\u0161ki\"},\"image\":{\"@id\":\"https:\\\/\\\/radioljubuski.ba\\\/#\\\/schema\\\/logo\\\/image\\\/\"},\"sameAs\":[\"https:\\\/\\\/www.facebook.com\\\/Radiio-Ljubuski-1490835324566332\",\"https:\\\/\\\/x.com\\\/radioljubuski\",\"https:\\\/\\\/hr.linkedin.com\\\/company\\\/radio-ljubuski\",\"https:\\\/\\\/www.youtube.com\\\/channel\\\/UCHYaeO_n0Db3tjNGudGpXyw\"]},{\"@type\":\"Person\",\"@id\":\"https:\\\/\\\/radioljubuski.ba\\\/#\\\/schema\\\/person\\\/19fc700381a780f69665d7956c469e3b\",\"name\":\"Radio Ljubu\u0161ki\"}]}<\/script>\n<!-- \/ Yoast SEO plugin. -->","yoast_head_json":{"title":"Sin Muamera Zukorli\u0107a: Labaratorije su potvrdila da je moj otac vjerojatno otrovan te\u0161kim metalima - RADIO LJUBU\u0160KI","robots":{"index":"index","follow":"follow","max-snippet":"max-snippet:-1","max-image-preview":"max-image-preview:large","max-video-preview":"max-video-preview:-1"},"canonical":"https:\/\/radioljubuski.ba\/index.php\/2022\/04\/10\/sin-muamera-zukorlica-labaratorije-su-potvrdila-da-je-moj-otac-vjerojatno-otrovan-teskim-metalima\/","og_locale":"hr_HR","og_type":"article","og_title":"Sin Muamera Zukorli\u0107a: Labaratorije su potvrdila da je moj otac vjerojatno otrovan te\u0161kim metalima - RADIO LJUBU\u0160KI","og_description":"Sin Muamera Zukorli\u0107a i predsjednik Stranke pravde i pomirenja Usame Zukorli\u0107 na izvanrednoj konferenciji za medije je rekao da su laboratorije iz inozemstva navele da Muamer Zukorli\u0107 nije preminuo prirodnom smr\u0107u i da postoji mogu\u0107nost da je otrovan te\u0161kim metalima. \u2013 Po\u0161tovana javnosti, pro\u0161lo je pet mjeseci i \u010detiri dana od smrti Muamera Zukorli\u0107a. Mene [&hellip;]","og_url":"https:\/\/radioljubuski.ba\/index.php\/2022\/04\/10\/sin-muamera-zukorlica-labaratorije-su-potvrdila-da-je-moj-otac-vjerojatno-otrovan-teskim-metalima\/","og_site_name":"RADIO LJUBU\u0160KI","article_publisher":"https:\/\/www.facebook.com\/Radiio-Ljubuski-1490835324566332","article_published_time":"2022-04-10T22:04:23+00:00","article_modified_time":"2022-04-10T22:04:24+00:00","og_image":[{"width":640,"height":360,"url":"https:\/\/radioljubuski.ba\/wp-content\/uploads\/2022\/04\/usame-zukorlic.jpg","type":"image\/jpeg"}],"author":"Radio Ljubu\u0161ki","twitter_card":"summary_large_image","twitter_creator":"@radioljubuski","twitter_site":"@radioljubuski","twitter_misc":{"Napisao\/la":"Radio Ljubu\u0161ki","Procijenjeno vrijeme \u010ditanja":"1 minuta"},"schema":{"@context":"https:\/\/schema.org","@graph":[{"@type":"Article","@id":"https:\/\/radioljubuski.ba\/index.php\/2022\/04\/10\/sin-muamera-zukorlica-labaratorije-su-potvrdila-da-je-moj-otac-vjerojatno-otrovan-teskim-metalima\/#article","isPartOf":{"@id":"https:\/\/radioljubuski.ba\/index.php\/2022\/04\/10\/sin-muamera-zukorlica-labaratorije-su-potvrdila-da-je-moj-otac-vjerojatno-otrovan-teskim-metalima\/"},"author":{"name":"Radio Ljubu\u0161ki","@id":"https:\/\/radioljubuski.ba\/#\/schema\/person\/19fc700381a780f69665d7956c469e3b"},"headline":"Sin Muamera Zukorli\u0107a: Labaratorije su potvrdila da je moj otac vjerojatno otrovan te\u0161kim metalima","datePublished":"2022-04-10T22:04:23+00:00","dateModified":"2022-04-10T22:04:24+00:00","mainEntityOfPage":{"@id":"https:\/\/radioljubuski.ba\/index.php\/2022\/04\/10\/sin-muamera-zukorlica-labaratorije-su-potvrdila-da-je-moj-otac-vjerojatno-otrovan-teskim-metalima\/"},"wordCount":195,"publisher":{"@id":"https:\/\/radioljubuski.ba\/#organization"},"image":{"@id":"https:\/\/radioljubuski.ba\/index.php\/2022\/04\/10\/sin-muamera-zukorlica-labaratorije-su-potvrdila-da-je-moj-otac-vjerojatno-otrovan-teskim-metalima\/#primaryimage"},"thumbnailUrl":"https:\/\/radioljubuski.ba\/wp-content\/uploads\/2022\/04\/usame-zukorlic.jpg","articleSection":["BIH i regija"],"inLanguage":"hr"},{"@type":"WebPage","@id":"https:\/\/radioljubuski.ba\/index.php\/2022\/04\/10\/sin-muamera-zukorlica-labaratorije-su-potvrdila-da-je-moj-otac-vjerojatno-otrovan-teskim-metalima\/","url":"https:\/\/radioljubuski.ba\/index.php\/2022\/04\/10\/sin-muamera-zukorlica-labaratorije-su-potvrdila-da-je-moj-otac-vjerojatno-otrovan-teskim-metalima\/","name":"Sin Muamera Zukorli\u0107a: Labaratorije su potvrdila da je moj otac vjerojatno otrovan te\u0161kim metalima - RADIO LJUBU\u0160KI","isPartOf":{"@id":"https:\/\/radioljubuski.ba\/#website"},"primaryImageOfPage":{"@id":"https:\/\/radioljubuski.ba\/index.php\/2022\/04\/10\/sin-muamera-zukorlica-labaratorije-su-potvrdila-da-je-moj-otac-vjerojatno-otrovan-teskim-metalima\/#primaryimage"},"image":{"@id":"https:\/\/radioljubuski.ba\/index.php\/2022\/04\/10\/sin-muamera-zukorlica-labaratorije-su-potvrdila-da-je-moj-otac-vjerojatno-otrovan-teskim-metalima\/#primaryimage"},"thumbnailUrl":"https:\/\/radioljubuski.ba\/wp-content\/uploads\/2022\/04\/usame-zukorlic.jpg","datePublished":"2022-04-10T22:04:23+00:00","dateModified":"2022-04-10T22:04:24+00:00","breadcrumb":{"@id":"https:\/\/radioljubuski.ba\/index.php\/2022\/04\/10\/sin-muamera-zukorlica-labaratorije-su-potvrdila-da-je-moj-otac-vjerojatno-otrovan-teskim-metalima\/#breadcrumb"},"inLanguage":"hr","potentialAction":[{"@type":"ReadAction","target":["https:\/\/radioljubuski.ba\/index.php\/2022\/04\/10\/sin-muamera-zukorlica-labaratorije-su-potvrdila-da-je-moj-otac-vjerojatno-otrovan-teskim-metalima\/"]}]},{"@type":"ImageObject","inLanguage":"hr","@id":"https:\/\/radioljubuski.ba\/index.php\/2022\/04\/10\/sin-muamera-zukorlica-labaratorije-su-potvrdila-da-je-moj-otac-vjerojatno-otrovan-teskim-metalima\/#primaryimage","url":"https:\/\/radioljubuski.ba\/wp-content\/uploads\/2022\/04\/usame-zukorlic.jpg","contentUrl":"https:\/\/radioljubuski.ba\/wp-content\/uploads\/2022\/04\/usame-zukorlic.jpg","width":640,"height":360},{"@type":"BreadcrumbList","@id":"https:\/\/radioljubuski.ba\/index.php\/2022\/04\/10\/sin-muamera-zukorlica-labaratorije-su-potvrdila-da-je-moj-otac-vjerojatno-otrovan-teskim-metalima\/#breadcrumb","itemListElement":[{"@type":"ListItem","position":1,"name":"Po\u010detna stranica","item":"https:\/\/radioljubuski.ba\/"},{"@type":"ListItem","position":2,"name":"Sin Muamera Zukorli\u0107a: Labaratorije su potvrdila da je moj otac vjerojatno otrovan te\u0161kim metalima"}]},{"@type":"WebSite","@id":"https:\/\/radioljubuski.ba\/#website","url":"https:\/\/radioljubuski.ba\/","name":"Radio Ljubu\u0161ki","description":"Sun\u010dana frekvencija Hercegovine","publisher":{"@id":"https:\/\/radioljubuski.ba\/#organization"},"potentialAction":[{"@type":"SearchAction","target":{"@type":"EntryPoint","urlTemplate":"https:\/\/radioljubuski.ba\/?s={search_term_string}"},"query-input":{"@type":"PropertyValueSpecification","valueRequired":true,"valueName":"search_term_string"}}],"inLanguage":"hr"},{"@type":"Organization","@id":"https:\/\/radioljubuski.ba\/#organization","name":"Radio Ljubu\u0161ki","url":"https:\/\/radioljubuski.ba\/","logo":{"@type":"ImageObject","inLanguage":"hr","@id":"https:\/\/radioljubuski.ba\/#\/schema\/logo\/image\/","url":"https:\/\/radioljubuski.ba\/wp-content\/uploads\/2021\/02\/cropped-Radio_Ljubuski_logo1.jpg","contentUrl":"https:\/\/radioljubuski.ba\/wp-content\/uploads\/2021\/02\/cropped-Radio_Ljubuski_logo1.jpg","width":512,"height":512,"caption":"Radio Ljubu\u0161ki"},"image":{"@id":"https:\/\/radioljubuski.ba\/#\/schema\/logo\/image\/"},"sameAs":["https:\/\/www.facebook.com\/Radiio-Ljubuski-1490835324566332","https:\/\/x.com\/radioljubuski","https:\/\/hr.linkedin.com\/company\/radio-ljubuski","https:\/\/www.youtube.com\/channel\/UCHYaeO_n0Db3tjNGudGpXyw"]},{"@type":"Person","@id":"https:\/\/radioljubuski.ba\/#\/schema\/person\/19fc700381a780f69665d7956c469e3b","name":"Radio Ljubu\u0161ki"}]}},"_links":{"self":[{"href":"https:\/\/radioljubuski.ba\/index.php\/wp-json\/wp\/v2\/posts\/131142","targetHints":{"allow":["GET"]}}],"collection":[{"href":"https:\/\/radioljubuski.ba\/index.php\/wp-json\/wp\/v2\/posts"}],"about":[{"href":"https:\/\/radioljubuski.ba\/index.php\/wp-json\/wp\/v2\/types\/post"}],"author":[{"embeddable":true,"href":"https:\/\/radioljubuski.ba\/index.php\/wp-json\/wp\/v2\/users\/2"}],"replies":[{"embeddable":true,"href":"https:\/\/radioljubuski.ba\/index.php\/wp-json\/wp\/v2\/comments?post=131142"}],"version-history":[{"count":1,"href":"https:\/\/radioljubuski.ba\/index.php\/wp-json\/wp\/v2\/posts\/131142\/revisions"}],"predecessor-version":[{"id":131144,"href":"https:\/\/radioljubuski.ba\/index.php\/wp-json\/wp\/v2\/posts\/131142\/revisions\/131144"}],"wp:featuredmedia":[{"embeddable":true,"href":"https:\/\/radioljubuski.ba\/index.php\/wp-json\/wp\/v2\/media\/131143"}],"wp:attachment":[{"href":"https:\/\/radioljubuski.ba\/index.php\/wp-json\/wp\/v2\/media?parent=131142"}],"wp:term":[{"taxonomy":"category","embeddable":true,"href":"https:\/\/radioljubuski.ba\/index.php\/wp-json\/wp\/v2\/categories?post=131142"},{"taxonomy":"post_tag","embeddable":true,"href":"https:\/\/radioljubuski.ba\/index.php\/wp-json\/wp\/v2\/tags?post=131142"}],"curies":[{"name":"wp","href":"https:\/\/api.w.org\/{rel}","templated":true}]}}