{"id":131157,"date":"2022-04-10T23:09:25","date_gmt":"2022-04-10T22:09:25","guid":{"rendered":"https:\/\/radioljubuski.ba\/?p=131157"},"modified":"2022-04-10T23:09:26","modified_gmt":"2022-04-10T22:09:26","slug":"macron-relativni-pobjednik-s-le-pen-ce-u-drugi-izborni-krug","status":"publish","type":"post","link":"https:\/\/radioljubuski.ba\/index.php\/2022\/04\/10\/macron-relativni-pobjednik-s-le-pen-ce-u-drugi-izborni-krug\/","title":{"rendered":"Macron relativni pobjednik, s Le Pen \u0107e u drugi izborni krug"},"content":{"rendered":"\n<p><strong>Aktualni francuski predsjednik Emmanuel Macron i krajnje desna Marine Le Pen u\u0107i \u0107e u drugi krug francuskih predsjedni\u010dkih izbora, pokazale su prve procjene rezultata izbora.<\/strong><\/p>\n\n\n\n<p>Macron je dobio 29,5 posto, Le Pen 23,5 posto, a lijevi Jean-Luc Melenchon 20,5 posto, prenosi Index.hr.<\/p>\n\n\n\n<p>Oko 48,7 milijuna registriranih bira\u010da moglo je glasati od 8 sati ujutro do 19 ili 20 sati kada su se birali\u0161ta zatvorila birali\u0161ta u velikim gradovima. Zbog vremenske razlike na nekim se francuskim prekomorskim teritorijima, primjerice na Karibima, glasalo ve\u0107 u subotu.<\/p>\n\n\n\n<p><strong>Prvo obra\u0107anje Macrona: U drugom krugu sprije\u010dimo krajnju desnicu da do\u0111e na vlast<\/strong><\/p>\n\n\n\n<p>Dok je aktualni francuski predsjednik izlazio na binu pred svoje prista\u0161e oni su skandirali \u201cMacron, predsjednik\u201d i \u201cI jedna i dvije i jo\u0161 pet godina\u201d.<\/p>\n\n\n\n<p>Prvo je zahvalio onima koji su glasali za njega, kao i kandidatima koji su bili protiv njega te onima koji su pozvali svoje bira\u010de da glasaju za njega.<\/p>\n\n\n\n<p>Od francuskih je bira\u010da zatra\u017eio da u drugom krugu glasaju za njega kako bi sprije\u010dili krajnju desnicu da preuzme vlast.<\/p>\n\n\n\n<p>\u201cPozivam sve, uklju\u010duju\u0107i i one koji nisu glasali za mene u prvom krugu, da stanu uz nas u drugom krugu\u201d, rekao je.<\/p>\n\n\n\n<p>Ka\u017ee kako se nada da \u0107e uvjeriti one koji nisu glasali ili koji su glasali za ekstremne kandidate da glasaju za njega.<\/p>\n\n\n\n<p><strong>Zemmour pozvao svoje bira\u010de da glasaju za Le Pen<\/strong><\/p>\n\n\n\n<p>Kandidat francuske krajnje desnice Eric Zemmour sada je, o\u010dekivano, pozvao svoje prista\u0161e da u drugom krugu predsjedni\u010dkih izbora glasaju za \u010delnicu krajnje desnice Marine Le Pen.<\/p>\n\n\n\n<p>Me\u0111utim, rekao je kako \u0107e se njegova stranka nastaviti boriti za svoje ideje, rekav\u0161i da je njezin stav jedinstven.<\/p>\n\n\n\n<p><strong>Poruka Francuzima iz \u010detiri sto\u017eera: Glasajte protiv krajnje desnice u 2. krugu<\/strong><\/p>\n\n\n\n<p>Kandidatkinja konzervativaca Valerie P\u00e9cresse pozvala je bira\u010de da zaokru\u017ee Emmanuela Macrona u drugom krugu. Rekla je da krajnja desnica nikada nije bila bli\u017ea mo\u0107i, ali da bi francuski narod morao re\u0107i ne ekstremizmu.<\/p>\n\n\n\n<p><strong>Le Pen: Uvest \u0107u reda u Francuskoj, glasajte za mene u drugom krugu<\/strong><\/p>\n\n\n\n<p>\u201cNarod Francuske je odabrao i dao mi \u010dast da se kvalificiram u drugi krug\u201d, rekla je Marine Le Pen nakon \u0161to su objavljene projekcije rezultata prvog kruga predsjedni\u010dkih izbora.<\/p>\n\n\n\n<p>Marine Le Pen izgubila je 2017. u drugom krugu od Macrona.<\/p>\n\n\n\n<p>Klju\u010dni trenutak kampanje za drugi krug izbora bit \u0107e 20. travnja kada \u0107e se odr\u017eati tradicionalna televizijska debata dvoje kandidata. \u010cini se da su i Macron i Le Pen postigli bolji rezultat nego 2017.<\/p>\n\n\n\n<p>Naime, aktualni francuski predsjednik je s 24 posto prije pet godina u prvom krugu oti\u0161ao na preko 28 posto danas, koliko su projekcije Ipsosa, a Le Pen, \u010delnica krajnje desnice je prije pet godina u prvom krugu osvojila 21.3 posto glasova, dok je danas prema projekcijama na preko 23 posto.<\/p>\n\n\n\n<p><strong>Le Pen postigla najbolji rezultat ikad na predsjedni\u010dkim izborima<\/strong><\/p>\n\n\n\n<p>BBC pi\u0161e kako u sto\u017eeru Le Pen smatraju da je pro\u0161la jako dobro jer je postigla najbolji rezultat u predsjedni\u010dkim izborima u kojima je sudjelovala, a ovo su joj tre\u0107i.<\/p>\n\n\n\n<p>Neki od spin doktora koji su se okupili u njenom sto\u017eeru govore da je ovo puno bolje nego \u0161to su ovdje o\u010dekivali.<\/p>\n\n\n\n<p>\/HMS\/<\/p>\n","protected":false},"excerpt":{"rendered":"<p>Aktualni francuski predsjednik Emmanuel Macron i krajnje desna Marine Le Pen u\u0107i \u0107e u drugi krug francuskih predsjedni\u010dkih izbora, pokazale su prve procjene rezultata izbora. Macron je dobio 29,5 posto, Le Pen 23,5 posto, a lijevi Jean-Luc Melenchon 20,5 posto, prenosi Index.hr. Oko 48,7 milijuna registriranih bira\u010da moglo je glasati od 8 sati ujutro do [&hellip;]<\/p>\n","protected":false},"author":2,"featured_media":131158,"comment_status":"closed","ping_status":"closed","sticky":false,"template":"","format":"standard","meta":{"h5ap_radio_sources":[],"footnotes":""},"categories":[1],"tags":[],"class_list":["post-131157","post","type-post","status-publish","format-standard","has-post-thumbnail","hentry","category-bihiregija"],"yoast_head":"<!-- This site is optimized with the Yoast SEO plugin v27.5 - https:\/\/yoast.com\/product\/yoast-seo-wordpress\/ -->\n<title>Macron relativni pobjednik, s Le Pen \u0107e u drugi izborni krug - RADIO LJUBU\u0160KI<\/title>\n<meta name=\"robots\" content=\"index, follow, max-snippet:-1, max-image-preview:large, max-video-preview:-1\" \/>\n<link rel=\"canonical\" href=\"https:\/\/radioljubuski.ba\/index.php\/2022\/04\/10\/macron-relativni-pobjednik-s-le-pen-ce-u-drugi-izborni-krug\/\" \/>\n<meta property=\"og:locale\" content=\"hr_HR\" \/>\n<meta property=\"og:type\" content=\"article\" \/>\n<meta property=\"og:title\" content=\"Macron relativni pobjednik, s Le Pen \u0107e u drugi izborni krug - RADIO LJUBU\u0160KI\" \/>\n<meta property=\"og:description\" content=\"Aktualni francuski predsjednik Emmanuel Macron i krajnje desna Marine Le Pen u\u0107i \u0107e u drugi krug francuskih predsjedni\u010dkih izbora, pokazale su prve procjene rezultata izbora. Macron je dobio 29,5 posto, Le Pen 23,5 posto, a lijevi Jean-Luc Melenchon 20,5 posto, prenosi Index.hr. Oko 48,7 milijuna registriranih bira\u010da moglo je glasati od 8 sati ujutro do [&hellip;]\" \/>\n<meta property=\"og:url\" content=\"https:\/\/radioljubuski.ba\/index.php\/2022\/04\/10\/macron-relativni-pobjednik-s-le-pen-ce-u-drugi-izborni-krug\/\" \/>\n<meta property=\"og:site_name\" content=\"RADIO LJUBU\u0160KI\" \/>\n<meta property=\"article:publisher\" content=\"https:\/\/www.facebook.com\/Radiio-Ljubuski-1490835324566332\" \/>\n<meta property=\"article:published_time\" content=\"2022-04-10T22:09:25+00:00\" \/>\n<meta property=\"article:modified_time\" content=\"2022-04-10T22:09:26+00:00\" \/>\n<meta property=\"og:image\" content=\"https:\/\/radioljubuski.ba\/wp-content\/uploads\/2022\/04\/macron-i-le-pen-1068x801-1.jpg\" \/>\n\t<meta property=\"og:image:width\" content=\"1068\" \/>\n\t<meta property=\"og:image:height\" content=\"801\" \/>\n\t<meta property=\"og:image:type\" content=\"image\/jpeg\" \/>\n<meta name=\"author\" content=\"Radio Ljubu\u0161ki\" \/>\n<meta name=\"twitter:card\" content=\"summary_large_image\" \/>\n<meta name=\"twitter:creator\" content=\"@radioljubuski\" \/>\n<meta name=\"twitter:site\" content=\"@radioljubuski\" \/>\n<meta name=\"twitter:label1\" content=\"Napisao\/la\" \/>\n\t<meta name=\"twitter:data1\" content=\"Radio Ljubu\u0161ki\" \/>\n\t<meta name=\"twitter:label2\" content=\"Procijenjeno vrijeme \u010ditanja\" \/>\n\t<meta name=\"twitter:data2\" content=\"3 minute\" \/>\n<script type=\"application\/ld+json\" class=\"yoast-schema-graph\">{\"@context\":\"https:\\\/\\\/schema.org\",\"@graph\":[{\"@type\":\"Article\",\"@id\":\"https:\\\/\\\/radioljubuski.ba\\\/index.php\\\/2022\\\/04\\\/10\\\/macron-relativni-pobjednik-s-le-pen-ce-u-drugi-izborni-krug\\\/#article\",\"isPartOf\":{\"@id\":\"https:\\\/\\\/radioljubuski.ba\\\/index.php\\\/2022\\\/04\\\/10\\\/macron-relativni-pobjednik-s-le-pen-ce-u-drugi-izborni-krug\\\/\"},\"author\":{\"name\":\"Radio Ljubu\u0161ki\",\"@id\":\"https:\\\/\\\/radioljubuski.ba\\\/#\\\/schema\\\/person\\\/19fc700381a780f69665d7956c469e3b\"},\"headline\":\"Macron relativni pobjednik, s Le Pen \u0107e u drugi izborni krug\",\"datePublished\":\"2022-04-10T22:09:25+00:00\",\"dateModified\":\"2022-04-10T22:09:26+00:00\",\"mainEntityOfPage\":{\"@id\":\"https:\\\/\\\/radioljubuski.ba\\\/index.php\\\/2022\\\/04\\\/10\\\/macron-relativni-pobjednik-s-le-pen-ce-u-drugi-izborni-krug\\\/\"},\"wordCount\":550,\"publisher\":{\"@id\":\"https:\\\/\\\/radioljubuski.ba\\\/#organization\"},\"image\":{\"@id\":\"https:\\\/\\\/radioljubuski.ba\\\/index.php\\\/2022\\\/04\\\/10\\\/macron-relativni-pobjednik-s-le-pen-ce-u-drugi-izborni-krug\\\/#primaryimage\"},\"thumbnailUrl\":\"https:\\\/\\\/radioljubuski.ba\\\/wp-content\\\/uploads\\\/2022\\\/04\\\/macron-i-le-pen-1068x801-1.jpg\",\"articleSection\":[\"BIH i regija\"],\"inLanguage\":\"hr\"},{\"@type\":\"WebPage\",\"@id\":\"https:\\\/\\\/radioljubuski.ba\\\/index.php\\\/2022\\\/04\\\/10\\\/macron-relativni-pobjednik-s-le-pen-ce-u-drugi-izborni-krug\\\/\",\"url\":\"https:\\\/\\\/radioljubuski.ba\\\/index.php\\\/2022\\\/04\\\/10\\\/macron-relativni-pobjednik-s-le-pen-ce-u-drugi-izborni-krug\\\/\",\"name\":\"Macron relativni pobjednik, s Le Pen \u0107e u drugi izborni krug - RADIO LJUBU\u0160KI\",\"isPartOf\":{\"@id\":\"https:\\\/\\\/radioljubuski.ba\\\/#website\"},\"primaryImageOfPage\":{\"@id\":\"https:\\\/\\\/radioljubuski.ba\\\/index.php\\\/2022\\\/04\\\/10\\\/macron-relativni-pobjednik-s-le-pen-ce-u-drugi-izborni-krug\\\/#primaryimage\"},\"image\":{\"@id\":\"https:\\\/\\\/radioljubuski.ba\\\/index.php\\\/2022\\\/04\\\/10\\\/macron-relativni-pobjednik-s-le-pen-ce-u-drugi-izborni-krug\\\/#primaryimage\"},\"thumbnailUrl\":\"https:\\\/\\\/radioljubuski.ba\\\/wp-content\\\/uploads\\\/2022\\\/04\\\/macron-i-le-pen-1068x801-1.jpg\",\"datePublished\":\"2022-04-10T22:09:25+00:00\",\"dateModified\":\"2022-04-10T22:09:26+00:00\",\"breadcrumb\":{\"@id\":\"https:\\\/\\\/radioljubuski.ba\\\/index.php\\\/2022\\\/04\\\/10\\\/macron-relativni-pobjednik-s-le-pen-ce-u-drugi-izborni-krug\\\/#breadcrumb\"},\"inLanguage\":\"hr\",\"potentialAction\":[{\"@type\":\"ReadAction\",\"target\":[\"https:\\\/\\\/radioljubuski.ba\\\/index.php\\\/2022\\\/04\\\/10\\\/macron-relativni-pobjednik-s-le-pen-ce-u-drugi-izborni-krug\\\/\"]}]},{\"@type\":\"ImageObject\",\"inLanguage\":\"hr\",\"@id\":\"https:\\\/\\\/radioljubuski.ba\\\/index.php\\\/2022\\\/04\\\/10\\\/macron-relativni-pobjednik-s-le-pen-ce-u-drugi-izborni-krug\\\/#primaryimage\",\"url\":\"https:\\\/\\\/radioljubuski.ba\\\/wp-content\\\/uploads\\\/2022\\\/04\\\/macron-i-le-pen-1068x801-1.jpg\",\"contentUrl\":\"https:\\\/\\\/radioljubuski.ba\\\/wp-content\\\/uploads\\\/2022\\\/04\\\/macron-i-le-pen-1068x801-1.jpg\",\"width\":1068,\"height\":801},{\"@type\":\"BreadcrumbList\",\"@id\":\"https:\\\/\\\/radioljubuski.ba\\\/index.php\\\/2022\\\/04\\\/10\\\/macron-relativni-pobjednik-s-le-pen-ce-u-drugi-izborni-krug\\\/#breadcrumb\",\"itemListElement\":[{\"@type\":\"ListItem\",\"position\":1,\"name\":\"Po\u010detna stranica\",\"item\":\"https:\\\/\\\/radioljubuski.ba\\\/\"},{\"@type\":\"ListItem\",\"position\":2,\"name\":\"Macron relativni pobjednik, s Le Pen \u0107e u drugi izborni krug\"}]},{\"@type\":\"WebSite\",\"@id\":\"https:\\\/\\\/radioljubuski.ba\\\/#website\",\"url\":\"https:\\\/\\\/radioljubuski.ba\\\/\",\"name\":\"Radio Ljubu\u0161ki\",\"description\":\"Sun\u010dana frekvencija Hercegovine\",\"publisher\":{\"@id\":\"https:\\\/\\\/radioljubuski.ba\\\/#organization\"},\"potentialAction\":[{\"@type\":\"SearchAction\",\"target\":{\"@type\":\"EntryPoint\",\"urlTemplate\":\"https:\\\/\\\/radioljubuski.ba\\\/?s={search_term_string}\"},\"query-input\":{\"@type\":\"PropertyValueSpecification\",\"valueRequired\":true,\"valueName\":\"search_term_string\"}}],\"inLanguage\":\"hr\"},{\"@type\":\"Organization\",\"@id\":\"https:\\\/\\\/radioljubuski.ba\\\/#organization\",\"name\":\"Radio Ljubu\u0161ki\",\"url\":\"https:\\\/\\\/radioljubuski.ba\\\/\",\"logo\":{\"@type\":\"ImageObject\",\"inLanguage\":\"hr\",\"@id\":\"https:\\\/\\\/radioljubuski.ba\\\/#\\\/schema\\\/logo\\\/image\\\/\",\"url\":\"https:\\\/\\\/radioljubuski.ba\\\/wp-content\\\/uploads\\\/2021\\\/02\\\/cropped-Radio_Ljubuski_logo1.jpg\",\"contentUrl\":\"https:\\\/\\\/radioljubuski.ba\\\/wp-content\\\/uploads\\\/2021\\\/02\\\/cropped-Radio_Ljubuski_logo1.jpg\",\"width\":512,\"height\":512,\"caption\":\"Radio Ljubu\u0161ki\"},\"image\":{\"@id\":\"https:\\\/\\\/radioljubuski.ba\\\/#\\\/schema\\\/logo\\\/image\\\/\"},\"sameAs\":[\"https:\\\/\\\/www.facebook.com\\\/Radiio-Ljubuski-1490835324566332\",\"https:\\\/\\\/x.com\\\/radioljubuski\",\"https:\\\/\\\/hr.linkedin.com\\\/company\\\/radio-ljubuski\",\"https:\\\/\\\/www.youtube.com\\\/channel\\\/UCHYaeO_n0Db3tjNGudGpXyw\"]},{\"@type\":\"Person\",\"@id\":\"https:\\\/\\\/radioljubuski.ba\\\/#\\\/schema\\\/person\\\/19fc700381a780f69665d7956c469e3b\",\"name\":\"Radio Ljubu\u0161ki\"}]}<\/script>\n<!-- \/ Yoast SEO plugin. -->","yoast_head_json":{"title":"Macron relativni pobjednik, s Le Pen \u0107e u drugi izborni krug - RADIO LJUBU\u0160KI","robots":{"index":"index","follow":"follow","max-snippet":"max-snippet:-1","max-image-preview":"max-image-preview:large","max-video-preview":"max-video-preview:-1"},"canonical":"https:\/\/radioljubuski.ba\/index.php\/2022\/04\/10\/macron-relativni-pobjednik-s-le-pen-ce-u-drugi-izborni-krug\/","og_locale":"hr_HR","og_type":"article","og_title":"Macron relativni pobjednik, s Le Pen \u0107e u drugi izborni krug - RADIO LJUBU\u0160KI","og_description":"Aktualni francuski predsjednik Emmanuel Macron i krajnje desna Marine Le Pen u\u0107i \u0107e u drugi krug francuskih predsjedni\u010dkih izbora, pokazale su prve procjene rezultata izbora. Macron je dobio 29,5 posto, Le Pen 23,5 posto, a lijevi Jean-Luc Melenchon 20,5 posto, prenosi Index.hr. Oko 48,7 milijuna registriranih bira\u010da moglo je glasati od 8 sati ujutro do [&hellip;]","og_url":"https:\/\/radioljubuski.ba\/index.php\/2022\/04\/10\/macron-relativni-pobjednik-s-le-pen-ce-u-drugi-izborni-krug\/","og_site_name":"RADIO LJUBU\u0160KI","article_publisher":"https:\/\/www.facebook.com\/Radiio-Ljubuski-1490835324566332","article_published_time":"2022-04-10T22:09:25+00:00","article_modified_time":"2022-04-10T22:09:26+00:00","og_image":[{"width":1068,"height":801,"url":"https:\/\/radioljubuski.ba\/wp-content\/uploads\/2022\/04\/macron-i-le-pen-1068x801-1.jpg","type":"image\/jpeg"}],"author":"Radio Ljubu\u0161ki","twitter_card":"summary_large_image","twitter_creator":"@radioljubuski","twitter_site":"@radioljubuski","twitter_misc":{"Napisao\/la":"Radio Ljubu\u0161ki","Procijenjeno vrijeme \u010ditanja":"3 minute"},"schema":{"@context":"https:\/\/schema.org","@graph":[{"@type":"Article","@id":"https:\/\/radioljubuski.ba\/index.php\/2022\/04\/10\/macron-relativni-pobjednik-s-le-pen-ce-u-drugi-izborni-krug\/#article","isPartOf":{"@id":"https:\/\/radioljubuski.ba\/index.php\/2022\/04\/10\/macron-relativni-pobjednik-s-le-pen-ce-u-drugi-izborni-krug\/"},"author":{"name":"Radio Ljubu\u0161ki","@id":"https:\/\/radioljubuski.ba\/#\/schema\/person\/19fc700381a780f69665d7956c469e3b"},"headline":"Macron relativni pobjednik, s Le Pen \u0107e u drugi izborni krug","datePublished":"2022-04-10T22:09:25+00:00","dateModified":"2022-04-10T22:09:26+00:00","mainEntityOfPage":{"@id":"https:\/\/radioljubuski.ba\/index.php\/2022\/04\/10\/macron-relativni-pobjednik-s-le-pen-ce-u-drugi-izborni-krug\/"},"wordCount":550,"publisher":{"@id":"https:\/\/radioljubuski.ba\/#organization"},"image":{"@id":"https:\/\/radioljubuski.ba\/index.php\/2022\/04\/10\/macron-relativni-pobjednik-s-le-pen-ce-u-drugi-izborni-krug\/#primaryimage"},"thumbnailUrl":"https:\/\/radioljubuski.ba\/wp-content\/uploads\/2022\/04\/macron-i-le-pen-1068x801-1.jpg","articleSection":["BIH i regija"],"inLanguage":"hr"},{"@type":"WebPage","@id":"https:\/\/radioljubuski.ba\/index.php\/2022\/04\/10\/macron-relativni-pobjednik-s-le-pen-ce-u-drugi-izborni-krug\/","url":"https:\/\/radioljubuski.ba\/index.php\/2022\/04\/10\/macron-relativni-pobjednik-s-le-pen-ce-u-drugi-izborni-krug\/","name":"Macron relativni pobjednik, s Le Pen \u0107e u drugi izborni krug - RADIO LJUBU\u0160KI","isPartOf":{"@id":"https:\/\/radioljubuski.ba\/#website"},"primaryImageOfPage":{"@id":"https:\/\/radioljubuski.ba\/index.php\/2022\/04\/10\/macron-relativni-pobjednik-s-le-pen-ce-u-drugi-izborni-krug\/#primaryimage"},"image":{"@id":"https:\/\/radioljubuski.ba\/index.php\/2022\/04\/10\/macron-relativni-pobjednik-s-le-pen-ce-u-drugi-izborni-krug\/#primaryimage"},"thumbnailUrl":"https:\/\/radioljubuski.ba\/wp-content\/uploads\/2022\/04\/macron-i-le-pen-1068x801-1.jpg","datePublished":"2022-04-10T22:09:25+00:00","dateModified":"2022-04-10T22:09:26+00:00","breadcrumb":{"@id":"https:\/\/radioljubuski.ba\/index.php\/2022\/04\/10\/macron-relativni-pobjednik-s-le-pen-ce-u-drugi-izborni-krug\/#breadcrumb"},"inLanguage":"hr","potentialAction":[{"@type":"ReadAction","target":["https:\/\/radioljubuski.ba\/index.php\/2022\/04\/10\/macron-relativni-pobjednik-s-le-pen-ce-u-drugi-izborni-krug\/"]}]},{"@type":"ImageObject","inLanguage":"hr","@id":"https:\/\/radioljubuski.ba\/index.php\/2022\/04\/10\/macron-relativni-pobjednik-s-le-pen-ce-u-drugi-izborni-krug\/#primaryimage","url":"https:\/\/radioljubuski.ba\/wp-content\/uploads\/2022\/04\/macron-i-le-pen-1068x801-1.jpg","contentUrl":"https:\/\/radioljubuski.ba\/wp-content\/uploads\/2022\/04\/macron-i-le-pen-1068x801-1.jpg","width":1068,"height":801},{"@type":"BreadcrumbList","@id":"https:\/\/radioljubuski.ba\/index.php\/2022\/04\/10\/macron-relativni-pobjednik-s-le-pen-ce-u-drugi-izborni-krug\/#breadcrumb","itemListElement":[{"@type":"ListItem","position":1,"name":"Po\u010detna stranica","item":"https:\/\/radioljubuski.ba\/"},{"@type":"ListItem","position":2,"name":"Macron relativni pobjednik, s Le Pen \u0107e u drugi izborni krug"}]},{"@type":"WebSite","@id":"https:\/\/radioljubuski.ba\/#website","url":"https:\/\/radioljubuski.ba\/","name":"Radio Ljubu\u0161ki","description":"Sun\u010dana frekvencija Hercegovine","publisher":{"@id":"https:\/\/radioljubuski.ba\/#organization"},"potentialAction":[{"@type":"SearchAction","target":{"@type":"EntryPoint","urlTemplate":"https:\/\/radioljubuski.ba\/?s={search_term_string}"},"query-input":{"@type":"PropertyValueSpecification","valueRequired":true,"valueName":"search_term_string"}}],"inLanguage":"hr"},{"@type":"Organization","@id":"https:\/\/radioljubuski.ba\/#organization","name":"Radio Ljubu\u0161ki","url":"https:\/\/radioljubuski.ba\/","logo":{"@type":"ImageObject","inLanguage":"hr","@id":"https:\/\/radioljubuski.ba\/#\/schema\/logo\/image\/","url":"https:\/\/radioljubuski.ba\/wp-content\/uploads\/2021\/02\/cropped-Radio_Ljubuski_logo1.jpg","contentUrl":"https:\/\/radioljubuski.ba\/wp-content\/uploads\/2021\/02\/cropped-Radio_Ljubuski_logo1.jpg","width":512,"height":512,"caption":"Radio Ljubu\u0161ki"},"image":{"@id":"https:\/\/radioljubuski.ba\/#\/schema\/logo\/image\/"},"sameAs":["https:\/\/www.facebook.com\/Radiio-Ljubuski-1490835324566332","https:\/\/x.com\/radioljubuski","https:\/\/hr.linkedin.com\/company\/radio-ljubuski","https:\/\/www.youtube.com\/channel\/UCHYaeO_n0Db3tjNGudGpXyw"]},{"@type":"Person","@id":"https:\/\/radioljubuski.ba\/#\/schema\/person\/19fc700381a780f69665d7956c469e3b","name":"Radio Ljubu\u0161ki"}]}},"_links":{"self":[{"href":"https:\/\/radioljubuski.ba\/index.php\/wp-json\/wp\/v2\/posts\/131157","targetHints":{"allow":["GET"]}}],"collection":[{"href":"https:\/\/radioljubuski.ba\/index.php\/wp-json\/wp\/v2\/posts"}],"about":[{"href":"https:\/\/radioljubuski.ba\/index.php\/wp-json\/wp\/v2\/types\/post"}],"author":[{"embeddable":true,"href":"https:\/\/radioljubuski.ba\/index.php\/wp-json\/wp\/v2\/users\/2"}],"replies":[{"embeddable":true,"href":"https:\/\/radioljubuski.ba\/index.php\/wp-json\/wp\/v2\/comments?post=131157"}],"version-history":[{"count":1,"href":"https:\/\/radioljubuski.ba\/index.php\/wp-json\/wp\/v2\/posts\/131157\/revisions"}],"predecessor-version":[{"id":131159,"href":"https:\/\/radioljubuski.ba\/index.php\/wp-json\/wp\/v2\/posts\/131157\/revisions\/131159"}],"wp:featuredmedia":[{"embeddable":true,"href":"https:\/\/radioljubuski.ba\/index.php\/wp-json\/wp\/v2\/media\/131158"}],"wp:attachment":[{"href":"https:\/\/radioljubuski.ba\/index.php\/wp-json\/wp\/v2\/media?parent=131157"}],"wp:term":[{"taxonomy":"category","embeddable":true,"href":"https:\/\/radioljubuski.ba\/index.php\/wp-json\/wp\/v2\/categories?post=131157"},{"taxonomy":"post_tag","embeddable":true,"href":"https:\/\/radioljubuski.ba\/index.php\/wp-json\/wp\/v2\/tags?post=131157"}],"curies":[{"name":"wp","href":"https:\/\/api.w.org\/{rel}","templated":true}]}}