{"id":131200,"date":"2022-04-10T23:28:10","date_gmt":"2022-04-10T22:28:10","guid":{"rendered":"https:\/\/radioljubuski.ba\/?p=131200"},"modified":"2022-04-10T23:28:12","modified_gmt":"2022-04-10T22:28:12","slug":"enormna-poskupljenja-upaljen-je-alarm-ugrozene-brojne-farme-i-tisuce-radnih-mjesta","status":"publish","type":"post","link":"https:\/\/radioljubuski.ba\/index.php\/2022\/04\/10\/enormna-poskupljenja-upaljen-je-alarm-ugrozene-brojne-farme-i-tisuce-radnih-mjesta\/","title":{"rendered":"Enormna poskupljenja: Upaljen je alarm, ugro\u017eene brojne farme i tisu\u0107e radnih mjesta"},"content":{"rendered":"\n<p>Rekordne cijene piletine zabrinule su ovih dana sve gra\u0111ane u Bosni i Hercegovini. Kilogram pile\u0107eg mesa za mnoge je postao luksuz. Za razliku od pro\u0161logodi\u0161njih 8,50 KM, cijena pile\u0107eg filea ovih dana iznosi vrtoglavih 14 KM, a krilaca i bataka \u010dak 8,50 KM.<\/p>\n\n\n\n<p>Ono \u0161to jo\u0161 vi\u0161e zabrinjava jesu najave da se na ovome ne\u0107e stati i da \u0107e cijene nastaviti divljati. Osim potro\u0161a\u010da, zabrinuti su i proizvo\u0111a\u010di, farmeri.<\/p>\n\n\n\n<p>To su u razgovoru za&nbsp;<a href=\"https:\/\/avaz.ba\/vijesti\/bih\/733222\/u-problemima-potrosaci-ali-i-proizvodaci-upaljen-je-alarm-ugrozene-brojne-farme\" target=\"_blank\" rel=\"noreferrer noopener\">Avaz<\/a>&nbsp;potvrdili predsjednik Udru\u017eenja peradara Tuzlanske \u017eupanije Mevludin Kahved\u017ei\u0107 i Sead Ma\u0161i\u0107, farmer iz gra\u010dani\u010dkog naselja Stjepan Polje.<\/p>\n\n\n\n<p>&#8211; Poznato je da se peradarska proizvodnja poslije rata u Bosni i Hercegovini prva digla na noge, jer su, maje-vi\u0161e, bile sa\u010duvane farme. Uz entuzijazam farmera koji su nastavili rad u proizvodnji pile\u0107eg mesa i konzumnih jaja, obnovljena je devastirana oprema i brzo smo do\u0161li na svoje &#8211; prisjetio se Kahved\u017ei\u0107.<\/p>\n\n\n\n<p>Dodao je da je u tom poslu bilo uspona i padova u proteklim godinama, od nelojalne konkurencije, nekontroliranog uvoza, pandemije koronavirusa, pa do pro\u0161logodi\u0161nje nezapam\u0107ene su\u0161e i slabog uroda kukuruza za sto\u010dnu hranu.<\/p>\n\n\n\n<p>&#8211; Da budem iskren, pitanje je da li je, do unazad dva-tri mjeseca, cijena od oko 3 KM po kilogramu piletine bila realna, ali mi smo samo \u0161utjeli i radili. Sada, zbog globalnih poreme\u0107aja na svjetskom tr\u017ei\u0161tu, poskupljenja energenata i sto\u010dne hrane doveli su nas u nezavidnu situaciju. Tona sto\u010dne hrane je s 570 KM sko\u010dila na 1.120 KM &#8211; naveo je on, dodaju\u0107i da je 87 farmi u T\u017d ugro\u017eeno, a na njima radi 2.500 ljudi.<\/p>\n\n\n\n<p>Sead Ma\u0161i\u0107 na svojoj farmi ima 14.000 pili\u0107a, a zabrinjava ga trenutna situacija, koja se, kako je naveo, iz dana u dan pogor\u0161ava. Naveo je da dr\u017eava hitno mora reagirati te da ga zabrinjava i to \u0161to nestaje komponenata na tr\u017ei\u0161tu za ishranu pili\u0107a.<\/p>\n\n\n\n<p>&#8211; Sada\u0161nje poticaje od 14,3 feninga \u201epo kljunu\u201c u Tuzlanskoj \u017eupaniji trebalo bi pove\u0107ati najmanje na 20 feninga kako bi farme opstale. U suprotnom, bit \u0107e ugro\u017eena egzistencija velikog broja ljudi &#8211; istakao je Ma\u0161i\u0107.<\/p>\n\n\n\n<p>Izvor:avaz.ba<\/p>\n","protected":false},"excerpt":{"rendered":"<p>Rekordne cijene piletine zabrinule su ovih dana sve gra\u0111ane u Bosni i Hercegovini. Kilogram pile\u0107eg mesa za mnoge je postao luksuz. Za razliku od pro\u0161logodi\u0161njih 8,50 KM, cijena pile\u0107eg filea ovih dana iznosi vrtoglavih 14 KM, a krilaca i bataka \u010dak 8,50 KM. Ono \u0161to jo\u0161 vi\u0161e zabrinjava jesu najave da se na ovome ne\u0107e [&hellip;]<\/p>\n","protected":false},"author":2,"featured_media":131201,"comment_status":"closed","ping_status":"closed","sticky":false,"template":"","format":"standard","meta":{"h5ap_radio_sources":[],"footnotes":""},"categories":[1],"tags":[],"class_list":["post-131200","post","type-post","status-publish","format-standard","has-post-thumbnail","hentry","category-bihiregija"],"yoast_head":"<!-- This site is optimized with the Yoast SEO plugin v27.5 - https:\/\/yoast.com\/product\/yoast-seo-wordpress\/ -->\n<title>Enormna poskupljenja: Upaljen je alarm, ugro\u017eene brojne farme i tisu\u0107e radnih mjesta - RADIO LJUBU\u0160KI<\/title>\n<meta name=\"robots\" content=\"index, follow, max-snippet:-1, max-image-preview:large, max-video-preview:-1\" \/>\n<link rel=\"canonical\" href=\"https:\/\/radioljubuski.ba\/index.php\/2022\/04\/10\/enormna-poskupljenja-upaljen-je-alarm-ugrozene-brojne-farme-i-tisuce-radnih-mjesta\/\" \/>\n<meta property=\"og:locale\" content=\"hr_HR\" \/>\n<meta property=\"og:type\" content=\"article\" \/>\n<meta property=\"og:title\" content=\"Enormna poskupljenja: Upaljen je alarm, ugro\u017eene brojne farme i tisu\u0107e radnih mjesta - RADIO LJUBU\u0160KI\" \/>\n<meta property=\"og:description\" content=\"Rekordne cijene piletine zabrinule su ovih dana sve gra\u0111ane u Bosni i Hercegovini. Kilogram pile\u0107eg mesa za mnoge je postao luksuz. Za razliku od pro\u0161logodi\u0161njih 8,50 KM, cijena pile\u0107eg filea ovih dana iznosi vrtoglavih 14 KM, a krilaca i bataka \u010dak 8,50 KM. Ono \u0161to jo\u0161 vi\u0161e zabrinjava jesu najave da se na ovome ne\u0107e [&hellip;]\" \/>\n<meta property=\"og:url\" content=\"https:\/\/radioljubuski.ba\/index.php\/2022\/04\/10\/enormna-poskupljenja-upaljen-je-alarm-ugrozene-brojne-farme-i-tisuce-radnih-mjesta\/\" \/>\n<meta property=\"og:site_name\" content=\"RADIO LJUBU\u0160KI\" \/>\n<meta property=\"article:publisher\" content=\"https:\/\/www.facebook.com\/Radiio-Ljubuski-1490835324566332\" \/>\n<meta property=\"article:published_time\" content=\"2022-04-10T22:28:10+00:00\" \/>\n<meta property=\"article:modified_time\" content=\"2022-04-10T22:28:12+00:00\" \/>\n<meta property=\"og:image\" content=\"https:\/\/radioljubuski.ba\/wp-content\/uploads\/2022\/04\/8-2022-04-10-08-46-23-KOKOSI.jpeg\" \/>\n\t<meta property=\"og:image:width\" content=\"1000\" \/>\n\t<meta property=\"og:image:height\" content=\"625\" \/>\n\t<meta property=\"og:image:type\" content=\"image\/jpeg\" \/>\n<meta name=\"author\" content=\"Radio Ljubu\u0161ki\" \/>\n<meta name=\"twitter:card\" content=\"summary_large_image\" \/>\n<meta name=\"twitter:creator\" content=\"@radioljubuski\" \/>\n<meta name=\"twitter:site\" content=\"@radioljubuski\" \/>\n<meta name=\"twitter:label1\" content=\"Napisao\/la\" \/>\n\t<meta name=\"twitter:data1\" content=\"Radio Ljubu\u0161ki\" \/>\n\t<meta name=\"twitter:label2\" content=\"Procijenjeno vrijeme \u010ditanja\" \/>\n\t<meta name=\"twitter:data2\" content=\"2 minute\" \/>\n<script type=\"application\/ld+json\" class=\"yoast-schema-graph\">{\"@context\":\"https:\\\/\\\/schema.org\",\"@graph\":[{\"@type\":\"Article\",\"@id\":\"https:\\\/\\\/radioljubuski.ba\\\/index.php\\\/2022\\\/04\\\/10\\\/enormna-poskupljenja-upaljen-je-alarm-ugrozene-brojne-farme-i-tisuce-radnih-mjesta\\\/#article\",\"isPartOf\":{\"@id\":\"https:\\\/\\\/radioljubuski.ba\\\/index.php\\\/2022\\\/04\\\/10\\\/enormna-poskupljenja-upaljen-je-alarm-ugrozene-brojne-farme-i-tisuce-radnih-mjesta\\\/\"},\"author\":{\"name\":\"Radio Ljubu\u0161ki\",\"@id\":\"https:\\\/\\\/radioljubuski.ba\\\/#\\\/schema\\\/person\\\/19fc700381a780f69665d7956c469e3b\"},\"headline\":\"Enormna poskupljenja: Upaljen je alarm, ugro\u017eene brojne farme i tisu\u0107e radnih mjesta\",\"datePublished\":\"2022-04-10T22:28:10+00:00\",\"dateModified\":\"2022-04-10T22:28:12+00:00\",\"mainEntityOfPage\":{\"@id\":\"https:\\\/\\\/radioljubuski.ba\\\/index.php\\\/2022\\\/04\\\/10\\\/enormna-poskupljenja-upaljen-je-alarm-ugrozene-brojne-farme-i-tisuce-radnih-mjesta\\\/\"},\"wordCount\":385,\"publisher\":{\"@id\":\"https:\\\/\\\/radioljubuski.ba\\\/#organization\"},\"image\":{\"@id\":\"https:\\\/\\\/radioljubuski.ba\\\/index.php\\\/2022\\\/04\\\/10\\\/enormna-poskupljenja-upaljen-je-alarm-ugrozene-brojne-farme-i-tisuce-radnih-mjesta\\\/#primaryimage\"},\"thumbnailUrl\":\"https:\\\/\\\/radioljubuski.ba\\\/wp-content\\\/uploads\\\/2022\\\/04\\\/8-2022-04-10-08-46-23-KOKOSI.jpeg\",\"articleSection\":[\"BIH i regija\"],\"inLanguage\":\"hr\"},{\"@type\":\"WebPage\",\"@id\":\"https:\\\/\\\/radioljubuski.ba\\\/index.php\\\/2022\\\/04\\\/10\\\/enormna-poskupljenja-upaljen-je-alarm-ugrozene-brojne-farme-i-tisuce-radnih-mjesta\\\/\",\"url\":\"https:\\\/\\\/radioljubuski.ba\\\/index.php\\\/2022\\\/04\\\/10\\\/enormna-poskupljenja-upaljen-je-alarm-ugrozene-brojne-farme-i-tisuce-radnih-mjesta\\\/\",\"name\":\"Enormna poskupljenja: Upaljen je alarm, ugro\u017eene brojne farme i tisu\u0107e radnih mjesta - RADIO LJUBU\u0160KI\",\"isPartOf\":{\"@id\":\"https:\\\/\\\/radioljubuski.ba\\\/#website\"},\"primaryImageOfPage\":{\"@id\":\"https:\\\/\\\/radioljubuski.ba\\\/index.php\\\/2022\\\/04\\\/10\\\/enormna-poskupljenja-upaljen-je-alarm-ugrozene-brojne-farme-i-tisuce-radnih-mjesta\\\/#primaryimage\"},\"image\":{\"@id\":\"https:\\\/\\\/radioljubuski.ba\\\/index.php\\\/2022\\\/04\\\/10\\\/enormna-poskupljenja-upaljen-je-alarm-ugrozene-brojne-farme-i-tisuce-radnih-mjesta\\\/#primaryimage\"},\"thumbnailUrl\":\"https:\\\/\\\/radioljubuski.ba\\\/wp-content\\\/uploads\\\/2022\\\/04\\\/8-2022-04-10-08-46-23-KOKOSI.jpeg\",\"datePublished\":\"2022-04-10T22:28:10+00:00\",\"dateModified\":\"2022-04-10T22:28:12+00:00\",\"breadcrumb\":{\"@id\":\"https:\\\/\\\/radioljubuski.ba\\\/index.php\\\/2022\\\/04\\\/10\\\/enormna-poskupljenja-upaljen-je-alarm-ugrozene-brojne-farme-i-tisuce-radnih-mjesta\\\/#breadcrumb\"},\"inLanguage\":\"hr\",\"potentialAction\":[{\"@type\":\"ReadAction\",\"target\":[\"https:\\\/\\\/radioljubuski.ba\\\/index.php\\\/2022\\\/04\\\/10\\\/enormna-poskupljenja-upaljen-je-alarm-ugrozene-brojne-farme-i-tisuce-radnih-mjesta\\\/\"]}]},{\"@type\":\"ImageObject\",\"inLanguage\":\"hr\",\"@id\":\"https:\\\/\\\/radioljubuski.ba\\\/index.php\\\/2022\\\/04\\\/10\\\/enormna-poskupljenja-upaljen-je-alarm-ugrozene-brojne-farme-i-tisuce-radnih-mjesta\\\/#primaryimage\",\"url\":\"https:\\\/\\\/radioljubuski.ba\\\/wp-content\\\/uploads\\\/2022\\\/04\\\/8-2022-04-10-08-46-23-KOKOSI.jpeg\",\"contentUrl\":\"https:\\\/\\\/radioljubuski.ba\\\/wp-content\\\/uploads\\\/2022\\\/04\\\/8-2022-04-10-08-46-23-KOKOSI.jpeg\",\"width\":1000,\"height\":625},{\"@type\":\"BreadcrumbList\",\"@id\":\"https:\\\/\\\/radioljubuski.ba\\\/index.php\\\/2022\\\/04\\\/10\\\/enormna-poskupljenja-upaljen-je-alarm-ugrozene-brojne-farme-i-tisuce-radnih-mjesta\\\/#breadcrumb\",\"itemListElement\":[{\"@type\":\"ListItem\",\"position\":1,\"name\":\"Po\u010detna stranica\",\"item\":\"https:\\\/\\\/radioljubuski.ba\\\/\"},{\"@type\":\"ListItem\",\"position\":2,\"name\":\"Enormna poskupljenja: Upaljen je alarm, ugro\u017eene brojne farme i tisu\u0107e radnih mjesta\"}]},{\"@type\":\"WebSite\",\"@id\":\"https:\\\/\\\/radioljubuski.ba\\\/#website\",\"url\":\"https:\\\/\\\/radioljubuski.ba\\\/\",\"name\":\"Radio Ljubu\u0161ki\",\"description\":\"Sun\u010dana frekvencija Hercegovine\",\"publisher\":{\"@id\":\"https:\\\/\\\/radioljubuski.ba\\\/#organization\"},\"potentialAction\":[{\"@type\":\"SearchAction\",\"target\":{\"@type\":\"EntryPoint\",\"urlTemplate\":\"https:\\\/\\\/radioljubuski.ba\\\/?s={search_term_string}\"},\"query-input\":{\"@type\":\"PropertyValueSpecification\",\"valueRequired\":true,\"valueName\":\"search_term_string\"}}],\"inLanguage\":\"hr\"},{\"@type\":\"Organization\",\"@id\":\"https:\\\/\\\/radioljubuski.ba\\\/#organization\",\"name\":\"Radio Ljubu\u0161ki\",\"url\":\"https:\\\/\\\/radioljubuski.ba\\\/\",\"logo\":{\"@type\":\"ImageObject\",\"inLanguage\":\"hr\",\"@id\":\"https:\\\/\\\/radioljubuski.ba\\\/#\\\/schema\\\/logo\\\/image\\\/\",\"url\":\"https:\\\/\\\/radioljubuski.ba\\\/wp-content\\\/uploads\\\/2021\\\/02\\\/cropped-Radio_Ljubuski_logo1.jpg\",\"contentUrl\":\"https:\\\/\\\/radioljubuski.ba\\\/wp-content\\\/uploads\\\/2021\\\/02\\\/cropped-Radio_Ljubuski_logo1.jpg\",\"width\":512,\"height\":512,\"caption\":\"Radio Ljubu\u0161ki\"},\"image\":{\"@id\":\"https:\\\/\\\/radioljubuski.ba\\\/#\\\/schema\\\/logo\\\/image\\\/\"},\"sameAs\":[\"https:\\\/\\\/www.facebook.com\\\/Radiio-Ljubuski-1490835324566332\",\"https:\\\/\\\/x.com\\\/radioljubuski\",\"https:\\\/\\\/hr.linkedin.com\\\/company\\\/radio-ljubuski\",\"https:\\\/\\\/www.youtube.com\\\/channel\\\/UCHYaeO_n0Db3tjNGudGpXyw\"]},{\"@type\":\"Person\",\"@id\":\"https:\\\/\\\/radioljubuski.ba\\\/#\\\/schema\\\/person\\\/19fc700381a780f69665d7956c469e3b\",\"name\":\"Radio Ljubu\u0161ki\"}]}<\/script>\n<!-- \/ Yoast SEO plugin. -->","yoast_head_json":{"title":"Enormna poskupljenja: Upaljen je alarm, ugro\u017eene brojne farme i tisu\u0107e radnih mjesta - RADIO LJUBU\u0160KI","robots":{"index":"index","follow":"follow","max-snippet":"max-snippet:-1","max-image-preview":"max-image-preview:large","max-video-preview":"max-video-preview:-1"},"canonical":"https:\/\/radioljubuski.ba\/index.php\/2022\/04\/10\/enormna-poskupljenja-upaljen-je-alarm-ugrozene-brojne-farme-i-tisuce-radnih-mjesta\/","og_locale":"hr_HR","og_type":"article","og_title":"Enormna poskupljenja: Upaljen je alarm, ugro\u017eene brojne farme i tisu\u0107e radnih mjesta - RADIO LJUBU\u0160KI","og_description":"Rekordne cijene piletine zabrinule su ovih dana sve gra\u0111ane u Bosni i Hercegovini. Kilogram pile\u0107eg mesa za mnoge je postao luksuz. Za razliku od pro\u0161logodi\u0161njih 8,50 KM, cijena pile\u0107eg filea ovih dana iznosi vrtoglavih 14 KM, a krilaca i bataka \u010dak 8,50 KM. Ono \u0161to jo\u0161 vi\u0161e zabrinjava jesu najave da se na ovome ne\u0107e [&hellip;]","og_url":"https:\/\/radioljubuski.ba\/index.php\/2022\/04\/10\/enormna-poskupljenja-upaljen-je-alarm-ugrozene-brojne-farme-i-tisuce-radnih-mjesta\/","og_site_name":"RADIO LJUBU\u0160KI","article_publisher":"https:\/\/www.facebook.com\/Radiio-Ljubuski-1490835324566332","article_published_time":"2022-04-10T22:28:10+00:00","article_modified_time":"2022-04-10T22:28:12+00:00","og_image":[{"width":1000,"height":625,"url":"https:\/\/radioljubuski.ba\/wp-content\/uploads\/2022\/04\/8-2022-04-10-08-46-23-KOKOSI.jpeg","type":"image\/jpeg"}],"author":"Radio Ljubu\u0161ki","twitter_card":"summary_large_image","twitter_creator":"@radioljubuski","twitter_site":"@radioljubuski","twitter_misc":{"Napisao\/la":"Radio Ljubu\u0161ki","Procijenjeno vrijeme \u010ditanja":"2 minute"},"schema":{"@context":"https:\/\/schema.org","@graph":[{"@type":"Article","@id":"https:\/\/radioljubuski.ba\/index.php\/2022\/04\/10\/enormna-poskupljenja-upaljen-je-alarm-ugrozene-brojne-farme-i-tisuce-radnih-mjesta\/#article","isPartOf":{"@id":"https:\/\/radioljubuski.ba\/index.php\/2022\/04\/10\/enormna-poskupljenja-upaljen-je-alarm-ugrozene-brojne-farme-i-tisuce-radnih-mjesta\/"},"author":{"name":"Radio Ljubu\u0161ki","@id":"https:\/\/radioljubuski.ba\/#\/schema\/person\/19fc700381a780f69665d7956c469e3b"},"headline":"Enormna poskupljenja: Upaljen je alarm, ugro\u017eene brojne farme i tisu\u0107e radnih mjesta","datePublished":"2022-04-10T22:28:10+00:00","dateModified":"2022-04-10T22:28:12+00:00","mainEntityOfPage":{"@id":"https:\/\/radioljubuski.ba\/index.php\/2022\/04\/10\/enormna-poskupljenja-upaljen-je-alarm-ugrozene-brojne-farme-i-tisuce-radnih-mjesta\/"},"wordCount":385,"publisher":{"@id":"https:\/\/radioljubuski.ba\/#organization"},"image":{"@id":"https:\/\/radioljubuski.ba\/index.php\/2022\/04\/10\/enormna-poskupljenja-upaljen-je-alarm-ugrozene-brojne-farme-i-tisuce-radnih-mjesta\/#primaryimage"},"thumbnailUrl":"https:\/\/radioljubuski.ba\/wp-content\/uploads\/2022\/04\/8-2022-04-10-08-46-23-KOKOSI.jpeg","articleSection":["BIH i regija"],"inLanguage":"hr"},{"@type":"WebPage","@id":"https:\/\/radioljubuski.ba\/index.php\/2022\/04\/10\/enormna-poskupljenja-upaljen-je-alarm-ugrozene-brojne-farme-i-tisuce-radnih-mjesta\/","url":"https:\/\/radioljubuski.ba\/index.php\/2022\/04\/10\/enormna-poskupljenja-upaljen-je-alarm-ugrozene-brojne-farme-i-tisuce-radnih-mjesta\/","name":"Enormna poskupljenja: Upaljen je alarm, ugro\u017eene brojne farme i tisu\u0107e radnih mjesta - RADIO LJUBU\u0160KI","isPartOf":{"@id":"https:\/\/radioljubuski.ba\/#website"},"primaryImageOfPage":{"@id":"https:\/\/radioljubuski.ba\/index.php\/2022\/04\/10\/enormna-poskupljenja-upaljen-je-alarm-ugrozene-brojne-farme-i-tisuce-radnih-mjesta\/#primaryimage"},"image":{"@id":"https:\/\/radioljubuski.ba\/index.php\/2022\/04\/10\/enormna-poskupljenja-upaljen-je-alarm-ugrozene-brojne-farme-i-tisuce-radnih-mjesta\/#primaryimage"},"thumbnailUrl":"https:\/\/radioljubuski.ba\/wp-content\/uploads\/2022\/04\/8-2022-04-10-08-46-23-KOKOSI.jpeg","datePublished":"2022-04-10T22:28:10+00:00","dateModified":"2022-04-10T22:28:12+00:00","breadcrumb":{"@id":"https:\/\/radioljubuski.ba\/index.php\/2022\/04\/10\/enormna-poskupljenja-upaljen-je-alarm-ugrozene-brojne-farme-i-tisuce-radnih-mjesta\/#breadcrumb"},"inLanguage":"hr","potentialAction":[{"@type":"ReadAction","target":["https:\/\/radioljubuski.ba\/index.php\/2022\/04\/10\/enormna-poskupljenja-upaljen-je-alarm-ugrozene-brojne-farme-i-tisuce-radnih-mjesta\/"]}]},{"@type":"ImageObject","inLanguage":"hr","@id":"https:\/\/radioljubuski.ba\/index.php\/2022\/04\/10\/enormna-poskupljenja-upaljen-je-alarm-ugrozene-brojne-farme-i-tisuce-radnih-mjesta\/#primaryimage","url":"https:\/\/radioljubuski.ba\/wp-content\/uploads\/2022\/04\/8-2022-04-10-08-46-23-KOKOSI.jpeg","contentUrl":"https:\/\/radioljubuski.ba\/wp-content\/uploads\/2022\/04\/8-2022-04-10-08-46-23-KOKOSI.jpeg","width":1000,"height":625},{"@type":"BreadcrumbList","@id":"https:\/\/radioljubuski.ba\/index.php\/2022\/04\/10\/enormna-poskupljenja-upaljen-je-alarm-ugrozene-brojne-farme-i-tisuce-radnih-mjesta\/#breadcrumb","itemListElement":[{"@type":"ListItem","position":1,"name":"Po\u010detna stranica","item":"https:\/\/radioljubuski.ba\/"},{"@type":"ListItem","position":2,"name":"Enormna poskupljenja: Upaljen je alarm, ugro\u017eene brojne farme i tisu\u0107e radnih mjesta"}]},{"@type":"WebSite","@id":"https:\/\/radioljubuski.ba\/#website","url":"https:\/\/radioljubuski.ba\/","name":"Radio Ljubu\u0161ki","description":"Sun\u010dana frekvencija Hercegovine","publisher":{"@id":"https:\/\/radioljubuski.ba\/#organization"},"potentialAction":[{"@type":"SearchAction","target":{"@type":"EntryPoint","urlTemplate":"https:\/\/radioljubuski.ba\/?s={search_term_string}"},"query-input":{"@type":"PropertyValueSpecification","valueRequired":true,"valueName":"search_term_string"}}],"inLanguage":"hr"},{"@type":"Organization","@id":"https:\/\/radioljubuski.ba\/#organization","name":"Radio Ljubu\u0161ki","url":"https:\/\/radioljubuski.ba\/","logo":{"@type":"ImageObject","inLanguage":"hr","@id":"https:\/\/radioljubuski.ba\/#\/schema\/logo\/image\/","url":"https:\/\/radioljubuski.ba\/wp-content\/uploads\/2021\/02\/cropped-Radio_Ljubuski_logo1.jpg","contentUrl":"https:\/\/radioljubuski.ba\/wp-content\/uploads\/2021\/02\/cropped-Radio_Ljubuski_logo1.jpg","width":512,"height":512,"caption":"Radio Ljubu\u0161ki"},"image":{"@id":"https:\/\/radioljubuski.ba\/#\/schema\/logo\/image\/"},"sameAs":["https:\/\/www.facebook.com\/Radiio-Ljubuski-1490835324566332","https:\/\/x.com\/radioljubuski","https:\/\/hr.linkedin.com\/company\/radio-ljubuski","https:\/\/www.youtube.com\/channel\/UCHYaeO_n0Db3tjNGudGpXyw"]},{"@type":"Person","@id":"https:\/\/radioljubuski.ba\/#\/schema\/person\/19fc700381a780f69665d7956c469e3b","name":"Radio Ljubu\u0161ki"}]}},"_links":{"self":[{"href":"https:\/\/radioljubuski.ba\/index.php\/wp-json\/wp\/v2\/posts\/131200","targetHints":{"allow":["GET"]}}],"collection":[{"href":"https:\/\/radioljubuski.ba\/index.php\/wp-json\/wp\/v2\/posts"}],"about":[{"href":"https:\/\/radioljubuski.ba\/index.php\/wp-json\/wp\/v2\/types\/post"}],"author":[{"embeddable":true,"href":"https:\/\/radioljubuski.ba\/index.php\/wp-json\/wp\/v2\/users\/2"}],"replies":[{"embeddable":true,"href":"https:\/\/radioljubuski.ba\/index.php\/wp-json\/wp\/v2\/comments?post=131200"}],"version-history":[{"count":1,"href":"https:\/\/radioljubuski.ba\/index.php\/wp-json\/wp\/v2\/posts\/131200\/revisions"}],"predecessor-version":[{"id":131202,"href":"https:\/\/radioljubuski.ba\/index.php\/wp-json\/wp\/v2\/posts\/131200\/revisions\/131202"}],"wp:featuredmedia":[{"embeddable":true,"href":"https:\/\/radioljubuski.ba\/index.php\/wp-json\/wp\/v2\/media\/131201"}],"wp:attachment":[{"href":"https:\/\/radioljubuski.ba\/index.php\/wp-json\/wp\/v2\/media?parent=131200"}],"wp:term":[{"taxonomy":"category","embeddable":true,"href":"https:\/\/radioljubuski.ba\/index.php\/wp-json\/wp\/v2\/categories?post=131200"},{"taxonomy":"post_tag","embeddable":true,"href":"https:\/\/radioljubuski.ba\/index.php\/wp-json\/wp\/v2\/tags?post=131200"}],"curies":[{"name":"wp","href":"https:\/\/api.w.org\/{rel}","templated":true}]}}