{"id":131214,"date":"2022-04-10T23:34:32","date_gmt":"2022-04-10T22:34:32","guid":{"rendered":"https:\/\/radioljubuski.ba\/?p=131214"},"modified":"2022-04-10T23:34:33","modified_gmt":"2022-04-10T22:34:33","slug":"putinov-kljucni-covjek-za-invaziju-krtica-cia-e-zbog-njega-pada-i-sojgu","status":"publish","type":"post","link":"https:\/\/radioljubuski.ba\/index.php\/2022\/04\/10\/putinov-kljucni-covjek-za-invaziju-krtica-cia-e-zbog-njega-pada-i-sojgu\/","title":{"rendered":"Putinov klju\u010dni \u010dovjek za invaziju krtica CIA-e?! \u2018Zbog njega pada i \u0160ojgu\u2018"},"content":{"rendered":"\n<p>Nedavno smijenjeni na\u010delnik 5. uprave ruske obavje\u0161tajne slu\u017ebe FSB, general-pukovnik Sergej Beseda, iz ku\u0107nog pritvora preba\u010den je u najekskluzivniji i najelitniji moskovski istra\u017eni zatvor Lefortovo, javio je na svom Twitteru najpoznatiji ruski istra\u017eiva\u010dki novinar Andrej Soldatov, a prenosi neovisni ruski portal Meduza.<\/p>\n\n\n\n<p>Andrej Soldatov ka\u017ee da biv\u0161eg visokog du\u017enosnika Putinove tajne slu\u017ebe (podsjetimo da je Putin krajem 90-ih, prije nego \u0161to je odre\u0111en za Jeljcinova nasljednika, bio \u0161ef FSB-a, nasljednika zloglasnog KGB-a) tamo dr\u017ee pod drugim imenom te da istragu protiv njega vodi Glavni vojni istra\u017eni odjel Istra\u017enog komiteta Rusije, a sumnji\u010di ga se da bi mogao biti ameri\u010dka krtica, odnosno suradnik CIA-e koji je Amerikancima dojavljivao ruske vojne i obavje\u0161tajne planove za napad na Ukrajinu.<\/p>\n\n\n\n<p>Naime, 5. uprava FSB-a zadu\u017eena je za \u0161pijunsku i dou\u0161ni\u010dku mre\u017eu i kontrolu nad zemljama biv\u0161eg SSSR-a, pogotovo Ukrajinu. Upravo su 5. uprava i Beseda radili obavje\u0161tajnu pripremu za intervenciju u Ukrajini. Kada se plan o brzom vojnom uspjehu izjalovio, Putin je krenuo u obra\u010dun u obavje\u0161tajnoj zajednici i vojnom vrhu pa se \u010dak \u0161pekulira da bi kao \u017ertva \u010distke mogao pasti i ministar obrane Sergej \u0160ojgu, koji se tek povremeno, gotovo marginalno, pojavljuje u javnosti, a po Moskvi se \u0161ire glasine da Putin upravo njega okrivljuje za neuspjeh planiranog blitzkriega u Ukrajini.<\/p>\n\n\n\n<p>Prvi je u toj hajci za krivcima pao Sergej Beseda, koji je, podsjetimo, jo\u0161 11. o\u017eujka smijenjen i stavljen u ku\u0107ni pritvor, da bi tek sada, nakon mjesec dana, bio preba\u010den u istra\u017eni zatvor. Kad je Beseda stavljen u ku\u0107ni pritvor, Andrej Soldatov je naveo kako je to u\u010dinjeno u prvom redu zbog krivih informacija o politi\u010dko-sigurnosnoj situaciji u Ukrajini na osnovi kojih su ra\u0111eni planovi za napad, ali se spominjala i pronevjera vi\u0161emilijunskih sredstava koja su bila namijenjena za rusku obavje\u0161tajnu mre\u017eu u Ukrajini.<\/p>\n\n\n\n<p>Pitanje je je li sada Putinu lak\u0161e optu\u017eiti Besedu za \u0161pijuna\u017eu u korist CIA-e nego za lo\u0161e obavljen obavje\u0161tajni posao zbog \u010dega mu je vojna operacija u Ukrajini zapela?! Vladimir Putin je, ina\u010de, Sergeja Besedu u vrijeme ukrajinskog Majdana 2014. poslao u Kijev kako bi pomogao tada\u0161njem predsjedniku Viktoru Janukovi\u010du da opstane na vlasti te poku\u0161a okrenuti prozapadne ukrajinske tendencije ipak u rusku korist. No, nije uspio, ali je uspio zadr\u017eao svoj polo\u017eaj i povjerenje Putina.<\/p>\n\n\n\n<p>S Besedom je uhi\u0107en i njegov zamjenik Anatolij Boljuha, o \u010dijoj se sudbini nakon toga malo zna. Ako se to poka\u017ee to\u010dnim, bio bi to velik udarac osobno za Vladimira Putina, ali i reputaciju njegove tajne slu\u017ebe, jer je Beseda ulazio u red bliskih Putinovih suradnika, pa i prijatelja, kojeg je on i doveo u Moskvu iz Sankt Peterburga te ga postavio za \u0161efa vrlo va\u017ene 5. uprave. Sergej Beseda je ina\u010de vrlo blizak s najbli\u017eim Putinovim prijateljima, bra\u0107om Rotenberg i bankarom Konstantinom Golo\u0161\u010dapovom, kojeg tamo\u0161nji mediji nazivaju &#8220;Putinovim maserom&#8221;.<\/p>\n\n\n\n<p>O tome da je Beseda bio u samom vrhu, govori i to \u0161to je imao ku\u0107u u povla\u0161tenom podmoskovskom naselju Akulinino, a prvi susjedi su mu bili sve ljudi iz prvog Putinovog kruga, Arkadij Rotenberg, obavje\u0161tajac i \u0161ef ruskih dr\u017eavnih \u017eeljeznica Vladimir Jakunjin te biv\u0161i KGB-ovac general-pukovnik Vladimir \u010cemezov, \u0161ef dr\u017eavne tvrtke Rostehnika i visoki du\u017enosnik vladaju\u0107e prokremaljske stranke Ujedinjena Rusija.<\/p>\n\n\n\n<p>Zatvor Lefortovo jedno je od najzloglasnijih mjesta u Moskvi &#8211; sagra\u0111en je jo\u0161 1881., a svoje najmra\u010dnije trenutke do\u017eivio je u vrijeme Staljinovih represija u 30-im i 40-im godinama 20. stolje\u0107a, kada su kroz njega doslovce pro\u0161le stotine tisu\u0107a politi\u010dkih zatvorenika, od kojih su tamo mnogi i umoreni.<\/p>\n\n\n\n<p>Izvor:pogled.ba<\/p>\n","protected":false},"excerpt":{"rendered":"<p>Nedavno smijenjeni na\u010delnik 5. uprave ruske obavje\u0161tajne slu\u017ebe FSB, general-pukovnik Sergej Beseda, iz ku\u0107nog pritvora preba\u010den je u najekskluzivniji i najelitniji moskovski istra\u017eni zatvor Lefortovo, javio je na svom Twitteru najpoznatiji ruski istra\u017eiva\u010dki novinar Andrej Soldatov, a prenosi neovisni ruski portal Meduza. Andrej Soldatov ka\u017ee da biv\u0161eg visokog du\u017enosnika Putinove tajne slu\u017ebe (podsjetimo da je [&hellip;]<\/p>\n","protected":false},"author":2,"featured_media":131215,"comment_status":"closed","ping_status":"closed","sticky":false,"template":"","format":"standard","meta":{"h5ap_radio_sources":[],"footnotes":""},"categories":[1],"tags":[],"class_list":["post-131214","post","type-post","status-publish","format-standard","has-post-thumbnail","hentry","category-bihiregija"],"yoast_head":"<!-- This site is optimized with the Yoast SEO plugin v27.5 - https:\/\/yoast.com\/product\/yoast-seo-wordpress\/ -->\n<title>Putinov klju\u010dni \u010dovjek za invaziju krtica CIA-e?! \u2018Zbog njega pada i \u0160ojgu\u2018 - RADIO LJUBU\u0160KI<\/title>\n<meta name=\"robots\" content=\"index, follow, max-snippet:-1, max-image-preview:large, max-video-preview:-1\" \/>\n<link rel=\"canonical\" href=\"https:\/\/radioljubuski.ba\/index.php\/2022\/04\/10\/putinov-kljucni-covjek-za-invaziju-krtica-cia-e-zbog-njega-pada-i-sojgu\/\" \/>\n<meta property=\"og:locale\" content=\"hr_HR\" \/>\n<meta property=\"og:type\" content=\"article\" \/>\n<meta property=\"og:title\" content=\"Putinov klju\u010dni \u010dovjek za invaziju krtica CIA-e?! \u2018Zbog njega pada i \u0160ojgu\u2018 - RADIO LJUBU\u0160KI\" \/>\n<meta property=\"og:description\" content=\"Nedavno smijenjeni na\u010delnik 5. uprave ruske obavje\u0161tajne slu\u017ebe FSB, general-pukovnik Sergej Beseda, iz ku\u0107nog pritvora preba\u010den je u najekskluzivniji i najelitniji moskovski istra\u017eni zatvor Lefortovo, javio je na svom Twitteru najpoznatiji ruski istra\u017eiva\u010dki novinar Andrej Soldatov, a prenosi neovisni ruski portal Meduza. Andrej Soldatov ka\u017ee da biv\u0161eg visokog du\u017enosnika Putinove tajne slu\u017ebe (podsjetimo da je [&hellip;]\" \/>\n<meta property=\"og:url\" content=\"https:\/\/radioljubuski.ba\/index.php\/2022\/04\/10\/putinov-kljucni-covjek-za-invaziju-krtica-cia-e-zbog-njega-pada-i-sojgu\/\" \/>\n<meta property=\"og:site_name\" content=\"RADIO LJUBU\u0160KI\" \/>\n<meta property=\"article:publisher\" content=\"https:\/\/www.facebook.com\/Radiio-Ljubuski-1490835324566332\" \/>\n<meta property=\"article:published_time\" content=\"2022-04-10T22:34:32+00:00\" \/>\n<meta property=\"article:modified_time\" content=\"2022-04-10T22:34:33+00:00\" \/>\n<meta property=\"og:image\" content=\"https:\/\/radioljubuski.ba\/wp-content\/uploads\/2022\/04\/2-2022-04-10-15-56-08-beseda.jpg\" \/>\n\t<meta property=\"og:image:width\" content=\"1000\" \/>\n\t<meta property=\"og:image:height\" content=\"625\" \/>\n\t<meta property=\"og:image:type\" content=\"image\/jpeg\" \/>\n<meta name=\"author\" content=\"Radio Ljubu\u0161ki\" \/>\n<meta name=\"twitter:card\" content=\"summary_large_image\" \/>\n<meta name=\"twitter:creator\" content=\"@radioljubuski\" \/>\n<meta name=\"twitter:site\" content=\"@radioljubuski\" \/>\n<meta name=\"twitter:label1\" content=\"Napisao\/la\" \/>\n\t<meta name=\"twitter:data1\" content=\"Radio Ljubu\u0161ki\" \/>\n\t<meta name=\"twitter:label2\" content=\"Procijenjeno vrijeme \u010ditanja\" \/>\n\t<meta name=\"twitter:data2\" content=\"3 minute\" \/>\n<script type=\"application\/ld+json\" class=\"yoast-schema-graph\">{\"@context\":\"https:\\\/\\\/schema.org\",\"@graph\":[{\"@type\":\"Article\",\"@id\":\"https:\\\/\\\/radioljubuski.ba\\\/index.php\\\/2022\\\/04\\\/10\\\/putinov-kljucni-covjek-za-invaziju-krtica-cia-e-zbog-njega-pada-i-sojgu\\\/#article\",\"isPartOf\":{\"@id\":\"https:\\\/\\\/radioljubuski.ba\\\/index.php\\\/2022\\\/04\\\/10\\\/putinov-kljucni-covjek-za-invaziju-krtica-cia-e-zbog-njega-pada-i-sojgu\\\/\"},\"author\":{\"name\":\"Radio Ljubu\u0161ki\",\"@id\":\"https:\\\/\\\/radioljubuski.ba\\\/#\\\/schema\\\/person\\\/19fc700381a780f69665d7956c469e3b\"},\"headline\":\"Putinov klju\u010dni \u010dovjek za invaziju krtica CIA-e?! \u2018Zbog njega pada i \u0160ojgu\u2018\",\"datePublished\":\"2022-04-10T22:34:32+00:00\",\"dateModified\":\"2022-04-10T22:34:33+00:00\",\"mainEntityOfPage\":{\"@id\":\"https:\\\/\\\/radioljubuski.ba\\\/index.php\\\/2022\\\/04\\\/10\\\/putinov-kljucni-covjek-za-invaziju-krtica-cia-e-zbog-njega-pada-i-sojgu\\\/\"},\"wordCount\":651,\"publisher\":{\"@id\":\"https:\\\/\\\/radioljubuski.ba\\\/#organization\"},\"image\":{\"@id\":\"https:\\\/\\\/radioljubuski.ba\\\/index.php\\\/2022\\\/04\\\/10\\\/putinov-kljucni-covjek-za-invaziju-krtica-cia-e-zbog-njega-pada-i-sojgu\\\/#primaryimage\"},\"thumbnailUrl\":\"https:\\\/\\\/radioljubuski.ba\\\/wp-content\\\/uploads\\\/2022\\\/04\\\/2-2022-04-10-15-56-08-beseda.jpg\",\"articleSection\":[\"BIH i regija\"],\"inLanguage\":\"hr\"},{\"@type\":\"WebPage\",\"@id\":\"https:\\\/\\\/radioljubuski.ba\\\/index.php\\\/2022\\\/04\\\/10\\\/putinov-kljucni-covjek-za-invaziju-krtica-cia-e-zbog-njega-pada-i-sojgu\\\/\",\"url\":\"https:\\\/\\\/radioljubuski.ba\\\/index.php\\\/2022\\\/04\\\/10\\\/putinov-kljucni-covjek-za-invaziju-krtica-cia-e-zbog-njega-pada-i-sojgu\\\/\",\"name\":\"Putinov klju\u010dni \u010dovjek za invaziju krtica CIA-e?! \u2018Zbog njega pada i \u0160ojgu\u2018 - RADIO LJUBU\u0160KI\",\"isPartOf\":{\"@id\":\"https:\\\/\\\/radioljubuski.ba\\\/#website\"},\"primaryImageOfPage\":{\"@id\":\"https:\\\/\\\/radioljubuski.ba\\\/index.php\\\/2022\\\/04\\\/10\\\/putinov-kljucni-covjek-za-invaziju-krtica-cia-e-zbog-njega-pada-i-sojgu\\\/#primaryimage\"},\"image\":{\"@id\":\"https:\\\/\\\/radioljubuski.ba\\\/index.php\\\/2022\\\/04\\\/10\\\/putinov-kljucni-covjek-za-invaziju-krtica-cia-e-zbog-njega-pada-i-sojgu\\\/#primaryimage\"},\"thumbnailUrl\":\"https:\\\/\\\/radioljubuski.ba\\\/wp-content\\\/uploads\\\/2022\\\/04\\\/2-2022-04-10-15-56-08-beseda.jpg\",\"datePublished\":\"2022-04-10T22:34:32+00:00\",\"dateModified\":\"2022-04-10T22:34:33+00:00\",\"breadcrumb\":{\"@id\":\"https:\\\/\\\/radioljubuski.ba\\\/index.php\\\/2022\\\/04\\\/10\\\/putinov-kljucni-covjek-za-invaziju-krtica-cia-e-zbog-njega-pada-i-sojgu\\\/#breadcrumb\"},\"inLanguage\":\"hr\",\"potentialAction\":[{\"@type\":\"ReadAction\",\"target\":[\"https:\\\/\\\/radioljubuski.ba\\\/index.php\\\/2022\\\/04\\\/10\\\/putinov-kljucni-covjek-za-invaziju-krtica-cia-e-zbog-njega-pada-i-sojgu\\\/\"]}]},{\"@type\":\"ImageObject\",\"inLanguage\":\"hr\",\"@id\":\"https:\\\/\\\/radioljubuski.ba\\\/index.php\\\/2022\\\/04\\\/10\\\/putinov-kljucni-covjek-za-invaziju-krtica-cia-e-zbog-njega-pada-i-sojgu\\\/#primaryimage\",\"url\":\"https:\\\/\\\/radioljubuski.ba\\\/wp-content\\\/uploads\\\/2022\\\/04\\\/2-2022-04-10-15-56-08-beseda.jpg\",\"contentUrl\":\"https:\\\/\\\/radioljubuski.ba\\\/wp-content\\\/uploads\\\/2022\\\/04\\\/2-2022-04-10-15-56-08-beseda.jpg\",\"width\":1000,\"height\":625},{\"@type\":\"BreadcrumbList\",\"@id\":\"https:\\\/\\\/radioljubuski.ba\\\/index.php\\\/2022\\\/04\\\/10\\\/putinov-kljucni-covjek-za-invaziju-krtica-cia-e-zbog-njega-pada-i-sojgu\\\/#breadcrumb\",\"itemListElement\":[{\"@type\":\"ListItem\",\"position\":1,\"name\":\"Po\u010detna stranica\",\"item\":\"https:\\\/\\\/radioljubuski.ba\\\/\"},{\"@type\":\"ListItem\",\"position\":2,\"name\":\"Putinov klju\u010dni \u010dovjek za invaziju krtica CIA-e?! \u2018Zbog njega pada i \u0160ojgu\u2018\"}]},{\"@type\":\"WebSite\",\"@id\":\"https:\\\/\\\/radioljubuski.ba\\\/#website\",\"url\":\"https:\\\/\\\/radioljubuski.ba\\\/\",\"name\":\"Radio Ljubu\u0161ki\",\"description\":\"Sun\u010dana frekvencija Hercegovine\",\"publisher\":{\"@id\":\"https:\\\/\\\/radioljubuski.ba\\\/#organization\"},\"potentialAction\":[{\"@type\":\"SearchAction\",\"target\":{\"@type\":\"EntryPoint\",\"urlTemplate\":\"https:\\\/\\\/radioljubuski.ba\\\/?s={search_term_string}\"},\"query-input\":{\"@type\":\"PropertyValueSpecification\",\"valueRequired\":true,\"valueName\":\"search_term_string\"}}],\"inLanguage\":\"hr\"},{\"@type\":\"Organization\",\"@id\":\"https:\\\/\\\/radioljubuski.ba\\\/#organization\",\"name\":\"Radio Ljubu\u0161ki\",\"url\":\"https:\\\/\\\/radioljubuski.ba\\\/\",\"logo\":{\"@type\":\"ImageObject\",\"inLanguage\":\"hr\",\"@id\":\"https:\\\/\\\/radioljubuski.ba\\\/#\\\/schema\\\/logo\\\/image\\\/\",\"url\":\"https:\\\/\\\/radioljubuski.ba\\\/wp-content\\\/uploads\\\/2021\\\/02\\\/cropped-Radio_Ljubuski_logo1.jpg\",\"contentUrl\":\"https:\\\/\\\/radioljubuski.ba\\\/wp-content\\\/uploads\\\/2021\\\/02\\\/cropped-Radio_Ljubuski_logo1.jpg\",\"width\":512,\"height\":512,\"caption\":\"Radio Ljubu\u0161ki\"},\"image\":{\"@id\":\"https:\\\/\\\/radioljubuski.ba\\\/#\\\/schema\\\/logo\\\/image\\\/\"},\"sameAs\":[\"https:\\\/\\\/www.facebook.com\\\/Radiio-Ljubuski-1490835324566332\",\"https:\\\/\\\/x.com\\\/radioljubuski\",\"https:\\\/\\\/hr.linkedin.com\\\/company\\\/radio-ljubuski\",\"https:\\\/\\\/www.youtube.com\\\/channel\\\/UCHYaeO_n0Db3tjNGudGpXyw\"]},{\"@type\":\"Person\",\"@id\":\"https:\\\/\\\/radioljubuski.ba\\\/#\\\/schema\\\/person\\\/19fc700381a780f69665d7956c469e3b\",\"name\":\"Radio Ljubu\u0161ki\"}]}<\/script>\n<!-- \/ Yoast SEO plugin. -->","yoast_head_json":{"title":"Putinov klju\u010dni \u010dovjek za invaziju krtica CIA-e?! \u2018Zbog njega pada i \u0160ojgu\u2018 - RADIO LJUBU\u0160KI","robots":{"index":"index","follow":"follow","max-snippet":"max-snippet:-1","max-image-preview":"max-image-preview:large","max-video-preview":"max-video-preview:-1"},"canonical":"https:\/\/radioljubuski.ba\/index.php\/2022\/04\/10\/putinov-kljucni-covjek-za-invaziju-krtica-cia-e-zbog-njega-pada-i-sojgu\/","og_locale":"hr_HR","og_type":"article","og_title":"Putinov klju\u010dni \u010dovjek za invaziju krtica CIA-e?! \u2018Zbog njega pada i \u0160ojgu\u2018 - RADIO LJUBU\u0160KI","og_description":"Nedavno smijenjeni na\u010delnik 5. uprave ruske obavje\u0161tajne slu\u017ebe FSB, general-pukovnik Sergej Beseda, iz ku\u0107nog pritvora preba\u010den je u najekskluzivniji i najelitniji moskovski istra\u017eni zatvor Lefortovo, javio je na svom Twitteru najpoznatiji ruski istra\u017eiva\u010dki novinar Andrej Soldatov, a prenosi neovisni ruski portal Meduza. Andrej Soldatov ka\u017ee da biv\u0161eg visokog du\u017enosnika Putinove tajne slu\u017ebe (podsjetimo da je [&hellip;]","og_url":"https:\/\/radioljubuski.ba\/index.php\/2022\/04\/10\/putinov-kljucni-covjek-za-invaziju-krtica-cia-e-zbog-njega-pada-i-sojgu\/","og_site_name":"RADIO LJUBU\u0160KI","article_publisher":"https:\/\/www.facebook.com\/Radiio-Ljubuski-1490835324566332","article_published_time":"2022-04-10T22:34:32+00:00","article_modified_time":"2022-04-10T22:34:33+00:00","og_image":[{"width":1000,"height":625,"url":"https:\/\/radioljubuski.ba\/wp-content\/uploads\/2022\/04\/2-2022-04-10-15-56-08-beseda.jpg","type":"image\/jpeg"}],"author":"Radio Ljubu\u0161ki","twitter_card":"summary_large_image","twitter_creator":"@radioljubuski","twitter_site":"@radioljubuski","twitter_misc":{"Napisao\/la":"Radio Ljubu\u0161ki","Procijenjeno vrijeme \u010ditanja":"3 minute"},"schema":{"@context":"https:\/\/schema.org","@graph":[{"@type":"Article","@id":"https:\/\/radioljubuski.ba\/index.php\/2022\/04\/10\/putinov-kljucni-covjek-za-invaziju-krtica-cia-e-zbog-njega-pada-i-sojgu\/#article","isPartOf":{"@id":"https:\/\/radioljubuski.ba\/index.php\/2022\/04\/10\/putinov-kljucni-covjek-za-invaziju-krtica-cia-e-zbog-njega-pada-i-sojgu\/"},"author":{"name":"Radio Ljubu\u0161ki","@id":"https:\/\/radioljubuski.ba\/#\/schema\/person\/19fc700381a780f69665d7956c469e3b"},"headline":"Putinov klju\u010dni \u010dovjek za invaziju krtica CIA-e?! \u2018Zbog njega pada i \u0160ojgu\u2018","datePublished":"2022-04-10T22:34:32+00:00","dateModified":"2022-04-10T22:34:33+00:00","mainEntityOfPage":{"@id":"https:\/\/radioljubuski.ba\/index.php\/2022\/04\/10\/putinov-kljucni-covjek-za-invaziju-krtica-cia-e-zbog-njega-pada-i-sojgu\/"},"wordCount":651,"publisher":{"@id":"https:\/\/radioljubuski.ba\/#organization"},"image":{"@id":"https:\/\/radioljubuski.ba\/index.php\/2022\/04\/10\/putinov-kljucni-covjek-za-invaziju-krtica-cia-e-zbog-njega-pada-i-sojgu\/#primaryimage"},"thumbnailUrl":"https:\/\/radioljubuski.ba\/wp-content\/uploads\/2022\/04\/2-2022-04-10-15-56-08-beseda.jpg","articleSection":["BIH i regija"],"inLanguage":"hr"},{"@type":"WebPage","@id":"https:\/\/radioljubuski.ba\/index.php\/2022\/04\/10\/putinov-kljucni-covjek-za-invaziju-krtica-cia-e-zbog-njega-pada-i-sojgu\/","url":"https:\/\/radioljubuski.ba\/index.php\/2022\/04\/10\/putinov-kljucni-covjek-za-invaziju-krtica-cia-e-zbog-njega-pada-i-sojgu\/","name":"Putinov klju\u010dni \u010dovjek za invaziju krtica CIA-e?! \u2018Zbog njega pada i \u0160ojgu\u2018 - RADIO LJUBU\u0160KI","isPartOf":{"@id":"https:\/\/radioljubuski.ba\/#website"},"primaryImageOfPage":{"@id":"https:\/\/radioljubuski.ba\/index.php\/2022\/04\/10\/putinov-kljucni-covjek-za-invaziju-krtica-cia-e-zbog-njega-pada-i-sojgu\/#primaryimage"},"image":{"@id":"https:\/\/radioljubuski.ba\/index.php\/2022\/04\/10\/putinov-kljucni-covjek-za-invaziju-krtica-cia-e-zbog-njega-pada-i-sojgu\/#primaryimage"},"thumbnailUrl":"https:\/\/radioljubuski.ba\/wp-content\/uploads\/2022\/04\/2-2022-04-10-15-56-08-beseda.jpg","datePublished":"2022-04-10T22:34:32+00:00","dateModified":"2022-04-10T22:34:33+00:00","breadcrumb":{"@id":"https:\/\/radioljubuski.ba\/index.php\/2022\/04\/10\/putinov-kljucni-covjek-za-invaziju-krtica-cia-e-zbog-njega-pada-i-sojgu\/#breadcrumb"},"inLanguage":"hr","potentialAction":[{"@type":"ReadAction","target":["https:\/\/radioljubuski.ba\/index.php\/2022\/04\/10\/putinov-kljucni-covjek-za-invaziju-krtica-cia-e-zbog-njega-pada-i-sojgu\/"]}]},{"@type":"ImageObject","inLanguage":"hr","@id":"https:\/\/radioljubuski.ba\/index.php\/2022\/04\/10\/putinov-kljucni-covjek-za-invaziju-krtica-cia-e-zbog-njega-pada-i-sojgu\/#primaryimage","url":"https:\/\/radioljubuski.ba\/wp-content\/uploads\/2022\/04\/2-2022-04-10-15-56-08-beseda.jpg","contentUrl":"https:\/\/radioljubuski.ba\/wp-content\/uploads\/2022\/04\/2-2022-04-10-15-56-08-beseda.jpg","width":1000,"height":625},{"@type":"BreadcrumbList","@id":"https:\/\/radioljubuski.ba\/index.php\/2022\/04\/10\/putinov-kljucni-covjek-za-invaziju-krtica-cia-e-zbog-njega-pada-i-sojgu\/#breadcrumb","itemListElement":[{"@type":"ListItem","position":1,"name":"Po\u010detna stranica","item":"https:\/\/radioljubuski.ba\/"},{"@type":"ListItem","position":2,"name":"Putinov klju\u010dni \u010dovjek za invaziju krtica CIA-e?! \u2018Zbog njega pada i \u0160ojgu\u2018"}]},{"@type":"WebSite","@id":"https:\/\/radioljubuski.ba\/#website","url":"https:\/\/radioljubuski.ba\/","name":"Radio Ljubu\u0161ki","description":"Sun\u010dana frekvencija Hercegovine","publisher":{"@id":"https:\/\/radioljubuski.ba\/#organization"},"potentialAction":[{"@type":"SearchAction","target":{"@type":"EntryPoint","urlTemplate":"https:\/\/radioljubuski.ba\/?s={search_term_string}"},"query-input":{"@type":"PropertyValueSpecification","valueRequired":true,"valueName":"search_term_string"}}],"inLanguage":"hr"},{"@type":"Organization","@id":"https:\/\/radioljubuski.ba\/#organization","name":"Radio Ljubu\u0161ki","url":"https:\/\/radioljubuski.ba\/","logo":{"@type":"ImageObject","inLanguage":"hr","@id":"https:\/\/radioljubuski.ba\/#\/schema\/logo\/image\/","url":"https:\/\/radioljubuski.ba\/wp-content\/uploads\/2021\/02\/cropped-Radio_Ljubuski_logo1.jpg","contentUrl":"https:\/\/radioljubuski.ba\/wp-content\/uploads\/2021\/02\/cropped-Radio_Ljubuski_logo1.jpg","width":512,"height":512,"caption":"Radio Ljubu\u0161ki"},"image":{"@id":"https:\/\/radioljubuski.ba\/#\/schema\/logo\/image\/"},"sameAs":["https:\/\/www.facebook.com\/Radiio-Ljubuski-1490835324566332","https:\/\/x.com\/radioljubuski","https:\/\/hr.linkedin.com\/company\/radio-ljubuski","https:\/\/www.youtube.com\/channel\/UCHYaeO_n0Db3tjNGudGpXyw"]},{"@type":"Person","@id":"https:\/\/radioljubuski.ba\/#\/schema\/person\/19fc700381a780f69665d7956c469e3b","name":"Radio Ljubu\u0161ki"}]}},"_links":{"self":[{"href":"https:\/\/radioljubuski.ba\/index.php\/wp-json\/wp\/v2\/posts\/131214","targetHints":{"allow":["GET"]}}],"collection":[{"href":"https:\/\/radioljubuski.ba\/index.php\/wp-json\/wp\/v2\/posts"}],"about":[{"href":"https:\/\/radioljubuski.ba\/index.php\/wp-json\/wp\/v2\/types\/post"}],"author":[{"embeddable":true,"href":"https:\/\/radioljubuski.ba\/index.php\/wp-json\/wp\/v2\/users\/2"}],"replies":[{"embeddable":true,"href":"https:\/\/radioljubuski.ba\/index.php\/wp-json\/wp\/v2\/comments?post=131214"}],"version-history":[{"count":1,"href":"https:\/\/radioljubuski.ba\/index.php\/wp-json\/wp\/v2\/posts\/131214\/revisions"}],"predecessor-version":[{"id":131216,"href":"https:\/\/radioljubuski.ba\/index.php\/wp-json\/wp\/v2\/posts\/131214\/revisions\/131216"}],"wp:featuredmedia":[{"embeddable":true,"href":"https:\/\/radioljubuski.ba\/index.php\/wp-json\/wp\/v2\/media\/131215"}],"wp:attachment":[{"href":"https:\/\/radioljubuski.ba\/index.php\/wp-json\/wp\/v2\/media?parent=131214"}],"wp:term":[{"taxonomy":"category","embeddable":true,"href":"https:\/\/radioljubuski.ba\/index.php\/wp-json\/wp\/v2\/categories?post=131214"},{"taxonomy":"post_tag","embeddable":true,"href":"https:\/\/radioljubuski.ba\/index.php\/wp-json\/wp\/v2\/tags?post=131214"}],"curies":[{"name":"wp","href":"https:\/\/api.w.org\/{rel}","templated":true}]}}