{"id":131217,"date":"2022-04-11T00:18:24","date_gmt":"2022-04-10T23:18:24","guid":{"rendered":"https:\/\/radioljubuski.ba\/?p=131217"},"modified":"2022-04-11T00:18:25","modified_gmt":"2022-04-10T23:18:25","slug":"diljem-hrvatske-proslavljena-cvjetnica-u-isusovoj-sudbini-oslikava-se-i-sudbina-covjeka-pravednika","status":"publish","type":"post","link":"https:\/\/radioljubuski.ba\/index.php\/2022\/04\/11\/diljem-hrvatske-proslavljena-cvjetnica-u-isusovoj-sudbini-oslikava-se-i-sudbina-covjeka-pravednika\/","title":{"rendered":"Diljem Hrvatske proslavljena Cvjetnica: \u2018U Isusovoj sudbini oslikava se i sudbina \u010dovjeka pravednika\u2019"},"content":{"rendered":"\n<p>Blagdan Cvjetnice i ulazak u Veliki tjedan sve\u010danim je misama i blagoslovom maslinovih i palminih gran\u010dica obilje\u017een i diljem na\u0161e zemlje.<\/p>\n\n\n\n<div style=\"width: 640px;\" class=\"wp-video\"><video class=\"wp-video-shortcode\" id=\"video-131217-1\" width=\"640\" height=\"360\" preload=\"metadata\" controls=\"controls\"><source type=\"video\/mp4\" src=\"https:\/\/api.hrt.hr\/media\/3b\/40\/tvd2-cvjetnica-20220410180030.mp4?_=1\" \/><a href=\"https:\/\/api.hrt.hr\/media\/3b\/40\/tvd2-cvjetnica-20220410180030.mp4\">https:\/\/api.hrt.hr\/media\/3b\/40\/tvd2-cvjetnica-20220410180030.mp4<\/a><\/video><\/div>\n\n\n\n<h3 class=\"wp-block-heading\"><strong>\u0160to za vjernike zna\u010di Cvjetnica i Veliki tjedan?<\/strong><\/h3>\n\n\n\n<p>Nedjeljom Muke Gospodnje vjernici su zakora\u010dili u Veliki tjedan.<\/p>\n\n\n\n<p><a href=\"https:\/\/vijesti.hrt.hr\/hrvatska\/blagoslovom-maslinovih-i-palminih-grancica-vjernici-usli-u-veliki-tjedan-6679998\">HRT<\/a>&nbsp;je donio izjave vjernika:<\/p>\n\n\n\n<p>\u2013 Cvjetnica je jedan prekrasan blagdan duboko duhovni u kojem slavimo ulazak Isusa u Jeruzalem i to do\u010dekivanje njega s velikim o\u010dekivanjem naroda, da \u0107e do\u0107\u2019 kralj.<\/p>\n\n\n\n<p>\u2013 To je muka Gospodnja koju ne preska\u010dem, to je ulazak u Veliki tjedan.<\/p>\n\n\n\n<p>Kojemu je prethodio duhovni rad na sebi.<\/p>\n\n\n\n<p>\u2013 Pripremamo se pokorom, dobrim djelima kao i kroz \u010ditavu korizmu, a danas posebno.<\/p>\n\n\n\n<p>\u2013 Razdoblje u kojem se moramo pripremiti, bit puni razumijevanja, opra\u0161tanja.<\/p>\n\n\n\n<p>\u2013 Uskrs je slika velika, slika ljubavi, smisao \u017eivota.<\/p>\n\n\n\n<p>\u2013 Poruka je da je Isus za nas trpio na kri\u017eu, zbog nas je svih podnio muku i da mi moramo u \u017eivotu imati i trpljenja i svoje kri\u017eeve koje moramo hrabro i strpljivo nositi.<\/p>\n\n\n\n<p>Strpljivo su vjernici do\u010dekali i vra\u0107anje u staro normalno. Blagoslovljena voda na ulazu u crkve, mise bez distance i maski, pru\u017eanje mira.<\/p>\n\n\n\n<p>Na pitanje kako je sad bez maski, vjernici ka\u017eu:<\/p>\n\n\n\n<p>\u2013 Malo \u010dudno, ali normalno.<\/p>\n\n\n\n<p>\u2013 Ba\u0161 Cvjetnica, skidanje maske sve je to Bo\u017eje djelo, samo treba vjerovati.<\/p>\n\n\n\n<p>\u2013 Ljudi su nekako malo dru\u017eeljubivi i prisniji i tako i u obitelji, distanca bila malo preduga\u010dka.<\/p>\n\n\n\n<p>Pred vjernicima je vazmeno trodnevlje \u010dija je kruna proslava Uskrsa.<\/p>\n\n\n\n<h3 class=\"wp-block-heading\"><strong>Kardinal Bozani\u0107: \u201c\u017dupa Majke Bo\u017eje Lurdske u Zagrebu danas je sveto mjesto\u201d<\/strong><\/h3>\n\n\n\n<p>Zagreba\u010dki nadbiskup kardinal Josip Bozani\u0107 predvodio je euharistijsko slavlje Nedjelje Muke Gospodnje \u2013 Cvjetnice, 10. travnja 2022., u \u017dupi Majke Bo\u017eje Lurdske u Zagrebu u zajedni\u0161tvu s doma\u0107im \u017eupnikom fra Tinom Labrovi\u0107em, OFM; gvardijanom samostana fra Ivanom Maleti\u0107em, OFM; i subra\u0107om sve\u0107enicima iz samostana Majke Bo\u017eje Lurdske, Franjeva\u010dke provincije Presvetog Otkupitelja Split.<\/p>\n\n\n\n<p>Misno slavlje zapo\u010delo je blagoslovom maslinovih i palminih grana, a u uvodu kardinal Bozani\u0107 rekao je kako smo se pokorom i djelima ljubavi tijekom cijele korizme pripremali za slavlje Kristova vazmenog otajstva. \u201cDanas smo okupljeni da s \u010ditavom Crkvom budemo dionici Kristova slavnoga ulaska u grad Jeruzalem, gdje je on, predan u volju O\u010devu, htio za nas trpjeti i umrijeti da bi nas po svome uskrsnu\u0107u obdario darom novoga \u017eivota u slavi O\u010devoj.\u201d<\/p>\n\n\n\n<p>Istaknuo je kako je \u017dupa Majke Bo\u017eje Lurdske u Zagrebu danas sveto mjesto na kojem ovo slavlje postaje znak povezanosti cijele Crkve zagreba\u010dke, \u201cznak na\u0161e pripadnosti istoj zajednici Kristove Crkve, znak sjedinjenosti u nakanama i molitvama za na\u0161 narod, za na\u0161u nadbiskupiju, za na\u0161e obitelji, za sve koji trpe, osobito za one koji prolaze kroz bolno iskustvo rata i progonstva.\u201d Kardinal je podsjetio kako je ovu zagreba\u010dku \u017eupu osnovao bl. Alojzije Stepinac 1942. te ona ove godine obilje\u017eava 80 godina postojanja.<\/p>\n\n\n\n<h3 class=\"wp-block-heading\"><strong>\u201cOdlu\u010dimo zauvijek ostati Isusovi u\u010denici\u201d<\/strong><\/h3>\n\n\n\n<p>U homiliji kardinal Bozani\u0107 naglasio je kako je Cvjetnica prag ulaska u najsvetiji tjedan crkvene godine \u2013 Veliki tjedan. Ona tako\u0111er predstavlja protuslovlje koje se ne smije previdjeti: \u201cprotuslovlje mno\u0161tva koje iz sveg glasa hvali Boga za silna djela \u0161to ih vidje\u0161e, radosno kli\u010du\u0107i: \u201eBlagoslovljen Kralj, Onaj koji dolazi u Ime Gospodnje! Na nebu mir! Slava na visinama!\u201c Ali to \u0107e mno\u0161tvo za nekoliko dana vikati i tra\u017eiti od Pilata da Isusa dade raspeti na kri\u017eu.\u201d<\/p>\n\n\n\n<p>\u201cKada slu\u0161amo i \u010ditamo navje\u0161taj Muke Gospodina na\u0161ega Isusa Krista, ne tra\u017eimo prvotno dobre i zle, nego poku\u0161ajmo na\u0107i i raspoznati u nama samima svijetle i tamne sjene te izaberimo stranu na kojoj \u017eelimo biti. Odlu\u010dimo zauvijek ostati Isusovi u\u010denici. Ali i kao u\u010denici spoznajmo i pred sobom prihvatimo da smo i mi toliko puta pobjegli, izdali i stali na stranu onih, koji su suglasni s Pilatom i Herodom predali Isusa da ga razapnu izvan grada Jeruzalema. Stavili smo Isusa izvan na\u0161eg \u017eivotnog prostora\u201d, naglasio je Kardinal i poru\u010dio: \u201cNastojmo se uvijek probiti do istine, pravde i mira te slu\u017eiti ljubavi, pa i uz cijenu vlastita gubitka.\u201d<\/p>\n\n\n\n<p>Na kraju homilije kardinal Bozani\u0107 kazao je kako Veliki tjedan sadr\u017ei slavlje neuspjeha \u2013 smrt na kri\u017eu, ali i pobjedu uskrsnoga jutra. \u201cTo je prijelaz prema onome \u0161to je neprolazno, \u0161to ostaje, \u0161to pobje\u0111uje. To je prijelaz prema Uskrsu. \u017delim da svatko od nas krene od vlastitih neuspjeha i proma\u0161aja, da svjetlom Duha Svetoga prihvatimo vlastiti kri\u017e, kako bismo mogli do\u017eivjeti veliku radost neprolazne pobjede, radost Uskrsnu\u0107a\u201d, zaklju\u010dio je Kardinal.<\/p>\n\n\n\n<div style=\"width: 640px;\" class=\"wp-video\"><video class=\"wp-video-shortcode\" id=\"video-131217-2\" width=\"640\" height=\"360\" preload=\"metadata\" controls=\"controls\"><source type=\"video\/mp4\" src=\"https:\/\/api.hrt.hr\/media\/9b\/51\/tvd2-kaptol-20220410180136.mp4?_=2\" \/><a href=\"https:\/\/api.hrt.hr\/media\/9b\/51\/tvd2-kaptol-20220410180136.mp4\">https:\/\/api.hrt.hr\/media\/9b\/51\/tvd2-kaptol-20220410180136.mp4<\/a><\/video><\/div>\n\n\n\n<h3 class=\"wp-block-heading\"><strong>Biskup Glasnovi\u0107 u Dubrovniku: S cijelom Crkvom slavimo ulazak Spasitelja u na\u0161 grad<\/strong><\/h3>\n\n\n\n<p>Na Nedjelju Muke Gospodnje \u2013 Cvjetnicu 10. travnja dubrova\u010dki biskup mons. Roko Glasnovi\u0107 predslavio je pontifikalno misno slavlje u katedrali Gospe Velike u Dubrovniku. Slavlje je zapo\u010delo ispred zborne crkve sv. Vlaha blagoslovom maslinovih i palminih gran\u010dica u obredu kojim se prisje\u0107alo Isusovog ulaska u Jeruzalem, a potom su sudionici slavlja u procesiji po\u0161li prema katedrali gdje je misa nastavljena. U procesiji su u svojim odorama sudjelovali i \u010dlanovi Bratstva Presvetog Sakramenta, pi\u0161e Angelina Tadi\u0107 na&nbsp;<a href=\"https:\/\/db.hr\/biskup-glasnovic-predvodio-liturgiju-cvjetnice-krist-dolazi-i-u-sve-muke-ljudi-naseg-vremena\/\">stranicama<\/a>&nbsp;Dubrova\u010dke biskupije.<\/p>\n\n\n\n<p>Pjevala se Muka po Luki, a uz Mje\u0161oviti katedralni zbor pod vodstvom Petre Potrebice, glavne dijelove muke pjevali su katedralni \u017eupnik don Marin Lu\u010di\u0107 i pjeva\u010d Zvonimir Cetini\u0107.<\/p>\n\n\n\n<p>Promi\u0161ljaju\u0107i o Isusovom ulasku u Jeruzalem i radosti onih koji su ga do\u010dekali biskup je kazao kako i mi danas s cijelom Crkvom slavimo ulazak istog Spasitelja Isusa Krista u na\u0161 grad. Trebamo li mi danas doista da Isus do\u0111e u na\u0161 grad, na\u0161a sela, domovinu, u ovaj na\u0161 svijet? \u2013 potaknuo je dubrova\u010dki biskup na promi\u0161ljanje.<\/p>\n\n\n\n<p>Opisuju\u0107i nadalje vrijeme u kojem \u017eivimo, zaokupljenost, potrebe i o\u010dekivanja ljudi kao da izgleda da nema mjesta za evan\u0111eoskog Krista, njegov primjer i poruke o \u017eivotu i kvaliteti \u017eivljenja, a posebice poruke o Bogu u kojem se nalazi puni smisao \u017eivota na zemlji. \u201eKao da mu je mjesto tek negdje u ponekim malim grupama ili \u017eupama koje se brane i zatvaraju pred svijetom u svoju malu duhovnu sigurnost usred nesigurnosti i bezbo\u0161tva svijeta\u201c, primijetio je mons. Glasnovi\u0107. Potom je biskup predo\u010dio svijet koji sebe \u017eeli urediti bez Boga i kao da time poru\u010duje Kristu da ne ulazi dublje u taj svijet, a osobito da ne ulazi \u201eu na\u0161 osobni Jeruzalem\u201c, u na\u0161u nutrinu i privatnost.<\/p>\n\n\n\n<h3 class=\"wp-block-heading\"><strong>\u201cEvan\u0111elje Muke Gospodinove prisje\u0107a na odva\u017eni Kristov ulazak u ljudske muke\u201d<\/strong><\/h3>\n\n\n\n<p>Isus je tako ljubio svijet da je zbog toga u\u0161ao u ovaj na\u0161 svijet da nam otkrije pravu istinu o nama i potvrdi kako nije mogu\u0107e ostvariti \u010dovjeka na zemlji bez Stvoritelja, ustvrdio je biskup. \u201eUpravo nas dana\u0161nje evan\u0111elje Muke Gospodinove prisje\u0107a na odva\u017eni Kristov ulazak u ljudske muke onoga vremena zato da bismo povjerovali da on jednako tako odva\u017eno i spremno, velikodu\u0161no i dare\u017eljivo ulazi u sve ljudske muke ovoga na\u0161ega vremena, u na\u0161e osobne muke, u muke na\u0161ih obitelji, na\u0161ih djece i mladih, u muke na\u0161ega grad i vremena\u201c, poru\u010dio je, uz ostalo, mons. Glasnovi\u0107.<\/p>\n\n\n\n<p>Poslije mise zapo\u010delo je 40-satno klanjanje pred izlo\u017eenim Presvetim.<\/p>\n\n\n\n<p>Nakon dvije godine primjenjivanja restriktivnih mjera na misama zbog situacije koronavirusa, na misnim slavljima na Cvjetnu nedjelju vjernici su ponovno mogli jedni drugima pru\u017eiti znak mira, pri\u010dest se dijelila i na jezik i na ruke, milostinja se prikupljala kao i ranije za vrijeme mise, a maske su se mogle ne nositi.<\/p>\n\n\n\n<h3 class=\"wp-block-heading\"><strong>Mons. Hrani\u0107 u Osijeku: \u201eU Isusovoj sudbini oslikava se i sudbina \u010dovjeka pravednika\u201c<\/strong><\/h3>\n\n\n\n<iframe loading=\"lazy\" title=\"Cvjetnica u Osijeku: U Isusovoj sudbini oslikava se i sudbina \u010dovjeka pravednika\" width=\"640\" height=\"360\" src=\"https:\/\/www.youtube.com\/embed\/GVH3cIj1bAw?feature=oembed\" frameborder=\"0\" allow=\"accelerometer; autoplay; clipboard-write; encrypted-media; gyroscope; picture-in-picture; web-share\" referrerpolicy=\"strict-origin-when-cross-origin\" allowfullscreen><\/iframe>\n\n\n\n<p>\u0110akova\u010dko-osje\u010dki nadbiskup \u0110uro Hrani\u0107 je na Cvjetnicu \u2013 Nedjelju Muke Gospodnje, 10. travnja blagoslovio maslinove gran\u010dice ispred osje\u010dke konkatedrale Sv. Petra i Pavla, poveo procesiju Trgom sv. Ivana Pavla II. te slavio misu tijekom koje je pjevanjem navije\u0161ten evan\u0111eoski izvje\u0161taj Muke po Luki.<\/p>\n\n\n\n<p>Uz nadbiskupa koncelebrirali su doma\u0107i \u017eupnik mons. Adam Bernatovi\u0107 te tajnik Nadbiskupskog ordinarijata vl\u010d. Domagoj Lackovi\u0107, poslu\u017eivao je \u0111akon Nikola Klemen, a Muku je uz \u010dlanove Mje\u0161ovitog konkatedralnog zbora pjevao vl\u010d. Stjepan Matezovi\u0107.<\/p>\n\n\n\n<p>Zapo\u010dinju\u0107i sve\u010dano liturgijsko slavlje Cvjetnice te podsje\u0107aju\u0107i na Isusov ulazak u Jeruzalem, \u010dime zapo\u010dinje i vrijeme njegove muke, mons. Hrani\u0107 je rekao: \u201eU Isusovoj sudbini oslikava se i sudbina \u010dovjeka pravednika. Stavovi i raspolo\u017eenja mijenjaju se brzo, prema potrebi, prema politi\u010dkom trenutku, trenuta\u010dnoj koristi ili pak iz povr\u0161nosti i neznanja\u201c, a zatim naglasio: \u201eIsus je tako ne samo slika pravednika po \u017eivotu, propovijedanju i djelovanju, nego i po vlastitoj \u017eivotnoj sudbini: htio je ljudima dobro, zauzimao se za njih, bio uz njih, da bi na koncu bio ostavljen od svih, pa \u010dak i od onih svojih najbli\u017eih s kojima je dijelio \u017eivot.<\/p>\n\n\n\n<p>Narod, koji mu je klicao, bez vidljiva se razloga okrenuo protiv njega. U\u010denici koji su ga slijedili i bili s njime te gledali njegova djela i slu\u0161ali njegovu pouku, potpuno su ga ostavili sama. Isus je umro napu\u0161ten od svih. S jedne strane, nevjerojatna nepravda, a s druge, jo\u0161 sramotnije pona\u0161anje njegovih u\u010denika od kojih ga je jedan \u010dak i izdao. Nevjerojatna sudbina, nevjerojatno pona\u0161anje u\u010denika i nevjerojatna be\u0161\u0107utnost progonitelja!\u201c<\/p>\n\n\n\n<h3 class=\"wp-block-heading\"><strong>Istinski stavovi i uvjerenja o\u010dituju se u vatri vlastitog pro\u010di\u0161\u0107avanja<\/strong><\/h3>\n\n\n\n<p>Cvjetnica je doga\u0111aj koji se \u010desto mo\u017ee sresti u \u017eivotu, kazao je \u0111akova\u010dko-osje\u010dki nadbiskup i uputio da je ona opomena i poziv. \u201ePokazuje kako je masa \u010desto u svojim stavovima nepouzdana, lako zapaljiva i u jednu i u drugu stranu. Jedan dan netko te mo\u017ee uzdizati u nebesa, a ve\u0107 drugi dan mo\u017ee se okrenuti protiv tebe sve do potpunog uni\u0161tenja. S druge strane, Cvjetnica istodobno pokazuje kako se istinski stavovi i uvjerenja o\u010dituju u vatri vlastitog pro\u010di\u0161\u0107avanja, kroz osobnu patnju i nevolje, pa \u010dak i kroz smrt\u201c.<\/p>\n\n\n\n<p>Pozivaju\u0107i vjernike da se priklju\u010de procesiji rekao je: \u201eProcesija koja \u0107e sada uslijediti \u017eeli biti izri\u010daj na\u0161ega \u017eivotnoga hoda s Isusom, gdje se i mi susre\u0107emo s razli\u010ditim raspolo\u017eenjima ljudi prema nama \u2013 od bezrezervne podr\u0161ke do potpunog odbacivanja, ovisno o tome koliko \u0107e im to biti korisno ili ote\u017eavaju\u0107e u danim okolnostima. Ta procesija \u017eeli nas istodobno u\u010dvrstiti u na\u0161em zajedni\u0161tvu s Isusom i u na\u0161oj vjernosti Bo\u017ejoj rije\u010di, bez obzira na cijenu i izvanjske okolnosti, sve do smrti zbog vjernosti njemu i onome \u0161to je \u010dasno, istinito i po\u0161teno\u201c.<\/p>\n\n\n\n<p>U homiliji, mons. Hrani\u0107 rekao je kako \u201eu ovome svijetu, u ve\u0107em ili manjem obliku, postoji logika pravednika prema kojoj se pojedinci ne \u017eele prodati ni za vlast, ni za \u010dast, ni za vlastitu ugodu, nego ostaju vjerni svojim stavovima i idealima \u2013 i to ne pitaju\u0107i za cijenu, bez obzira kolika ona bila. Cijena takve opredijeljenosti mo\u017ee \u010desto doista biti drasti\u010dno visoka i sudbinski te\u0161ka, ali ti ljudi takvim stavovima i hrabro\u0161\u0107u pokazuju da nije umrlo ono \u0161to je trajno, neprolazno i zato sveto u ovome \u017eivotu\u2026<\/p>\n\n\n\n<h3 class=\"wp-block-heading\"><strong>\u201cDopustimo Bogu da u\u0111e u na\u0161 \u017eivot\u201d<\/strong><\/h3>\n\n\n\n<p>Posljedice takvog njihovog opredjeljenja vode ih do osamljenosti i napu\u0161tenosti. Zapravo na kraju u pravilu ostanu sami ili \u010dak bivaju ubijeni\u201c. Uputio je da postoje i oni koji \u0107e za malo novca, za malo bolji polo\u017eaj, za mali ugled u svome okru\u017eenju, u pravom smislu te rije\u010di prodati sami sebe, svoje ljudsko dostojanstvo, svoje stavove i uvjerenja te prije\u0107i na stranu mo\u0107nika ili ve\u0107ine oko njih te urlati protiv pravednika, tra\u017ee\u0107i njihovu osudu.<\/p>\n\n\n\n<p>\u201eNa po\u010detku ovoga Svetog, Velikog tjedna, susret s Isusom stavlja nas pred pitanje: \u0160to je sa mnom? Kako se ja pona\u0161am i koliko sam vjeran Bogu te postojan na vjetrometini razli\u010ditih utjecaja, pritisaka i interesa? Jesam li dio prevrtljive mase i razapinjem li ponovno Isusa? Ili se snagom vjere suobli\u010davam Njemu i umirem s Njime?\u201c, pitao je mons. Hrani\u0107 zaklju\u010duju\u0107i homiliju i rekao: \u201eSavjest je ona na koju ne mo\u017eemo utjecati. Htjeli mi to ili ne ona nam iznutra odgovara na ova pitanja, ona nas iznutra poziva da doista budemo ljudi, da budemo vi\u0161e Isusovi, poziva nas na obra\u0107enje\u2026<\/p>\n\n\n\n<p>Savjest je ona kojoj ne mogu pobje\u0107i, ne mogu je prevariti. Ona je nutarnji glas koji me vodi k Bogu. Dopustimo Bogu, Isusu Kristu, da u\u0111e u na\u0161 \u017eivot, da odre\u0111uje na\u0161e \u017eivotne korake, ponekad i protiv na\u0161e volje, ali svjesni \u2013 ako smo vjerni Bogu i Njegovoj rije\u010di, ne\u0107emo biti po\u0161te\u0111eni pote\u0161ko\u0107a, mo\u017eda \u0107emo ih imati \u010dak i vi\u0161e ba\u0161 zbog vjernosti Bogu, sebi i svom identitetu, ali jedino tako se spa\u0161ava ovaj svijet, jedino tako mogu imati nutarnji mir\u201c.<\/p>\n\n\n\n<h3 class=\"wp-block-heading\"><strong>Nadbiskup Bari\u0161i\u0107 na Cvjetnicu predvodio misu u splitskoj prvostolnici<\/strong><\/h3>\n\n\n\n<p>Na Cvjetnicu, odnosno Nedjelju muke Gospodnje, koja uvodi u Veliki tjedan i pripremu za najve\u0107i kr\u0161\u0107anski blagdan Uskrs, 10. travnja splitsko-makarski nadbiskup Marin Bari\u0161i\u0107 predvodio je procesiju i misno slavlje u splitskoj katedrali Sv. Dujma.<\/p>\n\n\n\n<p>Koncelebrirali su mons. Nediljko Ante An\u010di\u0107, pastoralni vikar i prepozit Metropolitanskog kaptola u Splitu, katedralni \u017eupnik mons. Ante Mateljan, rektor Centralnoga bogoslovnog sjemeni\u0161ta u Splitu vl\u010d. \u0110uliano Trdi\u0107 i ostali sve\u0107enici.<\/p>\n\n\n\n<p>Na Peristilu je nadbiskup blagoslovio maslinove grani\u010dice i po\u0161kropio puk Bo\u017eji. Tom je prigodom kazao: \u201eNadam se da smo se pripremili dobrim djelima za slavlje Vazma, Isusova uskrsnu\u0107a. Danas ulazimo u Veliki tjedan, u veliko otajstvo na\u0161ega spasenja. Slave\u0107i Cvjetnicu sje\u0107amo se sve\u010danog Gospodinova ulaska u Jeruzalem. Sve\u010dano su ga do\u010dekali, ali nisu svi bili odu\u0161evljeni. Razli\u010diti su bili stavovi\u201c.<\/p>\n\n\n\n<h3 class=\"wp-block-heading\"><strong>\u201c\u2018Hosana\u2019 je vapaj Gospodinu da pomogne i spasi\u201d<\/strong><\/h3>\n\n\n\n<p>U nastavku je naglasio da Jeruzalem danas poprima simboli\u010dno zna\u010denje. Jeruzalem je na\u0161e srce, na\u0161a obitelj i na\u0161 grad. \u201eVjerujem da ne\u0107emo biti indiferentni prema dolasku ove dobrote koja ne dolazi nasilno osvajati. To izra\u017eava simbolikom ja\u0161u\u0107i na magarcu kao mirotvorac koji ne osvaja prostore, terene nego osloba\u0111a ljudska srca\u201c, kazao je nadbiskup dodav\u0161i da su Isusu izra\u017eavali dobrodo\u0161licu rije\u010dima: \u201eBlagoslovljen Onaj koji dolazi u ime Gospodnje. Hosana u visinama!\u201c Tim ga se rije\u010dima pozdravlja u procesiji na Cvjetnicu. U tom je svjetlu naglasio da je \u201ehosana\u201c sve\u010dani pozdrav dobrodo\u0161lice i dobrih \u017eelja, ali i vapaj Gospodinu da pomogne i spasi. Te su rije\u010di posebno aktualne danas dok molimo za prestanak rata u Ukrajini.<\/p>\n\n\n\n<p>Sve\u0107enici, pjeva\u010di Mje\u0161ovitog prvostolnog zbora sv. Dujma pod vodstvom \u0160ime Marovi\u0107a, bogoslovi i ostali vjernici u procesiji su s palminim i maslinovim gran\u010dicama u\u0161li u prvostolnicu. Nakon \u0161to je otpjevana Muka Gospodinova, nadbiskup je u homiliji kazao da ima doga\u0111aja, prizora i vijesti koje mogu biti uznemiruju\u0107e i opasne i za koje je na to potrebno unaprijed upozoriti one koji \u0107e ih slu\u0161ati i gledati.<\/p>\n\n\n\n<p>\u201eTo je potrebno upozorenje kad \u010ditamo i razmatramo Muku Gospodinovu jer bi\u010devanje i razapinjanje sigurno uznemiruje gledati i slu\u0161ati. Mislimo na fizi\u010dku bol, ali i na poni\u017eenje, psihi\u010dko maltretiranje, mobing. Ali ima i ne\u0161to drugo u Gospodinovoj muci \u0161to nas treba uznemiriti, pogoditi, zahvatiti: izdaja, nijekanje, grijeh, udaljenost i ostavljenost, gdje ljudskost popusti, gdje je ljudskost slaba. Kod Gospodina je druk\u010dije\u201c, istaknuo je mons. Bari\u0161i\u0107. U tom vidu podsjetio je na Isusove susrete s vojnikom koji ga je htio zarobiti, s u\u010denikom Petrom koji ga je zatajio, s razbojnikom na kri\u017eu i s rimskim satnikom.<\/p>\n\n\n\n<h3 class=\"wp-block-heading\"><strong>\u201cPromatranje Isusove muke nije opasno ve\u0107 spasonosno\u201d<\/strong><\/h3>\n\n\n\n<p>\u201eIsus lije\u010di vojnika koji ga je krenuo zarobiti. Isusov pogled prema Petru nakon njegova grijeha nije ukor, prijetnja ili prezir nego dobronamjeran snimak koji ide do ljudskoga srca, do dubine, ulazi u ljudsku slabost i ljudsku narav razumije. Taj pogled ne pita Petra: \u2018Kaje\u0161 li se\u2019 nego \u2018Ljubi\u0161 li?\u2019 Isusov pogled je pogled umirenja, opra\u0161tanja i ljubavi\u201c, kazao je nadbiskup dodav\u0161i da Isus daje nadu razbojniku na kri\u017eu u njegovom najte\u017eem trenutku, uskrisava ga.<\/p>\n\n\n\n<p>Rimskoga satnika, koji je pratio sve ove doga\u0111aje, pogodili su Isusovi postupci, uznemirili ga i zahvatili te je rekao: \u201eZaista, ovaj \u010dovjek bija\u0161e Sin Bo\u017eji!\u201c Rimski satnik dr\u017ei do Zakona, nastavio je mons. Bari\u0161i\u0107, \u201eali u Isusu vidi nekoga tko nadilazi norme i propise. To ga je pogodilo. No to nije opasno nego spasonosno\u201c.<\/p>\n\n\n\n<p>Nadbiskup je zaklju\u010dio homiliju tvrdnjom da promatranje Isusove muke nije opasno ve\u0107 spasonosno, \u201espasonosan je na\u010din reagiranja milosrdne ljubavi koja opra\u0161ta a oprostiti mo\u017ee samo onaj koji iskreno ljubi. Bez ljubavi opro\u0161tenje je vi\u0161e opravdanje sebe, tra\u017eenje argumenata da se opravdamo i optu\u017eimo drugoga. Onaj koji ljubi jedino mo\u017ee oprostiti. I to je ono pravo opro\u0161tenje. Gospodin ga svjedo\u010di. Gospodin ga daje. Neka nas doista uznemiri. Neka nas pogodi. Neka nas zahvati\u201c.<\/p>\n\n\n\n<p>Nakon euharistijskoga slavlja zapo\u010delo je \u010detrdesetsatno klanjanje koje zavr\u0161ava na Veliku srijedu, 13. travnja, kada \u0107e nadbiskup Marin Bari\u0161i\u0107 u katedrali predvoditi misno slavlje u 11 sati.<\/p>\n\n\n\n<h3 class=\"wp-block-heading\"><strong>Nadbiskup Dev\u010di\u0107 u Rijeci: Pozvani smo nasljedovati Isusa koji je u\u0161ao u Jeruzalem na magarcu<\/strong><\/h3>\n\n\n\n<p>Slavlje na Cvjetnicu, 10. travnja, rije\u010dki nadbiskup Ivan Dev\u010di\u0107 predvodio je u crkvi Uznesenja BDM u zajedni\u0161tvu s nadbiskupom koadjutorom Matom Uzini\u0107em i drugim sve\u0107enicima.<\/p>\n\n\n\n<p>Mi, kr\u0161\u0107ani, pozvani smo nasljedovati Isusa koji je u Jeruzalem u\u0161ao na magarcu, skromnoj \u017eivotinji, a ne na konju kojima su se vojnici slu\u017eili odlaze\u0107i u ratne pohode, uni\u0161tavaju\u0107i gradove i naseobine. Isus je tom gestom potvrdio svoju poniznost i nenasilnost poru\u010duju\u0107i stanovnicima Jeruzalema da je do\u0161ao slu\u017eiti i posvjedo\u010diti ljubav \u017ertvuju\u0107i se uskoro za njih i sve ljude na drvetu kri\u017ea. Takvo slu\u017eenje bra\u0107i zna\u010di u pravom smislu rije\u010di kraljevanje, prou\u010dio je nadbiskup Dev\u010di\u0107 na obredu blagoslova maslinovih gran\u010dica.<\/p>\n\n\n\n<p>Farizejsko u\u0161utkavanje Isusovih u\u010denika i tijekom povijesti Crkve nije prestalo. Naprotiv, na isti na\u010din, na temelju la\u017enih optu\u017ebi, mu\u010deni su i ubijani brojni Isusovi sljedbenici. Isus je to predvidio nagovijestiv\u0161i u\u010denicima: \u201cAko su mene progonili, i vas \u0107e progoniti; ako su moju rije\u010d \u010duvali, i va\u0161u \u0107e \u010duvati.\u201d (Iv 15,20).<\/p>\n\n\n\n<p>Nagovijestio je i da \u0107e mu\u010deni\u0161tvo trajno pratiti njegovu Crkvu, ali je ne\u0107e zatrti, rekao je mons. Dev\u010di\u0107. Na kraju, prije nego se procesija uputila prema rije\u010dkoj prvostolnici u kojoj je slavio misu, potaknuo je vjernike da po uzoru na Isusa, brinu jedni za druge i dopuste Kristu da ih vodi i nadahnjuje u odnosu prema na\u0161em nebeskom Ocu.<\/p>\n\n\n\n<h3 class=\"wp-block-heading\"><strong>Nadbiskup Uzini\u0107: \u201cNe smijemo dozvoliti da od \u2018mno\u0161tva\u2019 postanemo \u2018svjetina\u2019 koja prvo kli\u010de, a onda razapinje\u201d<\/strong><\/h3>\n\n\n\n<p>Nakon pjevanog cjelovitog izvje\u0161taja Muke po Luki, propovijed je uputio nadbiskup Uzini\u0107. Nastavno na poticajne rije\u010di nadbiskupa Dev\u010di\u0107a o Isusovu primjeru i poruci koju nam je Krist poslao ulaze\u0107i na magarcu u Jeruzalem, kao kralj mira, ne rata, osvrnuo se na aktualna ratna zbivanja u Ukrajini i kritike pape Franje upu\u0107ene skupini dr\u017eava koje su se obvezale potro\u0161iti 2% BDP-a na kupnju oru\u017eja kao odgovor na nastalu situaciju.<\/p>\n\n\n\n<p>Ne smijemo dopustiti da od \u2018mno\u0161tva\u2019 postanemo \u2018svjetina\u2019 koja prvo kli\u010de, a zatim razapinje, uspozorio je mons. Uzini\u0107 i u nastavku citirao Svetoga Oca: \u201cPosramio sam se kada sam pro\u010ditao da se skupina dr\u017eava obvezala potro\u0161iti dva posto BDP-a na kupnju oru\u017eja, kao odgovor na ovo \u0161to se sada doga\u0111a. Ludilo! Pravi odgovor nije drugo oru\u017eje, druge sankcije, druga politi\u010dko-vojna savezni\u0161tva, ve\u0107 drugi pristup, druga\u010diji na\u010din upravljanja sada globaliziranim svijetom \u2013 ne pokazuju\u0107i zube, kao sada \u2013 druga\u010diji na\u010din postavljanja me\u0111unarodnih odnosa. Model skrbi, hvala Bogu, ve\u0107 postoji, ali je, na\u017ealost, jo\u0161 uvijek podlo\u017ean modelu ekonomsko-tehnokratsko-vojne mo\u0107i\u201d (Vatican News 28. o\u017eujka)<\/p>\n\n\n\n<h3 class=\"wp-block-heading\"><strong>\u201cPozvani smo biti druga\u010diji\u201d<\/strong><\/h3>\n\n\n\n<p>Mi, kr\u0161\u0107ani, pozvani smo na druga\u010dije, istaknuo je propovjednik. \u201cPozvani smo nasljedovati Isusa Krista koji \u0107e na sebe preuzeti svo trpljenje. Podnijet \u0107e sve optu\u017ebe, svo mu\u010denje i umiru\u0107i \u0107e re\u0107i, zaustavljaju\u0107i spiralu zla: Oprosti im, O\u010de jer ne znaju \u0161to \u010dine. Mi trebamo biti druga\u010diji! Ina\u010de nismo kr\u0161\u0107ani i nismo u\u010denici Isusa Krista.<\/p>\n\n\n\n<p>Ina\u010de \u0107emo se od mno\u0161tva pretvoriti u svjetinu. Ina\u010de \u0107emo \u0107e raspr\u0161iti kao Isusovi u\u010denici idu\u0107i svatko svojim putem i za svojim interesima. Ne\u0107emo biti Isusovi niti s Isusom i ne\u0107emo mo\u0107i mijenjati ovaj svijet, &nbsp;koji je kao i u Isusovom slu\u010daju, na\u0161a zada\u0107a i na\u0161e poslanje. U\u010dinimo ga boljim svijetom, polaze\u0107i od sebe samih, polaze\u0107i od toga da postanemo bolji ljudi.\u201d<\/p>\n\n\n\n<p>Zaklju\u010duju\u0107i liturgijsko slavlje nadbiskup Dev\u010di\u0107 potaknuo je vjernike na stvaranje svijeta na temeljima Evan\u0111elja, dru\u0161tva kojoj je obilje\u017eje sloga, a ne prijetnje kupovine oru\u017eja. Prepoznajmo jedni druge kao bra\u0107u i sestre, kazao je mons. Dev\u010di\u0107. Rije\u010dki nadbiskupi na kraju su svima za\u017eeljeli blagoslovljeno vrijeme Velikoga tjedna koji je zapo\u010deo Nedjeljom Muke Gospodnje.<\/p>\n\n\n\n<h3 class=\"wp-block-heading\"><strong>Nadbiskup Pulji\u0107 u Zadru: \u201cIsus \u017divotvorac ide u zagrljaj smrti\u201d<\/strong><\/h3>\n\n\n\n<p>Na Cvjetnicu, Nedjelju Muke Gospodnje, 10. travnja, zadarski nadbiskup \u017delimir Pulji\u0107 predvodio je misno slavlje u katedrali Sv. Sto\u0161ije u Zadru, za vrijeme kojeg je pjevana Muka na\u0161eg Gospodina Isusa Krista iz Evan\u0111elja po Luki.<\/p>\n\n\n\n<p>Prije mise, nadbiskup Pulji\u0107 i puk okupili su se u crkvi Sv. Marije kod benediktinki gdje je nadbiskup blagoslovio maslinove gran\u010dice. Odatle su sve\u0107enici i puk krenuli u procesiju s maslinovim gran\u010dicama prema katedrali Sv. Sto\u0161ije, kada je pjevanje antifona predvodio Katedralni zbor sv. Sto\u0161ije pod vodstvom mo \u017dana Morovi\u0107a.<\/p>\n\n\n\n<p>\u201eStra\u0161no je i neshvatljivo otajstvo najve\u0107eg poni\u017eenja Bo\u017ejega Sina Isusa Krista\u201c. istaknuo je mons. Pulji\u0107, rekav\u0161i kako Cvjetnica podsje\u0107a na Isusov slavni ulazak u Jeruzalem kad mu je narod kliktao, no istovremeno spominjemo kako Sin Bo\u017eji, \u017divotvorac, zapravo ide u zagrljaj smrti.<\/p>\n\n\n\n<h3 class=\"wp-block-heading\"><strong>\u201cNajsvetije i najljep\u0161e vrijeme liturgijske godine\u201d<\/strong><\/h3>\n\n\n\n<p>\u201eNedjeljom Muke Gospodnje zapo\u010dinje najsvetije i najljep\u0161e vrijeme liturgijske godine, a to je Veliki, Sveti tjedan. Ulazimo u tjedan muke Gospodina na\u0161ega Isusa Krista kako su je opisali prorok Izaija i 22. psalam, a teolo\u0161ki razradili apostol Pavao i evan\u0111elist Luka\u201c, rekao je mons. Pulji\u0107.<\/p>\n\n\n\n<p>Izaija sedam i pol stolje\u0107a prije Isusove smrti opisuje kako su \u201eMesijina le\u0111a bila izbrazdana bi\u010devima kao oranica plugovima. A lice, ta ljepota nad ljepotama, neljudski iznaka\u017eeno i popljuvano\u201c. Psalmist ka\u017ee da su mu \u201eproboli i ruke i noge te sve njegove kosti prebrojati mogu, a haljine mu razdijelili i za odje\u0107u njegovu bacili kocku\u201c. I zaklju\u010duje kako je \u201ete\u0161ko bilo u njemu prepoznati lice Bo\u017eje\u201c.<\/p>\n\n\n\n<p>Apostol Pavao, zaljubljenik Krista raspetoga, ka\u017ee da je \u201eKrist, trajni lik Bo\u017eji, uzeo lik sluge, ponizio samoga sebe te bio i ostao poslu\u0161an do smrti, smrti na kri\u017eu\u201c.<\/p>\n\n\n\n<h3 class=\"wp-block-heading\"><strong>\u201cNe mo\u017ee se ostati hladan na navje\u0161taj Isusove muke\u201d<\/strong><\/h3>\n\n\n\n<p>\u201eSin Bo\u017eji, dakle, dolazi s neba na zemlju, iz krila Oca \u017divotvorca u zagrljaj smrti! Stra\u0161no je to otajstvo najdubljeg poni\u017eenja. Ali, nastavlja Pavao, to je razlog \u0161to ga \u201eBog uzvisi i dade mu ime nad svakim imenom\u201c. I nema drugog imena u kojem nam se spasiti, osim imena Isusa Krista\u201c, istaknuo je mons. Pulji\u0107.<\/p>\n\n\n\n<p>Nadbiskup je rekao da nitko ne mo\u017ee ostati hladan na navje\u0161taj Isusove muke. \u201ePotreseni smo svime \u0161to smo \u010duli. Iznena\u0111eni. Mogli bismo dugo razmi\u0161ljati o sudionicima te drame\u201c, rekao je mons. Pulji\u0107, istaknuv\u0161i kako nas Veliki tjedan poziva da ne razmi\u0161ljamo samo o Isusu i njegovoj muci, nego i o sebi i o svojoj ulozi u tom procesu.<\/p>\n\n\n\n<p>\u201eTaj proces nije gotov. On traje i trajat \u0107e do kraja svijeta. Koju ulogu mi igramo u tom procesu, gdje se mo\u017eemo prepoznati? Treba li nam moliti Bo\u017eje opro\u0161tenje?\u201c potaknuo je nadbiskup, opisav\u0161i pona\u0161anja pojedinih sudionika u procesu Isusove osude.<\/p>\n\n\n\n<h3 class=\"wp-block-heading\"><strong>Mogli bismo se pitati za svako lice prikazano u drami Isusove muke, razmi\u0161ljati<\/strong><\/h3>\n\n\n\n<p>Svjetina pozdravlja Isusa na ulazu u Jeruzalem, \u201eHosana, blagoslovljen koji dolazi u ime Gospodnje\u201c, radosni zbog susreta i doga\u0111aja da se nalaze oko njega. Kasnije govore iz svega glasa, \u2018Raspni ga. Barabu pusti, ovoga raspni\u2019. Rimljanin mora braniti sunarodnjaka \u017didova. Rekao im je da ni\u0161ta lo\u0161e na Isusu nije na\u0161ao i da ga ne mo\u017ee osuditi.<\/p>\n\n\n\n<p>\u201ePa Petar, divni Isusov u\u010denik kojega je Isus od prvoga susreta zavolio. Toliko zavolio, da mu je rekao, Ne\u0107e\u0161 se vi\u0161e zvati \u0160imun, nego Petar. S tobom ra\u010dunam, na tebi \u0107u Crkvu sagraditi i vrata paklena ne\u0107e je razoriti. A Petar pred slu\u0161kinjom koja ga tri puta pita ka\u017ee da ne poznaje toga \u010dovjeka. Mogli bismo se pitati za svako lice prikazano u drami Isusove muke, razmi\u0161ljati, suosje\u0107ati ili biti ljuti\u201c, rekao je nadbiskup, poru\u010div\u0161i:<\/p>\n\n\n\n<p>\u201eIsuse, \u017eelio bih se na\u0107i me\u0111u onima koji su te pratili, me\u0111u onim \u017eenama koje su spomenute, a pratile su te do groba i vidjele su kako te sahrani\u0161e. A srce im je pucalo od suosje\u0107anja \u0161to njihov Spasitelj tako trpi\u201c.<\/p>\n\n\n\n<h3 class=\"wp-block-heading\"><strong>Silno mno\u0161tvo onih koji idu za Mesijom<\/strong><\/h3>\n\n\n\n<p>Na Cvjetnicu razmi\u0161ljamo o Mesiji koji pati i umire, ali gledamo i silno mno\u0161tvo onih koji&nbsp; po\u0111o\u0161e za Mesijom. \u201eGledamo mu\u010denike, velikane i heroje povijesti koji su cijenili slobodu duha i nisu se stra\u0161ili okova, kako ne bi bilo okovano Evan\u0111elje. Divimo se i Bogu zahvaljujemo za njihovo neustra\u0161ivo svjedo\u010danstvo.<\/p>\n\n\n\n<p>Mislimo i na mno\u0161tvo neznatnih i nezapa\u017eenih svjedoka u \u0161kolama, bolnicama, trgovinama i tvornicama kojima su se, kao i Isusu, mnogi \u201epodrugivali, razvla\u010dili usne i mahali glavom\u201c jer su vjerovali, molili se, djecu kr\u0161\u0107anski odgajali i na svete sakramente dolazili\u201c, rekao je mons. Pulji\u0107.<\/p>\n\n\n\n<p>U Velikom tjednu razmi\u0161ljamo o Isusovu procesu i osje\u0107amo \u201eosobitu Kristovu ljubav i naklonost prema svima koji su skru\u0161eni, prezreni i otpisani\u201c. U tom kontekstu, nadbiskup je istaknuo milosni susret Isusa i raspetog razbojnika s Isusove desne strane.<\/p>\n\n\n\n<h3 class=\"wp-block-heading\"><strong>Isus otvara vrata raja<\/strong><\/h3>\n\n\n\n<p>\u201eRazapet izme\u0111u neba i zemlje, fizi\u010dki shrvan, Isus otvara vrata raja i osvaja jednu du\u0161u. Njegov suputnik i supatnik na Golgoti, desni razbojnik Dizma ide s njim u nebo jer ga je zamolio neka ga se sjeti u svom Kraljevstvu. Taj primjer spa\u0161enog razbojnika pokazuje nam koliko je Isusu stalo do spasenja ljudi. Pritom ne gleda na bezakonja na\u0161a, nego na srce raskajano i ponizno koje ne\u0107e prezreti\u201c, naglasio je nadbiskup.<\/p>\n\n\n\n<p>Podsjetio je na pri\u010du kako se Gospodin ukazao sv. Jeronimu na svoj ro\u0111endan pa ga je upitao: \u201eJeronime, \u0161to \u0107e\u0161 mi danas darovati?\u201c Jeronim, \u010dovjek knjige i prou\u010davanja Svetog pisma, odgovara: \u201eSvoje knjige, U\u010ditelju\u201c. To je njemu bilo najvrjednije. No, Gospodin mu odvrati kako mu to nije dosta.<\/p>\n\n\n\n<p>\u201ePa, \u0161to onda \u017eeli\u0161 kao dar, dragi Isuse? Mo\u017eda moj \u017eivot pokore i odricanja? Jer, \u0161to mi jo\u0161 preostaje \u0161to bih ti mogao darovati?\u201c A Gospodin mu odvrati: \u201eJeronime, daruj mi svoje grijehe\u201c.<\/p>\n\n\n\n<p>\u201eVrlo pou\u010dno i poticajno i za nas. \u0160to \u0107e\u0161 ti, brate i sestro, darovati Isusu za Uskrs ovoga prolje\u0107a? \u0160to \u0107e\u0161 ga zamoliti ovih dana Velikoga i svetoga tjedna i \u0161to \u0107e\u0161 od njega tra\u017eiti? Ho\u0107e\u0161 li se odva\u017eiti i po\u0107i mu ususret, pa u sakramentu svete ispovijedi ponuditi mu svoje grijehe kao svoj osobiti dar koji se Isusu osobito svi\u0111a, kao u slu\u010daju svetog Jeronima.<\/p>\n\n\n\n<h3 class=\"wp-block-heading\"><strong>Prepoznati slabosti i grijehe<\/strong><\/h3>\n\n\n\n<p>Shva\u0107amo li mi, zapravo, smisao i poruku njegovih rije\u010di: \u201eNisam do\u0161ao zvati pravednike, nego gre\u0161nike zbog kojih je velika radost u nebu kad se kaju i pokoru \u010dine\u201c, potaknuo je na razmi\u0161ljanje nadbiskup Pulji\u0107, poru\u010div\u0161i: \u201eBra\u0107o i sestre, \u010dini se kako premalo poznajemo dimenzije bo\u017eanskoga milosrdnog Srca. A samo u toj dimenziji dobrote, milosti i milosr\u0111a mogu\u0107e je razumjeti za\u0161to je Isus Petra u\u010dinio svojim vidljivim namjesnikom na zemlji.<\/p>\n\n\n\n<p>Njega koji ga je kod Cezareje Filipove odgovarao da ne ide u Jeruzalem, Isus o\u0161tro ukorava i naziva napasnikom, jer mu nije na pameti ono \u0161to je Bo\u017eje, nego njegovo, ljudsko. Njega, koji ga je u dvori\u0161tu velikog sve\u0107enika tri puta zatajio i izjavio kako ga ne poznaje, Isus nakon uskrsne pobjede tri puta pita, \u201eVoli\u0161 li me, Petre?!\u201c A on je skru\u0161ena i pokajana srca ispovjedio da \u201eljubi svoga Gospodina\u201c. Kajanje, opro\u0161tenje i ljubav prepoznatljivi je troplet Isusovih u\u010denika i njegove Crkve\u201c, rekao je mons. Pulji\u0107, zahvaliv\u0161i Isusu za njegovu muku, ljubav i pra\u0161tanje.<\/p>\n\n\n\n<p>\u201ePomozi nam, Isuse, upoznati na\u0161e slabosti, padove i grijehe. Potakni nas sakramentom svete ispovijedi, poput razbojnika Dizme s Kalvarije, tra\u017eiti samo tvoju milost i milosr\u0111e. I to nam je dovoljno\u201c, istaknuo je nadbiskup Pulji\u0107.<\/p>\n\n\n\n<p><em>Izvor:&nbsp;<a href=\"http:\/\/narod.hr\/hrt\/ika\">narod.hr\/hrt\/ika<\/a><\/em><\/p>\n","protected":false},"excerpt":{"rendered":"<p>Blagdan Cvjetnice i ulazak u Veliki tjedan sve\u010danim je misama i blagoslovom maslinovih i palminih gran\u010dica obilje\u017een i diljem na\u0161e zemlje. https:\/\/api.hrt.hr\/media\/3b\/40\/tvd2-cvjetnica-20220410180030.mp4 \u0160to za vjernike zna\u010di Cvjetnica i Veliki tjedan? Nedjeljom Muke Gospodnje vjernici su zakora\u010dili u Veliki tjedan. HRT&nbsp;je donio izjave vjernika: \u2013 Cvjetnica je jedan prekrasan blagdan duboko duhovni u kojem slavimo ulazak [&hellip;]<\/p>\n","protected":false},"author":2,"featured_media":131218,"comment_status":"closed","ping_status":"closed","sticky":false,"template":"","format":"standard","meta":{"h5ap_radio_sources":[],"footnotes":""},"categories":[1],"tags":[],"class_list":["post-131217","post","type-post","status-publish","format-standard","has-post-thumbnail","hentry","category-bihiregija"],"yoast_head":"<!-- This site is optimized with the Yoast SEO plugin v27.5 - https:\/\/yoast.com\/product\/yoast-seo-wordpress\/ -->\n<title>Diljem Hrvatske proslavljena Cvjetnica: \u2018U Isusovoj sudbini oslikava se i sudbina \u010dovjeka pravednika\u2019 - RADIO LJUBU\u0160KI<\/title>\n<meta name=\"robots\" content=\"index, follow, max-snippet:-1, max-image-preview:large, max-video-preview:-1\" \/>\n<link rel=\"canonical\" href=\"https:\/\/radioljubuski.ba\/index.php\/2022\/04\/11\/diljem-hrvatske-proslavljena-cvjetnica-u-isusovoj-sudbini-oslikava-se-i-sudbina-covjeka-pravednika\/\" \/>\n<meta property=\"og:locale\" content=\"hr_HR\" \/>\n<meta property=\"og:type\" content=\"article\" \/>\n<meta property=\"og:title\" content=\"Diljem Hrvatske proslavljena Cvjetnica: \u2018U Isusovoj sudbini oslikava se i sudbina \u010dovjeka pravednika\u2019 - RADIO LJUBU\u0160KI\" \/>\n<meta property=\"og:description\" content=\"Blagdan Cvjetnice i ulazak u Veliki tjedan sve\u010danim je misama i blagoslovom maslinovih i palminih gran\u010dica obilje\u017een i diljem na\u0161e zemlje. https:\/\/api.hrt.hr\/media\/3b\/40\/tvd2-cvjetnica-20220410180030.mp4 \u0160to za vjernike zna\u010di Cvjetnica i Veliki tjedan? Nedjeljom Muke Gospodnje vjernici su zakora\u010dili u Veliki tjedan. HRT&nbsp;je donio izjave vjernika: \u2013 Cvjetnica je jedan prekrasan blagdan duboko duhovni u kojem slavimo ulazak [&hellip;]\" \/>\n<meta property=\"og:url\" content=\"https:\/\/radioljubuski.ba\/index.php\/2022\/04\/11\/diljem-hrvatske-proslavljena-cvjetnica-u-isusovoj-sudbini-oslikava-se-i-sudbina-covjeka-pravednika\/\" \/>\n<meta property=\"og:site_name\" content=\"RADIO LJUBU\u0160KI\" \/>\n<meta property=\"article:publisher\" content=\"https:\/\/www.facebook.com\/Radiio-Ljubuski-1490835324566332\" \/>\n<meta property=\"article:published_time\" content=\"2022-04-10T23:18:24+00:00\" \/>\n<meta property=\"article:modified_time\" content=\"2022-04-10T23:18:25+00:00\" \/>\n<meta property=\"og:image\" content=\"https:\/\/radioljubuski.ba\/wp-content\/uploads\/2022\/04\/10-04-22_Cvjetnica-Os-16-696x392-1.jpg\" \/>\n\t<meta property=\"og:image:width\" content=\"696\" \/>\n\t<meta property=\"og:image:height\" content=\"392\" \/>\n\t<meta property=\"og:image:type\" content=\"image\/jpeg\" \/>\n<meta name=\"author\" content=\"Radio Ljubu\u0161ki\" \/>\n<meta name=\"twitter:card\" content=\"summary_large_image\" \/>\n<meta name=\"twitter:creator\" content=\"@radioljubuski\" \/>\n<meta name=\"twitter:site\" content=\"@radioljubuski\" \/>\n<meta name=\"twitter:label1\" content=\"Napisao\/la\" \/>\n\t<meta name=\"twitter:data1\" content=\"Radio Ljubu\u0161ki\" \/>\n\t<meta name=\"twitter:label2\" content=\"Procijenjeno vrijeme \u010ditanja\" \/>\n\t<meta name=\"twitter:data2\" content=\"20 minuta\" \/>\n<script type=\"application\/ld+json\" class=\"yoast-schema-graph\">{\"@context\":\"https:\\\/\\\/schema.org\",\"@graph\":[{\"@type\":\"Article\",\"@id\":\"https:\\\/\\\/radioljubuski.ba\\\/index.php\\\/2022\\\/04\\\/11\\\/diljem-hrvatske-proslavljena-cvjetnica-u-isusovoj-sudbini-oslikava-se-i-sudbina-covjeka-pravednika\\\/#article\",\"isPartOf\":{\"@id\":\"https:\\\/\\\/radioljubuski.ba\\\/index.php\\\/2022\\\/04\\\/11\\\/diljem-hrvatske-proslavljena-cvjetnica-u-isusovoj-sudbini-oslikava-se-i-sudbina-covjeka-pravednika\\\/\"},\"author\":{\"name\":\"Radio Ljubu\u0161ki\",\"@id\":\"https:\\\/\\\/radioljubuski.ba\\\/#\\\/schema\\\/person\\\/19fc700381a780f69665d7956c469e3b\"},\"headline\":\"Diljem Hrvatske proslavljena Cvjetnica: \u2018U Isusovoj sudbini oslikava se i sudbina \u010dovjeka pravednika\u2019\",\"datePublished\":\"2022-04-10T23:18:24+00:00\",\"dateModified\":\"2022-04-10T23:18:25+00:00\",\"mainEntityOfPage\":{\"@id\":\"https:\\\/\\\/radioljubuski.ba\\\/index.php\\\/2022\\\/04\\\/11\\\/diljem-hrvatske-proslavljena-cvjetnica-u-isusovoj-sudbini-oslikava-se-i-sudbina-covjeka-pravednika\\\/\"},\"wordCount\":4955,\"publisher\":{\"@id\":\"https:\\\/\\\/radioljubuski.ba\\\/#organization\"},\"image\":{\"@id\":\"https:\\\/\\\/radioljubuski.ba\\\/index.php\\\/2022\\\/04\\\/11\\\/diljem-hrvatske-proslavljena-cvjetnica-u-isusovoj-sudbini-oslikava-se-i-sudbina-covjeka-pravednika\\\/#primaryimage\"},\"thumbnailUrl\":\"https:\\\/\\\/radioljubuski.ba\\\/wp-content\\\/uploads\\\/2022\\\/04\\\/10-04-22_Cvjetnica-Os-16-696x392-1.jpg\",\"articleSection\":[\"BIH i regija\"],\"inLanguage\":\"hr\"},{\"@type\":\"WebPage\",\"@id\":\"https:\\\/\\\/radioljubuski.ba\\\/index.php\\\/2022\\\/04\\\/11\\\/diljem-hrvatske-proslavljena-cvjetnica-u-isusovoj-sudbini-oslikava-se-i-sudbina-covjeka-pravednika\\\/\",\"url\":\"https:\\\/\\\/radioljubuski.ba\\\/index.php\\\/2022\\\/04\\\/11\\\/diljem-hrvatske-proslavljena-cvjetnica-u-isusovoj-sudbini-oslikava-se-i-sudbina-covjeka-pravednika\\\/\",\"name\":\"Diljem Hrvatske proslavljena Cvjetnica: \u2018U Isusovoj sudbini oslikava se i sudbina \u010dovjeka pravednika\u2019 - RADIO LJUBU\u0160KI\",\"isPartOf\":{\"@id\":\"https:\\\/\\\/radioljubuski.ba\\\/#website\"},\"primaryImageOfPage\":{\"@id\":\"https:\\\/\\\/radioljubuski.ba\\\/index.php\\\/2022\\\/04\\\/11\\\/diljem-hrvatske-proslavljena-cvjetnica-u-isusovoj-sudbini-oslikava-se-i-sudbina-covjeka-pravednika\\\/#primaryimage\"},\"image\":{\"@id\":\"https:\\\/\\\/radioljubuski.ba\\\/index.php\\\/2022\\\/04\\\/11\\\/diljem-hrvatske-proslavljena-cvjetnica-u-isusovoj-sudbini-oslikava-se-i-sudbina-covjeka-pravednika\\\/#primaryimage\"},\"thumbnailUrl\":\"https:\\\/\\\/radioljubuski.ba\\\/wp-content\\\/uploads\\\/2022\\\/04\\\/10-04-22_Cvjetnica-Os-16-696x392-1.jpg\",\"datePublished\":\"2022-04-10T23:18:24+00:00\",\"dateModified\":\"2022-04-10T23:18:25+00:00\",\"breadcrumb\":{\"@id\":\"https:\\\/\\\/radioljubuski.ba\\\/index.php\\\/2022\\\/04\\\/11\\\/diljem-hrvatske-proslavljena-cvjetnica-u-isusovoj-sudbini-oslikava-se-i-sudbina-covjeka-pravednika\\\/#breadcrumb\"},\"inLanguage\":\"hr\",\"potentialAction\":[{\"@type\":\"ReadAction\",\"target\":[\"https:\\\/\\\/radioljubuski.ba\\\/index.php\\\/2022\\\/04\\\/11\\\/diljem-hrvatske-proslavljena-cvjetnica-u-isusovoj-sudbini-oslikava-se-i-sudbina-covjeka-pravednika\\\/\"]}]},{\"@type\":\"ImageObject\",\"inLanguage\":\"hr\",\"@id\":\"https:\\\/\\\/radioljubuski.ba\\\/index.php\\\/2022\\\/04\\\/11\\\/diljem-hrvatske-proslavljena-cvjetnica-u-isusovoj-sudbini-oslikava-se-i-sudbina-covjeka-pravednika\\\/#primaryimage\",\"url\":\"https:\\\/\\\/radioljubuski.ba\\\/wp-content\\\/uploads\\\/2022\\\/04\\\/10-04-22_Cvjetnica-Os-16-696x392-1.jpg\",\"contentUrl\":\"https:\\\/\\\/radioljubuski.ba\\\/wp-content\\\/uploads\\\/2022\\\/04\\\/10-04-22_Cvjetnica-Os-16-696x392-1.jpg\",\"width\":696,\"height\":392},{\"@type\":\"BreadcrumbList\",\"@id\":\"https:\\\/\\\/radioljubuski.ba\\\/index.php\\\/2022\\\/04\\\/11\\\/diljem-hrvatske-proslavljena-cvjetnica-u-isusovoj-sudbini-oslikava-se-i-sudbina-covjeka-pravednika\\\/#breadcrumb\",\"itemListElement\":[{\"@type\":\"ListItem\",\"position\":1,\"name\":\"Po\u010detna stranica\",\"item\":\"https:\\\/\\\/radioljubuski.ba\\\/\"},{\"@type\":\"ListItem\",\"position\":2,\"name\":\"Diljem Hrvatske proslavljena Cvjetnica: \u2018U Isusovoj sudbini oslikava se i sudbina \u010dovjeka pravednika\u2019\"}]},{\"@type\":\"WebSite\",\"@id\":\"https:\\\/\\\/radioljubuski.ba\\\/#website\",\"url\":\"https:\\\/\\\/radioljubuski.ba\\\/\",\"name\":\"Radio Ljubu\u0161ki\",\"description\":\"Sun\u010dana frekvencija Hercegovine\",\"publisher\":{\"@id\":\"https:\\\/\\\/radioljubuski.ba\\\/#organization\"},\"potentialAction\":[{\"@type\":\"SearchAction\",\"target\":{\"@type\":\"EntryPoint\",\"urlTemplate\":\"https:\\\/\\\/radioljubuski.ba\\\/?s={search_term_string}\"},\"query-input\":{\"@type\":\"PropertyValueSpecification\",\"valueRequired\":true,\"valueName\":\"search_term_string\"}}],\"inLanguage\":\"hr\"},{\"@type\":\"Organization\",\"@id\":\"https:\\\/\\\/radioljubuski.ba\\\/#organization\",\"name\":\"Radio Ljubu\u0161ki\",\"url\":\"https:\\\/\\\/radioljubuski.ba\\\/\",\"logo\":{\"@type\":\"ImageObject\",\"inLanguage\":\"hr\",\"@id\":\"https:\\\/\\\/radioljubuski.ba\\\/#\\\/schema\\\/logo\\\/image\\\/\",\"url\":\"https:\\\/\\\/radioljubuski.ba\\\/wp-content\\\/uploads\\\/2021\\\/02\\\/cropped-Radio_Ljubuski_logo1.jpg\",\"contentUrl\":\"https:\\\/\\\/radioljubuski.ba\\\/wp-content\\\/uploads\\\/2021\\\/02\\\/cropped-Radio_Ljubuski_logo1.jpg\",\"width\":512,\"height\":512,\"caption\":\"Radio Ljubu\u0161ki\"},\"image\":{\"@id\":\"https:\\\/\\\/radioljubuski.ba\\\/#\\\/schema\\\/logo\\\/image\\\/\"},\"sameAs\":[\"https:\\\/\\\/www.facebook.com\\\/Radiio-Ljubuski-1490835324566332\",\"https:\\\/\\\/x.com\\\/radioljubuski\",\"https:\\\/\\\/hr.linkedin.com\\\/company\\\/radio-ljubuski\",\"https:\\\/\\\/www.youtube.com\\\/channel\\\/UCHYaeO_n0Db3tjNGudGpXyw\"]},{\"@type\":\"Person\",\"@id\":\"https:\\\/\\\/radioljubuski.ba\\\/#\\\/schema\\\/person\\\/19fc700381a780f69665d7956c469e3b\",\"name\":\"Radio Ljubu\u0161ki\"}]}<\/script>\n<!-- \/ Yoast SEO plugin. -->","yoast_head_json":{"title":"Diljem Hrvatske proslavljena Cvjetnica: \u2018U Isusovoj sudbini oslikava se i sudbina \u010dovjeka pravednika\u2019 - RADIO LJUBU\u0160KI","robots":{"index":"index","follow":"follow","max-snippet":"max-snippet:-1","max-image-preview":"max-image-preview:large","max-video-preview":"max-video-preview:-1"},"canonical":"https:\/\/radioljubuski.ba\/index.php\/2022\/04\/11\/diljem-hrvatske-proslavljena-cvjetnica-u-isusovoj-sudbini-oslikava-se-i-sudbina-covjeka-pravednika\/","og_locale":"hr_HR","og_type":"article","og_title":"Diljem Hrvatske proslavljena Cvjetnica: \u2018U Isusovoj sudbini oslikava se i sudbina \u010dovjeka pravednika\u2019 - RADIO LJUBU\u0160KI","og_description":"Blagdan Cvjetnice i ulazak u Veliki tjedan sve\u010danim je misama i blagoslovom maslinovih i palminih gran\u010dica obilje\u017een i diljem na\u0161e zemlje. https:\/\/api.hrt.hr\/media\/3b\/40\/tvd2-cvjetnica-20220410180030.mp4 \u0160to za vjernike zna\u010di Cvjetnica i Veliki tjedan? Nedjeljom Muke Gospodnje vjernici su zakora\u010dili u Veliki tjedan. HRT&nbsp;je donio izjave vjernika: \u2013 Cvjetnica je jedan prekrasan blagdan duboko duhovni u kojem slavimo ulazak [&hellip;]","og_url":"https:\/\/radioljubuski.ba\/index.php\/2022\/04\/11\/diljem-hrvatske-proslavljena-cvjetnica-u-isusovoj-sudbini-oslikava-se-i-sudbina-covjeka-pravednika\/","og_site_name":"RADIO LJUBU\u0160KI","article_publisher":"https:\/\/www.facebook.com\/Radiio-Ljubuski-1490835324566332","article_published_time":"2022-04-10T23:18:24+00:00","article_modified_time":"2022-04-10T23:18:25+00:00","og_image":[{"width":696,"height":392,"url":"https:\/\/radioljubuski.ba\/wp-content\/uploads\/2022\/04\/10-04-22_Cvjetnica-Os-16-696x392-1.jpg","type":"image\/jpeg"}],"author":"Radio Ljubu\u0161ki","twitter_card":"summary_large_image","twitter_creator":"@radioljubuski","twitter_site":"@radioljubuski","twitter_misc":{"Napisao\/la":"Radio Ljubu\u0161ki","Procijenjeno vrijeme \u010ditanja":"20 minuta"},"schema":{"@context":"https:\/\/schema.org","@graph":[{"@type":"Article","@id":"https:\/\/radioljubuski.ba\/index.php\/2022\/04\/11\/diljem-hrvatske-proslavljena-cvjetnica-u-isusovoj-sudbini-oslikava-se-i-sudbina-covjeka-pravednika\/#article","isPartOf":{"@id":"https:\/\/radioljubuski.ba\/index.php\/2022\/04\/11\/diljem-hrvatske-proslavljena-cvjetnica-u-isusovoj-sudbini-oslikava-se-i-sudbina-covjeka-pravednika\/"},"author":{"name":"Radio Ljubu\u0161ki","@id":"https:\/\/radioljubuski.ba\/#\/schema\/person\/19fc700381a780f69665d7956c469e3b"},"headline":"Diljem Hrvatske proslavljena Cvjetnica: \u2018U Isusovoj sudbini oslikava se i sudbina \u010dovjeka pravednika\u2019","datePublished":"2022-04-10T23:18:24+00:00","dateModified":"2022-04-10T23:18:25+00:00","mainEntityOfPage":{"@id":"https:\/\/radioljubuski.ba\/index.php\/2022\/04\/11\/diljem-hrvatske-proslavljena-cvjetnica-u-isusovoj-sudbini-oslikava-se-i-sudbina-covjeka-pravednika\/"},"wordCount":4955,"publisher":{"@id":"https:\/\/radioljubuski.ba\/#organization"},"image":{"@id":"https:\/\/radioljubuski.ba\/index.php\/2022\/04\/11\/diljem-hrvatske-proslavljena-cvjetnica-u-isusovoj-sudbini-oslikava-se-i-sudbina-covjeka-pravednika\/#primaryimage"},"thumbnailUrl":"https:\/\/radioljubuski.ba\/wp-content\/uploads\/2022\/04\/10-04-22_Cvjetnica-Os-16-696x392-1.jpg","articleSection":["BIH i regija"],"inLanguage":"hr"},{"@type":"WebPage","@id":"https:\/\/radioljubuski.ba\/index.php\/2022\/04\/11\/diljem-hrvatske-proslavljena-cvjetnica-u-isusovoj-sudbini-oslikava-se-i-sudbina-covjeka-pravednika\/","url":"https:\/\/radioljubuski.ba\/index.php\/2022\/04\/11\/diljem-hrvatske-proslavljena-cvjetnica-u-isusovoj-sudbini-oslikava-se-i-sudbina-covjeka-pravednika\/","name":"Diljem Hrvatske proslavljena Cvjetnica: \u2018U Isusovoj sudbini oslikava se i sudbina \u010dovjeka pravednika\u2019 - RADIO LJUBU\u0160KI","isPartOf":{"@id":"https:\/\/radioljubuski.ba\/#website"},"primaryImageOfPage":{"@id":"https:\/\/radioljubuski.ba\/index.php\/2022\/04\/11\/diljem-hrvatske-proslavljena-cvjetnica-u-isusovoj-sudbini-oslikava-se-i-sudbina-covjeka-pravednika\/#primaryimage"},"image":{"@id":"https:\/\/radioljubuski.ba\/index.php\/2022\/04\/11\/diljem-hrvatske-proslavljena-cvjetnica-u-isusovoj-sudbini-oslikava-se-i-sudbina-covjeka-pravednika\/#primaryimage"},"thumbnailUrl":"https:\/\/radioljubuski.ba\/wp-content\/uploads\/2022\/04\/10-04-22_Cvjetnica-Os-16-696x392-1.jpg","datePublished":"2022-04-10T23:18:24+00:00","dateModified":"2022-04-10T23:18:25+00:00","breadcrumb":{"@id":"https:\/\/radioljubuski.ba\/index.php\/2022\/04\/11\/diljem-hrvatske-proslavljena-cvjetnica-u-isusovoj-sudbini-oslikava-se-i-sudbina-covjeka-pravednika\/#breadcrumb"},"inLanguage":"hr","potentialAction":[{"@type":"ReadAction","target":["https:\/\/radioljubuski.ba\/index.php\/2022\/04\/11\/diljem-hrvatske-proslavljena-cvjetnica-u-isusovoj-sudbini-oslikava-se-i-sudbina-covjeka-pravednika\/"]}]},{"@type":"ImageObject","inLanguage":"hr","@id":"https:\/\/radioljubuski.ba\/index.php\/2022\/04\/11\/diljem-hrvatske-proslavljena-cvjetnica-u-isusovoj-sudbini-oslikava-se-i-sudbina-covjeka-pravednika\/#primaryimage","url":"https:\/\/radioljubuski.ba\/wp-content\/uploads\/2022\/04\/10-04-22_Cvjetnica-Os-16-696x392-1.jpg","contentUrl":"https:\/\/radioljubuski.ba\/wp-content\/uploads\/2022\/04\/10-04-22_Cvjetnica-Os-16-696x392-1.jpg","width":696,"height":392},{"@type":"BreadcrumbList","@id":"https:\/\/radioljubuski.ba\/index.php\/2022\/04\/11\/diljem-hrvatske-proslavljena-cvjetnica-u-isusovoj-sudbini-oslikava-se-i-sudbina-covjeka-pravednika\/#breadcrumb","itemListElement":[{"@type":"ListItem","position":1,"name":"Po\u010detna stranica","item":"https:\/\/radioljubuski.ba\/"},{"@type":"ListItem","position":2,"name":"Diljem Hrvatske proslavljena Cvjetnica: \u2018U Isusovoj sudbini oslikava se i sudbina \u010dovjeka pravednika\u2019"}]},{"@type":"WebSite","@id":"https:\/\/radioljubuski.ba\/#website","url":"https:\/\/radioljubuski.ba\/","name":"Radio Ljubu\u0161ki","description":"Sun\u010dana frekvencija Hercegovine","publisher":{"@id":"https:\/\/radioljubuski.ba\/#organization"},"potentialAction":[{"@type":"SearchAction","target":{"@type":"EntryPoint","urlTemplate":"https:\/\/radioljubuski.ba\/?s={search_term_string}"},"query-input":{"@type":"PropertyValueSpecification","valueRequired":true,"valueName":"search_term_string"}}],"inLanguage":"hr"},{"@type":"Organization","@id":"https:\/\/radioljubuski.ba\/#organization","name":"Radio Ljubu\u0161ki","url":"https:\/\/radioljubuski.ba\/","logo":{"@type":"ImageObject","inLanguage":"hr","@id":"https:\/\/radioljubuski.ba\/#\/schema\/logo\/image\/","url":"https:\/\/radioljubuski.ba\/wp-content\/uploads\/2021\/02\/cropped-Radio_Ljubuski_logo1.jpg","contentUrl":"https:\/\/radioljubuski.ba\/wp-content\/uploads\/2021\/02\/cropped-Radio_Ljubuski_logo1.jpg","width":512,"height":512,"caption":"Radio Ljubu\u0161ki"},"image":{"@id":"https:\/\/radioljubuski.ba\/#\/schema\/logo\/image\/"},"sameAs":["https:\/\/www.facebook.com\/Radiio-Ljubuski-1490835324566332","https:\/\/x.com\/radioljubuski","https:\/\/hr.linkedin.com\/company\/radio-ljubuski","https:\/\/www.youtube.com\/channel\/UCHYaeO_n0Db3tjNGudGpXyw"]},{"@type":"Person","@id":"https:\/\/radioljubuski.ba\/#\/schema\/person\/19fc700381a780f69665d7956c469e3b","name":"Radio Ljubu\u0161ki"}]}},"_links":{"self":[{"href":"https:\/\/radioljubuski.ba\/index.php\/wp-json\/wp\/v2\/posts\/131217","targetHints":{"allow":["GET"]}}],"collection":[{"href":"https:\/\/radioljubuski.ba\/index.php\/wp-json\/wp\/v2\/posts"}],"about":[{"href":"https:\/\/radioljubuski.ba\/index.php\/wp-json\/wp\/v2\/types\/post"}],"author":[{"embeddable":true,"href":"https:\/\/radioljubuski.ba\/index.php\/wp-json\/wp\/v2\/users\/2"}],"replies":[{"embeddable":true,"href":"https:\/\/radioljubuski.ba\/index.php\/wp-json\/wp\/v2\/comments?post=131217"}],"version-history":[{"count":1,"href":"https:\/\/radioljubuski.ba\/index.php\/wp-json\/wp\/v2\/posts\/131217\/revisions"}],"predecessor-version":[{"id":131219,"href":"https:\/\/radioljubuski.ba\/index.php\/wp-json\/wp\/v2\/posts\/131217\/revisions\/131219"}],"wp:featuredmedia":[{"embeddable":true,"href":"https:\/\/radioljubuski.ba\/index.php\/wp-json\/wp\/v2\/media\/131218"}],"wp:attachment":[{"href":"https:\/\/radioljubuski.ba\/index.php\/wp-json\/wp\/v2\/media?parent=131217"}],"wp:term":[{"taxonomy":"category","embeddable":true,"href":"https:\/\/radioljubuski.ba\/index.php\/wp-json\/wp\/v2\/categories?post=131217"},{"taxonomy":"post_tag","embeddable":true,"href":"https:\/\/radioljubuski.ba\/index.php\/wp-json\/wp\/v2\/tags?post=131217"}],"curies":[{"name":"wp","href":"https:\/\/api.w.org\/{rel}","templated":true}]}}