{"id":131220,"date":"2022-04-11T00:20:46","date_gmt":"2022-04-10T23:20:46","guid":{"rendered":"https:\/\/radioljubuski.ba\/?p=131220"},"modified":"2022-04-11T00:20:47","modified_gmt":"2022-04-10T23:20:47","slug":"istrazivanja-potvrduju-kod-trudnica-tinejdzerica-stajaliste-djetetova-oca-jako-utjece-na-odluku-o-pobacaju","status":"publish","type":"post","link":"https:\/\/radioljubuski.ba\/index.php\/2022\/04\/11\/istrazivanja-potvrduju-kod-trudnica-tinejdzerica-stajaliste-djetetova-oca-jako-utjece-na-odluku-o-pobacaju\/","title":{"rendered":"Istra\u017eivanja potvr\u0111uju: Kod trudnica tinejd\u017eerica stajali\u0161te djetetova oca jako utje\u010de na odluku o poba\u010daju"},"content":{"rendered":"\n<p>Stopa trudno\u0107a kod tinejd\u017eerica je u opadanju u SAD-u.&nbsp;<strong>Dva istra\u017eivanja otkrivaju da reakcija mu\u0161kog partnera na njihovu trudno\u0107u ima velik utjecaj ho\u0107e li tinejd\u017eerice pobaciti svoje dijete ili ne.<\/strong>&nbsp;U istra\u017eivanju iz<strong>&nbsp;2021.<\/strong>&nbsp;objavljenom u knjizi \u201ePoba\u010daj i maj\u010dinstvo\u201c koja je usmjerena na odabir poba\u010daja, istra\u017eiva\u010dica Sarah Bekaert intervjuirala je tinejd\u017eerice koje su pobacile i prou\u010dila razloge za poba\u010dajem. U drugom, starijem istra\u017eivanju, istra\u017eiva\u010di Sharon Tabberer, Christine Hall, Shirley Prendergast i Andrew Webster intervjuirali su tinejd\u017eerice koje su ostale trudne da bi utvrdili razloge zbog kojih bi se odlu\u010dile na poba\u010daj ili ro\u0111enje djeteta.<\/p>\n\n\n\n<h3 class=\"wp-block-heading\"><strong>Dva istra\u017eivanja otkrivaju da o\u010devi tinejd\u017eeri imaju sna\u017ean utjecaj<\/strong><\/h3>\n\n\n\n<p>Iako su oba istra\u017eivanja iz Velike Britanije, rezultati se mogu lako generalizirati na tinejd\u017eerske trudno\u0107e i poba\u010daje u SAD-u. Istra\u017eivanje iz 2021. g. otkriva:<\/p>\n\n\n\n<p><strong>Bilo da je negativna ili pozitivna, partnerova reakcija na trudno\u0107u je va\u017ean faktor prema izjavama mladih \u017eena<\/strong>\u2026 Prva osoba kojoj ka\u017eu za trudno\u0107u jest djetetov otac, i prema pri\u010dama, odluka mladih \u017eena ho\u0107e li pobaciti ili roditi pod utjecajem je partnerovih osje\u0107aja i reakcija.<\/p>\n\n\n\n<p>U ovom istra\u017eivanju nema primjera mladih mu\u0161karaca koji su odlu\u010divali o ishodu trudno\u0107e. Me\u0111utim, njihove reakcije su mlade \u017eene uzele u obzir i utjecale su na njihovu odluku.<\/p>\n\n\n\n<h3 class=\"wp-block-heading\"><strong>Odlu\u010dile se na poba\u010daj zbog pritiska okoline<\/strong><\/h3>\n\n\n\n<p>Drugo istra\u017eivanje je tako\u0111er otkrilo da su mnoge tinejd\u017eerice&nbsp;<strong>pobacile zbog pritiska koji su im drugi nametnuli<\/strong>&nbsp;\u2013 bilo njihovi roditelji, bilo djetetov otac. Dvije od 11 tinejd\u017eerica koje su pobacile rekle su da su to napravile jer je tako htio djetetov otac. Istra\u017eiva\u010di su napisali:<\/p>\n\n\n\n<p>Bilo je sumnji jesu li odluke u potpunosti samih djevojaka, budu\u0107i da su neke mlade \u017eene osje\u0107ale izravan pritisak na njih\u2026 Onda kada su djevojke objasnile kako odluke nisu bile i njihove vlastite, pokazivale su ve\u0107e \u017ealjenje iako su i dalje cijenile to kao najbolju odluku u tom trenutku.<\/p>\n\n\n\n<p>Starije istra\u017eivanje tako\u0111er je otkrilo da je \u201ereakcija mu\u0161kog partnera posebno va\u017ena\u201c kada govorimo o tinejd\u017eerskoj trudno\u0107i.<\/p>\n\n\n\n<h3 class=\"wp-block-heading\"><strong>Trudne su tinejd\u017eerice pobacile jer je tako htio djetetov otac<\/strong><\/h3>\n\n\n\n<p>Angelique je imala tek 13 godina kada je ostala trudna. Njezin joj je de\u010dko odmah predlo\u017eio poba\u010daj:<\/p>\n\n\n\n<p>On je rekao da poku\u0161am napraviti poba\u010daj, to je prvo \u0161to mi je rekao\u2026 Da ni\u0161ta ne mo\u017eemo napraviti. Svi \u0107e otkriti, bit \u0107e ljuti, tvoj otac, tvoj brat i sve skupa. Pa sam ja rekla sama sebi da \u0107u napraviti poba\u010daj.<\/p>\n\n\n\n<p>Tako je i napravila te pobacila svoje dijete.<\/p>\n\n\n\n<p>Kada je Carleen ostala trudna, razmi\u0161ljala je o poba\u010daju. Njezin je de\u010dko u po\u010detku bio uzbu\u0111en zbog trudno\u0107e i \u010dinilo se da \u017eeli dijete. Odlu\u010dila je roditi. No kako je trudno\u0107a napredovala, Carleenin je de\u010dko prestao davati podr\u0161ku i postao je neugodan. U visokoj joj je trudno\u0107i rekao da nije spreman biti otac i da joj ne\u0107e pomo\u0107i nakon djetetova ro\u0111enja. Carleen je rekla:<\/p>\n\n\n\n<p>Pa, na po\u010detku je htio dijete. Ja sam uvijek bila ta koja je govorila ne, jo\u0161 ne. Onda se sve promijenilo i po\u010deo se pla\u0161iti\u2026<br>U po\u010detku mi je mazio trbuh, ljubio ga; a onda je shvatio \u0161to se doga\u0111a kada je beba po\u010dela rasti. Malo se prestra\u0161io i rekao kako misli da on to ne mo\u017ee.<\/p>\n\n\n\n<p>Stoga je bilo jako te\u0161ko i ja sam morala\u2026 odluku\u2026 ve\u0107 sam bila dugo trudna\u2026 Bio je pomalo obeshrabren i po\u010deo se na trenutke bojati, u smislu kako \u0107e se skrbiti za nas, \u0161to \u0107e raditi, kako \u0107e prona\u0107i posao.<\/p>\n\n\n\n<p>Carleen je na kraju pobacila u kasnoj trudno\u0107i nakon \u0161to se njezin de\u010dko predomislio.<\/p>\n\n\n\n<p>U drugom istra\u017eivanju jedna je tinejd\u017eerica rekla istra\u017eiva\u010dima: \u201eMorala sam odabrati izme\u0111u njega i djeteta.\u201c Ona je odabrala poba\u010daj. Jedna druga tinejd\u017eerica koja je pobacila prisjetila se da joj je de\u010dko rekao: \u201ePa oti\u0111i doktoru, rije\u0161i to.\u201c<\/p>\n\n\n\n<p>Istra\u017eiva\u010di su intervjuirali Lisu, jo\u0161 jednu tinejd\u017eericu koja je pobacila. Pitali su je jesu li joj davali savjete u vezi trudno\u0107e, a ona je odgovorila: \u201ePa, ne, voljela bih da jesu! Voljela bih da su rekli! Jedina osoba koja mi je davala savjete bio je moj de\u010dko \u2013 \u2018Rije\u0161i se toga! Rije\u0161i se toga!\u2019\u201c<\/p>\n\n\n\n<h3 class=\"wp-block-heading\"><strong>Potpora djetetova oca dovodi do odbacivanja poba\u010daja<\/strong><\/h3>\n\n\n\n<p>Suprotno tome, dvije djevojke, jedna u svakom od istra\u017eivanja, nisu pobacile svoju djecu jer su njihovi de\u010dki htjeli djecu i ponudili svoju pomo\u0107 i potporu. Majka tinejd\u017eerica Fiona prisje\u0107a se:<\/p>\n\n\n\n<p>U po\u010detku smo se htjeli rije\u0161iti djeteta, no cijelo sam vrijeme razmi\u0161ljala da je to moja mala beba, bilo bi grozno znati da sam imala bebu\u2026 Pregledali su me i pro\u0161li kroz sve, a najgora stvar bila je ispunjavanje papira. Bila sam na rubu suza cijelo vrijeme.<\/p>\n\n\n\n<p>Htjela sam poku\u0161ati ne slu\u0161ati ih i u\u010diniti to i\u2026 on je rekao: \u201cVolim te i molim te rodi dijete, nemoj ubiti na\u0161u bebu, pazit \u0107u na tebe i biti ti potpora i na\u0107i \u0107emo ku\u0107u i sve to\u201c i onda vi\u0161e nisam mogla pobaciti.<\/p>\n\n\n\n<p>Susannnah je htjela pobaciti jer je htjela zavr\u0161iti obrazovanje prije nego \u0161to osnuje obitelj. Briga o djetetu, osje\u0107ala je, sprije\u010dila bi je da maturira.<\/p>\n\n\n\n<p>Objasnila je: \u201eBila sam u \u0161koli. Htjela sam je zavr\u0161iti. On se s time slagao, ali nije bio odu\u0161evljen idejom da pobacim.\u201c<\/p>\n\n\n\n<p>Susannin je de\u010dko ponudio da \u0107e se brinuti o bebi dok ona poha\u0111a nastavu. To ju je uvjerilo da rodi dijete. Rekla je:<\/p>\n\n\n\n<p>Bilo je sve oko odluke trebamo li to u\u010diniti ili ne\u2026 Odlu\u010dili smo da\u2026 kada rodim da \u0107e on ostati kod ku\u0107e s bebom cijelo vrijeme dok sam ja u \u0161koli, a da \u0107u ja biti s bebom nave\u010der.<\/p>\n\n\n\n<p>U ova dva slu\u010daja je potpora djetetova oca tijekom tinejd\u017eerske trudno\u0107e zna\u010dila spa\u0161avanje \u017eivota.<\/p>\n\n\n\n<p>Ova dva istra\u017eivanja pokazuju da o\u010devi tinejd\u017eeri imaju ogroman utjecaj na odluke djevojaka oko odluke o poba\u010daju. Njihova reakcija mo\u017ee zna\u010diti \u017eivot ili smrt za bebu kojoj su oni o\u010devi.<\/p>\n\n\n\n<p>Pokret za\u0161tite \u017eivota treba doprijeti do mladih mu\u0161karaca i uvjeriti ih da su \u017eivoti nero\u0111enih beba vrijedni i da je preuzimanje odgovornosti za djecu ispravan postupak. Kada o\u010devi tinejd\u017eeri podupiru svoje trudne djevojke i poti\u010du ih da odaberu \u017eivot, to mo\u017ee u\u010diniti duboku \u017eivotnu razliku.<\/p>\n\n\n\n<p><em>Izvor: narod.hr<\/em><\/p>\n","protected":false},"excerpt":{"rendered":"<p>Stopa trudno\u0107a kod tinejd\u017eerica je u opadanju u SAD-u.&nbsp;Dva istra\u017eivanja otkrivaju da reakcija mu\u0161kog partnera na njihovu trudno\u0107u ima velik utjecaj ho\u0107e li tinejd\u017eerice pobaciti svoje dijete ili ne.&nbsp;U istra\u017eivanju iz&nbsp;2021.&nbsp;objavljenom u knjizi \u201ePoba\u010daj i maj\u010dinstvo\u201c koja je usmjerena na odabir poba\u010daja, istra\u017eiva\u010dica Sarah Bekaert intervjuirala je tinejd\u017eerice koje su pobacile i prou\u010dila razloge za [&hellip;]<\/p>\n","protected":false},"author":2,"featured_media":131221,"comment_status":"closed","ping_status":"closed","sticky":false,"template":"","format":"standard","meta":{"h5ap_radio_sources":[],"footnotes":""},"categories":[1],"tags":[],"class_list":["post-131220","post","type-post","status-publish","format-standard","has-post-thumbnail","hentry","category-bihiregija"],"yoast_head":"<!-- This site is optimized with the Yoast SEO plugin v27.5 - https:\/\/yoast.com\/product\/yoast-seo-wordpress\/ -->\n<title>Istra\u017eivanja potvr\u0111uju: Kod trudnica tinejd\u017eerica stajali\u0161te djetetova oca jako utje\u010de na odluku o poba\u010daju - RADIO LJUBU\u0160KI<\/title>\n<meta name=\"robots\" content=\"index, follow, max-snippet:-1, max-image-preview:large, max-video-preview:-1\" \/>\n<link rel=\"canonical\" href=\"https:\/\/radioljubuski.ba\/index.php\/2022\/04\/11\/istrazivanja-potvrduju-kod-trudnica-tinejdzerica-stajaliste-djetetova-oca-jako-utjece-na-odluku-o-pobacaju\/\" \/>\n<meta property=\"og:locale\" content=\"hr_HR\" \/>\n<meta property=\"og:type\" content=\"article\" \/>\n<meta property=\"og:title\" content=\"Istra\u017eivanja potvr\u0111uju: Kod trudnica tinejd\u017eerica stajali\u0161te djetetova oca jako utje\u010de na odluku o poba\u010daju - RADIO LJUBU\u0160KI\" \/>\n<meta property=\"og:description\" content=\"Stopa trudno\u0107a kod tinejd\u017eerica je u opadanju u SAD-u.&nbsp;Dva istra\u017eivanja otkrivaju da reakcija mu\u0161kog partnera na njihovu trudno\u0107u ima velik utjecaj ho\u0107e li tinejd\u017eerice pobaciti svoje dijete ili ne.&nbsp;U istra\u017eivanju iz&nbsp;2021.&nbsp;objavljenom u knjizi \u201ePoba\u010daj i maj\u010dinstvo\u201c koja je usmjerena na odabir poba\u010daja, istra\u017eiva\u010dica Sarah Bekaert intervjuirala je tinejd\u017eerice koje su pobacile i prou\u010dila razloge za [&hellip;]\" \/>\n<meta property=\"og:url\" content=\"https:\/\/radioljubuski.ba\/index.php\/2022\/04\/11\/istrazivanja-potvrduju-kod-trudnica-tinejdzerica-stajaliste-djetetova-oca-jako-utjece-na-odluku-o-pobacaju\/\" \/>\n<meta property=\"og:site_name\" content=\"RADIO LJUBU\u0160KI\" \/>\n<meta property=\"article:publisher\" content=\"https:\/\/www.facebook.com\/Radiio-Ljubuski-1490835324566332\" \/>\n<meta property=\"article:published_time\" content=\"2022-04-10T23:20:46+00:00\" \/>\n<meta property=\"article:modified_time\" content=\"2022-04-10T23:20:47+00:00\" \/>\n<meta property=\"og:image\" content=\"https:\/\/radioljubuski.ba\/wp-content\/uploads\/2022\/04\/Depositphotos_66823389_S-696x599-1.jpg\" \/>\n\t<meta property=\"og:image:width\" content=\"696\" \/>\n\t<meta property=\"og:image:height\" content=\"599\" \/>\n\t<meta property=\"og:image:type\" content=\"image\/jpeg\" \/>\n<meta name=\"author\" content=\"Radio Ljubu\u0161ki\" \/>\n<meta name=\"twitter:card\" content=\"summary_large_image\" \/>\n<meta name=\"twitter:creator\" content=\"@radioljubuski\" \/>\n<meta name=\"twitter:site\" content=\"@radioljubuski\" \/>\n<meta name=\"twitter:label1\" content=\"Napisao\/la\" \/>\n\t<meta name=\"twitter:data1\" content=\"Radio Ljubu\u0161ki\" \/>\n\t<meta name=\"twitter:label2\" content=\"Procijenjeno vrijeme \u010ditanja\" \/>\n\t<meta name=\"twitter:data2\" content=\"5 minuta\" \/>\n<script type=\"application\/ld+json\" class=\"yoast-schema-graph\">{\"@context\":\"https:\\\/\\\/schema.org\",\"@graph\":[{\"@type\":\"Article\",\"@id\":\"https:\\\/\\\/radioljubuski.ba\\\/index.php\\\/2022\\\/04\\\/11\\\/istrazivanja-potvrduju-kod-trudnica-tinejdzerica-stajaliste-djetetova-oca-jako-utjece-na-odluku-o-pobacaju\\\/#article\",\"isPartOf\":{\"@id\":\"https:\\\/\\\/radioljubuski.ba\\\/index.php\\\/2022\\\/04\\\/11\\\/istrazivanja-potvrduju-kod-trudnica-tinejdzerica-stajaliste-djetetova-oca-jako-utjece-na-odluku-o-pobacaju\\\/\"},\"author\":{\"name\":\"Radio Ljubu\u0161ki\",\"@id\":\"https:\\\/\\\/radioljubuski.ba\\\/#\\\/schema\\\/person\\\/19fc700381a780f69665d7956c469e3b\"},\"headline\":\"Istra\u017eivanja potvr\u0111uju: Kod trudnica tinejd\u017eerica stajali\u0161te djetetova oca jako utje\u010de na odluku o poba\u010daju\",\"datePublished\":\"2022-04-10T23:20:46+00:00\",\"dateModified\":\"2022-04-10T23:20:47+00:00\",\"mainEntityOfPage\":{\"@id\":\"https:\\\/\\\/radioljubuski.ba\\\/index.php\\\/2022\\\/04\\\/11\\\/istrazivanja-potvrduju-kod-trudnica-tinejdzerica-stajaliste-djetetova-oca-jako-utjece-na-odluku-o-pobacaju\\\/\"},\"wordCount\":1172,\"publisher\":{\"@id\":\"https:\\\/\\\/radioljubuski.ba\\\/#organization\"},\"image\":{\"@id\":\"https:\\\/\\\/radioljubuski.ba\\\/index.php\\\/2022\\\/04\\\/11\\\/istrazivanja-potvrduju-kod-trudnica-tinejdzerica-stajaliste-djetetova-oca-jako-utjece-na-odluku-o-pobacaju\\\/#primaryimage\"},\"thumbnailUrl\":\"https:\\\/\\\/radioljubuski.ba\\\/wp-content\\\/uploads\\\/2022\\\/04\\\/Depositphotos_66823389_S-696x599-1.jpg\",\"articleSection\":[\"BIH i regija\"],\"inLanguage\":\"hr\"},{\"@type\":\"WebPage\",\"@id\":\"https:\\\/\\\/radioljubuski.ba\\\/index.php\\\/2022\\\/04\\\/11\\\/istrazivanja-potvrduju-kod-trudnica-tinejdzerica-stajaliste-djetetova-oca-jako-utjece-na-odluku-o-pobacaju\\\/\",\"url\":\"https:\\\/\\\/radioljubuski.ba\\\/index.php\\\/2022\\\/04\\\/11\\\/istrazivanja-potvrduju-kod-trudnica-tinejdzerica-stajaliste-djetetova-oca-jako-utjece-na-odluku-o-pobacaju\\\/\",\"name\":\"Istra\u017eivanja potvr\u0111uju: Kod trudnica tinejd\u017eerica stajali\u0161te djetetova oca jako utje\u010de na odluku o poba\u010daju - RADIO LJUBU\u0160KI\",\"isPartOf\":{\"@id\":\"https:\\\/\\\/radioljubuski.ba\\\/#website\"},\"primaryImageOfPage\":{\"@id\":\"https:\\\/\\\/radioljubuski.ba\\\/index.php\\\/2022\\\/04\\\/11\\\/istrazivanja-potvrduju-kod-trudnica-tinejdzerica-stajaliste-djetetova-oca-jako-utjece-na-odluku-o-pobacaju\\\/#primaryimage\"},\"image\":{\"@id\":\"https:\\\/\\\/radioljubuski.ba\\\/index.php\\\/2022\\\/04\\\/11\\\/istrazivanja-potvrduju-kod-trudnica-tinejdzerica-stajaliste-djetetova-oca-jako-utjece-na-odluku-o-pobacaju\\\/#primaryimage\"},\"thumbnailUrl\":\"https:\\\/\\\/radioljubuski.ba\\\/wp-content\\\/uploads\\\/2022\\\/04\\\/Depositphotos_66823389_S-696x599-1.jpg\",\"datePublished\":\"2022-04-10T23:20:46+00:00\",\"dateModified\":\"2022-04-10T23:20:47+00:00\",\"breadcrumb\":{\"@id\":\"https:\\\/\\\/radioljubuski.ba\\\/index.php\\\/2022\\\/04\\\/11\\\/istrazivanja-potvrduju-kod-trudnica-tinejdzerica-stajaliste-djetetova-oca-jako-utjece-na-odluku-o-pobacaju\\\/#breadcrumb\"},\"inLanguage\":\"hr\",\"potentialAction\":[{\"@type\":\"ReadAction\",\"target\":[\"https:\\\/\\\/radioljubuski.ba\\\/index.php\\\/2022\\\/04\\\/11\\\/istrazivanja-potvrduju-kod-trudnica-tinejdzerica-stajaliste-djetetova-oca-jako-utjece-na-odluku-o-pobacaju\\\/\"]}]},{\"@type\":\"ImageObject\",\"inLanguage\":\"hr\",\"@id\":\"https:\\\/\\\/radioljubuski.ba\\\/index.php\\\/2022\\\/04\\\/11\\\/istrazivanja-potvrduju-kod-trudnica-tinejdzerica-stajaliste-djetetova-oca-jako-utjece-na-odluku-o-pobacaju\\\/#primaryimage\",\"url\":\"https:\\\/\\\/radioljubuski.ba\\\/wp-content\\\/uploads\\\/2022\\\/04\\\/Depositphotos_66823389_S-696x599-1.jpg\",\"contentUrl\":\"https:\\\/\\\/radioljubuski.ba\\\/wp-content\\\/uploads\\\/2022\\\/04\\\/Depositphotos_66823389_S-696x599-1.jpg\",\"width\":696,\"height\":599},{\"@type\":\"BreadcrumbList\",\"@id\":\"https:\\\/\\\/radioljubuski.ba\\\/index.php\\\/2022\\\/04\\\/11\\\/istrazivanja-potvrduju-kod-trudnica-tinejdzerica-stajaliste-djetetova-oca-jako-utjece-na-odluku-o-pobacaju\\\/#breadcrumb\",\"itemListElement\":[{\"@type\":\"ListItem\",\"position\":1,\"name\":\"Po\u010detna stranica\",\"item\":\"https:\\\/\\\/radioljubuski.ba\\\/\"},{\"@type\":\"ListItem\",\"position\":2,\"name\":\"Istra\u017eivanja potvr\u0111uju: Kod trudnica tinejd\u017eerica stajali\u0161te djetetova oca jako utje\u010de na odluku o poba\u010daju\"}]},{\"@type\":\"WebSite\",\"@id\":\"https:\\\/\\\/radioljubuski.ba\\\/#website\",\"url\":\"https:\\\/\\\/radioljubuski.ba\\\/\",\"name\":\"Radio Ljubu\u0161ki\",\"description\":\"Sun\u010dana frekvencija Hercegovine\",\"publisher\":{\"@id\":\"https:\\\/\\\/radioljubuski.ba\\\/#organization\"},\"potentialAction\":[{\"@type\":\"SearchAction\",\"target\":{\"@type\":\"EntryPoint\",\"urlTemplate\":\"https:\\\/\\\/radioljubuski.ba\\\/?s={search_term_string}\"},\"query-input\":{\"@type\":\"PropertyValueSpecification\",\"valueRequired\":true,\"valueName\":\"search_term_string\"}}],\"inLanguage\":\"hr\"},{\"@type\":\"Organization\",\"@id\":\"https:\\\/\\\/radioljubuski.ba\\\/#organization\",\"name\":\"Radio Ljubu\u0161ki\",\"url\":\"https:\\\/\\\/radioljubuski.ba\\\/\",\"logo\":{\"@type\":\"ImageObject\",\"inLanguage\":\"hr\",\"@id\":\"https:\\\/\\\/radioljubuski.ba\\\/#\\\/schema\\\/logo\\\/image\\\/\",\"url\":\"https:\\\/\\\/radioljubuski.ba\\\/wp-content\\\/uploads\\\/2021\\\/02\\\/cropped-Radio_Ljubuski_logo1.jpg\",\"contentUrl\":\"https:\\\/\\\/radioljubuski.ba\\\/wp-content\\\/uploads\\\/2021\\\/02\\\/cropped-Radio_Ljubuski_logo1.jpg\",\"width\":512,\"height\":512,\"caption\":\"Radio Ljubu\u0161ki\"},\"image\":{\"@id\":\"https:\\\/\\\/radioljubuski.ba\\\/#\\\/schema\\\/logo\\\/image\\\/\"},\"sameAs\":[\"https:\\\/\\\/www.facebook.com\\\/Radiio-Ljubuski-1490835324566332\",\"https:\\\/\\\/x.com\\\/radioljubuski\",\"https:\\\/\\\/hr.linkedin.com\\\/company\\\/radio-ljubuski\",\"https:\\\/\\\/www.youtube.com\\\/channel\\\/UCHYaeO_n0Db3tjNGudGpXyw\"]},{\"@type\":\"Person\",\"@id\":\"https:\\\/\\\/radioljubuski.ba\\\/#\\\/schema\\\/person\\\/19fc700381a780f69665d7956c469e3b\",\"name\":\"Radio Ljubu\u0161ki\"}]}<\/script>\n<!-- \/ Yoast SEO plugin. -->","yoast_head_json":{"title":"Istra\u017eivanja potvr\u0111uju: Kod trudnica tinejd\u017eerica stajali\u0161te djetetova oca jako utje\u010de na odluku o poba\u010daju - RADIO LJUBU\u0160KI","robots":{"index":"index","follow":"follow","max-snippet":"max-snippet:-1","max-image-preview":"max-image-preview:large","max-video-preview":"max-video-preview:-1"},"canonical":"https:\/\/radioljubuski.ba\/index.php\/2022\/04\/11\/istrazivanja-potvrduju-kod-trudnica-tinejdzerica-stajaliste-djetetova-oca-jako-utjece-na-odluku-o-pobacaju\/","og_locale":"hr_HR","og_type":"article","og_title":"Istra\u017eivanja potvr\u0111uju: Kod trudnica tinejd\u017eerica stajali\u0161te djetetova oca jako utje\u010de na odluku o poba\u010daju - RADIO LJUBU\u0160KI","og_description":"Stopa trudno\u0107a kod tinejd\u017eerica je u opadanju u SAD-u.&nbsp;Dva istra\u017eivanja otkrivaju da reakcija mu\u0161kog partnera na njihovu trudno\u0107u ima velik utjecaj ho\u0107e li tinejd\u017eerice pobaciti svoje dijete ili ne.&nbsp;U istra\u017eivanju iz&nbsp;2021.&nbsp;objavljenom u knjizi \u201ePoba\u010daj i maj\u010dinstvo\u201c koja je usmjerena na odabir poba\u010daja, istra\u017eiva\u010dica Sarah Bekaert intervjuirala je tinejd\u017eerice koje su pobacile i prou\u010dila razloge za [&hellip;]","og_url":"https:\/\/radioljubuski.ba\/index.php\/2022\/04\/11\/istrazivanja-potvrduju-kod-trudnica-tinejdzerica-stajaliste-djetetova-oca-jako-utjece-na-odluku-o-pobacaju\/","og_site_name":"RADIO LJUBU\u0160KI","article_publisher":"https:\/\/www.facebook.com\/Radiio-Ljubuski-1490835324566332","article_published_time":"2022-04-10T23:20:46+00:00","article_modified_time":"2022-04-10T23:20:47+00:00","og_image":[{"width":696,"height":599,"url":"https:\/\/radioljubuski.ba\/wp-content\/uploads\/2022\/04\/Depositphotos_66823389_S-696x599-1.jpg","type":"image\/jpeg"}],"author":"Radio Ljubu\u0161ki","twitter_card":"summary_large_image","twitter_creator":"@radioljubuski","twitter_site":"@radioljubuski","twitter_misc":{"Napisao\/la":"Radio Ljubu\u0161ki","Procijenjeno vrijeme \u010ditanja":"5 minuta"},"schema":{"@context":"https:\/\/schema.org","@graph":[{"@type":"Article","@id":"https:\/\/radioljubuski.ba\/index.php\/2022\/04\/11\/istrazivanja-potvrduju-kod-trudnica-tinejdzerica-stajaliste-djetetova-oca-jako-utjece-na-odluku-o-pobacaju\/#article","isPartOf":{"@id":"https:\/\/radioljubuski.ba\/index.php\/2022\/04\/11\/istrazivanja-potvrduju-kod-trudnica-tinejdzerica-stajaliste-djetetova-oca-jako-utjece-na-odluku-o-pobacaju\/"},"author":{"name":"Radio Ljubu\u0161ki","@id":"https:\/\/radioljubuski.ba\/#\/schema\/person\/19fc700381a780f69665d7956c469e3b"},"headline":"Istra\u017eivanja potvr\u0111uju: Kod trudnica tinejd\u017eerica stajali\u0161te djetetova oca jako utje\u010de na odluku o poba\u010daju","datePublished":"2022-04-10T23:20:46+00:00","dateModified":"2022-04-10T23:20:47+00:00","mainEntityOfPage":{"@id":"https:\/\/radioljubuski.ba\/index.php\/2022\/04\/11\/istrazivanja-potvrduju-kod-trudnica-tinejdzerica-stajaliste-djetetova-oca-jako-utjece-na-odluku-o-pobacaju\/"},"wordCount":1172,"publisher":{"@id":"https:\/\/radioljubuski.ba\/#organization"},"image":{"@id":"https:\/\/radioljubuski.ba\/index.php\/2022\/04\/11\/istrazivanja-potvrduju-kod-trudnica-tinejdzerica-stajaliste-djetetova-oca-jako-utjece-na-odluku-o-pobacaju\/#primaryimage"},"thumbnailUrl":"https:\/\/radioljubuski.ba\/wp-content\/uploads\/2022\/04\/Depositphotos_66823389_S-696x599-1.jpg","articleSection":["BIH i regija"],"inLanguage":"hr"},{"@type":"WebPage","@id":"https:\/\/radioljubuski.ba\/index.php\/2022\/04\/11\/istrazivanja-potvrduju-kod-trudnica-tinejdzerica-stajaliste-djetetova-oca-jako-utjece-na-odluku-o-pobacaju\/","url":"https:\/\/radioljubuski.ba\/index.php\/2022\/04\/11\/istrazivanja-potvrduju-kod-trudnica-tinejdzerica-stajaliste-djetetova-oca-jako-utjece-na-odluku-o-pobacaju\/","name":"Istra\u017eivanja potvr\u0111uju: Kod trudnica tinejd\u017eerica stajali\u0161te djetetova oca jako utje\u010de na odluku o poba\u010daju - RADIO LJUBU\u0160KI","isPartOf":{"@id":"https:\/\/radioljubuski.ba\/#website"},"primaryImageOfPage":{"@id":"https:\/\/radioljubuski.ba\/index.php\/2022\/04\/11\/istrazivanja-potvrduju-kod-trudnica-tinejdzerica-stajaliste-djetetova-oca-jako-utjece-na-odluku-o-pobacaju\/#primaryimage"},"image":{"@id":"https:\/\/radioljubuski.ba\/index.php\/2022\/04\/11\/istrazivanja-potvrduju-kod-trudnica-tinejdzerica-stajaliste-djetetova-oca-jako-utjece-na-odluku-o-pobacaju\/#primaryimage"},"thumbnailUrl":"https:\/\/radioljubuski.ba\/wp-content\/uploads\/2022\/04\/Depositphotos_66823389_S-696x599-1.jpg","datePublished":"2022-04-10T23:20:46+00:00","dateModified":"2022-04-10T23:20:47+00:00","breadcrumb":{"@id":"https:\/\/radioljubuski.ba\/index.php\/2022\/04\/11\/istrazivanja-potvrduju-kod-trudnica-tinejdzerica-stajaliste-djetetova-oca-jako-utjece-na-odluku-o-pobacaju\/#breadcrumb"},"inLanguage":"hr","potentialAction":[{"@type":"ReadAction","target":["https:\/\/radioljubuski.ba\/index.php\/2022\/04\/11\/istrazivanja-potvrduju-kod-trudnica-tinejdzerica-stajaliste-djetetova-oca-jako-utjece-na-odluku-o-pobacaju\/"]}]},{"@type":"ImageObject","inLanguage":"hr","@id":"https:\/\/radioljubuski.ba\/index.php\/2022\/04\/11\/istrazivanja-potvrduju-kod-trudnica-tinejdzerica-stajaliste-djetetova-oca-jako-utjece-na-odluku-o-pobacaju\/#primaryimage","url":"https:\/\/radioljubuski.ba\/wp-content\/uploads\/2022\/04\/Depositphotos_66823389_S-696x599-1.jpg","contentUrl":"https:\/\/radioljubuski.ba\/wp-content\/uploads\/2022\/04\/Depositphotos_66823389_S-696x599-1.jpg","width":696,"height":599},{"@type":"BreadcrumbList","@id":"https:\/\/radioljubuski.ba\/index.php\/2022\/04\/11\/istrazivanja-potvrduju-kod-trudnica-tinejdzerica-stajaliste-djetetova-oca-jako-utjece-na-odluku-o-pobacaju\/#breadcrumb","itemListElement":[{"@type":"ListItem","position":1,"name":"Po\u010detna stranica","item":"https:\/\/radioljubuski.ba\/"},{"@type":"ListItem","position":2,"name":"Istra\u017eivanja potvr\u0111uju: Kod trudnica tinejd\u017eerica stajali\u0161te djetetova oca jako utje\u010de na odluku o poba\u010daju"}]},{"@type":"WebSite","@id":"https:\/\/radioljubuski.ba\/#website","url":"https:\/\/radioljubuski.ba\/","name":"Radio Ljubu\u0161ki","description":"Sun\u010dana frekvencija Hercegovine","publisher":{"@id":"https:\/\/radioljubuski.ba\/#organization"},"potentialAction":[{"@type":"SearchAction","target":{"@type":"EntryPoint","urlTemplate":"https:\/\/radioljubuski.ba\/?s={search_term_string}"},"query-input":{"@type":"PropertyValueSpecification","valueRequired":true,"valueName":"search_term_string"}}],"inLanguage":"hr"},{"@type":"Organization","@id":"https:\/\/radioljubuski.ba\/#organization","name":"Radio Ljubu\u0161ki","url":"https:\/\/radioljubuski.ba\/","logo":{"@type":"ImageObject","inLanguage":"hr","@id":"https:\/\/radioljubuski.ba\/#\/schema\/logo\/image\/","url":"https:\/\/radioljubuski.ba\/wp-content\/uploads\/2021\/02\/cropped-Radio_Ljubuski_logo1.jpg","contentUrl":"https:\/\/radioljubuski.ba\/wp-content\/uploads\/2021\/02\/cropped-Radio_Ljubuski_logo1.jpg","width":512,"height":512,"caption":"Radio Ljubu\u0161ki"},"image":{"@id":"https:\/\/radioljubuski.ba\/#\/schema\/logo\/image\/"},"sameAs":["https:\/\/www.facebook.com\/Radiio-Ljubuski-1490835324566332","https:\/\/x.com\/radioljubuski","https:\/\/hr.linkedin.com\/company\/radio-ljubuski","https:\/\/www.youtube.com\/channel\/UCHYaeO_n0Db3tjNGudGpXyw"]},{"@type":"Person","@id":"https:\/\/radioljubuski.ba\/#\/schema\/person\/19fc700381a780f69665d7956c469e3b","name":"Radio Ljubu\u0161ki"}]}},"_links":{"self":[{"href":"https:\/\/radioljubuski.ba\/index.php\/wp-json\/wp\/v2\/posts\/131220","targetHints":{"allow":["GET"]}}],"collection":[{"href":"https:\/\/radioljubuski.ba\/index.php\/wp-json\/wp\/v2\/posts"}],"about":[{"href":"https:\/\/radioljubuski.ba\/index.php\/wp-json\/wp\/v2\/types\/post"}],"author":[{"embeddable":true,"href":"https:\/\/radioljubuski.ba\/index.php\/wp-json\/wp\/v2\/users\/2"}],"replies":[{"embeddable":true,"href":"https:\/\/radioljubuski.ba\/index.php\/wp-json\/wp\/v2\/comments?post=131220"}],"version-history":[{"count":1,"href":"https:\/\/radioljubuski.ba\/index.php\/wp-json\/wp\/v2\/posts\/131220\/revisions"}],"predecessor-version":[{"id":131222,"href":"https:\/\/radioljubuski.ba\/index.php\/wp-json\/wp\/v2\/posts\/131220\/revisions\/131222"}],"wp:featuredmedia":[{"embeddable":true,"href":"https:\/\/radioljubuski.ba\/index.php\/wp-json\/wp\/v2\/media\/131221"}],"wp:attachment":[{"href":"https:\/\/radioljubuski.ba\/index.php\/wp-json\/wp\/v2\/media?parent=131220"}],"wp:term":[{"taxonomy":"category","embeddable":true,"href":"https:\/\/radioljubuski.ba\/index.php\/wp-json\/wp\/v2\/categories?post=131220"},{"taxonomy":"post_tag","embeddable":true,"href":"https:\/\/radioljubuski.ba\/index.php\/wp-json\/wp\/v2\/tags?post=131220"}],"curies":[{"name":"wp","href":"https:\/\/api.w.org\/{rel}","templated":true}]}}