{"id":131223,"date":"2022-04-11T00:22:17","date_gmt":"2022-04-10T23:22:17","guid":{"rendered":"https:\/\/radioljubuski.ba\/?p=131223"},"modified":"2022-04-11T00:22:18","modified_gmt":"2022-04-10T23:22:18","slug":"odlican-izbor-za-vas-blagdanski-meni-proljetna-rolada-veseli-uskrs","status":"publish","type":"post","link":"https:\/\/radioljubuski.ba\/index.php\/2022\/04\/11\/odlican-izbor-za-vas-blagdanski-meni-proljetna-rolada-veseli-uskrs\/","title":{"rendered":"Odli\u010dan izbor za va\u0161 blagdanski meni: Proljetna rolada \u201cVeseli Uskrs\u201d"},"content":{"rendered":"\n<p>Simpati\u010dna uskrsna rolada odli\u010dan je izbor glavnog deserta na va\u0161em blagdanskom meniju!<\/p>\n\n\n\n<p>Recept donosi&nbsp;<a href=\"https:\/\/slatkisvijet.com\/proljetna-rolada-veseli-uskrs\">Slatki svijet<\/a>.<\/p>\n\n\n\n<p><strong>Sastojci<\/strong><\/p>\n\n\n\n<p><strong>Kakao biskvit<\/strong><\/p>\n\n\n\n<ul class=\"wp-block-list\"><li>6 jaja<\/li><li>150 g \u0161e\u0107era<\/li><li>60 g otopljenog maslaca<\/li><li>70 g glatkog bra\u0161na<\/li><li>40 g gustina<\/li><li>30 g kakaa u prahu<\/li><li>1 \u017eli\u010dica pra\u0161ka za pecivo<\/li><li>prstohvat soli<\/li><\/ul>\n\n\n\n<p><strong>Puding krema od vanilije<\/strong><\/p>\n\n\n\n<ul class=\"wp-block-list\"><li>350 ml mlijeka<\/li><li>1 pra\u0161ak za puding s okusom vanilije<\/li><li>150 g \u0161e\u0107era<\/li><li>2 vanilin \u0161e\u0107era<\/li><li>150 g maslaca sobne temperature<\/li><\/ul>\n\n\n\n<p><strong>\u010cokoladna krema<\/strong><\/p>\n\n\n\n<ul class=\"wp-block-list\"><li>100 g \u010dokolade za kuhanje<\/li><li>200 ml slatkog vrhnja<\/li><li>3 pune \u017elice puding kreme<\/li><\/ul>\n\n\n\n<p><strong>Ostalo<\/strong><\/p>\n\n\n\n<ul class=\"wp-block-list\"><li>d\u017eem od borovnica<\/li><li>jagoda ili malina<\/li><\/ul>\n\n\n\n<p><strong>Priprema<\/strong><\/p>\n\n\n\n<p>Bjelanjcima dodajte mal soli i miksajte ih dok se ne pretvore u mekani snijeg. Malo po malo dodajte \u0161e\u0107er i nastavite miksati bjelanjke dok ne dobijete \u010dvrsti snijeg. Uz miksanje, dodajte jedan po jedan \u017eutanjak. Na kraju dodajte otopljen pa malo ohla\u0111en maslac.<\/p>\n\n\n\n<p>U zdjelici pomije\u0161ajte bra\u0161no, gustin, kakao u prahu pra\u0161ak za pecivo. Suhe sastojke prosijte i lagano umije\u0161ajte u pripremljenu smjesu. Smjesu izlijte u lim za pe\u010denje (30\u00d745 cm) kojeg ste prekrili masnim papirom. Biskvit pecite 15-20 minuta na temperaturi od 180\u00b0C. Vru\u0107i biskvit zajedno s papirom za pe\u010denje zamotajte u roladu i ostavite neka se ohladi.<\/p>\n\n\n\n<p>Za pripremu kreme puding skuhajte u mlijeku s dodatkom \u0161e\u0107era, ohladite ga pa izmiksajte s maslacem sobne temperature. Odvojite tri pune \u017elice kreme sa strane, a ostatak kreme iskoristite za nadjev rolade.<\/p>\n\n\n\n<p>Ohla\u0111eni biskvit odmotajte, prema\u017eite tankim slojem d\u017eema od borovnica te prema\u017eite bijelom kremom. Na pari otopite \u010dokoladu, malo ju ohladite pa pomije\u0161ajte s kremom koju ste sa\u010duvali. Na kraju umije\u0161ajte i tu\u010deno slatko vrhnje.<\/p>\n\n\n\n<p>Proljetnu roladu prema\u017eite \u010dokoladnom kremom pa prije\u0111ite vilicom preko kreme kako bi dobili izgled kore drveta. Roladu ukrasite pisanicama, jestivim cvjeti\u0107ima i ostalom prigodnom dekoracijom. Ako \u017eelite, mo\u017eete ispe\u0107i i keksi\u0107e u obliku gljiva koji tako\u0111er mogu biti simpati\u010dna dekoracija.<\/p>\n\n\n\n<p>Ako \u017eelite, mo\u017eete ispe\u0107i i keksi\u0107e u obliku gljiva koji tako\u0111er mogu biti simpati\u010dna dekoracija.<\/p>\n\n\n\n<h3 class=\"wp-block-heading\"><strong>KEKSI U OBLIKU GLJIVA<\/strong><\/h3>\n\n\n\n<p><strong>Tijesto<\/strong><\/p>\n\n\n\n<ul class=\"wp-block-list\"><li>350 g glatkog bra\u0161na<\/li><li>150 g \u0161e\u0107era u prahu<\/li><li>1 \u017eli\u010dica pra\u0161ka za pecivo<\/li><li>1 \u017eli\u010dica soli<\/li><li>150 g margarina sobne temperature<\/li><li>1 jaje<\/li><\/ul>\n\n\n\n<p><strong>Smjesa za lijepljenje<\/strong><\/p>\n\n\n\n<ul class=\"wp-block-list\"><li>100 g \u0161e\u0107era u prahu<\/li><li>1,5 \u2013 2 \u017elice vode<\/li><li>1 \u017eli\u010dica limunovog soka<\/li><\/ul>\n\n\n\n<p>\u0160e\u0107er, margarin i jaje dobro izmiksajte. Dodajte ostale sastojke pa umijesite glatko tijesto. Tijesto omotajte prozirnom folijom i spremite u hladnjak na sat vremena. Od rashla\u0111enog tijesta oblikujte kuglice koje \u0107e poslu\u017eiti kao kapica gljiva te \u0161tapi\u0107e koji \u0107e kasnije biti stru\u010dak gljiva. Kekse pecite otprilike 10 minuta na 200\u00b0C.<\/p>\n\n\n\n<p>Toplim kuglicama izdubite malo sredinu tako da kasnije mo\u017eete umetnuti stru\u010dak. Kako bi gljive bile stabilne, stru\u010dcima malo odre\u017eite jedan kraj, tako da dno bude ravno.<br>\u0160e\u0107er u prahu izmutite s vodom i limunovim sokom tako da dobijete gustu smjesu. U udubinu kapice stavite malo \u201eljepila\u201c, pri\u010dvrstite stru\u010dak pa odlo\u017eite gljivu na papir za pe\u010denje i ostavite 15-20 minuta da se osu\u0161i na sobnoj temperaturi.<\/p>\n\n\n\n<p>Kada sve gljive budu osu\u0161ene, ljepilo malo razvodnite (dodajte samo 1 \u017elicu vode) i prelijte kapice gljiva. Po \u017eelji gljive dodatno ukrasite jestivim perlicama.<\/p>\n\n\n\n<p><em>Izvor:&nbsp;<a href=\"http:\/\/narod.hr\/slatkisvijet.com\">narod.hr\/slatkisvijet.com<\/a><\/em><\/p>\n","protected":false},"excerpt":{"rendered":"<p>Simpati\u010dna uskrsna rolada odli\u010dan je izbor glavnog deserta na va\u0161em blagdanskom meniju! Recept donosi&nbsp;Slatki svijet. Sastojci Kakao biskvit 6 jaja 150 g \u0161e\u0107era 60 g otopljenog maslaca 70 g glatkog bra\u0161na 40 g gustina 30 g kakaa u prahu 1 \u017eli\u010dica pra\u0161ka za pecivo prstohvat soli Puding krema od vanilije 350 ml mlijeka 1 pra\u0161ak [&hellip;]<\/p>\n","protected":false},"author":2,"featured_media":131224,"comment_status":"closed","ping_status":"closed","sticky":false,"template":"","format":"standard","meta":{"h5ap_radio_sources":[],"footnotes":""},"categories":[1],"tags":[],"class_list":["post-131223","post","type-post","status-publish","format-standard","has-post-thumbnail","hentry","category-bihiregija"],"yoast_head":"<!-- This site is optimized with the Yoast SEO plugin v27.5 - https:\/\/yoast.com\/product\/yoast-seo-wordpress\/ -->\n<title>Odli\u010dan izbor za va\u0161 blagdanski meni: Proljetna rolada \u201cVeseli Uskrs\u201d - RADIO LJUBU\u0160KI<\/title>\n<meta name=\"robots\" content=\"index, follow, max-snippet:-1, max-image-preview:large, max-video-preview:-1\" \/>\n<link rel=\"canonical\" href=\"https:\/\/radioljubuski.ba\/index.php\/2022\/04\/11\/odlican-izbor-za-vas-blagdanski-meni-proljetna-rolada-veseli-uskrs\/\" \/>\n<meta property=\"og:locale\" content=\"hr_HR\" \/>\n<meta property=\"og:type\" content=\"article\" \/>\n<meta property=\"og:title\" content=\"Odli\u010dan izbor za va\u0161 blagdanski meni: Proljetna rolada \u201cVeseli Uskrs\u201d - RADIO LJUBU\u0160KI\" \/>\n<meta property=\"og:description\" content=\"Simpati\u010dna uskrsna rolada odli\u010dan je izbor glavnog deserta na va\u0161em blagdanskom meniju! Recept donosi&nbsp;Slatki svijet. Sastojci Kakao biskvit 6 jaja 150 g \u0161e\u0107era 60 g otopljenog maslaca 70 g glatkog bra\u0161na 40 g gustina 30 g kakaa u prahu 1 \u017eli\u010dica pra\u0161ka za pecivo prstohvat soli Puding krema od vanilije 350 ml mlijeka 1 pra\u0161ak [&hellip;]\" \/>\n<meta property=\"og:url\" content=\"https:\/\/radioljubuski.ba\/index.php\/2022\/04\/11\/odlican-izbor-za-vas-blagdanski-meni-proljetna-rolada-veseli-uskrs\/\" \/>\n<meta property=\"og:site_name\" content=\"RADIO LJUBU\u0160KI\" \/>\n<meta property=\"article:publisher\" content=\"https:\/\/www.facebook.com\/Radiio-Ljubuski-1490835324566332\" \/>\n<meta property=\"article:published_time\" content=\"2022-04-10T23:22:17+00:00\" \/>\n<meta property=\"article:modified_time\" content=\"2022-04-10T23:22:18+00:00\" \/>\n<meta property=\"og:image\" content=\"https:\/\/radioljubuski.ba\/wp-content\/uploads\/2022\/04\/cokladna-rolada-uskrsna-grana-panj-recept-7151702209-696x414-1.jpg\" \/>\n\t<meta property=\"og:image:width\" content=\"696\" \/>\n\t<meta property=\"og:image:height\" content=\"414\" \/>\n\t<meta property=\"og:image:type\" content=\"image\/jpeg\" \/>\n<meta name=\"author\" content=\"Radio Ljubu\u0161ki\" \/>\n<meta name=\"twitter:card\" content=\"summary_large_image\" \/>\n<meta name=\"twitter:creator\" content=\"@radioljubuski\" \/>\n<meta name=\"twitter:site\" content=\"@radioljubuski\" \/>\n<meta name=\"twitter:label1\" content=\"Napisao\/la\" \/>\n\t<meta name=\"twitter:data1\" content=\"Radio Ljubu\u0161ki\" \/>\n\t<meta name=\"twitter:label2\" content=\"Procijenjeno vrijeme \u010ditanja\" \/>\n\t<meta name=\"twitter:data2\" content=\"3 minute\" \/>\n<script type=\"application\/ld+json\" class=\"yoast-schema-graph\">{\"@context\":\"https:\\\/\\\/schema.org\",\"@graph\":[{\"@type\":\"Article\",\"@id\":\"https:\\\/\\\/radioljubuski.ba\\\/index.php\\\/2022\\\/04\\\/11\\\/odlican-izbor-za-vas-blagdanski-meni-proljetna-rolada-veseli-uskrs\\\/#article\",\"isPartOf\":{\"@id\":\"https:\\\/\\\/radioljubuski.ba\\\/index.php\\\/2022\\\/04\\\/11\\\/odlican-izbor-za-vas-blagdanski-meni-proljetna-rolada-veseli-uskrs\\\/\"},\"author\":{\"name\":\"Radio Ljubu\u0161ki\",\"@id\":\"https:\\\/\\\/radioljubuski.ba\\\/#\\\/schema\\\/person\\\/19fc700381a780f69665d7956c469e3b\"},\"headline\":\"Odli\u010dan izbor za va\u0161 blagdanski meni: Proljetna rolada \u201cVeseli Uskrs\u201d\",\"datePublished\":\"2022-04-10T23:22:17+00:00\",\"dateModified\":\"2022-04-10T23:22:18+00:00\",\"mainEntityOfPage\":{\"@id\":\"https:\\\/\\\/radioljubuski.ba\\\/index.php\\\/2022\\\/04\\\/11\\\/odlican-izbor-za-vas-blagdanski-meni-proljetna-rolada-veseli-uskrs\\\/\"},\"wordCount\":555,\"publisher\":{\"@id\":\"https:\\\/\\\/radioljubuski.ba\\\/#organization\"},\"image\":{\"@id\":\"https:\\\/\\\/radioljubuski.ba\\\/index.php\\\/2022\\\/04\\\/11\\\/odlican-izbor-za-vas-blagdanski-meni-proljetna-rolada-veseli-uskrs\\\/#primaryimage\"},\"thumbnailUrl\":\"https:\\\/\\\/radioljubuski.ba\\\/wp-content\\\/uploads\\\/2022\\\/04\\\/cokladna-rolada-uskrsna-grana-panj-recept-7151702209-696x414-1.jpg\",\"articleSection\":[\"BIH i regija\"],\"inLanguage\":\"hr\"},{\"@type\":\"WebPage\",\"@id\":\"https:\\\/\\\/radioljubuski.ba\\\/index.php\\\/2022\\\/04\\\/11\\\/odlican-izbor-za-vas-blagdanski-meni-proljetna-rolada-veseli-uskrs\\\/\",\"url\":\"https:\\\/\\\/radioljubuski.ba\\\/index.php\\\/2022\\\/04\\\/11\\\/odlican-izbor-za-vas-blagdanski-meni-proljetna-rolada-veseli-uskrs\\\/\",\"name\":\"Odli\u010dan izbor za va\u0161 blagdanski meni: Proljetna rolada \u201cVeseli Uskrs\u201d - RADIO LJUBU\u0160KI\",\"isPartOf\":{\"@id\":\"https:\\\/\\\/radioljubuski.ba\\\/#website\"},\"primaryImageOfPage\":{\"@id\":\"https:\\\/\\\/radioljubuski.ba\\\/index.php\\\/2022\\\/04\\\/11\\\/odlican-izbor-za-vas-blagdanski-meni-proljetna-rolada-veseli-uskrs\\\/#primaryimage\"},\"image\":{\"@id\":\"https:\\\/\\\/radioljubuski.ba\\\/index.php\\\/2022\\\/04\\\/11\\\/odlican-izbor-za-vas-blagdanski-meni-proljetna-rolada-veseli-uskrs\\\/#primaryimage\"},\"thumbnailUrl\":\"https:\\\/\\\/radioljubuski.ba\\\/wp-content\\\/uploads\\\/2022\\\/04\\\/cokladna-rolada-uskrsna-grana-panj-recept-7151702209-696x414-1.jpg\",\"datePublished\":\"2022-04-10T23:22:17+00:00\",\"dateModified\":\"2022-04-10T23:22:18+00:00\",\"breadcrumb\":{\"@id\":\"https:\\\/\\\/radioljubuski.ba\\\/index.php\\\/2022\\\/04\\\/11\\\/odlican-izbor-za-vas-blagdanski-meni-proljetna-rolada-veseli-uskrs\\\/#breadcrumb\"},\"inLanguage\":\"hr\",\"potentialAction\":[{\"@type\":\"ReadAction\",\"target\":[\"https:\\\/\\\/radioljubuski.ba\\\/index.php\\\/2022\\\/04\\\/11\\\/odlican-izbor-za-vas-blagdanski-meni-proljetna-rolada-veseli-uskrs\\\/\"]}]},{\"@type\":\"ImageObject\",\"inLanguage\":\"hr\",\"@id\":\"https:\\\/\\\/radioljubuski.ba\\\/index.php\\\/2022\\\/04\\\/11\\\/odlican-izbor-za-vas-blagdanski-meni-proljetna-rolada-veseli-uskrs\\\/#primaryimage\",\"url\":\"https:\\\/\\\/radioljubuski.ba\\\/wp-content\\\/uploads\\\/2022\\\/04\\\/cokladna-rolada-uskrsna-grana-panj-recept-7151702209-696x414-1.jpg\",\"contentUrl\":\"https:\\\/\\\/radioljubuski.ba\\\/wp-content\\\/uploads\\\/2022\\\/04\\\/cokladna-rolada-uskrsna-grana-panj-recept-7151702209-696x414-1.jpg\",\"width\":696,\"height\":414},{\"@type\":\"BreadcrumbList\",\"@id\":\"https:\\\/\\\/radioljubuski.ba\\\/index.php\\\/2022\\\/04\\\/11\\\/odlican-izbor-za-vas-blagdanski-meni-proljetna-rolada-veseli-uskrs\\\/#breadcrumb\",\"itemListElement\":[{\"@type\":\"ListItem\",\"position\":1,\"name\":\"Po\u010detna stranica\",\"item\":\"https:\\\/\\\/radioljubuski.ba\\\/\"},{\"@type\":\"ListItem\",\"position\":2,\"name\":\"Odli\u010dan izbor za va\u0161 blagdanski meni: Proljetna rolada \u201cVeseli Uskrs\u201d\"}]},{\"@type\":\"WebSite\",\"@id\":\"https:\\\/\\\/radioljubuski.ba\\\/#website\",\"url\":\"https:\\\/\\\/radioljubuski.ba\\\/\",\"name\":\"Radio Ljubu\u0161ki\",\"description\":\"Sun\u010dana frekvencija Hercegovine\",\"publisher\":{\"@id\":\"https:\\\/\\\/radioljubuski.ba\\\/#organization\"},\"potentialAction\":[{\"@type\":\"SearchAction\",\"target\":{\"@type\":\"EntryPoint\",\"urlTemplate\":\"https:\\\/\\\/radioljubuski.ba\\\/?s={search_term_string}\"},\"query-input\":{\"@type\":\"PropertyValueSpecification\",\"valueRequired\":true,\"valueName\":\"search_term_string\"}}],\"inLanguage\":\"hr\"},{\"@type\":\"Organization\",\"@id\":\"https:\\\/\\\/radioljubuski.ba\\\/#organization\",\"name\":\"Radio Ljubu\u0161ki\",\"url\":\"https:\\\/\\\/radioljubuski.ba\\\/\",\"logo\":{\"@type\":\"ImageObject\",\"inLanguage\":\"hr\",\"@id\":\"https:\\\/\\\/radioljubuski.ba\\\/#\\\/schema\\\/logo\\\/image\\\/\",\"url\":\"https:\\\/\\\/radioljubuski.ba\\\/wp-content\\\/uploads\\\/2021\\\/02\\\/cropped-Radio_Ljubuski_logo1.jpg\",\"contentUrl\":\"https:\\\/\\\/radioljubuski.ba\\\/wp-content\\\/uploads\\\/2021\\\/02\\\/cropped-Radio_Ljubuski_logo1.jpg\",\"width\":512,\"height\":512,\"caption\":\"Radio Ljubu\u0161ki\"},\"image\":{\"@id\":\"https:\\\/\\\/radioljubuski.ba\\\/#\\\/schema\\\/logo\\\/image\\\/\"},\"sameAs\":[\"https:\\\/\\\/www.facebook.com\\\/Radiio-Ljubuski-1490835324566332\",\"https:\\\/\\\/x.com\\\/radioljubuski\",\"https:\\\/\\\/hr.linkedin.com\\\/company\\\/radio-ljubuski\",\"https:\\\/\\\/www.youtube.com\\\/channel\\\/UCHYaeO_n0Db3tjNGudGpXyw\"]},{\"@type\":\"Person\",\"@id\":\"https:\\\/\\\/radioljubuski.ba\\\/#\\\/schema\\\/person\\\/19fc700381a780f69665d7956c469e3b\",\"name\":\"Radio Ljubu\u0161ki\"}]}<\/script>\n<!-- \/ Yoast SEO plugin. -->","yoast_head_json":{"title":"Odli\u010dan izbor za va\u0161 blagdanski meni: Proljetna rolada \u201cVeseli Uskrs\u201d - RADIO LJUBU\u0160KI","robots":{"index":"index","follow":"follow","max-snippet":"max-snippet:-1","max-image-preview":"max-image-preview:large","max-video-preview":"max-video-preview:-1"},"canonical":"https:\/\/radioljubuski.ba\/index.php\/2022\/04\/11\/odlican-izbor-za-vas-blagdanski-meni-proljetna-rolada-veseli-uskrs\/","og_locale":"hr_HR","og_type":"article","og_title":"Odli\u010dan izbor za va\u0161 blagdanski meni: Proljetna rolada \u201cVeseli Uskrs\u201d - RADIO LJUBU\u0160KI","og_description":"Simpati\u010dna uskrsna rolada odli\u010dan je izbor glavnog deserta na va\u0161em blagdanskom meniju! Recept donosi&nbsp;Slatki svijet. Sastojci Kakao biskvit 6 jaja 150 g \u0161e\u0107era 60 g otopljenog maslaca 70 g glatkog bra\u0161na 40 g gustina 30 g kakaa u prahu 1 \u017eli\u010dica pra\u0161ka za pecivo prstohvat soli Puding krema od vanilije 350 ml mlijeka 1 pra\u0161ak [&hellip;]","og_url":"https:\/\/radioljubuski.ba\/index.php\/2022\/04\/11\/odlican-izbor-za-vas-blagdanski-meni-proljetna-rolada-veseli-uskrs\/","og_site_name":"RADIO LJUBU\u0160KI","article_publisher":"https:\/\/www.facebook.com\/Radiio-Ljubuski-1490835324566332","article_published_time":"2022-04-10T23:22:17+00:00","article_modified_time":"2022-04-10T23:22:18+00:00","og_image":[{"width":696,"height":414,"url":"https:\/\/radioljubuski.ba\/wp-content\/uploads\/2022\/04\/cokladna-rolada-uskrsna-grana-panj-recept-7151702209-696x414-1.jpg","type":"image\/jpeg"}],"author":"Radio Ljubu\u0161ki","twitter_card":"summary_large_image","twitter_creator":"@radioljubuski","twitter_site":"@radioljubuski","twitter_misc":{"Napisao\/la":"Radio Ljubu\u0161ki","Procijenjeno vrijeme \u010ditanja":"3 minute"},"schema":{"@context":"https:\/\/schema.org","@graph":[{"@type":"Article","@id":"https:\/\/radioljubuski.ba\/index.php\/2022\/04\/11\/odlican-izbor-za-vas-blagdanski-meni-proljetna-rolada-veseli-uskrs\/#article","isPartOf":{"@id":"https:\/\/radioljubuski.ba\/index.php\/2022\/04\/11\/odlican-izbor-za-vas-blagdanski-meni-proljetna-rolada-veseli-uskrs\/"},"author":{"name":"Radio Ljubu\u0161ki","@id":"https:\/\/radioljubuski.ba\/#\/schema\/person\/19fc700381a780f69665d7956c469e3b"},"headline":"Odli\u010dan izbor za va\u0161 blagdanski meni: Proljetna rolada \u201cVeseli Uskrs\u201d","datePublished":"2022-04-10T23:22:17+00:00","dateModified":"2022-04-10T23:22:18+00:00","mainEntityOfPage":{"@id":"https:\/\/radioljubuski.ba\/index.php\/2022\/04\/11\/odlican-izbor-za-vas-blagdanski-meni-proljetna-rolada-veseli-uskrs\/"},"wordCount":555,"publisher":{"@id":"https:\/\/radioljubuski.ba\/#organization"},"image":{"@id":"https:\/\/radioljubuski.ba\/index.php\/2022\/04\/11\/odlican-izbor-za-vas-blagdanski-meni-proljetna-rolada-veseli-uskrs\/#primaryimage"},"thumbnailUrl":"https:\/\/radioljubuski.ba\/wp-content\/uploads\/2022\/04\/cokladna-rolada-uskrsna-grana-panj-recept-7151702209-696x414-1.jpg","articleSection":["BIH i regija"],"inLanguage":"hr"},{"@type":"WebPage","@id":"https:\/\/radioljubuski.ba\/index.php\/2022\/04\/11\/odlican-izbor-za-vas-blagdanski-meni-proljetna-rolada-veseli-uskrs\/","url":"https:\/\/radioljubuski.ba\/index.php\/2022\/04\/11\/odlican-izbor-za-vas-blagdanski-meni-proljetna-rolada-veseli-uskrs\/","name":"Odli\u010dan izbor za va\u0161 blagdanski meni: Proljetna rolada \u201cVeseli Uskrs\u201d - RADIO LJUBU\u0160KI","isPartOf":{"@id":"https:\/\/radioljubuski.ba\/#website"},"primaryImageOfPage":{"@id":"https:\/\/radioljubuski.ba\/index.php\/2022\/04\/11\/odlican-izbor-za-vas-blagdanski-meni-proljetna-rolada-veseli-uskrs\/#primaryimage"},"image":{"@id":"https:\/\/radioljubuski.ba\/index.php\/2022\/04\/11\/odlican-izbor-za-vas-blagdanski-meni-proljetna-rolada-veseli-uskrs\/#primaryimage"},"thumbnailUrl":"https:\/\/radioljubuski.ba\/wp-content\/uploads\/2022\/04\/cokladna-rolada-uskrsna-grana-panj-recept-7151702209-696x414-1.jpg","datePublished":"2022-04-10T23:22:17+00:00","dateModified":"2022-04-10T23:22:18+00:00","breadcrumb":{"@id":"https:\/\/radioljubuski.ba\/index.php\/2022\/04\/11\/odlican-izbor-za-vas-blagdanski-meni-proljetna-rolada-veseli-uskrs\/#breadcrumb"},"inLanguage":"hr","potentialAction":[{"@type":"ReadAction","target":["https:\/\/radioljubuski.ba\/index.php\/2022\/04\/11\/odlican-izbor-za-vas-blagdanski-meni-proljetna-rolada-veseli-uskrs\/"]}]},{"@type":"ImageObject","inLanguage":"hr","@id":"https:\/\/radioljubuski.ba\/index.php\/2022\/04\/11\/odlican-izbor-za-vas-blagdanski-meni-proljetna-rolada-veseli-uskrs\/#primaryimage","url":"https:\/\/radioljubuski.ba\/wp-content\/uploads\/2022\/04\/cokladna-rolada-uskrsna-grana-panj-recept-7151702209-696x414-1.jpg","contentUrl":"https:\/\/radioljubuski.ba\/wp-content\/uploads\/2022\/04\/cokladna-rolada-uskrsna-grana-panj-recept-7151702209-696x414-1.jpg","width":696,"height":414},{"@type":"BreadcrumbList","@id":"https:\/\/radioljubuski.ba\/index.php\/2022\/04\/11\/odlican-izbor-za-vas-blagdanski-meni-proljetna-rolada-veseli-uskrs\/#breadcrumb","itemListElement":[{"@type":"ListItem","position":1,"name":"Po\u010detna stranica","item":"https:\/\/radioljubuski.ba\/"},{"@type":"ListItem","position":2,"name":"Odli\u010dan izbor za va\u0161 blagdanski meni: Proljetna rolada \u201cVeseli Uskrs\u201d"}]},{"@type":"WebSite","@id":"https:\/\/radioljubuski.ba\/#website","url":"https:\/\/radioljubuski.ba\/","name":"Radio Ljubu\u0161ki","description":"Sun\u010dana frekvencija Hercegovine","publisher":{"@id":"https:\/\/radioljubuski.ba\/#organization"},"potentialAction":[{"@type":"SearchAction","target":{"@type":"EntryPoint","urlTemplate":"https:\/\/radioljubuski.ba\/?s={search_term_string}"},"query-input":{"@type":"PropertyValueSpecification","valueRequired":true,"valueName":"search_term_string"}}],"inLanguage":"hr"},{"@type":"Organization","@id":"https:\/\/radioljubuski.ba\/#organization","name":"Radio Ljubu\u0161ki","url":"https:\/\/radioljubuski.ba\/","logo":{"@type":"ImageObject","inLanguage":"hr","@id":"https:\/\/radioljubuski.ba\/#\/schema\/logo\/image\/","url":"https:\/\/radioljubuski.ba\/wp-content\/uploads\/2021\/02\/cropped-Radio_Ljubuski_logo1.jpg","contentUrl":"https:\/\/radioljubuski.ba\/wp-content\/uploads\/2021\/02\/cropped-Radio_Ljubuski_logo1.jpg","width":512,"height":512,"caption":"Radio Ljubu\u0161ki"},"image":{"@id":"https:\/\/radioljubuski.ba\/#\/schema\/logo\/image\/"},"sameAs":["https:\/\/www.facebook.com\/Radiio-Ljubuski-1490835324566332","https:\/\/x.com\/radioljubuski","https:\/\/hr.linkedin.com\/company\/radio-ljubuski","https:\/\/www.youtube.com\/channel\/UCHYaeO_n0Db3tjNGudGpXyw"]},{"@type":"Person","@id":"https:\/\/radioljubuski.ba\/#\/schema\/person\/19fc700381a780f69665d7956c469e3b","name":"Radio Ljubu\u0161ki"}]}},"_links":{"self":[{"href":"https:\/\/radioljubuski.ba\/index.php\/wp-json\/wp\/v2\/posts\/131223","targetHints":{"allow":["GET"]}}],"collection":[{"href":"https:\/\/radioljubuski.ba\/index.php\/wp-json\/wp\/v2\/posts"}],"about":[{"href":"https:\/\/radioljubuski.ba\/index.php\/wp-json\/wp\/v2\/types\/post"}],"author":[{"embeddable":true,"href":"https:\/\/radioljubuski.ba\/index.php\/wp-json\/wp\/v2\/users\/2"}],"replies":[{"embeddable":true,"href":"https:\/\/radioljubuski.ba\/index.php\/wp-json\/wp\/v2\/comments?post=131223"}],"version-history":[{"count":1,"href":"https:\/\/radioljubuski.ba\/index.php\/wp-json\/wp\/v2\/posts\/131223\/revisions"}],"predecessor-version":[{"id":131225,"href":"https:\/\/radioljubuski.ba\/index.php\/wp-json\/wp\/v2\/posts\/131223\/revisions\/131225"}],"wp:featuredmedia":[{"embeddable":true,"href":"https:\/\/radioljubuski.ba\/index.php\/wp-json\/wp\/v2\/media\/131224"}],"wp:attachment":[{"href":"https:\/\/radioljubuski.ba\/index.php\/wp-json\/wp\/v2\/media?parent=131223"}],"wp:term":[{"taxonomy":"category","embeddable":true,"href":"https:\/\/radioljubuski.ba\/index.php\/wp-json\/wp\/v2\/categories?post=131223"},{"taxonomy":"post_tag","embeddable":true,"href":"https:\/\/radioljubuski.ba\/index.php\/wp-json\/wp\/v2\/tags?post=131223"}],"curies":[{"name":"wp","href":"https:\/\/api.w.org\/{rel}","templated":true}]}}