{"id":131226,"date":"2022-04-11T00:25:00","date_gmt":"2022-04-10T23:25:00","guid":{"rendered":"https:\/\/radioljubuski.ba\/?p=131226"},"modified":"2022-04-11T00:25:01","modified_gmt":"2022-04-10T23:25:01","slug":"ove-godine-nece-biti-komemoracije-na-bleiburgu-zasto-je-ona-hrvatima-vazna","status":"publish","type":"post","link":"https:\/\/radioljubuski.ba\/index.php\/2022\/04\/11\/ove-godine-nece-biti-komemoracije-na-bleiburgu-zasto-je-ona-hrvatima-vazna\/","title":{"rendered":"Ove godine ne\u0107e biti komemoracije na Bleiburgu: Za\u0161to je ona Hrvatima va\u017ena?"},"content":{"rendered":"\n<p>Ovog je tjedna hrvatsku javnost neugodno iznenadila vijest da se ovogodi\u0161nja slu\u017ebena komemoracija \u017ertava Bleiburga i kri\u017enih putova \u2013 ne\u0107e odr\u017eati na Bleiburgu.<\/p>\n\n\n\n<p>Saznali smo to u petak kada je, nakon sastanka predsjednika Hrvatskog sabora Gordana Jandrokovi\u0107a i predstavnika Po\u010dasnog bleibur\u0161kog voda i HBK priop\u0107eno da \u0107e se sredi\u0161nja komemoracija odr\u017eati na zagreba\u010dkom Mirogoju i u Sveti\u0161tu hrvatskih mu\u010denika na Udbini.<\/p>\n\n\n\n<p>Na Blajbur\u0161kom polju ne\u0107e biti programa, osim \u0161to \u0107e hrvatski veleposlanik ondje polo\u017eiti vijenac.<\/p>\n\n\n\n<p>Posljedica je to, o\u010dito, odluke austrijskih vlasti. Jo\u0161 19. o\u017eujka Ve\u010dernji list javio je kako je odbor za unutarnje poslove austrijskog parlamenta odlu\u010dio zatra\u017eiti od ministra unutarnjih poslova da zabrani okupljanje u Bleiburgu.<\/p>\n\n\n\n<h3 class=\"wp-block-heading\"><strong>Poku\u0161aji u\u0161utkavanja svakog spomena ovih zlo\u010dina<\/strong><\/h3>\n\n\n\n<p>Potpunu nevjericu izaziva \u010dinjenica da netko poku\u0161ava zabraniti pravo na komemoraciju \u017ertava pokolja koje su bez suda pogubljene nakon zavr\u0161etka II. svjetskog rata. Ipak, to nas podsje\u0107a da jo\u0161 uvijek ima onih koji poku\u0161avaju u\u0161utkati svaki spomen o ovim zlo\u010dinima te sve osobe koji odaju po\u010dast stradalima \u2013 proglasiti \u201cfa\u0161istima\u201d.<\/p>\n\n\n\n<p>Guverner austrijske pokrajine Koru\u0161ke Peter Kaiser iz austrijske socijaldemokratske stranke (SP\u00d6) rekao je o Bleiburgu:<\/p>\n\n\n\n<p>\u201cBilo je krajnje vrijeme da Ministarstvo unutarnjih poslova udovolji zahtjevu za zabranu sukladno Zakonu o skup\u0161tini. Austrija ima posebno osjetljivu politi\u010dku zada\u0107u koju mora izvr\u0161iti zbog zajedni\u010dke odgovornosti za najmra\u010dnije poglavlje na\u0161e povijesti, tijekom zlo\u010dina nacionalsocijalizma i treba se suprotstaviti svakoj naznaci fa\u0161izma\u201d.<\/p>\n\n\n\n<p>Nejasno je kakav mo\u017ee biti motiv da se skup gdje se okupljeni prisje\u0107aju \u017ertava i mole za njih uop\u0107e pove\u017ee s fa\u0161izmom. No, takav udarac na \u017ertve i njihove najmilije ne dolazi samo od austrijske politike. U hrvatskom dru\u0161tvu jo\u0161 uvijek su vrlo sna\u017eni glasovi koji ne \u017eele osuditi, \u0161tovi\u0161e, opravdavaju poslijeratne komunisti\u010dke zlo\u010dine.<\/p>\n\n\n\n<h3 class=\"wp-block-heading\"><strong>Dr. sc. Vukeli\u0107: \u0160to radi hrvatska diplomacija?<\/strong><\/h3>\n\n\n\n<p>\u201cGotovo u ti\u0161ini opet Bleiburg pade!\u201d, upozorava povjesni\u010darka dr. sc. Vlatka Vukeli\u0107, nakon \u0161to je austrijski parlament zatra\u017eio zabranu okupljanja na Bleiburgu, te se ovogodi\u0161nja komemoracija Bleibur\u0161kih \u017ertava odr\u017eava na Mirogoju i Udbini.<\/p>\n\n\n\n<p>\u201cOvoga je puta izgovor neka globalisti\u010dka besmislica koja se navodno dogodila na razini odluka austrijskog parlamenta. Jo\u0161 je besmislenije to \u0161to se komemorativno okupljanje na Bleiburgu prikazalo kao \u2018politi\u010dko okupljanje\u2019, potpuno negirav\u0161i \u010dinjenicu ne samo pokolja cijelog jednog naroda koji je tamo simboli\u010dki zapo\u010deo, nego i op\u0107e dehumanizacije i progona koji je od tada, pa idu\u0107ih 50 godina bio u tijeku. (\u2026)\u201d, podsje\u0107a dr. sc. Vukeli\u0107.<\/p>\n\n\n\n<p>\u201c\u0160to po ovom pitanju radi hrvatska diplomacija? Ne, nije u redu samo \u2018prebaciti\u2019 komemoriranje negdje drugdje. Komemoriranje ima cjelovit smisao u koliko su svi simboli, sve \u010dinjenice i sve emocije povezani u cjelinu. (\u2026) Okupljeni na Bleiburgu zorna su slika masovnog uni\u0161tenja, a to je valjda ne\u0161to \u0161to je potomcima, ali i sljedbenicima nekih novih globalisti\u010dkih re\u017eima nepodno\u0161ljivo.\u201d \u2013 istaknula je nedavno povjesni\u010darka dr. sc. Vlatka Vukeli\u0107.<\/p>\n\n\n\n<h3 class=\"wp-block-heading\"><strong>\u0160to se dogodilo na Bleiburgu u svibnju 1945.?<\/strong><\/h3>\n\n\n\n<p>Obilje\u017eavanje tragedije Bleiburga i kri\u017enih puteva Hrvatima je iznimno va\u017eno. Stoga ovom prilikom podsje\u0107amo na zlo\u010dine koji su se doga\u0111ali na Bleiburgu i diljem Slovenije, Hrvatske, Bosne i Hercegovine\u2026<\/p>\n\n\n\n<h6 class=\"wp-block-heading\"><strong>O doga\u0111ajima na Bleiburgu za Narod.hr razgovarali smo 2020. s povjesni\u010darem dr. sc. Mariom Jarebom. Iz intervjua izdvajamo odre\u0111ene dijelove.<\/strong><\/h6>\n\n\n\n<p><strong>Dr. sc. Mario Jareb<\/strong>: Danas je razmjerno dobro poznato \u0161to se je 15. svibnja 1945. dogodilo na bleibur\u0161kom polju. Jedna od kolona pripadnika Hrvatskih oru\u017eanih snaga (HOS) i hrvatskih civila te manji broj pripadnika Crnogorske narodne vojske (nekada\u0161nji \u010detnici Pavla \u0110uri\u0161i\u0107a) je u svojem povla\u010denju do\u0161ao do toga mjesta uz dana\u0161nju slovensko-austrijsku granicu, gdje su im daljnje povla\u010denje zaprije\u010dili Britanci iz 38. (irske) pje\u0161a\u010dke brigade. U pregovorima koje su vodili s brigadirom Thomasom Scottom iz spomenute britanske postrojbe predstavnici HOS-a tra\u017eili su predaju vojnika i izbjeglica Britancima, no ovi su ih uputili da se moraju predati pripadnicima Jugoslavenske armije koja je u me\u0111uvremenu opkolila bleibur\u0161ko polje.<\/p>\n\n\n\n<p>To se je naposljetku i dogodilo, a tada su pale i prve \u017ertve uslijed kra\u0107eg mitraljiranja izbjeglica od strane jugoslavenskih snaga. Zarobljenici i civili su upu\u0107eni prema granici, da bi po njezinu prijelazu jugoslavenski stra\u017eari po\u010deli s masovnim maltretiranjem, mu\u010denjem i ubojstvima. Predaja u Bleiburgu je stvarno i simboli\u010dki po\u010detak i ishodi\u0161te onoga \u0161to danas poznajemo pod nazivom Bleiburg i Kri\u017eni put. Spomenuta kolona bila je tek jedna od kolona hrvatskih izbjeglica (vojnika i civila) koja je u svibnju 1945. do\u0161la do podru\u010dja dana\u0161nje Austrije, odakle su Britanci izru\u010dili mnoge od njih jugoslavenskim vlastima. Oni su to \u010dinili uz izliku da \u0107e jugoslavenske vlasti po\u0161tovati me\u0111unarodne konvencije o zarobljenicima i dobro s njima postupati, no 31. svibnja su zbog brojnih izvje\u0161\u0107a o ubijanjima prestali s izru\u010denjima.<\/p>\n\n\n\n<h4 class=\"wp-block-heading\"><strong>Narod.hr: Koliko je bilo \u017ertava Bleiburga?<\/strong><\/h4>\n\n\n\n<p><strong>Dr. sc. Mario Jareb<\/strong>: Ni do danas se ne mo\u017ee govoriti o preciznim i potpuno utemeljenim brojevima \u017ertava Bleiburga i Kri\u017enoga puta. Sigurno je da je u najmanju ruku rije\u010d o desetcima tisu\u0107a \u017ertava, pri \u010demu treba imati u vidu da je prema dobro utemeljenim istra\u017eivanjima slovenske Komisije za prikrivena grobi\u0161ta samo u Teznom pored Maribora u nekih tjedan dana u svibnju 1945. ubijeno najmanje 15.000 zarobljenika, a vjerojatno i vi\u0161e. Dodaju li se tome vi\u0161e ili manje istra\u017eene masovne grobnice (u Sloveniji se zna za njih ili je istra\u017eeno gotovo 600 takvih grobnica) poput onih u Ko\u010devskom Rogu te Hudoj Jami, broj \u017ertava je o\u010dito bio zastra\u0161uju\u0107e visok.<\/p>\n\n\n\n<p>Tome treba nadodati da brojne masovne grobnice u Hrvatskoj nisu ni pribli\u017eno istra\u017eene kao one u Sloveniji, a rije\u010d je o stotinama mjesta. Pritom treba podsjetiti na tisu\u0107e \u017ertava Macelja te stotina \u017ertava jame Jazovke kao mjesta koja su bar djelomice istra\u017eena. Prema procjenama spomenute slovenske komisije iz 2010. godine u navedenom broju grobnica u Sloveniji le\u017ee ostatci najmanje 100.000 \u017ertava. Pritom su me\u0111u \u017ertvama bili ne samo pripadnici HOS-a i hrvatski civili koji nedvojbeno \u010dine najve\u0107i dio \u017ertava, nego i slovenski domobrani (procjene govore o nekih 14.000 slovenskih \u017ertava), pripadnici srpskih snaga (\u010detnici, nedi\u0107evci, ljoti\u0107evci), Crnogorci i Nijemci.<\/p>\n\n\n\n<h4 class=\"wp-block-heading\"><em>Narod.hr: Kada govorimo o odgovornosti britanske vojske za doga\u0111aje na Bleiburgu, koliko bi se nju moglo utvrditi istra\u017eivanjem britanskih arhiva? Prije dosta godina naletjela sam na informaciju da \u0107e upravo 2020. javnosti postati dostupni odre\u0111eni britanski arhivi koji su vezani uz Bleiburg. Znate li ne\u0161to o tome?<\/em><\/h4>\n\n\n\n<p><strong>Dr. sc. Mario Jareb<\/strong>: Odgovornost onih snaga koje su do\u010dekale hrvatsku izbjegli\u010dku kolonu je poznata i tome se u literaturi mo\u017ee dosta pro\u010ditati. \u010cinjenica jest da su snage Jugoslavenske armije tada Britancima bile saveznici, pa u njihovome \u010dinu ne treba odmah gledati namjeru \u010dinjenja \u0161tete hrvatskim ali i mnogim drugim izbjeglicama. Kada su Saveznici spoznali \u0161to \u010dine jugoslavenski komunisti prestali su sa izru\u010denjima. Tragi\u010dno je dakako to \u0161to im je za dolazak do te spoznaje trebalo dosta vremena.<\/p>\n\n\n\n<p>\u010cuo sam i sam za tu informaciju, 2020. istje\u010de onaj duga\u010dak rok od 75 godina od nastanka nekih kategorija gradiva. Iako se nadam zanimljivim otkri\u0107ima ne vjerujem da \u0107e se nakon brojnih istra\u017eivanja i izvora koji su nad do sada bili dostupni otkriti ne\u0161to \u0161to bi zna\u010dajnije promijenilo dana\u0161nje spoznaje o toj problematici. Glavna istra\u017eivanja, i to ona forenzi\u010dka, tek nas \u010dekaju ovdje u Hrvatskoj nakon \u0161to su Slovenci ve\u0107 napravili ogroman posao u posljednja tri desetlje\u0107a. Prisjetimo se pritom samo Teznog i Barbarinog Rova.<\/p>\n\n\n\n<h3 class=\"wp-block-heading\"><strong>Dr. sc. \u0160terc o Bleiburgu i kri\u017enim putevima: \u2018Popis stanovni\u0161tva 1948. pokazuje gubitke od 639 000 osoba\u2019<\/strong><\/h3>\n\n\n\n<p>Demograf dr. sc. Stjepan \u0160terc u&nbsp;<a href=\"https:\/\/narod.hr\/hrvatska\/stjepan-sterc-o-bleiburgu-i-kriznim-putevima-popis-stanovnistva-1948-pokazuje-gubitke-od-639-000-osoba\">intervjuu<\/a>&nbsp;za Narod.hr je govorio o gubicima u stanovni\u0161tvu prouzrokovanim Bleiburgom i kri\u017enim putovima, kao i op\u0107enito o posljedicama Drugog svjetskog rata na stanovni\u0161tvo Hrvatske.<\/p>\n\n\n\n<p>Podsje\u0107amo na najva\u017enije poruke koje je istaknuo u intervjuu.<\/p>\n\n\n\n<h6 class=\"wp-block-heading\"><strong>O gubicima u stanovni\u0161tvu Hrvatske nakon Drugog svjetskog rata:<\/strong><\/h6>\n\n\n\n<p>\u201eHrvatska je obzirom na rezultate popisa stanovni\u0161tva 1921. i 1931. godine, pokazatelje prirodnog kretanja u razdoblju i odnosne trendove u popisu stanovni\u0161tva 1948. godine trebala imati ukupno 4,424 455 stanovnika, a da je imala trendove kao npr. Srbija imala bi \u010dak 4,686.393 stanovnika.\u201c \u2013 navodi dr. sc. \u0160terc. Zatim dodaje da je prema popisu stanovni\u0161tva iz 1948. Hrvatska imala \u010dak&nbsp;<strong>639 000 osoba manje<\/strong>&nbsp;od 4,424.455 stanovnika, koliko ih je mogla imati.<\/p>\n\n\n\n<p>\u201eSvatko mo\u017ee izvesti zaklju\u010dak gdje je nestala razlika prema 639.000 osoba koje nedostaju u popisu stanovni\u0161tva 1948. godine, koja populacija nedostaje s najve\u0107im udjelom i gdje se to dogodilo\u201d \u2013 isti\u010de dr. sc. \u0160terc.<\/p>\n\n\n\n<h6 class=\"wp-block-heading\"><strong>O pojavi da i danas neke osobe u javnom \u017eivotu negiraju utvr\u0111ene povijesne \u010dinjenice o Bleiburgu i kri\u017enim putevima:<\/strong><\/h6>\n\n\n\n<p>\u201cNegacija masovnih egzekucija dodatno potvr\u0111uje neure\u0111enost i podijeljenost hrvatskog dru\u0161tva, nasljednost upravljanja Hrvatskom, neokomunisti\u010dku dogmati\u010dnost spram pro\u0161losti i jednosmjernost tuma\u010denja u kojoj ne vrijedi europski modernizam, a sve to predstavlja razvojnu ko\u010dnicu i potisni faktor iseljavanja. Dominacija u javnom \u017eivotu Hrvatske nasljednih generacija zato nastoji Hrvatsku prikazati najgorom mogu\u0107om zemljom, vje\u010dno odgovornom za sve \u0161to se doga\u0111alo na ovim prostorima u pro\u0161losti pa i za uspje\u0161nost obrane od izravne vojne srbijanske agresije.\u201d \u2013 poru\u010dio je dr. sc. Stjepan \u0160terc.<\/p>\n\n\n\n<p><em>Izvor: narod.hr<\/em><\/p>\n","protected":false},"excerpt":{"rendered":"<p>Ovog je tjedna hrvatsku javnost neugodno iznenadila vijest da se ovogodi\u0161nja slu\u017ebena komemoracija \u017ertava Bleiburga i kri\u017enih putova \u2013 ne\u0107e odr\u017eati na Bleiburgu. Saznali smo to u petak kada je, nakon sastanka predsjednika Hrvatskog sabora Gordana Jandrokovi\u0107a i predstavnika Po\u010dasnog bleibur\u0161kog voda i HBK priop\u0107eno da \u0107e se sredi\u0161nja komemoracija odr\u017eati na zagreba\u010dkom Mirogoju i [&hellip;]<\/p>\n","protected":false},"author":2,"featured_media":131227,"comment_status":"closed","ping_status":"closed","sticky":false,"template":"","format":"standard","meta":{"h5ap_radio_sources":[],"footnotes":""},"categories":[1],"tags":[],"class_list":["post-131226","post","type-post","status-publish","format-standard","has-post-thumbnail","hentry","category-bihiregija"],"yoast_head":"<!-- This site is optimized with the Yoast SEO plugin v27.5 - https:\/\/yoast.com\/product\/yoast-seo-wordpress\/ -->\n<title>Ove godine ne\u0107e biti komemoracije na Bleiburgu: Za\u0161to je ona Hrvatima va\u017ena? - RADIO LJUBU\u0160KI<\/title>\n<meta name=\"robots\" content=\"index, follow, max-snippet:-1, max-image-preview:large, max-video-preview:-1\" \/>\n<link rel=\"canonical\" href=\"https:\/\/radioljubuski.ba\/index.php\/2022\/04\/11\/ove-godine-nece-biti-komemoracije-na-bleiburgu-zasto-je-ona-hrvatima-vazna\/\" \/>\n<meta property=\"og:locale\" content=\"hr_HR\" \/>\n<meta property=\"og:type\" content=\"article\" \/>\n<meta property=\"og:title\" content=\"Ove godine ne\u0107e biti komemoracije na Bleiburgu: Za\u0161to je ona Hrvatima va\u017ena? - RADIO LJUBU\u0160KI\" \/>\n<meta property=\"og:description\" content=\"Ovog je tjedna hrvatsku javnost neugodno iznenadila vijest da se ovogodi\u0161nja slu\u017ebena komemoracija \u017ertava Bleiburga i kri\u017enih putova \u2013 ne\u0107e odr\u017eati na Bleiburgu. Saznali smo to u petak kada je, nakon sastanka predsjednika Hrvatskog sabora Gordana Jandrokovi\u0107a i predstavnika Po\u010dasnog bleibur\u0161kog voda i HBK priop\u0107eno da \u0107e se sredi\u0161nja komemoracija odr\u017eati na zagreba\u010dkom Mirogoju i [&hellip;]\" \/>\n<meta property=\"og:url\" content=\"https:\/\/radioljubuski.ba\/index.php\/2022\/04\/11\/ove-godine-nece-biti-komemoracije-na-bleiburgu-zasto-je-ona-hrvatima-vazna\/\" \/>\n<meta property=\"og:site_name\" content=\"RADIO LJUBU\u0160KI\" \/>\n<meta property=\"article:publisher\" content=\"https:\/\/www.facebook.com\/Radiio-Ljubuski-1490835324566332\" \/>\n<meta property=\"article:published_time\" content=\"2022-04-10T23:25:00+00:00\" \/>\n<meta property=\"article:modified_time\" content=\"2022-04-10T23:25:01+00:00\" \/>\n<meta property=\"og:image\" content=\"https:\/\/radioljubuski.ba\/wp-content\/uploads\/2022\/04\/HN20190518141131-1-696x451-1.jpg\" \/>\n\t<meta property=\"og:image:width\" content=\"696\" \/>\n\t<meta property=\"og:image:height\" content=\"451\" \/>\n\t<meta property=\"og:image:type\" content=\"image\/jpeg\" \/>\n<meta name=\"author\" content=\"Radio Ljubu\u0161ki\" \/>\n<meta name=\"twitter:card\" content=\"summary_large_image\" \/>\n<meta name=\"twitter:creator\" content=\"@radioljubuski\" \/>\n<meta name=\"twitter:site\" content=\"@radioljubuski\" \/>\n<meta name=\"twitter:label1\" content=\"Napisao\/la\" \/>\n\t<meta name=\"twitter:data1\" content=\"Radio Ljubu\u0161ki\" \/>\n\t<meta name=\"twitter:label2\" content=\"Procijenjeno vrijeme \u010ditanja\" \/>\n\t<meta name=\"twitter:data2\" content=\"7 minuta\" \/>\n<script type=\"application\/ld+json\" class=\"yoast-schema-graph\">{\"@context\":\"https:\\\/\\\/schema.org\",\"@graph\":[{\"@type\":\"Article\",\"@id\":\"https:\\\/\\\/radioljubuski.ba\\\/index.php\\\/2022\\\/04\\\/11\\\/ove-godine-nece-biti-komemoracije-na-bleiburgu-zasto-je-ona-hrvatima-vazna\\\/#article\",\"isPartOf\":{\"@id\":\"https:\\\/\\\/radioljubuski.ba\\\/index.php\\\/2022\\\/04\\\/11\\\/ove-godine-nece-biti-komemoracije-na-bleiburgu-zasto-je-ona-hrvatima-vazna\\\/\"},\"author\":{\"name\":\"Radio Ljubu\u0161ki\",\"@id\":\"https:\\\/\\\/radioljubuski.ba\\\/#\\\/schema\\\/person\\\/19fc700381a780f69665d7956c469e3b\"},\"headline\":\"Ove godine ne\u0107e biti komemoracije na Bleiburgu: Za\u0161to je ona Hrvatima va\u017ena?\",\"datePublished\":\"2022-04-10T23:25:00+00:00\",\"dateModified\":\"2022-04-10T23:25:01+00:00\",\"mainEntityOfPage\":{\"@id\":\"https:\\\/\\\/radioljubuski.ba\\\/index.php\\\/2022\\\/04\\\/11\\\/ove-godine-nece-biti-komemoracije-na-bleiburgu-zasto-je-ona-hrvatima-vazna\\\/\"},\"wordCount\":1606,\"publisher\":{\"@id\":\"https:\\\/\\\/radioljubuski.ba\\\/#organization\"},\"image\":{\"@id\":\"https:\\\/\\\/radioljubuski.ba\\\/index.php\\\/2022\\\/04\\\/11\\\/ove-godine-nece-biti-komemoracije-na-bleiburgu-zasto-je-ona-hrvatima-vazna\\\/#primaryimage\"},\"thumbnailUrl\":\"https:\\\/\\\/radioljubuski.ba\\\/wp-content\\\/uploads\\\/2022\\\/04\\\/HN20190518141131-1-696x451-1.jpg\",\"articleSection\":[\"BIH i regija\"],\"inLanguage\":\"hr\"},{\"@type\":\"WebPage\",\"@id\":\"https:\\\/\\\/radioljubuski.ba\\\/index.php\\\/2022\\\/04\\\/11\\\/ove-godine-nece-biti-komemoracije-na-bleiburgu-zasto-je-ona-hrvatima-vazna\\\/\",\"url\":\"https:\\\/\\\/radioljubuski.ba\\\/index.php\\\/2022\\\/04\\\/11\\\/ove-godine-nece-biti-komemoracije-na-bleiburgu-zasto-je-ona-hrvatima-vazna\\\/\",\"name\":\"Ove godine ne\u0107e biti komemoracije na Bleiburgu: Za\u0161to je ona Hrvatima va\u017ena? - RADIO LJUBU\u0160KI\",\"isPartOf\":{\"@id\":\"https:\\\/\\\/radioljubuski.ba\\\/#website\"},\"primaryImageOfPage\":{\"@id\":\"https:\\\/\\\/radioljubuski.ba\\\/index.php\\\/2022\\\/04\\\/11\\\/ove-godine-nece-biti-komemoracije-na-bleiburgu-zasto-je-ona-hrvatima-vazna\\\/#primaryimage\"},\"image\":{\"@id\":\"https:\\\/\\\/radioljubuski.ba\\\/index.php\\\/2022\\\/04\\\/11\\\/ove-godine-nece-biti-komemoracije-na-bleiburgu-zasto-je-ona-hrvatima-vazna\\\/#primaryimage\"},\"thumbnailUrl\":\"https:\\\/\\\/radioljubuski.ba\\\/wp-content\\\/uploads\\\/2022\\\/04\\\/HN20190518141131-1-696x451-1.jpg\",\"datePublished\":\"2022-04-10T23:25:00+00:00\",\"dateModified\":\"2022-04-10T23:25:01+00:00\",\"breadcrumb\":{\"@id\":\"https:\\\/\\\/radioljubuski.ba\\\/index.php\\\/2022\\\/04\\\/11\\\/ove-godine-nece-biti-komemoracije-na-bleiburgu-zasto-je-ona-hrvatima-vazna\\\/#breadcrumb\"},\"inLanguage\":\"hr\",\"potentialAction\":[{\"@type\":\"ReadAction\",\"target\":[\"https:\\\/\\\/radioljubuski.ba\\\/index.php\\\/2022\\\/04\\\/11\\\/ove-godine-nece-biti-komemoracije-na-bleiburgu-zasto-je-ona-hrvatima-vazna\\\/\"]}]},{\"@type\":\"ImageObject\",\"inLanguage\":\"hr\",\"@id\":\"https:\\\/\\\/radioljubuski.ba\\\/index.php\\\/2022\\\/04\\\/11\\\/ove-godine-nece-biti-komemoracije-na-bleiburgu-zasto-je-ona-hrvatima-vazna\\\/#primaryimage\",\"url\":\"https:\\\/\\\/radioljubuski.ba\\\/wp-content\\\/uploads\\\/2022\\\/04\\\/HN20190518141131-1-696x451-1.jpg\",\"contentUrl\":\"https:\\\/\\\/radioljubuski.ba\\\/wp-content\\\/uploads\\\/2022\\\/04\\\/HN20190518141131-1-696x451-1.jpg\",\"width\":696,\"height\":451},{\"@type\":\"BreadcrumbList\",\"@id\":\"https:\\\/\\\/radioljubuski.ba\\\/index.php\\\/2022\\\/04\\\/11\\\/ove-godine-nece-biti-komemoracije-na-bleiburgu-zasto-je-ona-hrvatima-vazna\\\/#breadcrumb\",\"itemListElement\":[{\"@type\":\"ListItem\",\"position\":1,\"name\":\"Po\u010detna stranica\",\"item\":\"https:\\\/\\\/radioljubuski.ba\\\/\"},{\"@type\":\"ListItem\",\"position\":2,\"name\":\"Ove godine ne\u0107e biti komemoracije na Bleiburgu: Za\u0161to je ona Hrvatima va\u017ena?\"}]},{\"@type\":\"WebSite\",\"@id\":\"https:\\\/\\\/radioljubuski.ba\\\/#website\",\"url\":\"https:\\\/\\\/radioljubuski.ba\\\/\",\"name\":\"Radio Ljubu\u0161ki\",\"description\":\"Sun\u010dana frekvencija Hercegovine\",\"publisher\":{\"@id\":\"https:\\\/\\\/radioljubuski.ba\\\/#organization\"},\"potentialAction\":[{\"@type\":\"SearchAction\",\"target\":{\"@type\":\"EntryPoint\",\"urlTemplate\":\"https:\\\/\\\/radioljubuski.ba\\\/?s={search_term_string}\"},\"query-input\":{\"@type\":\"PropertyValueSpecification\",\"valueRequired\":true,\"valueName\":\"search_term_string\"}}],\"inLanguage\":\"hr\"},{\"@type\":\"Organization\",\"@id\":\"https:\\\/\\\/radioljubuski.ba\\\/#organization\",\"name\":\"Radio Ljubu\u0161ki\",\"url\":\"https:\\\/\\\/radioljubuski.ba\\\/\",\"logo\":{\"@type\":\"ImageObject\",\"inLanguage\":\"hr\",\"@id\":\"https:\\\/\\\/radioljubuski.ba\\\/#\\\/schema\\\/logo\\\/image\\\/\",\"url\":\"https:\\\/\\\/radioljubuski.ba\\\/wp-content\\\/uploads\\\/2021\\\/02\\\/cropped-Radio_Ljubuski_logo1.jpg\",\"contentUrl\":\"https:\\\/\\\/radioljubuski.ba\\\/wp-content\\\/uploads\\\/2021\\\/02\\\/cropped-Radio_Ljubuski_logo1.jpg\",\"width\":512,\"height\":512,\"caption\":\"Radio Ljubu\u0161ki\"},\"image\":{\"@id\":\"https:\\\/\\\/radioljubuski.ba\\\/#\\\/schema\\\/logo\\\/image\\\/\"},\"sameAs\":[\"https:\\\/\\\/www.facebook.com\\\/Radiio-Ljubuski-1490835324566332\",\"https:\\\/\\\/x.com\\\/radioljubuski\",\"https:\\\/\\\/hr.linkedin.com\\\/company\\\/radio-ljubuski\",\"https:\\\/\\\/www.youtube.com\\\/channel\\\/UCHYaeO_n0Db3tjNGudGpXyw\"]},{\"@type\":\"Person\",\"@id\":\"https:\\\/\\\/radioljubuski.ba\\\/#\\\/schema\\\/person\\\/19fc700381a780f69665d7956c469e3b\",\"name\":\"Radio Ljubu\u0161ki\"}]}<\/script>\n<!-- \/ Yoast SEO plugin. -->","yoast_head_json":{"title":"Ove godine ne\u0107e biti komemoracije na Bleiburgu: Za\u0161to je ona Hrvatima va\u017ena? - RADIO LJUBU\u0160KI","robots":{"index":"index","follow":"follow","max-snippet":"max-snippet:-1","max-image-preview":"max-image-preview:large","max-video-preview":"max-video-preview:-1"},"canonical":"https:\/\/radioljubuski.ba\/index.php\/2022\/04\/11\/ove-godine-nece-biti-komemoracije-na-bleiburgu-zasto-je-ona-hrvatima-vazna\/","og_locale":"hr_HR","og_type":"article","og_title":"Ove godine ne\u0107e biti komemoracije na Bleiburgu: Za\u0161to je ona Hrvatima va\u017ena? - RADIO LJUBU\u0160KI","og_description":"Ovog je tjedna hrvatsku javnost neugodno iznenadila vijest da se ovogodi\u0161nja slu\u017ebena komemoracija \u017ertava Bleiburga i kri\u017enih putova \u2013 ne\u0107e odr\u017eati na Bleiburgu. Saznali smo to u petak kada je, nakon sastanka predsjednika Hrvatskog sabora Gordana Jandrokovi\u0107a i predstavnika Po\u010dasnog bleibur\u0161kog voda i HBK priop\u0107eno da \u0107e se sredi\u0161nja komemoracija odr\u017eati na zagreba\u010dkom Mirogoju i [&hellip;]","og_url":"https:\/\/radioljubuski.ba\/index.php\/2022\/04\/11\/ove-godine-nece-biti-komemoracije-na-bleiburgu-zasto-je-ona-hrvatima-vazna\/","og_site_name":"RADIO LJUBU\u0160KI","article_publisher":"https:\/\/www.facebook.com\/Radiio-Ljubuski-1490835324566332","article_published_time":"2022-04-10T23:25:00+00:00","article_modified_time":"2022-04-10T23:25:01+00:00","og_image":[{"width":696,"height":451,"url":"https:\/\/radioljubuski.ba\/wp-content\/uploads\/2022\/04\/HN20190518141131-1-696x451-1.jpg","type":"image\/jpeg"}],"author":"Radio Ljubu\u0161ki","twitter_card":"summary_large_image","twitter_creator":"@radioljubuski","twitter_site":"@radioljubuski","twitter_misc":{"Napisao\/la":"Radio Ljubu\u0161ki","Procijenjeno vrijeme \u010ditanja":"7 minuta"},"schema":{"@context":"https:\/\/schema.org","@graph":[{"@type":"Article","@id":"https:\/\/radioljubuski.ba\/index.php\/2022\/04\/11\/ove-godine-nece-biti-komemoracije-na-bleiburgu-zasto-je-ona-hrvatima-vazna\/#article","isPartOf":{"@id":"https:\/\/radioljubuski.ba\/index.php\/2022\/04\/11\/ove-godine-nece-biti-komemoracije-na-bleiburgu-zasto-je-ona-hrvatima-vazna\/"},"author":{"name":"Radio Ljubu\u0161ki","@id":"https:\/\/radioljubuski.ba\/#\/schema\/person\/19fc700381a780f69665d7956c469e3b"},"headline":"Ove godine ne\u0107e biti komemoracije na Bleiburgu: Za\u0161to je ona Hrvatima va\u017ena?","datePublished":"2022-04-10T23:25:00+00:00","dateModified":"2022-04-10T23:25:01+00:00","mainEntityOfPage":{"@id":"https:\/\/radioljubuski.ba\/index.php\/2022\/04\/11\/ove-godine-nece-biti-komemoracije-na-bleiburgu-zasto-je-ona-hrvatima-vazna\/"},"wordCount":1606,"publisher":{"@id":"https:\/\/radioljubuski.ba\/#organization"},"image":{"@id":"https:\/\/radioljubuski.ba\/index.php\/2022\/04\/11\/ove-godine-nece-biti-komemoracije-na-bleiburgu-zasto-je-ona-hrvatima-vazna\/#primaryimage"},"thumbnailUrl":"https:\/\/radioljubuski.ba\/wp-content\/uploads\/2022\/04\/HN20190518141131-1-696x451-1.jpg","articleSection":["BIH i regija"],"inLanguage":"hr"},{"@type":"WebPage","@id":"https:\/\/radioljubuski.ba\/index.php\/2022\/04\/11\/ove-godine-nece-biti-komemoracije-na-bleiburgu-zasto-je-ona-hrvatima-vazna\/","url":"https:\/\/radioljubuski.ba\/index.php\/2022\/04\/11\/ove-godine-nece-biti-komemoracije-na-bleiburgu-zasto-je-ona-hrvatima-vazna\/","name":"Ove godine ne\u0107e biti komemoracije na Bleiburgu: Za\u0161to je ona Hrvatima va\u017ena? - RADIO LJUBU\u0160KI","isPartOf":{"@id":"https:\/\/radioljubuski.ba\/#website"},"primaryImageOfPage":{"@id":"https:\/\/radioljubuski.ba\/index.php\/2022\/04\/11\/ove-godine-nece-biti-komemoracije-na-bleiburgu-zasto-je-ona-hrvatima-vazna\/#primaryimage"},"image":{"@id":"https:\/\/radioljubuski.ba\/index.php\/2022\/04\/11\/ove-godine-nece-biti-komemoracije-na-bleiburgu-zasto-je-ona-hrvatima-vazna\/#primaryimage"},"thumbnailUrl":"https:\/\/radioljubuski.ba\/wp-content\/uploads\/2022\/04\/HN20190518141131-1-696x451-1.jpg","datePublished":"2022-04-10T23:25:00+00:00","dateModified":"2022-04-10T23:25:01+00:00","breadcrumb":{"@id":"https:\/\/radioljubuski.ba\/index.php\/2022\/04\/11\/ove-godine-nece-biti-komemoracije-na-bleiburgu-zasto-je-ona-hrvatima-vazna\/#breadcrumb"},"inLanguage":"hr","potentialAction":[{"@type":"ReadAction","target":["https:\/\/radioljubuski.ba\/index.php\/2022\/04\/11\/ove-godine-nece-biti-komemoracije-na-bleiburgu-zasto-je-ona-hrvatima-vazna\/"]}]},{"@type":"ImageObject","inLanguage":"hr","@id":"https:\/\/radioljubuski.ba\/index.php\/2022\/04\/11\/ove-godine-nece-biti-komemoracije-na-bleiburgu-zasto-je-ona-hrvatima-vazna\/#primaryimage","url":"https:\/\/radioljubuski.ba\/wp-content\/uploads\/2022\/04\/HN20190518141131-1-696x451-1.jpg","contentUrl":"https:\/\/radioljubuski.ba\/wp-content\/uploads\/2022\/04\/HN20190518141131-1-696x451-1.jpg","width":696,"height":451},{"@type":"BreadcrumbList","@id":"https:\/\/radioljubuski.ba\/index.php\/2022\/04\/11\/ove-godine-nece-biti-komemoracije-na-bleiburgu-zasto-je-ona-hrvatima-vazna\/#breadcrumb","itemListElement":[{"@type":"ListItem","position":1,"name":"Po\u010detna stranica","item":"https:\/\/radioljubuski.ba\/"},{"@type":"ListItem","position":2,"name":"Ove godine ne\u0107e biti komemoracije na Bleiburgu: Za\u0161to je ona Hrvatima va\u017ena?"}]},{"@type":"WebSite","@id":"https:\/\/radioljubuski.ba\/#website","url":"https:\/\/radioljubuski.ba\/","name":"Radio Ljubu\u0161ki","description":"Sun\u010dana frekvencija Hercegovine","publisher":{"@id":"https:\/\/radioljubuski.ba\/#organization"},"potentialAction":[{"@type":"SearchAction","target":{"@type":"EntryPoint","urlTemplate":"https:\/\/radioljubuski.ba\/?s={search_term_string}"},"query-input":{"@type":"PropertyValueSpecification","valueRequired":true,"valueName":"search_term_string"}}],"inLanguage":"hr"},{"@type":"Organization","@id":"https:\/\/radioljubuski.ba\/#organization","name":"Radio Ljubu\u0161ki","url":"https:\/\/radioljubuski.ba\/","logo":{"@type":"ImageObject","inLanguage":"hr","@id":"https:\/\/radioljubuski.ba\/#\/schema\/logo\/image\/","url":"https:\/\/radioljubuski.ba\/wp-content\/uploads\/2021\/02\/cropped-Radio_Ljubuski_logo1.jpg","contentUrl":"https:\/\/radioljubuski.ba\/wp-content\/uploads\/2021\/02\/cropped-Radio_Ljubuski_logo1.jpg","width":512,"height":512,"caption":"Radio Ljubu\u0161ki"},"image":{"@id":"https:\/\/radioljubuski.ba\/#\/schema\/logo\/image\/"},"sameAs":["https:\/\/www.facebook.com\/Radiio-Ljubuski-1490835324566332","https:\/\/x.com\/radioljubuski","https:\/\/hr.linkedin.com\/company\/radio-ljubuski","https:\/\/www.youtube.com\/channel\/UCHYaeO_n0Db3tjNGudGpXyw"]},{"@type":"Person","@id":"https:\/\/radioljubuski.ba\/#\/schema\/person\/19fc700381a780f69665d7956c469e3b","name":"Radio Ljubu\u0161ki"}]}},"_links":{"self":[{"href":"https:\/\/radioljubuski.ba\/index.php\/wp-json\/wp\/v2\/posts\/131226","targetHints":{"allow":["GET"]}}],"collection":[{"href":"https:\/\/radioljubuski.ba\/index.php\/wp-json\/wp\/v2\/posts"}],"about":[{"href":"https:\/\/radioljubuski.ba\/index.php\/wp-json\/wp\/v2\/types\/post"}],"author":[{"embeddable":true,"href":"https:\/\/radioljubuski.ba\/index.php\/wp-json\/wp\/v2\/users\/2"}],"replies":[{"embeddable":true,"href":"https:\/\/radioljubuski.ba\/index.php\/wp-json\/wp\/v2\/comments?post=131226"}],"version-history":[{"count":1,"href":"https:\/\/radioljubuski.ba\/index.php\/wp-json\/wp\/v2\/posts\/131226\/revisions"}],"predecessor-version":[{"id":131228,"href":"https:\/\/radioljubuski.ba\/index.php\/wp-json\/wp\/v2\/posts\/131226\/revisions\/131228"}],"wp:featuredmedia":[{"embeddable":true,"href":"https:\/\/radioljubuski.ba\/index.php\/wp-json\/wp\/v2\/media\/131227"}],"wp:attachment":[{"href":"https:\/\/radioljubuski.ba\/index.php\/wp-json\/wp\/v2\/media?parent=131226"}],"wp:term":[{"taxonomy":"category","embeddable":true,"href":"https:\/\/radioljubuski.ba\/index.php\/wp-json\/wp\/v2\/categories?post=131226"},{"taxonomy":"post_tag","embeddable":true,"href":"https:\/\/radioljubuski.ba\/index.php\/wp-json\/wp\/v2\/tags?post=131226"}],"curies":[{"name":"wp","href":"https:\/\/api.w.org\/{rel}","templated":true}]}}