{"id":131235,"date":"2022-04-11T00:30:45","date_gmt":"2022-04-10T23:30:45","guid":{"rendered":"https:\/\/radioljubuski.ba\/?p=131235"},"modified":"2022-04-11T00:30:47","modified_gmt":"2022-04-10T23:30:47","slug":"suci-vardaru-doslovno-nisu-dopustili-da-pobijedi","status":"publish","type":"post","link":"https:\/\/radioljubuski.ba\/index.php\/2022\/04\/11\/suci-vardaru-doslovno-nisu-dopustili-da-pobijedi\/","title":{"rendered":"Suci Vardaru doslovno nisu dopustili da pobijedi"},"content":{"rendered":"\n<p>Na ju\u010dera\u0161njoj utakmici druge lige Sjeverne Makedonije izme\u0111u Gostivara i Vardara vi\u0111ena je jedna od najve\u0107ih suda\u010dkih kra\u0111a u povijesti nogometa.&nbsp;<\/p>\n\n\n\n<p>Mediji u ovoj zemlji pi\u0161u o spornom penalu za Gostivar kojeg je dosudila suda\u010dka trojka na \u010delu sa Vlatkom Ilioskim, a ve\u0107u pa\u017enju je privuklo i dosu\u0111eno zale\u0111e u korist Gostivara.&nbsp;<\/p>\n\n\n\n<p>Jedan igra\u010d Gostivara je bio u svom \u0161esnaestercu zajedno sa golmanom, a nogometa\u0161 Vardara je krenuo sam na gol i gotovo sigurno bi postigao pogodak vrijedan tri boda.&nbsp;<\/p>\n\n\n\n<p>Do\u010dekalo ga je neugodno iznena\u0111enje, suda\u010dka zastavica je bila u zraku, dosu\u0111eno je zale\u0111e \u0161to je izazvalo revolt svih navija\u010da makedonskog kluba.&nbsp;<\/p>\n\n\n\n<p>Tako\u0111er, iz Vardara se \u017eale i na poni\u0161teni gol u prvom poluvremenu, a jedan od najiskusnijih u ekipi Dejan Bla\u017eevski nije mogao \u0161utjeti.&nbsp;<\/p>\n\n\n\n<p>-\u017delim da ulo\u017eim \u017ealbu predsjedniku Saveza i svima onima koji delegiraju suce. Morate paziti i gledati pa\u017eljivo \u0161to se doga\u0111a. Smije\u0161no je da najve\u0107i sportski brend u Sjevernoj Makedoniji do\u017eivljava ne\u0161to ovako. Svi pate, ne samo mi. \u010cestitke Gostivaru kao klubu, primili su nas kako treba, ali suci moraju paziti \u0161to rade. Nemamo ni\u0161ta od njihovog ka\u017enjavanja jer smo gotovo sigurno ostali bez plasmana u vi\u0161i rang, ne\u0161to drugo se mora poduzeti. Djeca u Sjevernoj Makedoniji koja gledaju ovo sigurno se ne \u017eele baviti nogometom, rekao je Bla\u017eevski.&nbsp;<\/p>\n\n\n\n<p>Vardar je tre\u0107i sa 43 boda, a drugo mjesto koje vodi u doigravanje zauzima Voska Sport sa osam bodova vi\u0161e. Sileks je vode\u0107i sa 56 bodova.\u00a0<\/p>\n\n\n\n<iframe loading=\"lazy\" title=\"Gostivar Vardar ponishten gol\" width=\"640\" height=\"480\" src=\"https:\/\/www.youtube.com\/embed\/Us52spHlvXc?feature=oembed\" frameborder=\"0\" allow=\"accelerometer; autoplay; clipboard-write; encrypted-media; gyroscope; picture-in-picture; web-share\" referrerpolicy=\"strict-origin-when-cross-origin\" allowfullscreen><\/iframe>\n\n\n\n<p>Izvor:pogled.ba<\/p>\n","protected":false},"excerpt":{"rendered":"<p>Na ju\u010dera\u0161njoj utakmici druge lige Sjeverne Makedonije izme\u0111u Gostivara i Vardara vi\u0111ena je jedna od najve\u0107ih suda\u010dkih kra\u0111a u povijesti nogometa.&nbsp; Mediji u ovoj zemlji pi\u0161u o spornom penalu za Gostivar kojeg je dosudila suda\u010dka trojka na \u010delu sa Vlatkom Ilioskim, a ve\u0107u pa\u017enju je privuklo i dosu\u0111eno zale\u0111e u korist Gostivara.&nbsp; Jedan igra\u010d Gostivara [&hellip;]<\/p>\n","protected":false},"author":2,"featured_media":131236,"comment_status":"closed","ping_status":"closed","sticky":false,"template":"","format":"standard","meta":{"h5ap_radio_sources":[],"footnotes":""},"categories":[7],"tags":[],"class_list":["post-131235","post","type-post","status-publish","format-standard","has-post-thumbnail","hentry","category-sport"],"yoast_head":"<!-- This site is optimized with the Yoast SEO plugin v27.5 - https:\/\/yoast.com\/product\/yoast-seo-wordpress\/ -->\n<title>Suci Vardaru doslovno nisu dopustili da pobijedi - RADIO LJUBU\u0160KI<\/title>\n<meta name=\"robots\" content=\"index, follow, max-snippet:-1, max-image-preview:large, max-video-preview:-1\" \/>\n<link rel=\"canonical\" href=\"https:\/\/radioljubuski.ba\/index.php\/2022\/04\/11\/suci-vardaru-doslovno-nisu-dopustili-da-pobijedi\/\" \/>\n<meta property=\"og:locale\" content=\"hr_HR\" \/>\n<meta property=\"og:type\" content=\"article\" \/>\n<meta property=\"og:title\" content=\"Suci Vardaru doslovno nisu dopustili da pobijedi - RADIO LJUBU\u0160KI\" \/>\n<meta property=\"og:description\" content=\"Na ju\u010dera\u0161njoj utakmici druge lige Sjeverne Makedonije izme\u0111u Gostivara i Vardara vi\u0111ena je jedna od najve\u0107ih suda\u010dkih kra\u0111a u povijesti nogometa.&nbsp; Mediji u ovoj zemlji pi\u0161u o spornom penalu za Gostivar kojeg je dosudila suda\u010dka trojka na \u010delu sa Vlatkom Ilioskim, a ve\u0107u pa\u017enju je privuklo i dosu\u0111eno zale\u0111e u korist Gostivara.&nbsp; Jedan igra\u010d Gostivara [&hellip;]\" \/>\n<meta property=\"og:url\" content=\"https:\/\/radioljubuski.ba\/index.php\/2022\/04\/11\/suci-vardaru-doslovno-nisu-dopustili-da-pobijedi\/\" \/>\n<meta property=\"og:site_name\" content=\"RADIO LJUBU\u0160KI\" \/>\n<meta property=\"article:publisher\" content=\"https:\/\/www.facebook.com\/Radiio-Ljubuski-1490835324566332\" \/>\n<meta property=\"article:published_time\" content=\"2022-04-10T23:30:45+00:00\" \/>\n<meta property=\"article:modified_time\" content=\"2022-04-10T23:30:47+00:00\" \/>\n<meta property=\"og:image\" content=\"https:\/\/radioljubuski.ba\/wp-content\/uploads\/2022\/04\/2-2022-04-10-16-18-40-nogomet.jpg\" \/>\n\t<meta property=\"og:image:width\" content=\"1000\" \/>\n\t<meta property=\"og:image:height\" content=\"625\" \/>\n\t<meta property=\"og:image:type\" content=\"image\/jpeg\" \/>\n<meta name=\"author\" content=\"Radio Ljubu\u0161ki\" \/>\n<meta name=\"twitter:card\" content=\"summary_large_image\" \/>\n<meta name=\"twitter:creator\" content=\"@radioljubuski\" \/>\n<meta name=\"twitter:site\" content=\"@radioljubuski\" \/>\n<meta name=\"twitter:label1\" content=\"Napisao\/la\" \/>\n\t<meta name=\"twitter:data1\" content=\"Radio Ljubu\u0161ki\" \/>\n\t<meta name=\"twitter:label2\" content=\"Procijenjeno vrijeme \u010ditanja\" \/>\n\t<meta name=\"twitter:data2\" content=\"2 minute\" \/>\n<script type=\"application\/ld+json\" class=\"yoast-schema-graph\">{\"@context\":\"https:\\\/\\\/schema.org\",\"@graph\":[{\"@type\":\"Article\",\"@id\":\"https:\\\/\\\/radioljubuski.ba\\\/index.php\\\/2022\\\/04\\\/11\\\/suci-vardaru-doslovno-nisu-dopustili-da-pobijedi\\\/#article\",\"isPartOf\":{\"@id\":\"https:\\\/\\\/radioljubuski.ba\\\/index.php\\\/2022\\\/04\\\/11\\\/suci-vardaru-doslovno-nisu-dopustili-da-pobijedi\\\/\"},\"author\":{\"name\":\"Radio Ljubu\u0161ki\",\"@id\":\"https:\\\/\\\/radioljubuski.ba\\\/#\\\/schema\\\/person\\\/19fc700381a780f69665d7956c469e3b\"},\"headline\":\"Suci Vardaru doslovno nisu dopustili da pobijedi\",\"datePublished\":\"2022-04-10T23:30:45+00:00\",\"dateModified\":\"2022-04-10T23:30:47+00:00\",\"mainEntityOfPage\":{\"@id\":\"https:\\\/\\\/radioljubuski.ba\\\/index.php\\\/2022\\\/04\\\/11\\\/suci-vardaru-doslovno-nisu-dopustili-da-pobijedi\\\/\"},\"wordCount\":299,\"publisher\":{\"@id\":\"https:\\\/\\\/radioljubuski.ba\\\/#organization\"},\"image\":{\"@id\":\"https:\\\/\\\/radioljubuski.ba\\\/index.php\\\/2022\\\/04\\\/11\\\/suci-vardaru-doslovno-nisu-dopustili-da-pobijedi\\\/#primaryimage\"},\"thumbnailUrl\":\"https:\\\/\\\/radioljubuski.ba\\\/wp-content\\\/uploads\\\/2022\\\/04\\\/2-2022-04-10-16-18-40-nogomet.jpg\",\"articleSection\":[\"\u0160port\"],\"inLanguage\":\"hr\"},{\"@type\":\"WebPage\",\"@id\":\"https:\\\/\\\/radioljubuski.ba\\\/index.php\\\/2022\\\/04\\\/11\\\/suci-vardaru-doslovno-nisu-dopustili-da-pobijedi\\\/\",\"url\":\"https:\\\/\\\/radioljubuski.ba\\\/index.php\\\/2022\\\/04\\\/11\\\/suci-vardaru-doslovno-nisu-dopustili-da-pobijedi\\\/\",\"name\":\"Suci Vardaru doslovno nisu dopustili da pobijedi - RADIO LJUBU\u0160KI\",\"isPartOf\":{\"@id\":\"https:\\\/\\\/radioljubuski.ba\\\/#website\"},\"primaryImageOfPage\":{\"@id\":\"https:\\\/\\\/radioljubuski.ba\\\/index.php\\\/2022\\\/04\\\/11\\\/suci-vardaru-doslovno-nisu-dopustili-da-pobijedi\\\/#primaryimage\"},\"image\":{\"@id\":\"https:\\\/\\\/radioljubuski.ba\\\/index.php\\\/2022\\\/04\\\/11\\\/suci-vardaru-doslovno-nisu-dopustili-da-pobijedi\\\/#primaryimage\"},\"thumbnailUrl\":\"https:\\\/\\\/radioljubuski.ba\\\/wp-content\\\/uploads\\\/2022\\\/04\\\/2-2022-04-10-16-18-40-nogomet.jpg\",\"datePublished\":\"2022-04-10T23:30:45+00:00\",\"dateModified\":\"2022-04-10T23:30:47+00:00\",\"breadcrumb\":{\"@id\":\"https:\\\/\\\/radioljubuski.ba\\\/index.php\\\/2022\\\/04\\\/11\\\/suci-vardaru-doslovno-nisu-dopustili-da-pobijedi\\\/#breadcrumb\"},\"inLanguage\":\"hr\",\"potentialAction\":[{\"@type\":\"ReadAction\",\"target\":[\"https:\\\/\\\/radioljubuski.ba\\\/index.php\\\/2022\\\/04\\\/11\\\/suci-vardaru-doslovno-nisu-dopustili-da-pobijedi\\\/\"]}]},{\"@type\":\"ImageObject\",\"inLanguage\":\"hr\",\"@id\":\"https:\\\/\\\/radioljubuski.ba\\\/index.php\\\/2022\\\/04\\\/11\\\/suci-vardaru-doslovno-nisu-dopustili-da-pobijedi\\\/#primaryimage\",\"url\":\"https:\\\/\\\/radioljubuski.ba\\\/wp-content\\\/uploads\\\/2022\\\/04\\\/2-2022-04-10-16-18-40-nogomet.jpg\",\"contentUrl\":\"https:\\\/\\\/radioljubuski.ba\\\/wp-content\\\/uploads\\\/2022\\\/04\\\/2-2022-04-10-16-18-40-nogomet.jpg\",\"width\":1000,\"height\":625},{\"@type\":\"BreadcrumbList\",\"@id\":\"https:\\\/\\\/radioljubuski.ba\\\/index.php\\\/2022\\\/04\\\/11\\\/suci-vardaru-doslovno-nisu-dopustili-da-pobijedi\\\/#breadcrumb\",\"itemListElement\":[{\"@type\":\"ListItem\",\"position\":1,\"name\":\"Po\u010detna stranica\",\"item\":\"https:\\\/\\\/radioljubuski.ba\\\/\"},{\"@type\":\"ListItem\",\"position\":2,\"name\":\"Suci Vardaru doslovno nisu dopustili da pobijedi\"}]},{\"@type\":\"WebSite\",\"@id\":\"https:\\\/\\\/radioljubuski.ba\\\/#website\",\"url\":\"https:\\\/\\\/radioljubuski.ba\\\/\",\"name\":\"Radio Ljubu\u0161ki\",\"description\":\"Sun\u010dana frekvencija Hercegovine\",\"publisher\":{\"@id\":\"https:\\\/\\\/radioljubuski.ba\\\/#organization\"},\"potentialAction\":[{\"@type\":\"SearchAction\",\"target\":{\"@type\":\"EntryPoint\",\"urlTemplate\":\"https:\\\/\\\/radioljubuski.ba\\\/?s={search_term_string}\"},\"query-input\":{\"@type\":\"PropertyValueSpecification\",\"valueRequired\":true,\"valueName\":\"search_term_string\"}}],\"inLanguage\":\"hr\"},{\"@type\":\"Organization\",\"@id\":\"https:\\\/\\\/radioljubuski.ba\\\/#organization\",\"name\":\"Radio Ljubu\u0161ki\",\"url\":\"https:\\\/\\\/radioljubuski.ba\\\/\",\"logo\":{\"@type\":\"ImageObject\",\"inLanguage\":\"hr\",\"@id\":\"https:\\\/\\\/radioljubuski.ba\\\/#\\\/schema\\\/logo\\\/image\\\/\",\"url\":\"https:\\\/\\\/radioljubuski.ba\\\/wp-content\\\/uploads\\\/2021\\\/02\\\/cropped-Radio_Ljubuski_logo1.jpg\",\"contentUrl\":\"https:\\\/\\\/radioljubuski.ba\\\/wp-content\\\/uploads\\\/2021\\\/02\\\/cropped-Radio_Ljubuski_logo1.jpg\",\"width\":512,\"height\":512,\"caption\":\"Radio Ljubu\u0161ki\"},\"image\":{\"@id\":\"https:\\\/\\\/radioljubuski.ba\\\/#\\\/schema\\\/logo\\\/image\\\/\"},\"sameAs\":[\"https:\\\/\\\/www.facebook.com\\\/Radiio-Ljubuski-1490835324566332\",\"https:\\\/\\\/x.com\\\/radioljubuski\",\"https:\\\/\\\/hr.linkedin.com\\\/company\\\/radio-ljubuski\",\"https:\\\/\\\/www.youtube.com\\\/channel\\\/UCHYaeO_n0Db3tjNGudGpXyw\"]},{\"@type\":\"Person\",\"@id\":\"https:\\\/\\\/radioljubuski.ba\\\/#\\\/schema\\\/person\\\/19fc700381a780f69665d7956c469e3b\",\"name\":\"Radio Ljubu\u0161ki\"}]}<\/script>\n<!-- \/ Yoast SEO plugin. -->","yoast_head_json":{"title":"Suci Vardaru doslovno nisu dopustili da pobijedi - RADIO LJUBU\u0160KI","robots":{"index":"index","follow":"follow","max-snippet":"max-snippet:-1","max-image-preview":"max-image-preview:large","max-video-preview":"max-video-preview:-1"},"canonical":"https:\/\/radioljubuski.ba\/index.php\/2022\/04\/11\/suci-vardaru-doslovno-nisu-dopustili-da-pobijedi\/","og_locale":"hr_HR","og_type":"article","og_title":"Suci Vardaru doslovno nisu dopustili da pobijedi - RADIO LJUBU\u0160KI","og_description":"Na ju\u010dera\u0161njoj utakmici druge lige Sjeverne Makedonije izme\u0111u Gostivara i Vardara vi\u0111ena je jedna od najve\u0107ih suda\u010dkih kra\u0111a u povijesti nogometa.&nbsp; Mediji u ovoj zemlji pi\u0161u o spornom penalu za Gostivar kojeg je dosudila suda\u010dka trojka na \u010delu sa Vlatkom Ilioskim, a ve\u0107u pa\u017enju je privuklo i dosu\u0111eno zale\u0111e u korist Gostivara.&nbsp; Jedan igra\u010d Gostivara [&hellip;]","og_url":"https:\/\/radioljubuski.ba\/index.php\/2022\/04\/11\/suci-vardaru-doslovno-nisu-dopustili-da-pobijedi\/","og_site_name":"RADIO LJUBU\u0160KI","article_publisher":"https:\/\/www.facebook.com\/Radiio-Ljubuski-1490835324566332","article_published_time":"2022-04-10T23:30:45+00:00","article_modified_time":"2022-04-10T23:30:47+00:00","og_image":[{"width":1000,"height":625,"url":"https:\/\/radioljubuski.ba\/wp-content\/uploads\/2022\/04\/2-2022-04-10-16-18-40-nogomet.jpg","type":"image\/jpeg"}],"author":"Radio Ljubu\u0161ki","twitter_card":"summary_large_image","twitter_creator":"@radioljubuski","twitter_site":"@radioljubuski","twitter_misc":{"Napisao\/la":"Radio Ljubu\u0161ki","Procijenjeno vrijeme \u010ditanja":"2 minute"},"schema":{"@context":"https:\/\/schema.org","@graph":[{"@type":"Article","@id":"https:\/\/radioljubuski.ba\/index.php\/2022\/04\/11\/suci-vardaru-doslovno-nisu-dopustili-da-pobijedi\/#article","isPartOf":{"@id":"https:\/\/radioljubuski.ba\/index.php\/2022\/04\/11\/suci-vardaru-doslovno-nisu-dopustili-da-pobijedi\/"},"author":{"name":"Radio Ljubu\u0161ki","@id":"https:\/\/radioljubuski.ba\/#\/schema\/person\/19fc700381a780f69665d7956c469e3b"},"headline":"Suci Vardaru doslovno nisu dopustili da pobijedi","datePublished":"2022-04-10T23:30:45+00:00","dateModified":"2022-04-10T23:30:47+00:00","mainEntityOfPage":{"@id":"https:\/\/radioljubuski.ba\/index.php\/2022\/04\/11\/suci-vardaru-doslovno-nisu-dopustili-da-pobijedi\/"},"wordCount":299,"publisher":{"@id":"https:\/\/radioljubuski.ba\/#organization"},"image":{"@id":"https:\/\/radioljubuski.ba\/index.php\/2022\/04\/11\/suci-vardaru-doslovno-nisu-dopustili-da-pobijedi\/#primaryimage"},"thumbnailUrl":"https:\/\/radioljubuski.ba\/wp-content\/uploads\/2022\/04\/2-2022-04-10-16-18-40-nogomet.jpg","articleSection":["\u0160port"],"inLanguage":"hr"},{"@type":"WebPage","@id":"https:\/\/radioljubuski.ba\/index.php\/2022\/04\/11\/suci-vardaru-doslovno-nisu-dopustili-da-pobijedi\/","url":"https:\/\/radioljubuski.ba\/index.php\/2022\/04\/11\/suci-vardaru-doslovno-nisu-dopustili-da-pobijedi\/","name":"Suci Vardaru doslovno nisu dopustili da pobijedi - RADIO LJUBU\u0160KI","isPartOf":{"@id":"https:\/\/radioljubuski.ba\/#website"},"primaryImageOfPage":{"@id":"https:\/\/radioljubuski.ba\/index.php\/2022\/04\/11\/suci-vardaru-doslovno-nisu-dopustili-da-pobijedi\/#primaryimage"},"image":{"@id":"https:\/\/radioljubuski.ba\/index.php\/2022\/04\/11\/suci-vardaru-doslovno-nisu-dopustili-da-pobijedi\/#primaryimage"},"thumbnailUrl":"https:\/\/radioljubuski.ba\/wp-content\/uploads\/2022\/04\/2-2022-04-10-16-18-40-nogomet.jpg","datePublished":"2022-04-10T23:30:45+00:00","dateModified":"2022-04-10T23:30:47+00:00","breadcrumb":{"@id":"https:\/\/radioljubuski.ba\/index.php\/2022\/04\/11\/suci-vardaru-doslovno-nisu-dopustili-da-pobijedi\/#breadcrumb"},"inLanguage":"hr","potentialAction":[{"@type":"ReadAction","target":["https:\/\/radioljubuski.ba\/index.php\/2022\/04\/11\/suci-vardaru-doslovno-nisu-dopustili-da-pobijedi\/"]}]},{"@type":"ImageObject","inLanguage":"hr","@id":"https:\/\/radioljubuski.ba\/index.php\/2022\/04\/11\/suci-vardaru-doslovno-nisu-dopustili-da-pobijedi\/#primaryimage","url":"https:\/\/radioljubuski.ba\/wp-content\/uploads\/2022\/04\/2-2022-04-10-16-18-40-nogomet.jpg","contentUrl":"https:\/\/radioljubuski.ba\/wp-content\/uploads\/2022\/04\/2-2022-04-10-16-18-40-nogomet.jpg","width":1000,"height":625},{"@type":"BreadcrumbList","@id":"https:\/\/radioljubuski.ba\/index.php\/2022\/04\/11\/suci-vardaru-doslovno-nisu-dopustili-da-pobijedi\/#breadcrumb","itemListElement":[{"@type":"ListItem","position":1,"name":"Po\u010detna stranica","item":"https:\/\/radioljubuski.ba\/"},{"@type":"ListItem","position":2,"name":"Suci Vardaru doslovno nisu dopustili da pobijedi"}]},{"@type":"WebSite","@id":"https:\/\/radioljubuski.ba\/#website","url":"https:\/\/radioljubuski.ba\/","name":"Radio Ljubu\u0161ki","description":"Sun\u010dana frekvencija Hercegovine","publisher":{"@id":"https:\/\/radioljubuski.ba\/#organization"},"potentialAction":[{"@type":"SearchAction","target":{"@type":"EntryPoint","urlTemplate":"https:\/\/radioljubuski.ba\/?s={search_term_string}"},"query-input":{"@type":"PropertyValueSpecification","valueRequired":true,"valueName":"search_term_string"}}],"inLanguage":"hr"},{"@type":"Organization","@id":"https:\/\/radioljubuski.ba\/#organization","name":"Radio Ljubu\u0161ki","url":"https:\/\/radioljubuski.ba\/","logo":{"@type":"ImageObject","inLanguage":"hr","@id":"https:\/\/radioljubuski.ba\/#\/schema\/logo\/image\/","url":"https:\/\/radioljubuski.ba\/wp-content\/uploads\/2021\/02\/cropped-Radio_Ljubuski_logo1.jpg","contentUrl":"https:\/\/radioljubuski.ba\/wp-content\/uploads\/2021\/02\/cropped-Radio_Ljubuski_logo1.jpg","width":512,"height":512,"caption":"Radio Ljubu\u0161ki"},"image":{"@id":"https:\/\/radioljubuski.ba\/#\/schema\/logo\/image\/"},"sameAs":["https:\/\/www.facebook.com\/Radiio-Ljubuski-1490835324566332","https:\/\/x.com\/radioljubuski","https:\/\/hr.linkedin.com\/company\/radio-ljubuski","https:\/\/www.youtube.com\/channel\/UCHYaeO_n0Db3tjNGudGpXyw"]},{"@type":"Person","@id":"https:\/\/radioljubuski.ba\/#\/schema\/person\/19fc700381a780f69665d7956c469e3b","name":"Radio Ljubu\u0161ki"}]}},"_links":{"self":[{"href":"https:\/\/radioljubuski.ba\/index.php\/wp-json\/wp\/v2\/posts\/131235","targetHints":{"allow":["GET"]}}],"collection":[{"href":"https:\/\/radioljubuski.ba\/index.php\/wp-json\/wp\/v2\/posts"}],"about":[{"href":"https:\/\/radioljubuski.ba\/index.php\/wp-json\/wp\/v2\/types\/post"}],"author":[{"embeddable":true,"href":"https:\/\/radioljubuski.ba\/index.php\/wp-json\/wp\/v2\/users\/2"}],"replies":[{"embeddable":true,"href":"https:\/\/radioljubuski.ba\/index.php\/wp-json\/wp\/v2\/comments?post=131235"}],"version-history":[{"count":1,"href":"https:\/\/radioljubuski.ba\/index.php\/wp-json\/wp\/v2\/posts\/131235\/revisions"}],"predecessor-version":[{"id":131237,"href":"https:\/\/radioljubuski.ba\/index.php\/wp-json\/wp\/v2\/posts\/131235\/revisions\/131237"}],"wp:featuredmedia":[{"embeddable":true,"href":"https:\/\/radioljubuski.ba\/index.php\/wp-json\/wp\/v2\/media\/131236"}],"wp:attachment":[{"href":"https:\/\/radioljubuski.ba\/index.php\/wp-json\/wp\/v2\/media?parent=131235"}],"wp:term":[{"taxonomy":"category","embeddable":true,"href":"https:\/\/radioljubuski.ba\/index.php\/wp-json\/wp\/v2\/categories?post=131235"},{"taxonomy":"post_tag","embeddable":true,"href":"https:\/\/radioljubuski.ba\/index.php\/wp-json\/wp\/v2\/tags?post=131235"}],"curies":[{"name":"wp","href":"https:\/\/api.w.org\/{rel}","templated":true}]}}