{"id":131246,"date":"2022-04-11T00:34:37","date_gmt":"2022-04-10T23:34:37","guid":{"rendered":"https:\/\/radioljubuski.ba\/?p=131246"},"modified":"2022-04-11T00:34:45","modified_gmt":"2022-04-10T23:34:45","slug":"hrvatski-maslinari-najavili-cijene-ulja-vise-za-50-posto","status":"publish","type":"post","link":"https:\/\/radioljubuski.ba\/index.php\/2022\/04\/11\/hrvatski-maslinari-najavili-cijene-ulja-vise-za-50-posto\/","title":{"rendered":"Hrvatski maslinari najavili: Cijene ulja vi\u0161e za 50 posto"},"content":{"rendered":"\n<p>I maslinari su suo\u010deni s velikim pove\u0107anjem tro\u0161kova u proizvodnji, pa \u0107e se vi\u0161e cijene osjetiti na berbi u listopadu, prenosi Slobodna Dalmacija.&nbsp;<\/p>\n\n\n\n<p>Zlatna kap ekstradjevi\u010danskog maslinovog ulja najcjenjenija je i najskuplja. Gurmani znaju i za\u0161to. &#8220;Za gotovo sve za\u010dinjavanje i kuhanje i pripremu, mariniranje i sli\u010dno koristimo maslinovo ulje tako da je to jedan od najva\u017enijih prehrambenih proizvoda u Dalmaciji i op\u0107enito na Mediteranu&#8221;, rekao je za RTL Spli\u0107anin Roko Botteri.&nbsp;<\/p>\n\n\n\n<p>Dok neki u njemu samo u\u017eivaju, oni koji ga proizvode sve te\u017ee plivaju u rastu\u0107im tro\u0161kovima. Ve\u0107 idu\u0107a berba skuplja je i do dvjesto posto. &#8220;Gnojivo, s nekih 200 kuna po vre\u0107i do\u0161lo je na 500 kuna, urea isto tako, s 80 kuna na 300 kuna.&nbsp;<\/p>\n\n\n\n<p>Tako\u0111er i s tim da ih i nema. Po\u010dele su ve\u0107 nesta\u0161ice mineralnih gnojiva&#8221;, rekao je maslinar Ivan Pensa. O\u010dekivano, rast \u0107e i cijena maslinovog ulja i do 50 posto. Najbolje ekstra djevi\u010dansko sad ko\u0161ta izme\u0111u 100 i 150 kuna po litri.&nbsp;<\/p>\n\n\n\n<p>&#8220;Enormno, ja ne znam kako \u0107e to biti dalje, \u0161to \u0107e se doga\u0111ati. Ho\u0107e li ljudi uop\u0107e mo\u0107 obra\u0111ivati i raditi jer ovo je nemogu\u0107e, ovo je strava i u\u017eas&#8221;, rekla je prodava\u010dica na tr\u017enici, Ivanka Barada.&nbsp;<\/p>\n\n\n\n<p>&#8220;Ja hvala Bogu \u017eivim na Lastovu i imam svoje ulje. Do sada smo prodavali, bar tako smo cijenili prema eurima, 10 eura, sigurno \u0107e sada biti preko 100 kuna&#8221;, ka\u017ee Marija s Lastova. Svaki segment proizvodnje je u ovoj godini skuplji i to \u0107e se odraziti na cijenu ulja. &#8220;Mo\u017eemo o\u010dekivati da \u0107e se reflektirati tek na sljede\u0107oj berbi, s obzirom na to da ovi svi tro\u0161kovi koji sada rastu oni su sad na neki na\u010din nama ulaganje u ovaj budu\u0107i rod u ovu berbu&#8221;, rekao je Pensa.&nbsp;<\/p>\n\n\n\n<p>&#8220;Cijena i staklene ambala\u017ee i sami uzgoj zna\u010di, sama agrotehnika koja se primjenjuje u masliniku sve je to i\u0161lo gore. Cijene su se digle tako \u0107emo se morati pomiriti s tim da \u0107emo skupo kupovati maslinovo ulje&#8221;, kazala je za RTL Mirela \u017daneti\u0107 s Instituta za jadranske kulture Split. Pomirili smo se sa svim i sva\u010dim, pa \u0107emo valjda i s litrom ekstradjevi\u010danskog, \u010dija \u0107e vrijednost u ovoj godini inflacije dosegnuti rekordne razine.<\/p>\n\n\n\n<p>Izvor:pogled.ba<\/p>\n","protected":false},"excerpt":{"rendered":"<p>I maslinari su suo\u010deni s velikim pove\u0107anjem tro\u0161kova u proizvodnji, pa \u0107e se vi\u0161e cijene osjetiti na berbi u listopadu, prenosi Slobodna Dalmacija.&nbsp; Zlatna kap ekstradjevi\u010danskog maslinovog ulja najcjenjenija je i najskuplja. Gurmani znaju i za\u0161to. &#8220;Za gotovo sve za\u010dinjavanje i kuhanje i pripremu, mariniranje i sli\u010dno koristimo maslinovo ulje tako da je to jedan [&hellip;]<\/p>\n","protected":false},"author":2,"featured_media":25810,"comment_status":"closed","ping_status":"closed","sticky":false,"template":"","format":"standard","meta":{"h5ap_radio_sources":[],"footnotes":""},"categories":[1],"tags":[],"class_list":["post-131246","post","type-post","status-publish","format-standard","has-post-thumbnail","hentry","category-bihiregija"],"yoast_head":"<!-- This site is optimized with the Yoast SEO plugin v27.5 - https:\/\/yoast.com\/product\/yoast-seo-wordpress\/ -->\n<title>Hrvatski maslinari najavili: Cijene ulja vi\u0161e za 50 posto - RADIO LJUBU\u0160KI<\/title>\n<meta name=\"robots\" content=\"index, follow, max-snippet:-1, max-image-preview:large, max-video-preview:-1\" \/>\n<link rel=\"canonical\" href=\"https:\/\/radioljubuski.ba\/index.php\/2022\/04\/11\/hrvatski-maslinari-najavili-cijene-ulja-vise-za-50-posto\/\" \/>\n<meta property=\"og:locale\" content=\"hr_HR\" \/>\n<meta property=\"og:type\" content=\"article\" \/>\n<meta property=\"og:title\" content=\"Hrvatski maslinari najavili: Cijene ulja vi\u0161e za 50 posto - RADIO LJUBU\u0160KI\" \/>\n<meta property=\"og:description\" content=\"I maslinari su suo\u010deni s velikim pove\u0107anjem tro\u0161kova u proizvodnji, pa \u0107e se vi\u0161e cijene osjetiti na berbi u listopadu, prenosi Slobodna Dalmacija.&nbsp; Zlatna kap ekstradjevi\u010danskog maslinovog ulja najcjenjenija je i najskuplja. Gurmani znaju i za\u0161to. &#8220;Za gotovo sve za\u010dinjavanje i kuhanje i pripremu, mariniranje i sli\u010dno koristimo maslinovo ulje tako da je to jedan [&hellip;]\" \/>\n<meta property=\"og:url\" content=\"https:\/\/radioljubuski.ba\/index.php\/2022\/04\/11\/hrvatski-maslinari-najavili-cijene-ulja-vise-za-50-posto\/\" \/>\n<meta property=\"og:site_name\" content=\"RADIO LJUBU\u0160KI\" \/>\n<meta property=\"article:publisher\" content=\"https:\/\/www.facebook.com\/Radiio-Ljubuski-1490835324566332\" \/>\n<meta property=\"article:published_time\" content=\"2022-04-10T23:34:37+00:00\" \/>\n<meta property=\"article:modified_time\" content=\"2022-04-10T23:34:45+00:00\" \/>\n<meta property=\"og:image\" content=\"https:\/\/radioljubuski.ba\/wp-content\/uploads\/2021\/05\/ulje-maslina.jpg\" \/>\n\t<meta property=\"og:image:width\" content=\"600\" \/>\n\t<meta property=\"og:image:height\" content=\"400\" \/>\n\t<meta property=\"og:image:type\" content=\"image\/jpeg\" \/>\n<meta name=\"author\" content=\"Radio Ljubu\u0161ki\" \/>\n<meta name=\"twitter:card\" content=\"summary_large_image\" \/>\n<meta name=\"twitter:creator\" content=\"@radioljubuski\" \/>\n<meta name=\"twitter:site\" content=\"@radioljubuski\" \/>\n<meta name=\"twitter:label1\" content=\"Napisao\/la\" \/>\n\t<meta name=\"twitter:data1\" content=\"Radio Ljubu\u0161ki\" \/>\n\t<meta name=\"twitter:label2\" content=\"Procijenjeno vrijeme \u010ditanja\" \/>\n\t<meta name=\"twitter:data2\" content=\"2 minute\" \/>\n<script type=\"application\/ld+json\" class=\"yoast-schema-graph\">{\"@context\":\"https:\\\/\\\/schema.org\",\"@graph\":[{\"@type\":\"Article\",\"@id\":\"https:\\\/\\\/radioljubuski.ba\\\/index.php\\\/2022\\\/04\\\/11\\\/hrvatski-maslinari-najavili-cijene-ulja-vise-za-50-posto\\\/#article\",\"isPartOf\":{\"@id\":\"https:\\\/\\\/radioljubuski.ba\\\/index.php\\\/2022\\\/04\\\/11\\\/hrvatski-maslinari-najavili-cijene-ulja-vise-za-50-posto\\\/\"},\"author\":{\"name\":\"Radio Ljubu\u0161ki\",\"@id\":\"https:\\\/\\\/radioljubuski.ba\\\/#\\\/schema\\\/person\\\/19fc700381a780f69665d7956c469e3b\"},\"headline\":\"Hrvatski maslinari najavili: Cijene ulja vi\u0161e za 50 posto\",\"datePublished\":\"2022-04-10T23:34:37+00:00\",\"dateModified\":\"2022-04-10T23:34:45+00:00\",\"mainEntityOfPage\":{\"@id\":\"https:\\\/\\\/radioljubuski.ba\\\/index.php\\\/2022\\\/04\\\/11\\\/hrvatski-maslinari-najavili-cijene-ulja-vise-za-50-posto\\\/\"},\"wordCount\":412,\"publisher\":{\"@id\":\"https:\\\/\\\/radioljubuski.ba\\\/#organization\"},\"image\":{\"@id\":\"https:\\\/\\\/radioljubuski.ba\\\/index.php\\\/2022\\\/04\\\/11\\\/hrvatski-maslinari-najavili-cijene-ulja-vise-za-50-posto\\\/#primaryimage\"},\"thumbnailUrl\":\"https:\\\/\\\/radioljubuski.ba\\\/wp-content\\\/uploads\\\/2021\\\/05\\\/ulje-maslina.jpg\",\"articleSection\":[\"BIH i regija\"],\"inLanguage\":\"hr\"},{\"@type\":\"WebPage\",\"@id\":\"https:\\\/\\\/radioljubuski.ba\\\/index.php\\\/2022\\\/04\\\/11\\\/hrvatski-maslinari-najavili-cijene-ulja-vise-za-50-posto\\\/\",\"url\":\"https:\\\/\\\/radioljubuski.ba\\\/index.php\\\/2022\\\/04\\\/11\\\/hrvatski-maslinari-najavili-cijene-ulja-vise-za-50-posto\\\/\",\"name\":\"Hrvatski maslinari najavili: Cijene ulja vi\u0161e za 50 posto - RADIO LJUBU\u0160KI\",\"isPartOf\":{\"@id\":\"https:\\\/\\\/radioljubuski.ba\\\/#website\"},\"primaryImageOfPage\":{\"@id\":\"https:\\\/\\\/radioljubuski.ba\\\/index.php\\\/2022\\\/04\\\/11\\\/hrvatski-maslinari-najavili-cijene-ulja-vise-za-50-posto\\\/#primaryimage\"},\"image\":{\"@id\":\"https:\\\/\\\/radioljubuski.ba\\\/index.php\\\/2022\\\/04\\\/11\\\/hrvatski-maslinari-najavili-cijene-ulja-vise-za-50-posto\\\/#primaryimage\"},\"thumbnailUrl\":\"https:\\\/\\\/radioljubuski.ba\\\/wp-content\\\/uploads\\\/2021\\\/05\\\/ulje-maslina.jpg\",\"datePublished\":\"2022-04-10T23:34:37+00:00\",\"dateModified\":\"2022-04-10T23:34:45+00:00\",\"breadcrumb\":{\"@id\":\"https:\\\/\\\/radioljubuski.ba\\\/index.php\\\/2022\\\/04\\\/11\\\/hrvatski-maslinari-najavili-cijene-ulja-vise-za-50-posto\\\/#breadcrumb\"},\"inLanguage\":\"hr\",\"potentialAction\":[{\"@type\":\"ReadAction\",\"target\":[\"https:\\\/\\\/radioljubuski.ba\\\/index.php\\\/2022\\\/04\\\/11\\\/hrvatski-maslinari-najavili-cijene-ulja-vise-za-50-posto\\\/\"]}]},{\"@type\":\"ImageObject\",\"inLanguage\":\"hr\",\"@id\":\"https:\\\/\\\/radioljubuski.ba\\\/index.php\\\/2022\\\/04\\\/11\\\/hrvatski-maslinari-najavili-cijene-ulja-vise-za-50-posto\\\/#primaryimage\",\"url\":\"https:\\\/\\\/radioljubuski.ba\\\/wp-content\\\/uploads\\\/2021\\\/05\\\/ulje-maslina.jpg\",\"contentUrl\":\"https:\\\/\\\/radioljubuski.ba\\\/wp-content\\\/uploads\\\/2021\\\/05\\\/ulje-maslina.jpg\",\"width\":600,\"height\":400},{\"@type\":\"BreadcrumbList\",\"@id\":\"https:\\\/\\\/radioljubuski.ba\\\/index.php\\\/2022\\\/04\\\/11\\\/hrvatski-maslinari-najavili-cijene-ulja-vise-za-50-posto\\\/#breadcrumb\",\"itemListElement\":[{\"@type\":\"ListItem\",\"position\":1,\"name\":\"Po\u010detna stranica\",\"item\":\"https:\\\/\\\/radioljubuski.ba\\\/\"},{\"@type\":\"ListItem\",\"position\":2,\"name\":\"Hrvatski maslinari najavili: Cijene ulja vi\u0161e za 50 posto\"}]},{\"@type\":\"WebSite\",\"@id\":\"https:\\\/\\\/radioljubuski.ba\\\/#website\",\"url\":\"https:\\\/\\\/radioljubuski.ba\\\/\",\"name\":\"Radio Ljubu\u0161ki\",\"description\":\"Sun\u010dana frekvencija Hercegovine\",\"publisher\":{\"@id\":\"https:\\\/\\\/radioljubuski.ba\\\/#organization\"},\"potentialAction\":[{\"@type\":\"SearchAction\",\"target\":{\"@type\":\"EntryPoint\",\"urlTemplate\":\"https:\\\/\\\/radioljubuski.ba\\\/?s={search_term_string}\"},\"query-input\":{\"@type\":\"PropertyValueSpecification\",\"valueRequired\":true,\"valueName\":\"search_term_string\"}}],\"inLanguage\":\"hr\"},{\"@type\":\"Organization\",\"@id\":\"https:\\\/\\\/radioljubuski.ba\\\/#organization\",\"name\":\"Radio Ljubu\u0161ki\",\"url\":\"https:\\\/\\\/radioljubuski.ba\\\/\",\"logo\":{\"@type\":\"ImageObject\",\"inLanguage\":\"hr\",\"@id\":\"https:\\\/\\\/radioljubuski.ba\\\/#\\\/schema\\\/logo\\\/image\\\/\",\"url\":\"https:\\\/\\\/radioljubuski.ba\\\/wp-content\\\/uploads\\\/2021\\\/02\\\/cropped-Radio_Ljubuski_logo1.jpg\",\"contentUrl\":\"https:\\\/\\\/radioljubuski.ba\\\/wp-content\\\/uploads\\\/2021\\\/02\\\/cropped-Radio_Ljubuski_logo1.jpg\",\"width\":512,\"height\":512,\"caption\":\"Radio Ljubu\u0161ki\"},\"image\":{\"@id\":\"https:\\\/\\\/radioljubuski.ba\\\/#\\\/schema\\\/logo\\\/image\\\/\"},\"sameAs\":[\"https:\\\/\\\/www.facebook.com\\\/Radiio-Ljubuski-1490835324566332\",\"https:\\\/\\\/x.com\\\/radioljubuski\",\"https:\\\/\\\/hr.linkedin.com\\\/company\\\/radio-ljubuski\",\"https:\\\/\\\/www.youtube.com\\\/channel\\\/UCHYaeO_n0Db3tjNGudGpXyw\"]},{\"@type\":\"Person\",\"@id\":\"https:\\\/\\\/radioljubuski.ba\\\/#\\\/schema\\\/person\\\/19fc700381a780f69665d7956c469e3b\",\"name\":\"Radio Ljubu\u0161ki\"}]}<\/script>\n<!-- \/ Yoast SEO plugin. -->","yoast_head_json":{"title":"Hrvatski maslinari najavili: Cijene ulja vi\u0161e za 50 posto - RADIO LJUBU\u0160KI","robots":{"index":"index","follow":"follow","max-snippet":"max-snippet:-1","max-image-preview":"max-image-preview:large","max-video-preview":"max-video-preview:-1"},"canonical":"https:\/\/radioljubuski.ba\/index.php\/2022\/04\/11\/hrvatski-maslinari-najavili-cijene-ulja-vise-za-50-posto\/","og_locale":"hr_HR","og_type":"article","og_title":"Hrvatski maslinari najavili: Cijene ulja vi\u0161e za 50 posto - RADIO LJUBU\u0160KI","og_description":"I maslinari su suo\u010deni s velikim pove\u0107anjem tro\u0161kova u proizvodnji, pa \u0107e se vi\u0161e cijene osjetiti na berbi u listopadu, prenosi Slobodna Dalmacija.&nbsp; Zlatna kap ekstradjevi\u010danskog maslinovog ulja najcjenjenija je i najskuplja. Gurmani znaju i za\u0161to. &#8220;Za gotovo sve za\u010dinjavanje i kuhanje i pripremu, mariniranje i sli\u010dno koristimo maslinovo ulje tako da je to jedan [&hellip;]","og_url":"https:\/\/radioljubuski.ba\/index.php\/2022\/04\/11\/hrvatski-maslinari-najavili-cijene-ulja-vise-za-50-posto\/","og_site_name":"RADIO LJUBU\u0160KI","article_publisher":"https:\/\/www.facebook.com\/Radiio-Ljubuski-1490835324566332","article_published_time":"2022-04-10T23:34:37+00:00","article_modified_time":"2022-04-10T23:34:45+00:00","og_image":[{"width":600,"height":400,"url":"https:\/\/radioljubuski.ba\/wp-content\/uploads\/2021\/05\/ulje-maslina.jpg","type":"image\/jpeg"}],"author":"Radio Ljubu\u0161ki","twitter_card":"summary_large_image","twitter_creator":"@radioljubuski","twitter_site":"@radioljubuski","twitter_misc":{"Napisao\/la":"Radio Ljubu\u0161ki","Procijenjeno vrijeme \u010ditanja":"2 minute"},"schema":{"@context":"https:\/\/schema.org","@graph":[{"@type":"Article","@id":"https:\/\/radioljubuski.ba\/index.php\/2022\/04\/11\/hrvatski-maslinari-najavili-cijene-ulja-vise-za-50-posto\/#article","isPartOf":{"@id":"https:\/\/radioljubuski.ba\/index.php\/2022\/04\/11\/hrvatski-maslinari-najavili-cijene-ulja-vise-za-50-posto\/"},"author":{"name":"Radio Ljubu\u0161ki","@id":"https:\/\/radioljubuski.ba\/#\/schema\/person\/19fc700381a780f69665d7956c469e3b"},"headline":"Hrvatski maslinari najavili: Cijene ulja vi\u0161e za 50 posto","datePublished":"2022-04-10T23:34:37+00:00","dateModified":"2022-04-10T23:34:45+00:00","mainEntityOfPage":{"@id":"https:\/\/radioljubuski.ba\/index.php\/2022\/04\/11\/hrvatski-maslinari-najavili-cijene-ulja-vise-za-50-posto\/"},"wordCount":412,"publisher":{"@id":"https:\/\/radioljubuski.ba\/#organization"},"image":{"@id":"https:\/\/radioljubuski.ba\/index.php\/2022\/04\/11\/hrvatski-maslinari-najavili-cijene-ulja-vise-za-50-posto\/#primaryimage"},"thumbnailUrl":"https:\/\/radioljubuski.ba\/wp-content\/uploads\/2021\/05\/ulje-maslina.jpg","articleSection":["BIH i regija"],"inLanguage":"hr"},{"@type":"WebPage","@id":"https:\/\/radioljubuski.ba\/index.php\/2022\/04\/11\/hrvatski-maslinari-najavili-cijene-ulja-vise-za-50-posto\/","url":"https:\/\/radioljubuski.ba\/index.php\/2022\/04\/11\/hrvatski-maslinari-najavili-cijene-ulja-vise-za-50-posto\/","name":"Hrvatski maslinari najavili: Cijene ulja vi\u0161e za 50 posto - RADIO LJUBU\u0160KI","isPartOf":{"@id":"https:\/\/radioljubuski.ba\/#website"},"primaryImageOfPage":{"@id":"https:\/\/radioljubuski.ba\/index.php\/2022\/04\/11\/hrvatski-maslinari-najavili-cijene-ulja-vise-za-50-posto\/#primaryimage"},"image":{"@id":"https:\/\/radioljubuski.ba\/index.php\/2022\/04\/11\/hrvatski-maslinari-najavili-cijene-ulja-vise-za-50-posto\/#primaryimage"},"thumbnailUrl":"https:\/\/radioljubuski.ba\/wp-content\/uploads\/2021\/05\/ulje-maslina.jpg","datePublished":"2022-04-10T23:34:37+00:00","dateModified":"2022-04-10T23:34:45+00:00","breadcrumb":{"@id":"https:\/\/radioljubuski.ba\/index.php\/2022\/04\/11\/hrvatski-maslinari-najavili-cijene-ulja-vise-za-50-posto\/#breadcrumb"},"inLanguage":"hr","potentialAction":[{"@type":"ReadAction","target":["https:\/\/radioljubuski.ba\/index.php\/2022\/04\/11\/hrvatski-maslinari-najavili-cijene-ulja-vise-za-50-posto\/"]}]},{"@type":"ImageObject","inLanguage":"hr","@id":"https:\/\/radioljubuski.ba\/index.php\/2022\/04\/11\/hrvatski-maslinari-najavili-cijene-ulja-vise-za-50-posto\/#primaryimage","url":"https:\/\/radioljubuski.ba\/wp-content\/uploads\/2021\/05\/ulje-maslina.jpg","contentUrl":"https:\/\/radioljubuski.ba\/wp-content\/uploads\/2021\/05\/ulje-maslina.jpg","width":600,"height":400},{"@type":"BreadcrumbList","@id":"https:\/\/radioljubuski.ba\/index.php\/2022\/04\/11\/hrvatski-maslinari-najavili-cijene-ulja-vise-za-50-posto\/#breadcrumb","itemListElement":[{"@type":"ListItem","position":1,"name":"Po\u010detna stranica","item":"https:\/\/radioljubuski.ba\/"},{"@type":"ListItem","position":2,"name":"Hrvatski maslinari najavili: Cijene ulja vi\u0161e za 50 posto"}]},{"@type":"WebSite","@id":"https:\/\/radioljubuski.ba\/#website","url":"https:\/\/radioljubuski.ba\/","name":"Radio Ljubu\u0161ki","description":"Sun\u010dana frekvencija Hercegovine","publisher":{"@id":"https:\/\/radioljubuski.ba\/#organization"},"potentialAction":[{"@type":"SearchAction","target":{"@type":"EntryPoint","urlTemplate":"https:\/\/radioljubuski.ba\/?s={search_term_string}"},"query-input":{"@type":"PropertyValueSpecification","valueRequired":true,"valueName":"search_term_string"}}],"inLanguage":"hr"},{"@type":"Organization","@id":"https:\/\/radioljubuski.ba\/#organization","name":"Radio Ljubu\u0161ki","url":"https:\/\/radioljubuski.ba\/","logo":{"@type":"ImageObject","inLanguage":"hr","@id":"https:\/\/radioljubuski.ba\/#\/schema\/logo\/image\/","url":"https:\/\/radioljubuski.ba\/wp-content\/uploads\/2021\/02\/cropped-Radio_Ljubuski_logo1.jpg","contentUrl":"https:\/\/radioljubuski.ba\/wp-content\/uploads\/2021\/02\/cropped-Radio_Ljubuski_logo1.jpg","width":512,"height":512,"caption":"Radio Ljubu\u0161ki"},"image":{"@id":"https:\/\/radioljubuski.ba\/#\/schema\/logo\/image\/"},"sameAs":["https:\/\/www.facebook.com\/Radiio-Ljubuski-1490835324566332","https:\/\/x.com\/radioljubuski","https:\/\/hr.linkedin.com\/company\/radio-ljubuski","https:\/\/www.youtube.com\/channel\/UCHYaeO_n0Db3tjNGudGpXyw"]},{"@type":"Person","@id":"https:\/\/radioljubuski.ba\/#\/schema\/person\/19fc700381a780f69665d7956c469e3b","name":"Radio Ljubu\u0161ki"}]}},"_links":{"self":[{"href":"https:\/\/radioljubuski.ba\/index.php\/wp-json\/wp\/v2\/posts\/131246","targetHints":{"allow":["GET"]}}],"collection":[{"href":"https:\/\/radioljubuski.ba\/index.php\/wp-json\/wp\/v2\/posts"}],"about":[{"href":"https:\/\/radioljubuski.ba\/index.php\/wp-json\/wp\/v2\/types\/post"}],"author":[{"embeddable":true,"href":"https:\/\/radioljubuski.ba\/index.php\/wp-json\/wp\/v2\/users\/2"}],"replies":[{"embeddable":true,"href":"https:\/\/radioljubuski.ba\/index.php\/wp-json\/wp\/v2\/comments?post=131246"}],"version-history":[{"count":1,"href":"https:\/\/radioljubuski.ba\/index.php\/wp-json\/wp\/v2\/posts\/131246\/revisions"}],"predecessor-version":[{"id":131247,"href":"https:\/\/radioljubuski.ba\/index.php\/wp-json\/wp\/v2\/posts\/131246\/revisions\/131247"}],"wp:featuredmedia":[{"embeddable":true,"href":"https:\/\/radioljubuski.ba\/index.php\/wp-json\/wp\/v2\/media\/25810"}],"wp:attachment":[{"href":"https:\/\/radioljubuski.ba\/index.php\/wp-json\/wp\/v2\/media?parent=131246"}],"wp:term":[{"taxonomy":"category","embeddable":true,"href":"https:\/\/radioljubuski.ba\/index.php\/wp-json\/wp\/v2\/categories?post=131246"},{"taxonomy":"post_tag","embeddable":true,"href":"https:\/\/radioljubuski.ba\/index.php\/wp-json\/wp\/v2\/tags?post=131246"}],"curies":[{"name":"wp","href":"https:\/\/api.w.org\/{rel}","templated":true}]}}