{"id":131263,"date":"2022-04-11T00:49:10","date_gmt":"2022-04-10T23:49:10","guid":{"rendered":"https:\/\/radioljubuski.ba\/?p=131263"},"modified":"2022-04-11T00:49:11","modified_gmt":"2022-04-10T23:49:11","slug":"juricev-torino-zaustavio-milan","status":"publish","type":"post","link":"https:\/\/radioljubuski.ba\/index.php\/2022\/04\/11\/juricev-torino-zaustavio-milan\/","title":{"rendered":"Juri\u0107ev Torino zaustavio Milan"},"content":{"rendered":"\n<p><strong>U posljednjem nedjeljnom susretu 32. kola talijanske Serie A nije bilo golova, a nogometa\u0161i Torina i Milana su podijelili bodove.<\/strong><\/p>\n\n\n\n<p>Milan je imao \u0161ansu dodatno se u\u010dvrstiti na vrhu ljestvice, no uz ovaj rezultat oti\u0161ao je na dva boda plusa u odnosu na Inter i Napoli, s tim da Inter ima utakmicu manje. Torino je i dalje na 11. mjestu.<\/p>\n\n\n\n<p>Oba sastava mogu \u017ealiti za preostala dva boda, a igra se nakon tvrdog prvog dijela otvorila u nastavku kada su se na obje strane propu\u0161tale \u0161anse. Za Torino, sastav kojeg vodi hrvatski trener&nbsp;<strong>Ivan Juri\u0107<\/strong>,&nbsp;<strong>Josip Brekalo&nbsp;<\/strong>je odigrao cijelu utakmicu, dok je&nbsp;<strong>Marko Pjaca<\/strong>&nbsp;ostao na klupi za pri\u010duve.<\/p>\n\n\n\n<p>Treba istaknuti kako je prije ovog susreta Milan imao niz od \u010detiri pobjede u me\u0111usobnim dvobojima protiv Torina.<\/p>\n\n\n\n<p>Serie A, 32. kolo:<\/p>\n\n\n\n<p>Torino &#8211; Milan 0-0<\/p>\n\n\n\n<p>Roma &#8211; Salernitana 2-1 (Carles Perez 81, Smalling 85 \/ Radovanovi\u0107 22)<\/p>\n\n\n\n<p>Genoa &#8211; Lazio 1-4 (Patric 68-ag \/ Maru\u0161i\u0107 31, Immobile 45+1, 63, 76)<\/p>\n\n\n\n<p>Napoli &#8211; Fiorentina 2-3 (Mertens 58, Osimhen 84 \/ Gonzalez 29, Ikone 66, Cabral 72)<\/p>\n\n\n\n<p>Sassuolo &#8211; Atalanta 2-1 (Traore 24, 61 \/ Muriel 93)<\/p>\n\n\n\n<p>Venezia &#8211; Udinese 1-2 (Henry 86 \/ Deulofeu 35-11m, Becao 90+4)<\/p>\n\n\n\n<p>Ponedjeljak:<\/p>\n\n\n\n<p>Bologna &#8211; Sampdoria (20:45)<\/p>\n\n\n\n<p>Subota:<\/p>\n\n\n\n<p>Empoli &#8211; Spezia 0-0<\/p>\n\n\n\n<p>Inter &#8211; Verona 2-0 (Barella 22, D\u017eeko 30)<\/p>\n\n\n\n<p>Cagliari &#8211; Juventus 1-2 (Joao Pedro 10 \/ De Ligt 45, Vlahovi\u0107 75)<\/p>\n\n\n\n<p>Ljestvica:<\/p>\n\n\n\n<p>1. Milan 32 20 8 4 56-29 68<\/p>\n\n\n\n<p>2. Inter 31 19 9 3 65-24 66<\/p>\n\n\n\n<p>3. Napoli 32 20 6 6 58-26 66<\/p>\n\n\n\n<p>4. Juventus 32 18 8 6 49-28 62<\/p>\n\n\n\n<p>5. Roma 32 17 6 9 53-36 57<\/p>\n\n\n\n<p>6. Lazio 32 16 7 9 64-47 55<\/p>\n\n\n\n<p>7. Fiorentina 31 16 5 10 52-40 53<\/p>\n\n\n\n<p>8. Atalanta 31 14 9 8 53-36 51<\/p>\n\n\n\n<p>9. Sassuolo 32 12 10 10 58-52 46<\/p>\n\n\n\n<p>10. Verona 32 12 9 11 56-49 45<\/p>\n\n\n\n<p>11. Torino 31 10 9 12 35-30 39<\/p>\n\n\n\n<p>12. Udinese 30 8 12 10 43-48 36<\/p>\n\n\n\n<p>13. Bologna 30 9 7 14 32-44 34<\/p>\n\n\n\n<p>14. Empoli 32 8 10 14 41-56 34<\/p>\n\n\n\n<p>15. Spezia 32 9 6 17 32-54 33<\/p>\n\n\n\n<p>16. Sampdoria 31 8 5 18 39-52 29<\/p>\n\n\n\n<p>17. Cagliari 32 5 10 17 30-61 25<\/p>\n\n\n\n<p>18. Genoa 32 2 16 14 24-52 22<\/p>\n\n\n\n<p>19. Venezia 31 5 7 19 26-57 22<\/p>\n\n\n\n<p>20. Salernitana 30 3 7 20 23-68 16<\/p>\n\n\n\n<figure class=\"wp-block-embed is-type-wp-embed is-provider-radio-ljubuski wp-block-embed-radio-ljubuski\"><div class=\"wp-block-embed__wrapper\">\n<blockquote class=\"wp-embedded-content\" data-secret=\"LwdjPA5FdQ\"><a href=\"https:\/\/radioljubuski.ba\/index.php\/2022\/04\/10\/preokret-rome-u-zavrsnici-susreta\/\">Preokret Rome u zavr\u0161nici susreta<\/a><\/blockquote><iframe loading=\"lazy\" class=\"wp-embedded-content\" sandbox=\"allow-scripts\" security=\"restricted\" style=\"position: absolute; clip: rect(1px, 1px, 1px, 1px);\" title=\"&#8220;Preokret Rome u zavr\u0161nici susreta&#8221; &#8212;   RADIO LJUBU\u0160KI\" src=\"https:\/\/radioljubuski.ba\/index.php\/2022\/04\/10\/preokret-rome-u-zavrsnici-susreta\/embed\/#?secret=wq2iHFrGHr#?secret=LwdjPA5FdQ\" data-secret=\"LwdjPA5FdQ\" width=\"600\" height=\"338\" frameborder=\"0\" marginwidth=\"0\" marginheight=\"0\" scrolling=\"no\"><\/iframe>\n<\/div><\/figure>\n\n\n\n<p>Izvor:hrt.hr<\/p>\n","protected":false},"excerpt":{"rendered":"<p>U posljednjem nedjeljnom susretu 32. kola talijanske Serie A nije bilo golova, a nogometa\u0161i Torina i Milana su podijelili bodove. Milan je imao \u0161ansu dodatno se u\u010dvrstiti na vrhu ljestvice, no uz ovaj rezultat oti\u0161ao je na dva boda plusa u odnosu na Inter i Napoli, s tim da Inter ima utakmicu manje. Torino je [&hellip;]<\/p>\n","protected":false},"author":2,"featured_media":131264,"comment_status":"closed","ping_status":"closed","sticky":false,"template":"","format":"standard","meta":{"h5ap_radio_sources":[],"footnotes":""},"categories":[7],"tags":[],"class_list":["post-131263","post","type-post","status-publish","format-standard","has-post-thumbnail","hentry","category-sport"],"yoast_head":"<!-- This site is optimized with the Yoast SEO plugin v27.4 - https:\/\/yoast.com\/product\/yoast-seo-wordpress\/ -->\n<title>Juri\u0107ev Torino zaustavio Milan - RADIO LJUBU\u0160KI<\/title>\n<meta name=\"robots\" content=\"index, follow, max-snippet:-1, max-image-preview:large, max-video-preview:-1\" \/>\n<link rel=\"canonical\" href=\"https:\/\/radioljubuski.ba\/index.php\/2022\/04\/11\/juricev-torino-zaustavio-milan\/\" \/>\n<meta property=\"og:locale\" content=\"hr_HR\" \/>\n<meta property=\"og:type\" content=\"article\" \/>\n<meta property=\"og:title\" content=\"Juri\u0107ev Torino zaustavio Milan - RADIO LJUBU\u0160KI\" \/>\n<meta property=\"og:description\" content=\"U posljednjem nedjeljnom susretu 32. kola talijanske Serie A nije bilo golova, a nogometa\u0161i Torina i Milana su podijelili bodove. Milan je imao \u0161ansu dodatno se u\u010dvrstiti na vrhu ljestvice, no uz ovaj rezultat oti\u0161ao je na dva boda plusa u odnosu na Inter i Napoli, s tim da Inter ima utakmicu manje. Torino je [&hellip;]\" \/>\n<meta property=\"og:url\" content=\"https:\/\/radioljubuski.ba\/index.php\/2022\/04\/11\/juricev-torino-zaustavio-milan\/\" \/>\n<meta property=\"og:site_name\" content=\"RADIO LJUBU\u0160KI\" \/>\n<meta property=\"article:publisher\" content=\"https:\/\/www.facebook.com\/Radiio-Ljubuski-1490835324566332\" \/>\n<meta property=\"article:published_time\" content=\"2022-04-10T23:49:10+00:00\" \/>\n<meta property=\"article:modified_time\" content=\"2022-04-10T23:49:11+00:00\" \/>\n<meta property=\"og:image\" content=\"https:\/\/radioljubuski.ba\/wp-content\/uploads\/2022\/04\/giroud-2022-04-10t202807z-410308984-up1ei4a1kus04-rtrmadp-3-soccer-italy-tor-mil-report-20220410205305.jpg\" \/>\n\t<meta property=\"og:image:width\" content=\"1600\" \/>\n\t<meta property=\"og:image:height\" content=\"1189\" \/>\n\t<meta property=\"og:image:type\" content=\"image\/jpeg\" \/>\n<meta name=\"author\" content=\"Radio Ljubu\u0161ki\" \/>\n<meta name=\"twitter:card\" content=\"summary_large_image\" \/>\n<meta name=\"twitter:creator\" content=\"@radioljubuski\" \/>\n<meta name=\"twitter:site\" content=\"@radioljubuski\" \/>\n<meta name=\"twitter:label1\" content=\"Napisao\/la\" \/>\n\t<meta name=\"twitter:data1\" content=\"Radio Ljubu\u0161ki\" \/>\n\t<meta name=\"twitter:label2\" content=\"Procijenjeno vrijeme \u010ditanja\" \/>\n\t<meta name=\"twitter:data2\" content=\"2 minute\" \/>\n<script type=\"application\/ld+json\" class=\"yoast-schema-graph\">{\"@context\":\"https:\\\/\\\/schema.org\",\"@graph\":[{\"@type\":\"Article\",\"@id\":\"https:\\\/\\\/radioljubuski.ba\\\/index.php\\\/2022\\\/04\\\/11\\\/juricev-torino-zaustavio-milan\\\/#article\",\"isPartOf\":{\"@id\":\"https:\\\/\\\/radioljubuski.ba\\\/index.php\\\/2022\\\/04\\\/11\\\/juricev-torino-zaustavio-milan\\\/\"},\"author\":{\"name\":\"Radio Ljubu\u0161ki\",\"@id\":\"https:\\\/\\\/radioljubuski.ba\\\/#\\\/schema\\\/person\\\/19fc700381a780f69665d7956c469e3b\"},\"headline\":\"Juri\u0107ev Torino zaustavio Milan\",\"datePublished\":\"2022-04-10T23:49:10+00:00\",\"dateModified\":\"2022-04-10T23:49:11+00:00\",\"mainEntityOfPage\":{\"@id\":\"https:\\\/\\\/radioljubuski.ba\\\/index.php\\\/2022\\\/04\\\/11\\\/juricev-torino-zaustavio-milan\\\/\"},\"wordCount\":265,\"publisher\":{\"@id\":\"https:\\\/\\\/radioljubuski.ba\\\/#organization\"},\"image\":{\"@id\":\"https:\\\/\\\/radioljubuski.ba\\\/index.php\\\/2022\\\/04\\\/11\\\/juricev-torino-zaustavio-milan\\\/#primaryimage\"},\"thumbnailUrl\":\"https:\\\/\\\/radioljubuski.ba\\\/wp-content\\\/uploads\\\/2022\\\/04\\\/giroud-2022-04-10t202807z-410308984-up1ei4a1kus04-rtrmadp-3-soccer-italy-tor-mil-report-20220410205305.jpg\",\"articleSection\":[\"\u0160port\"],\"inLanguage\":\"hr\"},{\"@type\":\"WebPage\",\"@id\":\"https:\\\/\\\/radioljubuski.ba\\\/index.php\\\/2022\\\/04\\\/11\\\/juricev-torino-zaustavio-milan\\\/\",\"url\":\"https:\\\/\\\/radioljubuski.ba\\\/index.php\\\/2022\\\/04\\\/11\\\/juricev-torino-zaustavio-milan\\\/\",\"name\":\"Juri\u0107ev Torino zaustavio Milan - RADIO LJUBU\u0160KI\",\"isPartOf\":{\"@id\":\"https:\\\/\\\/radioljubuski.ba\\\/#website\"},\"primaryImageOfPage\":{\"@id\":\"https:\\\/\\\/radioljubuski.ba\\\/index.php\\\/2022\\\/04\\\/11\\\/juricev-torino-zaustavio-milan\\\/#primaryimage\"},\"image\":{\"@id\":\"https:\\\/\\\/radioljubuski.ba\\\/index.php\\\/2022\\\/04\\\/11\\\/juricev-torino-zaustavio-milan\\\/#primaryimage\"},\"thumbnailUrl\":\"https:\\\/\\\/radioljubuski.ba\\\/wp-content\\\/uploads\\\/2022\\\/04\\\/giroud-2022-04-10t202807z-410308984-up1ei4a1kus04-rtrmadp-3-soccer-italy-tor-mil-report-20220410205305.jpg\",\"datePublished\":\"2022-04-10T23:49:10+00:00\",\"dateModified\":\"2022-04-10T23:49:11+00:00\",\"breadcrumb\":{\"@id\":\"https:\\\/\\\/radioljubuski.ba\\\/index.php\\\/2022\\\/04\\\/11\\\/juricev-torino-zaustavio-milan\\\/#breadcrumb\"},\"inLanguage\":\"hr\",\"potentialAction\":[{\"@type\":\"ReadAction\",\"target\":[\"https:\\\/\\\/radioljubuski.ba\\\/index.php\\\/2022\\\/04\\\/11\\\/juricev-torino-zaustavio-milan\\\/\"]}]},{\"@type\":\"ImageObject\",\"inLanguage\":\"hr\",\"@id\":\"https:\\\/\\\/radioljubuski.ba\\\/index.php\\\/2022\\\/04\\\/11\\\/juricev-torino-zaustavio-milan\\\/#primaryimage\",\"url\":\"https:\\\/\\\/radioljubuski.ba\\\/wp-content\\\/uploads\\\/2022\\\/04\\\/giroud-2022-04-10t202807z-410308984-up1ei4a1kus04-rtrmadp-3-soccer-italy-tor-mil-report-20220410205305.jpg\",\"contentUrl\":\"https:\\\/\\\/radioljubuski.ba\\\/wp-content\\\/uploads\\\/2022\\\/04\\\/giroud-2022-04-10t202807z-410308984-up1ei4a1kus04-rtrmadp-3-soccer-italy-tor-mil-report-20220410205305.jpg\",\"width\":1600,\"height\":1189},{\"@type\":\"BreadcrumbList\",\"@id\":\"https:\\\/\\\/radioljubuski.ba\\\/index.php\\\/2022\\\/04\\\/11\\\/juricev-torino-zaustavio-milan\\\/#breadcrumb\",\"itemListElement\":[{\"@type\":\"ListItem\",\"position\":1,\"name\":\"Po\u010detna stranica\",\"item\":\"https:\\\/\\\/radioljubuski.ba\\\/\"},{\"@type\":\"ListItem\",\"position\":2,\"name\":\"Juri\u0107ev Torino zaustavio Milan\"}]},{\"@type\":\"WebSite\",\"@id\":\"https:\\\/\\\/radioljubuski.ba\\\/#website\",\"url\":\"https:\\\/\\\/radioljubuski.ba\\\/\",\"name\":\"Radio Ljubu\u0161ki\",\"description\":\"Sun\u010dana frekvencija Hercegovine\",\"publisher\":{\"@id\":\"https:\\\/\\\/radioljubuski.ba\\\/#organization\"},\"potentialAction\":[{\"@type\":\"SearchAction\",\"target\":{\"@type\":\"EntryPoint\",\"urlTemplate\":\"https:\\\/\\\/radioljubuski.ba\\\/?s={search_term_string}\"},\"query-input\":{\"@type\":\"PropertyValueSpecification\",\"valueRequired\":true,\"valueName\":\"search_term_string\"}}],\"inLanguage\":\"hr\"},{\"@type\":\"Organization\",\"@id\":\"https:\\\/\\\/radioljubuski.ba\\\/#organization\",\"name\":\"Radio Ljubu\u0161ki\",\"url\":\"https:\\\/\\\/radioljubuski.ba\\\/\",\"logo\":{\"@type\":\"ImageObject\",\"inLanguage\":\"hr\",\"@id\":\"https:\\\/\\\/radioljubuski.ba\\\/#\\\/schema\\\/logo\\\/image\\\/\",\"url\":\"https:\\\/\\\/radioljubuski.ba\\\/wp-content\\\/uploads\\\/2021\\\/02\\\/cropped-Radio_Ljubuski_logo1.jpg\",\"contentUrl\":\"https:\\\/\\\/radioljubuski.ba\\\/wp-content\\\/uploads\\\/2021\\\/02\\\/cropped-Radio_Ljubuski_logo1.jpg\",\"width\":512,\"height\":512,\"caption\":\"Radio Ljubu\u0161ki\"},\"image\":{\"@id\":\"https:\\\/\\\/radioljubuski.ba\\\/#\\\/schema\\\/logo\\\/image\\\/\"},\"sameAs\":[\"https:\\\/\\\/www.facebook.com\\\/Radiio-Ljubuski-1490835324566332\",\"https:\\\/\\\/x.com\\\/radioljubuski\",\"https:\\\/\\\/hr.linkedin.com\\\/company\\\/radio-ljubuski\",\"https:\\\/\\\/www.youtube.com\\\/channel\\\/UCHYaeO_n0Db3tjNGudGpXyw\"]},{\"@type\":\"Person\",\"@id\":\"https:\\\/\\\/radioljubuski.ba\\\/#\\\/schema\\\/person\\\/19fc700381a780f69665d7956c469e3b\",\"name\":\"Radio Ljubu\u0161ki\"}]}<\/script>\n<!-- \/ Yoast SEO plugin. -->","yoast_head_json":{"title":"Juri\u0107ev Torino zaustavio Milan - RADIO LJUBU\u0160KI","robots":{"index":"index","follow":"follow","max-snippet":"max-snippet:-1","max-image-preview":"max-image-preview:large","max-video-preview":"max-video-preview:-1"},"canonical":"https:\/\/radioljubuski.ba\/index.php\/2022\/04\/11\/juricev-torino-zaustavio-milan\/","og_locale":"hr_HR","og_type":"article","og_title":"Juri\u0107ev Torino zaustavio Milan - RADIO LJUBU\u0160KI","og_description":"U posljednjem nedjeljnom susretu 32. kola talijanske Serie A nije bilo golova, a nogometa\u0161i Torina i Milana su podijelili bodove. Milan je imao \u0161ansu dodatno se u\u010dvrstiti na vrhu ljestvice, no uz ovaj rezultat oti\u0161ao je na dva boda plusa u odnosu na Inter i Napoli, s tim da Inter ima utakmicu manje. Torino je [&hellip;]","og_url":"https:\/\/radioljubuski.ba\/index.php\/2022\/04\/11\/juricev-torino-zaustavio-milan\/","og_site_name":"RADIO LJUBU\u0160KI","article_publisher":"https:\/\/www.facebook.com\/Radiio-Ljubuski-1490835324566332","article_published_time":"2022-04-10T23:49:10+00:00","article_modified_time":"2022-04-10T23:49:11+00:00","og_image":[{"width":1600,"height":1189,"url":"https:\/\/radioljubuski.ba\/wp-content\/uploads\/2022\/04\/giroud-2022-04-10t202807z-410308984-up1ei4a1kus04-rtrmadp-3-soccer-italy-tor-mil-report-20220410205305.jpg","type":"image\/jpeg"}],"author":"Radio Ljubu\u0161ki","twitter_card":"summary_large_image","twitter_creator":"@radioljubuski","twitter_site":"@radioljubuski","twitter_misc":{"Napisao\/la":"Radio Ljubu\u0161ki","Procijenjeno vrijeme \u010ditanja":"2 minute"},"schema":{"@context":"https:\/\/schema.org","@graph":[{"@type":"Article","@id":"https:\/\/radioljubuski.ba\/index.php\/2022\/04\/11\/juricev-torino-zaustavio-milan\/#article","isPartOf":{"@id":"https:\/\/radioljubuski.ba\/index.php\/2022\/04\/11\/juricev-torino-zaustavio-milan\/"},"author":{"name":"Radio Ljubu\u0161ki","@id":"https:\/\/radioljubuski.ba\/#\/schema\/person\/19fc700381a780f69665d7956c469e3b"},"headline":"Juri\u0107ev Torino zaustavio Milan","datePublished":"2022-04-10T23:49:10+00:00","dateModified":"2022-04-10T23:49:11+00:00","mainEntityOfPage":{"@id":"https:\/\/radioljubuski.ba\/index.php\/2022\/04\/11\/juricev-torino-zaustavio-milan\/"},"wordCount":265,"publisher":{"@id":"https:\/\/radioljubuski.ba\/#organization"},"image":{"@id":"https:\/\/radioljubuski.ba\/index.php\/2022\/04\/11\/juricev-torino-zaustavio-milan\/#primaryimage"},"thumbnailUrl":"https:\/\/radioljubuski.ba\/wp-content\/uploads\/2022\/04\/giroud-2022-04-10t202807z-410308984-up1ei4a1kus04-rtrmadp-3-soccer-italy-tor-mil-report-20220410205305.jpg","articleSection":["\u0160port"],"inLanguage":"hr"},{"@type":"WebPage","@id":"https:\/\/radioljubuski.ba\/index.php\/2022\/04\/11\/juricev-torino-zaustavio-milan\/","url":"https:\/\/radioljubuski.ba\/index.php\/2022\/04\/11\/juricev-torino-zaustavio-milan\/","name":"Juri\u0107ev Torino zaustavio Milan - RADIO LJUBU\u0160KI","isPartOf":{"@id":"https:\/\/radioljubuski.ba\/#website"},"primaryImageOfPage":{"@id":"https:\/\/radioljubuski.ba\/index.php\/2022\/04\/11\/juricev-torino-zaustavio-milan\/#primaryimage"},"image":{"@id":"https:\/\/radioljubuski.ba\/index.php\/2022\/04\/11\/juricev-torino-zaustavio-milan\/#primaryimage"},"thumbnailUrl":"https:\/\/radioljubuski.ba\/wp-content\/uploads\/2022\/04\/giroud-2022-04-10t202807z-410308984-up1ei4a1kus04-rtrmadp-3-soccer-italy-tor-mil-report-20220410205305.jpg","datePublished":"2022-04-10T23:49:10+00:00","dateModified":"2022-04-10T23:49:11+00:00","breadcrumb":{"@id":"https:\/\/radioljubuski.ba\/index.php\/2022\/04\/11\/juricev-torino-zaustavio-milan\/#breadcrumb"},"inLanguage":"hr","potentialAction":[{"@type":"ReadAction","target":["https:\/\/radioljubuski.ba\/index.php\/2022\/04\/11\/juricev-torino-zaustavio-milan\/"]}]},{"@type":"ImageObject","inLanguage":"hr","@id":"https:\/\/radioljubuski.ba\/index.php\/2022\/04\/11\/juricev-torino-zaustavio-milan\/#primaryimage","url":"https:\/\/radioljubuski.ba\/wp-content\/uploads\/2022\/04\/giroud-2022-04-10t202807z-410308984-up1ei4a1kus04-rtrmadp-3-soccer-italy-tor-mil-report-20220410205305.jpg","contentUrl":"https:\/\/radioljubuski.ba\/wp-content\/uploads\/2022\/04\/giroud-2022-04-10t202807z-410308984-up1ei4a1kus04-rtrmadp-3-soccer-italy-tor-mil-report-20220410205305.jpg","width":1600,"height":1189},{"@type":"BreadcrumbList","@id":"https:\/\/radioljubuski.ba\/index.php\/2022\/04\/11\/juricev-torino-zaustavio-milan\/#breadcrumb","itemListElement":[{"@type":"ListItem","position":1,"name":"Po\u010detna stranica","item":"https:\/\/radioljubuski.ba\/"},{"@type":"ListItem","position":2,"name":"Juri\u0107ev Torino zaustavio Milan"}]},{"@type":"WebSite","@id":"https:\/\/radioljubuski.ba\/#website","url":"https:\/\/radioljubuski.ba\/","name":"Radio Ljubu\u0161ki","description":"Sun\u010dana frekvencija Hercegovine","publisher":{"@id":"https:\/\/radioljubuski.ba\/#organization"},"potentialAction":[{"@type":"SearchAction","target":{"@type":"EntryPoint","urlTemplate":"https:\/\/radioljubuski.ba\/?s={search_term_string}"},"query-input":{"@type":"PropertyValueSpecification","valueRequired":true,"valueName":"search_term_string"}}],"inLanguage":"hr"},{"@type":"Organization","@id":"https:\/\/radioljubuski.ba\/#organization","name":"Radio Ljubu\u0161ki","url":"https:\/\/radioljubuski.ba\/","logo":{"@type":"ImageObject","inLanguage":"hr","@id":"https:\/\/radioljubuski.ba\/#\/schema\/logo\/image\/","url":"https:\/\/radioljubuski.ba\/wp-content\/uploads\/2021\/02\/cropped-Radio_Ljubuski_logo1.jpg","contentUrl":"https:\/\/radioljubuski.ba\/wp-content\/uploads\/2021\/02\/cropped-Radio_Ljubuski_logo1.jpg","width":512,"height":512,"caption":"Radio Ljubu\u0161ki"},"image":{"@id":"https:\/\/radioljubuski.ba\/#\/schema\/logo\/image\/"},"sameAs":["https:\/\/www.facebook.com\/Radiio-Ljubuski-1490835324566332","https:\/\/x.com\/radioljubuski","https:\/\/hr.linkedin.com\/company\/radio-ljubuski","https:\/\/www.youtube.com\/channel\/UCHYaeO_n0Db3tjNGudGpXyw"]},{"@type":"Person","@id":"https:\/\/radioljubuski.ba\/#\/schema\/person\/19fc700381a780f69665d7956c469e3b","name":"Radio Ljubu\u0161ki"}]}},"_links":{"self":[{"href":"https:\/\/radioljubuski.ba\/index.php\/wp-json\/wp\/v2\/posts\/131263","targetHints":{"allow":["GET"]}}],"collection":[{"href":"https:\/\/radioljubuski.ba\/index.php\/wp-json\/wp\/v2\/posts"}],"about":[{"href":"https:\/\/radioljubuski.ba\/index.php\/wp-json\/wp\/v2\/types\/post"}],"author":[{"embeddable":true,"href":"https:\/\/radioljubuski.ba\/index.php\/wp-json\/wp\/v2\/users\/2"}],"replies":[{"embeddable":true,"href":"https:\/\/radioljubuski.ba\/index.php\/wp-json\/wp\/v2\/comments?post=131263"}],"version-history":[{"count":1,"href":"https:\/\/radioljubuski.ba\/index.php\/wp-json\/wp\/v2\/posts\/131263\/revisions"}],"predecessor-version":[{"id":131265,"href":"https:\/\/radioljubuski.ba\/index.php\/wp-json\/wp\/v2\/posts\/131263\/revisions\/131265"}],"wp:featuredmedia":[{"embeddable":true,"href":"https:\/\/radioljubuski.ba\/index.php\/wp-json\/wp\/v2\/media\/131264"}],"wp:attachment":[{"href":"https:\/\/radioljubuski.ba\/index.php\/wp-json\/wp\/v2\/media?parent=131263"}],"wp:term":[{"taxonomy":"category","embeddable":true,"href":"https:\/\/radioljubuski.ba\/index.php\/wp-json\/wp\/v2\/categories?post=131263"},{"taxonomy":"post_tag","embeddable":true,"href":"https:\/\/radioljubuski.ba\/index.php\/wp-json\/wp\/v2\/tags?post=131263"}],"curies":[{"name":"wp","href":"https:\/\/api.w.org\/{rel}","templated":true}]}}