{"id":131305,"date":"2022-04-11T07:45:59","date_gmt":"2022-04-11T06:45:59","guid":{"rendered":"https:\/\/radioljubuski.ba\/?p=131305"},"modified":"2022-04-11T07:46:00","modified_gmt":"2022-04-11T06:46:00","slug":"muskarac-se-do-usiju-zaljubio-u-bivsu-predsjednicu-pise-joj-ljubavna-pisma-volim-svoj-zivot-jer-moj-zivot-si-ti-kolinda","status":"publish","type":"post","link":"https:\/\/radioljubuski.ba\/index.php\/2022\/04\/11\/muskarac-se-do-usiju-zaljubio-u-bivsu-predsjednicu-pise-joj-ljubavna-pisma-volim-svoj-zivot-jer-moj-zivot-si-ti-kolinda\/","title":{"rendered":"Mu\u0161karac se do u\u0161iju zaljubio u biv\u0161u predsjednicu, pi\u0161e joj ljubavna pisma: \u2018Volim svoj \u017eivot jer moj \u017eivot si ti Kolinda\u2018"},"content":{"rendered":"\n<p>Biv\u0161a hrvatska predsjednica Kolinda Grabar &#8211; Kitarovi\u0107 i dalje ima obo\u017eavatelje diljem svijeta.<\/p>\n\n\n\n<p>Jedan fan (pretpostavljamo mu\u0161karac, mogu\u0107e i zaljubljeni mladi\u0107, sude\u0107i po zaigranim srcima na Kolindinoj glavi)\u00a0joj je posvetio i instagram profil, skoro pa svaki dan stavlja njene slike, &#8216;uhodi&#8217; je na mre\u017ei i redovno objvaljuje sve novosti vezane uz Kolindu.\u00a0<\/p>\n\n\n\n<figure class=\"wp-block-image\"><a href=\"https:\/\/static.slobodnadalmacija.hr\/images\/slike\/2022\/04\/10\/21628436.png\"><img decoding=\"async\" src=\"https:\/\/static.slobodnadalmacija.hr\/images\/slike\/2022\/04\/10\/21628436.png?1649615654\" alt=\"image\"\/><\/a><\/figure>\n\n\n\n<p>Na glavu joj raznim foto-alatima stavlja krunu od srca.<\/p>\n\n\n\n<p>\u010cak joj je posvetio i post:&nbsp;<\/p>\n\n\n\n<p>&#8211; Volim svoj \u017eivot jer moj \u017eivot si&nbsp;ti &#8211; napisao je zaljubljeni fan.&nbsp;<\/p>\n\n\n\n<figure class=\"wp-block-image\"><a href=\"https:\/\/static.slobodnadalmacija.hr\/images\/slike\/2022\/04\/10\/21628432.png\"><img decoding=\"async\" src=\"https:\/\/static.slobodnadalmacija.hr\/images\/slike\/2022\/04\/10\/21628432.png?1649615654\" alt=\"image\"\/><\/a><\/figure>\n\n\n\n<p>Ukoliko se radi o \u017eeni ili djevojci koja je &#8216;ljubavni&#8217; profil posvetila Kolindi, na\u0161e iskrene isprike. Jer, kako se i ka\u017ee &#8211; ljubav je ljubav.\u00a0<\/p>\n\n\n\n<p><strong>Izvor: Slobodna Dalmacija<\/strong><\/p>\n","protected":false},"excerpt":{"rendered":"<p>Biv\u0161a hrvatska predsjednica Kolinda Grabar &#8211; Kitarovi\u0107 i dalje ima obo\u017eavatelje diljem svijeta. Jedan fan (pretpostavljamo mu\u0161karac, mogu\u0107e i zaljubljeni mladi\u0107, sude\u0107i po zaigranim srcima na Kolindinoj glavi)\u00a0joj je posvetio i instagram profil, skoro pa svaki dan stavlja njene slike, &#8216;uhodi&#8217; je na mre\u017ei i redovno objvaljuje sve novosti vezane uz Kolindu.\u00a0 Na glavu joj [&hellip;]<\/p>\n","protected":false},"author":2,"featured_media":131306,"comment_status":"closed","ping_status":"closed","sticky":false,"template":"","format":"standard","meta":{"h5ap_radio_sources":[],"footnotes":""},"categories":[1],"tags":[],"class_list":["post-131305","post","type-post","status-publish","format-standard","has-post-thumbnail","hentry","category-bihiregija"],"yoast_head":"<!-- This site is optimized with the Yoast SEO plugin v27.5 - https:\/\/yoast.com\/product\/yoast-seo-wordpress\/ -->\n<title>Mu\u0161karac se do u\u0161iju zaljubio u biv\u0161u predsjednicu, pi\u0161e joj ljubavna pisma: \u2018Volim svoj \u017eivot jer moj \u017eivot si ti Kolinda\u2018 - RADIO LJUBU\u0160KI<\/title>\n<meta name=\"robots\" content=\"index, follow, max-snippet:-1, max-image-preview:large, max-video-preview:-1\" \/>\n<link rel=\"canonical\" href=\"https:\/\/radioljubuski.ba\/index.php\/2022\/04\/11\/muskarac-se-do-usiju-zaljubio-u-bivsu-predsjednicu-pise-joj-ljubavna-pisma-volim-svoj-zivot-jer-moj-zivot-si-ti-kolinda\/\" \/>\n<meta property=\"og:locale\" content=\"hr_HR\" \/>\n<meta property=\"og:type\" content=\"article\" \/>\n<meta property=\"og:title\" content=\"Mu\u0161karac se do u\u0161iju zaljubio u biv\u0161u predsjednicu, pi\u0161e joj ljubavna pisma: \u2018Volim svoj \u017eivot jer moj \u017eivot si ti Kolinda\u2018 - RADIO LJUBU\u0160KI\" \/>\n<meta property=\"og:description\" content=\"Biv\u0161a hrvatska predsjednica Kolinda Grabar &#8211; Kitarovi\u0107 i dalje ima obo\u017eavatelje diljem svijeta. Jedan fan (pretpostavljamo mu\u0161karac, mogu\u0107e i zaljubljeni mladi\u0107, sude\u0107i po zaigranim srcima na Kolindinoj glavi)\u00a0joj je posvetio i instagram profil, skoro pa svaki dan stavlja njene slike, &#8216;uhodi&#8217; je na mre\u017ei i redovno objvaljuje sve novosti vezane uz Kolindu.\u00a0 Na glavu joj [&hellip;]\" \/>\n<meta property=\"og:url\" content=\"https:\/\/radioljubuski.ba\/index.php\/2022\/04\/11\/muskarac-se-do-usiju-zaljubio-u-bivsu-predsjednicu-pise-joj-ljubavna-pisma-volim-svoj-zivot-jer-moj-zivot-si-ti-kolinda\/\" \/>\n<meta property=\"og:site_name\" content=\"RADIO LJUBU\u0160KI\" \/>\n<meta property=\"article:publisher\" content=\"https:\/\/www.facebook.com\/Radiio-Ljubuski-1490835324566332\" \/>\n<meta property=\"article:published_time\" content=\"2022-04-11T06:45:59+00:00\" \/>\n<meta property=\"article:modified_time\" content=\"2022-04-11T06:46:00+00:00\" \/>\n<meta property=\"og:image\" content=\"https:\/\/radioljubuski.ba\/wp-content\/uploads\/2022\/04\/kolinda.jpg\" \/>\n\t<meta property=\"og:image:width\" content=\"1078\" \/>\n\t<meta property=\"og:image:height\" content=\"583\" \/>\n\t<meta property=\"og:image:type\" content=\"image\/jpeg\" \/>\n<meta name=\"author\" content=\"Radio Ljubu\u0161ki\" \/>\n<meta name=\"twitter:card\" content=\"summary_large_image\" \/>\n<meta name=\"twitter:creator\" content=\"@radioljubuski\" \/>\n<meta name=\"twitter:site\" content=\"@radioljubuski\" \/>\n<meta name=\"twitter:label1\" content=\"Napisao\/la\" \/>\n\t<meta name=\"twitter:data1\" content=\"Radio Ljubu\u0161ki\" \/>\n\t<meta name=\"twitter:label2\" content=\"Procijenjeno vrijeme \u010ditanja\" \/>\n\t<meta name=\"twitter:data2\" content=\"1 minuta\" \/>\n<script type=\"application\/ld+json\" class=\"yoast-schema-graph\">{\"@context\":\"https:\\\/\\\/schema.org\",\"@graph\":[{\"@type\":\"Article\",\"@id\":\"https:\\\/\\\/radioljubuski.ba\\\/index.php\\\/2022\\\/04\\\/11\\\/muskarac-se-do-usiju-zaljubio-u-bivsu-predsjednicu-pise-joj-ljubavna-pisma-volim-svoj-zivot-jer-moj-zivot-si-ti-kolinda\\\/#article\",\"isPartOf\":{\"@id\":\"https:\\\/\\\/radioljubuski.ba\\\/index.php\\\/2022\\\/04\\\/11\\\/muskarac-se-do-usiju-zaljubio-u-bivsu-predsjednicu-pise-joj-ljubavna-pisma-volim-svoj-zivot-jer-moj-zivot-si-ti-kolinda\\\/\"},\"author\":{\"name\":\"Radio Ljubu\u0161ki\",\"@id\":\"https:\\\/\\\/radioljubuski.ba\\\/#\\\/schema\\\/person\\\/19fc700381a780f69665d7956c469e3b\"},\"headline\":\"Mu\u0161karac se do u\u0161iju zaljubio u biv\u0161u predsjednicu, pi\u0161e joj ljubavna pisma: \u2018Volim svoj \u017eivot jer moj \u017eivot si ti Kolinda\u2018\",\"datePublished\":\"2022-04-11T06:45:59+00:00\",\"dateModified\":\"2022-04-11T06:46:00+00:00\",\"mainEntityOfPage\":{\"@id\":\"https:\\\/\\\/radioljubuski.ba\\\/index.php\\\/2022\\\/04\\\/11\\\/muskarac-se-do-usiju-zaljubio-u-bivsu-predsjednicu-pise-joj-ljubavna-pisma-volim-svoj-zivot-jer-moj-zivot-si-ti-kolinda\\\/\"},\"wordCount\":146,\"publisher\":{\"@id\":\"https:\\\/\\\/radioljubuski.ba\\\/#organization\"},\"image\":{\"@id\":\"https:\\\/\\\/radioljubuski.ba\\\/index.php\\\/2022\\\/04\\\/11\\\/muskarac-se-do-usiju-zaljubio-u-bivsu-predsjednicu-pise-joj-ljubavna-pisma-volim-svoj-zivot-jer-moj-zivot-si-ti-kolinda\\\/#primaryimage\"},\"thumbnailUrl\":\"https:\\\/\\\/radioljubuski.ba\\\/wp-content\\\/uploads\\\/2022\\\/04\\\/kolinda.jpg\",\"articleSection\":[\"BIH i regija\"],\"inLanguage\":\"hr\"},{\"@type\":\"WebPage\",\"@id\":\"https:\\\/\\\/radioljubuski.ba\\\/index.php\\\/2022\\\/04\\\/11\\\/muskarac-se-do-usiju-zaljubio-u-bivsu-predsjednicu-pise-joj-ljubavna-pisma-volim-svoj-zivot-jer-moj-zivot-si-ti-kolinda\\\/\",\"url\":\"https:\\\/\\\/radioljubuski.ba\\\/index.php\\\/2022\\\/04\\\/11\\\/muskarac-se-do-usiju-zaljubio-u-bivsu-predsjednicu-pise-joj-ljubavna-pisma-volim-svoj-zivot-jer-moj-zivot-si-ti-kolinda\\\/\",\"name\":\"Mu\u0161karac se do u\u0161iju zaljubio u biv\u0161u predsjednicu, pi\u0161e joj ljubavna pisma: \u2018Volim svoj \u017eivot jer moj \u017eivot si ti Kolinda\u2018 - RADIO LJUBU\u0160KI\",\"isPartOf\":{\"@id\":\"https:\\\/\\\/radioljubuski.ba\\\/#website\"},\"primaryImageOfPage\":{\"@id\":\"https:\\\/\\\/radioljubuski.ba\\\/index.php\\\/2022\\\/04\\\/11\\\/muskarac-se-do-usiju-zaljubio-u-bivsu-predsjednicu-pise-joj-ljubavna-pisma-volim-svoj-zivot-jer-moj-zivot-si-ti-kolinda\\\/#primaryimage\"},\"image\":{\"@id\":\"https:\\\/\\\/radioljubuski.ba\\\/index.php\\\/2022\\\/04\\\/11\\\/muskarac-se-do-usiju-zaljubio-u-bivsu-predsjednicu-pise-joj-ljubavna-pisma-volim-svoj-zivot-jer-moj-zivot-si-ti-kolinda\\\/#primaryimage\"},\"thumbnailUrl\":\"https:\\\/\\\/radioljubuski.ba\\\/wp-content\\\/uploads\\\/2022\\\/04\\\/kolinda.jpg\",\"datePublished\":\"2022-04-11T06:45:59+00:00\",\"dateModified\":\"2022-04-11T06:46:00+00:00\",\"breadcrumb\":{\"@id\":\"https:\\\/\\\/radioljubuski.ba\\\/index.php\\\/2022\\\/04\\\/11\\\/muskarac-se-do-usiju-zaljubio-u-bivsu-predsjednicu-pise-joj-ljubavna-pisma-volim-svoj-zivot-jer-moj-zivot-si-ti-kolinda\\\/#breadcrumb\"},\"inLanguage\":\"hr\",\"potentialAction\":[{\"@type\":\"ReadAction\",\"target\":[\"https:\\\/\\\/radioljubuski.ba\\\/index.php\\\/2022\\\/04\\\/11\\\/muskarac-se-do-usiju-zaljubio-u-bivsu-predsjednicu-pise-joj-ljubavna-pisma-volim-svoj-zivot-jer-moj-zivot-si-ti-kolinda\\\/\"]}]},{\"@type\":\"ImageObject\",\"inLanguage\":\"hr\",\"@id\":\"https:\\\/\\\/radioljubuski.ba\\\/index.php\\\/2022\\\/04\\\/11\\\/muskarac-se-do-usiju-zaljubio-u-bivsu-predsjednicu-pise-joj-ljubavna-pisma-volim-svoj-zivot-jer-moj-zivot-si-ti-kolinda\\\/#primaryimage\",\"url\":\"https:\\\/\\\/radioljubuski.ba\\\/wp-content\\\/uploads\\\/2022\\\/04\\\/kolinda.jpg\",\"contentUrl\":\"https:\\\/\\\/radioljubuski.ba\\\/wp-content\\\/uploads\\\/2022\\\/04\\\/kolinda.jpg\",\"width\":1078,\"height\":583},{\"@type\":\"BreadcrumbList\",\"@id\":\"https:\\\/\\\/radioljubuski.ba\\\/index.php\\\/2022\\\/04\\\/11\\\/muskarac-se-do-usiju-zaljubio-u-bivsu-predsjednicu-pise-joj-ljubavna-pisma-volim-svoj-zivot-jer-moj-zivot-si-ti-kolinda\\\/#breadcrumb\",\"itemListElement\":[{\"@type\":\"ListItem\",\"position\":1,\"name\":\"Po\u010detna stranica\",\"item\":\"https:\\\/\\\/radioljubuski.ba\\\/\"},{\"@type\":\"ListItem\",\"position\":2,\"name\":\"Mu\u0161karac se do u\u0161iju zaljubio u biv\u0161u predsjednicu, pi\u0161e joj ljubavna pisma: \u2018Volim svoj \u017eivot jer moj \u017eivot si ti Kolinda\u2018\"}]},{\"@type\":\"WebSite\",\"@id\":\"https:\\\/\\\/radioljubuski.ba\\\/#website\",\"url\":\"https:\\\/\\\/radioljubuski.ba\\\/\",\"name\":\"Radio Ljubu\u0161ki\",\"description\":\"Sun\u010dana frekvencija Hercegovine\",\"publisher\":{\"@id\":\"https:\\\/\\\/radioljubuski.ba\\\/#organization\"},\"potentialAction\":[{\"@type\":\"SearchAction\",\"target\":{\"@type\":\"EntryPoint\",\"urlTemplate\":\"https:\\\/\\\/radioljubuski.ba\\\/?s={search_term_string}\"},\"query-input\":{\"@type\":\"PropertyValueSpecification\",\"valueRequired\":true,\"valueName\":\"search_term_string\"}}],\"inLanguage\":\"hr\"},{\"@type\":\"Organization\",\"@id\":\"https:\\\/\\\/radioljubuski.ba\\\/#organization\",\"name\":\"Radio Ljubu\u0161ki\",\"url\":\"https:\\\/\\\/radioljubuski.ba\\\/\",\"logo\":{\"@type\":\"ImageObject\",\"inLanguage\":\"hr\",\"@id\":\"https:\\\/\\\/radioljubuski.ba\\\/#\\\/schema\\\/logo\\\/image\\\/\",\"url\":\"https:\\\/\\\/radioljubuski.ba\\\/wp-content\\\/uploads\\\/2021\\\/02\\\/cropped-Radio_Ljubuski_logo1.jpg\",\"contentUrl\":\"https:\\\/\\\/radioljubuski.ba\\\/wp-content\\\/uploads\\\/2021\\\/02\\\/cropped-Radio_Ljubuski_logo1.jpg\",\"width\":512,\"height\":512,\"caption\":\"Radio Ljubu\u0161ki\"},\"image\":{\"@id\":\"https:\\\/\\\/radioljubuski.ba\\\/#\\\/schema\\\/logo\\\/image\\\/\"},\"sameAs\":[\"https:\\\/\\\/www.facebook.com\\\/Radiio-Ljubuski-1490835324566332\",\"https:\\\/\\\/x.com\\\/radioljubuski\",\"https:\\\/\\\/hr.linkedin.com\\\/company\\\/radio-ljubuski\",\"https:\\\/\\\/www.youtube.com\\\/channel\\\/UCHYaeO_n0Db3tjNGudGpXyw\"]},{\"@type\":\"Person\",\"@id\":\"https:\\\/\\\/radioljubuski.ba\\\/#\\\/schema\\\/person\\\/19fc700381a780f69665d7956c469e3b\",\"name\":\"Radio Ljubu\u0161ki\"}]}<\/script>\n<!-- \/ Yoast SEO plugin. -->","yoast_head_json":{"title":"Mu\u0161karac se do u\u0161iju zaljubio u biv\u0161u predsjednicu, pi\u0161e joj ljubavna pisma: \u2018Volim svoj \u017eivot jer moj \u017eivot si ti Kolinda\u2018 - RADIO LJUBU\u0160KI","robots":{"index":"index","follow":"follow","max-snippet":"max-snippet:-1","max-image-preview":"max-image-preview:large","max-video-preview":"max-video-preview:-1"},"canonical":"https:\/\/radioljubuski.ba\/index.php\/2022\/04\/11\/muskarac-se-do-usiju-zaljubio-u-bivsu-predsjednicu-pise-joj-ljubavna-pisma-volim-svoj-zivot-jer-moj-zivot-si-ti-kolinda\/","og_locale":"hr_HR","og_type":"article","og_title":"Mu\u0161karac se do u\u0161iju zaljubio u biv\u0161u predsjednicu, pi\u0161e joj ljubavna pisma: \u2018Volim svoj \u017eivot jer moj \u017eivot si ti Kolinda\u2018 - RADIO LJUBU\u0160KI","og_description":"Biv\u0161a hrvatska predsjednica Kolinda Grabar &#8211; Kitarovi\u0107 i dalje ima obo\u017eavatelje diljem svijeta. Jedan fan (pretpostavljamo mu\u0161karac, mogu\u0107e i zaljubljeni mladi\u0107, sude\u0107i po zaigranim srcima na Kolindinoj glavi)\u00a0joj je posvetio i instagram profil, skoro pa svaki dan stavlja njene slike, &#8216;uhodi&#8217; je na mre\u017ei i redovno objvaljuje sve novosti vezane uz Kolindu.\u00a0 Na glavu joj [&hellip;]","og_url":"https:\/\/radioljubuski.ba\/index.php\/2022\/04\/11\/muskarac-se-do-usiju-zaljubio-u-bivsu-predsjednicu-pise-joj-ljubavna-pisma-volim-svoj-zivot-jer-moj-zivot-si-ti-kolinda\/","og_site_name":"RADIO LJUBU\u0160KI","article_publisher":"https:\/\/www.facebook.com\/Radiio-Ljubuski-1490835324566332","article_published_time":"2022-04-11T06:45:59+00:00","article_modified_time":"2022-04-11T06:46:00+00:00","og_image":[{"width":1078,"height":583,"url":"https:\/\/radioljubuski.ba\/wp-content\/uploads\/2022\/04\/kolinda.jpg","type":"image\/jpeg"}],"author":"Radio Ljubu\u0161ki","twitter_card":"summary_large_image","twitter_creator":"@radioljubuski","twitter_site":"@radioljubuski","twitter_misc":{"Napisao\/la":"Radio Ljubu\u0161ki","Procijenjeno vrijeme \u010ditanja":"1 minuta"},"schema":{"@context":"https:\/\/schema.org","@graph":[{"@type":"Article","@id":"https:\/\/radioljubuski.ba\/index.php\/2022\/04\/11\/muskarac-se-do-usiju-zaljubio-u-bivsu-predsjednicu-pise-joj-ljubavna-pisma-volim-svoj-zivot-jer-moj-zivot-si-ti-kolinda\/#article","isPartOf":{"@id":"https:\/\/radioljubuski.ba\/index.php\/2022\/04\/11\/muskarac-se-do-usiju-zaljubio-u-bivsu-predsjednicu-pise-joj-ljubavna-pisma-volim-svoj-zivot-jer-moj-zivot-si-ti-kolinda\/"},"author":{"name":"Radio Ljubu\u0161ki","@id":"https:\/\/radioljubuski.ba\/#\/schema\/person\/19fc700381a780f69665d7956c469e3b"},"headline":"Mu\u0161karac se do u\u0161iju zaljubio u biv\u0161u predsjednicu, pi\u0161e joj ljubavna pisma: \u2018Volim svoj \u017eivot jer moj \u017eivot si ti Kolinda\u2018","datePublished":"2022-04-11T06:45:59+00:00","dateModified":"2022-04-11T06:46:00+00:00","mainEntityOfPage":{"@id":"https:\/\/radioljubuski.ba\/index.php\/2022\/04\/11\/muskarac-se-do-usiju-zaljubio-u-bivsu-predsjednicu-pise-joj-ljubavna-pisma-volim-svoj-zivot-jer-moj-zivot-si-ti-kolinda\/"},"wordCount":146,"publisher":{"@id":"https:\/\/radioljubuski.ba\/#organization"},"image":{"@id":"https:\/\/radioljubuski.ba\/index.php\/2022\/04\/11\/muskarac-se-do-usiju-zaljubio-u-bivsu-predsjednicu-pise-joj-ljubavna-pisma-volim-svoj-zivot-jer-moj-zivot-si-ti-kolinda\/#primaryimage"},"thumbnailUrl":"https:\/\/radioljubuski.ba\/wp-content\/uploads\/2022\/04\/kolinda.jpg","articleSection":["BIH i regija"],"inLanguage":"hr"},{"@type":"WebPage","@id":"https:\/\/radioljubuski.ba\/index.php\/2022\/04\/11\/muskarac-se-do-usiju-zaljubio-u-bivsu-predsjednicu-pise-joj-ljubavna-pisma-volim-svoj-zivot-jer-moj-zivot-si-ti-kolinda\/","url":"https:\/\/radioljubuski.ba\/index.php\/2022\/04\/11\/muskarac-se-do-usiju-zaljubio-u-bivsu-predsjednicu-pise-joj-ljubavna-pisma-volim-svoj-zivot-jer-moj-zivot-si-ti-kolinda\/","name":"Mu\u0161karac se do u\u0161iju zaljubio u biv\u0161u predsjednicu, pi\u0161e joj ljubavna pisma: \u2018Volim svoj \u017eivot jer moj \u017eivot si ti Kolinda\u2018 - RADIO LJUBU\u0160KI","isPartOf":{"@id":"https:\/\/radioljubuski.ba\/#website"},"primaryImageOfPage":{"@id":"https:\/\/radioljubuski.ba\/index.php\/2022\/04\/11\/muskarac-se-do-usiju-zaljubio-u-bivsu-predsjednicu-pise-joj-ljubavna-pisma-volim-svoj-zivot-jer-moj-zivot-si-ti-kolinda\/#primaryimage"},"image":{"@id":"https:\/\/radioljubuski.ba\/index.php\/2022\/04\/11\/muskarac-se-do-usiju-zaljubio-u-bivsu-predsjednicu-pise-joj-ljubavna-pisma-volim-svoj-zivot-jer-moj-zivot-si-ti-kolinda\/#primaryimage"},"thumbnailUrl":"https:\/\/radioljubuski.ba\/wp-content\/uploads\/2022\/04\/kolinda.jpg","datePublished":"2022-04-11T06:45:59+00:00","dateModified":"2022-04-11T06:46:00+00:00","breadcrumb":{"@id":"https:\/\/radioljubuski.ba\/index.php\/2022\/04\/11\/muskarac-se-do-usiju-zaljubio-u-bivsu-predsjednicu-pise-joj-ljubavna-pisma-volim-svoj-zivot-jer-moj-zivot-si-ti-kolinda\/#breadcrumb"},"inLanguage":"hr","potentialAction":[{"@type":"ReadAction","target":["https:\/\/radioljubuski.ba\/index.php\/2022\/04\/11\/muskarac-se-do-usiju-zaljubio-u-bivsu-predsjednicu-pise-joj-ljubavna-pisma-volim-svoj-zivot-jer-moj-zivot-si-ti-kolinda\/"]}]},{"@type":"ImageObject","inLanguage":"hr","@id":"https:\/\/radioljubuski.ba\/index.php\/2022\/04\/11\/muskarac-se-do-usiju-zaljubio-u-bivsu-predsjednicu-pise-joj-ljubavna-pisma-volim-svoj-zivot-jer-moj-zivot-si-ti-kolinda\/#primaryimage","url":"https:\/\/radioljubuski.ba\/wp-content\/uploads\/2022\/04\/kolinda.jpg","contentUrl":"https:\/\/radioljubuski.ba\/wp-content\/uploads\/2022\/04\/kolinda.jpg","width":1078,"height":583},{"@type":"BreadcrumbList","@id":"https:\/\/radioljubuski.ba\/index.php\/2022\/04\/11\/muskarac-se-do-usiju-zaljubio-u-bivsu-predsjednicu-pise-joj-ljubavna-pisma-volim-svoj-zivot-jer-moj-zivot-si-ti-kolinda\/#breadcrumb","itemListElement":[{"@type":"ListItem","position":1,"name":"Po\u010detna stranica","item":"https:\/\/radioljubuski.ba\/"},{"@type":"ListItem","position":2,"name":"Mu\u0161karac se do u\u0161iju zaljubio u biv\u0161u predsjednicu, pi\u0161e joj ljubavna pisma: \u2018Volim svoj \u017eivot jer moj \u017eivot si ti Kolinda\u2018"}]},{"@type":"WebSite","@id":"https:\/\/radioljubuski.ba\/#website","url":"https:\/\/radioljubuski.ba\/","name":"Radio Ljubu\u0161ki","description":"Sun\u010dana frekvencija Hercegovine","publisher":{"@id":"https:\/\/radioljubuski.ba\/#organization"},"potentialAction":[{"@type":"SearchAction","target":{"@type":"EntryPoint","urlTemplate":"https:\/\/radioljubuski.ba\/?s={search_term_string}"},"query-input":{"@type":"PropertyValueSpecification","valueRequired":true,"valueName":"search_term_string"}}],"inLanguage":"hr"},{"@type":"Organization","@id":"https:\/\/radioljubuski.ba\/#organization","name":"Radio Ljubu\u0161ki","url":"https:\/\/radioljubuski.ba\/","logo":{"@type":"ImageObject","inLanguage":"hr","@id":"https:\/\/radioljubuski.ba\/#\/schema\/logo\/image\/","url":"https:\/\/radioljubuski.ba\/wp-content\/uploads\/2021\/02\/cropped-Radio_Ljubuski_logo1.jpg","contentUrl":"https:\/\/radioljubuski.ba\/wp-content\/uploads\/2021\/02\/cropped-Radio_Ljubuski_logo1.jpg","width":512,"height":512,"caption":"Radio Ljubu\u0161ki"},"image":{"@id":"https:\/\/radioljubuski.ba\/#\/schema\/logo\/image\/"},"sameAs":["https:\/\/www.facebook.com\/Radiio-Ljubuski-1490835324566332","https:\/\/x.com\/radioljubuski","https:\/\/hr.linkedin.com\/company\/radio-ljubuski","https:\/\/www.youtube.com\/channel\/UCHYaeO_n0Db3tjNGudGpXyw"]},{"@type":"Person","@id":"https:\/\/radioljubuski.ba\/#\/schema\/person\/19fc700381a780f69665d7956c469e3b","name":"Radio Ljubu\u0161ki"}]}},"_links":{"self":[{"href":"https:\/\/radioljubuski.ba\/index.php\/wp-json\/wp\/v2\/posts\/131305","targetHints":{"allow":["GET"]}}],"collection":[{"href":"https:\/\/radioljubuski.ba\/index.php\/wp-json\/wp\/v2\/posts"}],"about":[{"href":"https:\/\/radioljubuski.ba\/index.php\/wp-json\/wp\/v2\/types\/post"}],"author":[{"embeddable":true,"href":"https:\/\/radioljubuski.ba\/index.php\/wp-json\/wp\/v2\/users\/2"}],"replies":[{"embeddable":true,"href":"https:\/\/radioljubuski.ba\/index.php\/wp-json\/wp\/v2\/comments?post=131305"}],"version-history":[{"count":1,"href":"https:\/\/radioljubuski.ba\/index.php\/wp-json\/wp\/v2\/posts\/131305\/revisions"}],"predecessor-version":[{"id":131307,"href":"https:\/\/radioljubuski.ba\/index.php\/wp-json\/wp\/v2\/posts\/131305\/revisions\/131307"}],"wp:featuredmedia":[{"embeddable":true,"href":"https:\/\/radioljubuski.ba\/index.php\/wp-json\/wp\/v2\/media\/131306"}],"wp:attachment":[{"href":"https:\/\/radioljubuski.ba\/index.php\/wp-json\/wp\/v2\/media?parent=131305"}],"wp:term":[{"taxonomy":"category","embeddable":true,"href":"https:\/\/radioljubuski.ba\/index.php\/wp-json\/wp\/v2\/categories?post=131305"},{"taxonomy":"post_tag","embeddable":true,"href":"https:\/\/radioljubuski.ba\/index.php\/wp-json\/wp\/v2\/tags?post=131305"}],"curies":[{"name":"wp","href":"https:\/\/api.w.org\/{rel}","templated":true}]}}