{"id":131308,"date":"2022-04-11T07:48:32","date_gmt":"2022-04-11T06:48:32","guid":{"rendered":"https:\/\/radioljubuski.ba\/?p=131308"},"modified":"2022-04-11T07:48:33","modified_gmt":"2022-04-11T06:48:33","slug":"merkel-na-stupu-srama-gaze-ju-i-prijatelji-i-suradnici-upozoravali-smo-je-nije-slusala","status":"publish","type":"post","link":"https:\/\/radioljubuski.ba\/index.php\/2022\/04\/11\/merkel-na-stupu-srama-gaze-ju-i-prijatelji-i-suradnici-upozoravali-smo-je-nije-slusala\/","title":{"rendered":"Merkel na stupu srama, \u2018gaze\u2018 ju i prijatelji i suradnici: \u2018Upozoravali smo je, nije slu\u0161ala&#8230;\u2018"},"content":{"rendered":"\n<p><strong>Ugled&nbsp;<\/strong>Angele Merkel posljednjih je tjedana u Njema\u010dkoj prili\u010dno naru\u0161en, pi\u0161e Telegraph. ,Nakon invazije na Ukrajinu, biv\u0161i ministri koji su slu\u017eili u njenom mandatu, redom se odri\u010du njezine vanjske politike.<\/p>\n\n\n\n<p>&#8216;Nikad u \u017eivotu nisam mislio da \u0107emo u\u0107i u takvu krizu s Rusijom&#8217;, rekao je Wolfgang Sch\u00e4uble, biv\u0161i ministar financija tijekom Merkeli\u010dinog mandata.<\/p>\n\n\n\n<p>&#8216;I ja sam mislio da moramo sura\u0111ivati \u200b\u200bs Rusijom. Danas znam: pogrije\u0161io sam, svi smo pogrije\u0161ili.\u201d<\/p>\n\n\n\n<p>&#8216;Suo\u010deni smo s gorkim saznanjem&#8217;, rekao je njema\u010dki predsjednik Frank-Walter Steinmeier, koji je za vrijeme Angele Merkel bio ministar vanjskih poslova.<\/p>\n\n\n\n<p>&#8216;Dr\u017eali smo se izgra\u0111enih mostova u koje Rusija vi\u0161e nije vjerovala i na koje su nas na\u0161i partneri upozoravali. Bio sam u krivu, ali nisam bio jedini&#8217;, kazao je.<br>Ali \u017eena u sredi\u0161tu svih tih zbivanja bila je prkosna. Merkel je dala kratku izjavu u kojoj osu\u0111uje invaziju na Ukrajinu, no ka\u017ee da &#8216;ostaje pri svojoj odluci&#8217; iz 2008. godine da blokira \u010dlanstvo Ukrajine u NATO-u.<\/p>\n\n\n\n<p>Osim toga, nije rekla vi\u0161e ni\u0161ta, ostavljaju\u0107i Njema\u010dkoj da razmatra njezinu ostav\u0161tinu samo nekoliko mjeseci nakon \u0161to je oti\u0161la u mirovinu kao jedan od najve\u0107ih kancelara u njema\u010dkoj povijesti.<\/p>\n\n\n\n<p>&#8216;Merkeli\u010dino toksi\u010dno naslije\u0111e jo\u0161 \u0107e dugo zaokupljati ovu zemlju&#8217;, grmio je Alexander Marguier, urednik konzervativnog \u010dasopisa Cicero i dugogodi\u0161nji kriti\u010dar Angele Merkel.<\/p>\n\n\n\n<p>Na pitanje je li Merkel totalno krivo shvatila Vladimira Putina tijekom svojih 16 godina na vlasti, zamjenik \u0161efa Bundestaga iz redova CDU-a, Johann Wadephul, rekao je da je vrijeme da biv\u0161a kancelarka objasni neke stvari.<\/p>\n\n\n\n<p>&#8216;Nadam se da \u0107e Angela Merkel uskoro prona\u0107i vremena i prilike da detaljnije prokomentira svoju politiku prema Rusiji&#8217;, rekao je Wadephul.<\/p>\n\n\n\n<p>Rat u Ukrajini nije posve poni\u0161tio njezino naslije\u0111e, ve\u0107 je bacio neugodno svjetlo na one dijelove njezine vladavine koje bi ve\u0107ina Nijemaca radije zaboravila.<\/p>\n\n\n\n<p>Postignu\u0107a zbog kojih su je slavili prije samo nekoliko mjeseci, i dalje su netaknuta. Bolesnu njema\u010dku ekonomiju je pretvorila u ekonomsku snagu kakva je danas.<\/p>\n\n\n\n<p>Provela je Europsku uniju kroz krizu uvo\u0111enja eura i Brexit, a blok je ostao jedinstven.<\/p>\n\n\n\n<p>Ali ukrajinski rat rasvijetlio je manje uspje\u0161na podru\u010dja njezine ostav\u0161tine.<\/p>\n\n\n\n<p>Biv\u0161a kancelarka bila je toliko popularna da se Olaf Scholz kandidirao kao njezin nasljednik unato\u010d tome \u0161to dolazi iz suparni\u010dke stranke. \u010cak je njezinu \u010duvenu pozu uzeo kao svoj za\u0161titni znak.<\/p>\n\n\n\n<p>Ali on je u nekoliko dana nakon ruske invazije na Ukrajinu, poni\u0161tio mnoge njezine va\u017ene odluke.<\/p>\n\n\n\n<p>Napu\u0161ten je projekt plinovoda Sjeverni tok 2, kao i \u010ditava energetska politika zbog koje je Njema\u010dku bila ovisna o ruskom plinu.<\/p>\n\n\n\n<p>Tako\u0111er, najavio je novo veliko ulaganje u obranu Njema\u010dke od \u010dak 100 milijardi eura i obe\u0107ao da \u0107e Njema\u010dka kona\u010dno ispuniti ciljeve NATO-a o vojnoj potro\u0161nji.<\/p>\n\n\n\n<p><strong>Izvor: Abcportal.info<\/strong><\/p>\n","protected":false},"excerpt":{"rendered":"<p>Ugled&nbsp;Angele Merkel posljednjih je tjedana u Njema\u010dkoj prili\u010dno naru\u0161en, pi\u0161e Telegraph. ,Nakon invazije na Ukrajinu, biv\u0161i ministri koji su slu\u017eili u njenom mandatu, redom se odri\u010du njezine vanjske politike. &#8216;Nikad u \u017eivotu nisam mislio da \u0107emo u\u0107i u takvu krizu s Rusijom&#8217;, rekao je Wolfgang Sch\u00e4uble, biv\u0161i ministar financija tijekom Merkeli\u010dinog mandata. &#8216;I ja sam [&hellip;]<\/p>\n","protected":false},"author":2,"featured_media":97874,"comment_status":"closed","ping_status":"closed","sticky":false,"template":"","format":"standard","meta":{"h5ap_radio_sources":[],"footnotes":""},"categories":[1],"tags":[],"class_list":["post-131308","post","type-post","status-publish","format-standard","has-post-thumbnail","hentry","category-bihiregija"],"yoast_head":"<!-- This site is optimized with the Yoast SEO plugin v27.5 - https:\/\/yoast.com\/product\/yoast-seo-wordpress\/ -->\n<title>Merkel na stupu srama, \u2018gaze\u2018 ju i prijatelji i suradnici: \u2018Upozoravali smo je, nije slu\u0161ala...\u2018 - RADIO LJUBU\u0160KI<\/title>\n<meta name=\"robots\" content=\"index, follow, max-snippet:-1, max-image-preview:large, max-video-preview:-1\" \/>\n<link rel=\"canonical\" href=\"https:\/\/radioljubuski.ba\/index.php\/2022\/04\/11\/merkel-na-stupu-srama-gaze-ju-i-prijatelji-i-suradnici-upozoravali-smo-je-nije-slusala\/\" \/>\n<meta property=\"og:locale\" content=\"hr_HR\" \/>\n<meta property=\"og:type\" content=\"article\" \/>\n<meta property=\"og:title\" content=\"Merkel na stupu srama, \u2018gaze\u2018 ju i prijatelji i suradnici: \u2018Upozoravali smo je, nije slu\u0161ala...\u2018 - RADIO LJUBU\u0160KI\" \/>\n<meta property=\"og:description\" content=\"Ugled&nbsp;Angele Merkel posljednjih je tjedana u Njema\u010dkoj prili\u010dno naru\u0161en, pi\u0161e Telegraph. ,Nakon invazije na Ukrajinu, biv\u0161i ministri koji su slu\u017eili u njenom mandatu, redom se odri\u010du njezine vanjske politike. &#8216;Nikad u \u017eivotu nisam mislio da \u0107emo u\u0107i u takvu krizu s Rusijom&#8217;, rekao je Wolfgang Sch\u00e4uble, biv\u0161i ministar financija tijekom Merkeli\u010dinog mandata. &#8216;I ja sam [&hellip;]\" \/>\n<meta property=\"og:url\" content=\"https:\/\/radioljubuski.ba\/index.php\/2022\/04\/11\/merkel-na-stupu-srama-gaze-ju-i-prijatelji-i-suradnici-upozoravali-smo-je-nije-slusala\/\" \/>\n<meta property=\"og:site_name\" content=\"RADIO LJUBU\u0160KI\" \/>\n<meta property=\"article:publisher\" content=\"https:\/\/www.facebook.com\/Radiio-Ljubuski-1490835324566332\" \/>\n<meta property=\"article:published_time\" content=\"2022-04-11T06:48:32+00:00\" \/>\n<meta property=\"article:modified_time\" content=\"2022-04-11T06:48:33+00:00\" \/>\n<meta property=\"og:image\" content=\"https:\/\/radioljubuski.ba\/wp-content\/uploads\/2021\/12\/Angela-Merkel-1.jpg\" \/>\n\t<meta property=\"og:image:width\" content=\"750\" \/>\n\t<meta property=\"og:image:height\" content=\"500\" \/>\n\t<meta property=\"og:image:type\" content=\"image\/jpeg\" \/>\n<meta name=\"author\" content=\"Radio Ljubu\u0161ki\" \/>\n<meta name=\"twitter:card\" content=\"summary_large_image\" \/>\n<meta name=\"twitter:creator\" content=\"@radioljubuski\" \/>\n<meta name=\"twitter:site\" content=\"@radioljubuski\" \/>\n<meta name=\"twitter:label1\" content=\"Napisao\/la\" \/>\n\t<meta name=\"twitter:data1\" content=\"Radio Ljubu\u0161ki\" \/>\n\t<meta name=\"twitter:label2\" content=\"Procijenjeno vrijeme \u010ditanja\" \/>\n\t<meta name=\"twitter:data2\" content=\"2 minute\" \/>\n<script type=\"application\/ld+json\" class=\"yoast-schema-graph\">{\"@context\":\"https:\\\/\\\/schema.org\",\"@graph\":[{\"@type\":\"Article\",\"@id\":\"https:\\\/\\\/radioljubuski.ba\\\/index.php\\\/2022\\\/04\\\/11\\\/merkel-na-stupu-srama-gaze-ju-i-prijatelji-i-suradnici-upozoravali-smo-je-nije-slusala\\\/#article\",\"isPartOf\":{\"@id\":\"https:\\\/\\\/radioljubuski.ba\\\/index.php\\\/2022\\\/04\\\/11\\\/merkel-na-stupu-srama-gaze-ju-i-prijatelji-i-suradnici-upozoravali-smo-je-nije-slusala\\\/\"},\"author\":{\"name\":\"Radio Ljubu\u0161ki\",\"@id\":\"https:\\\/\\\/radioljubuski.ba\\\/#\\\/schema\\\/person\\\/19fc700381a780f69665d7956c469e3b\"},\"headline\":\"Merkel na stupu srama, \u2018gaze\u2018 ju i prijatelji i suradnici: \u2018Upozoravali smo je, nije slu\u0161ala&#8230;\u2018\",\"datePublished\":\"2022-04-11T06:48:32+00:00\",\"dateModified\":\"2022-04-11T06:48:33+00:00\",\"mainEntityOfPage\":{\"@id\":\"https:\\\/\\\/radioljubuski.ba\\\/index.php\\\/2022\\\/04\\\/11\\\/merkel-na-stupu-srama-gaze-ju-i-prijatelji-i-suradnici-upozoravali-smo-je-nije-slusala\\\/\"},\"wordCount\":507,\"publisher\":{\"@id\":\"https:\\\/\\\/radioljubuski.ba\\\/#organization\"},\"image\":{\"@id\":\"https:\\\/\\\/radioljubuski.ba\\\/index.php\\\/2022\\\/04\\\/11\\\/merkel-na-stupu-srama-gaze-ju-i-prijatelji-i-suradnici-upozoravali-smo-je-nije-slusala\\\/#primaryimage\"},\"thumbnailUrl\":\"https:\\\/\\\/radioljubuski.ba\\\/wp-content\\\/uploads\\\/2021\\\/12\\\/Angela-Merkel-1.jpg\",\"articleSection\":[\"BIH i regija\"],\"inLanguage\":\"hr\"},{\"@type\":\"WebPage\",\"@id\":\"https:\\\/\\\/radioljubuski.ba\\\/index.php\\\/2022\\\/04\\\/11\\\/merkel-na-stupu-srama-gaze-ju-i-prijatelji-i-suradnici-upozoravali-smo-je-nije-slusala\\\/\",\"url\":\"https:\\\/\\\/radioljubuski.ba\\\/index.php\\\/2022\\\/04\\\/11\\\/merkel-na-stupu-srama-gaze-ju-i-prijatelji-i-suradnici-upozoravali-smo-je-nije-slusala\\\/\",\"name\":\"Merkel na stupu srama, \u2018gaze\u2018 ju i prijatelji i suradnici: \u2018Upozoravali smo je, nije slu\u0161ala...\u2018 - RADIO LJUBU\u0160KI\",\"isPartOf\":{\"@id\":\"https:\\\/\\\/radioljubuski.ba\\\/#website\"},\"primaryImageOfPage\":{\"@id\":\"https:\\\/\\\/radioljubuski.ba\\\/index.php\\\/2022\\\/04\\\/11\\\/merkel-na-stupu-srama-gaze-ju-i-prijatelji-i-suradnici-upozoravali-smo-je-nije-slusala\\\/#primaryimage\"},\"image\":{\"@id\":\"https:\\\/\\\/radioljubuski.ba\\\/index.php\\\/2022\\\/04\\\/11\\\/merkel-na-stupu-srama-gaze-ju-i-prijatelji-i-suradnici-upozoravali-smo-je-nije-slusala\\\/#primaryimage\"},\"thumbnailUrl\":\"https:\\\/\\\/radioljubuski.ba\\\/wp-content\\\/uploads\\\/2021\\\/12\\\/Angela-Merkel-1.jpg\",\"datePublished\":\"2022-04-11T06:48:32+00:00\",\"dateModified\":\"2022-04-11T06:48:33+00:00\",\"breadcrumb\":{\"@id\":\"https:\\\/\\\/radioljubuski.ba\\\/index.php\\\/2022\\\/04\\\/11\\\/merkel-na-stupu-srama-gaze-ju-i-prijatelji-i-suradnici-upozoravali-smo-je-nije-slusala\\\/#breadcrumb\"},\"inLanguage\":\"hr\",\"potentialAction\":[{\"@type\":\"ReadAction\",\"target\":[\"https:\\\/\\\/radioljubuski.ba\\\/index.php\\\/2022\\\/04\\\/11\\\/merkel-na-stupu-srama-gaze-ju-i-prijatelji-i-suradnici-upozoravali-smo-je-nije-slusala\\\/\"]}]},{\"@type\":\"ImageObject\",\"inLanguage\":\"hr\",\"@id\":\"https:\\\/\\\/radioljubuski.ba\\\/index.php\\\/2022\\\/04\\\/11\\\/merkel-na-stupu-srama-gaze-ju-i-prijatelji-i-suradnici-upozoravali-smo-je-nije-slusala\\\/#primaryimage\",\"url\":\"https:\\\/\\\/radioljubuski.ba\\\/wp-content\\\/uploads\\\/2021\\\/12\\\/Angela-Merkel-1.jpg\",\"contentUrl\":\"https:\\\/\\\/radioljubuski.ba\\\/wp-content\\\/uploads\\\/2021\\\/12\\\/Angela-Merkel-1.jpg\",\"width\":750,\"height\":500},{\"@type\":\"BreadcrumbList\",\"@id\":\"https:\\\/\\\/radioljubuski.ba\\\/index.php\\\/2022\\\/04\\\/11\\\/merkel-na-stupu-srama-gaze-ju-i-prijatelji-i-suradnici-upozoravali-smo-je-nije-slusala\\\/#breadcrumb\",\"itemListElement\":[{\"@type\":\"ListItem\",\"position\":1,\"name\":\"Po\u010detna stranica\",\"item\":\"https:\\\/\\\/radioljubuski.ba\\\/\"},{\"@type\":\"ListItem\",\"position\":2,\"name\":\"Merkel na stupu srama, \u2018gaze\u2018 ju i prijatelji i suradnici: \u2018Upozoravali smo je, nije slu\u0161ala&#8230;\u2018\"}]},{\"@type\":\"WebSite\",\"@id\":\"https:\\\/\\\/radioljubuski.ba\\\/#website\",\"url\":\"https:\\\/\\\/radioljubuski.ba\\\/\",\"name\":\"Radio Ljubu\u0161ki\",\"description\":\"Sun\u010dana frekvencija Hercegovine\",\"publisher\":{\"@id\":\"https:\\\/\\\/radioljubuski.ba\\\/#organization\"},\"potentialAction\":[{\"@type\":\"SearchAction\",\"target\":{\"@type\":\"EntryPoint\",\"urlTemplate\":\"https:\\\/\\\/radioljubuski.ba\\\/?s={search_term_string}\"},\"query-input\":{\"@type\":\"PropertyValueSpecification\",\"valueRequired\":true,\"valueName\":\"search_term_string\"}}],\"inLanguage\":\"hr\"},{\"@type\":\"Organization\",\"@id\":\"https:\\\/\\\/radioljubuski.ba\\\/#organization\",\"name\":\"Radio Ljubu\u0161ki\",\"url\":\"https:\\\/\\\/radioljubuski.ba\\\/\",\"logo\":{\"@type\":\"ImageObject\",\"inLanguage\":\"hr\",\"@id\":\"https:\\\/\\\/radioljubuski.ba\\\/#\\\/schema\\\/logo\\\/image\\\/\",\"url\":\"https:\\\/\\\/radioljubuski.ba\\\/wp-content\\\/uploads\\\/2021\\\/02\\\/cropped-Radio_Ljubuski_logo1.jpg\",\"contentUrl\":\"https:\\\/\\\/radioljubuski.ba\\\/wp-content\\\/uploads\\\/2021\\\/02\\\/cropped-Radio_Ljubuski_logo1.jpg\",\"width\":512,\"height\":512,\"caption\":\"Radio Ljubu\u0161ki\"},\"image\":{\"@id\":\"https:\\\/\\\/radioljubuski.ba\\\/#\\\/schema\\\/logo\\\/image\\\/\"},\"sameAs\":[\"https:\\\/\\\/www.facebook.com\\\/Radiio-Ljubuski-1490835324566332\",\"https:\\\/\\\/x.com\\\/radioljubuski\",\"https:\\\/\\\/hr.linkedin.com\\\/company\\\/radio-ljubuski\",\"https:\\\/\\\/www.youtube.com\\\/channel\\\/UCHYaeO_n0Db3tjNGudGpXyw\"]},{\"@type\":\"Person\",\"@id\":\"https:\\\/\\\/radioljubuski.ba\\\/#\\\/schema\\\/person\\\/19fc700381a780f69665d7956c469e3b\",\"name\":\"Radio Ljubu\u0161ki\"}]}<\/script>\n<!-- \/ Yoast SEO plugin. -->","yoast_head_json":{"title":"Merkel na stupu srama, \u2018gaze\u2018 ju i prijatelji i suradnici: \u2018Upozoravali smo je, nije slu\u0161ala...\u2018 - RADIO LJUBU\u0160KI","robots":{"index":"index","follow":"follow","max-snippet":"max-snippet:-1","max-image-preview":"max-image-preview:large","max-video-preview":"max-video-preview:-1"},"canonical":"https:\/\/radioljubuski.ba\/index.php\/2022\/04\/11\/merkel-na-stupu-srama-gaze-ju-i-prijatelji-i-suradnici-upozoravali-smo-je-nije-slusala\/","og_locale":"hr_HR","og_type":"article","og_title":"Merkel na stupu srama, \u2018gaze\u2018 ju i prijatelji i suradnici: \u2018Upozoravali smo je, nije slu\u0161ala...\u2018 - RADIO LJUBU\u0160KI","og_description":"Ugled&nbsp;Angele Merkel posljednjih je tjedana u Njema\u010dkoj prili\u010dno naru\u0161en, pi\u0161e Telegraph. ,Nakon invazije na Ukrajinu, biv\u0161i ministri koji su slu\u017eili u njenom mandatu, redom se odri\u010du njezine vanjske politike. &#8216;Nikad u \u017eivotu nisam mislio da \u0107emo u\u0107i u takvu krizu s Rusijom&#8217;, rekao je Wolfgang Sch\u00e4uble, biv\u0161i ministar financija tijekom Merkeli\u010dinog mandata. &#8216;I ja sam [&hellip;]","og_url":"https:\/\/radioljubuski.ba\/index.php\/2022\/04\/11\/merkel-na-stupu-srama-gaze-ju-i-prijatelji-i-suradnici-upozoravali-smo-je-nije-slusala\/","og_site_name":"RADIO LJUBU\u0160KI","article_publisher":"https:\/\/www.facebook.com\/Radiio-Ljubuski-1490835324566332","article_published_time":"2022-04-11T06:48:32+00:00","article_modified_time":"2022-04-11T06:48:33+00:00","og_image":[{"width":750,"height":500,"url":"https:\/\/radioljubuski.ba\/wp-content\/uploads\/2021\/12\/Angela-Merkel-1.jpg","type":"image\/jpeg"}],"author":"Radio Ljubu\u0161ki","twitter_card":"summary_large_image","twitter_creator":"@radioljubuski","twitter_site":"@radioljubuski","twitter_misc":{"Napisao\/la":"Radio Ljubu\u0161ki","Procijenjeno vrijeme \u010ditanja":"2 minute"},"schema":{"@context":"https:\/\/schema.org","@graph":[{"@type":"Article","@id":"https:\/\/radioljubuski.ba\/index.php\/2022\/04\/11\/merkel-na-stupu-srama-gaze-ju-i-prijatelji-i-suradnici-upozoravali-smo-je-nije-slusala\/#article","isPartOf":{"@id":"https:\/\/radioljubuski.ba\/index.php\/2022\/04\/11\/merkel-na-stupu-srama-gaze-ju-i-prijatelji-i-suradnici-upozoravali-smo-je-nije-slusala\/"},"author":{"name":"Radio Ljubu\u0161ki","@id":"https:\/\/radioljubuski.ba\/#\/schema\/person\/19fc700381a780f69665d7956c469e3b"},"headline":"Merkel na stupu srama, \u2018gaze\u2018 ju i prijatelji i suradnici: \u2018Upozoravali smo je, nije slu\u0161ala&#8230;\u2018","datePublished":"2022-04-11T06:48:32+00:00","dateModified":"2022-04-11T06:48:33+00:00","mainEntityOfPage":{"@id":"https:\/\/radioljubuski.ba\/index.php\/2022\/04\/11\/merkel-na-stupu-srama-gaze-ju-i-prijatelji-i-suradnici-upozoravali-smo-je-nije-slusala\/"},"wordCount":507,"publisher":{"@id":"https:\/\/radioljubuski.ba\/#organization"},"image":{"@id":"https:\/\/radioljubuski.ba\/index.php\/2022\/04\/11\/merkel-na-stupu-srama-gaze-ju-i-prijatelji-i-suradnici-upozoravali-smo-je-nije-slusala\/#primaryimage"},"thumbnailUrl":"https:\/\/radioljubuski.ba\/wp-content\/uploads\/2021\/12\/Angela-Merkel-1.jpg","articleSection":["BIH i regija"],"inLanguage":"hr"},{"@type":"WebPage","@id":"https:\/\/radioljubuski.ba\/index.php\/2022\/04\/11\/merkel-na-stupu-srama-gaze-ju-i-prijatelji-i-suradnici-upozoravali-smo-je-nije-slusala\/","url":"https:\/\/radioljubuski.ba\/index.php\/2022\/04\/11\/merkel-na-stupu-srama-gaze-ju-i-prijatelji-i-suradnici-upozoravali-smo-je-nije-slusala\/","name":"Merkel na stupu srama, \u2018gaze\u2018 ju i prijatelji i suradnici: \u2018Upozoravali smo je, nije slu\u0161ala...\u2018 - RADIO LJUBU\u0160KI","isPartOf":{"@id":"https:\/\/radioljubuski.ba\/#website"},"primaryImageOfPage":{"@id":"https:\/\/radioljubuski.ba\/index.php\/2022\/04\/11\/merkel-na-stupu-srama-gaze-ju-i-prijatelji-i-suradnici-upozoravali-smo-je-nije-slusala\/#primaryimage"},"image":{"@id":"https:\/\/radioljubuski.ba\/index.php\/2022\/04\/11\/merkel-na-stupu-srama-gaze-ju-i-prijatelji-i-suradnici-upozoravali-smo-je-nije-slusala\/#primaryimage"},"thumbnailUrl":"https:\/\/radioljubuski.ba\/wp-content\/uploads\/2021\/12\/Angela-Merkel-1.jpg","datePublished":"2022-04-11T06:48:32+00:00","dateModified":"2022-04-11T06:48:33+00:00","breadcrumb":{"@id":"https:\/\/radioljubuski.ba\/index.php\/2022\/04\/11\/merkel-na-stupu-srama-gaze-ju-i-prijatelji-i-suradnici-upozoravali-smo-je-nije-slusala\/#breadcrumb"},"inLanguage":"hr","potentialAction":[{"@type":"ReadAction","target":["https:\/\/radioljubuski.ba\/index.php\/2022\/04\/11\/merkel-na-stupu-srama-gaze-ju-i-prijatelji-i-suradnici-upozoravali-smo-je-nije-slusala\/"]}]},{"@type":"ImageObject","inLanguage":"hr","@id":"https:\/\/radioljubuski.ba\/index.php\/2022\/04\/11\/merkel-na-stupu-srama-gaze-ju-i-prijatelji-i-suradnici-upozoravali-smo-je-nije-slusala\/#primaryimage","url":"https:\/\/radioljubuski.ba\/wp-content\/uploads\/2021\/12\/Angela-Merkel-1.jpg","contentUrl":"https:\/\/radioljubuski.ba\/wp-content\/uploads\/2021\/12\/Angela-Merkel-1.jpg","width":750,"height":500},{"@type":"BreadcrumbList","@id":"https:\/\/radioljubuski.ba\/index.php\/2022\/04\/11\/merkel-na-stupu-srama-gaze-ju-i-prijatelji-i-suradnici-upozoravali-smo-je-nije-slusala\/#breadcrumb","itemListElement":[{"@type":"ListItem","position":1,"name":"Po\u010detna stranica","item":"https:\/\/radioljubuski.ba\/"},{"@type":"ListItem","position":2,"name":"Merkel na stupu srama, \u2018gaze\u2018 ju i prijatelji i suradnici: \u2018Upozoravali smo je, nije slu\u0161ala&#8230;\u2018"}]},{"@type":"WebSite","@id":"https:\/\/radioljubuski.ba\/#website","url":"https:\/\/radioljubuski.ba\/","name":"Radio Ljubu\u0161ki","description":"Sun\u010dana frekvencija Hercegovine","publisher":{"@id":"https:\/\/radioljubuski.ba\/#organization"},"potentialAction":[{"@type":"SearchAction","target":{"@type":"EntryPoint","urlTemplate":"https:\/\/radioljubuski.ba\/?s={search_term_string}"},"query-input":{"@type":"PropertyValueSpecification","valueRequired":true,"valueName":"search_term_string"}}],"inLanguage":"hr"},{"@type":"Organization","@id":"https:\/\/radioljubuski.ba\/#organization","name":"Radio Ljubu\u0161ki","url":"https:\/\/radioljubuski.ba\/","logo":{"@type":"ImageObject","inLanguage":"hr","@id":"https:\/\/radioljubuski.ba\/#\/schema\/logo\/image\/","url":"https:\/\/radioljubuski.ba\/wp-content\/uploads\/2021\/02\/cropped-Radio_Ljubuski_logo1.jpg","contentUrl":"https:\/\/radioljubuski.ba\/wp-content\/uploads\/2021\/02\/cropped-Radio_Ljubuski_logo1.jpg","width":512,"height":512,"caption":"Radio Ljubu\u0161ki"},"image":{"@id":"https:\/\/radioljubuski.ba\/#\/schema\/logo\/image\/"},"sameAs":["https:\/\/www.facebook.com\/Radiio-Ljubuski-1490835324566332","https:\/\/x.com\/radioljubuski","https:\/\/hr.linkedin.com\/company\/radio-ljubuski","https:\/\/www.youtube.com\/channel\/UCHYaeO_n0Db3tjNGudGpXyw"]},{"@type":"Person","@id":"https:\/\/radioljubuski.ba\/#\/schema\/person\/19fc700381a780f69665d7956c469e3b","name":"Radio Ljubu\u0161ki"}]}},"_links":{"self":[{"href":"https:\/\/radioljubuski.ba\/index.php\/wp-json\/wp\/v2\/posts\/131308","targetHints":{"allow":["GET"]}}],"collection":[{"href":"https:\/\/radioljubuski.ba\/index.php\/wp-json\/wp\/v2\/posts"}],"about":[{"href":"https:\/\/radioljubuski.ba\/index.php\/wp-json\/wp\/v2\/types\/post"}],"author":[{"embeddable":true,"href":"https:\/\/radioljubuski.ba\/index.php\/wp-json\/wp\/v2\/users\/2"}],"replies":[{"embeddable":true,"href":"https:\/\/radioljubuski.ba\/index.php\/wp-json\/wp\/v2\/comments?post=131308"}],"version-history":[{"count":1,"href":"https:\/\/radioljubuski.ba\/index.php\/wp-json\/wp\/v2\/posts\/131308\/revisions"}],"predecessor-version":[{"id":131309,"href":"https:\/\/radioljubuski.ba\/index.php\/wp-json\/wp\/v2\/posts\/131308\/revisions\/131309"}],"wp:featuredmedia":[{"embeddable":true,"href":"https:\/\/radioljubuski.ba\/index.php\/wp-json\/wp\/v2\/media\/97874"}],"wp:attachment":[{"href":"https:\/\/radioljubuski.ba\/index.php\/wp-json\/wp\/v2\/media?parent=131308"}],"wp:term":[{"taxonomy":"category","embeddable":true,"href":"https:\/\/radioljubuski.ba\/index.php\/wp-json\/wp\/v2\/categories?post=131308"},{"taxonomy":"post_tag","embeddable":true,"href":"https:\/\/radioljubuski.ba\/index.php\/wp-json\/wp\/v2\/tags?post=131308"}],"curies":[{"name":"wp","href":"https:\/\/api.w.org\/{rel}","templated":true}]}}