{"id":131376,"date":"2022-04-11T09:45:09","date_gmt":"2022-04-11T08:45:09","guid":{"rendered":"https:\/\/radioljubuski.ba\/?p=131376"},"modified":"2022-04-11T09:45:10","modified_gmt":"2022-04-11T08:45:10","slug":"gasi-se-sve-vise-poduzeca-i-tvrtki-u-bih","status":"publish","type":"post","link":"https:\/\/radioljubuski.ba\/index.php\/2022\/04\/11\/gasi-se-sve-vise-poduzeca-i-tvrtki-u-bih\/","title":{"rendered":"Gasi se sve vi\u0161e poduze\u0107a i tvrtki u BiH"},"content":{"rendered":"\n<p>Zna\u010dajan broj tvrtki u Bosni i Hercegovini svakodnevno se gasi, a u prilog tome govori i podatak da je za samo desetak dana u ste\u010daj ili likvidaciju oti\u0161lo vi\u0161e od 80 poduze\u0107a. <\/p>\n\n\n\n<p>Ekonomski stru\u010dnjaci tvrde da nas o\u010dekuje ekonomska kriza ve\u0107a i od one iz 1933. kada se cijeli svijet suo\u010dio s ga\u0161enjem brojnih gospodarskih subjekata, masovnom nezaposleno\u0161\u0107u i deflacijom. <\/p>\n\n\n\n<p>Veliki broj poduze\u0107a su izbrisani iz sudskog registra i vi\u0161e ne postoje.  P<\/p>\n\n\n\n<p>oduze\u0107e \u201cZrak\u201d u skorije vrijeme o\u010dekuje ista sudbina &#8211; odlazak u ste\u010daj. <\/p>\n\n\n\n<p>Proizvodnja je obustavljena, a radnici nisu dobili osam pla\u0107a.<\/p>\n\n\n\n<p>&#8221;Mi o\u010dekujemo neki najcrnji scenarij, da \u0107emo oti\u0107i u ste\u010daj, po rije\u010dima ministra D\u017eindi\u0107a u kontrolirani ste\u010daj, naravno mi znamo da nijedan ste\u010daj ne\u0107e biti kontroliran, da nijedan ste\u010daj nije donio ni\u0161ta dobro nijednoj tvrtki&#8221;,, ka\u017ee predsjednik Sindikalne organizacije Zrak Emir Kominlija. T<\/p>\n\n\n\n<p>rend ga\u0161enja tvrtki u nadolaze\u0107em razdoblju bit \u0107e nastavljen i ulazimo u jednu duboku krizu, prognoze su ekonomskih stru\u010dnjaka. <\/p>\n\n\n\n<p>&#8221;Neki misle da \u0107e ova kriza biti mnogo ve\u0107a nego od one 33. godine koja je dosada bila redovan sadr\u017eaj svih ekonomskih ud\u017ebenika kao najve\u0107a ekonomska kriza. Svi predvi\u0111aju, najumniji ekonomski ljudi predvi\u0111aju da je ovo mnogo ve\u0107a kriza da se svijet nikad nije upustio u ovoliku avanturu da ima daleko vi\u0161e novca nego \u0161to ima roba\u201c, smatra ekonomski analiti\u010dar Aleksa Milojevi\u0107, javlja BHRT. <\/p>\n\n\n\n<p>A vi\u0161e novca nego robe dovelo je do takozvane uznemirenosti tr\u017ei\u0161ta. <\/p>\n\n\n\n<p>Sna\u017ean rast cijena energije, sirovina i hrane, potaknut oporavkom od pandemijske krize, jo\u0161 vi\u0161e je ubrzan zbog rata u Ukrajini. <\/p>\n\n\n\n<p>&#8221;Imamo izazove kako na doma\u0107em tr\u017ei\u0161tu tako i na inostranom tr\u017ei\u0161tu, od Rusije, Ukrajine pa sve do zemalja EU. Na\u0161i izvoznici imaju problema sa naplatom potra\u017eivanja, realizacijom ugovora, ispunjenjem ugovora ili jo\u0161 gore nemogu\u0107nosti da ostvare nove poslove. To se neizravno prelijeva u BiH&#8221;, stava je ekonomski analiti\u010dar Admir \u010cavali\u0107. <\/p>\n\n\n\n<p>Ako se u skorije vrijeme ne poduzmu konkretne ekonomske mjere, Bosna i Hercegovina \u0107e se suo\u010diti sa porastom nezaposlenih, koje \u0107e uslijediti nakon \u0161to pojedine tvrtke stave klju\u010d u bravu.<\/p>\n\n\n\n<iframe loading=\"lazy\" width=\"560\" height=\"315\" src=\"https:\/\/www.youtube.com\/embed\/AIxKqUsB370\" title=\"YouTube video player\" frameborder=\"0\" allow=\"accelerometer; autoplay; clipboard-write; encrypted-media; gyroscope; picture-in-picture\" allowfullscreen><\/iframe>\n\n\n\n<p><strong>Izvor: Bljesak.info<\/strong> \/ BHRT<\/p>\n","protected":false},"excerpt":{"rendered":"<p>Zna\u010dajan broj tvrtki u Bosni i Hercegovini svakodnevno se gasi, a u prilog tome govori i podatak da je za samo desetak dana u ste\u010daj ili likvidaciju oti\u0161lo vi\u0161e od 80 poduze\u0107a. Ekonomski stru\u010dnjaci tvrde da nas o\u010dekuje ekonomska kriza ve\u0107a i od one iz 1933. kada se cijeli svijet suo\u010dio s ga\u0161enjem brojnih gospodarskih [&hellip;]<\/p>\n","protected":false},"author":2,"featured_media":22493,"comment_status":"closed","ping_status":"closed","sticky":false,"template":"","format":"standard","meta":{"h5ap_radio_sources":[],"footnotes":""},"categories":[1],"tags":[],"class_list":["post-131376","post","type-post","status-publish","format-standard","has-post-thumbnail","hentry","category-bihiregija"],"yoast_head":"<!-- This site is optimized with the Yoast SEO plugin v27.5 - https:\/\/yoast.com\/product\/yoast-seo-wordpress\/ -->\n<title>Gasi se sve vi\u0161e poduze\u0107a i tvrtki u BiH - RADIO LJUBU\u0160KI<\/title>\n<meta name=\"robots\" content=\"index, follow, max-snippet:-1, max-image-preview:large, max-video-preview:-1\" \/>\n<link rel=\"canonical\" href=\"https:\/\/radioljubuski.ba\/index.php\/2022\/04\/11\/gasi-se-sve-vise-poduzeca-i-tvrtki-u-bih\/\" \/>\n<meta property=\"og:locale\" content=\"hr_HR\" \/>\n<meta property=\"og:type\" content=\"article\" \/>\n<meta property=\"og:title\" content=\"Gasi se sve vi\u0161e poduze\u0107a i tvrtki u BiH - RADIO LJUBU\u0160KI\" \/>\n<meta property=\"og:description\" content=\"Zna\u010dajan broj tvrtki u Bosni i Hercegovini svakodnevno se gasi, a u prilog tome govori i podatak da je za samo desetak dana u ste\u010daj ili likvidaciju oti\u0161lo vi\u0161e od 80 poduze\u0107a. Ekonomski stru\u010dnjaci tvrde da nas o\u010dekuje ekonomska kriza ve\u0107a i od one iz 1933. kada se cijeli svijet suo\u010dio s ga\u0161enjem brojnih gospodarskih [&hellip;]\" \/>\n<meta property=\"og:url\" content=\"https:\/\/radioljubuski.ba\/index.php\/2022\/04\/11\/gasi-se-sve-vise-poduzeca-i-tvrtki-u-bih\/\" \/>\n<meta property=\"og:site_name\" content=\"RADIO LJUBU\u0160KI\" \/>\n<meta property=\"article:publisher\" content=\"https:\/\/www.facebook.com\/Radiio-Ljubuski-1490835324566332\" \/>\n<meta property=\"article:published_time\" content=\"2022-04-11T08:45:09+00:00\" \/>\n<meta property=\"article:modified_time\" content=\"2022-04-11T08:45:10+00:00\" \/>\n<meta property=\"og:image\" content=\"https:\/\/radioljubuski.ba\/wp-content\/uploads\/2021\/05\/CY7qFNnP_posao.jpg\" \/>\n\t<meta property=\"og:image:width\" content=\"1000\" \/>\n\t<meta property=\"og:image:height\" content=\"625\" \/>\n\t<meta property=\"og:image:type\" content=\"image\/jpeg\" \/>\n<meta name=\"author\" content=\"Radio Ljubu\u0161ki\" \/>\n<meta name=\"twitter:card\" content=\"summary_large_image\" \/>\n<meta name=\"twitter:creator\" content=\"@radioljubuski\" \/>\n<meta name=\"twitter:site\" content=\"@radioljubuski\" \/>\n<meta name=\"twitter:label1\" content=\"Napisao\/la\" \/>\n\t<meta name=\"twitter:data1\" content=\"Radio Ljubu\u0161ki\" \/>\n\t<meta name=\"twitter:label2\" content=\"Procijenjeno vrijeme \u010ditanja\" \/>\n\t<meta name=\"twitter:data2\" content=\"2 minute\" \/>\n<script type=\"application\/ld+json\" class=\"yoast-schema-graph\">{\"@context\":\"https:\\\/\\\/schema.org\",\"@graph\":[{\"@type\":\"Article\",\"@id\":\"https:\\\/\\\/radioljubuski.ba\\\/index.php\\\/2022\\\/04\\\/11\\\/gasi-se-sve-vise-poduzeca-i-tvrtki-u-bih\\\/#article\",\"isPartOf\":{\"@id\":\"https:\\\/\\\/radioljubuski.ba\\\/index.php\\\/2022\\\/04\\\/11\\\/gasi-se-sve-vise-poduzeca-i-tvrtki-u-bih\\\/\"},\"author\":{\"name\":\"Radio Ljubu\u0161ki\",\"@id\":\"https:\\\/\\\/radioljubuski.ba\\\/#\\\/schema\\\/person\\\/19fc700381a780f69665d7956c469e3b\"},\"headline\":\"Gasi se sve vi\u0161e poduze\u0107a i tvrtki u BiH\",\"datePublished\":\"2022-04-11T08:45:09+00:00\",\"dateModified\":\"2022-04-11T08:45:10+00:00\",\"mainEntityOfPage\":{\"@id\":\"https:\\\/\\\/radioljubuski.ba\\\/index.php\\\/2022\\\/04\\\/11\\\/gasi-se-sve-vise-poduzeca-i-tvrtki-u-bih\\\/\"},\"wordCount\":399,\"publisher\":{\"@id\":\"https:\\\/\\\/radioljubuski.ba\\\/#organization\"},\"image\":{\"@id\":\"https:\\\/\\\/radioljubuski.ba\\\/index.php\\\/2022\\\/04\\\/11\\\/gasi-se-sve-vise-poduzeca-i-tvrtki-u-bih\\\/#primaryimage\"},\"thumbnailUrl\":\"https:\\\/\\\/radioljubuski.ba\\\/wp-content\\\/uploads\\\/2021\\\/05\\\/CY7qFNnP_posao.jpg\",\"articleSection\":[\"BIH i regija\"],\"inLanguage\":\"hr\"},{\"@type\":\"WebPage\",\"@id\":\"https:\\\/\\\/radioljubuski.ba\\\/index.php\\\/2022\\\/04\\\/11\\\/gasi-se-sve-vise-poduzeca-i-tvrtki-u-bih\\\/\",\"url\":\"https:\\\/\\\/radioljubuski.ba\\\/index.php\\\/2022\\\/04\\\/11\\\/gasi-se-sve-vise-poduzeca-i-tvrtki-u-bih\\\/\",\"name\":\"Gasi se sve vi\u0161e poduze\u0107a i tvrtki u BiH - RADIO LJUBU\u0160KI\",\"isPartOf\":{\"@id\":\"https:\\\/\\\/radioljubuski.ba\\\/#website\"},\"primaryImageOfPage\":{\"@id\":\"https:\\\/\\\/radioljubuski.ba\\\/index.php\\\/2022\\\/04\\\/11\\\/gasi-se-sve-vise-poduzeca-i-tvrtki-u-bih\\\/#primaryimage\"},\"image\":{\"@id\":\"https:\\\/\\\/radioljubuski.ba\\\/index.php\\\/2022\\\/04\\\/11\\\/gasi-se-sve-vise-poduzeca-i-tvrtki-u-bih\\\/#primaryimage\"},\"thumbnailUrl\":\"https:\\\/\\\/radioljubuski.ba\\\/wp-content\\\/uploads\\\/2021\\\/05\\\/CY7qFNnP_posao.jpg\",\"datePublished\":\"2022-04-11T08:45:09+00:00\",\"dateModified\":\"2022-04-11T08:45:10+00:00\",\"breadcrumb\":{\"@id\":\"https:\\\/\\\/radioljubuski.ba\\\/index.php\\\/2022\\\/04\\\/11\\\/gasi-se-sve-vise-poduzeca-i-tvrtki-u-bih\\\/#breadcrumb\"},\"inLanguage\":\"hr\",\"potentialAction\":[{\"@type\":\"ReadAction\",\"target\":[\"https:\\\/\\\/radioljubuski.ba\\\/index.php\\\/2022\\\/04\\\/11\\\/gasi-se-sve-vise-poduzeca-i-tvrtki-u-bih\\\/\"]}]},{\"@type\":\"ImageObject\",\"inLanguage\":\"hr\",\"@id\":\"https:\\\/\\\/radioljubuski.ba\\\/index.php\\\/2022\\\/04\\\/11\\\/gasi-se-sve-vise-poduzeca-i-tvrtki-u-bih\\\/#primaryimage\",\"url\":\"https:\\\/\\\/radioljubuski.ba\\\/wp-content\\\/uploads\\\/2021\\\/05\\\/CY7qFNnP_posao.jpg\",\"contentUrl\":\"https:\\\/\\\/radioljubuski.ba\\\/wp-content\\\/uploads\\\/2021\\\/05\\\/CY7qFNnP_posao.jpg\",\"width\":1000,\"height\":625},{\"@type\":\"BreadcrumbList\",\"@id\":\"https:\\\/\\\/radioljubuski.ba\\\/index.php\\\/2022\\\/04\\\/11\\\/gasi-se-sve-vise-poduzeca-i-tvrtki-u-bih\\\/#breadcrumb\",\"itemListElement\":[{\"@type\":\"ListItem\",\"position\":1,\"name\":\"Po\u010detna stranica\",\"item\":\"https:\\\/\\\/radioljubuski.ba\\\/\"},{\"@type\":\"ListItem\",\"position\":2,\"name\":\"Gasi se sve vi\u0161e poduze\u0107a i tvrtki u BiH\"}]},{\"@type\":\"WebSite\",\"@id\":\"https:\\\/\\\/radioljubuski.ba\\\/#website\",\"url\":\"https:\\\/\\\/radioljubuski.ba\\\/\",\"name\":\"Radio Ljubu\u0161ki\",\"description\":\"Sun\u010dana frekvencija Hercegovine\",\"publisher\":{\"@id\":\"https:\\\/\\\/radioljubuski.ba\\\/#organization\"},\"potentialAction\":[{\"@type\":\"SearchAction\",\"target\":{\"@type\":\"EntryPoint\",\"urlTemplate\":\"https:\\\/\\\/radioljubuski.ba\\\/?s={search_term_string}\"},\"query-input\":{\"@type\":\"PropertyValueSpecification\",\"valueRequired\":true,\"valueName\":\"search_term_string\"}}],\"inLanguage\":\"hr\"},{\"@type\":\"Organization\",\"@id\":\"https:\\\/\\\/radioljubuski.ba\\\/#organization\",\"name\":\"Radio Ljubu\u0161ki\",\"url\":\"https:\\\/\\\/radioljubuski.ba\\\/\",\"logo\":{\"@type\":\"ImageObject\",\"inLanguage\":\"hr\",\"@id\":\"https:\\\/\\\/radioljubuski.ba\\\/#\\\/schema\\\/logo\\\/image\\\/\",\"url\":\"https:\\\/\\\/radioljubuski.ba\\\/wp-content\\\/uploads\\\/2021\\\/02\\\/cropped-Radio_Ljubuski_logo1.jpg\",\"contentUrl\":\"https:\\\/\\\/radioljubuski.ba\\\/wp-content\\\/uploads\\\/2021\\\/02\\\/cropped-Radio_Ljubuski_logo1.jpg\",\"width\":512,\"height\":512,\"caption\":\"Radio Ljubu\u0161ki\"},\"image\":{\"@id\":\"https:\\\/\\\/radioljubuski.ba\\\/#\\\/schema\\\/logo\\\/image\\\/\"},\"sameAs\":[\"https:\\\/\\\/www.facebook.com\\\/Radiio-Ljubuski-1490835324566332\",\"https:\\\/\\\/x.com\\\/radioljubuski\",\"https:\\\/\\\/hr.linkedin.com\\\/company\\\/radio-ljubuski\",\"https:\\\/\\\/www.youtube.com\\\/channel\\\/UCHYaeO_n0Db3tjNGudGpXyw\"]},{\"@type\":\"Person\",\"@id\":\"https:\\\/\\\/radioljubuski.ba\\\/#\\\/schema\\\/person\\\/19fc700381a780f69665d7956c469e3b\",\"name\":\"Radio Ljubu\u0161ki\"}]}<\/script>\n<!-- \/ Yoast SEO plugin. -->","yoast_head_json":{"title":"Gasi se sve vi\u0161e poduze\u0107a i tvrtki u BiH - RADIO LJUBU\u0160KI","robots":{"index":"index","follow":"follow","max-snippet":"max-snippet:-1","max-image-preview":"max-image-preview:large","max-video-preview":"max-video-preview:-1"},"canonical":"https:\/\/radioljubuski.ba\/index.php\/2022\/04\/11\/gasi-se-sve-vise-poduzeca-i-tvrtki-u-bih\/","og_locale":"hr_HR","og_type":"article","og_title":"Gasi se sve vi\u0161e poduze\u0107a i tvrtki u BiH - RADIO LJUBU\u0160KI","og_description":"Zna\u010dajan broj tvrtki u Bosni i Hercegovini svakodnevno se gasi, a u prilog tome govori i podatak da je za samo desetak dana u ste\u010daj ili likvidaciju oti\u0161lo vi\u0161e od 80 poduze\u0107a. Ekonomski stru\u010dnjaci tvrde da nas o\u010dekuje ekonomska kriza ve\u0107a i od one iz 1933. kada se cijeli svijet suo\u010dio s ga\u0161enjem brojnih gospodarskih [&hellip;]","og_url":"https:\/\/radioljubuski.ba\/index.php\/2022\/04\/11\/gasi-se-sve-vise-poduzeca-i-tvrtki-u-bih\/","og_site_name":"RADIO LJUBU\u0160KI","article_publisher":"https:\/\/www.facebook.com\/Radiio-Ljubuski-1490835324566332","article_published_time":"2022-04-11T08:45:09+00:00","article_modified_time":"2022-04-11T08:45:10+00:00","og_image":[{"width":1000,"height":625,"url":"https:\/\/radioljubuski.ba\/wp-content\/uploads\/2021\/05\/CY7qFNnP_posao.jpg","type":"image\/jpeg"}],"author":"Radio Ljubu\u0161ki","twitter_card":"summary_large_image","twitter_creator":"@radioljubuski","twitter_site":"@radioljubuski","twitter_misc":{"Napisao\/la":"Radio Ljubu\u0161ki","Procijenjeno vrijeme \u010ditanja":"2 minute"},"schema":{"@context":"https:\/\/schema.org","@graph":[{"@type":"Article","@id":"https:\/\/radioljubuski.ba\/index.php\/2022\/04\/11\/gasi-se-sve-vise-poduzeca-i-tvrtki-u-bih\/#article","isPartOf":{"@id":"https:\/\/radioljubuski.ba\/index.php\/2022\/04\/11\/gasi-se-sve-vise-poduzeca-i-tvrtki-u-bih\/"},"author":{"name":"Radio Ljubu\u0161ki","@id":"https:\/\/radioljubuski.ba\/#\/schema\/person\/19fc700381a780f69665d7956c469e3b"},"headline":"Gasi se sve vi\u0161e poduze\u0107a i tvrtki u BiH","datePublished":"2022-04-11T08:45:09+00:00","dateModified":"2022-04-11T08:45:10+00:00","mainEntityOfPage":{"@id":"https:\/\/radioljubuski.ba\/index.php\/2022\/04\/11\/gasi-se-sve-vise-poduzeca-i-tvrtki-u-bih\/"},"wordCount":399,"publisher":{"@id":"https:\/\/radioljubuski.ba\/#organization"},"image":{"@id":"https:\/\/radioljubuski.ba\/index.php\/2022\/04\/11\/gasi-se-sve-vise-poduzeca-i-tvrtki-u-bih\/#primaryimage"},"thumbnailUrl":"https:\/\/radioljubuski.ba\/wp-content\/uploads\/2021\/05\/CY7qFNnP_posao.jpg","articleSection":["BIH i regija"],"inLanguage":"hr"},{"@type":"WebPage","@id":"https:\/\/radioljubuski.ba\/index.php\/2022\/04\/11\/gasi-se-sve-vise-poduzeca-i-tvrtki-u-bih\/","url":"https:\/\/radioljubuski.ba\/index.php\/2022\/04\/11\/gasi-se-sve-vise-poduzeca-i-tvrtki-u-bih\/","name":"Gasi se sve vi\u0161e poduze\u0107a i tvrtki u BiH - RADIO LJUBU\u0160KI","isPartOf":{"@id":"https:\/\/radioljubuski.ba\/#website"},"primaryImageOfPage":{"@id":"https:\/\/radioljubuski.ba\/index.php\/2022\/04\/11\/gasi-se-sve-vise-poduzeca-i-tvrtki-u-bih\/#primaryimage"},"image":{"@id":"https:\/\/radioljubuski.ba\/index.php\/2022\/04\/11\/gasi-se-sve-vise-poduzeca-i-tvrtki-u-bih\/#primaryimage"},"thumbnailUrl":"https:\/\/radioljubuski.ba\/wp-content\/uploads\/2021\/05\/CY7qFNnP_posao.jpg","datePublished":"2022-04-11T08:45:09+00:00","dateModified":"2022-04-11T08:45:10+00:00","breadcrumb":{"@id":"https:\/\/radioljubuski.ba\/index.php\/2022\/04\/11\/gasi-se-sve-vise-poduzeca-i-tvrtki-u-bih\/#breadcrumb"},"inLanguage":"hr","potentialAction":[{"@type":"ReadAction","target":["https:\/\/radioljubuski.ba\/index.php\/2022\/04\/11\/gasi-se-sve-vise-poduzeca-i-tvrtki-u-bih\/"]}]},{"@type":"ImageObject","inLanguage":"hr","@id":"https:\/\/radioljubuski.ba\/index.php\/2022\/04\/11\/gasi-se-sve-vise-poduzeca-i-tvrtki-u-bih\/#primaryimage","url":"https:\/\/radioljubuski.ba\/wp-content\/uploads\/2021\/05\/CY7qFNnP_posao.jpg","contentUrl":"https:\/\/radioljubuski.ba\/wp-content\/uploads\/2021\/05\/CY7qFNnP_posao.jpg","width":1000,"height":625},{"@type":"BreadcrumbList","@id":"https:\/\/radioljubuski.ba\/index.php\/2022\/04\/11\/gasi-se-sve-vise-poduzeca-i-tvrtki-u-bih\/#breadcrumb","itemListElement":[{"@type":"ListItem","position":1,"name":"Po\u010detna stranica","item":"https:\/\/radioljubuski.ba\/"},{"@type":"ListItem","position":2,"name":"Gasi se sve vi\u0161e poduze\u0107a i tvrtki u BiH"}]},{"@type":"WebSite","@id":"https:\/\/radioljubuski.ba\/#website","url":"https:\/\/radioljubuski.ba\/","name":"Radio Ljubu\u0161ki","description":"Sun\u010dana frekvencija Hercegovine","publisher":{"@id":"https:\/\/radioljubuski.ba\/#organization"},"potentialAction":[{"@type":"SearchAction","target":{"@type":"EntryPoint","urlTemplate":"https:\/\/radioljubuski.ba\/?s={search_term_string}"},"query-input":{"@type":"PropertyValueSpecification","valueRequired":true,"valueName":"search_term_string"}}],"inLanguage":"hr"},{"@type":"Organization","@id":"https:\/\/radioljubuski.ba\/#organization","name":"Radio Ljubu\u0161ki","url":"https:\/\/radioljubuski.ba\/","logo":{"@type":"ImageObject","inLanguage":"hr","@id":"https:\/\/radioljubuski.ba\/#\/schema\/logo\/image\/","url":"https:\/\/radioljubuski.ba\/wp-content\/uploads\/2021\/02\/cropped-Radio_Ljubuski_logo1.jpg","contentUrl":"https:\/\/radioljubuski.ba\/wp-content\/uploads\/2021\/02\/cropped-Radio_Ljubuski_logo1.jpg","width":512,"height":512,"caption":"Radio Ljubu\u0161ki"},"image":{"@id":"https:\/\/radioljubuski.ba\/#\/schema\/logo\/image\/"},"sameAs":["https:\/\/www.facebook.com\/Radiio-Ljubuski-1490835324566332","https:\/\/x.com\/radioljubuski","https:\/\/hr.linkedin.com\/company\/radio-ljubuski","https:\/\/www.youtube.com\/channel\/UCHYaeO_n0Db3tjNGudGpXyw"]},{"@type":"Person","@id":"https:\/\/radioljubuski.ba\/#\/schema\/person\/19fc700381a780f69665d7956c469e3b","name":"Radio Ljubu\u0161ki"}]}},"_links":{"self":[{"href":"https:\/\/radioljubuski.ba\/index.php\/wp-json\/wp\/v2\/posts\/131376","targetHints":{"allow":["GET"]}}],"collection":[{"href":"https:\/\/radioljubuski.ba\/index.php\/wp-json\/wp\/v2\/posts"}],"about":[{"href":"https:\/\/radioljubuski.ba\/index.php\/wp-json\/wp\/v2\/types\/post"}],"author":[{"embeddable":true,"href":"https:\/\/radioljubuski.ba\/index.php\/wp-json\/wp\/v2\/users\/2"}],"replies":[{"embeddable":true,"href":"https:\/\/radioljubuski.ba\/index.php\/wp-json\/wp\/v2\/comments?post=131376"}],"version-history":[{"count":1,"href":"https:\/\/radioljubuski.ba\/index.php\/wp-json\/wp\/v2\/posts\/131376\/revisions"}],"predecessor-version":[{"id":131377,"href":"https:\/\/radioljubuski.ba\/index.php\/wp-json\/wp\/v2\/posts\/131376\/revisions\/131377"}],"wp:featuredmedia":[{"embeddable":true,"href":"https:\/\/radioljubuski.ba\/index.php\/wp-json\/wp\/v2\/media\/22493"}],"wp:attachment":[{"href":"https:\/\/radioljubuski.ba\/index.php\/wp-json\/wp\/v2\/media?parent=131376"}],"wp:term":[{"taxonomy":"category","embeddable":true,"href":"https:\/\/radioljubuski.ba\/index.php\/wp-json\/wp\/v2\/categories?post=131376"},{"taxonomy":"post_tag","embeddable":true,"href":"https:\/\/radioljubuski.ba\/index.php\/wp-json\/wp\/v2\/tags?post=131376"}],"curies":[{"name":"wp","href":"https:\/\/api.w.org\/{rel}","templated":true}]}}