{"id":131380,"date":"2022-04-11T10:05:05","date_gmt":"2022-04-11T09:05:05","guid":{"rendered":"https:\/\/radioljubuski.ba\/?p=131380"},"modified":"2022-04-11T10:05:06","modified_gmt":"2022-04-11T09:05:06","slug":"na-danasnji-dan-poginuo-robert-zadro-heroj-domovinskoga-rata","status":"publish","type":"post","link":"https:\/\/radioljubuski.ba\/index.php\/2022\/04\/11\/na-danasnji-dan-poginuo-robert-zadro-heroj-domovinskoga-rata\/","title":{"rendered":"Na dana\u0161nji dan poginuo Robert Zadro, heroj Domovinskoga rata"},"content":{"rendered":"\n<h5 class=\"wp-block-heading\">Robert Zadro, heroj Domovinskoga rata,<strong>&nbsp;zapovjednik legendarnog Turbo voda<\/strong>&nbsp;i sin&nbsp;Blage Zadre, poginuo je u 22. godini \u017eivota 10. travnja 1992., u bitci za Kupres, pet mjeseci nakon pada Vukovara.<\/h5>\n\n\n\n<p>Turbo vod je brojao&nbsp;<strong>18 ljudi<\/strong>, a \u0161est njih poginulo je u borbama za Vukovar. Bio je to pokretni interventni vod sastavljen od mladi\u0107a u prosjeku<strong>&nbsp;dvadesetak godina starih<\/strong>. Naoru\u017eani lakim pje\u0161a\u010dkim naoru\u017eanjem i s nekoliko protuoklopnih baca\u010da raketa, u borbi protiv vojske koja tenkovima nasr\u0107e na grad.<\/p>\n\n\n\n<p>Turbo vod bio je mobilna postrojba namijenjena za najte\u017ee zadatke koja bi po zapovijedi i\u0161la u dijelove grada u kojima\u00a0su se vodile najve\u0107e borbe. Njihov osnovni punkt bio je u Slavonskoj ulici, jednoj od ulica koja okomito izlazi na Trpinjsku ulicu, poznatu pod imenom \u201c<strong>groblje tenkova<\/strong>\u201c.<\/p>\n\n\n\n<p>Turbo vod je dobio ime na \u0161aljiv na\u010din, upravo onako kako su vukovarski heroji znali uljep\u0161avati stra\u0161nu ratnu svakodnevnicu. Naime, vidjeli su na TV da jedan srbijanski vojnik, koji se vratio iz Vukovara pun straha, govori kako \u201c<strong>turbo usta\u0161e<\/strong>\u201d bacaju bombe preko 300 metara daleko. \u0160aljivi Vukovarci su prema rije\u010dima ovoga prestra\u0161enoga srbijanskoga vojnika tako i nazvali ovaj interventni vod Zbora narodne garde.<\/p>\n\n\n\n<p>Brojni tenkovi i oklopna kola ostali su na ulicama Vukovara u borbama JNA i slavnoga Turbo voda.&nbsp;<strong>Vukovarska obrana<\/strong>&nbsp;kona\u010dno je slomljena u Borovu 19. i 20. studenoga. Ako se prizori iz razorenoga grada mogu nazvati paklom, zadnji dani obrane bili su njegov deveti krug.<\/p>\n\n\n\n<p>Turbo vod je ostao do kraja.<\/p>\n\n\n\n<p><strong>Ubijanje zarobljenih mladi\u0107a iz Turbo voda<\/strong><\/p>\n\n\n\n<p>Pad Vukovara za hrvatske mladi\u0107e i vojnike donio je iste scene koje su do\u017eivjeli njihovi djedovi 1945. Razularene horde s petokrakama (i kokardama) ubijali su zarobljene vojnike i civile prema istom obrascu i nadahnu\u0107u, obuzeti mr\u017enjom prema svemu hrvatskom, kao partizani nakon II. svjetskoga rata.<\/p>\n\n\n\n<p>S padom Vukovara do\u0161ao je trenutak kad su pripadnici voda morali donijeti<strong>&nbsp;odluku koja \u0107e zna\u010diti \u017eivot ili smrt<\/strong>. Predati se ili krenuti u proboj prema Vinkovcima, koji je zna\u010dio gotovo sigurnu smrt.<\/p>\n\n\n\n<p>Zapovjednik&nbsp;<strong>Robert Zadro<\/strong>&nbsp;najmla\u0111ima je savjetovao:&nbsp;<em>Obucite se u civilke i predajte se s ovih par tisu\u0107a civila iz Borovo Commerca. Zarobit \u0107e vas, niste slu\u017eili vojsku, dobit \u0107ete par \u0161amara, ali morat \u0107ete biti pu\u0161teni,<\/em>&nbsp;navodi Novi list.<\/p>\n\n\n\n<p><strong>Vjekoslav Jugec<\/strong>, 19-godi\u0161nji pripadnik Turbo voda, izdvojen je nakon predaje i ubijen je kao zarobljenik.&nbsp;<strong>Tomislav \u0160estan<\/strong>&nbsp;je izdvojen iz kolone i odveden u nepoznato. Grob mu nije poznat do dana\u0161njega dana.&nbsp;<strong>Mile Mlinari\u0107<\/strong>, zamjenik zapovjednika Turbo voda, ubijen je na Ov\u010dari.<\/p>\n\n\n\n<p><strong>Nevenko Mauzer<\/strong>, jedva star 18 godina, odveden je na strijeljanje. Dok su pred njegovim o\u010dima ubijali zarobljenike jednoga za drugim pucanjem u glavu, iskoristio je trenutak nepa\u017enje krvlju opijenih srbijanskih vojnika i uspio pobje\u0107i prema bobotskom kanalu.<\/p>\n\n\n\n<p>U Obu\u0107ari se na\u0161ao s ostalim pripadnicima Turbo voda. Njih petorica su oti\u0161li u proboj, a Mauzer svjedo\u010di da je&nbsp;<strong>Robert htio ostati<\/strong>&nbsp;u okupiranom Vukovaru i boriti se do smrti. Veliko srce sina velikoga oca.<\/p>\n\n\n\n<p>Pet mjeseci kasnije, Robert je&nbsp;<strong>poginuo na Kupresu<\/strong>. Kada bi netko htio snimiti film o Vukovaru, ima za podlogu tisu\u0107e pri\u010da. Ova o Turbo vodu te ocu i sinu Zadro bila bi idealan predlo\u017eak.<\/p>\n\n\n\n<p><strong>Izvor: Jabuka.tv<\/strong><\/p>\n","protected":false},"excerpt":{"rendered":"<p>Robert Zadro, heroj Domovinskoga rata,&nbsp;zapovjednik legendarnog Turbo voda&nbsp;i sin&nbsp;Blage Zadre, poginuo je u 22. godini \u017eivota 10. travnja 1992., u bitci za Kupres, pet mjeseci nakon pada Vukovara. Turbo vod je brojao&nbsp;18 ljudi, a \u0161est njih poginulo je u borbama za Vukovar. Bio je to pokretni interventni vod sastavljen od mladi\u0107a u prosjeku&nbsp;dvadesetak godina starih. [&hellip;]<\/p>\n","protected":false},"author":2,"featured_media":131381,"comment_status":"closed","ping_status":"closed","sticky":false,"template":"","format":"standard","meta":{"h5ap_radio_sources":[],"footnotes":""},"categories":[1],"tags":[],"class_list":["post-131380","post","type-post","status-publish","format-standard","has-post-thumbnail","hentry","category-bihiregija"],"yoast_head":"<!-- This site is optimized with the Yoast SEO plugin v27.5 - https:\/\/yoast.com\/product\/yoast-seo-wordpress\/ -->\n<title>Na dana\u0161nji dan poginuo Robert Zadro, heroj Domovinskoga rata - RADIO LJUBU\u0160KI<\/title>\n<meta name=\"robots\" content=\"index, follow, max-snippet:-1, max-image-preview:large, max-video-preview:-1\" \/>\n<link rel=\"canonical\" href=\"https:\/\/radioljubuski.ba\/index.php\/2022\/04\/11\/na-danasnji-dan-poginuo-robert-zadro-heroj-domovinskoga-rata\/\" \/>\n<meta property=\"og:locale\" content=\"hr_HR\" \/>\n<meta property=\"og:type\" content=\"article\" \/>\n<meta property=\"og:title\" content=\"Na dana\u0161nji dan poginuo Robert Zadro, heroj Domovinskoga rata - RADIO LJUBU\u0160KI\" \/>\n<meta property=\"og:description\" content=\"Robert Zadro, heroj Domovinskoga rata,&nbsp;zapovjednik legendarnog Turbo voda&nbsp;i sin&nbsp;Blage Zadre, poginuo je u 22. godini \u017eivota 10. travnja 1992., u bitci za Kupres, pet mjeseci nakon pada Vukovara. Turbo vod je brojao&nbsp;18 ljudi, a \u0161est njih poginulo je u borbama za Vukovar. Bio je to pokretni interventni vod sastavljen od mladi\u0107a u prosjeku&nbsp;dvadesetak godina starih. [&hellip;]\" \/>\n<meta property=\"og:url\" content=\"https:\/\/radioljubuski.ba\/index.php\/2022\/04\/11\/na-danasnji-dan-poginuo-robert-zadro-heroj-domovinskoga-rata\/\" \/>\n<meta property=\"og:site_name\" content=\"RADIO LJUBU\u0160KI\" \/>\n<meta property=\"article:publisher\" content=\"https:\/\/www.facebook.com\/Radiio-Ljubuski-1490835324566332\" \/>\n<meta property=\"article:published_time\" content=\"2022-04-11T09:05:05+00:00\" \/>\n<meta property=\"article:modified_time\" content=\"2022-04-11T09:05:06+00:00\" \/>\n<meta property=\"og:image\" content=\"https:\/\/radioljubuski.ba\/wp-content\/uploads\/2022\/04\/robert-i-blago-zadro-grob.jpg\" \/>\n\t<meta property=\"og:image:width\" content=\"1000\" \/>\n\t<meta property=\"og:image:height\" content=\"690\" \/>\n\t<meta property=\"og:image:type\" content=\"image\/jpeg\" \/>\n<meta name=\"author\" content=\"Radio Ljubu\u0161ki\" \/>\n<meta name=\"twitter:card\" content=\"summary_large_image\" \/>\n<meta name=\"twitter:creator\" content=\"@radioljubuski\" \/>\n<meta name=\"twitter:site\" content=\"@radioljubuski\" \/>\n<meta name=\"twitter:label1\" content=\"Napisao\/la\" \/>\n\t<meta name=\"twitter:data1\" content=\"Radio Ljubu\u0161ki\" \/>\n\t<meta name=\"twitter:label2\" content=\"Procijenjeno vrijeme \u010ditanja\" \/>\n\t<meta name=\"twitter:data2\" content=\"3 minute\" \/>\n<script type=\"application\/ld+json\" class=\"yoast-schema-graph\">{\"@context\":\"https:\\\/\\\/schema.org\",\"@graph\":[{\"@type\":\"Article\",\"@id\":\"https:\\\/\\\/radioljubuski.ba\\\/index.php\\\/2022\\\/04\\\/11\\\/na-danasnji-dan-poginuo-robert-zadro-heroj-domovinskoga-rata\\\/#article\",\"isPartOf\":{\"@id\":\"https:\\\/\\\/radioljubuski.ba\\\/index.php\\\/2022\\\/04\\\/11\\\/na-danasnji-dan-poginuo-robert-zadro-heroj-domovinskoga-rata\\\/\"},\"author\":{\"name\":\"Radio Ljubu\u0161ki\",\"@id\":\"https:\\\/\\\/radioljubuski.ba\\\/#\\\/schema\\\/person\\\/19fc700381a780f69665d7956c469e3b\"},\"headline\":\"Na dana\u0161nji dan poginuo Robert Zadro, heroj Domovinskoga rata\",\"datePublished\":\"2022-04-11T09:05:05+00:00\",\"dateModified\":\"2022-04-11T09:05:06+00:00\",\"mainEntityOfPage\":{\"@id\":\"https:\\\/\\\/radioljubuski.ba\\\/index.php\\\/2022\\\/04\\\/11\\\/na-danasnji-dan-poginuo-robert-zadro-heroj-domovinskoga-rata\\\/\"},\"wordCount\":576,\"publisher\":{\"@id\":\"https:\\\/\\\/radioljubuski.ba\\\/#organization\"},\"image\":{\"@id\":\"https:\\\/\\\/radioljubuski.ba\\\/index.php\\\/2022\\\/04\\\/11\\\/na-danasnji-dan-poginuo-robert-zadro-heroj-domovinskoga-rata\\\/#primaryimage\"},\"thumbnailUrl\":\"https:\\\/\\\/radioljubuski.ba\\\/wp-content\\\/uploads\\\/2022\\\/04\\\/robert-i-blago-zadro-grob.jpg\",\"articleSection\":[\"BIH i regija\"],\"inLanguage\":\"hr\"},{\"@type\":\"WebPage\",\"@id\":\"https:\\\/\\\/radioljubuski.ba\\\/index.php\\\/2022\\\/04\\\/11\\\/na-danasnji-dan-poginuo-robert-zadro-heroj-domovinskoga-rata\\\/\",\"url\":\"https:\\\/\\\/radioljubuski.ba\\\/index.php\\\/2022\\\/04\\\/11\\\/na-danasnji-dan-poginuo-robert-zadro-heroj-domovinskoga-rata\\\/\",\"name\":\"Na dana\u0161nji dan poginuo Robert Zadro, heroj Domovinskoga rata - RADIO LJUBU\u0160KI\",\"isPartOf\":{\"@id\":\"https:\\\/\\\/radioljubuski.ba\\\/#website\"},\"primaryImageOfPage\":{\"@id\":\"https:\\\/\\\/radioljubuski.ba\\\/index.php\\\/2022\\\/04\\\/11\\\/na-danasnji-dan-poginuo-robert-zadro-heroj-domovinskoga-rata\\\/#primaryimage\"},\"image\":{\"@id\":\"https:\\\/\\\/radioljubuski.ba\\\/index.php\\\/2022\\\/04\\\/11\\\/na-danasnji-dan-poginuo-robert-zadro-heroj-domovinskoga-rata\\\/#primaryimage\"},\"thumbnailUrl\":\"https:\\\/\\\/radioljubuski.ba\\\/wp-content\\\/uploads\\\/2022\\\/04\\\/robert-i-blago-zadro-grob.jpg\",\"datePublished\":\"2022-04-11T09:05:05+00:00\",\"dateModified\":\"2022-04-11T09:05:06+00:00\",\"breadcrumb\":{\"@id\":\"https:\\\/\\\/radioljubuski.ba\\\/index.php\\\/2022\\\/04\\\/11\\\/na-danasnji-dan-poginuo-robert-zadro-heroj-domovinskoga-rata\\\/#breadcrumb\"},\"inLanguage\":\"hr\",\"potentialAction\":[{\"@type\":\"ReadAction\",\"target\":[\"https:\\\/\\\/radioljubuski.ba\\\/index.php\\\/2022\\\/04\\\/11\\\/na-danasnji-dan-poginuo-robert-zadro-heroj-domovinskoga-rata\\\/\"]}]},{\"@type\":\"ImageObject\",\"inLanguage\":\"hr\",\"@id\":\"https:\\\/\\\/radioljubuski.ba\\\/index.php\\\/2022\\\/04\\\/11\\\/na-danasnji-dan-poginuo-robert-zadro-heroj-domovinskoga-rata\\\/#primaryimage\",\"url\":\"https:\\\/\\\/radioljubuski.ba\\\/wp-content\\\/uploads\\\/2022\\\/04\\\/robert-i-blago-zadro-grob.jpg\",\"contentUrl\":\"https:\\\/\\\/radioljubuski.ba\\\/wp-content\\\/uploads\\\/2022\\\/04\\\/robert-i-blago-zadro-grob.jpg\",\"width\":1000,\"height\":690},{\"@type\":\"BreadcrumbList\",\"@id\":\"https:\\\/\\\/radioljubuski.ba\\\/index.php\\\/2022\\\/04\\\/11\\\/na-danasnji-dan-poginuo-robert-zadro-heroj-domovinskoga-rata\\\/#breadcrumb\",\"itemListElement\":[{\"@type\":\"ListItem\",\"position\":1,\"name\":\"Po\u010detna stranica\",\"item\":\"https:\\\/\\\/radioljubuski.ba\\\/\"},{\"@type\":\"ListItem\",\"position\":2,\"name\":\"Na dana\u0161nji dan poginuo Robert Zadro, heroj Domovinskoga rata\"}]},{\"@type\":\"WebSite\",\"@id\":\"https:\\\/\\\/radioljubuski.ba\\\/#website\",\"url\":\"https:\\\/\\\/radioljubuski.ba\\\/\",\"name\":\"Radio Ljubu\u0161ki\",\"description\":\"Sun\u010dana frekvencija Hercegovine\",\"publisher\":{\"@id\":\"https:\\\/\\\/radioljubuski.ba\\\/#organization\"},\"potentialAction\":[{\"@type\":\"SearchAction\",\"target\":{\"@type\":\"EntryPoint\",\"urlTemplate\":\"https:\\\/\\\/radioljubuski.ba\\\/?s={search_term_string}\"},\"query-input\":{\"@type\":\"PropertyValueSpecification\",\"valueRequired\":true,\"valueName\":\"search_term_string\"}}],\"inLanguage\":\"hr\"},{\"@type\":\"Organization\",\"@id\":\"https:\\\/\\\/radioljubuski.ba\\\/#organization\",\"name\":\"Radio Ljubu\u0161ki\",\"url\":\"https:\\\/\\\/radioljubuski.ba\\\/\",\"logo\":{\"@type\":\"ImageObject\",\"inLanguage\":\"hr\",\"@id\":\"https:\\\/\\\/radioljubuski.ba\\\/#\\\/schema\\\/logo\\\/image\\\/\",\"url\":\"https:\\\/\\\/radioljubuski.ba\\\/wp-content\\\/uploads\\\/2021\\\/02\\\/cropped-Radio_Ljubuski_logo1.jpg\",\"contentUrl\":\"https:\\\/\\\/radioljubuski.ba\\\/wp-content\\\/uploads\\\/2021\\\/02\\\/cropped-Radio_Ljubuski_logo1.jpg\",\"width\":512,\"height\":512,\"caption\":\"Radio Ljubu\u0161ki\"},\"image\":{\"@id\":\"https:\\\/\\\/radioljubuski.ba\\\/#\\\/schema\\\/logo\\\/image\\\/\"},\"sameAs\":[\"https:\\\/\\\/www.facebook.com\\\/Radiio-Ljubuski-1490835324566332\",\"https:\\\/\\\/x.com\\\/radioljubuski\",\"https:\\\/\\\/hr.linkedin.com\\\/company\\\/radio-ljubuski\",\"https:\\\/\\\/www.youtube.com\\\/channel\\\/UCHYaeO_n0Db3tjNGudGpXyw\"]},{\"@type\":\"Person\",\"@id\":\"https:\\\/\\\/radioljubuski.ba\\\/#\\\/schema\\\/person\\\/19fc700381a780f69665d7956c469e3b\",\"name\":\"Radio Ljubu\u0161ki\"}]}<\/script>\n<!-- \/ Yoast SEO plugin. -->","yoast_head_json":{"title":"Na dana\u0161nji dan poginuo Robert Zadro, heroj Domovinskoga rata - RADIO LJUBU\u0160KI","robots":{"index":"index","follow":"follow","max-snippet":"max-snippet:-1","max-image-preview":"max-image-preview:large","max-video-preview":"max-video-preview:-1"},"canonical":"https:\/\/radioljubuski.ba\/index.php\/2022\/04\/11\/na-danasnji-dan-poginuo-robert-zadro-heroj-domovinskoga-rata\/","og_locale":"hr_HR","og_type":"article","og_title":"Na dana\u0161nji dan poginuo Robert Zadro, heroj Domovinskoga rata - RADIO LJUBU\u0160KI","og_description":"Robert Zadro, heroj Domovinskoga rata,&nbsp;zapovjednik legendarnog Turbo voda&nbsp;i sin&nbsp;Blage Zadre, poginuo je u 22. godini \u017eivota 10. travnja 1992., u bitci za Kupres, pet mjeseci nakon pada Vukovara. Turbo vod je brojao&nbsp;18 ljudi, a \u0161est njih poginulo je u borbama za Vukovar. Bio je to pokretni interventni vod sastavljen od mladi\u0107a u prosjeku&nbsp;dvadesetak godina starih. [&hellip;]","og_url":"https:\/\/radioljubuski.ba\/index.php\/2022\/04\/11\/na-danasnji-dan-poginuo-robert-zadro-heroj-domovinskoga-rata\/","og_site_name":"RADIO LJUBU\u0160KI","article_publisher":"https:\/\/www.facebook.com\/Radiio-Ljubuski-1490835324566332","article_published_time":"2022-04-11T09:05:05+00:00","article_modified_time":"2022-04-11T09:05:06+00:00","og_image":[{"width":1000,"height":690,"url":"https:\/\/radioljubuski.ba\/wp-content\/uploads\/2022\/04\/robert-i-blago-zadro-grob.jpg","type":"image\/jpeg"}],"author":"Radio Ljubu\u0161ki","twitter_card":"summary_large_image","twitter_creator":"@radioljubuski","twitter_site":"@radioljubuski","twitter_misc":{"Napisao\/la":"Radio Ljubu\u0161ki","Procijenjeno vrijeme \u010ditanja":"3 minute"},"schema":{"@context":"https:\/\/schema.org","@graph":[{"@type":"Article","@id":"https:\/\/radioljubuski.ba\/index.php\/2022\/04\/11\/na-danasnji-dan-poginuo-robert-zadro-heroj-domovinskoga-rata\/#article","isPartOf":{"@id":"https:\/\/radioljubuski.ba\/index.php\/2022\/04\/11\/na-danasnji-dan-poginuo-robert-zadro-heroj-domovinskoga-rata\/"},"author":{"name":"Radio Ljubu\u0161ki","@id":"https:\/\/radioljubuski.ba\/#\/schema\/person\/19fc700381a780f69665d7956c469e3b"},"headline":"Na dana\u0161nji dan poginuo Robert Zadro, heroj Domovinskoga rata","datePublished":"2022-04-11T09:05:05+00:00","dateModified":"2022-04-11T09:05:06+00:00","mainEntityOfPage":{"@id":"https:\/\/radioljubuski.ba\/index.php\/2022\/04\/11\/na-danasnji-dan-poginuo-robert-zadro-heroj-domovinskoga-rata\/"},"wordCount":576,"publisher":{"@id":"https:\/\/radioljubuski.ba\/#organization"},"image":{"@id":"https:\/\/radioljubuski.ba\/index.php\/2022\/04\/11\/na-danasnji-dan-poginuo-robert-zadro-heroj-domovinskoga-rata\/#primaryimage"},"thumbnailUrl":"https:\/\/radioljubuski.ba\/wp-content\/uploads\/2022\/04\/robert-i-blago-zadro-grob.jpg","articleSection":["BIH i regija"],"inLanguage":"hr"},{"@type":"WebPage","@id":"https:\/\/radioljubuski.ba\/index.php\/2022\/04\/11\/na-danasnji-dan-poginuo-robert-zadro-heroj-domovinskoga-rata\/","url":"https:\/\/radioljubuski.ba\/index.php\/2022\/04\/11\/na-danasnji-dan-poginuo-robert-zadro-heroj-domovinskoga-rata\/","name":"Na dana\u0161nji dan poginuo Robert Zadro, heroj Domovinskoga rata - RADIO LJUBU\u0160KI","isPartOf":{"@id":"https:\/\/radioljubuski.ba\/#website"},"primaryImageOfPage":{"@id":"https:\/\/radioljubuski.ba\/index.php\/2022\/04\/11\/na-danasnji-dan-poginuo-robert-zadro-heroj-domovinskoga-rata\/#primaryimage"},"image":{"@id":"https:\/\/radioljubuski.ba\/index.php\/2022\/04\/11\/na-danasnji-dan-poginuo-robert-zadro-heroj-domovinskoga-rata\/#primaryimage"},"thumbnailUrl":"https:\/\/radioljubuski.ba\/wp-content\/uploads\/2022\/04\/robert-i-blago-zadro-grob.jpg","datePublished":"2022-04-11T09:05:05+00:00","dateModified":"2022-04-11T09:05:06+00:00","breadcrumb":{"@id":"https:\/\/radioljubuski.ba\/index.php\/2022\/04\/11\/na-danasnji-dan-poginuo-robert-zadro-heroj-domovinskoga-rata\/#breadcrumb"},"inLanguage":"hr","potentialAction":[{"@type":"ReadAction","target":["https:\/\/radioljubuski.ba\/index.php\/2022\/04\/11\/na-danasnji-dan-poginuo-robert-zadro-heroj-domovinskoga-rata\/"]}]},{"@type":"ImageObject","inLanguage":"hr","@id":"https:\/\/radioljubuski.ba\/index.php\/2022\/04\/11\/na-danasnji-dan-poginuo-robert-zadro-heroj-domovinskoga-rata\/#primaryimage","url":"https:\/\/radioljubuski.ba\/wp-content\/uploads\/2022\/04\/robert-i-blago-zadro-grob.jpg","contentUrl":"https:\/\/radioljubuski.ba\/wp-content\/uploads\/2022\/04\/robert-i-blago-zadro-grob.jpg","width":1000,"height":690},{"@type":"BreadcrumbList","@id":"https:\/\/radioljubuski.ba\/index.php\/2022\/04\/11\/na-danasnji-dan-poginuo-robert-zadro-heroj-domovinskoga-rata\/#breadcrumb","itemListElement":[{"@type":"ListItem","position":1,"name":"Po\u010detna stranica","item":"https:\/\/radioljubuski.ba\/"},{"@type":"ListItem","position":2,"name":"Na dana\u0161nji dan poginuo Robert Zadro, heroj Domovinskoga rata"}]},{"@type":"WebSite","@id":"https:\/\/radioljubuski.ba\/#website","url":"https:\/\/radioljubuski.ba\/","name":"Radio Ljubu\u0161ki","description":"Sun\u010dana frekvencija Hercegovine","publisher":{"@id":"https:\/\/radioljubuski.ba\/#organization"},"potentialAction":[{"@type":"SearchAction","target":{"@type":"EntryPoint","urlTemplate":"https:\/\/radioljubuski.ba\/?s={search_term_string}"},"query-input":{"@type":"PropertyValueSpecification","valueRequired":true,"valueName":"search_term_string"}}],"inLanguage":"hr"},{"@type":"Organization","@id":"https:\/\/radioljubuski.ba\/#organization","name":"Radio Ljubu\u0161ki","url":"https:\/\/radioljubuski.ba\/","logo":{"@type":"ImageObject","inLanguage":"hr","@id":"https:\/\/radioljubuski.ba\/#\/schema\/logo\/image\/","url":"https:\/\/radioljubuski.ba\/wp-content\/uploads\/2021\/02\/cropped-Radio_Ljubuski_logo1.jpg","contentUrl":"https:\/\/radioljubuski.ba\/wp-content\/uploads\/2021\/02\/cropped-Radio_Ljubuski_logo1.jpg","width":512,"height":512,"caption":"Radio Ljubu\u0161ki"},"image":{"@id":"https:\/\/radioljubuski.ba\/#\/schema\/logo\/image\/"},"sameAs":["https:\/\/www.facebook.com\/Radiio-Ljubuski-1490835324566332","https:\/\/x.com\/radioljubuski","https:\/\/hr.linkedin.com\/company\/radio-ljubuski","https:\/\/www.youtube.com\/channel\/UCHYaeO_n0Db3tjNGudGpXyw"]},{"@type":"Person","@id":"https:\/\/radioljubuski.ba\/#\/schema\/person\/19fc700381a780f69665d7956c469e3b","name":"Radio Ljubu\u0161ki"}]}},"_links":{"self":[{"href":"https:\/\/radioljubuski.ba\/index.php\/wp-json\/wp\/v2\/posts\/131380","targetHints":{"allow":["GET"]}}],"collection":[{"href":"https:\/\/radioljubuski.ba\/index.php\/wp-json\/wp\/v2\/posts"}],"about":[{"href":"https:\/\/radioljubuski.ba\/index.php\/wp-json\/wp\/v2\/types\/post"}],"author":[{"embeddable":true,"href":"https:\/\/radioljubuski.ba\/index.php\/wp-json\/wp\/v2\/users\/2"}],"replies":[{"embeddable":true,"href":"https:\/\/radioljubuski.ba\/index.php\/wp-json\/wp\/v2\/comments?post=131380"}],"version-history":[{"count":1,"href":"https:\/\/radioljubuski.ba\/index.php\/wp-json\/wp\/v2\/posts\/131380\/revisions"}],"predecessor-version":[{"id":131382,"href":"https:\/\/radioljubuski.ba\/index.php\/wp-json\/wp\/v2\/posts\/131380\/revisions\/131382"}],"wp:featuredmedia":[{"embeddable":true,"href":"https:\/\/radioljubuski.ba\/index.php\/wp-json\/wp\/v2\/media\/131381"}],"wp:attachment":[{"href":"https:\/\/radioljubuski.ba\/index.php\/wp-json\/wp\/v2\/media?parent=131380"}],"wp:term":[{"taxonomy":"category","embeddable":true,"href":"https:\/\/radioljubuski.ba\/index.php\/wp-json\/wp\/v2\/categories?post=131380"},{"taxonomy":"post_tag","embeddable":true,"href":"https:\/\/radioljubuski.ba\/index.php\/wp-json\/wp\/v2\/tags?post=131380"}],"curies":[{"name":"wp","href":"https:\/\/api.w.org\/{rel}","templated":true}]}}