{"id":131400,"date":"2022-04-11T10:37:23","date_gmt":"2022-04-11T09:37:23","guid":{"rendered":"https:\/\/radioljubuski.ba\/?p=131400"},"modified":"2022-04-11T10:37:24","modified_gmt":"2022-04-11T09:37:24","slug":"guardiola-nakon-derbija-nismo-prijatelji-ali-ga-postujem","status":"publish","type":"post","link":"https:\/\/radioljubuski.ba\/index.php\/2022\/04\/11\/guardiola-nakon-derbija-nismo-prijatelji-ali-ga-postujem\/","title":{"rendered":"Guardiola nakon derbija: Nismo prijatelji, ali ga po\u0161tujem"},"content":{"rendered":"\n<p>Ju\u010der su Manchester City i Liverpool odigrali spektakularnu utakmicu koja je na kraju zavr\u0161ila 2:2 i tako nastavili iznimno neizvjesnu utrku za naslov prvaka.&nbsp;<\/p>\n\n\n\n<p>Trener Liverpoola <strong>Jurgen Klopp <\/strong>nakon susreta isti\u010de kako mogu \u017eivjeti s ovakvim rezultatom:&nbsp;<\/p>\n\n\n\n<p>&#8211; Mogli smo bolje reagirati na puno mjesta, ali mogu re\u0107i kako smo bili jako dobri. Intenzitet je bio stvarno lud, ali bilo je zabavno i svi\u0111a mi se. Na kraju, ovo je bila dobra utakmica i mislim da mo\u017eemo biti zadovoljni rezultatom.&nbsp;<\/p>\n\n\n\n<p>&#8211; Po meni, potpuno zaslu\u017een remi, jo\u0161 sedam utakmica za obje mom\u010dadi i definitivno ne\u0107emo stati u utrci za naslov. Benfica, pa opet City u FA kupu, pa \u0107emo vidjeti kako \u0107e ovo zavr\u0161iti.\u00a0<\/p>\n\n\n\n<blockquote class=\"twitter-tweet\"><p lang=\"en\" dir=\"ltr\">RESPECT! Guardiola &amp; Klopp hug it out at full-time \ud83e\udd1d <a href=\"https:\/\/t.co\/5sxHfxpJrA\">pic.twitter.com\/5sxHfxpJrA<\/a><\/p>&mdash; Sky Sports Premier League (@SkySportsPL) <a href=\"https:\/\/twitter.com\/SkySportsPL\/status\/1513206672814219270?ref_src=twsrc%5Etfw\">April 10, 2022<\/a><\/blockquote> <script async src=\"https:\/\/platform.twitter.com\/widgets.js\" charset=\"utf-8\"><\/script> \n\n\n\n<p>S druge strane trener Manchester Cityja <strong>Pep Guardiola <\/strong>isti\u010de kako do kraja moraju sve pobijediti ako \u017eele naslov:&nbsp;<\/p>\n\n\n\n<p>&#8211; Bili smo jako dobri, ponosan sam na svoj tim. Sada imamo jo\u0161 sedam utakmica i moramo ih sve pobijediti do kraja ili smo gotovi. Ne znam \u0161to \u0107e se dogoditi ako osvojimo Premier ligu, ali ovdje sam petu sezonu te je i dalje \u017eelim osvojiti.<\/p>\n\n\n\n<p>Guardiola je nahvalio Kloppa:<\/p>\n\n\n\n<p>&#8211; On me \u010dini boljim trenerom, njegove mom\u010dadi su uvijek agresivne i napada\u010dki. To poku\u0161avam imitirati i kod svojih igra\u010da. Mi nismo prijatelji, ne ve\u010deramo skupa, imam njegov broj telefona, ali ga ne zovem. Ipak, pun sam po\u0161tovanja prema njemu i on to zna. Idu\u0107u subotu ga \u017eelim pobijediti i on to zna tako\u0111er.\u00a0<\/p>\n\n\n\n<blockquote class=\"twitter-tweet\"><p lang=\"en\" dir=\"ltr\">\ud83d\udde3\ufe0f &quot;We will have dinner together someday.. in the Hall of Fame!&quot; <br><br>Pep Guardiola has the utmost respect for Jurgen Klopp \ud83e\udd1d <a href=\"https:\/\/t.co\/KFfvoFdoHe\">pic.twitter.com\/KFfvoFdoHe<\/a><\/p>&mdash; Sky Sports Premier League (@SkySportsPL) <a href=\"https:\/\/twitter.com\/SkySportsPL\/status\/1513226328723574787?ref_src=twsrc%5Etfw\">April 10, 2022<\/a><\/blockquote> <script async src=\"https:\/\/platform.twitter.com\/widgets.js\" charset=\"utf-8\"><\/script> \n\n\n\n<p>Izvor:hrt.hr<\/p>\n","protected":false},"excerpt":{"rendered":"<p>Ju\u010der su Manchester City i Liverpool odigrali spektakularnu utakmicu koja je na kraju zavr\u0161ila 2:2 i tako nastavili iznimno neizvjesnu utrku za naslov prvaka.&nbsp; Trener Liverpoola Jurgen Klopp nakon susreta isti\u010de kako mogu \u017eivjeti s ovakvim rezultatom:&nbsp; &#8211; Mogli smo bolje reagirati na puno mjesta, ali mogu re\u0107i kako smo bili jako dobri. Intenzitet je [&hellip;]<\/p>\n","protected":false},"author":2,"featured_media":131402,"comment_status":"closed","ping_status":"closed","sticky":false,"template":"","format":"standard","meta":{"h5ap_radio_sources":[],"footnotes":""},"categories":[7],"tags":[],"class_list":["post-131400","post","type-post","status-publish","format-standard","has-post-thumbnail","hentry","category-sport"],"yoast_head":"<!-- This site is optimized with the Yoast SEO plugin v27.5 - https:\/\/yoast.com\/product\/yoast-seo-wordpress\/ -->\n<title>Guardiola nakon derbija: Nismo prijatelji, ali ga po\u0161tujem - RADIO LJUBU\u0160KI<\/title>\n<meta name=\"robots\" content=\"index, follow, max-snippet:-1, max-image-preview:large, max-video-preview:-1\" \/>\n<link rel=\"canonical\" href=\"https:\/\/radioljubuski.ba\/index.php\/2022\/04\/11\/guardiola-nakon-derbija-nismo-prijatelji-ali-ga-postujem\/\" \/>\n<meta property=\"og:locale\" content=\"hr_HR\" \/>\n<meta property=\"og:type\" content=\"article\" \/>\n<meta property=\"og:title\" content=\"Guardiola nakon derbija: Nismo prijatelji, ali ga po\u0161tujem - RADIO LJUBU\u0160KI\" \/>\n<meta property=\"og:description\" content=\"Ju\u010der su Manchester City i Liverpool odigrali spektakularnu utakmicu koja je na kraju zavr\u0161ila 2:2 i tako nastavili iznimno neizvjesnu utrku za naslov prvaka.&nbsp; Trener Liverpoola Jurgen Klopp nakon susreta isti\u010de kako mogu \u017eivjeti s ovakvim rezultatom:&nbsp; &#8211; Mogli smo bolje reagirati na puno mjesta, ali mogu re\u0107i kako smo bili jako dobri. Intenzitet je [&hellip;]\" \/>\n<meta property=\"og:url\" content=\"https:\/\/radioljubuski.ba\/index.php\/2022\/04\/11\/guardiola-nakon-derbija-nismo-prijatelji-ali-ga-postujem\/\" \/>\n<meta property=\"og:site_name\" content=\"RADIO LJUBU\u0160KI\" \/>\n<meta property=\"article:publisher\" content=\"https:\/\/www.facebook.com\/Radiio-Ljubuski-1490835324566332\" \/>\n<meta property=\"article:published_time\" content=\"2022-04-11T09:37:23+00:00\" \/>\n<meta property=\"article:modified_time\" content=\"2022-04-11T09:37:24+00:00\" \/>\n<meta property=\"og:image\" content=\"https:\/\/radioljubuski.ba\/wp-content\/uploads\/2022\/04\/2022-04-10t175944z-435769050-up1ei4a1dzilu-rtrmadp-3-soccer-england-mci-liv-report-20220411070225.jpg\" \/>\n\t<meta property=\"og:image:width\" content=\"2500\" \/>\n\t<meta property=\"og:image:height\" content=\"1750\" \/>\n\t<meta property=\"og:image:type\" content=\"image\/jpeg\" \/>\n<meta name=\"author\" content=\"Radio Ljubu\u0161ki\" \/>\n<meta name=\"twitter:card\" content=\"summary_large_image\" \/>\n<meta name=\"twitter:creator\" content=\"@radioljubuski\" \/>\n<meta name=\"twitter:site\" content=\"@radioljubuski\" \/>\n<meta name=\"twitter:label1\" content=\"Napisao\/la\" \/>\n\t<meta name=\"twitter:data1\" content=\"Radio Ljubu\u0161ki\" \/>\n\t<meta name=\"twitter:label2\" content=\"Procijenjeno vrijeme \u010ditanja\" \/>\n\t<meta name=\"twitter:data2\" content=\"2 minute\" \/>\n<script type=\"application\/ld+json\" class=\"yoast-schema-graph\">{\"@context\":\"https:\\\/\\\/schema.org\",\"@graph\":[{\"@type\":\"Article\",\"@id\":\"https:\\\/\\\/radioljubuski.ba\\\/index.php\\\/2022\\\/04\\\/11\\\/guardiola-nakon-derbija-nismo-prijatelji-ali-ga-postujem\\\/#article\",\"isPartOf\":{\"@id\":\"https:\\\/\\\/radioljubuski.ba\\\/index.php\\\/2022\\\/04\\\/11\\\/guardiola-nakon-derbija-nismo-prijatelji-ali-ga-postujem\\\/\"},\"author\":{\"name\":\"Radio Ljubu\u0161ki\",\"@id\":\"https:\\\/\\\/radioljubuski.ba\\\/#\\\/schema\\\/person\\\/19fc700381a780f69665d7956c469e3b\"},\"headline\":\"Guardiola nakon derbija: Nismo prijatelji, ali ga po\u0161tujem\",\"datePublished\":\"2022-04-11T09:37:23+00:00\",\"dateModified\":\"2022-04-11T09:37:24+00:00\",\"mainEntityOfPage\":{\"@id\":\"https:\\\/\\\/radioljubuski.ba\\\/index.php\\\/2022\\\/04\\\/11\\\/guardiola-nakon-derbija-nismo-prijatelji-ali-ga-postujem\\\/\"},\"wordCount\":323,\"publisher\":{\"@id\":\"https:\\\/\\\/radioljubuski.ba\\\/#organization\"},\"image\":{\"@id\":\"https:\\\/\\\/radioljubuski.ba\\\/index.php\\\/2022\\\/04\\\/11\\\/guardiola-nakon-derbija-nismo-prijatelji-ali-ga-postujem\\\/#primaryimage\"},\"thumbnailUrl\":\"https:\\\/\\\/radioljubuski.ba\\\/wp-content\\\/uploads\\\/2022\\\/04\\\/2022-04-10t175944z-435769050-up1ei4a1dzilu-rtrmadp-3-soccer-england-mci-liv-report-20220411070225.jpg\",\"articleSection\":[\"\u0160port\"],\"inLanguage\":\"hr\"},{\"@type\":\"WebPage\",\"@id\":\"https:\\\/\\\/radioljubuski.ba\\\/index.php\\\/2022\\\/04\\\/11\\\/guardiola-nakon-derbija-nismo-prijatelji-ali-ga-postujem\\\/\",\"url\":\"https:\\\/\\\/radioljubuski.ba\\\/index.php\\\/2022\\\/04\\\/11\\\/guardiola-nakon-derbija-nismo-prijatelji-ali-ga-postujem\\\/\",\"name\":\"Guardiola nakon derbija: Nismo prijatelji, ali ga po\u0161tujem - RADIO LJUBU\u0160KI\",\"isPartOf\":{\"@id\":\"https:\\\/\\\/radioljubuski.ba\\\/#website\"},\"primaryImageOfPage\":{\"@id\":\"https:\\\/\\\/radioljubuski.ba\\\/index.php\\\/2022\\\/04\\\/11\\\/guardiola-nakon-derbija-nismo-prijatelji-ali-ga-postujem\\\/#primaryimage\"},\"image\":{\"@id\":\"https:\\\/\\\/radioljubuski.ba\\\/index.php\\\/2022\\\/04\\\/11\\\/guardiola-nakon-derbija-nismo-prijatelji-ali-ga-postujem\\\/#primaryimage\"},\"thumbnailUrl\":\"https:\\\/\\\/radioljubuski.ba\\\/wp-content\\\/uploads\\\/2022\\\/04\\\/2022-04-10t175944z-435769050-up1ei4a1dzilu-rtrmadp-3-soccer-england-mci-liv-report-20220411070225.jpg\",\"datePublished\":\"2022-04-11T09:37:23+00:00\",\"dateModified\":\"2022-04-11T09:37:24+00:00\",\"breadcrumb\":{\"@id\":\"https:\\\/\\\/radioljubuski.ba\\\/index.php\\\/2022\\\/04\\\/11\\\/guardiola-nakon-derbija-nismo-prijatelji-ali-ga-postujem\\\/#breadcrumb\"},\"inLanguage\":\"hr\",\"potentialAction\":[{\"@type\":\"ReadAction\",\"target\":[\"https:\\\/\\\/radioljubuski.ba\\\/index.php\\\/2022\\\/04\\\/11\\\/guardiola-nakon-derbija-nismo-prijatelji-ali-ga-postujem\\\/\"]}]},{\"@type\":\"ImageObject\",\"inLanguage\":\"hr\",\"@id\":\"https:\\\/\\\/radioljubuski.ba\\\/index.php\\\/2022\\\/04\\\/11\\\/guardiola-nakon-derbija-nismo-prijatelji-ali-ga-postujem\\\/#primaryimage\",\"url\":\"https:\\\/\\\/radioljubuski.ba\\\/wp-content\\\/uploads\\\/2022\\\/04\\\/2022-04-10t175944z-435769050-up1ei4a1dzilu-rtrmadp-3-soccer-england-mci-liv-report-20220411070225.jpg\",\"contentUrl\":\"https:\\\/\\\/radioljubuski.ba\\\/wp-content\\\/uploads\\\/2022\\\/04\\\/2022-04-10t175944z-435769050-up1ei4a1dzilu-rtrmadp-3-soccer-england-mci-liv-report-20220411070225.jpg\",\"width\":2500,\"height\":1750},{\"@type\":\"BreadcrumbList\",\"@id\":\"https:\\\/\\\/radioljubuski.ba\\\/index.php\\\/2022\\\/04\\\/11\\\/guardiola-nakon-derbija-nismo-prijatelji-ali-ga-postujem\\\/#breadcrumb\",\"itemListElement\":[{\"@type\":\"ListItem\",\"position\":1,\"name\":\"Po\u010detna stranica\",\"item\":\"https:\\\/\\\/radioljubuski.ba\\\/\"},{\"@type\":\"ListItem\",\"position\":2,\"name\":\"Guardiola nakon derbija: Nismo prijatelji, ali ga po\u0161tujem\"}]},{\"@type\":\"WebSite\",\"@id\":\"https:\\\/\\\/radioljubuski.ba\\\/#website\",\"url\":\"https:\\\/\\\/radioljubuski.ba\\\/\",\"name\":\"Radio Ljubu\u0161ki\",\"description\":\"Sun\u010dana frekvencija Hercegovine\",\"publisher\":{\"@id\":\"https:\\\/\\\/radioljubuski.ba\\\/#organization\"},\"potentialAction\":[{\"@type\":\"SearchAction\",\"target\":{\"@type\":\"EntryPoint\",\"urlTemplate\":\"https:\\\/\\\/radioljubuski.ba\\\/?s={search_term_string}\"},\"query-input\":{\"@type\":\"PropertyValueSpecification\",\"valueRequired\":true,\"valueName\":\"search_term_string\"}}],\"inLanguage\":\"hr\"},{\"@type\":\"Organization\",\"@id\":\"https:\\\/\\\/radioljubuski.ba\\\/#organization\",\"name\":\"Radio Ljubu\u0161ki\",\"url\":\"https:\\\/\\\/radioljubuski.ba\\\/\",\"logo\":{\"@type\":\"ImageObject\",\"inLanguage\":\"hr\",\"@id\":\"https:\\\/\\\/radioljubuski.ba\\\/#\\\/schema\\\/logo\\\/image\\\/\",\"url\":\"https:\\\/\\\/radioljubuski.ba\\\/wp-content\\\/uploads\\\/2021\\\/02\\\/cropped-Radio_Ljubuski_logo1.jpg\",\"contentUrl\":\"https:\\\/\\\/radioljubuski.ba\\\/wp-content\\\/uploads\\\/2021\\\/02\\\/cropped-Radio_Ljubuski_logo1.jpg\",\"width\":512,\"height\":512,\"caption\":\"Radio Ljubu\u0161ki\"},\"image\":{\"@id\":\"https:\\\/\\\/radioljubuski.ba\\\/#\\\/schema\\\/logo\\\/image\\\/\"},\"sameAs\":[\"https:\\\/\\\/www.facebook.com\\\/Radiio-Ljubuski-1490835324566332\",\"https:\\\/\\\/x.com\\\/radioljubuski\",\"https:\\\/\\\/hr.linkedin.com\\\/company\\\/radio-ljubuski\",\"https:\\\/\\\/www.youtube.com\\\/channel\\\/UCHYaeO_n0Db3tjNGudGpXyw\"]},{\"@type\":\"Person\",\"@id\":\"https:\\\/\\\/radioljubuski.ba\\\/#\\\/schema\\\/person\\\/19fc700381a780f69665d7956c469e3b\",\"name\":\"Radio Ljubu\u0161ki\"}]}<\/script>\n<!-- \/ Yoast SEO plugin. -->","yoast_head_json":{"title":"Guardiola nakon derbija: Nismo prijatelji, ali ga po\u0161tujem - RADIO LJUBU\u0160KI","robots":{"index":"index","follow":"follow","max-snippet":"max-snippet:-1","max-image-preview":"max-image-preview:large","max-video-preview":"max-video-preview:-1"},"canonical":"https:\/\/radioljubuski.ba\/index.php\/2022\/04\/11\/guardiola-nakon-derbija-nismo-prijatelji-ali-ga-postujem\/","og_locale":"hr_HR","og_type":"article","og_title":"Guardiola nakon derbija: Nismo prijatelji, ali ga po\u0161tujem - RADIO LJUBU\u0160KI","og_description":"Ju\u010der su Manchester City i Liverpool odigrali spektakularnu utakmicu koja je na kraju zavr\u0161ila 2:2 i tako nastavili iznimno neizvjesnu utrku za naslov prvaka.&nbsp; Trener Liverpoola Jurgen Klopp nakon susreta isti\u010de kako mogu \u017eivjeti s ovakvim rezultatom:&nbsp; &#8211; Mogli smo bolje reagirati na puno mjesta, ali mogu re\u0107i kako smo bili jako dobri. Intenzitet je [&hellip;]","og_url":"https:\/\/radioljubuski.ba\/index.php\/2022\/04\/11\/guardiola-nakon-derbija-nismo-prijatelji-ali-ga-postujem\/","og_site_name":"RADIO LJUBU\u0160KI","article_publisher":"https:\/\/www.facebook.com\/Radiio-Ljubuski-1490835324566332","article_published_time":"2022-04-11T09:37:23+00:00","article_modified_time":"2022-04-11T09:37:24+00:00","og_image":[{"width":2500,"height":1750,"url":"https:\/\/radioljubuski.ba\/wp-content\/uploads\/2022\/04\/2022-04-10t175944z-435769050-up1ei4a1dzilu-rtrmadp-3-soccer-england-mci-liv-report-20220411070225.jpg","type":"image\/jpeg"}],"author":"Radio Ljubu\u0161ki","twitter_card":"summary_large_image","twitter_creator":"@radioljubuski","twitter_site":"@radioljubuski","twitter_misc":{"Napisao\/la":"Radio Ljubu\u0161ki","Procijenjeno vrijeme \u010ditanja":"2 minute"},"schema":{"@context":"https:\/\/schema.org","@graph":[{"@type":"Article","@id":"https:\/\/radioljubuski.ba\/index.php\/2022\/04\/11\/guardiola-nakon-derbija-nismo-prijatelji-ali-ga-postujem\/#article","isPartOf":{"@id":"https:\/\/radioljubuski.ba\/index.php\/2022\/04\/11\/guardiola-nakon-derbija-nismo-prijatelji-ali-ga-postujem\/"},"author":{"name":"Radio Ljubu\u0161ki","@id":"https:\/\/radioljubuski.ba\/#\/schema\/person\/19fc700381a780f69665d7956c469e3b"},"headline":"Guardiola nakon derbija: Nismo prijatelji, ali ga po\u0161tujem","datePublished":"2022-04-11T09:37:23+00:00","dateModified":"2022-04-11T09:37:24+00:00","mainEntityOfPage":{"@id":"https:\/\/radioljubuski.ba\/index.php\/2022\/04\/11\/guardiola-nakon-derbija-nismo-prijatelji-ali-ga-postujem\/"},"wordCount":323,"publisher":{"@id":"https:\/\/radioljubuski.ba\/#organization"},"image":{"@id":"https:\/\/radioljubuski.ba\/index.php\/2022\/04\/11\/guardiola-nakon-derbija-nismo-prijatelji-ali-ga-postujem\/#primaryimage"},"thumbnailUrl":"https:\/\/radioljubuski.ba\/wp-content\/uploads\/2022\/04\/2022-04-10t175944z-435769050-up1ei4a1dzilu-rtrmadp-3-soccer-england-mci-liv-report-20220411070225.jpg","articleSection":["\u0160port"],"inLanguage":"hr"},{"@type":"WebPage","@id":"https:\/\/radioljubuski.ba\/index.php\/2022\/04\/11\/guardiola-nakon-derbija-nismo-prijatelji-ali-ga-postujem\/","url":"https:\/\/radioljubuski.ba\/index.php\/2022\/04\/11\/guardiola-nakon-derbija-nismo-prijatelji-ali-ga-postujem\/","name":"Guardiola nakon derbija: Nismo prijatelji, ali ga po\u0161tujem - RADIO LJUBU\u0160KI","isPartOf":{"@id":"https:\/\/radioljubuski.ba\/#website"},"primaryImageOfPage":{"@id":"https:\/\/radioljubuski.ba\/index.php\/2022\/04\/11\/guardiola-nakon-derbija-nismo-prijatelji-ali-ga-postujem\/#primaryimage"},"image":{"@id":"https:\/\/radioljubuski.ba\/index.php\/2022\/04\/11\/guardiola-nakon-derbija-nismo-prijatelji-ali-ga-postujem\/#primaryimage"},"thumbnailUrl":"https:\/\/radioljubuski.ba\/wp-content\/uploads\/2022\/04\/2022-04-10t175944z-435769050-up1ei4a1dzilu-rtrmadp-3-soccer-england-mci-liv-report-20220411070225.jpg","datePublished":"2022-04-11T09:37:23+00:00","dateModified":"2022-04-11T09:37:24+00:00","breadcrumb":{"@id":"https:\/\/radioljubuski.ba\/index.php\/2022\/04\/11\/guardiola-nakon-derbija-nismo-prijatelji-ali-ga-postujem\/#breadcrumb"},"inLanguage":"hr","potentialAction":[{"@type":"ReadAction","target":["https:\/\/radioljubuski.ba\/index.php\/2022\/04\/11\/guardiola-nakon-derbija-nismo-prijatelji-ali-ga-postujem\/"]}]},{"@type":"ImageObject","inLanguage":"hr","@id":"https:\/\/radioljubuski.ba\/index.php\/2022\/04\/11\/guardiola-nakon-derbija-nismo-prijatelji-ali-ga-postujem\/#primaryimage","url":"https:\/\/radioljubuski.ba\/wp-content\/uploads\/2022\/04\/2022-04-10t175944z-435769050-up1ei4a1dzilu-rtrmadp-3-soccer-england-mci-liv-report-20220411070225.jpg","contentUrl":"https:\/\/radioljubuski.ba\/wp-content\/uploads\/2022\/04\/2022-04-10t175944z-435769050-up1ei4a1dzilu-rtrmadp-3-soccer-england-mci-liv-report-20220411070225.jpg","width":2500,"height":1750},{"@type":"BreadcrumbList","@id":"https:\/\/radioljubuski.ba\/index.php\/2022\/04\/11\/guardiola-nakon-derbija-nismo-prijatelji-ali-ga-postujem\/#breadcrumb","itemListElement":[{"@type":"ListItem","position":1,"name":"Po\u010detna stranica","item":"https:\/\/radioljubuski.ba\/"},{"@type":"ListItem","position":2,"name":"Guardiola nakon derbija: Nismo prijatelji, ali ga po\u0161tujem"}]},{"@type":"WebSite","@id":"https:\/\/radioljubuski.ba\/#website","url":"https:\/\/radioljubuski.ba\/","name":"Radio Ljubu\u0161ki","description":"Sun\u010dana frekvencija Hercegovine","publisher":{"@id":"https:\/\/radioljubuski.ba\/#organization"},"potentialAction":[{"@type":"SearchAction","target":{"@type":"EntryPoint","urlTemplate":"https:\/\/radioljubuski.ba\/?s={search_term_string}"},"query-input":{"@type":"PropertyValueSpecification","valueRequired":true,"valueName":"search_term_string"}}],"inLanguage":"hr"},{"@type":"Organization","@id":"https:\/\/radioljubuski.ba\/#organization","name":"Radio Ljubu\u0161ki","url":"https:\/\/radioljubuski.ba\/","logo":{"@type":"ImageObject","inLanguage":"hr","@id":"https:\/\/radioljubuski.ba\/#\/schema\/logo\/image\/","url":"https:\/\/radioljubuski.ba\/wp-content\/uploads\/2021\/02\/cropped-Radio_Ljubuski_logo1.jpg","contentUrl":"https:\/\/radioljubuski.ba\/wp-content\/uploads\/2021\/02\/cropped-Radio_Ljubuski_logo1.jpg","width":512,"height":512,"caption":"Radio Ljubu\u0161ki"},"image":{"@id":"https:\/\/radioljubuski.ba\/#\/schema\/logo\/image\/"},"sameAs":["https:\/\/www.facebook.com\/Radiio-Ljubuski-1490835324566332","https:\/\/x.com\/radioljubuski","https:\/\/hr.linkedin.com\/company\/radio-ljubuski","https:\/\/www.youtube.com\/channel\/UCHYaeO_n0Db3tjNGudGpXyw"]},{"@type":"Person","@id":"https:\/\/radioljubuski.ba\/#\/schema\/person\/19fc700381a780f69665d7956c469e3b","name":"Radio Ljubu\u0161ki"}]}},"_links":{"self":[{"href":"https:\/\/radioljubuski.ba\/index.php\/wp-json\/wp\/v2\/posts\/131400","targetHints":{"allow":["GET"]}}],"collection":[{"href":"https:\/\/radioljubuski.ba\/index.php\/wp-json\/wp\/v2\/posts"}],"about":[{"href":"https:\/\/radioljubuski.ba\/index.php\/wp-json\/wp\/v2\/types\/post"}],"author":[{"embeddable":true,"href":"https:\/\/radioljubuski.ba\/index.php\/wp-json\/wp\/v2\/users\/2"}],"replies":[{"embeddable":true,"href":"https:\/\/radioljubuski.ba\/index.php\/wp-json\/wp\/v2\/comments?post=131400"}],"version-history":[{"count":1,"href":"https:\/\/radioljubuski.ba\/index.php\/wp-json\/wp\/v2\/posts\/131400\/revisions"}],"predecessor-version":[{"id":131404,"href":"https:\/\/radioljubuski.ba\/index.php\/wp-json\/wp\/v2\/posts\/131400\/revisions\/131404"}],"wp:featuredmedia":[{"embeddable":true,"href":"https:\/\/radioljubuski.ba\/index.php\/wp-json\/wp\/v2\/media\/131402"}],"wp:attachment":[{"href":"https:\/\/radioljubuski.ba\/index.php\/wp-json\/wp\/v2\/media?parent=131400"}],"wp:term":[{"taxonomy":"category","embeddable":true,"href":"https:\/\/radioljubuski.ba\/index.php\/wp-json\/wp\/v2\/categories?post=131400"},{"taxonomy":"post_tag","embeddable":true,"href":"https:\/\/radioljubuski.ba\/index.php\/wp-json\/wp\/v2\/tags?post=131400"}],"curies":[{"name":"wp","href":"https:\/\/api.w.org\/{rel}","templated":true}]}}