{"id":131414,"date":"2022-04-11T10:44:38","date_gmt":"2022-04-11T09:44:38","guid":{"rendered":"https:\/\/radioljubuski.ba\/?p=131414"},"modified":"2022-04-11T10:46:12","modified_gmt":"2022-04-11T09:46:12","slug":"nezaposlenost-u-ceskoj-21-posto-poljskoj-29-posto-madarskoj-39-posto-a-u-bih-174-posto","status":"publish","type":"post","link":"https:\/\/radioljubuski.ba\/index.php\/2022\/04\/11\/nezaposlenost-u-ceskoj-21-posto-poljskoj-29-posto-madarskoj-39-posto-a-u-bih-174-posto\/","title":{"rendered":"Nezaposlenost u \u010ce\u0161koj 2,1 posto, Poljskoj 2,9 posto, Ma\u0111arskoj 3,9 posto, a u BiH 17,4 posto!"},"content":{"rendered":"\n<p>S obzirom na ekonomska kretanja u Bosni i Hercegovini pravo je \u010dudo kako ne samo umirovljenici nego i dobar dio onih koji rade \u2018krpaju kraj s krajem\u2019 iz mjeseca u mjesec.<\/p>\n\n\n\n<p>Nezapam\u0107ena inflacija polako izjeda i ono malo dobroga \u0161to se radilo posljednjih godina na ekonomskom planu. Pla\u0107e su i dalje male (procjene su kako izme\u0111u 55 i 60 posto svih zaposlenih radi u bran\u0161ama u kojima su prosje\u010dne pla\u0107e oko 700 maraka), mirovine isto tako, a cijene bukvalno divljaju i ska\u010du za 100, 200, 300 posto.<\/p>\n\n\n\n<p>Logi\u010dno je kako sve to utje\u010de na dodatan rast siroma\u0161tva u BiH koje je i prije inflacije bilo izme\u0111u 15 i 20 posto. Tako da su nam pu\u010dke kuhinje punije no ikada, a kontejneri postali grana gospodarstva.<\/p>\n\n\n\n<p><strong>Nezaposlenost<\/strong><\/p>\n\n\n\n<p>Uz sve ove podatke, krucijalan je i onaj oko nezaposlenosti. Nije nikakva tajna da je na\u0161a zemlja me\u0111u europskim rekorderima po stopama nezaposlenosti ve\u0107 dugi niz godina, a ono \u0161to je jo\u0161 i gore od toga stvari se jako sporo kre\u0107u ka boljem.<\/p>\n\n\n\n<p>Naime, prema slu\u017ebenim podacima Agencije za rad i zapo\u0161ljavanje BiH stopa registrirane nezaposlenosti za sije\u010danj 2022. godine iznosila je 31 posto i u odnosu na prosinac 2021. ostala je nepromijenjena. Ovaj podatak ne treba posebno niti komentirati jer on je u\u017easan sam po sebi, ali ipak u vidu treba imati kako dio onih koji su registrirani kao nezaposleni ipak imaju odre\u0111ene prihode po raznim osnovama (razli\u010diti ugovori, \u2018rad na crno\u2019\u2026).<\/p>\n\n\n\n<p>Zbog toga valja u obzir uzeti i podataka Agencije za statistiku BiH iz \u2018Ankete o radnoj snazi za 2021.\u2019, a on ukazuje kako stopa nezaposlenosti u 2021. bila 17,4 posto. I ukoliko uzmemo da se uistinu stopa nezaposlenosti kre\u0107e oko 17 ili 18 posto i to je tako\u0111er samo europsko dno i to da se uop\u0107e ne uspore\u0111ujemo sa najrazvijenijim dr\u017eavama zapadne Europe.<\/p>\n\n\n\n<p>Naime, ne tako davno BiH je bila gotovo u ravnini sa Poljskom, Ma\u0111arskom, \u010ce\u0161kom, Bugarskom ili Slova\u010dkom. A koliko su nam te dr\u017eava trenutno daleko najbolje se vidi iz sljede\u0107ih podataka \u2013 nezaposlenost u prosincu 2021. u \u010ce\u0161koj bila je 2,1 posto, Poljskoj 2,9 posto, Ma\u0111arskoj 3,9 posto, Slova\u010dkoj 6,4 posto, Bugarskoj 5,1 posto.<\/p>\n\n\n\n<p>Od dr\u017eava biv\u0161e Jugoslavije koje su u Europskoj uniji, tu je Slovenija u kojoj je u prosincu nezaposlenost bila manja od \u0161est posto, te Hrvatska oko sedam posto. Isto tako, ukoliko uzmemo i one dr\u017eave koje u EU daleko najgore stoje po stopi nezaposlenosti i one su u mnogo boljem stanju nego BiH. Tako je ta stopa u Italiji bila devet posto, Gr\u010dkoj 12,7 posto te \u0160panjolskoj 13 posto.\u00a0<\/p>\n\n\n\n<p><strong>Siroma\u0161tvo<\/strong><\/p>\n\n\n\n<p>Nadalje, prema podacima GDP Percapita (bruto dru\u0161tveni proizvod po glavi stanovnika ili percapita je ukupan BDP zemlje podijeljen s brojem stanovnika) na\u0161a zemlja je bila \u0161esta najsiroma\u0161nija u cijeloj Europu. Prva na neslavnoj listi bila je Moldavija, slijedi Ukrajina, zatim Kosovo, Albanija, Sjeverna Makedonija i BiH (imali smo GDP Percapita 6,090 dolara).<\/p>\n\n\n\n<p>Na\u017ealost, upravo su sve ovo rezultati (ne)rada bh. vlasti, a ne sve ono \u0161to oni javnosti prezentiraju svaki dan friziraju\u0107i statistiku i vade\u0107i iz konteksta podatke koji im idu u prilog. A i bez bilo kakvih podataka svaki \u017eitelj ove dr\u017eave zna kakva mu je situacija u nov\u010daniku, odnosno da se stvari u mnogim segmentima u BiH \u010dak kre\u0107u i unatrag.<\/p>\n\n\n\n<p><strong>Autor: Dragan Bradvica \/ Dnevno.ba<\/strong><\/p>\n","protected":false},"excerpt":{"rendered":"<p>S obzirom na ekonomska kretanja u Bosni i Hercegovini pravo je \u010dudo kako ne samo umirovljenici nego i dobar dio onih koji rade \u2018krpaju kraj s krajem\u2019 iz mjeseca u mjesec. Nezapam\u0107ena inflacija polako izjeda i ono malo dobroga \u0161to se radilo posljednjih godina na ekonomskom planu. Pla\u0107e su i dalje male (procjene su kako [&hellip;]<\/p>\n","protected":false},"author":2,"featured_media":126631,"comment_status":"closed","ping_status":"closed","sticky":false,"template":"","format":"standard","meta":{"h5ap_radio_sources":[],"footnotes":""},"categories":[1],"tags":[],"class_list":["post-131414","post","type-post","status-publish","format-standard","has-post-thumbnail","hentry","category-bihiregija"],"yoast_head":"<!-- This site is optimized with the Yoast SEO plugin v27.5 - https:\/\/yoast.com\/product\/yoast-seo-wordpress\/ -->\n<title>Nezaposlenost u \u010ce\u0161koj 2,1 posto, Poljskoj 2,9 posto, Ma\u0111arskoj 3,9 posto, a u BiH 17,4 posto! - RADIO LJUBU\u0160KI<\/title>\n<meta name=\"robots\" content=\"index, follow, max-snippet:-1, max-image-preview:large, max-video-preview:-1\" \/>\n<link rel=\"canonical\" href=\"https:\/\/radioljubuski.ba\/index.php\/2022\/04\/11\/nezaposlenost-u-ceskoj-21-posto-poljskoj-29-posto-madarskoj-39-posto-a-u-bih-174-posto\/\" \/>\n<meta property=\"og:locale\" content=\"hr_HR\" \/>\n<meta property=\"og:type\" content=\"article\" \/>\n<meta property=\"og:title\" content=\"Nezaposlenost u \u010ce\u0161koj 2,1 posto, Poljskoj 2,9 posto, Ma\u0111arskoj 3,9 posto, a u BiH 17,4 posto! - RADIO LJUBU\u0160KI\" \/>\n<meta property=\"og:description\" content=\"S obzirom na ekonomska kretanja u Bosni i Hercegovini pravo je \u010dudo kako ne samo umirovljenici nego i dobar dio onih koji rade \u2018krpaju kraj s krajem\u2019 iz mjeseca u mjesec. Nezapam\u0107ena inflacija polako izjeda i ono malo dobroga \u0161to se radilo posljednjih godina na ekonomskom planu. Pla\u0107e su i dalje male (procjene su kako [&hellip;]\" \/>\n<meta property=\"og:url\" content=\"https:\/\/radioljubuski.ba\/index.php\/2022\/04\/11\/nezaposlenost-u-ceskoj-21-posto-poljskoj-29-posto-madarskoj-39-posto-a-u-bih-174-posto\/\" \/>\n<meta property=\"og:site_name\" content=\"RADIO LJUBU\u0160KI\" \/>\n<meta property=\"article:publisher\" content=\"https:\/\/www.facebook.com\/Radiio-Ljubuski-1490835324566332\" \/>\n<meta property=\"article:published_time\" content=\"2022-04-11T09:44:38+00:00\" \/>\n<meta property=\"article:modified_time\" content=\"2022-04-11T09:46:12+00:00\" \/>\n<meta property=\"og:image\" content=\"https:\/\/radioljubuski.ba\/wp-content\/uploads\/2022\/03\/biro.jpg\" \/>\n\t<meta property=\"og:image:width\" content=\"710\" \/>\n\t<meta property=\"og:image:height\" content=\"380\" \/>\n\t<meta property=\"og:image:type\" content=\"image\/jpeg\" \/>\n<meta name=\"author\" content=\"Radio Ljubu\u0161ki\" \/>\n<meta name=\"twitter:card\" content=\"summary_large_image\" \/>\n<meta name=\"twitter:creator\" content=\"@radioljubuski\" \/>\n<meta name=\"twitter:site\" content=\"@radioljubuski\" \/>\n<meta name=\"twitter:label1\" content=\"Napisao\/la\" \/>\n\t<meta name=\"twitter:data1\" content=\"Radio Ljubu\u0161ki\" \/>\n\t<meta name=\"twitter:label2\" content=\"Procijenjeno vrijeme \u010ditanja\" \/>\n\t<meta name=\"twitter:data2\" content=\"3 minute\" \/>\n<script type=\"application\/ld+json\" class=\"yoast-schema-graph\">{\"@context\":\"https:\\\/\\\/schema.org\",\"@graph\":[{\"@type\":\"Article\",\"@id\":\"https:\\\/\\\/radioljubuski.ba\\\/index.php\\\/2022\\\/04\\\/11\\\/nezaposlenost-u-ceskoj-21-posto-poljskoj-29-posto-madarskoj-39-posto-a-u-bih-174-posto\\\/#article\",\"isPartOf\":{\"@id\":\"https:\\\/\\\/radioljubuski.ba\\\/index.php\\\/2022\\\/04\\\/11\\\/nezaposlenost-u-ceskoj-21-posto-poljskoj-29-posto-madarskoj-39-posto-a-u-bih-174-posto\\\/\"},\"author\":{\"name\":\"Radio Ljubu\u0161ki\",\"@id\":\"https:\\\/\\\/radioljubuski.ba\\\/#\\\/schema\\\/person\\\/19fc700381a780f69665d7956c469e3b\"},\"headline\":\"Nezaposlenost u \u010ce\u0161koj 2,1 posto, Poljskoj 2,9 posto, Ma\u0111arskoj 3,9 posto, a u BiH 17,4 posto!\",\"datePublished\":\"2022-04-11T09:44:38+00:00\",\"dateModified\":\"2022-04-11T09:46:12+00:00\",\"mainEntityOfPage\":{\"@id\":\"https:\\\/\\\/radioljubuski.ba\\\/index.php\\\/2022\\\/04\\\/11\\\/nezaposlenost-u-ceskoj-21-posto-poljskoj-29-posto-madarskoj-39-posto-a-u-bih-174-posto\\\/\"},\"wordCount\":580,\"publisher\":{\"@id\":\"https:\\\/\\\/radioljubuski.ba\\\/#organization\"},\"image\":{\"@id\":\"https:\\\/\\\/radioljubuski.ba\\\/index.php\\\/2022\\\/04\\\/11\\\/nezaposlenost-u-ceskoj-21-posto-poljskoj-29-posto-madarskoj-39-posto-a-u-bih-174-posto\\\/#primaryimage\"},\"thumbnailUrl\":\"https:\\\/\\\/radioljubuski.ba\\\/wp-content\\\/uploads\\\/2022\\\/03\\\/biro.jpg\",\"articleSection\":[\"BIH i regija\"],\"inLanguage\":\"hr\"},{\"@type\":\"WebPage\",\"@id\":\"https:\\\/\\\/radioljubuski.ba\\\/index.php\\\/2022\\\/04\\\/11\\\/nezaposlenost-u-ceskoj-21-posto-poljskoj-29-posto-madarskoj-39-posto-a-u-bih-174-posto\\\/\",\"url\":\"https:\\\/\\\/radioljubuski.ba\\\/index.php\\\/2022\\\/04\\\/11\\\/nezaposlenost-u-ceskoj-21-posto-poljskoj-29-posto-madarskoj-39-posto-a-u-bih-174-posto\\\/\",\"name\":\"Nezaposlenost u \u010ce\u0161koj 2,1 posto, Poljskoj 2,9 posto, Ma\u0111arskoj 3,9 posto, a u BiH 17,4 posto! - RADIO LJUBU\u0160KI\",\"isPartOf\":{\"@id\":\"https:\\\/\\\/radioljubuski.ba\\\/#website\"},\"primaryImageOfPage\":{\"@id\":\"https:\\\/\\\/radioljubuski.ba\\\/index.php\\\/2022\\\/04\\\/11\\\/nezaposlenost-u-ceskoj-21-posto-poljskoj-29-posto-madarskoj-39-posto-a-u-bih-174-posto\\\/#primaryimage\"},\"image\":{\"@id\":\"https:\\\/\\\/radioljubuski.ba\\\/index.php\\\/2022\\\/04\\\/11\\\/nezaposlenost-u-ceskoj-21-posto-poljskoj-29-posto-madarskoj-39-posto-a-u-bih-174-posto\\\/#primaryimage\"},\"thumbnailUrl\":\"https:\\\/\\\/radioljubuski.ba\\\/wp-content\\\/uploads\\\/2022\\\/03\\\/biro.jpg\",\"datePublished\":\"2022-04-11T09:44:38+00:00\",\"dateModified\":\"2022-04-11T09:46:12+00:00\",\"breadcrumb\":{\"@id\":\"https:\\\/\\\/radioljubuski.ba\\\/index.php\\\/2022\\\/04\\\/11\\\/nezaposlenost-u-ceskoj-21-posto-poljskoj-29-posto-madarskoj-39-posto-a-u-bih-174-posto\\\/#breadcrumb\"},\"inLanguage\":\"hr\",\"potentialAction\":[{\"@type\":\"ReadAction\",\"target\":[\"https:\\\/\\\/radioljubuski.ba\\\/index.php\\\/2022\\\/04\\\/11\\\/nezaposlenost-u-ceskoj-21-posto-poljskoj-29-posto-madarskoj-39-posto-a-u-bih-174-posto\\\/\"]}]},{\"@type\":\"ImageObject\",\"inLanguage\":\"hr\",\"@id\":\"https:\\\/\\\/radioljubuski.ba\\\/index.php\\\/2022\\\/04\\\/11\\\/nezaposlenost-u-ceskoj-21-posto-poljskoj-29-posto-madarskoj-39-posto-a-u-bih-174-posto\\\/#primaryimage\",\"url\":\"https:\\\/\\\/radioljubuski.ba\\\/wp-content\\\/uploads\\\/2022\\\/03\\\/biro.jpg\",\"contentUrl\":\"https:\\\/\\\/radioljubuski.ba\\\/wp-content\\\/uploads\\\/2022\\\/03\\\/biro.jpg\",\"width\":710,\"height\":380},{\"@type\":\"BreadcrumbList\",\"@id\":\"https:\\\/\\\/radioljubuski.ba\\\/index.php\\\/2022\\\/04\\\/11\\\/nezaposlenost-u-ceskoj-21-posto-poljskoj-29-posto-madarskoj-39-posto-a-u-bih-174-posto\\\/#breadcrumb\",\"itemListElement\":[{\"@type\":\"ListItem\",\"position\":1,\"name\":\"Po\u010detna stranica\",\"item\":\"https:\\\/\\\/radioljubuski.ba\\\/\"},{\"@type\":\"ListItem\",\"position\":2,\"name\":\"Nezaposlenost u \u010ce\u0161koj 2,1 posto, Poljskoj 2,9 posto, Ma\u0111arskoj 3,9 posto, a u BiH 17,4 posto!\"}]},{\"@type\":\"WebSite\",\"@id\":\"https:\\\/\\\/radioljubuski.ba\\\/#website\",\"url\":\"https:\\\/\\\/radioljubuski.ba\\\/\",\"name\":\"Radio Ljubu\u0161ki\",\"description\":\"Sun\u010dana frekvencija Hercegovine\",\"publisher\":{\"@id\":\"https:\\\/\\\/radioljubuski.ba\\\/#organization\"},\"potentialAction\":[{\"@type\":\"SearchAction\",\"target\":{\"@type\":\"EntryPoint\",\"urlTemplate\":\"https:\\\/\\\/radioljubuski.ba\\\/?s={search_term_string}\"},\"query-input\":{\"@type\":\"PropertyValueSpecification\",\"valueRequired\":true,\"valueName\":\"search_term_string\"}}],\"inLanguage\":\"hr\"},{\"@type\":\"Organization\",\"@id\":\"https:\\\/\\\/radioljubuski.ba\\\/#organization\",\"name\":\"Radio Ljubu\u0161ki\",\"url\":\"https:\\\/\\\/radioljubuski.ba\\\/\",\"logo\":{\"@type\":\"ImageObject\",\"inLanguage\":\"hr\",\"@id\":\"https:\\\/\\\/radioljubuski.ba\\\/#\\\/schema\\\/logo\\\/image\\\/\",\"url\":\"https:\\\/\\\/radioljubuski.ba\\\/wp-content\\\/uploads\\\/2021\\\/02\\\/cropped-Radio_Ljubuski_logo1.jpg\",\"contentUrl\":\"https:\\\/\\\/radioljubuski.ba\\\/wp-content\\\/uploads\\\/2021\\\/02\\\/cropped-Radio_Ljubuski_logo1.jpg\",\"width\":512,\"height\":512,\"caption\":\"Radio Ljubu\u0161ki\"},\"image\":{\"@id\":\"https:\\\/\\\/radioljubuski.ba\\\/#\\\/schema\\\/logo\\\/image\\\/\"},\"sameAs\":[\"https:\\\/\\\/www.facebook.com\\\/Radiio-Ljubuski-1490835324566332\",\"https:\\\/\\\/x.com\\\/radioljubuski\",\"https:\\\/\\\/hr.linkedin.com\\\/company\\\/radio-ljubuski\",\"https:\\\/\\\/www.youtube.com\\\/channel\\\/UCHYaeO_n0Db3tjNGudGpXyw\"]},{\"@type\":\"Person\",\"@id\":\"https:\\\/\\\/radioljubuski.ba\\\/#\\\/schema\\\/person\\\/19fc700381a780f69665d7956c469e3b\",\"name\":\"Radio Ljubu\u0161ki\"}]}<\/script>\n<!-- \/ Yoast SEO plugin. -->","yoast_head_json":{"title":"Nezaposlenost u \u010ce\u0161koj 2,1 posto, Poljskoj 2,9 posto, Ma\u0111arskoj 3,9 posto, a u BiH 17,4 posto! - RADIO LJUBU\u0160KI","robots":{"index":"index","follow":"follow","max-snippet":"max-snippet:-1","max-image-preview":"max-image-preview:large","max-video-preview":"max-video-preview:-1"},"canonical":"https:\/\/radioljubuski.ba\/index.php\/2022\/04\/11\/nezaposlenost-u-ceskoj-21-posto-poljskoj-29-posto-madarskoj-39-posto-a-u-bih-174-posto\/","og_locale":"hr_HR","og_type":"article","og_title":"Nezaposlenost u \u010ce\u0161koj 2,1 posto, Poljskoj 2,9 posto, Ma\u0111arskoj 3,9 posto, a u BiH 17,4 posto! - RADIO LJUBU\u0160KI","og_description":"S obzirom na ekonomska kretanja u Bosni i Hercegovini pravo je \u010dudo kako ne samo umirovljenici nego i dobar dio onih koji rade \u2018krpaju kraj s krajem\u2019 iz mjeseca u mjesec. Nezapam\u0107ena inflacija polako izjeda i ono malo dobroga \u0161to se radilo posljednjih godina na ekonomskom planu. Pla\u0107e su i dalje male (procjene su kako [&hellip;]","og_url":"https:\/\/radioljubuski.ba\/index.php\/2022\/04\/11\/nezaposlenost-u-ceskoj-21-posto-poljskoj-29-posto-madarskoj-39-posto-a-u-bih-174-posto\/","og_site_name":"RADIO LJUBU\u0160KI","article_publisher":"https:\/\/www.facebook.com\/Radiio-Ljubuski-1490835324566332","article_published_time":"2022-04-11T09:44:38+00:00","article_modified_time":"2022-04-11T09:46:12+00:00","og_image":[{"width":710,"height":380,"url":"https:\/\/radioljubuski.ba\/wp-content\/uploads\/2022\/03\/biro.jpg","type":"image\/jpeg"}],"author":"Radio Ljubu\u0161ki","twitter_card":"summary_large_image","twitter_creator":"@radioljubuski","twitter_site":"@radioljubuski","twitter_misc":{"Napisao\/la":"Radio Ljubu\u0161ki","Procijenjeno vrijeme \u010ditanja":"3 minute"},"schema":{"@context":"https:\/\/schema.org","@graph":[{"@type":"Article","@id":"https:\/\/radioljubuski.ba\/index.php\/2022\/04\/11\/nezaposlenost-u-ceskoj-21-posto-poljskoj-29-posto-madarskoj-39-posto-a-u-bih-174-posto\/#article","isPartOf":{"@id":"https:\/\/radioljubuski.ba\/index.php\/2022\/04\/11\/nezaposlenost-u-ceskoj-21-posto-poljskoj-29-posto-madarskoj-39-posto-a-u-bih-174-posto\/"},"author":{"name":"Radio Ljubu\u0161ki","@id":"https:\/\/radioljubuski.ba\/#\/schema\/person\/19fc700381a780f69665d7956c469e3b"},"headline":"Nezaposlenost u \u010ce\u0161koj 2,1 posto, Poljskoj 2,9 posto, Ma\u0111arskoj 3,9 posto, a u BiH 17,4 posto!","datePublished":"2022-04-11T09:44:38+00:00","dateModified":"2022-04-11T09:46:12+00:00","mainEntityOfPage":{"@id":"https:\/\/radioljubuski.ba\/index.php\/2022\/04\/11\/nezaposlenost-u-ceskoj-21-posto-poljskoj-29-posto-madarskoj-39-posto-a-u-bih-174-posto\/"},"wordCount":580,"publisher":{"@id":"https:\/\/radioljubuski.ba\/#organization"},"image":{"@id":"https:\/\/radioljubuski.ba\/index.php\/2022\/04\/11\/nezaposlenost-u-ceskoj-21-posto-poljskoj-29-posto-madarskoj-39-posto-a-u-bih-174-posto\/#primaryimage"},"thumbnailUrl":"https:\/\/radioljubuski.ba\/wp-content\/uploads\/2022\/03\/biro.jpg","articleSection":["BIH i regija"],"inLanguage":"hr"},{"@type":"WebPage","@id":"https:\/\/radioljubuski.ba\/index.php\/2022\/04\/11\/nezaposlenost-u-ceskoj-21-posto-poljskoj-29-posto-madarskoj-39-posto-a-u-bih-174-posto\/","url":"https:\/\/radioljubuski.ba\/index.php\/2022\/04\/11\/nezaposlenost-u-ceskoj-21-posto-poljskoj-29-posto-madarskoj-39-posto-a-u-bih-174-posto\/","name":"Nezaposlenost u \u010ce\u0161koj 2,1 posto, Poljskoj 2,9 posto, Ma\u0111arskoj 3,9 posto, a u BiH 17,4 posto! - RADIO LJUBU\u0160KI","isPartOf":{"@id":"https:\/\/radioljubuski.ba\/#website"},"primaryImageOfPage":{"@id":"https:\/\/radioljubuski.ba\/index.php\/2022\/04\/11\/nezaposlenost-u-ceskoj-21-posto-poljskoj-29-posto-madarskoj-39-posto-a-u-bih-174-posto\/#primaryimage"},"image":{"@id":"https:\/\/radioljubuski.ba\/index.php\/2022\/04\/11\/nezaposlenost-u-ceskoj-21-posto-poljskoj-29-posto-madarskoj-39-posto-a-u-bih-174-posto\/#primaryimage"},"thumbnailUrl":"https:\/\/radioljubuski.ba\/wp-content\/uploads\/2022\/03\/biro.jpg","datePublished":"2022-04-11T09:44:38+00:00","dateModified":"2022-04-11T09:46:12+00:00","breadcrumb":{"@id":"https:\/\/radioljubuski.ba\/index.php\/2022\/04\/11\/nezaposlenost-u-ceskoj-21-posto-poljskoj-29-posto-madarskoj-39-posto-a-u-bih-174-posto\/#breadcrumb"},"inLanguage":"hr","potentialAction":[{"@type":"ReadAction","target":["https:\/\/radioljubuski.ba\/index.php\/2022\/04\/11\/nezaposlenost-u-ceskoj-21-posto-poljskoj-29-posto-madarskoj-39-posto-a-u-bih-174-posto\/"]}]},{"@type":"ImageObject","inLanguage":"hr","@id":"https:\/\/radioljubuski.ba\/index.php\/2022\/04\/11\/nezaposlenost-u-ceskoj-21-posto-poljskoj-29-posto-madarskoj-39-posto-a-u-bih-174-posto\/#primaryimage","url":"https:\/\/radioljubuski.ba\/wp-content\/uploads\/2022\/03\/biro.jpg","contentUrl":"https:\/\/radioljubuski.ba\/wp-content\/uploads\/2022\/03\/biro.jpg","width":710,"height":380},{"@type":"BreadcrumbList","@id":"https:\/\/radioljubuski.ba\/index.php\/2022\/04\/11\/nezaposlenost-u-ceskoj-21-posto-poljskoj-29-posto-madarskoj-39-posto-a-u-bih-174-posto\/#breadcrumb","itemListElement":[{"@type":"ListItem","position":1,"name":"Po\u010detna stranica","item":"https:\/\/radioljubuski.ba\/"},{"@type":"ListItem","position":2,"name":"Nezaposlenost u \u010ce\u0161koj 2,1 posto, Poljskoj 2,9 posto, Ma\u0111arskoj 3,9 posto, a u BiH 17,4 posto!"}]},{"@type":"WebSite","@id":"https:\/\/radioljubuski.ba\/#website","url":"https:\/\/radioljubuski.ba\/","name":"Radio Ljubu\u0161ki","description":"Sun\u010dana frekvencija Hercegovine","publisher":{"@id":"https:\/\/radioljubuski.ba\/#organization"},"potentialAction":[{"@type":"SearchAction","target":{"@type":"EntryPoint","urlTemplate":"https:\/\/radioljubuski.ba\/?s={search_term_string}"},"query-input":{"@type":"PropertyValueSpecification","valueRequired":true,"valueName":"search_term_string"}}],"inLanguage":"hr"},{"@type":"Organization","@id":"https:\/\/radioljubuski.ba\/#organization","name":"Radio Ljubu\u0161ki","url":"https:\/\/radioljubuski.ba\/","logo":{"@type":"ImageObject","inLanguage":"hr","@id":"https:\/\/radioljubuski.ba\/#\/schema\/logo\/image\/","url":"https:\/\/radioljubuski.ba\/wp-content\/uploads\/2021\/02\/cropped-Radio_Ljubuski_logo1.jpg","contentUrl":"https:\/\/radioljubuski.ba\/wp-content\/uploads\/2021\/02\/cropped-Radio_Ljubuski_logo1.jpg","width":512,"height":512,"caption":"Radio Ljubu\u0161ki"},"image":{"@id":"https:\/\/radioljubuski.ba\/#\/schema\/logo\/image\/"},"sameAs":["https:\/\/www.facebook.com\/Radiio-Ljubuski-1490835324566332","https:\/\/x.com\/radioljubuski","https:\/\/hr.linkedin.com\/company\/radio-ljubuski","https:\/\/www.youtube.com\/channel\/UCHYaeO_n0Db3tjNGudGpXyw"]},{"@type":"Person","@id":"https:\/\/radioljubuski.ba\/#\/schema\/person\/19fc700381a780f69665d7956c469e3b","name":"Radio Ljubu\u0161ki"}]}},"_links":{"self":[{"href":"https:\/\/radioljubuski.ba\/index.php\/wp-json\/wp\/v2\/posts\/131414","targetHints":{"allow":["GET"]}}],"collection":[{"href":"https:\/\/radioljubuski.ba\/index.php\/wp-json\/wp\/v2\/posts"}],"about":[{"href":"https:\/\/radioljubuski.ba\/index.php\/wp-json\/wp\/v2\/types\/post"}],"author":[{"embeddable":true,"href":"https:\/\/radioljubuski.ba\/index.php\/wp-json\/wp\/v2\/users\/2"}],"replies":[{"embeddable":true,"href":"https:\/\/radioljubuski.ba\/index.php\/wp-json\/wp\/v2\/comments?post=131414"}],"version-history":[{"count":3,"href":"https:\/\/radioljubuski.ba\/index.php\/wp-json\/wp\/v2\/posts\/131414\/revisions"}],"predecessor-version":[{"id":131417,"href":"https:\/\/radioljubuski.ba\/index.php\/wp-json\/wp\/v2\/posts\/131414\/revisions\/131417"}],"wp:featuredmedia":[{"embeddable":true,"href":"https:\/\/radioljubuski.ba\/index.php\/wp-json\/wp\/v2\/media\/126631"}],"wp:attachment":[{"href":"https:\/\/radioljubuski.ba\/index.php\/wp-json\/wp\/v2\/media?parent=131414"}],"wp:term":[{"taxonomy":"category","embeddable":true,"href":"https:\/\/radioljubuski.ba\/index.php\/wp-json\/wp\/v2\/categories?post=131414"},{"taxonomy":"post_tag","embeddable":true,"href":"https:\/\/radioljubuski.ba\/index.php\/wp-json\/wp\/v2\/tags?post=131414"}],"curies":[{"name":"wp","href":"https:\/\/api.w.org\/{rel}","templated":true}]}}