{"id":131437,"date":"2022-04-11T10:59:43","date_gmt":"2022-04-11T09:59:43","guid":{"rendered":"https:\/\/radioljubuski.ba\/?p=131437"},"modified":"2022-04-11T10:59:44","modified_gmt":"2022-04-11T09:59:44","slug":"utrka-stolacki-cener-po-drugi-put-na-ulicama-stoca","status":"publish","type":"post","link":"https:\/\/radioljubuski.ba\/index.php\/2022\/04\/11\/utrka-stolacki-cener-po-drugi-put-na-ulicama-stoca\/","title":{"rendered":"Utrka &#8216;Stola\u010dki cener&#8217; po drugi put na ulicama Stoca"},"content":{"rendered":"\n<p>Stolac \u0107e u subotu, 21. svibnja, biti doma\u0107in druge po redu utrke &#8220;Stola\u010dki cener&#8221; koja se tr\u010di ulicama ovog grada.<\/p>\n\n\n\n<p>-Za razliku od prvog &#8216;Stola\u010dkog cenera&#8217; ovog puta pripremamo jo\u0161 sadr\u017eajniji program pa \u0107e tako osim gala utrke na 10 kilometara, u program biti uvr\u0161tena i utrka na 5 kilometara te utrka za djecu, najavili su organizatori.<\/p>\n\n\n\n<p>Do utrke je ostalo jo\u0161 vi\u0161e od mjesec dana, a prijavljeno je ve\u0107 oko 150 natjecatelja. Jedno od najzvu\u010dnijih imena bit \u0107e ono Mirzeta Halilovi\u0107a, ultramaratonca iz BiH.<\/p>\n\n\n\n<p>&#8220;Ono \u0161to daje poseban pe\u010dat &#8216;Stola\u010dkom ceneru&#8217; jeste da je doslovce svaki pre\u0111eni korak trke spoznaja o novom trenutku otkri\u0107a samo dijela bogatstva kulturno-povijesnog naslije\u0111a i novog spomenika kulture kojih je ovaj grad prepun&#8221;, navode organizatori. &nbsp;<\/p>\n\n\n\n<p>Organizatori se nadaju kako \u0107e ove godine &#8220;Stola\u010dki cener&#8221; nadma\u0161iti pro\u0161logodi\u0161nji koji je ujedno bio i premijerni.&nbsp;<\/p>\n\n\n\n<p>Pobjednicma su osigurane nov\u010dane nagrade.<\/p>\n\n\n\n<p>Prijave traju do 8. svibnja, a utrka po\u010dinje 21. svibnja u 9 sati.<\/p>\n\n\n\n<p>Izvor:pogled.ba<\/p>\n","protected":false},"excerpt":{"rendered":"<p>Stolac \u0107e u subotu, 21. svibnja, biti doma\u0107in druge po redu utrke &#8220;Stola\u010dki cener&#8221; koja se tr\u010di ulicama ovog grada. -Za razliku od prvog &#8216;Stola\u010dkog cenera&#8217; ovog puta pripremamo jo\u0161 sadr\u017eajniji program pa \u0107e tako osim gala utrke na 10 kilometara, u program biti uvr\u0161tena i utrka na 5 kilometara te utrka za djecu, najavili [&hellip;]<\/p>\n","protected":false},"author":2,"featured_media":131438,"comment_status":"closed","ping_status":"closed","sticky":false,"template":"","format":"standard","meta":{"h5ap_radio_sources":[],"footnotes":""},"categories":[1],"tags":[],"class_list":["post-131437","post","type-post","status-publish","format-standard","has-post-thumbnail","hentry","category-bihiregija"],"yoast_head":"<!-- This site is optimized with the Yoast SEO plugin v27.5 - https:\/\/yoast.com\/product\/yoast-seo-wordpress\/ -->\n<title>Utrka &#039;Stola\u010dki cener&#039; po drugi put na ulicama Stoca - RADIO LJUBU\u0160KI<\/title>\n<meta name=\"robots\" content=\"index, follow, max-snippet:-1, max-image-preview:large, max-video-preview:-1\" \/>\n<link rel=\"canonical\" href=\"https:\/\/radioljubuski.ba\/index.php\/2022\/04\/11\/utrka-stolacki-cener-po-drugi-put-na-ulicama-stoca\/\" \/>\n<meta property=\"og:locale\" content=\"hr_HR\" \/>\n<meta property=\"og:type\" content=\"article\" \/>\n<meta property=\"og:title\" content=\"Utrka &#039;Stola\u010dki cener&#039; po drugi put na ulicama Stoca - RADIO LJUBU\u0160KI\" \/>\n<meta property=\"og:description\" content=\"Stolac \u0107e u subotu, 21. svibnja, biti doma\u0107in druge po redu utrke &#8220;Stola\u010dki cener&#8221; koja se tr\u010di ulicama ovog grada. -Za razliku od prvog &#8216;Stola\u010dkog cenera&#8217; ovog puta pripremamo jo\u0161 sadr\u017eajniji program pa \u0107e tako osim gala utrke na 10 kilometara, u program biti uvr\u0161tena i utrka na 5 kilometara te utrka za djecu, najavili [&hellip;]\" \/>\n<meta property=\"og:url\" content=\"https:\/\/radioljubuski.ba\/index.php\/2022\/04\/11\/utrka-stolacki-cener-po-drugi-put-na-ulicama-stoca\/\" \/>\n<meta property=\"og:site_name\" content=\"RADIO LJUBU\u0160KI\" \/>\n<meta property=\"article:publisher\" content=\"https:\/\/www.facebook.com\/Radiio-Ljubuski-1490835324566332\" \/>\n<meta property=\"article:published_time\" content=\"2022-04-11T09:59:43+00:00\" \/>\n<meta property=\"article:modified_time\" content=\"2022-04-11T09:59:44+00:00\" \/>\n<meta property=\"og:image\" content=\"https:\/\/radioljubuski.ba\/wp-content\/uploads\/2022\/04\/2-2022-04-11-08-45-29-stolac.jpg\" \/>\n\t<meta property=\"og:image:width\" content=\"1000\" \/>\n\t<meta property=\"og:image:height\" content=\"625\" \/>\n\t<meta property=\"og:image:type\" content=\"image\/jpeg\" \/>\n<meta name=\"author\" content=\"Radio Ljubu\u0161ki\" \/>\n<meta name=\"twitter:card\" content=\"summary_large_image\" \/>\n<meta name=\"twitter:creator\" content=\"@radioljubuski\" \/>\n<meta name=\"twitter:site\" content=\"@radioljubuski\" \/>\n<meta name=\"twitter:label1\" content=\"Napisao\/la\" \/>\n\t<meta name=\"twitter:data1\" content=\"Radio Ljubu\u0161ki\" \/>\n\t<meta name=\"twitter:label2\" content=\"Procijenjeno vrijeme \u010ditanja\" \/>\n\t<meta name=\"twitter:data2\" content=\"1 minuta\" \/>\n<script type=\"application\/ld+json\" class=\"yoast-schema-graph\">{\"@context\":\"https:\\\/\\\/schema.org\",\"@graph\":[{\"@type\":\"Article\",\"@id\":\"https:\\\/\\\/radioljubuski.ba\\\/index.php\\\/2022\\\/04\\\/11\\\/utrka-stolacki-cener-po-drugi-put-na-ulicama-stoca\\\/#article\",\"isPartOf\":{\"@id\":\"https:\\\/\\\/radioljubuski.ba\\\/index.php\\\/2022\\\/04\\\/11\\\/utrka-stolacki-cener-po-drugi-put-na-ulicama-stoca\\\/\"},\"author\":{\"name\":\"Radio Ljubu\u0161ki\",\"@id\":\"https:\\\/\\\/radioljubuski.ba\\\/#\\\/schema\\\/person\\\/19fc700381a780f69665d7956c469e3b\"},\"headline\":\"Utrka &#8216;Stola\u010dki cener&#8217; po drugi put na ulicama Stoca\",\"datePublished\":\"2022-04-11T09:59:43+00:00\",\"dateModified\":\"2022-04-11T09:59:44+00:00\",\"mainEntityOfPage\":{\"@id\":\"https:\\\/\\\/radioljubuski.ba\\\/index.php\\\/2022\\\/04\\\/11\\\/utrka-stolacki-cener-po-drugi-put-na-ulicama-stoca\\\/\"},\"wordCount\":184,\"publisher\":{\"@id\":\"https:\\\/\\\/radioljubuski.ba\\\/#organization\"},\"image\":{\"@id\":\"https:\\\/\\\/radioljubuski.ba\\\/index.php\\\/2022\\\/04\\\/11\\\/utrka-stolacki-cener-po-drugi-put-na-ulicama-stoca\\\/#primaryimage\"},\"thumbnailUrl\":\"https:\\\/\\\/radioljubuski.ba\\\/wp-content\\\/uploads\\\/2022\\\/04\\\/2-2022-04-11-08-45-29-stolac.jpg\",\"articleSection\":[\"BIH i regija\"],\"inLanguage\":\"hr\"},{\"@type\":\"WebPage\",\"@id\":\"https:\\\/\\\/radioljubuski.ba\\\/index.php\\\/2022\\\/04\\\/11\\\/utrka-stolacki-cener-po-drugi-put-na-ulicama-stoca\\\/\",\"url\":\"https:\\\/\\\/radioljubuski.ba\\\/index.php\\\/2022\\\/04\\\/11\\\/utrka-stolacki-cener-po-drugi-put-na-ulicama-stoca\\\/\",\"name\":\"Utrka 'Stola\u010dki cener' po drugi put na ulicama Stoca - RADIO LJUBU\u0160KI\",\"isPartOf\":{\"@id\":\"https:\\\/\\\/radioljubuski.ba\\\/#website\"},\"primaryImageOfPage\":{\"@id\":\"https:\\\/\\\/radioljubuski.ba\\\/index.php\\\/2022\\\/04\\\/11\\\/utrka-stolacki-cener-po-drugi-put-na-ulicama-stoca\\\/#primaryimage\"},\"image\":{\"@id\":\"https:\\\/\\\/radioljubuski.ba\\\/index.php\\\/2022\\\/04\\\/11\\\/utrka-stolacki-cener-po-drugi-put-na-ulicama-stoca\\\/#primaryimage\"},\"thumbnailUrl\":\"https:\\\/\\\/radioljubuski.ba\\\/wp-content\\\/uploads\\\/2022\\\/04\\\/2-2022-04-11-08-45-29-stolac.jpg\",\"datePublished\":\"2022-04-11T09:59:43+00:00\",\"dateModified\":\"2022-04-11T09:59:44+00:00\",\"breadcrumb\":{\"@id\":\"https:\\\/\\\/radioljubuski.ba\\\/index.php\\\/2022\\\/04\\\/11\\\/utrka-stolacki-cener-po-drugi-put-na-ulicama-stoca\\\/#breadcrumb\"},\"inLanguage\":\"hr\",\"potentialAction\":[{\"@type\":\"ReadAction\",\"target\":[\"https:\\\/\\\/radioljubuski.ba\\\/index.php\\\/2022\\\/04\\\/11\\\/utrka-stolacki-cener-po-drugi-put-na-ulicama-stoca\\\/\"]}]},{\"@type\":\"ImageObject\",\"inLanguage\":\"hr\",\"@id\":\"https:\\\/\\\/radioljubuski.ba\\\/index.php\\\/2022\\\/04\\\/11\\\/utrka-stolacki-cener-po-drugi-put-na-ulicama-stoca\\\/#primaryimage\",\"url\":\"https:\\\/\\\/radioljubuski.ba\\\/wp-content\\\/uploads\\\/2022\\\/04\\\/2-2022-04-11-08-45-29-stolac.jpg\",\"contentUrl\":\"https:\\\/\\\/radioljubuski.ba\\\/wp-content\\\/uploads\\\/2022\\\/04\\\/2-2022-04-11-08-45-29-stolac.jpg\",\"width\":1000,\"height\":625},{\"@type\":\"BreadcrumbList\",\"@id\":\"https:\\\/\\\/radioljubuski.ba\\\/index.php\\\/2022\\\/04\\\/11\\\/utrka-stolacki-cener-po-drugi-put-na-ulicama-stoca\\\/#breadcrumb\",\"itemListElement\":[{\"@type\":\"ListItem\",\"position\":1,\"name\":\"Po\u010detna stranica\",\"item\":\"https:\\\/\\\/radioljubuski.ba\\\/\"},{\"@type\":\"ListItem\",\"position\":2,\"name\":\"Utrka &#8216;Stola\u010dki cener&#8217; po drugi put na ulicama Stoca\"}]},{\"@type\":\"WebSite\",\"@id\":\"https:\\\/\\\/radioljubuski.ba\\\/#website\",\"url\":\"https:\\\/\\\/radioljubuski.ba\\\/\",\"name\":\"Radio Ljubu\u0161ki\",\"description\":\"Sun\u010dana frekvencija Hercegovine\",\"publisher\":{\"@id\":\"https:\\\/\\\/radioljubuski.ba\\\/#organization\"},\"potentialAction\":[{\"@type\":\"SearchAction\",\"target\":{\"@type\":\"EntryPoint\",\"urlTemplate\":\"https:\\\/\\\/radioljubuski.ba\\\/?s={search_term_string}\"},\"query-input\":{\"@type\":\"PropertyValueSpecification\",\"valueRequired\":true,\"valueName\":\"search_term_string\"}}],\"inLanguage\":\"hr\"},{\"@type\":\"Organization\",\"@id\":\"https:\\\/\\\/radioljubuski.ba\\\/#organization\",\"name\":\"Radio Ljubu\u0161ki\",\"url\":\"https:\\\/\\\/radioljubuski.ba\\\/\",\"logo\":{\"@type\":\"ImageObject\",\"inLanguage\":\"hr\",\"@id\":\"https:\\\/\\\/radioljubuski.ba\\\/#\\\/schema\\\/logo\\\/image\\\/\",\"url\":\"https:\\\/\\\/radioljubuski.ba\\\/wp-content\\\/uploads\\\/2021\\\/02\\\/cropped-Radio_Ljubuski_logo1.jpg\",\"contentUrl\":\"https:\\\/\\\/radioljubuski.ba\\\/wp-content\\\/uploads\\\/2021\\\/02\\\/cropped-Radio_Ljubuski_logo1.jpg\",\"width\":512,\"height\":512,\"caption\":\"Radio Ljubu\u0161ki\"},\"image\":{\"@id\":\"https:\\\/\\\/radioljubuski.ba\\\/#\\\/schema\\\/logo\\\/image\\\/\"},\"sameAs\":[\"https:\\\/\\\/www.facebook.com\\\/Radiio-Ljubuski-1490835324566332\",\"https:\\\/\\\/x.com\\\/radioljubuski\",\"https:\\\/\\\/hr.linkedin.com\\\/company\\\/radio-ljubuski\",\"https:\\\/\\\/www.youtube.com\\\/channel\\\/UCHYaeO_n0Db3tjNGudGpXyw\"]},{\"@type\":\"Person\",\"@id\":\"https:\\\/\\\/radioljubuski.ba\\\/#\\\/schema\\\/person\\\/19fc700381a780f69665d7956c469e3b\",\"name\":\"Radio Ljubu\u0161ki\"}]}<\/script>\n<!-- \/ Yoast SEO plugin. -->","yoast_head_json":{"title":"Utrka 'Stola\u010dki cener' po drugi put na ulicama Stoca - RADIO LJUBU\u0160KI","robots":{"index":"index","follow":"follow","max-snippet":"max-snippet:-1","max-image-preview":"max-image-preview:large","max-video-preview":"max-video-preview:-1"},"canonical":"https:\/\/radioljubuski.ba\/index.php\/2022\/04\/11\/utrka-stolacki-cener-po-drugi-put-na-ulicama-stoca\/","og_locale":"hr_HR","og_type":"article","og_title":"Utrka 'Stola\u010dki cener' po drugi put na ulicama Stoca - RADIO LJUBU\u0160KI","og_description":"Stolac \u0107e u subotu, 21. svibnja, biti doma\u0107in druge po redu utrke &#8220;Stola\u010dki cener&#8221; koja se tr\u010di ulicama ovog grada. -Za razliku od prvog &#8216;Stola\u010dkog cenera&#8217; ovog puta pripremamo jo\u0161 sadr\u017eajniji program pa \u0107e tako osim gala utrke na 10 kilometara, u program biti uvr\u0161tena i utrka na 5 kilometara te utrka za djecu, najavili [&hellip;]","og_url":"https:\/\/radioljubuski.ba\/index.php\/2022\/04\/11\/utrka-stolacki-cener-po-drugi-put-na-ulicama-stoca\/","og_site_name":"RADIO LJUBU\u0160KI","article_publisher":"https:\/\/www.facebook.com\/Radiio-Ljubuski-1490835324566332","article_published_time":"2022-04-11T09:59:43+00:00","article_modified_time":"2022-04-11T09:59:44+00:00","og_image":[{"width":1000,"height":625,"url":"https:\/\/radioljubuski.ba\/wp-content\/uploads\/2022\/04\/2-2022-04-11-08-45-29-stolac.jpg","type":"image\/jpeg"}],"author":"Radio Ljubu\u0161ki","twitter_card":"summary_large_image","twitter_creator":"@radioljubuski","twitter_site":"@radioljubuski","twitter_misc":{"Napisao\/la":"Radio Ljubu\u0161ki","Procijenjeno vrijeme \u010ditanja":"1 minuta"},"schema":{"@context":"https:\/\/schema.org","@graph":[{"@type":"Article","@id":"https:\/\/radioljubuski.ba\/index.php\/2022\/04\/11\/utrka-stolacki-cener-po-drugi-put-na-ulicama-stoca\/#article","isPartOf":{"@id":"https:\/\/radioljubuski.ba\/index.php\/2022\/04\/11\/utrka-stolacki-cener-po-drugi-put-na-ulicama-stoca\/"},"author":{"name":"Radio Ljubu\u0161ki","@id":"https:\/\/radioljubuski.ba\/#\/schema\/person\/19fc700381a780f69665d7956c469e3b"},"headline":"Utrka &#8216;Stola\u010dki cener&#8217; po drugi put na ulicama Stoca","datePublished":"2022-04-11T09:59:43+00:00","dateModified":"2022-04-11T09:59:44+00:00","mainEntityOfPage":{"@id":"https:\/\/radioljubuski.ba\/index.php\/2022\/04\/11\/utrka-stolacki-cener-po-drugi-put-na-ulicama-stoca\/"},"wordCount":184,"publisher":{"@id":"https:\/\/radioljubuski.ba\/#organization"},"image":{"@id":"https:\/\/radioljubuski.ba\/index.php\/2022\/04\/11\/utrka-stolacki-cener-po-drugi-put-na-ulicama-stoca\/#primaryimage"},"thumbnailUrl":"https:\/\/radioljubuski.ba\/wp-content\/uploads\/2022\/04\/2-2022-04-11-08-45-29-stolac.jpg","articleSection":["BIH i regija"],"inLanguage":"hr"},{"@type":"WebPage","@id":"https:\/\/radioljubuski.ba\/index.php\/2022\/04\/11\/utrka-stolacki-cener-po-drugi-put-na-ulicama-stoca\/","url":"https:\/\/radioljubuski.ba\/index.php\/2022\/04\/11\/utrka-stolacki-cener-po-drugi-put-na-ulicama-stoca\/","name":"Utrka 'Stola\u010dki cener' po drugi put na ulicama Stoca - RADIO LJUBU\u0160KI","isPartOf":{"@id":"https:\/\/radioljubuski.ba\/#website"},"primaryImageOfPage":{"@id":"https:\/\/radioljubuski.ba\/index.php\/2022\/04\/11\/utrka-stolacki-cener-po-drugi-put-na-ulicama-stoca\/#primaryimage"},"image":{"@id":"https:\/\/radioljubuski.ba\/index.php\/2022\/04\/11\/utrka-stolacki-cener-po-drugi-put-na-ulicama-stoca\/#primaryimage"},"thumbnailUrl":"https:\/\/radioljubuski.ba\/wp-content\/uploads\/2022\/04\/2-2022-04-11-08-45-29-stolac.jpg","datePublished":"2022-04-11T09:59:43+00:00","dateModified":"2022-04-11T09:59:44+00:00","breadcrumb":{"@id":"https:\/\/radioljubuski.ba\/index.php\/2022\/04\/11\/utrka-stolacki-cener-po-drugi-put-na-ulicama-stoca\/#breadcrumb"},"inLanguage":"hr","potentialAction":[{"@type":"ReadAction","target":["https:\/\/radioljubuski.ba\/index.php\/2022\/04\/11\/utrka-stolacki-cener-po-drugi-put-na-ulicama-stoca\/"]}]},{"@type":"ImageObject","inLanguage":"hr","@id":"https:\/\/radioljubuski.ba\/index.php\/2022\/04\/11\/utrka-stolacki-cener-po-drugi-put-na-ulicama-stoca\/#primaryimage","url":"https:\/\/radioljubuski.ba\/wp-content\/uploads\/2022\/04\/2-2022-04-11-08-45-29-stolac.jpg","contentUrl":"https:\/\/radioljubuski.ba\/wp-content\/uploads\/2022\/04\/2-2022-04-11-08-45-29-stolac.jpg","width":1000,"height":625},{"@type":"BreadcrumbList","@id":"https:\/\/radioljubuski.ba\/index.php\/2022\/04\/11\/utrka-stolacki-cener-po-drugi-put-na-ulicama-stoca\/#breadcrumb","itemListElement":[{"@type":"ListItem","position":1,"name":"Po\u010detna stranica","item":"https:\/\/radioljubuski.ba\/"},{"@type":"ListItem","position":2,"name":"Utrka &#8216;Stola\u010dki cener&#8217; po drugi put na ulicama Stoca"}]},{"@type":"WebSite","@id":"https:\/\/radioljubuski.ba\/#website","url":"https:\/\/radioljubuski.ba\/","name":"Radio Ljubu\u0161ki","description":"Sun\u010dana frekvencija Hercegovine","publisher":{"@id":"https:\/\/radioljubuski.ba\/#organization"},"potentialAction":[{"@type":"SearchAction","target":{"@type":"EntryPoint","urlTemplate":"https:\/\/radioljubuski.ba\/?s={search_term_string}"},"query-input":{"@type":"PropertyValueSpecification","valueRequired":true,"valueName":"search_term_string"}}],"inLanguage":"hr"},{"@type":"Organization","@id":"https:\/\/radioljubuski.ba\/#organization","name":"Radio Ljubu\u0161ki","url":"https:\/\/radioljubuski.ba\/","logo":{"@type":"ImageObject","inLanguage":"hr","@id":"https:\/\/radioljubuski.ba\/#\/schema\/logo\/image\/","url":"https:\/\/radioljubuski.ba\/wp-content\/uploads\/2021\/02\/cropped-Radio_Ljubuski_logo1.jpg","contentUrl":"https:\/\/radioljubuski.ba\/wp-content\/uploads\/2021\/02\/cropped-Radio_Ljubuski_logo1.jpg","width":512,"height":512,"caption":"Radio Ljubu\u0161ki"},"image":{"@id":"https:\/\/radioljubuski.ba\/#\/schema\/logo\/image\/"},"sameAs":["https:\/\/www.facebook.com\/Radiio-Ljubuski-1490835324566332","https:\/\/x.com\/radioljubuski","https:\/\/hr.linkedin.com\/company\/radio-ljubuski","https:\/\/www.youtube.com\/channel\/UCHYaeO_n0Db3tjNGudGpXyw"]},{"@type":"Person","@id":"https:\/\/radioljubuski.ba\/#\/schema\/person\/19fc700381a780f69665d7956c469e3b","name":"Radio Ljubu\u0161ki"}]}},"_links":{"self":[{"href":"https:\/\/radioljubuski.ba\/index.php\/wp-json\/wp\/v2\/posts\/131437","targetHints":{"allow":["GET"]}}],"collection":[{"href":"https:\/\/radioljubuski.ba\/index.php\/wp-json\/wp\/v2\/posts"}],"about":[{"href":"https:\/\/radioljubuski.ba\/index.php\/wp-json\/wp\/v2\/types\/post"}],"author":[{"embeddable":true,"href":"https:\/\/radioljubuski.ba\/index.php\/wp-json\/wp\/v2\/users\/2"}],"replies":[{"embeddable":true,"href":"https:\/\/radioljubuski.ba\/index.php\/wp-json\/wp\/v2\/comments?post=131437"}],"version-history":[{"count":1,"href":"https:\/\/radioljubuski.ba\/index.php\/wp-json\/wp\/v2\/posts\/131437\/revisions"}],"predecessor-version":[{"id":131439,"href":"https:\/\/radioljubuski.ba\/index.php\/wp-json\/wp\/v2\/posts\/131437\/revisions\/131439"}],"wp:featuredmedia":[{"embeddable":true,"href":"https:\/\/radioljubuski.ba\/index.php\/wp-json\/wp\/v2\/media\/131438"}],"wp:attachment":[{"href":"https:\/\/radioljubuski.ba\/index.php\/wp-json\/wp\/v2\/media?parent=131437"}],"wp:term":[{"taxonomy":"category","embeddable":true,"href":"https:\/\/radioljubuski.ba\/index.php\/wp-json\/wp\/v2\/categories?post=131437"},{"taxonomy":"post_tag","embeddable":true,"href":"https:\/\/radioljubuski.ba\/index.php\/wp-json\/wp\/v2\/tags?post=131437"}],"curies":[{"name":"wp","href":"https:\/\/api.w.org\/{rel}","templated":true}]}}