{"id":131440,"date":"2022-04-11T11:01:15","date_gmt":"2022-04-11T10:01:15","guid":{"rendered":"https:\/\/radioljubuski.ba\/?p=131440"},"modified":"2022-04-11T11:01:15","modified_gmt":"2022-04-11T10:01:15","slug":"zubac-odlicnom-utakmicom-zakljucio-prvi-dio-sezone-u-nba-u","status":"publish","type":"post","link":"https:\/\/radioljubuski.ba\/index.php\/2022\/04\/11\/zubac-odlicnom-utakmicom-zakljucio-prvi-dio-sezone-u-nba-u\/","title":{"rendered":"Zubac odli\u010dnom utakmicom zaklju\u010dio prvi dio sezone u NBA-u"},"content":{"rendered":"\n<p>Odigrane su posljednje utakmice prvog dijela NBA sezone nakon kojih su poznata \u010detiri para prvog kruga doigravanja kao i raspored odigravanja &#8220;play-in&#8221; turnira za popunu zadnja \u010detiri mjesta koja vode u posezonu.<\/p>\n\n\n\n<p>Los Angeles Clippersi svladali su Oklahoma City Thunder 138:88, a Ivica Zubac ostvario je jo\u0161 jednu odli\u010dnu partiju. Hrvatski ko\u0161arka\u0161 na terenu je proveo 23:16 minuta upisav\u0161i novi &#8216;double-double&#8217; s 12 ko\u0161eva (\u0161ut 6\/10) i 11 skokova, uz dvije asistencije i dvije blokade.<\/p>\n\n\n\n<p>Clippersi \u0107e u no\u0107i s utorka na srijedu po srednjoeuropskom vremenu igrati u gostima kod Minnesote za sedmu poziciju u doigravanju.&nbsp;<\/p>\n\n\n\n<p>Strijelce Clippersa u dvoboju s Thunderom predvodio je Amir Coffey s 35 poena, uz 13 skokova, a 20 ko\u0161eva dodao je Luke Kennard.<\/p>\n\n\n\n<p>U redovima gostiju, kod kojih su nastupila samo \u0161estorica igra\u010da, po 17 ko\u0161eva zabili su Georgios Kalaitzakis i Zavier Simpson, po 16 Isaiah Roby i Vit Krejci, a 14 poena uz 15 skokova ostvario je Jaylen Hoard.&nbsp;<\/p>\n\n\n\n<p>Izvor:pogled.ba<\/p>\n","protected":false},"excerpt":{"rendered":"<p>Odigrane su posljednje utakmice prvog dijela NBA sezone nakon kojih su poznata \u010detiri para prvog kruga doigravanja kao i raspored odigravanja &#8220;play-in&#8221; turnira za popunu zadnja \u010detiri mjesta koja vode u posezonu. Los Angeles Clippersi svladali su Oklahoma City Thunder 138:88, a Ivica Zubac ostvario je jo\u0161 jednu odli\u010dnu partiju. Hrvatski ko\u0161arka\u0161 na terenu je [&hellip;]<\/p>\n","protected":false},"author":2,"featured_media":106667,"comment_status":"closed","ping_status":"closed","sticky":false,"template":"","format":"standard","meta":{"h5ap_radio_sources":[],"footnotes":""},"categories":[7],"tags":[],"class_list":["post-131440","post","type-post","status-publish","format-standard","has-post-thumbnail","hentry","category-sport"],"yoast_head":"<!-- This site is optimized with the Yoast SEO plugin v27.5 - https:\/\/yoast.com\/product\/yoast-seo-wordpress\/ -->\n<title>Zubac odli\u010dnom utakmicom zaklju\u010dio prvi dio sezone u NBA-u - RADIO LJUBU\u0160KI<\/title>\n<meta name=\"robots\" content=\"index, follow, max-snippet:-1, max-image-preview:large, max-video-preview:-1\" \/>\n<link rel=\"canonical\" href=\"https:\/\/radioljubuski.ba\/index.php\/2022\/04\/11\/zubac-odlicnom-utakmicom-zakljucio-prvi-dio-sezone-u-nba-u\/\" \/>\n<meta property=\"og:locale\" content=\"hr_HR\" \/>\n<meta property=\"og:type\" content=\"article\" \/>\n<meta property=\"og:title\" content=\"Zubac odli\u010dnom utakmicom zaklju\u010dio prvi dio sezone u NBA-u - RADIO LJUBU\u0160KI\" \/>\n<meta property=\"og:description\" content=\"Odigrane su posljednje utakmice prvog dijela NBA sezone nakon kojih su poznata \u010detiri para prvog kruga doigravanja kao i raspored odigravanja &#8220;play-in&#8221; turnira za popunu zadnja \u010detiri mjesta koja vode u posezonu. Los Angeles Clippersi svladali su Oklahoma City Thunder 138:88, a Ivica Zubac ostvario je jo\u0161 jednu odli\u010dnu partiju. Hrvatski ko\u0161arka\u0161 na terenu je [&hellip;]\" \/>\n<meta property=\"og:url\" content=\"https:\/\/radioljubuski.ba\/index.php\/2022\/04\/11\/zubac-odlicnom-utakmicom-zakljucio-prvi-dio-sezone-u-nba-u\/\" \/>\n<meta property=\"og:site_name\" content=\"RADIO LJUBU\u0160KI\" \/>\n<meta property=\"article:publisher\" content=\"https:\/\/www.facebook.com\/Radiio-Ljubuski-1490835324566332\" \/>\n<meta property=\"article:published_time\" content=\"2022-04-11T10:01:15+00:00\" \/>\n<meta property=\"og:image\" content=\"https:\/\/radioljubuski.ba\/wp-content\/uploads\/2022\/01\/zubac.gif\" \/>\n\t<meta property=\"og:image:width\" content=\"1280\" \/>\n\t<meta property=\"og:image:height\" content=\"852\" \/>\n\t<meta property=\"og:image:type\" content=\"image\/gif\" \/>\n<meta name=\"author\" content=\"Radio Ljubu\u0161ki\" \/>\n<meta name=\"twitter:card\" content=\"summary_large_image\" \/>\n<meta name=\"twitter:creator\" content=\"@radioljubuski\" \/>\n<meta name=\"twitter:site\" content=\"@radioljubuski\" \/>\n<meta name=\"twitter:label1\" content=\"Napisao\/la\" \/>\n\t<meta name=\"twitter:data1\" content=\"Radio Ljubu\u0161ki\" \/>\n\t<meta name=\"twitter:label2\" content=\"Procijenjeno vrijeme \u010ditanja\" \/>\n\t<meta name=\"twitter:data2\" content=\"1 minuta\" \/>\n<script type=\"application\/ld+json\" class=\"yoast-schema-graph\">{\"@context\":\"https:\\\/\\\/schema.org\",\"@graph\":[{\"@type\":\"Article\",\"@id\":\"https:\\\/\\\/radioljubuski.ba\\\/index.php\\\/2022\\\/04\\\/11\\\/zubac-odlicnom-utakmicom-zakljucio-prvi-dio-sezone-u-nba-u\\\/#article\",\"isPartOf\":{\"@id\":\"https:\\\/\\\/radioljubuski.ba\\\/index.php\\\/2022\\\/04\\\/11\\\/zubac-odlicnom-utakmicom-zakljucio-prvi-dio-sezone-u-nba-u\\\/\"},\"author\":{\"name\":\"Radio Ljubu\u0161ki\",\"@id\":\"https:\\\/\\\/radioljubuski.ba\\\/#\\\/schema\\\/person\\\/19fc700381a780f69665d7956c469e3b\"},\"headline\":\"Zubac odli\u010dnom utakmicom zaklju\u010dio prvi dio sezone u NBA-u\",\"datePublished\":\"2022-04-11T10:01:15+00:00\",\"mainEntityOfPage\":{\"@id\":\"https:\\\/\\\/radioljubuski.ba\\\/index.php\\\/2022\\\/04\\\/11\\\/zubac-odlicnom-utakmicom-zakljucio-prvi-dio-sezone-u-nba-u\\\/\"},\"wordCount\":168,\"publisher\":{\"@id\":\"https:\\\/\\\/radioljubuski.ba\\\/#organization\"},\"image\":{\"@id\":\"https:\\\/\\\/radioljubuski.ba\\\/index.php\\\/2022\\\/04\\\/11\\\/zubac-odlicnom-utakmicom-zakljucio-prvi-dio-sezone-u-nba-u\\\/#primaryimage\"},\"thumbnailUrl\":\"https:\\\/\\\/radioljubuski.ba\\\/wp-content\\\/uploads\\\/2022\\\/01\\\/zubac.gif\",\"articleSection\":[\"\u0160port\"],\"inLanguage\":\"hr\"},{\"@type\":\"WebPage\",\"@id\":\"https:\\\/\\\/radioljubuski.ba\\\/index.php\\\/2022\\\/04\\\/11\\\/zubac-odlicnom-utakmicom-zakljucio-prvi-dio-sezone-u-nba-u\\\/\",\"url\":\"https:\\\/\\\/radioljubuski.ba\\\/index.php\\\/2022\\\/04\\\/11\\\/zubac-odlicnom-utakmicom-zakljucio-prvi-dio-sezone-u-nba-u\\\/\",\"name\":\"Zubac odli\u010dnom utakmicom zaklju\u010dio prvi dio sezone u NBA-u - RADIO LJUBU\u0160KI\",\"isPartOf\":{\"@id\":\"https:\\\/\\\/radioljubuski.ba\\\/#website\"},\"primaryImageOfPage\":{\"@id\":\"https:\\\/\\\/radioljubuski.ba\\\/index.php\\\/2022\\\/04\\\/11\\\/zubac-odlicnom-utakmicom-zakljucio-prvi-dio-sezone-u-nba-u\\\/#primaryimage\"},\"image\":{\"@id\":\"https:\\\/\\\/radioljubuski.ba\\\/index.php\\\/2022\\\/04\\\/11\\\/zubac-odlicnom-utakmicom-zakljucio-prvi-dio-sezone-u-nba-u\\\/#primaryimage\"},\"thumbnailUrl\":\"https:\\\/\\\/radioljubuski.ba\\\/wp-content\\\/uploads\\\/2022\\\/01\\\/zubac.gif\",\"datePublished\":\"2022-04-11T10:01:15+00:00\",\"breadcrumb\":{\"@id\":\"https:\\\/\\\/radioljubuski.ba\\\/index.php\\\/2022\\\/04\\\/11\\\/zubac-odlicnom-utakmicom-zakljucio-prvi-dio-sezone-u-nba-u\\\/#breadcrumb\"},\"inLanguage\":\"hr\",\"potentialAction\":[{\"@type\":\"ReadAction\",\"target\":[\"https:\\\/\\\/radioljubuski.ba\\\/index.php\\\/2022\\\/04\\\/11\\\/zubac-odlicnom-utakmicom-zakljucio-prvi-dio-sezone-u-nba-u\\\/\"]}]},{\"@type\":\"ImageObject\",\"inLanguage\":\"hr\",\"@id\":\"https:\\\/\\\/radioljubuski.ba\\\/index.php\\\/2022\\\/04\\\/11\\\/zubac-odlicnom-utakmicom-zakljucio-prvi-dio-sezone-u-nba-u\\\/#primaryimage\",\"url\":\"https:\\\/\\\/radioljubuski.ba\\\/wp-content\\\/uploads\\\/2022\\\/01\\\/zubac.gif\",\"contentUrl\":\"https:\\\/\\\/radioljubuski.ba\\\/wp-content\\\/uploads\\\/2022\\\/01\\\/zubac.gif\",\"width\":1280,\"height\":852},{\"@type\":\"BreadcrumbList\",\"@id\":\"https:\\\/\\\/radioljubuski.ba\\\/index.php\\\/2022\\\/04\\\/11\\\/zubac-odlicnom-utakmicom-zakljucio-prvi-dio-sezone-u-nba-u\\\/#breadcrumb\",\"itemListElement\":[{\"@type\":\"ListItem\",\"position\":1,\"name\":\"Po\u010detna stranica\",\"item\":\"https:\\\/\\\/radioljubuski.ba\\\/\"},{\"@type\":\"ListItem\",\"position\":2,\"name\":\"Zubac odli\u010dnom utakmicom zaklju\u010dio prvi dio sezone u NBA-u\"}]},{\"@type\":\"WebSite\",\"@id\":\"https:\\\/\\\/radioljubuski.ba\\\/#website\",\"url\":\"https:\\\/\\\/radioljubuski.ba\\\/\",\"name\":\"Radio Ljubu\u0161ki\",\"description\":\"Sun\u010dana frekvencija Hercegovine\",\"publisher\":{\"@id\":\"https:\\\/\\\/radioljubuski.ba\\\/#organization\"},\"potentialAction\":[{\"@type\":\"SearchAction\",\"target\":{\"@type\":\"EntryPoint\",\"urlTemplate\":\"https:\\\/\\\/radioljubuski.ba\\\/?s={search_term_string}\"},\"query-input\":{\"@type\":\"PropertyValueSpecification\",\"valueRequired\":true,\"valueName\":\"search_term_string\"}}],\"inLanguage\":\"hr\"},{\"@type\":\"Organization\",\"@id\":\"https:\\\/\\\/radioljubuski.ba\\\/#organization\",\"name\":\"Radio Ljubu\u0161ki\",\"url\":\"https:\\\/\\\/radioljubuski.ba\\\/\",\"logo\":{\"@type\":\"ImageObject\",\"inLanguage\":\"hr\",\"@id\":\"https:\\\/\\\/radioljubuski.ba\\\/#\\\/schema\\\/logo\\\/image\\\/\",\"url\":\"https:\\\/\\\/radioljubuski.ba\\\/wp-content\\\/uploads\\\/2021\\\/02\\\/cropped-Radio_Ljubuski_logo1.jpg\",\"contentUrl\":\"https:\\\/\\\/radioljubuski.ba\\\/wp-content\\\/uploads\\\/2021\\\/02\\\/cropped-Radio_Ljubuski_logo1.jpg\",\"width\":512,\"height\":512,\"caption\":\"Radio Ljubu\u0161ki\"},\"image\":{\"@id\":\"https:\\\/\\\/radioljubuski.ba\\\/#\\\/schema\\\/logo\\\/image\\\/\"},\"sameAs\":[\"https:\\\/\\\/www.facebook.com\\\/Radiio-Ljubuski-1490835324566332\",\"https:\\\/\\\/x.com\\\/radioljubuski\",\"https:\\\/\\\/hr.linkedin.com\\\/company\\\/radio-ljubuski\",\"https:\\\/\\\/www.youtube.com\\\/channel\\\/UCHYaeO_n0Db3tjNGudGpXyw\"]},{\"@type\":\"Person\",\"@id\":\"https:\\\/\\\/radioljubuski.ba\\\/#\\\/schema\\\/person\\\/19fc700381a780f69665d7956c469e3b\",\"name\":\"Radio Ljubu\u0161ki\"}]}<\/script>\n<!-- \/ Yoast SEO plugin. -->","yoast_head_json":{"title":"Zubac odli\u010dnom utakmicom zaklju\u010dio prvi dio sezone u NBA-u - RADIO LJUBU\u0160KI","robots":{"index":"index","follow":"follow","max-snippet":"max-snippet:-1","max-image-preview":"max-image-preview:large","max-video-preview":"max-video-preview:-1"},"canonical":"https:\/\/radioljubuski.ba\/index.php\/2022\/04\/11\/zubac-odlicnom-utakmicom-zakljucio-prvi-dio-sezone-u-nba-u\/","og_locale":"hr_HR","og_type":"article","og_title":"Zubac odli\u010dnom utakmicom zaklju\u010dio prvi dio sezone u NBA-u - RADIO LJUBU\u0160KI","og_description":"Odigrane su posljednje utakmice prvog dijela NBA sezone nakon kojih su poznata \u010detiri para prvog kruga doigravanja kao i raspored odigravanja &#8220;play-in&#8221; turnira za popunu zadnja \u010detiri mjesta koja vode u posezonu. Los Angeles Clippersi svladali su Oklahoma City Thunder 138:88, a Ivica Zubac ostvario je jo\u0161 jednu odli\u010dnu partiju. Hrvatski ko\u0161arka\u0161 na terenu je [&hellip;]","og_url":"https:\/\/radioljubuski.ba\/index.php\/2022\/04\/11\/zubac-odlicnom-utakmicom-zakljucio-prvi-dio-sezone-u-nba-u\/","og_site_name":"RADIO LJUBU\u0160KI","article_publisher":"https:\/\/www.facebook.com\/Radiio-Ljubuski-1490835324566332","article_published_time":"2022-04-11T10:01:15+00:00","og_image":[{"width":1280,"height":852,"url":"https:\/\/radioljubuski.ba\/wp-content\/uploads\/2022\/01\/zubac.gif","type":"image\/gif"}],"author":"Radio Ljubu\u0161ki","twitter_card":"summary_large_image","twitter_creator":"@radioljubuski","twitter_site":"@radioljubuski","twitter_misc":{"Napisao\/la":"Radio Ljubu\u0161ki","Procijenjeno vrijeme \u010ditanja":"1 minuta"},"schema":{"@context":"https:\/\/schema.org","@graph":[{"@type":"Article","@id":"https:\/\/radioljubuski.ba\/index.php\/2022\/04\/11\/zubac-odlicnom-utakmicom-zakljucio-prvi-dio-sezone-u-nba-u\/#article","isPartOf":{"@id":"https:\/\/radioljubuski.ba\/index.php\/2022\/04\/11\/zubac-odlicnom-utakmicom-zakljucio-prvi-dio-sezone-u-nba-u\/"},"author":{"name":"Radio Ljubu\u0161ki","@id":"https:\/\/radioljubuski.ba\/#\/schema\/person\/19fc700381a780f69665d7956c469e3b"},"headline":"Zubac odli\u010dnom utakmicom zaklju\u010dio prvi dio sezone u NBA-u","datePublished":"2022-04-11T10:01:15+00:00","mainEntityOfPage":{"@id":"https:\/\/radioljubuski.ba\/index.php\/2022\/04\/11\/zubac-odlicnom-utakmicom-zakljucio-prvi-dio-sezone-u-nba-u\/"},"wordCount":168,"publisher":{"@id":"https:\/\/radioljubuski.ba\/#organization"},"image":{"@id":"https:\/\/radioljubuski.ba\/index.php\/2022\/04\/11\/zubac-odlicnom-utakmicom-zakljucio-prvi-dio-sezone-u-nba-u\/#primaryimage"},"thumbnailUrl":"https:\/\/radioljubuski.ba\/wp-content\/uploads\/2022\/01\/zubac.gif","articleSection":["\u0160port"],"inLanguage":"hr"},{"@type":"WebPage","@id":"https:\/\/radioljubuski.ba\/index.php\/2022\/04\/11\/zubac-odlicnom-utakmicom-zakljucio-prvi-dio-sezone-u-nba-u\/","url":"https:\/\/radioljubuski.ba\/index.php\/2022\/04\/11\/zubac-odlicnom-utakmicom-zakljucio-prvi-dio-sezone-u-nba-u\/","name":"Zubac odli\u010dnom utakmicom zaklju\u010dio prvi dio sezone u NBA-u - RADIO LJUBU\u0160KI","isPartOf":{"@id":"https:\/\/radioljubuski.ba\/#website"},"primaryImageOfPage":{"@id":"https:\/\/radioljubuski.ba\/index.php\/2022\/04\/11\/zubac-odlicnom-utakmicom-zakljucio-prvi-dio-sezone-u-nba-u\/#primaryimage"},"image":{"@id":"https:\/\/radioljubuski.ba\/index.php\/2022\/04\/11\/zubac-odlicnom-utakmicom-zakljucio-prvi-dio-sezone-u-nba-u\/#primaryimage"},"thumbnailUrl":"https:\/\/radioljubuski.ba\/wp-content\/uploads\/2022\/01\/zubac.gif","datePublished":"2022-04-11T10:01:15+00:00","breadcrumb":{"@id":"https:\/\/radioljubuski.ba\/index.php\/2022\/04\/11\/zubac-odlicnom-utakmicom-zakljucio-prvi-dio-sezone-u-nba-u\/#breadcrumb"},"inLanguage":"hr","potentialAction":[{"@type":"ReadAction","target":["https:\/\/radioljubuski.ba\/index.php\/2022\/04\/11\/zubac-odlicnom-utakmicom-zakljucio-prvi-dio-sezone-u-nba-u\/"]}]},{"@type":"ImageObject","inLanguage":"hr","@id":"https:\/\/radioljubuski.ba\/index.php\/2022\/04\/11\/zubac-odlicnom-utakmicom-zakljucio-prvi-dio-sezone-u-nba-u\/#primaryimage","url":"https:\/\/radioljubuski.ba\/wp-content\/uploads\/2022\/01\/zubac.gif","contentUrl":"https:\/\/radioljubuski.ba\/wp-content\/uploads\/2022\/01\/zubac.gif","width":1280,"height":852},{"@type":"BreadcrumbList","@id":"https:\/\/radioljubuski.ba\/index.php\/2022\/04\/11\/zubac-odlicnom-utakmicom-zakljucio-prvi-dio-sezone-u-nba-u\/#breadcrumb","itemListElement":[{"@type":"ListItem","position":1,"name":"Po\u010detna stranica","item":"https:\/\/radioljubuski.ba\/"},{"@type":"ListItem","position":2,"name":"Zubac odli\u010dnom utakmicom zaklju\u010dio prvi dio sezone u NBA-u"}]},{"@type":"WebSite","@id":"https:\/\/radioljubuski.ba\/#website","url":"https:\/\/radioljubuski.ba\/","name":"Radio Ljubu\u0161ki","description":"Sun\u010dana frekvencija Hercegovine","publisher":{"@id":"https:\/\/radioljubuski.ba\/#organization"},"potentialAction":[{"@type":"SearchAction","target":{"@type":"EntryPoint","urlTemplate":"https:\/\/radioljubuski.ba\/?s={search_term_string}"},"query-input":{"@type":"PropertyValueSpecification","valueRequired":true,"valueName":"search_term_string"}}],"inLanguage":"hr"},{"@type":"Organization","@id":"https:\/\/radioljubuski.ba\/#organization","name":"Radio Ljubu\u0161ki","url":"https:\/\/radioljubuski.ba\/","logo":{"@type":"ImageObject","inLanguage":"hr","@id":"https:\/\/radioljubuski.ba\/#\/schema\/logo\/image\/","url":"https:\/\/radioljubuski.ba\/wp-content\/uploads\/2021\/02\/cropped-Radio_Ljubuski_logo1.jpg","contentUrl":"https:\/\/radioljubuski.ba\/wp-content\/uploads\/2021\/02\/cropped-Radio_Ljubuski_logo1.jpg","width":512,"height":512,"caption":"Radio Ljubu\u0161ki"},"image":{"@id":"https:\/\/radioljubuski.ba\/#\/schema\/logo\/image\/"},"sameAs":["https:\/\/www.facebook.com\/Radiio-Ljubuski-1490835324566332","https:\/\/x.com\/radioljubuski","https:\/\/hr.linkedin.com\/company\/radio-ljubuski","https:\/\/www.youtube.com\/channel\/UCHYaeO_n0Db3tjNGudGpXyw"]},{"@type":"Person","@id":"https:\/\/radioljubuski.ba\/#\/schema\/person\/19fc700381a780f69665d7956c469e3b","name":"Radio Ljubu\u0161ki"}]}},"_links":{"self":[{"href":"https:\/\/radioljubuski.ba\/index.php\/wp-json\/wp\/v2\/posts\/131440","targetHints":{"allow":["GET"]}}],"collection":[{"href":"https:\/\/radioljubuski.ba\/index.php\/wp-json\/wp\/v2\/posts"}],"about":[{"href":"https:\/\/radioljubuski.ba\/index.php\/wp-json\/wp\/v2\/types\/post"}],"author":[{"embeddable":true,"href":"https:\/\/radioljubuski.ba\/index.php\/wp-json\/wp\/v2\/users\/2"}],"replies":[{"embeddable":true,"href":"https:\/\/radioljubuski.ba\/index.php\/wp-json\/wp\/v2\/comments?post=131440"}],"version-history":[{"count":1,"href":"https:\/\/radioljubuski.ba\/index.php\/wp-json\/wp\/v2\/posts\/131440\/revisions"}],"predecessor-version":[{"id":131441,"href":"https:\/\/radioljubuski.ba\/index.php\/wp-json\/wp\/v2\/posts\/131440\/revisions\/131441"}],"wp:featuredmedia":[{"embeddable":true,"href":"https:\/\/radioljubuski.ba\/index.php\/wp-json\/wp\/v2\/media\/106667"}],"wp:attachment":[{"href":"https:\/\/radioljubuski.ba\/index.php\/wp-json\/wp\/v2\/media?parent=131440"}],"wp:term":[{"taxonomy":"category","embeddable":true,"href":"https:\/\/radioljubuski.ba\/index.php\/wp-json\/wp\/v2\/categories?post=131440"},{"taxonomy":"post_tag","embeddable":true,"href":"https:\/\/radioljubuski.ba\/index.php\/wp-json\/wp\/v2\/tags?post=131440"}],"curies":[{"name":"wp","href":"https:\/\/api.w.org\/{rel}","templated":true}]}}