{"id":131470,"date":"2022-04-11T11:30:30","date_gmt":"2022-04-11T10:30:30","guid":{"rendered":"https:\/\/radioljubuski.ba\/?p=131470"},"modified":"2022-04-11T11:30:32","modified_gmt":"2022-04-11T10:30:32","slug":"bijeli-brijeg-cisti-se-podrezuje-i-uklanja-sve-sto-ne-valja","status":"publish","type":"post","link":"https:\/\/radioljubuski.ba\/index.php\/2022\/04\/11\/bijeli-brijeg-cisti-se-podrezuje-i-uklanja-sve-sto-ne-valja\/","title":{"rendered":"Bijeli brijeg: \u010cisti se, podrezuje i uklanja sve \u0161to ne valja"},"content":{"rendered":"\n<p>Park \u0161uma oko malih stepenica koje vode u naselje Bijeli brijeg intenzivno se \u010diste protekli mjesec dana. Za sada su o\u010di\u0161\u0107eni dijelovi park \u0161ume i to prostor iznad i ispod Gradske mrtva\u010dnice kao i razdjelni pojas prema Trim stazi. <\/p>\n\n\n\n<p>&#8221;Na navedenom podru\u010dju su mehani\u010dki uklonjena oborena stabla i sve jedinke invazivne vegetacije prvenstveno pajasena. Slijede\u0107a faza trebala bi se sastojati u kemijskom suzbijanu novog porasta odnosno korijenskih izdanaka ovih posje\u010denih jedinki stabala pajasena, kako bi se obuzdalo \u0161irenje ove invazivne biljne vrste&#8221;, re\u010deno je za Bljesak.info iz Odjela za komunalne djelatnosti Grda Mostara <\/p>\n\n\n\n<p>Kako isti\u010du, u planu je i nastavak \u010di\u0161\u0107enja podru\u010dja oko malih stepenica u dijela s deponiranim otpacima i krutim otpadom te uklanjanja sasu\u0161enih stabala na navedenom lokalitetu. <\/p>\n\n\n\n<p>Deponija je to koju je Grad planirao ukloniti jo\u0161 prije dvije godine, tijekom akcije \u010di\u0161\u0107enja podru\u010dja oko velikih stepenica. <\/p>\n\n\n\n<p>Za Bljesak je tada re\u010deno kako na podru\u010dju ove park \u0161ume trenutno postoje dvije do tri deponije.<\/p>\n\n\n\n<p>Iako se ranije govorilo kako \u0107e u ovom naselju, nakon ure\u0111enja novog dje\u010djeg igrali\u0161ta iznad stadiona, postaviti podzemni kontejneri u koje \u0107e stanovnici ovog naselja mo\u0107i odlagati svoj otpad, to jo\u0161 nije u\u010dinjeno. Iz Grada nam nisu objasnili ho\u0107e li i kada ovi kontejneri uop\u0107e biti postavljeni u ovom naselju. <\/p>\n\n\n\n<p>&#8221;Kako Program razmje\u0161taja posuda za selektivno odlaganje otpada jo\u0161 uvijek nije zavr\u0161en i usvojen, Grad Mostar je poduzeo aktivnosti za ishodovanje potrebne dokumentacije za odre\u0111ivanje lokacija za podzemne kontejnere. Na zahtjev operatora &#8216;ZEOS eko sistem&#8217; Grad je dao podr\u0161ku za sudjelovanje u projektu &#8216;Zelena e-volucija&#8217; na na\u010din da \u0107e izdati urbanisti\u010dke suglasnosti za 10 lokacija za postavljanje kontejnera za elektronski otpad. Grad Mostar je na zahtjev operatora &#8216;Vuprom d.o.o&#8217; dao suglasnost i za postavljanje kontejnera za tekstilni otpad&#8221;, re\u010deno je iz Odjela za komunalne djelatnosti Grda Mostara na ovu temu. <\/p>\n\n\n\n<p>No, nije zapu\u0161teno podru\u010dje samo oko malih stepenica, isto je i na drugoj strani stadiona. Nakon \u0161to je Grad prije dvije godine krenuo s rekonstrukcijom park \u0161ume na podru\u010dju velikih stepenica, kada su uklonjena poru\u0161ena stabla te pokupljen otpad koji se godinama gomilao, stanje se danas manje -vi\u0161e vratilo opet na isto. <\/p>\n\n\n\n<p>Gra\u0111ani koji se te\u0161ko rje\u0161avaju starih navika o\u010dito nemaju volje pro\u0161etati koji metar dalje i baciti otpad tamo gdje treba. <\/p>\n\n\n\n<figure class=\"wp-block-image\"><img decoding=\"async\" src=\"https:\/\/storage.bljesak.info\/image\/410382\/800x550\/park-suma-bijeli-brijeg2.jpg\" alt=\"\u010cisti se, podrezuje i uklanja sve \u0161to ne valja samo lo\u0161e navike ostaju - Bijeli brijeg: \u010cisti se, podrezuje i uklanja sve \u0161to ne valja\"\/><\/figure>\n\n\n\n<p>&#8221;Podru\u010dje oko velikih stepenica bit \u0107e uskoro poko\u0161eno i o\u010distiti \u0107e se otpad zate\u010den na povr\u0161inama koje se obi\u010dno kose. Za sistematsko ure\u0111enje naveden povr\u0161ine potrebna su nam dodatna nov\u010dana sredstava, koja je potrebno osigurati u budu\u0107em razdoblju&#8221;, kazali su iz Odjel za gospodarstvo komunalne i inspekcijske poslove. <\/p>\n\n\n\n<p>Bijeli brijeg mo\u017ee se pohvaliti jednim od najure\u0111enijih parkova u Mostaru. Obnovljeni park ima vrhunske sprave za treniranje, a mo\u017ee se pohvaliti i malonogometnim i ko\u0161arka\u0161kim terenom s podlogom. Za one najmla\u0111e postavljene su nove dje\u010dje igra\u010dke, tobogani i ljulja\u010dke, a sve to na gumenoj podlozi. <\/p>\n\n\n\n<figure class=\"wp-block-image\"><img decoding=\"async\" src=\"https:\/\/storage.bljesak.info\/image\/410395\/800x550\/djecje-igraliste.jpg\" alt=\"\u010cisti se, podrezuje i uklanja sve \u0161to ne valja samo lo\u0161e navike ostaju - Bijeli brijeg: \u010cisti se, podrezuje i uklanja sve \u0161to ne valja\"\/><\/figure>\n\n\n\n<p>Park nije zavr\u0161en, ali su radovi u tijeku. Kako doznaje portal Bljesak.info u tijeku su radovi na sustavu prskalica. <\/p>\n\n\n\n<figure class=\"wp-block-image\"><img decoding=\"async\" src=\"https:\/\/storage.bljesak.info\/image\/410396\/800x550\/djecje-igraliste2.jpg\" alt=\"\u010cisti se, podrezuje i uklanja sve \u0161to ne valja samo lo\u0161e navike ostaju - Bijeli brijeg: \u010cisti se, podrezuje i uklanja sve \u0161to ne valja\"\/><\/figure>\n\n\n\n<p>Ina\u010de, Grad Mostar prema prora\u010dunu za 2022. godinu za dva projekta u mostarskom naselju Bijeli brijeg izdvoji je vi\u0161e od 300 000 KM. <\/p>\n\n\n\n<p>Za projekat revitalizacije parkovskih povr\u0161ina na Bijelom brijegu ove godine planira su sredstava u iznosu od 264.429 KM, dok je za izgradnju prometnica S2 i S3 planirano 80.637 KM. S obzirom na akumulirana sredstvima iz ranijih godina Grad Mostar za izgradnju ovih prometnica trenutno ima 190.000 KM. <\/p>\n\n\n\n<p><strong>Izvor: Bljesak.info<\/strong><\/p>\n","protected":false},"excerpt":{"rendered":"<p>Park \u0161uma oko malih stepenica koje vode u naselje Bijeli brijeg intenzivno se \u010diste protekli mjesec dana. Za sada su o\u010di\u0161\u0107eni dijelovi park \u0161ume i to prostor iznad i ispod Gradske mrtva\u010dnice kao i razdjelni pojas prema Trim stazi. &#8221;Na navedenom podru\u010dju su mehani\u010dki uklonjena oborena stabla i sve jedinke invazivne vegetacije prvenstveno pajasena. Slijede\u0107a [&hellip;]<\/p>\n","protected":false},"author":2,"featured_media":131471,"comment_status":"closed","ping_status":"closed","sticky":false,"template":"","format":"standard","meta":{"h5ap_radio_sources":[],"footnotes":""},"categories":[1],"tags":[],"class_list":["post-131470","post","type-post","status-publish","format-standard","has-post-thumbnail","hentry","category-bihiregija"],"yoast_head":"<!-- This site is optimized with the Yoast SEO plugin v27.5 - https:\/\/yoast.com\/product\/yoast-seo-wordpress\/ -->\n<title>Bijeli brijeg: \u010cisti se, podrezuje i uklanja sve \u0161to ne valja - RADIO LJUBU\u0160KI<\/title>\n<meta name=\"robots\" content=\"index, follow, max-snippet:-1, max-image-preview:large, max-video-preview:-1\" \/>\n<link rel=\"canonical\" href=\"https:\/\/radioljubuski.ba\/index.php\/2022\/04\/11\/bijeli-brijeg-cisti-se-podrezuje-i-uklanja-sve-sto-ne-valja\/\" \/>\n<meta property=\"og:locale\" content=\"hr_HR\" \/>\n<meta property=\"og:type\" content=\"article\" \/>\n<meta property=\"og:title\" content=\"Bijeli brijeg: \u010cisti se, podrezuje i uklanja sve \u0161to ne valja - RADIO LJUBU\u0160KI\" \/>\n<meta property=\"og:description\" content=\"Park \u0161uma oko malih stepenica koje vode u naselje Bijeli brijeg intenzivno se \u010diste protekli mjesec dana. Za sada su o\u010di\u0161\u0107eni dijelovi park \u0161ume i to prostor iznad i ispod Gradske mrtva\u010dnice kao i razdjelni pojas prema Trim stazi. &#8221;Na navedenom podru\u010dju su mehani\u010dki uklonjena oborena stabla i sve jedinke invazivne vegetacije prvenstveno pajasena. Slijede\u0107a [&hellip;]\" \/>\n<meta property=\"og:url\" content=\"https:\/\/radioljubuski.ba\/index.php\/2022\/04\/11\/bijeli-brijeg-cisti-se-podrezuje-i-uklanja-sve-sto-ne-valja\/\" \/>\n<meta property=\"og:site_name\" content=\"RADIO LJUBU\u0160KI\" \/>\n<meta property=\"article:publisher\" content=\"https:\/\/www.facebook.com\/Radiio-Ljubuski-1490835324566332\" \/>\n<meta property=\"article:published_time\" content=\"2022-04-11T10:30:30+00:00\" \/>\n<meta property=\"article:modified_time\" content=\"2022-04-11T10:30:32+00:00\" \/>\n<meta property=\"og:image\" content=\"https:\/\/radioljubuski.ba\/wp-content\/uploads\/2022\/04\/stepenice.jpg\" \/>\n\t<meta property=\"og:image:width\" content=\"800\" \/>\n\t<meta property=\"og:image:height\" content=\"550\" \/>\n\t<meta property=\"og:image:type\" content=\"image\/jpeg\" \/>\n<meta name=\"author\" content=\"Radio Ljubu\u0161ki\" \/>\n<meta name=\"twitter:card\" content=\"summary_large_image\" \/>\n<meta name=\"twitter:creator\" content=\"@radioljubuski\" \/>\n<meta name=\"twitter:site\" content=\"@radioljubuski\" \/>\n<meta name=\"twitter:label1\" content=\"Napisao\/la\" \/>\n\t<meta name=\"twitter:data1\" content=\"Radio Ljubu\u0161ki\" \/>\n\t<meta name=\"twitter:label2\" content=\"Procijenjeno vrijeme \u010ditanja\" \/>\n\t<meta name=\"twitter:data2\" content=\"4 minute\" \/>\n<script type=\"application\/ld+json\" class=\"yoast-schema-graph\">{\"@context\":\"https:\\\/\\\/schema.org\",\"@graph\":[{\"@type\":\"Article\",\"@id\":\"https:\\\/\\\/radioljubuski.ba\\\/index.php\\\/2022\\\/04\\\/11\\\/bijeli-brijeg-cisti-se-podrezuje-i-uklanja-sve-sto-ne-valja\\\/#article\",\"isPartOf\":{\"@id\":\"https:\\\/\\\/radioljubuski.ba\\\/index.php\\\/2022\\\/04\\\/11\\\/bijeli-brijeg-cisti-se-podrezuje-i-uklanja-sve-sto-ne-valja\\\/\"},\"author\":{\"name\":\"Radio Ljubu\u0161ki\",\"@id\":\"https:\\\/\\\/radioljubuski.ba\\\/#\\\/schema\\\/person\\\/19fc700381a780f69665d7956c469e3b\"},\"headline\":\"Bijeli brijeg: \u010cisti se, podrezuje i uklanja sve \u0161to ne valja\",\"datePublished\":\"2022-04-11T10:30:30+00:00\",\"dateModified\":\"2022-04-11T10:30:32+00:00\",\"mainEntityOfPage\":{\"@id\":\"https:\\\/\\\/radioljubuski.ba\\\/index.php\\\/2022\\\/04\\\/11\\\/bijeli-brijeg-cisti-se-podrezuje-i-uklanja-sve-sto-ne-valja\\\/\"},\"wordCount\":626,\"publisher\":{\"@id\":\"https:\\\/\\\/radioljubuski.ba\\\/#organization\"},\"image\":{\"@id\":\"https:\\\/\\\/radioljubuski.ba\\\/index.php\\\/2022\\\/04\\\/11\\\/bijeli-brijeg-cisti-se-podrezuje-i-uklanja-sve-sto-ne-valja\\\/#primaryimage\"},\"thumbnailUrl\":\"https:\\\/\\\/radioljubuski.ba\\\/wp-content\\\/uploads\\\/2022\\\/04\\\/stepenice.jpg\",\"articleSection\":[\"BIH i regija\"],\"inLanguage\":\"hr\"},{\"@type\":\"WebPage\",\"@id\":\"https:\\\/\\\/radioljubuski.ba\\\/index.php\\\/2022\\\/04\\\/11\\\/bijeli-brijeg-cisti-se-podrezuje-i-uklanja-sve-sto-ne-valja\\\/\",\"url\":\"https:\\\/\\\/radioljubuski.ba\\\/index.php\\\/2022\\\/04\\\/11\\\/bijeli-brijeg-cisti-se-podrezuje-i-uklanja-sve-sto-ne-valja\\\/\",\"name\":\"Bijeli brijeg: \u010cisti se, podrezuje i uklanja sve \u0161to ne valja - RADIO LJUBU\u0160KI\",\"isPartOf\":{\"@id\":\"https:\\\/\\\/radioljubuski.ba\\\/#website\"},\"primaryImageOfPage\":{\"@id\":\"https:\\\/\\\/radioljubuski.ba\\\/index.php\\\/2022\\\/04\\\/11\\\/bijeli-brijeg-cisti-se-podrezuje-i-uklanja-sve-sto-ne-valja\\\/#primaryimage\"},\"image\":{\"@id\":\"https:\\\/\\\/radioljubuski.ba\\\/index.php\\\/2022\\\/04\\\/11\\\/bijeli-brijeg-cisti-se-podrezuje-i-uklanja-sve-sto-ne-valja\\\/#primaryimage\"},\"thumbnailUrl\":\"https:\\\/\\\/radioljubuski.ba\\\/wp-content\\\/uploads\\\/2022\\\/04\\\/stepenice.jpg\",\"datePublished\":\"2022-04-11T10:30:30+00:00\",\"dateModified\":\"2022-04-11T10:30:32+00:00\",\"breadcrumb\":{\"@id\":\"https:\\\/\\\/radioljubuski.ba\\\/index.php\\\/2022\\\/04\\\/11\\\/bijeli-brijeg-cisti-se-podrezuje-i-uklanja-sve-sto-ne-valja\\\/#breadcrumb\"},\"inLanguage\":\"hr\",\"potentialAction\":[{\"@type\":\"ReadAction\",\"target\":[\"https:\\\/\\\/radioljubuski.ba\\\/index.php\\\/2022\\\/04\\\/11\\\/bijeli-brijeg-cisti-se-podrezuje-i-uklanja-sve-sto-ne-valja\\\/\"]}]},{\"@type\":\"ImageObject\",\"inLanguage\":\"hr\",\"@id\":\"https:\\\/\\\/radioljubuski.ba\\\/index.php\\\/2022\\\/04\\\/11\\\/bijeli-brijeg-cisti-se-podrezuje-i-uklanja-sve-sto-ne-valja\\\/#primaryimage\",\"url\":\"https:\\\/\\\/radioljubuski.ba\\\/wp-content\\\/uploads\\\/2022\\\/04\\\/stepenice.jpg\",\"contentUrl\":\"https:\\\/\\\/radioljubuski.ba\\\/wp-content\\\/uploads\\\/2022\\\/04\\\/stepenice.jpg\",\"width\":800,\"height\":550},{\"@type\":\"BreadcrumbList\",\"@id\":\"https:\\\/\\\/radioljubuski.ba\\\/index.php\\\/2022\\\/04\\\/11\\\/bijeli-brijeg-cisti-se-podrezuje-i-uklanja-sve-sto-ne-valja\\\/#breadcrumb\",\"itemListElement\":[{\"@type\":\"ListItem\",\"position\":1,\"name\":\"Po\u010detna stranica\",\"item\":\"https:\\\/\\\/radioljubuski.ba\\\/\"},{\"@type\":\"ListItem\",\"position\":2,\"name\":\"Bijeli brijeg: \u010cisti se, podrezuje i uklanja sve \u0161to ne valja\"}]},{\"@type\":\"WebSite\",\"@id\":\"https:\\\/\\\/radioljubuski.ba\\\/#website\",\"url\":\"https:\\\/\\\/radioljubuski.ba\\\/\",\"name\":\"Radio Ljubu\u0161ki\",\"description\":\"Sun\u010dana frekvencija Hercegovine\",\"publisher\":{\"@id\":\"https:\\\/\\\/radioljubuski.ba\\\/#organization\"},\"potentialAction\":[{\"@type\":\"SearchAction\",\"target\":{\"@type\":\"EntryPoint\",\"urlTemplate\":\"https:\\\/\\\/radioljubuski.ba\\\/?s={search_term_string}\"},\"query-input\":{\"@type\":\"PropertyValueSpecification\",\"valueRequired\":true,\"valueName\":\"search_term_string\"}}],\"inLanguage\":\"hr\"},{\"@type\":\"Organization\",\"@id\":\"https:\\\/\\\/radioljubuski.ba\\\/#organization\",\"name\":\"Radio Ljubu\u0161ki\",\"url\":\"https:\\\/\\\/radioljubuski.ba\\\/\",\"logo\":{\"@type\":\"ImageObject\",\"inLanguage\":\"hr\",\"@id\":\"https:\\\/\\\/radioljubuski.ba\\\/#\\\/schema\\\/logo\\\/image\\\/\",\"url\":\"https:\\\/\\\/radioljubuski.ba\\\/wp-content\\\/uploads\\\/2021\\\/02\\\/cropped-Radio_Ljubuski_logo1.jpg\",\"contentUrl\":\"https:\\\/\\\/radioljubuski.ba\\\/wp-content\\\/uploads\\\/2021\\\/02\\\/cropped-Radio_Ljubuski_logo1.jpg\",\"width\":512,\"height\":512,\"caption\":\"Radio Ljubu\u0161ki\"},\"image\":{\"@id\":\"https:\\\/\\\/radioljubuski.ba\\\/#\\\/schema\\\/logo\\\/image\\\/\"},\"sameAs\":[\"https:\\\/\\\/www.facebook.com\\\/Radiio-Ljubuski-1490835324566332\",\"https:\\\/\\\/x.com\\\/radioljubuski\",\"https:\\\/\\\/hr.linkedin.com\\\/company\\\/radio-ljubuski\",\"https:\\\/\\\/www.youtube.com\\\/channel\\\/UCHYaeO_n0Db3tjNGudGpXyw\"]},{\"@type\":\"Person\",\"@id\":\"https:\\\/\\\/radioljubuski.ba\\\/#\\\/schema\\\/person\\\/19fc700381a780f69665d7956c469e3b\",\"name\":\"Radio Ljubu\u0161ki\"}]}<\/script>\n<!-- \/ Yoast SEO plugin. -->","yoast_head_json":{"title":"Bijeli brijeg: \u010cisti se, podrezuje i uklanja sve \u0161to ne valja - RADIO LJUBU\u0160KI","robots":{"index":"index","follow":"follow","max-snippet":"max-snippet:-1","max-image-preview":"max-image-preview:large","max-video-preview":"max-video-preview:-1"},"canonical":"https:\/\/radioljubuski.ba\/index.php\/2022\/04\/11\/bijeli-brijeg-cisti-se-podrezuje-i-uklanja-sve-sto-ne-valja\/","og_locale":"hr_HR","og_type":"article","og_title":"Bijeli brijeg: \u010cisti se, podrezuje i uklanja sve \u0161to ne valja - RADIO LJUBU\u0160KI","og_description":"Park \u0161uma oko malih stepenica koje vode u naselje Bijeli brijeg intenzivno se \u010diste protekli mjesec dana. Za sada su o\u010di\u0161\u0107eni dijelovi park \u0161ume i to prostor iznad i ispod Gradske mrtva\u010dnice kao i razdjelni pojas prema Trim stazi. &#8221;Na navedenom podru\u010dju su mehani\u010dki uklonjena oborena stabla i sve jedinke invazivne vegetacije prvenstveno pajasena. Slijede\u0107a [&hellip;]","og_url":"https:\/\/radioljubuski.ba\/index.php\/2022\/04\/11\/bijeli-brijeg-cisti-se-podrezuje-i-uklanja-sve-sto-ne-valja\/","og_site_name":"RADIO LJUBU\u0160KI","article_publisher":"https:\/\/www.facebook.com\/Radiio-Ljubuski-1490835324566332","article_published_time":"2022-04-11T10:30:30+00:00","article_modified_time":"2022-04-11T10:30:32+00:00","og_image":[{"width":800,"height":550,"url":"https:\/\/radioljubuski.ba\/wp-content\/uploads\/2022\/04\/stepenice.jpg","type":"image\/jpeg"}],"author":"Radio Ljubu\u0161ki","twitter_card":"summary_large_image","twitter_creator":"@radioljubuski","twitter_site":"@radioljubuski","twitter_misc":{"Napisao\/la":"Radio Ljubu\u0161ki","Procijenjeno vrijeme \u010ditanja":"4 minute"},"schema":{"@context":"https:\/\/schema.org","@graph":[{"@type":"Article","@id":"https:\/\/radioljubuski.ba\/index.php\/2022\/04\/11\/bijeli-brijeg-cisti-se-podrezuje-i-uklanja-sve-sto-ne-valja\/#article","isPartOf":{"@id":"https:\/\/radioljubuski.ba\/index.php\/2022\/04\/11\/bijeli-brijeg-cisti-se-podrezuje-i-uklanja-sve-sto-ne-valja\/"},"author":{"name":"Radio Ljubu\u0161ki","@id":"https:\/\/radioljubuski.ba\/#\/schema\/person\/19fc700381a780f69665d7956c469e3b"},"headline":"Bijeli brijeg: \u010cisti se, podrezuje i uklanja sve \u0161to ne valja","datePublished":"2022-04-11T10:30:30+00:00","dateModified":"2022-04-11T10:30:32+00:00","mainEntityOfPage":{"@id":"https:\/\/radioljubuski.ba\/index.php\/2022\/04\/11\/bijeli-brijeg-cisti-se-podrezuje-i-uklanja-sve-sto-ne-valja\/"},"wordCount":626,"publisher":{"@id":"https:\/\/radioljubuski.ba\/#organization"},"image":{"@id":"https:\/\/radioljubuski.ba\/index.php\/2022\/04\/11\/bijeli-brijeg-cisti-se-podrezuje-i-uklanja-sve-sto-ne-valja\/#primaryimage"},"thumbnailUrl":"https:\/\/radioljubuski.ba\/wp-content\/uploads\/2022\/04\/stepenice.jpg","articleSection":["BIH i regija"],"inLanguage":"hr"},{"@type":"WebPage","@id":"https:\/\/radioljubuski.ba\/index.php\/2022\/04\/11\/bijeli-brijeg-cisti-se-podrezuje-i-uklanja-sve-sto-ne-valja\/","url":"https:\/\/radioljubuski.ba\/index.php\/2022\/04\/11\/bijeli-brijeg-cisti-se-podrezuje-i-uklanja-sve-sto-ne-valja\/","name":"Bijeli brijeg: \u010cisti se, podrezuje i uklanja sve \u0161to ne valja - RADIO LJUBU\u0160KI","isPartOf":{"@id":"https:\/\/radioljubuski.ba\/#website"},"primaryImageOfPage":{"@id":"https:\/\/radioljubuski.ba\/index.php\/2022\/04\/11\/bijeli-brijeg-cisti-se-podrezuje-i-uklanja-sve-sto-ne-valja\/#primaryimage"},"image":{"@id":"https:\/\/radioljubuski.ba\/index.php\/2022\/04\/11\/bijeli-brijeg-cisti-se-podrezuje-i-uklanja-sve-sto-ne-valja\/#primaryimage"},"thumbnailUrl":"https:\/\/radioljubuski.ba\/wp-content\/uploads\/2022\/04\/stepenice.jpg","datePublished":"2022-04-11T10:30:30+00:00","dateModified":"2022-04-11T10:30:32+00:00","breadcrumb":{"@id":"https:\/\/radioljubuski.ba\/index.php\/2022\/04\/11\/bijeli-brijeg-cisti-se-podrezuje-i-uklanja-sve-sto-ne-valja\/#breadcrumb"},"inLanguage":"hr","potentialAction":[{"@type":"ReadAction","target":["https:\/\/radioljubuski.ba\/index.php\/2022\/04\/11\/bijeli-brijeg-cisti-se-podrezuje-i-uklanja-sve-sto-ne-valja\/"]}]},{"@type":"ImageObject","inLanguage":"hr","@id":"https:\/\/radioljubuski.ba\/index.php\/2022\/04\/11\/bijeli-brijeg-cisti-se-podrezuje-i-uklanja-sve-sto-ne-valja\/#primaryimage","url":"https:\/\/radioljubuski.ba\/wp-content\/uploads\/2022\/04\/stepenice.jpg","contentUrl":"https:\/\/radioljubuski.ba\/wp-content\/uploads\/2022\/04\/stepenice.jpg","width":800,"height":550},{"@type":"BreadcrumbList","@id":"https:\/\/radioljubuski.ba\/index.php\/2022\/04\/11\/bijeli-brijeg-cisti-se-podrezuje-i-uklanja-sve-sto-ne-valja\/#breadcrumb","itemListElement":[{"@type":"ListItem","position":1,"name":"Po\u010detna stranica","item":"https:\/\/radioljubuski.ba\/"},{"@type":"ListItem","position":2,"name":"Bijeli brijeg: \u010cisti se, podrezuje i uklanja sve \u0161to ne valja"}]},{"@type":"WebSite","@id":"https:\/\/radioljubuski.ba\/#website","url":"https:\/\/radioljubuski.ba\/","name":"Radio Ljubu\u0161ki","description":"Sun\u010dana frekvencija Hercegovine","publisher":{"@id":"https:\/\/radioljubuski.ba\/#organization"},"potentialAction":[{"@type":"SearchAction","target":{"@type":"EntryPoint","urlTemplate":"https:\/\/radioljubuski.ba\/?s={search_term_string}"},"query-input":{"@type":"PropertyValueSpecification","valueRequired":true,"valueName":"search_term_string"}}],"inLanguage":"hr"},{"@type":"Organization","@id":"https:\/\/radioljubuski.ba\/#organization","name":"Radio Ljubu\u0161ki","url":"https:\/\/radioljubuski.ba\/","logo":{"@type":"ImageObject","inLanguage":"hr","@id":"https:\/\/radioljubuski.ba\/#\/schema\/logo\/image\/","url":"https:\/\/radioljubuski.ba\/wp-content\/uploads\/2021\/02\/cropped-Radio_Ljubuski_logo1.jpg","contentUrl":"https:\/\/radioljubuski.ba\/wp-content\/uploads\/2021\/02\/cropped-Radio_Ljubuski_logo1.jpg","width":512,"height":512,"caption":"Radio Ljubu\u0161ki"},"image":{"@id":"https:\/\/radioljubuski.ba\/#\/schema\/logo\/image\/"},"sameAs":["https:\/\/www.facebook.com\/Radiio-Ljubuski-1490835324566332","https:\/\/x.com\/radioljubuski","https:\/\/hr.linkedin.com\/company\/radio-ljubuski","https:\/\/www.youtube.com\/channel\/UCHYaeO_n0Db3tjNGudGpXyw"]},{"@type":"Person","@id":"https:\/\/radioljubuski.ba\/#\/schema\/person\/19fc700381a780f69665d7956c469e3b","name":"Radio Ljubu\u0161ki"}]}},"_links":{"self":[{"href":"https:\/\/radioljubuski.ba\/index.php\/wp-json\/wp\/v2\/posts\/131470","targetHints":{"allow":["GET"]}}],"collection":[{"href":"https:\/\/radioljubuski.ba\/index.php\/wp-json\/wp\/v2\/posts"}],"about":[{"href":"https:\/\/radioljubuski.ba\/index.php\/wp-json\/wp\/v2\/types\/post"}],"author":[{"embeddable":true,"href":"https:\/\/radioljubuski.ba\/index.php\/wp-json\/wp\/v2\/users\/2"}],"replies":[{"embeddable":true,"href":"https:\/\/radioljubuski.ba\/index.php\/wp-json\/wp\/v2\/comments?post=131470"}],"version-history":[{"count":1,"href":"https:\/\/radioljubuski.ba\/index.php\/wp-json\/wp\/v2\/posts\/131470\/revisions"}],"predecessor-version":[{"id":131472,"href":"https:\/\/radioljubuski.ba\/index.php\/wp-json\/wp\/v2\/posts\/131470\/revisions\/131472"}],"wp:featuredmedia":[{"embeddable":true,"href":"https:\/\/radioljubuski.ba\/index.php\/wp-json\/wp\/v2\/media\/131471"}],"wp:attachment":[{"href":"https:\/\/radioljubuski.ba\/index.php\/wp-json\/wp\/v2\/media?parent=131470"}],"wp:term":[{"taxonomy":"category","embeddable":true,"href":"https:\/\/radioljubuski.ba\/index.php\/wp-json\/wp\/v2\/categories?post=131470"},{"taxonomy":"post_tag","embeddable":true,"href":"https:\/\/radioljubuski.ba\/index.php\/wp-json\/wp\/v2\/tags?post=131470"}],"curies":[{"name":"wp","href":"https:\/\/api.w.org\/{rel}","templated":true}]}}