{"id":131479,"date":"2022-04-11T11:52:31","date_gmt":"2022-04-11T10:52:31","guid":{"rendered":"https:\/\/radioljubuski.ba\/?p=131479"},"modified":"2022-04-11T11:52:32","modified_gmt":"2022-04-11T10:52:32","slug":"mostar-vijecnici-zamalo-bez-vaznog-materijala","status":"publish","type":"post","link":"https:\/\/radioljubuski.ba\/index.php\/2022\/04\/11\/mostar-vijecnici-zamalo-bez-vaznog-materijala\/","title":{"rendered":"Mostar: Vije\u0107nici zamalo bez va\u017enog materijala"},"content":{"rendered":"\n<p>&#8221;Ovo je jednostavno kap koja je prelila \u010da\u0161u&#8221;, ka\u017ee Silvio Bubalo, vije\u0107nik HRS-a u mostarskom Gradskom vije\u0107u kritiziraju\u0107i vodstvo Vije\u0107a jer vije\u0107nicima nisu poslali potpune materijale za sjednicu. <\/p>\n\n\n\n<p>&#8221;Zatra\u017eio sam da se sve nekompletne to\u010dke koje nisu dostavljene u skladu sa \u010dl. 87 Poslovnika skinu sa sjednice u srijedu. Jo\u0161 uvijek nismo dobili kompletne materijale za sjednicu, a ostalo je manje od 48 sati do po\u010detka Sjednice&#8221;, ka\u017ee Bubalo. <\/p>\n\n\n\n<p>Naime, i Bubalo i drugi vije\u0107nici, kako doznajemo, pisali su vodstvu Vije\u0107a \u017eale\u0107i se na nedostatak materijala. <\/p>\n\n\n\n<p>&#8221;Uvidom u primljene materijale za 20. sjednicu GV Grada Mostara primijetili smo da su sve to\u010dke koje zahtijevaju grafi\u010dke priloge nepotpune, te da to\u010dke 12, 13, 14 i 15 ne sadr\u017ee Programe koji su navedeni. <\/p>\n\n\n\n<p>Poziv za sjednicu je stigao u skladu sa Poslovnikom, \u010dl. 87, ali materijali su nekompletni, odnosno sve ono \u0161to je bitno za rad nije stiglo u roku predvi\u0111enim Poslovnikom&#8221;, naveli su vije\u0107nici. Isti\u010du kako &#8221;ovo nije prvi put da se kr\u0161i Poslovnik jer su materijali i do sada znali stizati na dan sjednice&#8221;. <\/p>\n\n\n\n<p>&#8221;S obzirom da se ovdje radi o izmjenama i dopunama regulacijskih planova, koji su vrlo bitni za sve gra\u0111ane Mostara, o\u010dekivali smo barem malo profesionalnosti i ozbiljnosti u radu Gradona\u010delnika i njegovih slu\u017ebi&#8221;, ka\u017ee Bubalo. <\/p>\n\n\n\n<p>Problem s dostavom dokumentacije komentirala je i vije\u0107nica Na\u0161e stranke Irma Baralija, koja ka\u017ee kako bi moglo ispasti da se ne\u0161to krije. <\/p>\n\n\n\n<p>&#8221;Neprihvatljivo je da se materijali za rad ne dostavljaju na vrijeme. Neko bi \u010dak mogao pomisliti da se nisu dostavili na vrijeme Jer se \u017eeli ne\u0161to skriti od vije\u0107nika, iskreno se Nadam da nije tako. U ovim okolnostima, vjerujem da bi jedini ispravan potez bio skinuti s dnevnog reda one to\u010dke za koje materijali nisu dostavljeni u propisanom roku&#8221;, smatra Baralija. <\/p>\n\n\n\n<p>Naime, na sjednici koja \u0107e se odr\u017eati u srijedu najzvu\u010dnija je mo\u017eda odluka o zadu\u017eenju grada kako bi se nastavila graditi sportska dvorana u Mostaru. No, me\u0111u to\u010dkama su i regulacijski planovi koji su dostavljeni bez detalja, kao i ure\u0111enje rasporeda kioska, reklamnih panoa i mobilijara koji tako\u0111er nemaju nikakav dodatni plan na uvid. <\/p>\n\n\n\n<p>S druge strane, na internetskim stranicama Vije\u0107a prvo nije bilo mogu\u0107e skinuti materijale za sljede\u0107u sjednicu \u0161to je naknadno ispravljeno. No, vije\u0107nici smatraju kako im je premalo vremena ostavljeno na uvid u va\u017enu dokumentaciju. <\/p>\n\n\n\n<p><strong>Izvor: Bljesak.info<\/strong><\/p>\n","protected":false},"excerpt":{"rendered":"<p>&#8221;Ovo je jednostavno kap koja je prelila \u010da\u0161u&#8221;, ka\u017ee Silvio Bubalo, vije\u0107nik HRS-a u mostarskom Gradskom vije\u0107u kritiziraju\u0107i vodstvo Vije\u0107a jer vije\u0107nicima nisu poslali potpune materijale za sjednicu. &#8221;Zatra\u017eio sam da se sve nekompletne to\u010dke koje nisu dostavljene u skladu sa \u010dl. 87 Poslovnika skinu sa sjednice u srijedu. Jo\u0161 uvijek nismo dobili kompletne materijale [&hellip;]<\/p>\n","protected":false},"author":2,"featured_media":131480,"comment_status":"closed","ping_status":"closed","sticky":false,"template":"","format":"standard","meta":{"h5ap_radio_sources":[],"footnotes":""},"categories":[1],"tags":[],"class_list":["post-131479","post","type-post","status-publish","format-standard","has-post-thumbnail","hentry","category-bihiregija"],"yoast_head":"<!-- This site is optimized with the Yoast SEO plugin v27.5 - https:\/\/yoast.com\/product\/yoast-seo-wordpress\/ -->\n<title>Mostar: Vije\u0107nici zamalo bez va\u017enog materijala - RADIO LJUBU\u0160KI<\/title>\n<meta name=\"robots\" content=\"index, follow, max-snippet:-1, max-image-preview:large, max-video-preview:-1\" \/>\n<link rel=\"canonical\" href=\"https:\/\/radioljubuski.ba\/index.php\/2022\/04\/11\/mostar-vijecnici-zamalo-bez-vaznog-materijala\/\" \/>\n<meta property=\"og:locale\" content=\"hr_HR\" \/>\n<meta property=\"og:type\" content=\"article\" \/>\n<meta property=\"og:title\" content=\"Mostar: Vije\u0107nici zamalo bez va\u017enog materijala - RADIO LJUBU\u0160KI\" \/>\n<meta property=\"og:description\" content=\"&#8221;Ovo je jednostavno kap koja je prelila \u010da\u0161u&#8221;, ka\u017ee Silvio Bubalo, vije\u0107nik HRS-a u mostarskom Gradskom vije\u0107u kritiziraju\u0107i vodstvo Vije\u0107a jer vije\u0107nicima nisu poslali potpune materijale za sjednicu. &#8221;Zatra\u017eio sam da se sve nekompletne to\u010dke koje nisu dostavljene u skladu sa \u010dl. 87 Poslovnika skinu sa sjednice u srijedu. Jo\u0161 uvijek nismo dobili kompletne materijale [&hellip;]\" \/>\n<meta property=\"og:url\" content=\"https:\/\/radioljubuski.ba\/index.php\/2022\/04\/11\/mostar-vijecnici-zamalo-bez-vaznog-materijala\/\" \/>\n<meta property=\"og:site_name\" content=\"RADIO LJUBU\u0160KI\" \/>\n<meta property=\"article:publisher\" content=\"https:\/\/www.facebook.com\/Radiio-Ljubuski-1490835324566332\" \/>\n<meta property=\"article:published_time\" content=\"2022-04-11T10:52:31+00:00\" \/>\n<meta property=\"article:modified_time\" content=\"2022-04-11T10:52:32+00:00\" \/>\n<meta property=\"og:image\" content=\"https:\/\/radioljubuski.ba\/wp-content\/uploads\/2022\/04\/materijali.jpg\" \/>\n\t<meta property=\"og:image:width\" content=\"800\" \/>\n\t<meta property=\"og:image:height\" content=\"550\" \/>\n\t<meta property=\"og:image:type\" content=\"image\/jpeg\" \/>\n<meta name=\"author\" content=\"Radio Ljubu\u0161ki\" \/>\n<meta name=\"twitter:card\" content=\"summary_large_image\" \/>\n<meta name=\"twitter:creator\" content=\"@radioljubuski\" \/>\n<meta name=\"twitter:site\" content=\"@radioljubuski\" \/>\n<meta name=\"twitter:label1\" content=\"Napisao\/la\" \/>\n\t<meta name=\"twitter:data1\" content=\"Radio Ljubu\u0161ki\" \/>\n\t<meta name=\"twitter:label2\" content=\"Procijenjeno vrijeme \u010ditanja\" \/>\n\t<meta name=\"twitter:data2\" content=\"2 minute\" \/>\n<script type=\"application\/ld+json\" class=\"yoast-schema-graph\">{\"@context\":\"https:\\\/\\\/schema.org\",\"@graph\":[{\"@type\":\"Article\",\"@id\":\"https:\\\/\\\/radioljubuski.ba\\\/index.php\\\/2022\\\/04\\\/11\\\/mostar-vijecnici-zamalo-bez-vaznog-materijala\\\/#article\",\"isPartOf\":{\"@id\":\"https:\\\/\\\/radioljubuski.ba\\\/index.php\\\/2022\\\/04\\\/11\\\/mostar-vijecnici-zamalo-bez-vaznog-materijala\\\/\"},\"author\":{\"name\":\"Radio Ljubu\u0161ki\",\"@id\":\"https:\\\/\\\/radioljubuski.ba\\\/#\\\/schema\\\/person\\\/19fc700381a780f69665d7956c469e3b\"},\"headline\":\"Mostar: Vije\u0107nici zamalo bez va\u017enog materijala\",\"datePublished\":\"2022-04-11T10:52:31+00:00\",\"dateModified\":\"2022-04-11T10:52:32+00:00\",\"mainEntityOfPage\":{\"@id\":\"https:\\\/\\\/radioljubuski.ba\\\/index.php\\\/2022\\\/04\\\/11\\\/mostar-vijecnici-zamalo-bez-vaznog-materijala\\\/\"},\"wordCount\":430,\"publisher\":{\"@id\":\"https:\\\/\\\/radioljubuski.ba\\\/#organization\"},\"image\":{\"@id\":\"https:\\\/\\\/radioljubuski.ba\\\/index.php\\\/2022\\\/04\\\/11\\\/mostar-vijecnici-zamalo-bez-vaznog-materijala\\\/#primaryimage\"},\"thumbnailUrl\":\"https:\\\/\\\/radioljubuski.ba\\\/wp-content\\\/uploads\\\/2022\\\/04\\\/materijali.jpg\",\"articleSection\":[\"BIH i regija\"],\"inLanguage\":\"hr\"},{\"@type\":\"WebPage\",\"@id\":\"https:\\\/\\\/radioljubuski.ba\\\/index.php\\\/2022\\\/04\\\/11\\\/mostar-vijecnici-zamalo-bez-vaznog-materijala\\\/\",\"url\":\"https:\\\/\\\/radioljubuski.ba\\\/index.php\\\/2022\\\/04\\\/11\\\/mostar-vijecnici-zamalo-bez-vaznog-materijala\\\/\",\"name\":\"Mostar: Vije\u0107nici zamalo bez va\u017enog materijala - RADIO LJUBU\u0160KI\",\"isPartOf\":{\"@id\":\"https:\\\/\\\/radioljubuski.ba\\\/#website\"},\"primaryImageOfPage\":{\"@id\":\"https:\\\/\\\/radioljubuski.ba\\\/index.php\\\/2022\\\/04\\\/11\\\/mostar-vijecnici-zamalo-bez-vaznog-materijala\\\/#primaryimage\"},\"image\":{\"@id\":\"https:\\\/\\\/radioljubuski.ba\\\/index.php\\\/2022\\\/04\\\/11\\\/mostar-vijecnici-zamalo-bez-vaznog-materijala\\\/#primaryimage\"},\"thumbnailUrl\":\"https:\\\/\\\/radioljubuski.ba\\\/wp-content\\\/uploads\\\/2022\\\/04\\\/materijali.jpg\",\"datePublished\":\"2022-04-11T10:52:31+00:00\",\"dateModified\":\"2022-04-11T10:52:32+00:00\",\"breadcrumb\":{\"@id\":\"https:\\\/\\\/radioljubuski.ba\\\/index.php\\\/2022\\\/04\\\/11\\\/mostar-vijecnici-zamalo-bez-vaznog-materijala\\\/#breadcrumb\"},\"inLanguage\":\"hr\",\"potentialAction\":[{\"@type\":\"ReadAction\",\"target\":[\"https:\\\/\\\/radioljubuski.ba\\\/index.php\\\/2022\\\/04\\\/11\\\/mostar-vijecnici-zamalo-bez-vaznog-materijala\\\/\"]}]},{\"@type\":\"ImageObject\",\"inLanguage\":\"hr\",\"@id\":\"https:\\\/\\\/radioljubuski.ba\\\/index.php\\\/2022\\\/04\\\/11\\\/mostar-vijecnici-zamalo-bez-vaznog-materijala\\\/#primaryimage\",\"url\":\"https:\\\/\\\/radioljubuski.ba\\\/wp-content\\\/uploads\\\/2022\\\/04\\\/materijali.jpg\",\"contentUrl\":\"https:\\\/\\\/radioljubuski.ba\\\/wp-content\\\/uploads\\\/2022\\\/04\\\/materijali.jpg\",\"width\":800,\"height\":550},{\"@type\":\"BreadcrumbList\",\"@id\":\"https:\\\/\\\/radioljubuski.ba\\\/index.php\\\/2022\\\/04\\\/11\\\/mostar-vijecnici-zamalo-bez-vaznog-materijala\\\/#breadcrumb\",\"itemListElement\":[{\"@type\":\"ListItem\",\"position\":1,\"name\":\"Po\u010detna stranica\",\"item\":\"https:\\\/\\\/radioljubuski.ba\\\/\"},{\"@type\":\"ListItem\",\"position\":2,\"name\":\"Mostar: Vije\u0107nici zamalo bez va\u017enog materijala\"}]},{\"@type\":\"WebSite\",\"@id\":\"https:\\\/\\\/radioljubuski.ba\\\/#website\",\"url\":\"https:\\\/\\\/radioljubuski.ba\\\/\",\"name\":\"Radio Ljubu\u0161ki\",\"description\":\"Sun\u010dana frekvencija Hercegovine\",\"publisher\":{\"@id\":\"https:\\\/\\\/radioljubuski.ba\\\/#organization\"},\"potentialAction\":[{\"@type\":\"SearchAction\",\"target\":{\"@type\":\"EntryPoint\",\"urlTemplate\":\"https:\\\/\\\/radioljubuski.ba\\\/?s={search_term_string}\"},\"query-input\":{\"@type\":\"PropertyValueSpecification\",\"valueRequired\":true,\"valueName\":\"search_term_string\"}}],\"inLanguage\":\"hr\"},{\"@type\":\"Organization\",\"@id\":\"https:\\\/\\\/radioljubuski.ba\\\/#organization\",\"name\":\"Radio Ljubu\u0161ki\",\"url\":\"https:\\\/\\\/radioljubuski.ba\\\/\",\"logo\":{\"@type\":\"ImageObject\",\"inLanguage\":\"hr\",\"@id\":\"https:\\\/\\\/radioljubuski.ba\\\/#\\\/schema\\\/logo\\\/image\\\/\",\"url\":\"https:\\\/\\\/radioljubuski.ba\\\/wp-content\\\/uploads\\\/2021\\\/02\\\/cropped-Radio_Ljubuski_logo1.jpg\",\"contentUrl\":\"https:\\\/\\\/radioljubuski.ba\\\/wp-content\\\/uploads\\\/2021\\\/02\\\/cropped-Radio_Ljubuski_logo1.jpg\",\"width\":512,\"height\":512,\"caption\":\"Radio Ljubu\u0161ki\"},\"image\":{\"@id\":\"https:\\\/\\\/radioljubuski.ba\\\/#\\\/schema\\\/logo\\\/image\\\/\"},\"sameAs\":[\"https:\\\/\\\/www.facebook.com\\\/Radiio-Ljubuski-1490835324566332\",\"https:\\\/\\\/x.com\\\/radioljubuski\",\"https:\\\/\\\/hr.linkedin.com\\\/company\\\/radio-ljubuski\",\"https:\\\/\\\/www.youtube.com\\\/channel\\\/UCHYaeO_n0Db3tjNGudGpXyw\"]},{\"@type\":\"Person\",\"@id\":\"https:\\\/\\\/radioljubuski.ba\\\/#\\\/schema\\\/person\\\/19fc700381a780f69665d7956c469e3b\",\"name\":\"Radio Ljubu\u0161ki\"}]}<\/script>\n<!-- \/ Yoast SEO plugin. -->","yoast_head_json":{"title":"Mostar: Vije\u0107nici zamalo bez va\u017enog materijala - RADIO LJUBU\u0160KI","robots":{"index":"index","follow":"follow","max-snippet":"max-snippet:-1","max-image-preview":"max-image-preview:large","max-video-preview":"max-video-preview:-1"},"canonical":"https:\/\/radioljubuski.ba\/index.php\/2022\/04\/11\/mostar-vijecnici-zamalo-bez-vaznog-materijala\/","og_locale":"hr_HR","og_type":"article","og_title":"Mostar: Vije\u0107nici zamalo bez va\u017enog materijala - RADIO LJUBU\u0160KI","og_description":"&#8221;Ovo je jednostavno kap koja je prelila \u010da\u0161u&#8221;, ka\u017ee Silvio Bubalo, vije\u0107nik HRS-a u mostarskom Gradskom vije\u0107u kritiziraju\u0107i vodstvo Vije\u0107a jer vije\u0107nicima nisu poslali potpune materijale za sjednicu. &#8221;Zatra\u017eio sam da se sve nekompletne to\u010dke koje nisu dostavljene u skladu sa \u010dl. 87 Poslovnika skinu sa sjednice u srijedu. Jo\u0161 uvijek nismo dobili kompletne materijale [&hellip;]","og_url":"https:\/\/radioljubuski.ba\/index.php\/2022\/04\/11\/mostar-vijecnici-zamalo-bez-vaznog-materijala\/","og_site_name":"RADIO LJUBU\u0160KI","article_publisher":"https:\/\/www.facebook.com\/Radiio-Ljubuski-1490835324566332","article_published_time":"2022-04-11T10:52:31+00:00","article_modified_time":"2022-04-11T10:52:32+00:00","og_image":[{"width":800,"height":550,"url":"https:\/\/radioljubuski.ba\/wp-content\/uploads\/2022\/04\/materijali.jpg","type":"image\/jpeg"}],"author":"Radio Ljubu\u0161ki","twitter_card":"summary_large_image","twitter_creator":"@radioljubuski","twitter_site":"@radioljubuski","twitter_misc":{"Napisao\/la":"Radio Ljubu\u0161ki","Procijenjeno vrijeme \u010ditanja":"2 minute"},"schema":{"@context":"https:\/\/schema.org","@graph":[{"@type":"Article","@id":"https:\/\/radioljubuski.ba\/index.php\/2022\/04\/11\/mostar-vijecnici-zamalo-bez-vaznog-materijala\/#article","isPartOf":{"@id":"https:\/\/radioljubuski.ba\/index.php\/2022\/04\/11\/mostar-vijecnici-zamalo-bez-vaznog-materijala\/"},"author":{"name":"Radio Ljubu\u0161ki","@id":"https:\/\/radioljubuski.ba\/#\/schema\/person\/19fc700381a780f69665d7956c469e3b"},"headline":"Mostar: Vije\u0107nici zamalo bez va\u017enog materijala","datePublished":"2022-04-11T10:52:31+00:00","dateModified":"2022-04-11T10:52:32+00:00","mainEntityOfPage":{"@id":"https:\/\/radioljubuski.ba\/index.php\/2022\/04\/11\/mostar-vijecnici-zamalo-bez-vaznog-materijala\/"},"wordCount":430,"publisher":{"@id":"https:\/\/radioljubuski.ba\/#organization"},"image":{"@id":"https:\/\/radioljubuski.ba\/index.php\/2022\/04\/11\/mostar-vijecnici-zamalo-bez-vaznog-materijala\/#primaryimage"},"thumbnailUrl":"https:\/\/radioljubuski.ba\/wp-content\/uploads\/2022\/04\/materijali.jpg","articleSection":["BIH i regija"],"inLanguage":"hr"},{"@type":"WebPage","@id":"https:\/\/radioljubuski.ba\/index.php\/2022\/04\/11\/mostar-vijecnici-zamalo-bez-vaznog-materijala\/","url":"https:\/\/radioljubuski.ba\/index.php\/2022\/04\/11\/mostar-vijecnici-zamalo-bez-vaznog-materijala\/","name":"Mostar: Vije\u0107nici zamalo bez va\u017enog materijala - RADIO LJUBU\u0160KI","isPartOf":{"@id":"https:\/\/radioljubuski.ba\/#website"},"primaryImageOfPage":{"@id":"https:\/\/radioljubuski.ba\/index.php\/2022\/04\/11\/mostar-vijecnici-zamalo-bez-vaznog-materijala\/#primaryimage"},"image":{"@id":"https:\/\/radioljubuski.ba\/index.php\/2022\/04\/11\/mostar-vijecnici-zamalo-bez-vaznog-materijala\/#primaryimage"},"thumbnailUrl":"https:\/\/radioljubuski.ba\/wp-content\/uploads\/2022\/04\/materijali.jpg","datePublished":"2022-04-11T10:52:31+00:00","dateModified":"2022-04-11T10:52:32+00:00","breadcrumb":{"@id":"https:\/\/radioljubuski.ba\/index.php\/2022\/04\/11\/mostar-vijecnici-zamalo-bez-vaznog-materijala\/#breadcrumb"},"inLanguage":"hr","potentialAction":[{"@type":"ReadAction","target":["https:\/\/radioljubuski.ba\/index.php\/2022\/04\/11\/mostar-vijecnici-zamalo-bez-vaznog-materijala\/"]}]},{"@type":"ImageObject","inLanguage":"hr","@id":"https:\/\/radioljubuski.ba\/index.php\/2022\/04\/11\/mostar-vijecnici-zamalo-bez-vaznog-materijala\/#primaryimage","url":"https:\/\/radioljubuski.ba\/wp-content\/uploads\/2022\/04\/materijali.jpg","contentUrl":"https:\/\/radioljubuski.ba\/wp-content\/uploads\/2022\/04\/materijali.jpg","width":800,"height":550},{"@type":"BreadcrumbList","@id":"https:\/\/radioljubuski.ba\/index.php\/2022\/04\/11\/mostar-vijecnici-zamalo-bez-vaznog-materijala\/#breadcrumb","itemListElement":[{"@type":"ListItem","position":1,"name":"Po\u010detna stranica","item":"https:\/\/radioljubuski.ba\/"},{"@type":"ListItem","position":2,"name":"Mostar: Vije\u0107nici zamalo bez va\u017enog materijala"}]},{"@type":"WebSite","@id":"https:\/\/radioljubuski.ba\/#website","url":"https:\/\/radioljubuski.ba\/","name":"Radio Ljubu\u0161ki","description":"Sun\u010dana frekvencija Hercegovine","publisher":{"@id":"https:\/\/radioljubuski.ba\/#organization"},"potentialAction":[{"@type":"SearchAction","target":{"@type":"EntryPoint","urlTemplate":"https:\/\/radioljubuski.ba\/?s={search_term_string}"},"query-input":{"@type":"PropertyValueSpecification","valueRequired":true,"valueName":"search_term_string"}}],"inLanguage":"hr"},{"@type":"Organization","@id":"https:\/\/radioljubuski.ba\/#organization","name":"Radio Ljubu\u0161ki","url":"https:\/\/radioljubuski.ba\/","logo":{"@type":"ImageObject","inLanguage":"hr","@id":"https:\/\/radioljubuski.ba\/#\/schema\/logo\/image\/","url":"https:\/\/radioljubuski.ba\/wp-content\/uploads\/2021\/02\/cropped-Radio_Ljubuski_logo1.jpg","contentUrl":"https:\/\/radioljubuski.ba\/wp-content\/uploads\/2021\/02\/cropped-Radio_Ljubuski_logo1.jpg","width":512,"height":512,"caption":"Radio Ljubu\u0161ki"},"image":{"@id":"https:\/\/radioljubuski.ba\/#\/schema\/logo\/image\/"},"sameAs":["https:\/\/www.facebook.com\/Radiio-Ljubuski-1490835324566332","https:\/\/x.com\/radioljubuski","https:\/\/hr.linkedin.com\/company\/radio-ljubuski","https:\/\/www.youtube.com\/channel\/UCHYaeO_n0Db3tjNGudGpXyw"]},{"@type":"Person","@id":"https:\/\/radioljubuski.ba\/#\/schema\/person\/19fc700381a780f69665d7956c469e3b","name":"Radio Ljubu\u0161ki"}]}},"_links":{"self":[{"href":"https:\/\/radioljubuski.ba\/index.php\/wp-json\/wp\/v2\/posts\/131479","targetHints":{"allow":["GET"]}}],"collection":[{"href":"https:\/\/radioljubuski.ba\/index.php\/wp-json\/wp\/v2\/posts"}],"about":[{"href":"https:\/\/radioljubuski.ba\/index.php\/wp-json\/wp\/v2\/types\/post"}],"author":[{"embeddable":true,"href":"https:\/\/radioljubuski.ba\/index.php\/wp-json\/wp\/v2\/users\/2"}],"replies":[{"embeddable":true,"href":"https:\/\/radioljubuski.ba\/index.php\/wp-json\/wp\/v2\/comments?post=131479"}],"version-history":[{"count":1,"href":"https:\/\/radioljubuski.ba\/index.php\/wp-json\/wp\/v2\/posts\/131479\/revisions"}],"predecessor-version":[{"id":131481,"href":"https:\/\/radioljubuski.ba\/index.php\/wp-json\/wp\/v2\/posts\/131479\/revisions\/131481"}],"wp:featuredmedia":[{"embeddable":true,"href":"https:\/\/radioljubuski.ba\/index.php\/wp-json\/wp\/v2\/media\/131480"}],"wp:attachment":[{"href":"https:\/\/radioljubuski.ba\/index.php\/wp-json\/wp\/v2\/media?parent=131479"}],"wp:term":[{"taxonomy":"category","embeddable":true,"href":"https:\/\/radioljubuski.ba\/index.php\/wp-json\/wp\/v2\/categories?post=131479"},{"taxonomy":"post_tag","embeddable":true,"href":"https:\/\/radioljubuski.ba\/index.php\/wp-json\/wp\/v2\/tags?post=131479"}],"curies":[{"name":"wp","href":"https:\/\/api.w.org\/{rel}","templated":true}]}}