{"id":131507,"date":"2022-04-11T13:24:27","date_gmt":"2022-04-11T12:24:27","guid":{"rendered":"https:\/\/radioljubuski.ba\/?p=131507"},"modified":"2022-04-11T13:24:28","modified_gmt":"2022-04-11T12:24:28","slug":"grlic-radman-kroz-izbornu-reformu-treba-osigurati-zakonitost-i-integritet-predstojecih-izbora-u-bih-2","status":"publish","type":"post","link":"https:\/\/radioljubuski.ba\/index.php\/2022\/04\/11\/grlic-radman-kroz-izbornu-reformu-treba-osigurati-zakonitost-i-integritet-predstojecih-izbora-u-bih-2\/","title":{"rendered":"Grli\u0107 Radman: Kroz izbornu reformu treba osigurati zakonitost i integritet predstoje\u0107ih izbora u BiH"},"content":{"rendered":"\n<p>Hrvatski ministar vanjskih poslova Gordan Grli\u0107 Radman izjavio je u ponedjeljak u Luxembourgu da je potrebno provesti odgovaraju\u0107e istrage ruskih ratnih zlo\u010dina u Ukrajini i osigurati da odgovorni za to snose posljedice.<\/p>\n\n\n\n<p>\u201cPotrebne su odgovaraju\u0107e istrage ratnih zlo\u010dina i odgovorni za to moraju odgovarati\u201d, rekao je Grli\u0107 Radman po dolasku na sastanak ministara vanjskih poslova dr\u017eava \u010dlanica EU u Luxembourgu.<\/p>\n\n\n\n<p>Prije po\u010detka Vije\u0107a za vanjske poslove, \u0161efovi diplomacija imali su radni doru\u010dak s glavnim tu\u017eiteljem Me\u0111unarodnog kaznenog suda Karimom A.A. Khanom, a ukrajinska tu\u017eiteljica Irina Venediktova sudjelovala je na tom sastanku video-vezom.<\/p>\n\n\n\n<p>Grli\u0107 Radman je rekao da \u0107e na sastanku govoriti o va\u017enosti Zapadnog Balkana i stabilnosti u tom podru\u010dju.<\/p>\n\n\n\n<p>\u201cBosna i Hercegovina je u dubokoj politi\u010dkoj krizi. Kroz izbornu reformu treba osigurati zakonitost i integritet predstoje\u0107ih izbora u BiH\u201d, rekao je Grli\u0107 Radman.<\/p>\n\n\n\n<p>Istaknuo je da se od Srbije o\u010dekuje da se nastavi uskla\u0111ivati s vanjskom politikom Europske unije u skladu s njezinim vrijednostima i na\u010delima.<\/p>\n\n\n\n<p>Srbija, zemlja kandidatkinja koja pregovara o \u010dlanstvu u Europskoj uniji, do sada je odbijala uskladiti se s vanjskom politikom EU i uvesti sankcije protiv Rusije. Nakon po\u010detka ruske agresije na Ukrajinu takvo stajali\u0161te Srbije postaje neodr\u017eivo i sve vi\u0161e raste pritisak na Beograd da se odlu\u010di kojim putem \u017eeli i\u0107i.<\/p>\n\n\n\n<p>Vi\u0161e ministara dr\u017eava \u010dlanica podr\u017ealo je ja\u010danje sankcija protiv Rusije. Visoki predstavnik EU-a za vanjsku i sigurnosnu politiku Josep Borrell, koji je nedavno posjetio Kijev i Bu\u010du zajedno s predsjednicom Komisije Ursulom von der Leyen, rekao je da su nove sankcije uvijek na stolu.<\/p>\n\n\n\n<p>Irski ministar vanjskih poslova Simon Coveney rekao je da Komisija radi na pojedinostima u vezi sa zabranom uvoza nafte iz Rusije u okviru mogu\u0107eg \u0161estog paketa sankcija, ali da jo\u0161 ni\u0161ta nije odlu\u010deno.<\/p>\n\n\n\n<p>Izvor:pogled.ba<\/p>\n","protected":false},"excerpt":{"rendered":"<p>Hrvatski ministar vanjskih poslova Gordan Grli\u0107 Radman izjavio je u ponedjeljak u Luxembourgu da je potrebno provesti odgovaraju\u0107e istrage ruskih ratnih zlo\u010dina u Ukrajini i osigurati da odgovorni za to snose posljedice. \u201cPotrebne su odgovaraju\u0107e istrage ratnih zlo\u010dina i odgovorni za to moraju odgovarati\u201d, rekao je Grli\u0107 Radman po dolasku na sastanak ministara vanjskih poslova [&hellip;]<\/p>\n","protected":false},"author":2,"featured_media":5914,"comment_status":"closed","ping_status":"closed","sticky":false,"template":"","format":"standard","meta":{"h5ap_radio_sources":[],"footnotes":""},"categories":[1],"tags":[],"class_list":["post-131507","post","type-post","status-publish","format-standard","has-post-thumbnail","hentry","category-bihiregija"],"yoast_head":"<!-- This site is optimized with the Yoast SEO plugin v27.5 - https:\/\/yoast.com\/product\/yoast-seo-wordpress\/ -->\n<title>Grli\u0107 Radman: Kroz izbornu reformu treba osigurati zakonitost i integritet predstoje\u0107ih izbora u BiH - RADIO LJUBU\u0160KI<\/title>\n<meta name=\"robots\" content=\"index, follow, max-snippet:-1, max-image-preview:large, max-video-preview:-1\" \/>\n<link rel=\"canonical\" href=\"https:\/\/radioljubuski.ba\/index.php\/2022\/04\/11\/grlic-radman-kroz-izbornu-reformu-treba-osigurati-zakonitost-i-integritet-predstojecih-izbora-u-bih-2\/\" \/>\n<meta property=\"og:locale\" content=\"hr_HR\" \/>\n<meta property=\"og:type\" content=\"article\" \/>\n<meta property=\"og:title\" content=\"Grli\u0107 Radman: Kroz izbornu reformu treba osigurati zakonitost i integritet predstoje\u0107ih izbora u BiH - RADIO LJUBU\u0160KI\" \/>\n<meta property=\"og:description\" content=\"Hrvatski ministar vanjskih poslova Gordan Grli\u0107 Radman izjavio je u ponedjeljak u Luxembourgu da je potrebno provesti odgovaraju\u0107e istrage ruskih ratnih zlo\u010dina u Ukrajini i osigurati da odgovorni za to snose posljedice. \u201cPotrebne su odgovaraju\u0107e istrage ratnih zlo\u010dina i odgovorni za to moraju odgovarati\u201d, rekao je Grli\u0107 Radman po dolasku na sastanak ministara vanjskih poslova [&hellip;]\" \/>\n<meta property=\"og:url\" content=\"https:\/\/radioljubuski.ba\/index.php\/2022\/04\/11\/grlic-radman-kroz-izbornu-reformu-treba-osigurati-zakonitost-i-integritet-predstojecih-izbora-u-bih-2\/\" \/>\n<meta property=\"og:site_name\" content=\"RADIO LJUBU\u0160KI\" \/>\n<meta property=\"article:publisher\" content=\"https:\/\/www.facebook.com\/Radiio-Ljubuski-1490835324566332\" \/>\n<meta property=\"article:published_time\" content=\"2022-04-11T12:24:27+00:00\" \/>\n<meta property=\"article:modified_time\" content=\"2022-04-11T12:24:28+00:00\" \/>\n<meta property=\"og:image\" content=\"https:\/\/radioljubuski.ba\/wp-content\/uploads\/2021\/03\/grlic_radman_rtv_hb.png\" \/>\n\t<meta property=\"og:image:width\" content=\"840\" \/>\n\t<meta property=\"og:image:height\" content=\"470\" \/>\n\t<meta property=\"og:image:type\" content=\"image\/png\" \/>\n<meta name=\"author\" content=\"Radio Ljubu\u0161ki\" \/>\n<meta name=\"twitter:card\" content=\"summary_large_image\" \/>\n<meta name=\"twitter:creator\" content=\"@radioljubuski\" \/>\n<meta name=\"twitter:site\" content=\"@radioljubuski\" \/>\n<meta name=\"twitter:label1\" content=\"Napisao\/la\" \/>\n\t<meta name=\"twitter:data1\" content=\"Radio Ljubu\u0161ki\" \/>\n\t<meta name=\"twitter:label2\" content=\"Procijenjeno vrijeme \u010ditanja\" \/>\n\t<meta name=\"twitter:data2\" content=\"2 minute\" \/>\n<script type=\"application\/ld+json\" class=\"yoast-schema-graph\">{\"@context\":\"https:\\\/\\\/schema.org\",\"@graph\":[{\"@type\":\"Article\",\"@id\":\"https:\\\/\\\/radioljubuski.ba\\\/index.php\\\/2022\\\/04\\\/11\\\/grlic-radman-kroz-izbornu-reformu-treba-osigurati-zakonitost-i-integritet-predstojecih-izbora-u-bih-2\\\/#article\",\"isPartOf\":{\"@id\":\"https:\\\/\\\/radioljubuski.ba\\\/index.php\\\/2022\\\/04\\\/11\\\/grlic-radman-kroz-izbornu-reformu-treba-osigurati-zakonitost-i-integritet-predstojecih-izbora-u-bih-2\\\/\"},\"author\":{\"name\":\"Radio Ljubu\u0161ki\",\"@id\":\"https:\\\/\\\/radioljubuski.ba\\\/#\\\/schema\\\/person\\\/19fc700381a780f69665d7956c469e3b\"},\"headline\":\"Grli\u0107 Radman: Kroz izbornu reformu treba osigurati zakonitost i integritet predstoje\u0107ih izbora u BiH\",\"datePublished\":\"2022-04-11T12:24:27+00:00\",\"dateModified\":\"2022-04-11T12:24:28+00:00\",\"mainEntityOfPage\":{\"@id\":\"https:\\\/\\\/radioljubuski.ba\\\/index.php\\\/2022\\\/04\\\/11\\\/grlic-radman-kroz-izbornu-reformu-treba-osigurati-zakonitost-i-integritet-predstojecih-izbora-u-bih-2\\\/\"},\"wordCount\":335,\"publisher\":{\"@id\":\"https:\\\/\\\/radioljubuski.ba\\\/#organization\"},\"image\":{\"@id\":\"https:\\\/\\\/radioljubuski.ba\\\/index.php\\\/2022\\\/04\\\/11\\\/grlic-radman-kroz-izbornu-reformu-treba-osigurati-zakonitost-i-integritet-predstojecih-izbora-u-bih-2\\\/#primaryimage\"},\"thumbnailUrl\":\"https:\\\/\\\/radioljubuski.ba\\\/wp-content\\\/uploads\\\/2021\\\/03\\\/grlic_radman_rtv_hb.png\",\"articleSection\":[\"BIH i regija\"],\"inLanguage\":\"hr\"},{\"@type\":\"WebPage\",\"@id\":\"https:\\\/\\\/radioljubuski.ba\\\/index.php\\\/2022\\\/04\\\/11\\\/grlic-radman-kroz-izbornu-reformu-treba-osigurati-zakonitost-i-integritet-predstojecih-izbora-u-bih-2\\\/\",\"url\":\"https:\\\/\\\/radioljubuski.ba\\\/index.php\\\/2022\\\/04\\\/11\\\/grlic-radman-kroz-izbornu-reformu-treba-osigurati-zakonitost-i-integritet-predstojecih-izbora-u-bih-2\\\/\",\"name\":\"Grli\u0107 Radman: Kroz izbornu reformu treba osigurati zakonitost i integritet predstoje\u0107ih izbora u BiH - RADIO LJUBU\u0160KI\",\"isPartOf\":{\"@id\":\"https:\\\/\\\/radioljubuski.ba\\\/#website\"},\"primaryImageOfPage\":{\"@id\":\"https:\\\/\\\/radioljubuski.ba\\\/index.php\\\/2022\\\/04\\\/11\\\/grlic-radman-kroz-izbornu-reformu-treba-osigurati-zakonitost-i-integritet-predstojecih-izbora-u-bih-2\\\/#primaryimage\"},\"image\":{\"@id\":\"https:\\\/\\\/radioljubuski.ba\\\/index.php\\\/2022\\\/04\\\/11\\\/grlic-radman-kroz-izbornu-reformu-treba-osigurati-zakonitost-i-integritet-predstojecih-izbora-u-bih-2\\\/#primaryimage\"},\"thumbnailUrl\":\"https:\\\/\\\/radioljubuski.ba\\\/wp-content\\\/uploads\\\/2021\\\/03\\\/grlic_radman_rtv_hb.png\",\"datePublished\":\"2022-04-11T12:24:27+00:00\",\"dateModified\":\"2022-04-11T12:24:28+00:00\",\"breadcrumb\":{\"@id\":\"https:\\\/\\\/radioljubuski.ba\\\/index.php\\\/2022\\\/04\\\/11\\\/grlic-radman-kroz-izbornu-reformu-treba-osigurati-zakonitost-i-integritet-predstojecih-izbora-u-bih-2\\\/#breadcrumb\"},\"inLanguage\":\"hr\",\"potentialAction\":[{\"@type\":\"ReadAction\",\"target\":[\"https:\\\/\\\/radioljubuski.ba\\\/index.php\\\/2022\\\/04\\\/11\\\/grlic-radman-kroz-izbornu-reformu-treba-osigurati-zakonitost-i-integritet-predstojecih-izbora-u-bih-2\\\/\"]}]},{\"@type\":\"ImageObject\",\"inLanguage\":\"hr\",\"@id\":\"https:\\\/\\\/radioljubuski.ba\\\/index.php\\\/2022\\\/04\\\/11\\\/grlic-radman-kroz-izbornu-reformu-treba-osigurati-zakonitost-i-integritet-predstojecih-izbora-u-bih-2\\\/#primaryimage\",\"url\":\"https:\\\/\\\/radioljubuski.ba\\\/wp-content\\\/uploads\\\/2021\\\/03\\\/grlic_radman_rtv_hb.png\",\"contentUrl\":\"https:\\\/\\\/radioljubuski.ba\\\/wp-content\\\/uploads\\\/2021\\\/03\\\/grlic_radman_rtv_hb.png\",\"width\":840,\"height\":470},{\"@type\":\"BreadcrumbList\",\"@id\":\"https:\\\/\\\/radioljubuski.ba\\\/index.php\\\/2022\\\/04\\\/11\\\/grlic-radman-kroz-izbornu-reformu-treba-osigurati-zakonitost-i-integritet-predstojecih-izbora-u-bih-2\\\/#breadcrumb\",\"itemListElement\":[{\"@type\":\"ListItem\",\"position\":1,\"name\":\"Po\u010detna stranica\",\"item\":\"https:\\\/\\\/radioljubuski.ba\\\/\"},{\"@type\":\"ListItem\",\"position\":2,\"name\":\"Grli\u0107 Radman: Kroz izbornu reformu treba osigurati zakonitost i integritet predstoje\u0107ih izbora u BiH\"}]},{\"@type\":\"WebSite\",\"@id\":\"https:\\\/\\\/radioljubuski.ba\\\/#website\",\"url\":\"https:\\\/\\\/radioljubuski.ba\\\/\",\"name\":\"Radio Ljubu\u0161ki\",\"description\":\"Sun\u010dana frekvencija Hercegovine\",\"publisher\":{\"@id\":\"https:\\\/\\\/radioljubuski.ba\\\/#organization\"},\"potentialAction\":[{\"@type\":\"SearchAction\",\"target\":{\"@type\":\"EntryPoint\",\"urlTemplate\":\"https:\\\/\\\/radioljubuski.ba\\\/?s={search_term_string}\"},\"query-input\":{\"@type\":\"PropertyValueSpecification\",\"valueRequired\":true,\"valueName\":\"search_term_string\"}}],\"inLanguage\":\"hr\"},{\"@type\":\"Organization\",\"@id\":\"https:\\\/\\\/radioljubuski.ba\\\/#organization\",\"name\":\"Radio Ljubu\u0161ki\",\"url\":\"https:\\\/\\\/radioljubuski.ba\\\/\",\"logo\":{\"@type\":\"ImageObject\",\"inLanguage\":\"hr\",\"@id\":\"https:\\\/\\\/radioljubuski.ba\\\/#\\\/schema\\\/logo\\\/image\\\/\",\"url\":\"https:\\\/\\\/radioljubuski.ba\\\/wp-content\\\/uploads\\\/2021\\\/02\\\/cropped-Radio_Ljubuski_logo1.jpg\",\"contentUrl\":\"https:\\\/\\\/radioljubuski.ba\\\/wp-content\\\/uploads\\\/2021\\\/02\\\/cropped-Radio_Ljubuski_logo1.jpg\",\"width\":512,\"height\":512,\"caption\":\"Radio Ljubu\u0161ki\"},\"image\":{\"@id\":\"https:\\\/\\\/radioljubuski.ba\\\/#\\\/schema\\\/logo\\\/image\\\/\"},\"sameAs\":[\"https:\\\/\\\/www.facebook.com\\\/Radiio-Ljubuski-1490835324566332\",\"https:\\\/\\\/x.com\\\/radioljubuski\",\"https:\\\/\\\/hr.linkedin.com\\\/company\\\/radio-ljubuski\",\"https:\\\/\\\/www.youtube.com\\\/channel\\\/UCHYaeO_n0Db3tjNGudGpXyw\"]},{\"@type\":\"Person\",\"@id\":\"https:\\\/\\\/radioljubuski.ba\\\/#\\\/schema\\\/person\\\/19fc700381a780f69665d7956c469e3b\",\"name\":\"Radio Ljubu\u0161ki\"}]}<\/script>\n<!-- \/ Yoast SEO plugin. -->","yoast_head_json":{"title":"Grli\u0107 Radman: Kroz izbornu reformu treba osigurati zakonitost i integritet predstoje\u0107ih izbora u BiH - RADIO LJUBU\u0160KI","robots":{"index":"index","follow":"follow","max-snippet":"max-snippet:-1","max-image-preview":"max-image-preview:large","max-video-preview":"max-video-preview:-1"},"canonical":"https:\/\/radioljubuski.ba\/index.php\/2022\/04\/11\/grlic-radman-kroz-izbornu-reformu-treba-osigurati-zakonitost-i-integritet-predstojecih-izbora-u-bih-2\/","og_locale":"hr_HR","og_type":"article","og_title":"Grli\u0107 Radman: Kroz izbornu reformu treba osigurati zakonitost i integritet predstoje\u0107ih izbora u BiH - RADIO LJUBU\u0160KI","og_description":"Hrvatski ministar vanjskih poslova Gordan Grli\u0107 Radman izjavio je u ponedjeljak u Luxembourgu da je potrebno provesti odgovaraju\u0107e istrage ruskih ratnih zlo\u010dina u Ukrajini i osigurati da odgovorni za to snose posljedice. \u201cPotrebne su odgovaraju\u0107e istrage ratnih zlo\u010dina i odgovorni za to moraju odgovarati\u201d, rekao je Grli\u0107 Radman po dolasku na sastanak ministara vanjskih poslova [&hellip;]","og_url":"https:\/\/radioljubuski.ba\/index.php\/2022\/04\/11\/grlic-radman-kroz-izbornu-reformu-treba-osigurati-zakonitost-i-integritet-predstojecih-izbora-u-bih-2\/","og_site_name":"RADIO LJUBU\u0160KI","article_publisher":"https:\/\/www.facebook.com\/Radiio-Ljubuski-1490835324566332","article_published_time":"2022-04-11T12:24:27+00:00","article_modified_time":"2022-04-11T12:24:28+00:00","og_image":[{"width":840,"height":470,"url":"https:\/\/radioljubuski.ba\/wp-content\/uploads\/2021\/03\/grlic_radman_rtv_hb.png","type":"image\/png"}],"author":"Radio Ljubu\u0161ki","twitter_card":"summary_large_image","twitter_creator":"@radioljubuski","twitter_site":"@radioljubuski","twitter_misc":{"Napisao\/la":"Radio Ljubu\u0161ki","Procijenjeno vrijeme \u010ditanja":"2 minute"},"schema":{"@context":"https:\/\/schema.org","@graph":[{"@type":"Article","@id":"https:\/\/radioljubuski.ba\/index.php\/2022\/04\/11\/grlic-radman-kroz-izbornu-reformu-treba-osigurati-zakonitost-i-integritet-predstojecih-izbora-u-bih-2\/#article","isPartOf":{"@id":"https:\/\/radioljubuski.ba\/index.php\/2022\/04\/11\/grlic-radman-kroz-izbornu-reformu-treba-osigurati-zakonitost-i-integritet-predstojecih-izbora-u-bih-2\/"},"author":{"name":"Radio Ljubu\u0161ki","@id":"https:\/\/radioljubuski.ba\/#\/schema\/person\/19fc700381a780f69665d7956c469e3b"},"headline":"Grli\u0107 Radman: Kroz izbornu reformu treba osigurati zakonitost i integritet predstoje\u0107ih izbora u BiH","datePublished":"2022-04-11T12:24:27+00:00","dateModified":"2022-04-11T12:24:28+00:00","mainEntityOfPage":{"@id":"https:\/\/radioljubuski.ba\/index.php\/2022\/04\/11\/grlic-radman-kroz-izbornu-reformu-treba-osigurati-zakonitost-i-integritet-predstojecih-izbora-u-bih-2\/"},"wordCount":335,"publisher":{"@id":"https:\/\/radioljubuski.ba\/#organization"},"image":{"@id":"https:\/\/radioljubuski.ba\/index.php\/2022\/04\/11\/grlic-radman-kroz-izbornu-reformu-treba-osigurati-zakonitost-i-integritet-predstojecih-izbora-u-bih-2\/#primaryimage"},"thumbnailUrl":"https:\/\/radioljubuski.ba\/wp-content\/uploads\/2021\/03\/grlic_radman_rtv_hb.png","articleSection":["BIH i regija"],"inLanguage":"hr"},{"@type":"WebPage","@id":"https:\/\/radioljubuski.ba\/index.php\/2022\/04\/11\/grlic-radman-kroz-izbornu-reformu-treba-osigurati-zakonitost-i-integritet-predstojecih-izbora-u-bih-2\/","url":"https:\/\/radioljubuski.ba\/index.php\/2022\/04\/11\/grlic-radman-kroz-izbornu-reformu-treba-osigurati-zakonitost-i-integritet-predstojecih-izbora-u-bih-2\/","name":"Grli\u0107 Radman: Kroz izbornu reformu treba osigurati zakonitost i integritet predstoje\u0107ih izbora u BiH - RADIO LJUBU\u0160KI","isPartOf":{"@id":"https:\/\/radioljubuski.ba\/#website"},"primaryImageOfPage":{"@id":"https:\/\/radioljubuski.ba\/index.php\/2022\/04\/11\/grlic-radman-kroz-izbornu-reformu-treba-osigurati-zakonitost-i-integritet-predstojecih-izbora-u-bih-2\/#primaryimage"},"image":{"@id":"https:\/\/radioljubuski.ba\/index.php\/2022\/04\/11\/grlic-radman-kroz-izbornu-reformu-treba-osigurati-zakonitost-i-integritet-predstojecih-izbora-u-bih-2\/#primaryimage"},"thumbnailUrl":"https:\/\/radioljubuski.ba\/wp-content\/uploads\/2021\/03\/grlic_radman_rtv_hb.png","datePublished":"2022-04-11T12:24:27+00:00","dateModified":"2022-04-11T12:24:28+00:00","breadcrumb":{"@id":"https:\/\/radioljubuski.ba\/index.php\/2022\/04\/11\/grlic-radman-kroz-izbornu-reformu-treba-osigurati-zakonitost-i-integritet-predstojecih-izbora-u-bih-2\/#breadcrumb"},"inLanguage":"hr","potentialAction":[{"@type":"ReadAction","target":["https:\/\/radioljubuski.ba\/index.php\/2022\/04\/11\/grlic-radman-kroz-izbornu-reformu-treba-osigurati-zakonitost-i-integritet-predstojecih-izbora-u-bih-2\/"]}]},{"@type":"ImageObject","inLanguage":"hr","@id":"https:\/\/radioljubuski.ba\/index.php\/2022\/04\/11\/grlic-radman-kroz-izbornu-reformu-treba-osigurati-zakonitost-i-integritet-predstojecih-izbora-u-bih-2\/#primaryimage","url":"https:\/\/radioljubuski.ba\/wp-content\/uploads\/2021\/03\/grlic_radman_rtv_hb.png","contentUrl":"https:\/\/radioljubuski.ba\/wp-content\/uploads\/2021\/03\/grlic_radman_rtv_hb.png","width":840,"height":470},{"@type":"BreadcrumbList","@id":"https:\/\/radioljubuski.ba\/index.php\/2022\/04\/11\/grlic-radman-kroz-izbornu-reformu-treba-osigurati-zakonitost-i-integritet-predstojecih-izbora-u-bih-2\/#breadcrumb","itemListElement":[{"@type":"ListItem","position":1,"name":"Po\u010detna stranica","item":"https:\/\/radioljubuski.ba\/"},{"@type":"ListItem","position":2,"name":"Grli\u0107 Radman: Kroz izbornu reformu treba osigurati zakonitost i integritet predstoje\u0107ih izbora u BiH"}]},{"@type":"WebSite","@id":"https:\/\/radioljubuski.ba\/#website","url":"https:\/\/radioljubuski.ba\/","name":"Radio Ljubu\u0161ki","description":"Sun\u010dana frekvencija Hercegovine","publisher":{"@id":"https:\/\/radioljubuski.ba\/#organization"},"potentialAction":[{"@type":"SearchAction","target":{"@type":"EntryPoint","urlTemplate":"https:\/\/radioljubuski.ba\/?s={search_term_string}"},"query-input":{"@type":"PropertyValueSpecification","valueRequired":true,"valueName":"search_term_string"}}],"inLanguage":"hr"},{"@type":"Organization","@id":"https:\/\/radioljubuski.ba\/#organization","name":"Radio Ljubu\u0161ki","url":"https:\/\/radioljubuski.ba\/","logo":{"@type":"ImageObject","inLanguage":"hr","@id":"https:\/\/radioljubuski.ba\/#\/schema\/logo\/image\/","url":"https:\/\/radioljubuski.ba\/wp-content\/uploads\/2021\/02\/cropped-Radio_Ljubuski_logo1.jpg","contentUrl":"https:\/\/radioljubuski.ba\/wp-content\/uploads\/2021\/02\/cropped-Radio_Ljubuski_logo1.jpg","width":512,"height":512,"caption":"Radio Ljubu\u0161ki"},"image":{"@id":"https:\/\/radioljubuski.ba\/#\/schema\/logo\/image\/"},"sameAs":["https:\/\/www.facebook.com\/Radiio-Ljubuski-1490835324566332","https:\/\/x.com\/radioljubuski","https:\/\/hr.linkedin.com\/company\/radio-ljubuski","https:\/\/www.youtube.com\/channel\/UCHYaeO_n0Db3tjNGudGpXyw"]},{"@type":"Person","@id":"https:\/\/radioljubuski.ba\/#\/schema\/person\/19fc700381a780f69665d7956c469e3b","name":"Radio Ljubu\u0161ki"}]}},"_links":{"self":[{"href":"https:\/\/radioljubuski.ba\/index.php\/wp-json\/wp\/v2\/posts\/131507","targetHints":{"allow":["GET"]}}],"collection":[{"href":"https:\/\/radioljubuski.ba\/index.php\/wp-json\/wp\/v2\/posts"}],"about":[{"href":"https:\/\/radioljubuski.ba\/index.php\/wp-json\/wp\/v2\/types\/post"}],"author":[{"embeddable":true,"href":"https:\/\/radioljubuski.ba\/index.php\/wp-json\/wp\/v2\/users\/2"}],"replies":[{"embeddable":true,"href":"https:\/\/radioljubuski.ba\/index.php\/wp-json\/wp\/v2\/comments?post=131507"}],"version-history":[{"count":1,"href":"https:\/\/radioljubuski.ba\/index.php\/wp-json\/wp\/v2\/posts\/131507\/revisions"}],"predecessor-version":[{"id":131508,"href":"https:\/\/radioljubuski.ba\/index.php\/wp-json\/wp\/v2\/posts\/131507\/revisions\/131508"}],"wp:featuredmedia":[{"embeddable":true,"href":"https:\/\/radioljubuski.ba\/index.php\/wp-json\/wp\/v2\/media\/5914"}],"wp:attachment":[{"href":"https:\/\/radioljubuski.ba\/index.php\/wp-json\/wp\/v2\/media?parent=131507"}],"wp:term":[{"taxonomy":"category","embeddable":true,"href":"https:\/\/radioljubuski.ba\/index.php\/wp-json\/wp\/v2\/categories?post=131507"},{"taxonomy":"post_tag","embeddable":true,"href":"https:\/\/radioljubuski.ba\/index.php\/wp-json\/wp\/v2\/tags?post=131507"}],"curies":[{"name":"wp","href":"https:\/\/api.w.org\/{rel}","templated":true}]}}