{"id":131509,"date":"2022-04-11T13:25:55","date_gmt":"2022-04-11T12:25:55","guid":{"rendered":"https:\/\/radioljubuski.ba\/?p=131509"},"modified":"2022-04-11T13:25:56","modified_gmt":"2022-04-11T12:25:56","slug":"visoki-ukrajinski-duznosnik-kaze-da-je-ruska-ofanziva-u-donbasu-vec-pocela","status":"publish","type":"post","link":"https:\/\/radioljubuski.ba\/index.php\/2022\/04\/11\/visoki-ukrajinski-duznosnik-kaze-da-je-ruska-ofanziva-u-donbasu-vec-pocela\/","title":{"rendered":"Visoki ukrajinski du\u017enosnik ka\u017ee da je ruska ofanziva u Donbasu ve\u0107 po\u010dela"},"content":{"rendered":"\n<p>Po\u010dela je najnovija ruska ofanziva u isto\u010dnoj regiji Donbasa, rekao je u ponedjeljak visoki ukrajinski du\u017enosnik, upozoravaju\u0107i da Rusija nastavlja tamo skupljati snage.&nbsp;<\/p>\n\n\n\n<p>Vadim Denisenko, savjetnik ministra unutarnjih poslova Ukrajine, rekao je u izjavi na nacionalnoj televiziji da s njegove to\u010dke gledi\u0161ta, ova velika ofanziva (na istoku Ukrajine) je ve\u0107 zapo\u010dela.<\/p>\n\n\n\n<p>-Moramo shvatiti da 24. velja\u010de ne\u0107e biti ponovljen, kada su po\u010deli prvi zra\u010dni napadi i eksplozije i kada smo rekli: &#8216;Rat je po\u010deo&#8217;. Velika ofanziva de facto je ve\u0107 po\u010dela \u2013 rekao je on, javlja CNN.<\/p>\n\n\n\n<p>Ukrajinski i zapadni du\u017enosnici rekli da su posljednjih dana promatrali kretanje ruskih vojnika u Donbas nakon velikih zastoja Moskve u poku\u0161aju da zauzme Kijev.<\/p>\n\n\n\n<p>-Rusi gomilaju svoje snage. Oni nastavljaju s preraspore\u0111ivanjem svojih vojnika i opreme u oblastima Donjecka i Luganska &#8211; rekao je Denisenko.<\/p>\n\n\n\n<p>On je rekao kako jo\u0161 uvijek nema velikih bitaka o kojima se toliko raspravlja posljednjih dana.<\/p>\n\n\n\n<p>-Ali op\u0107enito mo\u017eemo re\u0107i da je ofanziva ve\u0107 po\u010dela &#8211; naveo je.<\/p>\n\n\n\n<p>Denisenko je primijetio eksplozije tijekom no\u0107i u regiji Dnjepropetrovsk i rekao da se granatiranje Harkova, drugog po veli\u010dini grada u Ukrajini, tako\u0111er nastavilo.<\/p>\n\n\n\n<p>Serhii Haidai, \u0161ef ukrajinske regionalne vojne uprave Luhansk, rekao je da ukrajinske vlasti organiziraju &#8220;poja\u010danu evakuaciju&#8221; u Donbasu, dodaju\u0107i da je jo\u0161 vozova za evakuaciju iz Luganska i Donjecka predvi\u0111eno za danas.&nbsp;<\/p>\n\n\n\n<p>Izvor:pogled.ba<\/p>\n","protected":false},"excerpt":{"rendered":"<p>Po\u010dela je najnovija ruska ofanziva u isto\u010dnoj regiji Donbasa, rekao je u ponedjeljak visoki ukrajinski du\u017enosnik, upozoravaju\u0107i da Rusija nastavlja tamo skupljati snage.&nbsp; Vadim Denisenko, savjetnik ministra unutarnjih poslova Ukrajine, rekao je u izjavi na nacionalnoj televiziji da s njegove to\u010dke gledi\u0161ta, ova velika ofanziva (na istoku Ukrajine) je ve\u0107 zapo\u010dela. -Moramo shvatiti da 24. [&hellip;]<\/p>\n","protected":false},"author":2,"featured_media":131510,"comment_status":"closed","ping_status":"closed","sticky":false,"template":"","format":"standard","meta":{"h5ap_radio_sources":[],"footnotes":""},"categories":[1],"tags":[],"class_list":["post-131509","post","type-post","status-publish","format-standard","has-post-thumbnail","hentry","category-bihiregija"],"yoast_head":"<!-- This site is optimized with the Yoast SEO plugin v27.5 - https:\/\/yoast.com\/product\/yoast-seo-wordpress\/ -->\n<title>Visoki ukrajinski du\u017enosnik ka\u017ee da je ruska ofanziva u Donbasu ve\u0107 po\u010dela - RADIO LJUBU\u0160KI<\/title>\n<meta name=\"robots\" content=\"index, follow, max-snippet:-1, max-image-preview:large, max-video-preview:-1\" \/>\n<link rel=\"canonical\" href=\"https:\/\/radioljubuski.ba\/index.php\/2022\/04\/11\/visoki-ukrajinski-duznosnik-kaze-da-je-ruska-ofanziva-u-donbasu-vec-pocela\/\" \/>\n<meta property=\"og:locale\" content=\"hr_HR\" \/>\n<meta property=\"og:type\" content=\"article\" \/>\n<meta property=\"og:title\" content=\"Visoki ukrajinski du\u017enosnik ka\u017ee da je ruska ofanziva u Donbasu ve\u0107 po\u010dela - RADIO LJUBU\u0160KI\" \/>\n<meta property=\"og:description\" content=\"Po\u010dela je najnovija ruska ofanziva u isto\u010dnoj regiji Donbasa, rekao je u ponedjeljak visoki ukrajinski du\u017enosnik, upozoravaju\u0107i da Rusija nastavlja tamo skupljati snage.&nbsp; Vadim Denisenko, savjetnik ministra unutarnjih poslova Ukrajine, rekao je u izjavi na nacionalnoj televiziji da s njegove to\u010dke gledi\u0161ta, ova velika ofanziva (na istoku Ukrajine) je ve\u0107 zapo\u010dela. -Moramo shvatiti da 24. [&hellip;]\" \/>\n<meta property=\"og:url\" content=\"https:\/\/radioljubuski.ba\/index.php\/2022\/04\/11\/visoki-ukrajinski-duznosnik-kaze-da-je-ruska-ofanziva-u-donbasu-vec-pocela\/\" \/>\n<meta property=\"og:site_name\" content=\"RADIO LJUBU\u0160KI\" \/>\n<meta property=\"article:publisher\" content=\"https:\/\/www.facebook.com\/Radiio-Ljubuski-1490835324566332\" \/>\n<meta property=\"article:published_time\" content=\"2022-04-11T12:25:55+00:00\" \/>\n<meta property=\"article:modified_time\" content=\"2022-04-11T12:25:56+00:00\" \/>\n<meta property=\"og:image\" content=\"https:\/\/radioljubuski.ba\/wp-content\/uploads\/2022\/04\/2-2022-04-11-10-59-10-vojnici.jpg\" \/>\n\t<meta property=\"og:image:width\" content=\"1000\" \/>\n\t<meta property=\"og:image:height\" content=\"625\" \/>\n\t<meta property=\"og:image:type\" content=\"image\/jpeg\" \/>\n<meta name=\"author\" content=\"Radio Ljubu\u0161ki\" \/>\n<meta name=\"twitter:card\" content=\"summary_large_image\" \/>\n<meta name=\"twitter:creator\" content=\"@radioljubuski\" \/>\n<meta name=\"twitter:site\" content=\"@radioljubuski\" \/>\n<meta name=\"twitter:label1\" content=\"Napisao\/la\" \/>\n\t<meta name=\"twitter:data1\" content=\"Radio Ljubu\u0161ki\" \/>\n\t<meta name=\"twitter:label2\" content=\"Procijenjeno vrijeme \u010ditanja\" \/>\n\t<meta name=\"twitter:data2\" content=\"1 minuta\" \/>\n<script type=\"application\/ld+json\" class=\"yoast-schema-graph\">{\"@context\":\"https:\\\/\\\/schema.org\",\"@graph\":[{\"@type\":\"Article\",\"@id\":\"https:\\\/\\\/radioljubuski.ba\\\/index.php\\\/2022\\\/04\\\/11\\\/visoki-ukrajinski-duznosnik-kaze-da-je-ruska-ofanziva-u-donbasu-vec-pocela\\\/#article\",\"isPartOf\":{\"@id\":\"https:\\\/\\\/radioljubuski.ba\\\/index.php\\\/2022\\\/04\\\/11\\\/visoki-ukrajinski-duznosnik-kaze-da-je-ruska-ofanziva-u-donbasu-vec-pocela\\\/\"},\"author\":{\"name\":\"Radio Ljubu\u0161ki\",\"@id\":\"https:\\\/\\\/radioljubuski.ba\\\/#\\\/schema\\\/person\\\/19fc700381a780f69665d7956c469e3b\"},\"headline\":\"Visoki ukrajinski du\u017enosnik ka\u017ee da je ruska ofanziva u Donbasu ve\u0107 po\u010dela\",\"datePublished\":\"2022-04-11T12:25:55+00:00\",\"dateModified\":\"2022-04-11T12:25:56+00:00\",\"mainEntityOfPage\":{\"@id\":\"https:\\\/\\\/radioljubuski.ba\\\/index.php\\\/2022\\\/04\\\/11\\\/visoki-ukrajinski-duznosnik-kaze-da-je-ruska-ofanziva-u-donbasu-vec-pocela\\\/\"},\"wordCount\":259,\"publisher\":{\"@id\":\"https:\\\/\\\/radioljubuski.ba\\\/#organization\"},\"image\":{\"@id\":\"https:\\\/\\\/radioljubuski.ba\\\/index.php\\\/2022\\\/04\\\/11\\\/visoki-ukrajinski-duznosnik-kaze-da-je-ruska-ofanziva-u-donbasu-vec-pocela\\\/#primaryimage\"},\"thumbnailUrl\":\"https:\\\/\\\/radioljubuski.ba\\\/wp-content\\\/uploads\\\/2022\\\/04\\\/2-2022-04-11-10-59-10-vojnici.jpg\",\"articleSection\":[\"BIH i regija\"],\"inLanguage\":\"hr\"},{\"@type\":\"WebPage\",\"@id\":\"https:\\\/\\\/radioljubuski.ba\\\/index.php\\\/2022\\\/04\\\/11\\\/visoki-ukrajinski-duznosnik-kaze-da-je-ruska-ofanziva-u-donbasu-vec-pocela\\\/\",\"url\":\"https:\\\/\\\/radioljubuski.ba\\\/index.php\\\/2022\\\/04\\\/11\\\/visoki-ukrajinski-duznosnik-kaze-da-je-ruska-ofanziva-u-donbasu-vec-pocela\\\/\",\"name\":\"Visoki ukrajinski du\u017enosnik ka\u017ee da je ruska ofanziva u Donbasu ve\u0107 po\u010dela - RADIO LJUBU\u0160KI\",\"isPartOf\":{\"@id\":\"https:\\\/\\\/radioljubuski.ba\\\/#website\"},\"primaryImageOfPage\":{\"@id\":\"https:\\\/\\\/radioljubuski.ba\\\/index.php\\\/2022\\\/04\\\/11\\\/visoki-ukrajinski-duznosnik-kaze-da-je-ruska-ofanziva-u-donbasu-vec-pocela\\\/#primaryimage\"},\"image\":{\"@id\":\"https:\\\/\\\/radioljubuski.ba\\\/index.php\\\/2022\\\/04\\\/11\\\/visoki-ukrajinski-duznosnik-kaze-da-je-ruska-ofanziva-u-donbasu-vec-pocela\\\/#primaryimage\"},\"thumbnailUrl\":\"https:\\\/\\\/radioljubuski.ba\\\/wp-content\\\/uploads\\\/2022\\\/04\\\/2-2022-04-11-10-59-10-vojnici.jpg\",\"datePublished\":\"2022-04-11T12:25:55+00:00\",\"dateModified\":\"2022-04-11T12:25:56+00:00\",\"breadcrumb\":{\"@id\":\"https:\\\/\\\/radioljubuski.ba\\\/index.php\\\/2022\\\/04\\\/11\\\/visoki-ukrajinski-duznosnik-kaze-da-je-ruska-ofanziva-u-donbasu-vec-pocela\\\/#breadcrumb\"},\"inLanguage\":\"hr\",\"potentialAction\":[{\"@type\":\"ReadAction\",\"target\":[\"https:\\\/\\\/radioljubuski.ba\\\/index.php\\\/2022\\\/04\\\/11\\\/visoki-ukrajinski-duznosnik-kaze-da-je-ruska-ofanziva-u-donbasu-vec-pocela\\\/\"]}]},{\"@type\":\"ImageObject\",\"inLanguage\":\"hr\",\"@id\":\"https:\\\/\\\/radioljubuski.ba\\\/index.php\\\/2022\\\/04\\\/11\\\/visoki-ukrajinski-duznosnik-kaze-da-je-ruska-ofanziva-u-donbasu-vec-pocela\\\/#primaryimage\",\"url\":\"https:\\\/\\\/radioljubuski.ba\\\/wp-content\\\/uploads\\\/2022\\\/04\\\/2-2022-04-11-10-59-10-vojnici.jpg\",\"contentUrl\":\"https:\\\/\\\/radioljubuski.ba\\\/wp-content\\\/uploads\\\/2022\\\/04\\\/2-2022-04-11-10-59-10-vojnici.jpg\",\"width\":1000,\"height\":625},{\"@type\":\"BreadcrumbList\",\"@id\":\"https:\\\/\\\/radioljubuski.ba\\\/index.php\\\/2022\\\/04\\\/11\\\/visoki-ukrajinski-duznosnik-kaze-da-je-ruska-ofanziva-u-donbasu-vec-pocela\\\/#breadcrumb\",\"itemListElement\":[{\"@type\":\"ListItem\",\"position\":1,\"name\":\"Po\u010detna stranica\",\"item\":\"https:\\\/\\\/radioljubuski.ba\\\/\"},{\"@type\":\"ListItem\",\"position\":2,\"name\":\"Visoki ukrajinski du\u017enosnik ka\u017ee da je ruska ofanziva u Donbasu ve\u0107 po\u010dela\"}]},{\"@type\":\"WebSite\",\"@id\":\"https:\\\/\\\/radioljubuski.ba\\\/#website\",\"url\":\"https:\\\/\\\/radioljubuski.ba\\\/\",\"name\":\"Radio Ljubu\u0161ki\",\"description\":\"Sun\u010dana frekvencija Hercegovine\",\"publisher\":{\"@id\":\"https:\\\/\\\/radioljubuski.ba\\\/#organization\"},\"potentialAction\":[{\"@type\":\"SearchAction\",\"target\":{\"@type\":\"EntryPoint\",\"urlTemplate\":\"https:\\\/\\\/radioljubuski.ba\\\/?s={search_term_string}\"},\"query-input\":{\"@type\":\"PropertyValueSpecification\",\"valueRequired\":true,\"valueName\":\"search_term_string\"}}],\"inLanguage\":\"hr\"},{\"@type\":\"Organization\",\"@id\":\"https:\\\/\\\/radioljubuski.ba\\\/#organization\",\"name\":\"Radio Ljubu\u0161ki\",\"url\":\"https:\\\/\\\/radioljubuski.ba\\\/\",\"logo\":{\"@type\":\"ImageObject\",\"inLanguage\":\"hr\",\"@id\":\"https:\\\/\\\/radioljubuski.ba\\\/#\\\/schema\\\/logo\\\/image\\\/\",\"url\":\"https:\\\/\\\/radioljubuski.ba\\\/wp-content\\\/uploads\\\/2021\\\/02\\\/cropped-Radio_Ljubuski_logo1.jpg\",\"contentUrl\":\"https:\\\/\\\/radioljubuski.ba\\\/wp-content\\\/uploads\\\/2021\\\/02\\\/cropped-Radio_Ljubuski_logo1.jpg\",\"width\":512,\"height\":512,\"caption\":\"Radio Ljubu\u0161ki\"},\"image\":{\"@id\":\"https:\\\/\\\/radioljubuski.ba\\\/#\\\/schema\\\/logo\\\/image\\\/\"},\"sameAs\":[\"https:\\\/\\\/www.facebook.com\\\/Radiio-Ljubuski-1490835324566332\",\"https:\\\/\\\/x.com\\\/radioljubuski\",\"https:\\\/\\\/hr.linkedin.com\\\/company\\\/radio-ljubuski\",\"https:\\\/\\\/www.youtube.com\\\/channel\\\/UCHYaeO_n0Db3tjNGudGpXyw\"]},{\"@type\":\"Person\",\"@id\":\"https:\\\/\\\/radioljubuski.ba\\\/#\\\/schema\\\/person\\\/19fc700381a780f69665d7956c469e3b\",\"name\":\"Radio Ljubu\u0161ki\"}]}<\/script>\n<!-- \/ Yoast SEO plugin. -->","yoast_head_json":{"title":"Visoki ukrajinski du\u017enosnik ka\u017ee da je ruska ofanziva u Donbasu ve\u0107 po\u010dela - RADIO LJUBU\u0160KI","robots":{"index":"index","follow":"follow","max-snippet":"max-snippet:-1","max-image-preview":"max-image-preview:large","max-video-preview":"max-video-preview:-1"},"canonical":"https:\/\/radioljubuski.ba\/index.php\/2022\/04\/11\/visoki-ukrajinski-duznosnik-kaze-da-je-ruska-ofanziva-u-donbasu-vec-pocela\/","og_locale":"hr_HR","og_type":"article","og_title":"Visoki ukrajinski du\u017enosnik ka\u017ee da je ruska ofanziva u Donbasu ve\u0107 po\u010dela - RADIO LJUBU\u0160KI","og_description":"Po\u010dela je najnovija ruska ofanziva u isto\u010dnoj regiji Donbasa, rekao je u ponedjeljak visoki ukrajinski du\u017enosnik, upozoravaju\u0107i da Rusija nastavlja tamo skupljati snage.&nbsp; Vadim Denisenko, savjetnik ministra unutarnjih poslova Ukrajine, rekao je u izjavi na nacionalnoj televiziji da s njegove to\u010dke gledi\u0161ta, ova velika ofanziva (na istoku Ukrajine) je ve\u0107 zapo\u010dela. -Moramo shvatiti da 24. [&hellip;]","og_url":"https:\/\/radioljubuski.ba\/index.php\/2022\/04\/11\/visoki-ukrajinski-duznosnik-kaze-da-je-ruska-ofanziva-u-donbasu-vec-pocela\/","og_site_name":"RADIO LJUBU\u0160KI","article_publisher":"https:\/\/www.facebook.com\/Radiio-Ljubuski-1490835324566332","article_published_time":"2022-04-11T12:25:55+00:00","article_modified_time":"2022-04-11T12:25:56+00:00","og_image":[{"width":1000,"height":625,"url":"https:\/\/radioljubuski.ba\/wp-content\/uploads\/2022\/04\/2-2022-04-11-10-59-10-vojnici.jpg","type":"image\/jpeg"}],"author":"Radio Ljubu\u0161ki","twitter_card":"summary_large_image","twitter_creator":"@radioljubuski","twitter_site":"@radioljubuski","twitter_misc":{"Napisao\/la":"Radio Ljubu\u0161ki","Procijenjeno vrijeme \u010ditanja":"1 minuta"},"schema":{"@context":"https:\/\/schema.org","@graph":[{"@type":"Article","@id":"https:\/\/radioljubuski.ba\/index.php\/2022\/04\/11\/visoki-ukrajinski-duznosnik-kaze-da-je-ruska-ofanziva-u-donbasu-vec-pocela\/#article","isPartOf":{"@id":"https:\/\/radioljubuski.ba\/index.php\/2022\/04\/11\/visoki-ukrajinski-duznosnik-kaze-da-je-ruska-ofanziva-u-donbasu-vec-pocela\/"},"author":{"name":"Radio Ljubu\u0161ki","@id":"https:\/\/radioljubuski.ba\/#\/schema\/person\/19fc700381a780f69665d7956c469e3b"},"headline":"Visoki ukrajinski du\u017enosnik ka\u017ee da je ruska ofanziva u Donbasu ve\u0107 po\u010dela","datePublished":"2022-04-11T12:25:55+00:00","dateModified":"2022-04-11T12:25:56+00:00","mainEntityOfPage":{"@id":"https:\/\/radioljubuski.ba\/index.php\/2022\/04\/11\/visoki-ukrajinski-duznosnik-kaze-da-je-ruska-ofanziva-u-donbasu-vec-pocela\/"},"wordCount":259,"publisher":{"@id":"https:\/\/radioljubuski.ba\/#organization"},"image":{"@id":"https:\/\/radioljubuski.ba\/index.php\/2022\/04\/11\/visoki-ukrajinski-duznosnik-kaze-da-je-ruska-ofanziva-u-donbasu-vec-pocela\/#primaryimage"},"thumbnailUrl":"https:\/\/radioljubuski.ba\/wp-content\/uploads\/2022\/04\/2-2022-04-11-10-59-10-vojnici.jpg","articleSection":["BIH i regija"],"inLanguage":"hr"},{"@type":"WebPage","@id":"https:\/\/radioljubuski.ba\/index.php\/2022\/04\/11\/visoki-ukrajinski-duznosnik-kaze-da-je-ruska-ofanziva-u-donbasu-vec-pocela\/","url":"https:\/\/radioljubuski.ba\/index.php\/2022\/04\/11\/visoki-ukrajinski-duznosnik-kaze-da-je-ruska-ofanziva-u-donbasu-vec-pocela\/","name":"Visoki ukrajinski du\u017enosnik ka\u017ee da je ruska ofanziva u Donbasu ve\u0107 po\u010dela - RADIO LJUBU\u0160KI","isPartOf":{"@id":"https:\/\/radioljubuski.ba\/#website"},"primaryImageOfPage":{"@id":"https:\/\/radioljubuski.ba\/index.php\/2022\/04\/11\/visoki-ukrajinski-duznosnik-kaze-da-je-ruska-ofanziva-u-donbasu-vec-pocela\/#primaryimage"},"image":{"@id":"https:\/\/radioljubuski.ba\/index.php\/2022\/04\/11\/visoki-ukrajinski-duznosnik-kaze-da-je-ruska-ofanziva-u-donbasu-vec-pocela\/#primaryimage"},"thumbnailUrl":"https:\/\/radioljubuski.ba\/wp-content\/uploads\/2022\/04\/2-2022-04-11-10-59-10-vojnici.jpg","datePublished":"2022-04-11T12:25:55+00:00","dateModified":"2022-04-11T12:25:56+00:00","breadcrumb":{"@id":"https:\/\/radioljubuski.ba\/index.php\/2022\/04\/11\/visoki-ukrajinski-duznosnik-kaze-da-je-ruska-ofanziva-u-donbasu-vec-pocela\/#breadcrumb"},"inLanguage":"hr","potentialAction":[{"@type":"ReadAction","target":["https:\/\/radioljubuski.ba\/index.php\/2022\/04\/11\/visoki-ukrajinski-duznosnik-kaze-da-je-ruska-ofanziva-u-donbasu-vec-pocela\/"]}]},{"@type":"ImageObject","inLanguage":"hr","@id":"https:\/\/radioljubuski.ba\/index.php\/2022\/04\/11\/visoki-ukrajinski-duznosnik-kaze-da-je-ruska-ofanziva-u-donbasu-vec-pocela\/#primaryimage","url":"https:\/\/radioljubuski.ba\/wp-content\/uploads\/2022\/04\/2-2022-04-11-10-59-10-vojnici.jpg","contentUrl":"https:\/\/radioljubuski.ba\/wp-content\/uploads\/2022\/04\/2-2022-04-11-10-59-10-vojnici.jpg","width":1000,"height":625},{"@type":"BreadcrumbList","@id":"https:\/\/radioljubuski.ba\/index.php\/2022\/04\/11\/visoki-ukrajinski-duznosnik-kaze-da-je-ruska-ofanziva-u-donbasu-vec-pocela\/#breadcrumb","itemListElement":[{"@type":"ListItem","position":1,"name":"Po\u010detna stranica","item":"https:\/\/radioljubuski.ba\/"},{"@type":"ListItem","position":2,"name":"Visoki ukrajinski du\u017enosnik ka\u017ee da je ruska ofanziva u Donbasu ve\u0107 po\u010dela"}]},{"@type":"WebSite","@id":"https:\/\/radioljubuski.ba\/#website","url":"https:\/\/radioljubuski.ba\/","name":"Radio Ljubu\u0161ki","description":"Sun\u010dana frekvencija Hercegovine","publisher":{"@id":"https:\/\/radioljubuski.ba\/#organization"},"potentialAction":[{"@type":"SearchAction","target":{"@type":"EntryPoint","urlTemplate":"https:\/\/radioljubuski.ba\/?s={search_term_string}"},"query-input":{"@type":"PropertyValueSpecification","valueRequired":true,"valueName":"search_term_string"}}],"inLanguage":"hr"},{"@type":"Organization","@id":"https:\/\/radioljubuski.ba\/#organization","name":"Radio Ljubu\u0161ki","url":"https:\/\/radioljubuski.ba\/","logo":{"@type":"ImageObject","inLanguage":"hr","@id":"https:\/\/radioljubuski.ba\/#\/schema\/logo\/image\/","url":"https:\/\/radioljubuski.ba\/wp-content\/uploads\/2021\/02\/cropped-Radio_Ljubuski_logo1.jpg","contentUrl":"https:\/\/radioljubuski.ba\/wp-content\/uploads\/2021\/02\/cropped-Radio_Ljubuski_logo1.jpg","width":512,"height":512,"caption":"Radio Ljubu\u0161ki"},"image":{"@id":"https:\/\/radioljubuski.ba\/#\/schema\/logo\/image\/"},"sameAs":["https:\/\/www.facebook.com\/Radiio-Ljubuski-1490835324566332","https:\/\/x.com\/radioljubuski","https:\/\/hr.linkedin.com\/company\/radio-ljubuski","https:\/\/www.youtube.com\/channel\/UCHYaeO_n0Db3tjNGudGpXyw"]},{"@type":"Person","@id":"https:\/\/radioljubuski.ba\/#\/schema\/person\/19fc700381a780f69665d7956c469e3b","name":"Radio Ljubu\u0161ki"}]}},"_links":{"self":[{"href":"https:\/\/radioljubuski.ba\/index.php\/wp-json\/wp\/v2\/posts\/131509","targetHints":{"allow":["GET"]}}],"collection":[{"href":"https:\/\/radioljubuski.ba\/index.php\/wp-json\/wp\/v2\/posts"}],"about":[{"href":"https:\/\/radioljubuski.ba\/index.php\/wp-json\/wp\/v2\/types\/post"}],"author":[{"embeddable":true,"href":"https:\/\/radioljubuski.ba\/index.php\/wp-json\/wp\/v2\/users\/2"}],"replies":[{"embeddable":true,"href":"https:\/\/radioljubuski.ba\/index.php\/wp-json\/wp\/v2\/comments?post=131509"}],"version-history":[{"count":1,"href":"https:\/\/radioljubuski.ba\/index.php\/wp-json\/wp\/v2\/posts\/131509\/revisions"}],"predecessor-version":[{"id":131511,"href":"https:\/\/radioljubuski.ba\/index.php\/wp-json\/wp\/v2\/posts\/131509\/revisions\/131511"}],"wp:featuredmedia":[{"embeddable":true,"href":"https:\/\/radioljubuski.ba\/index.php\/wp-json\/wp\/v2\/media\/131510"}],"wp:attachment":[{"href":"https:\/\/radioljubuski.ba\/index.php\/wp-json\/wp\/v2\/media?parent=131509"}],"wp:term":[{"taxonomy":"category","embeddable":true,"href":"https:\/\/radioljubuski.ba\/index.php\/wp-json\/wp\/v2\/categories?post=131509"},{"taxonomy":"post_tag","embeddable":true,"href":"https:\/\/radioljubuski.ba\/index.php\/wp-json\/wp\/v2\/tags?post=131509"}],"curies":[{"name":"wp","href":"https:\/\/api.w.org\/{rel}","templated":true}]}}