{"id":131523,"date":"2022-04-11T13:33:35","date_gmt":"2022-04-11T12:33:35","guid":{"rendered":"https:\/\/radioljubuski.ba\/?p=131523"},"modified":"2022-04-11T13:33:36","modified_gmt":"2022-04-11T12:33:36","slug":"u-bih-115-novozarazenih-koronavirusom-sedam-osoba-preminulo","status":"publish","type":"post","link":"https:\/\/radioljubuski.ba\/index.php\/2022\/04\/11\/u-bih-115-novozarazenih-koronavirusom-sedam-osoba-preminulo\/","title":{"rendered":"U BiH 115 novozara\u017eenih koronavirusom, sedam osoba preminulo"},"content":{"rendered":"\n<p>U Bosni i Hercegovini su u protekla 72 sata registrirano je 115 osoba pozitivnih na koronavirus, od 1.501 obra\u0111eni test. Prijavljeno je sedam smrtnih ishoda i to dva u Federaciji BiH i pet u Republici Srpskoj, priop\u0107ili su iz entitetskih ustanova za javno zdravstvo i Vlade Br\u010dko distrikta BiH. Do sada je u BiH ukupno preminulo 15.740 osoba od posljedica zaraze Covid-19.<\/p>\n\n\n\n<p>U protekla 72 sata, Zavodu za javno zdravstvo Federacije BiH prijavljena su ukupno 1.192 uzorka, od kojih su 94 bila pozitivna na SARS-CoV-2. Novi slu\u010dajevi registrirani su u svim \u017eupanijama u Federaciji BiH, osim u Bosansko- podrinjskoj. Do sada su u FBiH testirana ukupno 1.243.774 uzorka, a SARS-CoV-2 je potvr\u0111en kod 250.017 osoba.<\/p>\n\n\n\n<p>U protekla 72 sata u Federaciji BiH prijavljena su dva smrtna ishoda , dok je jedan smrtni ishod prijavljen retroaktivno. Ukupan broj smrtnih ishoda na podru\u010dju Federacije BiH do sada je 8.855.<\/p>\n\n\n\n<p>u p\u043eslj\u0435dnja tri d\u0430n\u0430, u Institutu z\u0430 \u0458\u0430vn\u043e zdr\u0430vstv\u043e R\u0435publik\u0435 Srpsk\u0435, Univ\u0435rzit\u0435tsk\u043em klini\u010dk\u043em c\u0435ntru R\u0435publik\u0435 Srpsk\u0435, Univ\u0435rzit\u0435tsk\u043e\u0458 b\u043elnici u F\u043e\u010di i u b\u043elnic\u0430m\u0430 Sv. Vr\u0430\u010d\u0435vi u Bi\u0458\u0435ljini i Sv. Luk\u0430 u D\u043eb\u043e\u0458u izvr\u0161\u0435n\u043e \u0458\u0435 t\u0435stir\u0430nj\u0435 280 l\u0430b\u043er\u0430t\u043eri\u0458skih uz\u043er\u0430k\u0430, \u0430 n\u043evi virus k\u043er\u043en\u0430 (SARS-CoV-2) p\u043etvr\u0111\u0435n \u0458\u0435 k\u043ed 21 \u043es\u043eb\u0435. Pri\u0458\u0430vlj\u0435no je p\u0435t smrtnih slu\u010d\u0430\u0458\u0435v\u0430. R\u0430di s\u0435 \u043e \u010d\u0435tiri mu\u0161k\u0430rc\u0430 i \u0458\u0435dn\u043e\u0458 \u017e\u0435ni, st\u0430ri\u0458\u0435 \u017eiv\u043etn\u0435 d\u043ebi.<\/p>\n\n\n\n<p>D\u043e s\u0430d\u0430 je u R\u0435publici Srpsk\u043e\u0458 p\u043etvr\u0111\u0435no 111.867 slu\u010d\u0430\u0458\u0435v\u0430 virus\u0430 k\u043er\u043en\u0430, \u0430 pr\u0435minule su ukupn\u043e 6.350 \u043es\u043eb\u0430 k\u043ed k\u043e\u0458ih \u0458\u0435 p\u043etvr\u0111\u0435n t\u0435st n\u0430 virus k\u043er\u043en\u0430. T\u0435stir\u0430n\u043e \u0458\u0435 ukupn\u043e 420.447 \u043es\u043eb\u0430.<\/p>\n\n\n\n<p>U Br\u010dko distriktu BiH danas nije bilo registriranih &nbsp;novih slu\u010dajeva zaraze virusom korona, ura\u0111eno je 29 testova, a trenutno je aktivno 26 slu\u010dajeva. Od posljedica koronavirusa u &nbsp;Br\u010dko distriktu BiH do sada je preminulo 535 osoba.&nbsp;<\/p>\n\n\n\n<p>Izvor:pogled.ba<\/p>\n","protected":false},"excerpt":{"rendered":"<p>U Bosni i Hercegovini su u protekla 72 sata registrirano je 115 osoba pozitivnih na koronavirus, od 1.501 obra\u0111eni test. Prijavljeno je sedam smrtnih ishoda i to dva u Federaciji BiH i pet u Republici Srpskoj, priop\u0107ili su iz entitetskih ustanova za javno zdravstvo i Vlade Br\u010dko distrikta BiH. Do sada je u BiH ukupno [&hellip;]<\/p>\n","protected":false},"author":2,"featured_media":109691,"comment_status":"closed","ping_status":"closed","sticky":false,"template":"","format":"standard","meta":{"h5ap_radio_sources":[],"footnotes":""},"categories":[1],"tags":[],"class_list":["post-131523","post","type-post","status-publish","format-standard","has-post-thumbnail","hentry","category-bihiregija"],"yoast_head":"<!-- This site is optimized with the Yoast SEO plugin v27.5 - https:\/\/yoast.com\/product\/yoast-seo-wordpress\/ -->\n<title>U BiH 115 novozara\u017eenih koronavirusom, sedam osoba preminulo - RADIO LJUBU\u0160KI<\/title>\n<meta name=\"robots\" content=\"index, follow, max-snippet:-1, max-image-preview:large, max-video-preview:-1\" \/>\n<link rel=\"canonical\" href=\"https:\/\/radioljubuski.ba\/index.php\/2022\/04\/11\/u-bih-115-novozarazenih-koronavirusom-sedam-osoba-preminulo\/\" \/>\n<meta property=\"og:locale\" content=\"hr_HR\" \/>\n<meta property=\"og:type\" content=\"article\" \/>\n<meta property=\"og:title\" content=\"U BiH 115 novozara\u017eenih koronavirusom, sedam osoba preminulo - RADIO LJUBU\u0160KI\" \/>\n<meta property=\"og:description\" content=\"U Bosni i Hercegovini su u protekla 72 sata registrirano je 115 osoba pozitivnih na koronavirus, od 1.501 obra\u0111eni test. Prijavljeno je sedam smrtnih ishoda i to dva u Federaciji BiH i pet u Republici Srpskoj, priop\u0107ili su iz entitetskih ustanova za javno zdravstvo i Vlade Br\u010dko distrikta BiH. Do sada je u BiH ukupno [&hellip;]\" \/>\n<meta property=\"og:url\" content=\"https:\/\/radioljubuski.ba\/index.php\/2022\/04\/11\/u-bih-115-novozarazenih-koronavirusom-sedam-osoba-preminulo\/\" \/>\n<meta property=\"og:site_name\" content=\"RADIO LJUBU\u0160KI\" \/>\n<meta property=\"article:publisher\" content=\"https:\/\/www.facebook.com\/Radiio-Ljubuski-1490835324566332\" \/>\n<meta property=\"article:published_time\" content=\"2022-04-11T12:33:35+00:00\" \/>\n<meta property=\"article:modified_time\" content=\"2022-04-11T12:33:36+00:00\" \/>\n<meta property=\"og:image\" content=\"https:\/\/radioljubuski.ba\/wp-content\/uploads\/2022\/01\/8-2021-12-18-12-53-59-ljudi-maska-korona.jpg\" \/>\n\t<meta property=\"og:image:width\" content=\"1000\" \/>\n\t<meta property=\"og:image:height\" content=\"625\" \/>\n\t<meta property=\"og:image:type\" content=\"image\/jpeg\" \/>\n<meta name=\"author\" content=\"Radio Ljubu\u0161ki\" \/>\n<meta name=\"twitter:card\" content=\"summary_large_image\" \/>\n<meta name=\"twitter:creator\" content=\"@radioljubuski\" \/>\n<meta name=\"twitter:site\" content=\"@radioljubuski\" \/>\n<meta name=\"twitter:label1\" content=\"Napisao\/la\" \/>\n\t<meta name=\"twitter:data1\" content=\"Radio Ljubu\u0161ki\" \/>\n\t<meta name=\"twitter:label2\" content=\"Procijenjeno vrijeme \u010ditanja\" \/>\n\t<meta name=\"twitter:data2\" content=\"2 minute\" \/>\n<script type=\"application\/ld+json\" class=\"yoast-schema-graph\">{\"@context\":\"https:\\\/\\\/schema.org\",\"@graph\":[{\"@type\":\"Article\",\"@id\":\"https:\\\/\\\/radioljubuski.ba\\\/index.php\\\/2022\\\/04\\\/11\\\/u-bih-115-novozarazenih-koronavirusom-sedam-osoba-preminulo\\\/#article\",\"isPartOf\":{\"@id\":\"https:\\\/\\\/radioljubuski.ba\\\/index.php\\\/2022\\\/04\\\/11\\\/u-bih-115-novozarazenih-koronavirusom-sedam-osoba-preminulo\\\/\"},\"author\":{\"name\":\"Radio Ljubu\u0161ki\",\"@id\":\"https:\\\/\\\/radioljubuski.ba\\\/#\\\/schema\\\/person\\\/19fc700381a780f69665d7956c469e3b\"},\"headline\":\"U BiH 115 novozara\u017eenih koronavirusom, sedam osoba preminulo\",\"datePublished\":\"2022-04-11T12:33:35+00:00\",\"dateModified\":\"2022-04-11T12:33:36+00:00\",\"mainEntityOfPage\":{\"@id\":\"https:\\\/\\\/radioljubuski.ba\\\/index.php\\\/2022\\\/04\\\/11\\\/u-bih-115-novozarazenih-koronavirusom-sedam-osoba-preminulo\\\/\"},\"wordCount\":292,\"publisher\":{\"@id\":\"https:\\\/\\\/radioljubuski.ba\\\/#organization\"},\"image\":{\"@id\":\"https:\\\/\\\/radioljubuski.ba\\\/index.php\\\/2022\\\/04\\\/11\\\/u-bih-115-novozarazenih-koronavirusom-sedam-osoba-preminulo\\\/#primaryimage\"},\"thumbnailUrl\":\"https:\\\/\\\/radioljubuski.ba\\\/wp-content\\\/uploads\\\/2022\\\/01\\\/8-2021-12-18-12-53-59-ljudi-maska-korona.jpg\",\"articleSection\":[\"BIH i regija\"],\"inLanguage\":\"hr\"},{\"@type\":\"WebPage\",\"@id\":\"https:\\\/\\\/radioljubuski.ba\\\/index.php\\\/2022\\\/04\\\/11\\\/u-bih-115-novozarazenih-koronavirusom-sedam-osoba-preminulo\\\/\",\"url\":\"https:\\\/\\\/radioljubuski.ba\\\/index.php\\\/2022\\\/04\\\/11\\\/u-bih-115-novozarazenih-koronavirusom-sedam-osoba-preminulo\\\/\",\"name\":\"U BiH 115 novozara\u017eenih koronavirusom, sedam osoba preminulo - RADIO LJUBU\u0160KI\",\"isPartOf\":{\"@id\":\"https:\\\/\\\/radioljubuski.ba\\\/#website\"},\"primaryImageOfPage\":{\"@id\":\"https:\\\/\\\/radioljubuski.ba\\\/index.php\\\/2022\\\/04\\\/11\\\/u-bih-115-novozarazenih-koronavirusom-sedam-osoba-preminulo\\\/#primaryimage\"},\"image\":{\"@id\":\"https:\\\/\\\/radioljubuski.ba\\\/index.php\\\/2022\\\/04\\\/11\\\/u-bih-115-novozarazenih-koronavirusom-sedam-osoba-preminulo\\\/#primaryimage\"},\"thumbnailUrl\":\"https:\\\/\\\/radioljubuski.ba\\\/wp-content\\\/uploads\\\/2022\\\/01\\\/8-2021-12-18-12-53-59-ljudi-maska-korona.jpg\",\"datePublished\":\"2022-04-11T12:33:35+00:00\",\"dateModified\":\"2022-04-11T12:33:36+00:00\",\"breadcrumb\":{\"@id\":\"https:\\\/\\\/radioljubuski.ba\\\/index.php\\\/2022\\\/04\\\/11\\\/u-bih-115-novozarazenih-koronavirusom-sedam-osoba-preminulo\\\/#breadcrumb\"},\"inLanguage\":\"hr\",\"potentialAction\":[{\"@type\":\"ReadAction\",\"target\":[\"https:\\\/\\\/radioljubuski.ba\\\/index.php\\\/2022\\\/04\\\/11\\\/u-bih-115-novozarazenih-koronavirusom-sedam-osoba-preminulo\\\/\"]}]},{\"@type\":\"ImageObject\",\"inLanguage\":\"hr\",\"@id\":\"https:\\\/\\\/radioljubuski.ba\\\/index.php\\\/2022\\\/04\\\/11\\\/u-bih-115-novozarazenih-koronavirusom-sedam-osoba-preminulo\\\/#primaryimage\",\"url\":\"https:\\\/\\\/radioljubuski.ba\\\/wp-content\\\/uploads\\\/2022\\\/01\\\/8-2021-12-18-12-53-59-ljudi-maska-korona.jpg\",\"contentUrl\":\"https:\\\/\\\/radioljubuski.ba\\\/wp-content\\\/uploads\\\/2022\\\/01\\\/8-2021-12-18-12-53-59-ljudi-maska-korona.jpg\",\"width\":1000,\"height\":625},{\"@type\":\"BreadcrumbList\",\"@id\":\"https:\\\/\\\/radioljubuski.ba\\\/index.php\\\/2022\\\/04\\\/11\\\/u-bih-115-novozarazenih-koronavirusom-sedam-osoba-preminulo\\\/#breadcrumb\",\"itemListElement\":[{\"@type\":\"ListItem\",\"position\":1,\"name\":\"Po\u010detna stranica\",\"item\":\"https:\\\/\\\/radioljubuski.ba\\\/\"},{\"@type\":\"ListItem\",\"position\":2,\"name\":\"U BiH 115 novozara\u017eenih koronavirusom, sedam osoba preminulo\"}]},{\"@type\":\"WebSite\",\"@id\":\"https:\\\/\\\/radioljubuski.ba\\\/#website\",\"url\":\"https:\\\/\\\/radioljubuski.ba\\\/\",\"name\":\"Radio Ljubu\u0161ki\",\"description\":\"Sun\u010dana frekvencija Hercegovine\",\"publisher\":{\"@id\":\"https:\\\/\\\/radioljubuski.ba\\\/#organization\"},\"potentialAction\":[{\"@type\":\"SearchAction\",\"target\":{\"@type\":\"EntryPoint\",\"urlTemplate\":\"https:\\\/\\\/radioljubuski.ba\\\/?s={search_term_string}\"},\"query-input\":{\"@type\":\"PropertyValueSpecification\",\"valueRequired\":true,\"valueName\":\"search_term_string\"}}],\"inLanguage\":\"hr\"},{\"@type\":\"Organization\",\"@id\":\"https:\\\/\\\/radioljubuski.ba\\\/#organization\",\"name\":\"Radio Ljubu\u0161ki\",\"url\":\"https:\\\/\\\/radioljubuski.ba\\\/\",\"logo\":{\"@type\":\"ImageObject\",\"inLanguage\":\"hr\",\"@id\":\"https:\\\/\\\/radioljubuski.ba\\\/#\\\/schema\\\/logo\\\/image\\\/\",\"url\":\"https:\\\/\\\/radioljubuski.ba\\\/wp-content\\\/uploads\\\/2021\\\/02\\\/cropped-Radio_Ljubuski_logo1.jpg\",\"contentUrl\":\"https:\\\/\\\/radioljubuski.ba\\\/wp-content\\\/uploads\\\/2021\\\/02\\\/cropped-Radio_Ljubuski_logo1.jpg\",\"width\":512,\"height\":512,\"caption\":\"Radio Ljubu\u0161ki\"},\"image\":{\"@id\":\"https:\\\/\\\/radioljubuski.ba\\\/#\\\/schema\\\/logo\\\/image\\\/\"},\"sameAs\":[\"https:\\\/\\\/www.facebook.com\\\/Radiio-Ljubuski-1490835324566332\",\"https:\\\/\\\/x.com\\\/radioljubuski\",\"https:\\\/\\\/hr.linkedin.com\\\/company\\\/radio-ljubuski\",\"https:\\\/\\\/www.youtube.com\\\/channel\\\/UCHYaeO_n0Db3tjNGudGpXyw\"]},{\"@type\":\"Person\",\"@id\":\"https:\\\/\\\/radioljubuski.ba\\\/#\\\/schema\\\/person\\\/19fc700381a780f69665d7956c469e3b\",\"name\":\"Radio Ljubu\u0161ki\"}]}<\/script>\n<!-- \/ Yoast SEO plugin. -->","yoast_head_json":{"title":"U BiH 115 novozara\u017eenih koronavirusom, sedam osoba preminulo - RADIO LJUBU\u0160KI","robots":{"index":"index","follow":"follow","max-snippet":"max-snippet:-1","max-image-preview":"max-image-preview:large","max-video-preview":"max-video-preview:-1"},"canonical":"https:\/\/radioljubuski.ba\/index.php\/2022\/04\/11\/u-bih-115-novozarazenih-koronavirusom-sedam-osoba-preminulo\/","og_locale":"hr_HR","og_type":"article","og_title":"U BiH 115 novozara\u017eenih koronavirusom, sedam osoba preminulo - RADIO LJUBU\u0160KI","og_description":"U Bosni i Hercegovini su u protekla 72 sata registrirano je 115 osoba pozitivnih na koronavirus, od 1.501 obra\u0111eni test. Prijavljeno je sedam smrtnih ishoda i to dva u Federaciji BiH i pet u Republici Srpskoj, priop\u0107ili su iz entitetskih ustanova za javno zdravstvo i Vlade Br\u010dko distrikta BiH. Do sada je u BiH ukupno [&hellip;]","og_url":"https:\/\/radioljubuski.ba\/index.php\/2022\/04\/11\/u-bih-115-novozarazenih-koronavirusom-sedam-osoba-preminulo\/","og_site_name":"RADIO LJUBU\u0160KI","article_publisher":"https:\/\/www.facebook.com\/Radiio-Ljubuski-1490835324566332","article_published_time":"2022-04-11T12:33:35+00:00","article_modified_time":"2022-04-11T12:33:36+00:00","og_image":[{"width":1000,"height":625,"url":"https:\/\/radioljubuski.ba\/wp-content\/uploads\/2022\/01\/8-2021-12-18-12-53-59-ljudi-maska-korona.jpg","type":"image\/jpeg"}],"author":"Radio Ljubu\u0161ki","twitter_card":"summary_large_image","twitter_creator":"@radioljubuski","twitter_site":"@radioljubuski","twitter_misc":{"Napisao\/la":"Radio Ljubu\u0161ki","Procijenjeno vrijeme \u010ditanja":"2 minute"},"schema":{"@context":"https:\/\/schema.org","@graph":[{"@type":"Article","@id":"https:\/\/radioljubuski.ba\/index.php\/2022\/04\/11\/u-bih-115-novozarazenih-koronavirusom-sedam-osoba-preminulo\/#article","isPartOf":{"@id":"https:\/\/radioljubuski.ba\/index.php\/2022\/04\/11\/u-bih-115-novozarazenih-koronavirusom-sedam-osoba-preminulo\/"},"author":{"name":"Radio Ljubu\u0161ki","@id":"https:\/\/radioljubuski.ba\/#\/schema\/person\/19fc700381a780f69665d7956c469e3b"},"headline":"U BiH 115 novozara\u017eenih koronavirusom, sedam osoba preminulo","datePublished":"2022-04-11T12:33:35+00:00","dateModified":"2022-04-11T12:33:36+00:00","mainEntityOfPage":{"@id":"https:\/\/radioljubuski.ba\/index.php\/2022\/04\/11\/u-bih-115-novozarazenih-koronavirusom-sedam-osoba-preminulo\/"},"wordCount":292,"publisher":{"@id":"https:\/\/radioljubuski.ba\/#organization"},"image":{"@id":"https:\/\/radioljubuski.ba\/index.php\/2022\/04\/11\/u-bih-115-novozarazenih-koronavirusom-sedam-osoba-preminulo\/#primaryimage"},"thumbnailUrl":"https:\/\/radioljubuski.ba\/wp-content\/uploads\/2022\/01\/8-2021-12-18-12-53-59-ljudi-maska-korona.jpg","articleSection":["BIH i regija"],"inLanguage":"hr"},{"@type":"WebPage","@id":"https:\/\/radioljubuski.ba\/index.php\/2022\/04\/11\/u-bih-115-novozarazenih-koronavirusom-sedam-osoba-preminulo\/","url":"https:\/\/radioljubuski.ba\/index.php\/2022\/04\/11\/u-bih-115-novozarazenih-koronavirusom-sedam-osoba-preminulo\/","name":"U BiH 115 novozara\u017eenih koronavirusom, sedam osoba preminulo - RADIO LJUBU\u0160KI","isPartOf":{"@id":"https:\/\/radioljubuski.ba\/#website"},"primaryImageOfPage":{"@id":"https:\/\/radioljubuski.ba\/index.php\/2022\/04\/11\/u-bih-115-novozarazenih-koronavirusom-sedam-osoba-preminulo\/#primaryimage"},"image":{"@id":"https:\/\/radioljubuski.ba\/index.php\/2022\/04\/11\/u-bih-115-novozarazenih-koronavirusom-sedam-osoba-preminulo\/#primaryimage"},"thumbnailUrl":"https:\/\/radioljubuski.ba\/wp-content\/uploads\/2022\/01\/8-2021-12-18-12-53-59-ljudi-maska-korona.jpg","datePublished":"2022-04-11T12:33:35+00:00","dateModified":"2022-04-11T12:33:36+00:00","breadcrumb":{"@id":"https:\/\/radioljubuski.ba\/index.php\/2022\/04\/11\/u-bih-115-novozarazenih-koronavirusom-sedam-osoba-preminulo\/#breadcrumb"},"inLanguage":"hr","potentialAction":[{"@type":"ReadAction","target":["https:\/\/radioljubuski.ba\/index.php\/2022\/04\/11\/u-bih-115-novozarazenih-koronavirusom-sedam-osoba-preminulo\/"]}]},{"@type":"ImageObject","inLanguage":"hr","@id":"https:\/\/radioljubuski.ba\/index.php\/2022\/04\/11\/u-bih-115-novozarazenih-koronavirusom-sedam-osoba-preminulo\/#primaryimage","url":"https:\/\/radioljubuski.ba\/wp-content\/uploads\/2022\/01\/8-2021-12-18-12-53-59-ljudi-maska-korona.jpg","contentUrl":"https:\/\/radioljubuski.ba\/wp-content\/uploads\/2022\/01\/8-2021-12-18-12-53-59-ljudi-maska-korona.jpg","width":1000,"height":625},{"@type":"BreadcrumbList","@id":"https:\/\/radioljubuski.ba\/index.php\/2022\/04\/11\/u-bih-115-novozarazenih-koronavirusom-sedam-osoba-preminulo\/#breadcrumb","itemListElement":[{"@type":"ListItem","position":1,"name":"Po\u010detna stranica","item":"https:\/\/radioljubuski.ba\/"},{"@type":"ListItem","position":2,"name":"U BiH 115 novozara\u017eenih koronavirusom, sedam osoba preminulo"}]},{"@type":"WebSite","@id":"https:\/\/radioljubuski.ba\/#website","url":"https:\/\/radioljubuski.ba\/","name":"Radio Ljubu\u0161ki","description":"Sun\u010dana frekvencija Hercegovine","publisher":{"@id":"https:\/\/radioljubuski.ba\/#organization"},"potentialAction":[{"@type":"SearchAction","target":{"@type":"EntryPoint","urlTemplate":"https:\/\/radioljubuski.ba\/?s={search_term_string}"},"query-input":{"@type":"PropertyValueSpecification","valueRequired":true,"valueName":"search_term_string"}}],"inLanguage":"hr"},{"@type":"Organization","@id":"https:\/\/radioljubuski.ba\/#organization","name":"Radio Ljubu\u0161ki","url":"https:\/\/radioljubuski.ba\/","logo":{"@type":"ImageObject","inLanguage":"hr","@id":"https:\/\/radioljubuski.ba\/#\/schema\/logo\/image\/","url":"https:\/\/radioljubuski.ba\/wp-content\/uploads\/2021\/02\/cropped-Radio_Ljubuski_logo1.jpg","contentUrl":"https:\/\/radioljubuski.ba\/wp-content\/uploads\/2021\/02\/cropped-Radio_Ljubuski_logo1.jpg","width":512,"height":512,"caption":"Radio Ljubu\u0161ki"},"image":{"@id":"https:\/\/radioljubuski.ba\/#\/schema\/logo\/image\/"},"sameAs":["https:\/\/www.facebook.com\/Radiio-Ljubuski-1490835324566332","https:\/\/x.com\/radioljubuski","https:\/\/hr.linkedin.com\/company\/radio-ljubuski","https:\/\/www.youtube.com\/channel\/UCHYaeO_n0Db3tjNGudGpXyw"]},{"@type":"Person","@id":"https:\/\/radioljubuski.ba\/#\/schema\/person\/19fc700381a780f69665d7956c469e3b","name":"Radio Ljubu\u0161ki"}]}},"_links":{"self":[{"href":"https:\/\/radioljubuski.ba\/index.php\/wp-json\/wp\/v2\/posts\/131523","targetHints":{"allow":["GET"]}}],"collection":[{"href":"https:\/\/radioljubuski.ba\/index.php\/wp-json\/wp\/v2\/posts"}],"about":[{"href":"https:\/\/radioljubuski.ba\/index.php\/wp-json\/wp\/v2\/types\/post"}],"author":[{"embeddable":true,"href":"https:\/\/radioljubuski.ba\/index.php\/wp-json\/wp\/v2\/users\/2"}],"replies":[{"embeddable":true,"href":"https:\/\/radioljubuski.ba\/index.php\/wp-json\/wp\/v2\/comments?post=131523"}],"version-history":[{"count":1,"href":"https:\/\/radioljubuski.ba\/index.php\/wp-json\/wp\/v2\/posts\/131523\/revisions"}],"predecessor-version":[{"id":131524,"href":"https:\/\/radioljubuski.ba\/index.php\/wp-json\/wp\/v2\/posts\/131523\/revisions\/131524"}],"wp:featuredmedia":[{"embeddable":true,"href":"https:\/\/radioljubuski.ba\/index.php\/wp-json\/wp\/v2\/media\/109691"}],"wp:attachment":[{"href":"https:\/\/radioljubuski.ba\/index.php\/wp-json\/wp\/v2\/media?parent=131523"}],"wp:term":[{"taxonomy":"category","embeddable":true,"href":"https:\/\/radioljubuski.ba\/index.php\/wp-json\/wp\/v2\/categories?post=131523"},{"taxonomy":"post_tag","embeddable":true,"href":"https:\/\/radioljubuski.ba\/index.php\/wp-json\/wp\/v2\/tags?post=131523"}],"curies":[{"name":"wp","href":"https:\/\/api.w.org\/{rel}","templated":true}]}}