{"id":131528,"date":"2022-04-11T13:38:20","date_gmt":"2022-04-11T12:38:20","guid":{"rendered":"https:\/\/radioljubuski.ba\/?p=131528"},"modified":"2022-04-11T13:38:21","modified_gmt":"2022-04-11T12:38:21","slug":"vogelova-zadnja-utakmica-na-klupi-lakersa","status":"publish","type":"post","link":"https:\/\/radioljubuski.ba\/index.php\/2022\/04\/11\/vogelova-zadnja-utakmica-na-klupi-lakersa\/","title":{"rendered":"Vogelova zadnja utakmica na klupi Lakersa"},"content":{"rendered":"\n<p>Prema navodima ameri\u010dkih medija, Los Angeles Lakersi odlu\u010dili su otpustiti trenera <strong>Franka Vogela<\/strong> niti dvije godine nakon \u0161to ih je vodio ka osvajanju naslova NBA prvaka. Slu\u017ebena odluka kluba o\u010dekuje se tijekom ponedjeljka.<\/p>\n\n\n\n<p>Lakersi su ove sezone ostvarili omjer pobjeda i poraza 33-49 te se nisu uspjeli kvalificirati niti za &#8220;play-in&#8221; turnir, a kamoli za doigravanje usprkos tomu \u0161to su u svojim redovima imali superzvijezde poput <strong>LeBrona Jamesa, Anthonyja Davisa <\/strong>i<strong> Russella Westbrooka<\/strong>.<br><br>Vogel je preuzeo Lakerse u ljeto 2019. godine te je potpisao trogodi\u0161nji ugovor koji je prakti\u010dki istekao. Sino\u0107 je vodio slavni klub do pobjede nad Denverom u gostima 146:141 nakon produ\u017eetka u zadnjoj utakmici regularnog dijela NBA, a a za Lakerse i zadnjoj ove sezone.<\/p>\n\n\n\n<p>Osim naslova prvaka 2020. godine osvojenog u &#8220;balonu&#8221; u Orlandu, Lakersi su pod Vogelovim vodstvom pro\u0161le godine morali igrati &#8220;play-in&#8221; kako bi u\u0161li u doigravanje samo da bi ispali u prvom krugu od Phoenix Sunsa, dok su ove godine jo\u0161 ranije okon\u010dali sezonu.<br><br>Prije no \u0161to je preuzeo Lakerse Vogel je radio kao glavni trener i u Indiana Pacesima od 2011. do 2016. godine te je dva puta s njima izborio finale Istoka (2013., 2014.), a oba je puta gubio od Miami Heata s Jamesom u sastavu. Od 2016. do 2018. godine imao je dvije neuspje\u0161ne sezone u Orlando Magicu.<\/p>\n\n\n\n<p>Izvor:hrt.hr<\/p>\n","protected":false},"excerpt":{"rendered":"<p>Prema navodima ameri\u010dkih medija, Los Angeles Lakersi odlu\u010dili su otpustiti trenera Franka Vogela niti dvije godine nakon \u0161to ih je vodio ka osvajanju naslova NBA prvaka. Slu\u017ebena odluka kluba o\u010dekuje se tijekom ponedjeljka. Lakersi su ove sezone ostvarili omjer pobjeda i poraza 33-49 te se nisu uspjeli kvalificirati niti za &#8220;play-in&#8221; turnir, a kamoli za [&hellip;]<\/p>\n","protected":false},"author":2,"featured_media":131529,"comment_status":"closed","ping_status":"closed","sticky":false,"template":"","format":"standard","meta":{"h5ap_radio_sources":[],"footnotes":""},"categories":[7],"tags":[],"class_list":["post-131528","post","type-post","status-publish","format-standard","has-post-thumbnail","hentry","category-sport"],"yoast_head":"<!-- This site is optimized with the Yoast SEO plugin v27.5 - https:\/\/yoast.com\/product\/yoast-seo-wordpress\/ -->\n<title>Vogelova zadnja utakmica na klupi Lakersa - RADIO LJUBU\u0160KI<\/title>\n<meta name=\"robots\" content=\"index, follow, max-snippet:-1, max-image-preview:large, max-video-preview:-1\" \/>\n<link rel=\"canonical\" href=\"https:\/\/radioljubuski.ba\/index.php\/2022\/04\/11\/vogelova-zadnja-utakmica-na-klupi-lakersa\/\" \/>\n<meta property=\"og:locale\" content=\"hr_HR\" \/>\n<meta property=\"og:type\" content=\"article\" \/>\n<meta property=\"og:title\" content=\"Vogelova zadnja utakmica na klupi Lakersa - RADIO LJUBU\u0160KI\" \/>\n<meta property=\"og:description\" content=\"Prema navodima ameri\u010dkih medija, Los Angeles Lakersi odlu\u010dili su otpustiti trenera Franka Vogela niti dvije godine nakon \u0161to ih je vodio ka osvajanju naslova NBA prvaka. Slu\u017ebena odluka kluba o\u010dekuje se tijekom ponedjeljka. Lakersi su ove sezone ostvarili omjer pobjeda i poraza 33-49 te se nisu uspjeli kvalificirati niti za &#8220;play-in&#8221; turnir, a kamoli za [&hellip;]\" \/>\n<meta property=\"og:url\" content=\"https:\/\/radioljubuski.ba\/index.php\/2022\/04\/11\/vogelova-zadnja-utakmica-na-klupi-lakersa\/\" \/>\n<meta property=\"og:site_name\" content=\"RADIO LJUBU\u0160KI\" \/>\n<meta property=\"article:publisher\" content=\"https:\/\/www.facebook.com\/Radiio-Ljubuski-1490835324566332\" \/>\n<meta property=\"article:published_time\" content=\"2022-04-11T12:38:20+00:00\" \/>\n<meta property=\"article:modified_time\" content=\"2022-04-11T12:38:21+00:00\" \/>\n<meta property=\"og:image\" content=\"https:\/\/radioljubuski.ba\/wp-content\/uploads\/2022\/04\/22-3.jpg\" \/>\n\t<meta property=\"og:image:width\" content=\"300\" \/>\n\t<meta property=\"og:image:height\" content=\"168\" \/>\n\t<meta property=\"og:image:type\" content=\"image\/jpeg\" \/>\n<meta name=\"author\" content=\"Radio Ljubu\u0161ki\" \/>\n<meta name=\"twitter:card\" content=\"summary_large_image\" \/>\n<meta name=\"twitter:creator\" content=\"@radioljubuski\" \/>\n<meta name=\"twitter:site\" content=\"@radioljubuski\" \/>\n<meta name=\"twitter:label1\" content=\"Napisao\/la\" \/>\n\t<meta name=\"twitter:data1\" content=\"Radio Ljubu\u0161ki\" \/>\n\t<meta name=\"twitter:label2\" content=\"Procijenjeno vrijeme \u010ditanja\" \/>\n\t<meta name=\"twitter:data2\" content=\"1 minuta\" \/>\n<script type=\"application\/ld+json\" class=\"yoast-schema-graph\">{\"@context\":\"https:\\\/\\\/schema.org\",\"@graph\":[{\"@type\":\"Article\",\"@id\":\"https:\\\/\\\/radioljubuski.ba\\\/index.php\\\/2022\\\/04\\\/11\\\/vogelova-zadnja-utakmica-na-klupi-lakersa\\\/#article\",\"isPartOf\":{\"@id\":\"https:\\\/\\\/radioljubuski.ba\\\/index.php\\\/2022\\\/04\\\/11\\\/vogelova-zadnja-utakmica-na-klupi-lakersa\\\/\"},\"author\":{\"name\":\"Radio Ljubu\u0161ki\",\"@id\":\"https:\\\/\\\/radioljubuski.ba\\\/#\\\/schema\\\/person\\\/19fc700381a780f69665d7956c469e3b\"},\"headline\":\"Vogelova zadnja utakmica na klupi Lakersa\",\"datePublished\":\"2022-04-11T12:38:20+00:00\",\"dateModified\":\"2022-04-11T12:38:21+00:00\",\"mainEntityOfPage\":{\"@id\":\"https:\\\/\\\/radioljubuski.ba\\\/index.php\\\/2022\\\/04\\\/11\\\/vogelova-zadnja-utakmica-na-klupi-lakersa\\\/\"},\"wordCount\":229,\"publisher\":{\"@id\":\"https:\\\/\\\/radioljubuski.ba\\\/#organization\"},\"image\":{\"@id\":\"https:\\\/\\\/radioljubuski.ba\\\/index.php\\\/2022\\\/04\\\/11\\\/vogelova-zadnja-utakmica-na-klupi-lakersa\\\/#primaryimage\"},\"thumbnailUrl\":\"https:\\\/\\\/radioljubuski.ba\\\/wp-content\\\/uploads\\\/2022\\\/04\\\/22-3.jpg\",\"articleSection\":[\"\u0160port\"],\"inLanguage\":\"hr\"},{\"@type\":\"WebPage\",\"@id\":\"https:\\\/\\\/radioljubuski.ba\\\/index.php\\\/2022\\\/04\\\/11\\\/vogelova-zadnja-utakmica-na-klupi-lakersa\\\/\",\"url\":\"https:\\\/\\\/radioljubuski.ba\\\/index.php\\\/2022\\\/04\\\/11\\\/vogelova-zadnja-utakmica-na-klupi-lakersa\\\/\",\"name\":\"Vogelova zadnja utakmica na klupi Lakersa - RADIO LJUBU\u0160KI\",\"isPartOf\":{\"@id\":\"https:\\\/\\\/radioljubuski.ba\\\/#website\"},\"primaryImageOfPage\":{\"@id\":\"https:\\\/\\\/radioljubuski.ba\\\/index.php\\\/2022\\\/04\\\/11\\\/vogelova-zadnja-utakmica-na-klupi-lakersa\\\/#primaryimage\"},\"image\":{\"@id\":\"https:\\\/\\\/radioljubuski.ba\\\/index.php\\\/2022\\\/04\\\/11\\\/vogelova-zadnja-utakmica-na-klupi-lakersa\\\/#primaryimage\"},\"thumbnailUrl\":\"https:\\\/\\\/radioljubuski.ba\\\/wp-content\\\/uploads\\\/2022\\\/04\\\/22-3.jpg\",\"datePublished\":\"2022-04-11T12:38:20+00:00\",\"dateModified\":\"2022-04-11T12:38:21+00:00\",\"breadcrumb\":{\"@id\":\"https:\\\/\\\/radioljubuski.ba\\\/index.php\\\/2022\\\/04\\\/11\\\/vogelova-zadnja-utakmica-na-klupi-lakersa\\\/#breadcrumb\"},\"inLanguage\":\"hr\",\"potentialAction\":[{\"@type\":\"ReadAction\",\"target\":[\"https:\\\/\\\/radioljubuski.ba\\\/index.php\\\/2022\\\/04\\\/11\\\/vogelova-zadnja-utakmica-na-klupi-lakersa\\\/\"]}]},{\"@type\":\"ImageObject\",\"inLanguage\":\"hr\",\"@id\":\"https:\\\/\\\/radioljubuski.ba\\\/index.php\\\/2022\\\/04\\\/11\\\/vogelova-zadnja-utakmica-na-klupi-lakersa\\\/#primaryimage\",\"url\":\"https:\\\/\\\/radioljubuski.ba\\\/wp-content\\\/uploads\\\/2022\\\/04\\\/22-3.jpg\",\"contentUrl\":\"https:\\\/\\\/radioljubuski.ba\\\/wp-content\\\/uploads\\\/2022\\\/04\\\/22-3.jpg\",\"width\":300,\"height\":168},{\"@type\":\"BreadcrumbList\",\"@id\":\"https:\\\/\\\/radioljubuski.ba\\\/index.php\\\/2022\\\/04\\\/11\\\/vogelova-zadnja-utakmica-na-klupi-lakersa\\\/#breadcrumb\",\"itemListElement\":[{\"@type\":\"ListItem\",\"position\":1,\"name\":\"Po\u010detna stranica\",\"item\":\"https:\\\/\\\/radioljubuski.ba\\\/\"},{\"@type\":\"ListItem\",\"position\":2,\"name\":\"Vogelova zadnja utakmica na klupi Lakersa\"}]},{\"@type\":\"WebSite\",\"@id\":\"https:\\\/\\\/radioljubuski.ba\\\/#website\",\"url\":\"https:\\\/\\\/radioljubuski.ba\\\/\",\"name\":\"Radio Ljubu\u0161ki\",\"description\":\"Sun\u010dana frekvencija Hercegovine\",\"publisher\":{\"@id\":\"https:\\\/\\\/radioljubuski.ba\\\/#organization\"},\"potentialAction\":[{\"@type\":\"SearchAction\",\"target\":{\"@type\":\"EntryPoint\",\"urlTemplate\":\"https:\\\/\\\/radioljubuski.ba\\\/?s={search_term_string}\"},\"query-input\":{\"@type\":\"PropertyValueSpecification\",\"valueRequired\":true,\"valueName\":\"search_term_string\"}}],\"inLanguage\":\"hr\"},{\"@type\":\"Organization\",\"@id\":\"https:\\\/\\\/radioljubuski.ba\\\/#organization\",\"name\":\"Radio Ljubu\u0161ki\",\"url\":\"https:\\\/\\\/radioljubuski.ba\\\/\",\"logo\":{\"@type\":\"ImageObject\",\"inLanguage\":\"hr\",\"@id\":\"https:\\\/\\\/radioljubuski.ba\\\/#\\\/schema\\\/logo\\\/image\\\/\",\"url\":\"https:\\\/\\\/radioljubuski.ba\\\/wp-content\\\/uploads\\\/2021\\\/02\\\/cropped-Radio_Ljubuski_logo1.jpg\",\"contentUrl\":\"https:\\\/\\\/radioljubuski.ba\\\/wp-content\\\/uploads\\\/2021\\\/02\\\/cropped-Radio_Ljubuski_logo1.jpg\",\"width\":512,\"height\":512,\"caption\":\"Radio Ljubu\u0161ki\"},\"image\":{\"@id\":\"https:\\\/\\\/radioljubuski.ba\\\/#\\\/schema\\\/logo\\\/image\\\/\"},\"sameAs\":[\"https:\\\/\\\/www.facebook.com\\\/Radiio-Ljubuski-1490835324566332\",\"https:\\\/\\\/x.com\\\/radioljubuski\",\"https:\\\/\\\/hr.linkedin.com\\\/company\\\/radio-ljubuski\",\"https:\\\/\\\/www.youtube.com\\\/channel\\\/UCHYaeO_n0Db3tjNGudGpXyw\"]},{\"@type\":\"Person\",\"@id\":\"https:\\\/\\\/radioljubuski.ba\\\/#\\\/schema\\\/person\\\/19fc700381a780f69665d7956c469e3b\",\"name\":\"Radio Ljubu\u0161ki\"}]}<\/script>\n<!-- \/ Yoast SEO plugin. -->","yoast_head_json":{"title":"Vogelova zadnja utakmica na klupi Lakersa - RADIO LJUBU\u0160KI","robots":{"index":"index","follow":"follow","max-snippet":"max-snippet:-1","max-image-preview":"max-image-preview:large","max-video-preview":"max-video-preview:-1"},"canonical":"https:\/\/radioljubuski.ba\/index.php\/2022\/04\/11\/vogelova-zadnja-utakmica-na-klupi-lakersa\/","og_locale":"hr_HR","og_type":"article","og_title":"Vogelova zadnja utakmica na klupi Lakersa - RADIO LJUBU\u0160KI","og_description":"Prema navodima ameri\u010dkih medija, Los Angeles Lakersi odlu\u010dili su otpustiti trenera Franka Vogela niti dvije godine nakon \u0161to ih je vodio ka osvajanju naslova NBA prvaka. Slu\u017ebena odluka kluba o\u010dekuje se tijekom ponedjeljka. Lakersi su ove sezone ostvarili omjer pobjeda i poraza 33-49 te se nisu uspjeli kvalificirati niti za &#8220;play-in&#8221; turnir, a kamoli za [&hellip;]","og_url":"https:\/\/radioljubuski.ba\/index.php\/2022\/04\/11\/vogelova-zadnja-utakmica-na-klupi-lakersa\/","og_site_name":"RADIO LJUBU\u0160KI","article_publisher":"https:\/\/www.facebook.com\/Radiio-Ljubuski-1490835324566332","article_published_time":"2022-04-11T12:38:20+00:00","article_modified_time":"2022-04-11T12:38:21+00:00","og_image":[{"width":300,"height":168,"url":"https:\/\/radioljubuski.ba\/wp-content\/uploads\/2022\/04\/22-3.jpg","type":"image\/jpeg"}],"author":"Radio Ljubu\u0161ki","twitter_card":"summary_large_image","twitter_creator":"@radioljubuski","twitter_site":"@radioljubuski","twitter_misc":{"Napisao\/la":"Radio Ljubu\u0161ki","Procijenjeno vrijeme \u010ditanja":"1 minuta"},"schema":{"@context":"https:\/\/schema.org","@graph":[{"@type":"Article","@id":"https:\/\/radioljubuski.ba\/index.php\/2022\/04\/11\/vogelova-zadnja-utakmica-na-klupi-lakersa\/#article","isPartOf":{"@id":"https:\/\/radioljubuski.ba\/index.php\/2022\/04\/11\/vogelova-zadnja-utakmica-na-klupi-lakersa\/"},"author":{"name":"Radio Ljubu\u0161ki","@id":"https:\/\/radioljubuski.ba\/#\/schema\/person\/19fc700381a780f69665d7956c469e3b"},"headline":"Vogelova zadnja utakmica na klupi Lakersa","datePublished":"2022-04-11T12:38:20+00:00","dateModified":"2022-04-11T12:38:21+00:00","mainEntityOfPage":{"@id":"https:\/\/radioljubuski.ba\/index.php\/2022\/04\/11\/vogelova-zadnja-utakmica-na-klupi-lakersa\/"},"wordCount":229,"publisher":{"@id":"https:\/\/radioljubuski.ba\/#organization"},"image":{"@id":"https:\/\/radioljubuski.ba\/index.php\/2022\/04\/11\/vogelova-zadnja-utakmica-na-klupi-lakersa\/#primaryimage"},"thumbnailUrl":"https:\/\/radioljubuski.ba\/wp-content\/uploads\/2022\/04\/22-3.jpg","articleSection":["\u0160port"],"inLanguage":"hr"},{"@type":"WebPage","@id":"https:\/\/radioljubuski.ba\/index.php\/2022\/04\/11\/vogelova-zadnja-utakmica-na-klupi-lakersa\/","url":"https:\/\/radioljubuski.ba\/index.php\/2022\/04\/11\/vogelova-zadnja-utakmica-na-klupi-lakersa\/","name":"Vogelova zadnja utakmica na klupi Lakersa - RADIO LJUBU\u0160KI","isPartOf":{"@id":"https:\/\/radioljubuski.ba\/#website"},"primaryImageOfPage":{"@id":"https:\/\/radioljubuski.ba\/index.php\/2022\/04\/11\/vogelova-zadnja-utakmica-na-klupi-lakersa\/#primaryimage"},"image":{"@id":"https:\/\/radioljubuski.ba\/index.php\/2022\/04\/11\/vogelova-zadnja-utakmica-na-klupi-lakersa\/#primaryimage"},"thumbnailUrl":"https:\/\/radioljubuski.ba\/wp-content\/uploads\/2022\/04\/22-3.jpg","datePublished":"2022-04-11T12:38:20+00:00","dateModified":"2022-04-11T12:38:21+00:00","breadcrumb":{"@id":"https:\/\/radioljubuski.ba\/index.php\/2022\/04\/11\/vogelova-zadnja-utakmica-na-klupi-lakersa\/#breadcrumb"},"inLanguage":"hr","potentialAction":[{"@type":"ReadAction","target":["https:\/\/radioljubuski.ba\/index.php\/2022\/04\/11\/vogelova-zadnja-utakmica-na-klupi-lakersa\/"]}]},{"@type":"ImageObject","inLanguage":"hr","@id":"https:\/\/radioljubuski.ba\/index.php\/2022\/04\/11\/vogelova-zadnja-utakmica-na-klupi-lakersa\/#primaryimage","url":"https:\/\/radioljubuski.ba\/wp-content\/uploads\/2022\/04\/22-3.jpg","contentUrl":"https:\/\/radioljubuski.ba\/wp-content\/uploads\/2022\/04\/22-3.jpg","width":300,"height":168},{"@type":"BreadcrumbList","@id":"https:\/\/radioljubuski.ba\/index.php\/2022\/04\/11\/vogelova-zadnja-utakmica-na-klupi-lakersa\/#breadcrumb","itemListElement":[{"@type":"ListItem","position":1,"name":"Po\u010detna stranica","item":"https:\/\/radioljubuski.ba\/"},{"@type":"ListItem","position":2,"name":"Vogelova zadnja utakmica na klupi Lakersa"}]},{"@type":"WebSite","@id":"https:\/\/radioljubuski.ba\/#website","url":"https:\/\/radioljubuski.ba\/","name":"Radio Ljubu\u0161ki","description":"Sun\u010dana frekvencija Hercegovine","publisher":{"@id":"https:\/\/radioljubuski.ba\/#organization"},"potentialAction":[{"@type":"SearchAction","target":{"@type":"EntryPoint","urlTemplate":"https:\/\/radioljubuski.ba\/?s={search_term_string}"},"query-input":{"@type":"PropertyValueSpecification","valueRequired":true,"valueName":"search_term_string"}}],"inLanguage":"hr"},{"@type":"Organization","@id":"https:\/\/radioljubuski.ba\/#organization","name":"Radio Ljubu\u0161ki","url":"https:\/\/radioljubuski.ba\/","logo":{"@type":"ImageObject","inLanguage":"hr","@id":"https:\/\/radioljubuski.ba\/#\/schema\/logo\/image\/","url":"https:\/\/radioljubuski.ba\/wp-content\/uploads\/2021\/02\/cropped-Radio_Ljubuski_logo1.jpg","contentUrl":"https:\/\/radioljubuski.ba\/wp-content\/uploads\/2021\/02\/cropped-Radio_Ljubuski_logo1.jpg","width":512,"height":512,"caption":"Radio Ljubu\u0161ki"},"image":{"@id":"https:\/\/radioljubuski.ba\/#\/schema\/logo\/image\/"},"sameAs":["https:\/\/www.facebook.com\/Radiio-Ljubuski-1490835324566332","https:\/\/x.com\/radioljubuski","https:\/\/hr.linkedin.com\/company\/radio-ljubuski","https:\/\/www.youtube.com\/channel\/UCHYaeO_n0Db3tjNGudGpXyw"]},{"@type":"Person","@id":"https:\/\/radioljubuski.ba\/#\/schema\/person\/19fc700381a780f69665d7956c469e3b","name":"Radio Ljubu\u0161ki"}]}},"_links":{"self":[{"href":"https:\/\/radioljubuski.ba\/index.php\/wp-json\/wp\/v2\/posts\/131528","targetHints":{"allow":["GET"]}}],"collection":[{"href":"https:\/\/radioljubuski.ba\/index.php\/wp-json\/wp\/v2\/posts"}],"about":[{"href":"https:\/\/radioljubuski.ba\/index.php\/wp-json\/wp\/v2\/types\/post"}],"author":[{"embeddable":true,"href":"https:\/\/radioljubuski.ba\/index.php\/wp-json\/wp\/v2\/users\/2"}],"replies":[{"embeddable":true,"href":"https:\/\/radioljubuski.ba\/index.php\/wp-json\/wp\/v2\/comments?post=131528"}],"version-history":[{"count":1,"href":"https:\/\/radioljubuski.ba\/index.php\/wp-json\/wp\/v2\/posts\/131528\/revisions"}],"predecessor-version":[{"id":131530,"href":"https:\/\/radioljubuski.ba\/index.php\/wp-json\/wp\/v2\/posts\/131528\/revisions\/131530"}],"wp:featuredmedia":[{"embeddable":true,"href":"https:\/\/radioljubuski.ba\/index.php\/wp-json\/wp\/v2\/media\/131529"}],"wp:attachment":[{"href":"https:\/\/radioljubuski.ba\/index.php\/wp-json\/wp\/v2\/media?parent=131528"}],"wp:term":[{"taxonomy":"category","embeddable":true,"href":"https:\/\/radioljubuski.ba\/index.php\/wp-json\/wp\/v2\/categories?post=131528"},{"taxonomy":"post_tag","embeddable":true,"href":"https:\/\/radioljubuski.ba\/index.php\/wp-json\/wp\/v2\/tags?post=131528"}],"curies":[{"name":"wp","href":"https:\/\/api.w.org\/{rel}","templated":true}]}}