{"id":131534,"date":"2022-04-11T13:43:59","date_gmt":"2022-04-11T12:43:59","guid":{"rendered":"https:\/\/radioljubuski.ba\/?p=131534"},"modified":"2022-04-11T13:44:01","modified_gmt":"2022-04-11T12:44:01","slug":"tottenham-u-zavrsnici-sezone-bez-dohertyja","status":"publish","type":"post","link":"https:\/\/radioljubuski.ba\/index.php\/2022\/04\/11\/tottenham-u-zavrsnici-sezone-bez-dohertyja\/","title":{"rendered":"Tottenham u zavr\u0161nici sezone bez Dohertyja"},"content":{"rendered":"\n<p>Engleski nogometni prvoliga\u0161 Tottenham Hotspur u zavr\u0161nici ove sezone u kojoj se bori za \u010detvrto mjesto u Premier ligi koje vodi u Ligu prvaka sljede\u0107e sezone bit \u0107e bez pouzdanog desnog brani\u010da Matta Dohertyja (30).<\/p>\n\n\n\n<blockquote class=\"twitter-tweet\"><p lang=\"en\" dir=\"ltr\">BREAKING: Tottenham&#39;s Matt Doherty is out for up to 12 weeks. <a href=\"https:\/\/t.co\/hmA0Gpe3Jb\">pic.twitter.com\/hmA0Gpe3Jb<\/a><\/p>&mdash; Sky Sports News (@SkySportsNews) <a href=\"https:\/\/twitter.com\/SkySportsNews\/status\/1513436813196726273?ref_src=twsrc%5Etfw\">April 11, 2022<\/a><\/blockquote> <script async src=\"https:\/\/platform.twitter.com\/widgets.js\" charset=\"utf-8\"><\/script> \n\n\n\n<p>On je ozlijedio koljeno u subotnjem ogledu s Aston Villom. Irski reprezentativac izbivat \u0107e s travnjaka oko tri mjeseca.<\/p>\n\n\n\n<p>Tottenham je trenuta\u010dno \u010detvrti na ljestvici sa 57 bodova, tri vi\u0161e uz utakmicu vi\u0161e od petog Arsenala.<\/p>\n\n\n\n<blockquote class=\"twitter-tweet\"><p lang=\"en\" dir=\"ltr\">The referee gave nothing for this and now Doherty is out for 12 weeks <a href=\"https:\/\/t.co\/unGJGDdkPS\">pic.twitter.com\/unGJGDdkPS<\/a><\/p>&mdash; LP (@thfclp__) <a href=\"https:\/\/twitter.com\/thfclp__\/status\/1513257004818653188?ref_src=twsrc%5Etfw\">April 10, 2022<\/a><\/blockquote> <script async src=\"https:\/\/platform.twitter.com\/widgets.js\" charset=\"utf-8\"><\/script> \n\n\n\n<p><strong>Ljestvica:<\/strong><\/p>\n\n\n\n<p>1. Manchester City 31 23 5 3 72-20 74<\/p>\n\n\n\n<p>2. Liverpool 31 22 7 2 79-22 73<\/p>\n\n\n\n<p>3. Chelsea 30 18 8 4 64-23 62<\/p>\n\n\n\n<p>4. Tottenham 31 18 3 10 56-37 57<\/p>\n\n\n\n<p>5. Arsenal 30 17 3 10 45-36 54<\/p>\n\n\n\n<p>6. West Ham 32 15 6 11 51-42 51<\/p>\n\n\n\n<p>7. Manchester United 31 14 9 8 49-42 51<\/p>\n\n\n\n<p>8. Wolverhampton 32 15 4 13 33-28 49<\/p>\n\n\n\n<p>9. Leicester 29 11 7 11 45-48 40<\/p>\n\n\n\n<p>10. Crystal Palace 31 8 13 10 43-40 37<\/p>\n\n\n\n<p>11. Brighton 31 8 13 10 28-37 37<\/p>\n\n\n\n<p>12. Aston Villa 31 11 3 17 42-46 36<\/p>\n\n\n\n<p>13. Brentford 32 10 6 16 39-48 36<\/p>\n\n\n\n<p>14. Southampton 31 8 12 11 37-52 36<\/p>\n\n\n\n<p>15. Newcastle 31 8 10 13 34-54 34<\/p>\n\n\n\n<p>16. Leeds 32 8 9 15 38-68 33<\/p>\n\n\n\n<p>17. Everton 30 8 4 18 33-52 28<\/p>\n\n\n\n<p>18. Burnley 30 4 12 14 25-44 24<\/p>\n\n\n\n<p>19. Watford 31 6 4 21 29-60 22<\/p>\n\n\n\n<p>20. Norwich 31 5 6 20 20-63 21<\/p>\n\n\n\n<p>Izvor:hrt.hr<\/p>\n","protected":false},"excerpt":{"rendered":"<p>Engleski nogometni prvoliga\u0161 Tottenham Hotspur u zavr\u0161nici ove sezone u kojoj se bori za \u010detvrto mjesto u Premier ligi koje vodi u Ligu prvaka sljede\u0107e sezone bit \u0107e bez pouzdanog desnog brani\u010da Matta Dohertyja (30). BREAKING: Tottenham&#39;s Matt Doherty is out for up to 12 weeks. pic.twitter.com\/hmA0Gpe3Jb &mdash; Sky Sports News (@SkySportsNews) April 11, 2022 [&hellip;]<\/p>\n","protected":false},"author":2,"featured_media":131535,"comment_status":"closed","ping_status":"closed","sticky":false,"template":"","format":"standard","meta":{"h5ap_radio_sources":[],"footnotes":""},"categories":[7],"tags":[],"class_list":["post-131534","post","type-post","status-publish","format-standard","has-post-thumbnail","hentry","category-sport"],"yoast_head":"<!-- This site is optimized with the Yoast SEO plugin v27.5 - https:\/\/yoast.com\/product\/yoast-seo-wordpress\/ -->\n<title>Tottenham u zavr\u0161nici sezone bez Dohertyja - RADIO LJUBU\u0160KI<\/title>\n<meta name=\"robots\" content=\"index, follow, max-snippet:-1, max-image-preview:large, max-video-preview:-1\" \/>\n<link rel=\"canonical\" href=\"https:\/\/radioljubuski.ba\/index.php\/2022\/04\/11\/tottenham-u-zavrsnici-sezone-bez-dohertyja\/\" \/>\n<meta property=\"og:locale\" content=\"hr_HR\" \/>\n<meta property=\"og:type\" content=\"article\" \/>\n<meta property=\"og:title\" content=\"Tottenham u zavr\u0161nici sezone bez Dohertyja - RADIO LJUBU\u0160KI\" \/>\n<meta property=\"og:description\" content=\"Engleski nogometni prvoliga\u0161 Tottenham Hotspur u zavr\u0161nici ove sezone u kojoj se bori za \u010detvrto mjesto u Premier ligi koje vodi u Ligu prvaka sljede\u0107e sezone bit \u0107e bez pouzdanog desnog brani\u010da Matta Dohertyja (30). BREAKING: Tottenham&#039;s Matt Doherty is out for up to 12 weeks. pic.twitter.com\/hmA0Gpe3Jb &mdash; Sky Sports News (@SkySportsNews) April 11, 2022 [&hellip;]\" \/>\n<meta property=\"og:url\" content=\"https:\/\/radioljubuski.ba\/index.php\/2022\/04\/11\/tottenham-u-zavrsnici-sezone-bez-dohertyja\/\" \/>\n<meta property=\"og:site_name\" content=\"RADIO LJUBU\u0160KI\" \/>\n<meta property=\"article:publisher\" content=\"https:\/\/www.facebook.com\/Radiio-Ljubuski-1490835324566332\" \/>\n<meta property=\"article:published_time\" content=\"2022-04-11T12:43:59+00:00\" \/>\n<meta property=\"article:modified_time\" content=\"2022-04-11T12:44:01+00:00\" \/>\n<meta property=\"og:image\" content=\"https:\/\/radioljubuski.ba\/wp-content\/uploads\/2022\/04\/FQDbEYjXMAA4hWh.jpg\" \/>\n\t<meta property=\"og:image:width\" content=\"1080\" \/>\n\t<meta property=\"og:image:height\" content=\"1080\" \/>\n\t<meta property=\"og:image:type\" content=\"image\/jpeg\" \/>\n<meta name=\"author\" content=\"Radio Ljubu\u0161ki\" \/>\n<meta name=\"twitter:card\" content=\"summary_large_image\" \/>\n<meta name=\"twitter:creator\" content=\"@radioljubuski\" \/>\n<meta name=\"twitter:site\" content=\"@radioljubuski\" \/>\n<meta name=\"twitter:label1\" content=\"Napisao\/la\" \/>\n\t<meta name=\"twitter:data1\" content=\"Radio Ljubu\u0161ki\" \/>\n\t<meta name=\"twitter:label2\" content=\"Procijenjeno vrijeme \u010ditanja\" \/>\n\t<meta name=\"twitter:data2\" content=\"2 minute\" \/>\n<script type=\"application\/ld+json\" class=\"yoast-schema-graph\">{\"@context\":\"https:\\\/\\\/schema.org\",\"@graph\":[{\"@type\":\"Article\",\"@id\":\"https:\\\/\\\/radioljubuski.ba\\\/index.php\\\/2022\\\/04\\\/11\\\/tottenham-u-zavrsnici-sezone-bez-dohertyja\\\/#article\",\"isPartOf\":{\"@id\":\"https:\\\/\\\/radioljubuski.ba\\\/index.php\\\/2022\\\/04\\\/11\\\/tottenham-u-zavrsnici-sezone-bez-dohertyja\\\/\"},\"author\":{\"name\":\"Radio Ljubu\u0161ki\",\"@id\":\"https:\\\/\\\/radioljubuski.ba\\\/#\\\/schema\\\/person\\\/19fc700381a780f69665d7956c469e3b\"},\"headline\":\"Tottenham u zavr\u0161nici sezone bez Dohertyja\",\"datePublished\":\"2022-04-11T12:43:59+00:00\",\"dateModified\":\"2022-04-11T12:44:01+00:00\",\"mainEntityOfPage\":{\"@id\":\"https:\\\/\\\/radioljubuski.ba\\\/index.php\\\/2022\\\/04\\\/11\\\/tottenham-u-zavrsnici-sezone-bez-dohertyja\\\/\"},\"wordCount\":175,\"publisher\":{\"@id\":\"https:\\\/\\\/radioljubuski.ba\\\/#organization\"},\"image\":{\"@id\":\"https:\\\/\\\/radioljubuski.ba\\\/index.php\\\/2022\\\/04\\\/11\\\/tottenham-u-zavrsnici-sezone-bez-dohertyja\\\/#primaryimage\"},\"thumbnailUrl\":\"https:\\\/\\\/radioljubuski.ba\\\/wp-content\\\/uploads\\\/2022\\\/04\\\/FQDbEYjXMAA4hWh.jpg\",\"articleSection\":[\"\u0160port\"],\"inLanguage\":\"hr\"},{\"@type\":\"WebPage\",\"@id\":\"https:\\\/\\\/radioljubuski.ba\\\/index.php\\\/2022\\\/04\\\/11\\\/tottenham-u-zavrsnici-sezone-bez-dohertyja\\\/\",\"url\":\"https:\\\/\\\/radioljubuski.ba\\\/index.php\\\/2022\\\/04\\\/11\\\/tottenham-u-zavrsnici-sezone-bez-dohertyja\\\/\",\"name\":\"Tottenham u zavr\u0161nici sezone bez Dohertyja - RADIO LJUBU\u0160KI\",\"isPartOf\":{\"@id\":\"https:\\\/\\\/radioljubuski.ba\\\/#website\"},\"primaryImageOfPage\":{\"@id\":\"https:\\\/\\\/radioljubuski.ba\\\/index.php\\\/2022\\\/04\\\/11\\\/tottenham-u-zavrsnici-sezone-bez-dohertyja\\\/#primaryimage\"},\"image\":{\"@id\":\"https:\\\/\\\/radioljubuski.ba\\\/index.php\\\/2022\\\/04\\\/11\\\/tottenham-u-zavrsnici-sezone-bez-dohertyja\\\/#primaryimage\"},\"thumbnailUrl\":\"https:\\\/\\\/radioljubuski.ba\\\/wp-content\\\/uploads\\\/2022\\\/04\\\/FQDbEYjXMAA4hWh.jpg\",\"datePublished\":\"2022-04-11T12:43:59+00:00\",\"dateModified\":\"2022-04-11T12:44:01+00:00\",\"breadcrumb\":{\"@id\":\"https:\\\/\\\/radioljubuski.ba\\\/index.php\\\/2022\\\/04\\\/11\\\/tottenham-u-zavrsnici-sezone-bez-dohertyja\\\/#breadcrumb\"},\"inLanguage\":\"hr\",\"potentialAction\":[{\"@type\":\"ReadAction\",\"target\":[\"https:\\\/\\\/radioljubuski.ba\\\/index.php\\\/2022\\\/04\\\/11\\\/tottenham-u-zavrsnici-sezone-bez-dohertyja\\\/\"]}]},{\"@type\":\"ImageObject\",\"inLanguage\":\"hr\",\"@id\":\"https:\\\/\\\/radioljubuski.ba\\\/index.php\\\/2022\\\/04\\\/11\\\/tottenham-u-zavrsnici-sezone-bez-dohertyja\\\/#primaryimage\",\"url\":\"https:\\\/\\\/radioljubuski.ba\\\/wp-content\\\/uploads\\\/2022\\\/04\\\/FQDbEYjXMAA4hWh.jpg\",\"contentUrl\":\"https:\\\/\\\/radioljubuski.ba\\\/wp-content\\\/uploads\\\/2022\\\/04\\\/FQDbEYjXMAA4hWh.jpg\",\"width\":1080,\"height\":1080},{\"@type\":\"BreadcrumbList\",\"@id\":\"https:\\\/\\\/radioljubuski.ba\\\/index.php\\\/2022\\\/04\\\/11\\\/tottenham-u-zavrsnici-sezone-bez-dohertyja\\\/#breadcrumb\",\"itemListElement\":[{\"@type\":\"ListItem\",\"position\":1,\"name\":\"Po\u010detna stranica\",\"item\":\"https:\\\/\\\/radioljubuski.ba\\\/\"},{\"@type\":\"ListItem\",\"position\":2,\"name\":\"Tottenham u zavr\u0161nici sezone bez Dohertyja\"}]},{\"@type\":\"WebSite\",\"@id\":\"https:\\\/\\\/radioljubuski.ba\\\/#website\",\"url\":\"https:\\\/\\\/radioljubuski.ba\\\/\",\"name\":\"Radio Ljubu\u0161ki\",\"description\":\"Sun\u010dana frekvencija Hercegovine\",\"publisher\":{\"@id\":\"https:\\\/\\\/radioljubuski.ba\\\/#organization\"},\"potentialAction\":[{\"@type\":\"SearchAction\",\"target\":{\"@type\":\"EntryPoint\",\"urlTemplate\":\"https:\\\/\\\/radioljubuski.ba\\\/?s={search_term_string}\"},\"query-input\":{\"@type\":\"PropertyValueSpecification\",\"valueRequired\":true,\"valueName\":\"search_term_string\"}}],\"inLanguage\":\"hr\"},{\"@type\":\"Organization\",\"@id\":\"https:\\\/\\\/radioljubuski.ba\\\/#organization\",\"name\":\"Radio Ljubu\u0161ki\",\"url\":\"https:\\\/\\\/radioljubuski.ba\\\/\",\"logo\":{\"@type\":\"ImageObject\",\"inLanguage\":\"hr\",\"@id\":\"https:\\\/\\\/radioljubuski.ba\\\/#\\\/schema\\\/logo\\\/image\\\/\",\"url\":\"https:\\\/\\\/radioljubuski.ba\\\/wp-content\\\/uploads\\\/2021\\\/02\\\/cropped-Radio_Ljubuski_logo1.jpg\",\"contentUrl\":\"https:\\\/\\\/radioljubuski.ba\\\/wp-content\\\/uploads\\\/2021\\\/02\\\/cropped-Radio_Ljubuski_logo1.jpg\",\"width\":512,\"height\":512,\"caption\":\"Radio Ljubu\u0161ki\"},\"image\":{\"@id\":\"https:\\\/\\\/radioljubuski.ba\\\/#\\\/schema\\\/logo\\\/image\\\/\"},\"sameAs\":[\"https:\\\/\\\/www.facebook.com\\\/Radiio-Ljubuski-1490835324566332\",\"https:\\\/\\\/x.com\\\/radioljubuski\",\"https:\\\/\\\/hr.linkedin.com\\\/company\\\/radio-ljubuski\",\"https:\\\/\\\/www.youtube.com\\\/channel\\\/UCHYaeO_n0Db3tjNGudGpXyw\"]},{\"@type\":\"Person\",\"@id\":\"https:\\\/\\\/radioljubuski.ba\\\/#\\\/schema\\\/person\\\/19fc700381a780f69665d7956c469e3b\",\"name\":\"Radio Ljubu\u0161ki\"}]}<\/script>\n<!-- \/ Yoast SEO plugin. -->","yoast_head_json":{"title":"Tottenham u zavr\u0161nici sezone bez Dohertyja - RADIO LJUBU\u0160KI","robots":{"index":"index","follow":"follow","max-snippet":"max-snippet:-1","max-image-preview":"max-image-preview:large","max-video-preview":"max-video-preview:-1"},"canonical":"https:\/\/radioljubuski.ba\/index.php\/2022\/04\/11\/tottenham-u-zavrsnici-sezone-bez-dohertyja\/","og_locale":"hr_HR","og_type":"article","og_title":"Tottenham u zavr\u0161nici sezone bez Dohertyja - RADIO LJUBU\u0160KI","og_description":"Engleski nogometni prvoliga\u0161 Tottenham Hotspur u zavr\u0161nici ove sezone u kojoj se bori za \u010detvrto mjesto u Premier ligi koje vodi u Ligu prvaka sljede\u0107e sezone bit \u0107e bez pouzdanog desnog brani\u010da Matta Dohertyja (30). BREAKING: Tottenham&#39;s Matt Doherty is out for up to 12 weeks. pic.twitter.com\/hmA0Gpe3Jb &mdash; Sky Sports News (@SkySportsNews) April 11, 2022 [&hellip;]","og_url":"https:\/\/radioljubuski.ba\/index.php\/2022\/04\/11\/tottenham-u-zavrsnici-sezone-bez-dohertyja\/","og_site_name":"RADIO LJUBU\u0160KI","article_publisher":"https:\/\/www.facebook.com\/Radiio-Ljubuski-1490835324566332","article_published_time":"2022-04-11T12:43:59+00:00","article_modified_time":"2022-04-11T12:44:01+00:00","og_image":[{"width":1080,"height":1080,"url":"https:\/\/radioljubuski.ba\/wp-content\/uploads\/2022\/04\/FQDbEYjXMAA4hWh.jpg","type":"image\/jpeg"}],"author":"Radio Ljubu\u0161ki","twitter_card":"summary_large_image","twitter_creator":"@radioljubuski","twitter_site":"@radioljubuski","twitter_misc":{"Napisao\/la":"Radio Ljubu\u0161ki","Procijenjeno vrijeme \u010ditanja":"2 minute"},"schema":{"@context":"https:\/\/schema.org","@graph":[{"@type":"Article","@id":"https:\/\/radioljubuski.ba\/index.php\/2022\/04\/11\/tottenham-u-zavrsnici-sezone-bez-dohertyja\/#article","isPartOf":{"@id":"https:\/\/radioljubuski.ba\/index.php\/2022\/04\/11\/tottenham-u-zavrsnici-sezone-bez-dohertyja\/"},"author":{"name":"Radio Ljubu\u0161ki","@id":"https:\/\/radioljubuski.ba\/#\/schema\/person\/19fc700381a780f69665d7956c469e3b"},"headline":"Tottenham u zavr\u0161nici sezone bez Dohertyja","datePublished":"2022-04-11T12:43:59+00:00","dateModified":"2022-04-11T12:44:01+00:00","mainEntityOfPage":{"@id":"https:\/\/radioljubuski.ba\/index.php\/2022\/04\/11\/tottenham-u-zavrsnici-sezone-bez-dohertyja\/"},"wordCount":175,"publisher":{"@id":"https:\/\/radioljubuski.ba\/#organization"},"image":{"@id":"https:\/\/radioljubuski.ba\/index.php\/2022\/04\/11\/tottenham-u-zavrsnici-sezone-bez-dohertyja\/#primaryimage"},"thumbnailUrl":"https:\/\/radioljubuski.ba\/wp-content\/uploads\/2022\/04\/FQDbEYjXMAA4hWh.jpg","articleSection":["\u0160port"],"inLanguage":"hr"},{"@type":"WebPage","@id":"https:\/\/radioljubuski.ba\/index.php\/2022\/04\/11\/tottenham-u-zavrsnici-sezone-bez-dohertyja\/","url":"https:\/\/radioljubuski.ba\/index.php\/2022\/04\/11\/tottenham-u-zavrsnici-sezone-bez-dohertyja\/","name":"Tottenham u zavr\u0161nici sezone bez Dohertyja - RADIO LJUBU\u0160KI","isPartOf":{"@id":"https:\/\/radioljubuski.ba\/#website"},"primaryImageOfPage":{"@id":"https:\/\/radioljubuski.ba\/index.php\/2022\/04\/11\/tottenham-u-zavrsnici-sezone-bez-dohertyja\/#primaryimage"},"image":{"@id":"https:\/\/radioljubuski.ba\/index.php\/2022\/04\/11\/tottenham-u-zavrsnici-sezone-bez-dohertyja\/#primaryimage"},"thumbnailUrl":"https:\/\/radioljubuski.ba\/wp-content\/uploads\/2022\/04\/FQDbEYjXMAA4hWh.jpg","datePublished":"2022-04-11T12:43:59+00:00","dateModified":"2022-04-11T12:44:01+00:00","breadcrumb":{"@id":"https:\/\/radioljubuski.ba\/index.php\/2022\/04\/11\/tottenham-u-zavrsnici-sezone-bez-dohertyja\/#breadcrumb"},"inLanguage":"hr","potentialAction":[{"@type":"ReadAction","target":["https:\/\/radioljubuski.ba\/index.php\/2022\/04\/11\/tottenham-u-zavrsnici-sezone-bez-dohertyja\/"]}]},{"@type":"ImageObject","inLanguage":"hr","@id":"https:\/\/radioljubuski.ba\/index.php\/2022\/04\/11\/tottenham-u-zavrsnici-sezone-bez-dohertyja\/#primaryimage","url":"https:\/\/radioljubuski.ba\/wp-content\/uploads\/2022\/04\/FQDbEYjXMAA4hWh.jpg","contentUrl":"https:\/\/radioljubuski.ba\/wp-content\/uploads\/2022\/04\/FQDbEYjXMAA4hWh.jpg","width":1080,"height":1080},{"@type":"BreadcrumbList","@id":"https:\/\/radioljubuski.ba\/index.php\/2022\/04\/11\/tottenham-u-zavrsnici-sezone-bez-dohertyja\/#breadcrumb","itemListElement":[{"@type":"ListItem","position":1,"name":"Po\u010detna stranica","item":"https:\/\/radioljubuski.ba\/"},{"@type":"ListItem","position":2,"name":"Tottenham u zavr\u0161nici sezone bez Dohertyja"}]},{"@type":"WebSite","@id":"https:\/\/radioljubuski.ba\/#website","url":"https:\/\/radioljubuski.ba\/","name":"Radio Ljubu\u0161ki","description":"Sun\u010dana frekvencija Hercegovine","publisher":{"@id":"https:\/\/radioljubuski.ba\/#organization"},"potentialAction":[{"@type":"SearchAction","target":{"@type":"EntryPoint","urlTemplate":"https:\/\/radioljubuski.ba\/?s={search_term_string}"},"query-input":{"@type":"PropertyValueSpecification","valueRequired":true,"valueName":"search_term_string"}}],"inLanguage":"hr"},{"@type":"Organization","@id":"https:\/\/radioljubuski.ba\/#organization","name":"Radio Ljubu\u0161ki","url":"https:\/\/radioljubuski.ba\/","logo":{"@type":"ImageObject","inLanguage":"hr","@id":"https:\/\/radioljubuski.ba\/#\/schema\/logo\/image\/","url":"https:\/\/radioljubuski.ba\/wp-content\/uploads\/2021\/02\/cropped-Radio_Ljubuski_logo1.jpg","contentUrl":"https:\/\/radioljubuski.ba\/wp-content\/uploads\/2021\/02\/cropped-Radio_Ljubuski_logo1.jpg","width":512,"height":512,"caption":"Radio Ljubu\u0161ki"},"image":{"@id":"https:\/\/radioljubuski.ba\/#\/schema\/logo\/image\/"},"sameAs":["https:\/\/www.facebook.com\/Radiio-Ljubuski-1490835324566332","https:\/\/x.com\/radioljubuski","https:\/\/hr.linkedin.com\/company\/radio-ljubuski","https:\/\/www.youtube.com\/channel\/UCHYaeO_n0Db3tjNGudGpXyw"]},{"@type":"Person","@id":"https:\/\/radioljubuski.ba\/#\/schema\/person\/19fc700381a780f69665d7956c469e3b","name":"Radio Ljubu\u0161ki"}]}},"_links":{"self":[{"href":"https:\/\/radioljubuski.ba\/index.php\/wp-json\/wp\/v2\/posts\/131534","targetHints":{"allow":["GET"]}}],"collection":[{"href":"https:\/\/radioljubuski.ba\/index.php\/wp-json\/wp\/v2\/posts"}],"about":[{"href":"https:\/\/radioljubuski.ba\/index.php\/wp-json\/wp\/v2\/types\/post"}],"author":[{"embeddable":true,"href":"https:\/\/radioljubuski.ba\/index.php\/wp-json\/wp\/v2\/users\/2"}],"replies":[{"embeddable":true,"href":"https:\/\/radioljubuski.ba\/index.php\/wp-json\/wp\/v2\/comments?post=131534"}],"version-history":[{"count":1,"href":"https:\/\/radioljubuski.ba\/index.php\/wp-json\/wp\/v2\/posts\/131534\/revisions"}],"predecessor-version":[{"id":131536,"href":"https:\/\/radioljubuski.ba\/index.php\/wp-json\/wp\/v2\/posts\/131534\/revisions\/131536"}],"wp:featuredmedia":[{"embeddable":true,"href":"https:\/\/radioljubuski.ba\/index.php\/wp-json\/wp\/v2\/media\/131535"}],"wp:attachment":[{"href":"https:\/\/radioljubuski.ba\/index.php\/wp-json\/wp\/v2\/media?parent=131534"}],"wp:term":[{"taxonomy":"category","embeddable":true,"href":"https:\/\/radioljubuski.ba\/index.php\/wp-json\/wp\/v2\/categories?post=131534"},{"taxonomy":"post_tag","embeddable":true,"href":"https:\/\/radioljubuski.ba\/index.php\/wp-json\/wp\/v2\/tags?post=131534"}],"curies":[{"name":"wp","href":"https:\/\/api.w.org\/{rel}","templated":true}]}}