{"id":131558,"date":"2022-04-11T14:01:28","date_gmt":"2022-04-11T13:01:28","guid":{"rendered":"https:\/\/radioljubuski.ba\/?p=131558"},"modified":"2022-04-11T14:01:29","modified_gmt":"2022-04-11T13:01:29","slug":"u-mostar-ce-slijetati-zarkoplovi-iz-njemacke-poljske-madarske-italije-jordana","status":"publish","type":"post","link":"https:\/\/radioljubuski.ba\/index.php\/2022\/04\/11\/u-mostar-ce-slijetati-zarkoplovi-iz-njemacke-poljske-madarske-italije-jordana\/","title":{"rendered":"U Mostar \u0107e slijetati zarkoplovi iz Njema\u010dke, Poljske, Ma\u0111arske, Italije, Jordana.."},"content":{"rendered":"\n<p><strong>Mostarska zra\u010dna luka bi s dolaskom nove turisti\u010dke sezone kona\u010dno trebala o\u017eivjeti. Dogovoreni su redoviti sezonski letovi za D\u00fcsseldorf, a na mostarsko tlo \u0107e uskoro slijetati i \u010darter zrakoplovi iz Poljske, Ma\u0111arske, Italije i Jordana. S obzirom na to da mostarska zra\u010dna luka \u017eivi samo od \u010darter letova, pregovara se i s nekim niskotarifnim kompanijama.<\/strong><\/p>\n\n\n\n<p>Zra\u010dna luka Mostar pro\u0161lu godinu bilje\u017ei kao poslovni debakl, sa svega 1944 putnika. Ove godine, me\u0111utim, vlasti Mostara i Uprava zra\u010dne luke najavljuju novi zamah i o\u017eivljavanje zra\u010dnog prometa. Samo prema dogovorenim letovima, o\u010dekuje se dolazak oko 20 tisu\u0107a putnika. No, cilj je u budu\u0107nosti vratiti nekada\u0161njih blizu 80 tisu\u0107a, javlja BHRT.<\/p>\n\n\n\n<p>\u201cUla\u017eu se veliki napori, ve\u0107inom se potpisuju neki ugovori, uglavnom su to \u010darter letovi jo\u0161 uvijek, niskotarifne kompanije koje \u0107e letjeti iz grada Mostara i ja o\u010dekujem da \u0107e to biti sigurno po\u010detkom 6. mjeseca ve\u0107, tih nekoliko aviokompanija da \u0107e letjeti\u201d, ka\u017ee presjednik Gradskog vije\u0107a Mostara Salem Mari\u0107.<\/p>\n\n\n\n<p>\u201cDirektor Zra\u010dne luke Ivan Ljubi\u0107 je bio u Poljskoj vezano za let Mostar \u2013 Katovica i obratno. Gradona\u010delnik je tako\u0111er iza\u0161ao s informacijom vezano za let za D\u00fcsseldorf i naravno radi se na tome da Eurowings i Ryanair i ostali \u2013 da se uvedu nove linije, da budu redovite linije a ne \u010darter letovi\u201d, navodi glavna savjetnica Grada Mostara Radmila Komadina.<\/p>\n\n\n\n<p>Najve\u0107i broj putnika Zra\u010dne luke Mostar, po statisti\u010dkim pokazateljima, su hodo\u010dasnici u Me\u0111ugorje.<\/p>\n\n\n\n<p>\u201cMostar, osim Me\u0111ugorja, ima i veliki potencijal \u0161to se ti\u010de dijaspore, i ja sam siguran da bi svaki na\u0161 Hercegovac koji \u017eivi i radi u Njema\u010dkoj ili Skandinaviji, radije do\u0161ao u Mostar u zra\u010dnu luku nego prelazio granice, pogotovo ono \u0161to nas \u010deka dogodine 2023. ulaskom u Schengen, Hercegovina \u0107e biti puno te\u017ea za u\u0107i nego danas\u201d, navodi predsjednik Udru\u017eenja turizma, hotelijerstva i iznajmljiva\u010da soba Me\u0111ugorje Davor Ljubi\u0107.<\/p>\n\n\n\n<p>Uz zna\u010dajne turisti\u010dke potencijale Hercegovine, te blizinu Me\u0111ugorja, koje posje\u0107uju milijuni turista, mostarska Zra\u010dna luka ima sve predispozicije da idealno funkcionira. Me\u0111utim, bez ulaganja to je te\u0161ko ostvarivo, ka\u017ee Ljubi\u0107, a ovako je veliki potencijal prati\u010dno prepu\u0161ten drugima.<\/p>\n\n\n\n<p>Naime, ovda\u0161nje atraktivne destinacije godinama su turisti\u010dka ponuda susjedne Hrvatske, a turisti u BiH, umjesto preko mostarske, dolaze preko splitke i dubrova\u010dke zra\u010dne luke.<\/p>\n\n\n\n<p>Zra\u010dna luka Mostar mo\u017ee biti pokreta\u010d razvoja kompletnog turizma, ali i gospodarstva ne samo u Hercegovini, nego i \u0161ire, ka\u017ee Ljubi\u0107, ukoliko to prepoznaju i vi\u0161e razine vlasti.<\/p>\n\n\n\n<p>\/HMS\/<\/p>\n","protected":false},"excerpt":{"rendered":"<p>Mostarska zra\u010dna luka bi s dolaskom nove turisti\u010dke sezone kona\u010dno trebala o\u017eivjeti. Dogovoreni su redoviti sezonski letovi za D\u00fcsseldorf, a na mostarsko tlo \u0107e uskoro slijetati i \u010darter zrakoplovi iz Poljske, Ma\u0111arske, Italije i Jordana. S obzirom na to da mostarska zra\u010dna luka \u017eivi samo od \u010darter letova, pregovara se i s nekim niskotarifnim kompanijama. [&hellip;]<\/p>\n","protected":false},"author":2,"featured_media":131559,"comment_status":"closed","ping_status":"closed","sticky":false,"template":"","format":"standard","meta":{"h5ap_radio_sources":[],"footnotes":""},"categories":[1],"tags":[],"class_list":["post-131558","post","type-post","status-publish","format-standard","has-post-thumbnail","hentry","category-bihiregija"],"yoast_head":"<!-- This site is optimized with the Yoast SEO plugin v27.5 - https:\/\/yoast.com\/product\/yoast-seo-wordpress\/ -->\n<title>U Mostar \u0107e slijetati zarkoplovi iz Njema\u010dke, Poljske, Ma\u0111arske, Italije, Jordana.. - RADIO LJUBU\u0160KI<\/title>\n<meta name=\"robots\" content=\"index, follow, max-snippet:-1, max-image-preview:large, max-video-preview:-1\" \/>\n<link rel=\"canonical\" href=\"https:\/\/radioljubuski.ba\/index.php\/2022\/04\/11\/u-mostar-ce-slijetati-zarkoplovi-iz-njemacke-poljske-madarske-italije-jordana\/\" \/>\n<meta property=\"og:locale\" content=\"hr_HR\" \/>\n<meta property=\"og:type\" content=\"article\" \/>\n<meta property=\"og:title\" content=\"U Mostar \u0107e slijetati zarkoplovi iz Njema\u010dke, Poljske, Ma\u0111arske, Italije, Jordana.. - RADIO LJUBU\u0160KI\" \/>\n<meta property=\"og:description\" content=\"Mostarska zra\u010dna luka bi s dolaskom nove turisti\u010dke sezone kona\u010dno trebala o\u017eivjeti. Dogovoreni su redoviti sezonski letovi za D\u00fcsseldorf, a na mostarsko tlo \u0107e uskoro slijetati i \u010darter zrakoplovi iz Poljske, Ma\u0111arske, Italije i Jordana. S obzirom na to da mostarska zra\u010dna luka \u017eivi samo od \u010darter letova, pregovara se i s nekim niskotarifnim kompanijama. [&hellip;]\" \/>\n<meta property=\"og:url\" content=\"https:\/\/radioljubuski.ba\/index.php\/2022\/04\/11\/u-mostar-ce-slijetati-zarkoplovi-iz-njemacke-poljske-madarske-italije-jordana\/\" \/>\n<meta property=\"og:site_name\" content=\"RADIO LJUBU\u0160KI\" \/>\n<meta property=\"article:publisher\" content=\"https:\/\/www.facebook.com\/Radiio-Ljubuski-1490835324566332\" \/>\n<meta property=\"article:published_time\" content=\"2022-04-11T13:01:28+00:00\" \/>\n<meta property=\"article:modified_time\" content=\"2022-04-11T13:01:29+00:00\" \/>\n<meta property=\"og:image\" content=\"https:\/\/radioljubuski.ba\/wp-content\/uploads\/2022\/04\/zracna-luka-mostar123.jpeg\" \/>\n\t<meta property=\"og:image:width\" content=\"1570\" \/>\n\t<meta property=\"og:image:height\" content=\"1080\" \/>\n\t<meta property=\"og:image:type\" content=\"image\/jpeg\" \/>\n<meta name=\"author\" content=\"Radio Ljubu\u0161ki\" \/>\n<meta name=\"twitter:card\" content=\"summary_large_image\" \/>\n<meta name=\"twitter:creator\" content=\"@radioljubuski\" \/>\n<meta name=\"twitter:site\" content=\"@radioljubuski\" \/>\n<meta name=\"twitter:label1\" content=\"Napisao\/la\" \/>\n\t<meta name=\"twitter:data1\" content=\"Radio Ljubu\u0161ki\" \/>\n\t<meta name=\"twitter:label2\" content=\"Procijenjeno vrijeme \u010ditanja\" \/>\n\t<meta name=\"twitter:data2\" content=\"2 minute\" \/>\n<script type=\"application\/ld+json\" class=\"yoast-schema-graph\">{\"@context\":\"https:\\\/\\\/schema.org\",\"@graph\":[{\"@type\":\"Article\",\"@id\":\"https:\\\/\\\/radioljubuski.ba\\\/index.php\\\/2022\\\/04\\\/11\\\/u-mostar-ce-slijetati-zarkoplovi-iz-njemacke-poljske-madarske-italije-jordana\\\/#article\",\"isPartOf\":{\"@id\":\"https:\\\/\\\/radioljubuski.ba\\\/index.php\\\/2022\\\/04\\\/11\\\/u-mostar-ce-slijetati-zarkoplovi-iz-njemacke-poljske-madarske-italije-jordana\\\/\"},\"author\":{\"name\":\"Radio Ljubu\u0161ki\",\"@id\":\"https:\\\/\\\/radioljubuski.ba\\\/#\\\/schema\\\/person\\\/19fc700381a780f69665d7956c469e3b\"},\"headline\":\"U Mostar \u0107e slijetati zarkoplovi iz Njema\u010dke, Poljske, Ma\u0111arske, Italije, Jordana..\",\"datePublished\":\"2022-04-11T13:01:28+00:00\",\"dateModified\":\"2022-04-11T13:01:29+00:00\",\"mainEntityOfPage\":{\"@id\":\"https:\\\/\\\/radioljubuski.ba\\\/index.php\\\/2022\\\/04\\\/11\\\/u-mostar-ce-slijetati-zarkoplovi-iz-njemacke-poljske-madarske-italije-jordana\\\/\"},\"wordCount\":458,\"publisher\":{\"@id\":\"https:\\\/\\\/radioljubuski.ba\\\/#organization\"},\"image\":{\"@id\":\"https:\\\/\\\/radioljubuski.ba\\\/index.php\\\/2022\\\/04\\\/11\\\/u-mostar-ce-slijetati-zarkoplovi-iz-njemacke-poljske-madarske-italije-jordana\\\/#primaryimage\"},\"thumbnailUrl\":\"https:\\\/\\\/radioljubuski.ba\\\/wp-content\\\/uploads\\\/2022\\\/04\\\/zracna-luka-mostar123.jpeg\",\"articleSection\":[\"BIH i regija\"],\"inLanguage\":\"hr\"},{\"@type\":\"WebPage\",\"@id\":\"https:\\\/\\\/radioljubuski.ba\\\/index.php\\\/2022\\\/04\\\/11\\\/u-mostar-ce-slijetati-zarkoplovi-iz-njemacke-poljske-madarske-italije-jordana\\\/\",\"url\":\"https:\\\/\\\/radioljubuski.ba\\\/index.php\\\/2022\\\/04\\\/11\\\/u-mostar-ce-slijetati-zarkoplovi-iz-njemacke-poljske-madarske-italije-jordana\\\/\",\"name\":\"U Mostar \u0107e slijetati zarkoplovi iz Njema\u010dke, Poljske, Ma\u0111arske, Italije, Jordana.. - RADIO LJUBU\u0160KI\",\"isPartOf\":{\"@id\":\"https:\\\/\\\/radioljubuski.ba\\\/#website\"},\"primaryImageOfPage\":{\"@id\":\"https:\\\/\\\/radioljubuski.ba\\\/index.php\\\/2022\\\/04\\\/11\\\/u-mostar-ce-slijetati-zarkoplovi-iz-njemacke-poljske-madarske-italije-jordana\\\/#primaryimage\"},\"image\":{\"@id\":\"https:\\\/\\\/radioljubuski.ba\\\/index.php\\\/2022\\\/04\\\/11\\\/u-mostar-ce-slijetati-zarkoplovi-iz-njemacke-poljske-madarske-italije-jordana\\\/#primaryimage\"},\"thumbnailUrl\":\"https:\\\/\\\/radioljubuski.ba\\\/wp-content\\\/uploads\\\/2022\\\/04\\\/zracna-luka-mostar123.jpeg\",\"datePublished\":\"2022-04-11T13:01:28+00:00\",\"dateModified\":\"2022-04-11T13:01:29+00:00\",\"breadcrumb\":{\"@id\":\"https:\\\/\\\/radioljubuski.ba\\\/index.php\\\/2022\\\/04\\\/11\\\/u-mostar-ce-slijetati-zarkoplovi-iz-njemacke-poljske-madarske-italije-jordana\\\/#breadcrumb\"},\"inLanguage\":\"hr\",\"potentialAction\":[{\"@type\":\"ReadAction\",\"target\":[\"https:\\\/\\\/radioljubuski.ba\\\/index.php\\\/2022\\\/04\\\/11\\\/u-mostar-ce-slijetati-zarkoplovi-iz-njemacke-poljske-madarske-italije-jordana\\\/\"]}]},{\"@type\":\"ImageObject\",\"inLanguage\":\"hr\",\"@id\":\"https:\\\/\\\/radioljubuski.ba\\\/index.php\\\/2022\\\/04\\\/11\\\/u-mostar-ce-slijetati-zarkoplovi-iz-njemacke-poljske-madarske-italije-jordana\\\/#primaryimage\",\"url\":\"https:\\\/\\\/radioljubuski.ba\\\/wp-content\\\/uploads\\\/2022\\\/04\\\/zracna-luka-mostar123.jpeg\",\"contentUrl\":\"https:\\\/\\\/radioljubuski.ba\\\/wp-content\\\/uploads\\\/2022\\\/04\\\/zracna-luka-mostar123.jpeg\",\"width\":1570,\"height\":1080},{\"@type\":\"BreadcrumbList\",\"@id\":\"https:\\\/\\\/radioljubuski.ba\\\/index.php\\\/2022\\\/04\\\/11\\\/u-mostar-ce-slijetati-zarkoplovi-iz-njemacke-poljske-madarske-italije-jordana\\\/#breadcrumb\",\"itemListElement\":[{\"@type\":\"ListItem\",\"position\":1,\"name\":\"Po\u010detna stranica\",\"item\":\"https:\\\/\\\/radioljubuski.ba\\\/\"},{\"@type\":\"ListItem\",\"position\":2,\"name\":\"U Mostar \u0107e slijetati zarkoplovi iz Njema\u010dke, Poljske, Ma\u0111arske, Italije, Jordana..\"}]},{\"@type\":\"WebSite\",\"@id\":\"https:\\\/\\\/radioljubuski.ba\\\/#website\",\"url\":\"https:\\\/\\\/radioljubuski.ba\\\/\",\"name\":\"Radio Ljubu\u0161ki\",\"description\":\"Sun\u010dana frekvencija Hercegovine\",\"publisher\":{\"@id\":\"https:\\\/\\\/radioljubuski.ba\\\/#organization\"},\"potentialAction\":[{\"@type\":\"SearchAction\",\"target\":{\"@type\":\"EntryPoint\",\"urlTemplate\":\"https:\\\/\\\/radioljubuski.ba\\\/?s={search_term_string}\"},\"query-input\":{\"@type\":\"PropertyValueSpecification\",\"valueRequired\":true,\"valueName\":\"search_term_string\"}}],\"inLanguage\":\"hr\"},{\"@type\":\"Organization\",\"@id\":\"https:\\\/\\\/radioljubuski.ba\\\/#organization\",\"name\":\"Radio Ljubu\u0161ki\",\"url\":\"https:\\\/\\\/radioljubuski.ba\\\/\",\"logo\":{\"@type\":\"ImageObject\",\"inLanguage\":\"hr\",\"@id\":\"https:\\\/\\\/radioljubuski.ba\\\/#\\\/schema\\\/logo\\\/image\\\/\",\"url\":\"https:\\\/\\\/radioljubuski.ba\\\/wp-content\\\/uploads\\\/2021\\\/02\\\/cropped-Radio_Ljubuski_logo1.jpg\",\"contentUrl\":\"https:\\\/\\\/radioljubuski.ba\\\/wp-content\\\/uploads\\\/2021\\\/02\\\/cropped-Radio_Ljubuski_logo1.jpg\",\"width\":512,\"height\":512,\"caption\":\"Radio Ljubu\u0161ki\"},\"image\":{\"@id\":\"https:\\\/\\\/radioljubuski.ba\\\/#\\\/schema\\\/logo\\\/image\\\/\"},\"sameAs\":[\"https:\\\/\\\/www.facebook.com\\\/Radiio-Ljubuski-1490835324566332\",\"https:\\\/\\\/x.com\\\/radioljubuski\",\"https:\\\/\\\/hr.linkedin.com\\\/company\\\/radio-ljubuski\",\"https:\\\/\\\/www.youtube.com\\\/channel\\\/UCHYaeO_n0Db3tjNGudGpXyw\"]},{\"@type\":\"Person\",\"@id\":\"https:\\\/\\\/radioljubuski.ba\\\/#\\\/schema\\\/person\\\/19fc700381a780f69665d7956c469e3b\",\"name\":\"Radio Ljubu\u0161ki\"}]}<\/script>\n<!-- \/ Yoast SEO plugin. -->","yoast_head_json":{"title":"U Mostar \u0107e slijetati zarkoplovi iz Njema\u010dke, Poljske, Ma\u0111arske, Italije, Jordana.. - RADIO LJUBU\u0160KI","robots":{"index":"index","follow":"follow","max-snippet":"max-snippet:-1","max-image-preview":"max-image-preview:large","max-video-preview":"max-video-preview:-1"},"canonical":"https:\/\/radioljubuski.ba\/index.php\/2022\/04\/11\/u-mostar-ce-slijetati-zarkoplovi-iz-njemacke-poljske-madarske-italije-jordana\/","og_locale":"hr_HR","og_type":"article","og_title":"U Mostar \u0107e slijetati zarkoplovi iz Njema\u010dke, Poljske, Ma\u0111arske, Italije, Jordana.. - RADIO LJUBU\u0160KI","og_description":"Mostarska zra\u010dna luka bi s dolaskom nove turisti\u010dke sezone kona\u010dno trebala o\u017eivjeti. Dogovoreni su redoviti sezonski letovi za D\u00fcsseldorf, a na mostarsko tlo \u0107e uskoro slijetati i \u010darter zrakoplovi iz Poljske, Ma\u0111arske, Italije i Jordana. S obzirom na to da mostarska zra\u010dna luka \u017eivi samo od \u010darter letova, pregovara se i s nekim niskotarifnim kompanijama. [&hellip;]","og_url":"https:\/\/radioljubuski.ba\/index.php\/2022\/04\/11\/u-mostar-ce-slijetati-zarkoplovi-iz-njemacke-poljske-madarske-italije-jordana\/","og_site_name":"RADIO LJUBU\u0160KI","article_publisher":"https:\/\/www.facebook.com\/Radiio-Ljubuski-1490835324566332","article_published_time":"2022-04-11T13:01:28+00:00","article_modified_time":"2022-04-11T13:01:29+00:00","og_image":[{"width":1570,"height":1080,"url":"https:\/\/radioljubuski.ba\/wp-content\/uploads\/2022\/04\/zracna-luka-mostar123.jpeg","type":"image\/jpeg"}],"author":"Radio Ljubu\u0161ki","twitter_card":"summary_large_image","twitter_creator":"@radioljubuski","twitter_site":"@radioljubuski","twitter_misc":{"Napisao\/la":"Radio Ljubu\u0161ki","Procijenjeno vrijeme \u010ditanja":"2 minute"},"schema":{"@context":"https:\/\/schema.org","@graph":[{"@type":"Article","@id":"https:\/\/radioljubuski.ba\/index.php\/2022\/04\/11\/u-mostar-ce-slijetati-zarkoplovi-iz-njemacke-poljske-madarske-italije-jordana\/#article","isPartOf":{"@id":"https:\/\/radioljubuski.ba\/index.php\/2022\/04\/11\/u-mostar-ce-slijetati-zarkoplovi-iz-njemacke-poljske-madarske-italije-jordana\/"},"author":{"name":"Radio Ljubu\u0161ki","@id":"https:\/\/radioljubuski.ba\/#\/schema\/person\/19fc700381a780f69665d7956c469e3b"},"headline":"U Mostar \u0107e slijetati zarkoplovi iz Njema\u010dke, Poljske, Ma\u0111arske, Italije, Jordana..","datePublished":"2022-04-11T13:01:28+00:00","dateModified":"2022-04-11T13:01:29+00:00","mainEntityOfPage":{"@id":"https:\/\/radioljubuski.ba\/index.php\/2022\/04\/11\/u-mostar-ce-slijetati-zarkoplovi-iz-njemacke-poljske-madarske-italije-jordana\/"},"wordCount":458,"publisher":{"@id":"https:\/\/radioljubuski.ba\/#organization"},"image":{"@id":"https:\/\/radioljubuski.ba\/index.php\/2022\/04\/11\/u-mostar-ce-slijetati-zarkoplovi-iz-njemacke-poljske-madarske-italije-jordana\/#primaryimage"},"thumbnailUrl":"https:\/\/radioljubuski.ba\/wp-content\/uploads\/2022\/04\/zracna-luka-mostar123.jpeg","articleSection":["BIH i regija"],"inLanguage":"hr"},{"@type":"WebPage","@id":"https:\/\/radioljubuski.ba\/index.php\/2022\/04\/11\/u-mostar-ce-slijetati-zarkoplovi-iz-njemacke-poljske-madarske-italije-jordana\/","url":"https:\/\/radioljubuski.ba\/index.php\/2022\/04\/11\/u-mostar-ce-slijetati-zarkoplovi-iz-njemacke-poljske-madarske-italije-jordana\/","name":"U Mostar \u0107e slijetati zarkoplovi iz Njema\u010dke, Poljske, Ma\u0111arske, Italije, Jordana.. - RADIO LJUBU\u0160KI","isPartOf":{"@id":"https:\/\/radioljubuski.ba\/#website"},"primaryImageOfPage":{"@id":"https:\/\/radioljubuski.ba\/index.php\/2022\/04\/11\/u-mostar-ce-slijetati-zarkoplovi-iz-njemacke-poljske-madarske-italije-jordana\/#primaryimage"},"image":{"@id":"https:\/\/radioljubuski.ba\/index.php\/2022\/04\/11\/u-mostar-ce-slijetati-zarkoplovi-iz-njemacke-poljske-madarske-italije-jordana\/#primaryimage"},"thumbnailUrl":"https:\/\/radioljubuski.ba\/wp-content\/uploads\/2022\/04\/zracna-luka-mostar123.jpeg","datePublished":"2022-04-11T13:01:28+00:00","dateModified":"2022-04-11T13:01:29+00:00","breadcrumb":{"@id":"https:\/\/radioljubuski.ba\/index.php\/2022\/04\/11\/u-mostar-ce-slijetati-zarkoplovi-iz-njemacke-poljske-madarske-italije-jordana\/#breadcrumb"},"inLanguage":"hr","potentialAction":[{"@type":"ReadAction","target":["https:\/\/radioljubuski.ba\/index.php\/2022\/04\/11\/u-mostar-ce-slijetati-zarkoplovi-iz-njemacke-poljske-madarske-italije-jordana\/"]}]},{"@type":"ImageObject","inLanguage":"hr","@id":"https:\/\/radioljubuski.ba\/index.php\/2022\/04\/11\/u-mostar-ce-slijetati-zarkoplovi-iz-njemacke-poljske-madarske-italije-jordana\/#primaryimage","url":"https:\/\/radioljubuski.ba\/wp-content\/uploads\/2022\/04\/zracna-luka-mostar123.jpeg","contentUrl":"https:\/\/radioljubuski.ba\/wp-content\/uploads\/2022\/04\/zracna-luka-mostar123.jpeg","width":1570,"height":1080},{"@type":"BreadcrumbList","@id":"https:\/\/radioljubuski.ba\/index.php\/2022\/04\/11\/u-mostar-ce-slijetati-zarkoplovi-iz-njemacke-poljske-madarske-italije-jordana\/#breadcrumb","itemListElement":[{"@type":"ListItem","position":1,"name":"Po\u010detna stranica","item":"https:\/\/radioljubuski.ba\/"},{"@type":"ListItem","position":2,"name":"U Mostar \u0107e slijetati zarkoplovi iz Njema\u010dke, Poljske, Ma\u0111arske, Italije, Jordana.."}]},{"@type":"WebSite","@id":"https:\/\/radioljubuski.ba\/#website","url":"https:\/\/radioljubuski.ba\/","name":"Radio Ljubu\u0161ki","description":"Sun\u010dana frekvencija Hercegovine","publisher":{"@id":"https:\/\/radioljubuski.ba\/#organization"},"potentialAction":[{"@type":"SearchAction","target":{"@type":"EntryPoint","urlTemplate":"https:\/\/radioljubuski.ba\/?s={search_term_string}"},"query-input":{"@type":"PropertyValueSpecification","valueRequired":true,"valueName":"search_term_string"}}],"inLanguage":"hr"},{"@type":"Organization","@id":"https:\/\/radioljubuski.ba\/#organization","name":"Radio Ljubu\u0161ki","url":"https:\/\/radioljubuski.ba\/","logo":{"@type":"ImageObject","inLanguage":"hr","@id":"https:\/\/radioljubuski.ba\/#\/schema\/logo\/image\/","url":"https:\/\/radioljubuski.ba\/wp-content\/uploads\/2021\/02\/cropped-Radio_Ljubuski_logo1.jpg","contentUrl":"https:\/\/radioljubuski.ba\/wp-content\/uploads\/2021\/02\/cropped-Radio_Ljubuski_logo1.jpg","width":512,"height":512,"caption":"Radio Ljubu\u0161ki"},"image":{"@id":"https:\/\/radioljubuski.ba\/#\/schema\/logo\/image\/"},"sameAs":["https:\/\/www.facebook.com\/Radiio-Ljubuski-1490835324566332","https:\/\/x.com\/radioljubuski","https:\/\/hr.linkedin.com\/company\/radio-ljubuski","https:\/\/www.youtube.com\/channel\/UCHYaeO_n0Db3tjNGudGpXyw"]},{"@type":"Person","@id":"https:\/\/radioljubuski.ba\/#\/schema\/person\/19fc700381a780f69665d7956c469e3b","name":"Radio Ljubu\u0161ki"}]}},"_links":{"self":[{"href":"https:\/\/radioljubuski.ba\/index.php\/wp-json\/wp\/v2\/posts\/131558","targetHints":{"allow":["GET"]}}],"collection":[{"href":"https:\/\/radioljubuski.ba\/index.php\/wp-json\/wp\/v2\/posts"}],"about":[{"href":"https:\/\/radioljubuski.ba\/index.php\/wp-json\/wp\/v2\/types\/post"}],"author":[{"embeddable":true,"href":"https:\/\/radioljubuski.ba\/index.php\/wp-json\/wp\/v2\/users\/2"}],"replies":[{"embeddable":true,"href":"https:\/\/radioljubuski.ba\/index.php\/wp-json\/wp\/v2\/comments?post=131558"}],"version-history":[{"count":1,"href":"https:\/\/radioljubuski.ba\/index.php\/wp-json\/wp\/v2\/posts\/131558\/revisions"}],"predecessor-version":[{"id":131560,"href":"https:\/\/radioljubuski.ba\/index.php\/wp-json\/wp\/v2\/posts\/131558\/revisions\/131560"}],"wp:featuredmedia":[{"embeddable":true,"href":"https:\/\/radioljubuski.ba\/index.php\/wp-json\/wp\/v2\/media\/131559"}],"wp:attachment":[{"href":"https:\/\/radioljubuski.ba\/index.php\/wp-json\/wp\/v2\/media?parent=131558"}],"wp:term":[{"taxonomy":"category","embeddable":true,"href":"https:\/\/radioljubuski.ba\/index.php\/wp-json\/wp\/v2\/categories?post=131558"},{"taxonomy":"post_tag","embeddable":true,"href":"https:\/\/radioljubuski.ba\/index.php\/wp-json\/wp\/v2\/tags?post=131558"}],"curies":[{"name":"wp","href":"https:\/\/api.w.org\/{rel}","templated":true}]}}