{"id":131563,"date":"2022-04-11T14:04:11","date_gmt":"2022-04-11T13:04:11","guid":{"rendered":"https:\/\/radioljubuski.ba\/?p=131563"},"modified":"2022-04-11T14:04:12","modified_gmt":"2022-04-11T13:04:12","slug":"sulic-schmidt-je-njemacki-turist-koji-ne-moze-nista-nametnuti","status":"publish","type":"post","link":"https:\/\/radioljubuski.ba\/index.php\/2022\/04\/11\/sulic-schmidt-je-njemacki-turist-koji-ne-moze-nista-nametnuti\/","title":{"rendered":"\u0160uli\u0107: Schmidt je njema\u010dki turist koji ne mo\u017ee ni\u0161ta nametnuti"},"content":{"rendered":"\n<p><strong>Christian Schmidt je takozvani visoki predstavnik i za Republiku Srpsku samo njema\u010dki turista i zato nema legitimitet da name\u0107e bilo kakve odluke, rekao je Denis \u0160uli\u0107, potpredsjednik Narodne skup\u0161tine RS.<\/strong><\/p>\n\n\n\n<p>On je na pitanje novinara da prokomentari\u0161e \u010dinjenicu da je \u0160mit najavio da \u0107e reagovati ako Zakon o raspolaganju dr\u017eavnom imovinom na teritoriji RS stupi na snagu, rekao da se narodni poslanici ne pla\u0161e njegovih prijetnji.<\/p>\n\n\n\n<p>\u201cNarodni poslanici legalitet i legitimitet crpe iz gra\u0111ana koji su ih birali i odgovorni su samo njima. Oni \u0107e glasati za sve zakone koji su dobri za gra\u0111ane\u201d, rekao je \u0160uli\u0107.<\/p>\n\n\n\n<p>Podsje\u0107anja radi, rije\u010d o zakoji koji bi trebalo da ovih dana bude objavljen u Slu\u017ebenom glasniku RS.<\/p>\n\n\n\n<p>U Banjaluci je po\u010dela posebna sjednica Narodne skup\u0161tine Republike Srpske koju je zatra\u017eio srpski \u010dlan Predsjedni\u0161tva BiH Milorad Dodik zbog odluka Predsjedni\u0161tva BiH usvojenih bez konsenzusa.<\/p>\n\n\n\n<p>\/HMS\/<\/p>\n","protected":false},"excerpt":{"rendered":"<p>Christian Schmidt je takozvani visoki predstavnik i za Republiku Srpsku samo njema\u010dki turista i zato nema legitimitet da name\u0107e bilo kakve odluke, rekao je Denis \u0160uli\u0107, potpredsjednik Narodne skup\u0161tine RS. On je na pitanje novinara da prokomentari\u0161e \u010dinjenicu da je \u0160mit najavio da \u0107e reagovati ako Zakon o raspolaganju dr\u017eavnom imovinom na teritoriji RS stupi [&hellip;]<\/p>\n","protected":false},"author":2,"featured_media":131564,"comment_status":"closed","ping_status":"closed","sticky":false,"template":"","format":"standard","meta":{"h5ap_radio_sources":[],"footnotes":""},"categories":[1],"tags":[],"class_list":["post-131563","post","type-post","status-publish","format-standard","has-post-thumbnail","hentry","category-bihiregija"],"yoast_head":"<!-- This site is optimized with the Yoast SEO plugin v27.5 - https:\/\/yoast.com\/product\/yoast-seo-wordpress\/ -->\n<title>\u0160uli\u0107: Schmidt je njema\u010dki turist koji ne mo\u017ee ni\u0161ta nametnuti - RADIO LJUBU\u0160KI<\/title>\n<meta name=\"robots\" content=\"index, follow, max-snippet:-1, max-image-preview:large, max-video-preview:-1\" \/>\n<link rel=\"canonical\" href=\"https:\/\/radioljubuski.ba\/index.php\/2022\/04\/11\/sulic-schmidt-je-njemacki-turist-koji-ne-moze-nista-nametnuti\/\" \/>\n<meta property=\"og:locale\" content=\"hr_HR\" \/>\n<meta property=\"og:type\" content=\"article\" \/>\n<meta property=\"og:title\" content=\"\u0160uli\u0107: Schmidt je njema\u010dki turist koji ne mo\u017ee ni\u0161ta nametnuti - RADIO LJUBU\u0160KI\" \/>\n<meta property=\"og:description\" content=\"Christian Schmidt je takozvani visoki predstavnik i za Republiku Srpsku samo njema\u010dki turista i zato nema legitimitet da name\u0107e bilo kakve odluke, rekao je Denis \u0160uli\u0107, potpredsjednik Narodne skup\u0161tine RS. On je na pitanje novinara da prokomentari\u0161e \u010dinjenicu da je \u0160mit najavio da \u0107e reagovati ako Zakon o raspolaganju dr\u017eavnom imovinom na teritoriji RS stupi [&hellip;]\" \/>\n<meta property=\"og:url\" content=\"https:\/\/radioljubuski.ba\/index.php\/2022\/04\/11\/sulic-schmidt-je-njemacki-turist-koji-ne-moze-nista-nametnuti\/\" \/>\n<meta property=\"og:site_name\" content=\"RADIO LJUBU\u0160KI\" \/>\n<meta property=\"article:publisher\" content=\"https:\/\/www.facebook.com\/Radiio-Ljubuski-1490835324566332\" \/>\n<meta property=\"article:published_time\" content=\"2022-04-11T13:04:11+00:00\" \/>\n<meta property=\"article:modified_time\" content=\"2022-04-11T13:04:12+00:00\" \/>\n<meta property=\"og:image\" content=\"https:\/\/radioljubuski.ba\/wp-content\/uploads\/2022\/04\/sulic-e1639059128725.jpg\" \/>\n\t<meta property=\"og:image:width\" content=\"651\" \/>\n\t<meta property=\"og:image:height\" content=\"378\" \/>\n\t<meta property=\"og:image:type\" content=\"image\/jpeg\" \/>\n<meta name=\"author\" content=\"Radio Ljubu\u0161ki\" \/>\n<meta name=\"twitter:card\" content=\"summary_large_image\" \/>\n<meta name=\"twitter:creator\" content=\"@radioljubuski\" \/>\n<meta name=\"twitter:site\" content=\"@radioljubuski\" \/>\n<meta name=\"twitter:label1\" content=\"Napisao\/la\" \/>\n\t<meta name=\"twitter:data1\" content=\"Radio Ljubu\u0161ki\" \/>\n\t<meta name=\"twitter:label2\" content=\"Procijenjeno vrijeme \u010ditanja\" \/>\n\t<meta name=\"twitter:data2\" content=\"1 minuta\" \/>\n<script type=\"application\/ld+json\" class=\"yoast-schema-graph\">{\"@context\":\"https:\\\/\\\/schema.org\",\"@graph\":[{\"@type\":\"Article\",\"@id\":\"https:\\\/\\\/radioljubuski.ba\\\/index.php\\\/2022\\\/04\\\/11\\\/sulic-schmidt-je-njemacki-turist-koji-ne-moze-nista-nametnuti\\\/#article\",\"isPartOf\":{\"@id\":\"https:\\\/\\\/radioljubuski.ba\\\/index.php\\\/2022\\\/04\\\/11\\\/sulic-schmidt-je-njemacki-turist-koji-ne-moze-nista-nametnuti\\\/\"},\"author\":{\"name\":\"Radio Ljubu\u0161ki\",\"@id\":\"https:\\\/\\\/radioljubuski.ba\\\/#\\\/schema\\\/person\\\/19fc700381a780f69665d7956c469e3b\"},\"headline\":\"\u0160uli\u0107: Schmidt je njema\u010dki turist koji ne mo\u017ee ni\u0161ta nametnuti\",\"datePublished\":\"2022-04-11T13:04:11+00:00\",\"dateModified\":\"2022-04-11T13:04:12+00:00\",\"mainEntityOfPage\":{\"@id\":\"https:\\\/\\\/radioljubuski.ba\\\/index.php\\\/2022\\\/04\\\/11\\\/sulic-schmidt-je-njemacki-turist-koji-ne-moze-nista-nametnuti\\\/\"},\"wordCount\":169,\"publisher\":{\"@id\":\"https:\\\/\\\/radioljubuski.ba\\\/#organization\"},\"image\":{\"@id\":\"https:\\\/\\\/radioljubuski.ba\\\/index.php\\\/2022\\\/04\\\/11\\\/sulic-schmidt-je-njemacki-turist-koji-ne-moze-nista-nametnuti\\\/#primaryimage\"},\"thumbnailUrl\":\"https:\\\/\\\/radioljubuski.ba\\\/wp-content\\\/uploads\\\/2022\\\/04\\\/sulic-e1639059128725.jpg\",\"articleSection\":[\"BIH i regija\"],\"inLanguage\":\"hr\"},{\"@type\":\"WebPage\",\"@id\":\"https:\\\/\\\/radioljubuski.ba\\\/index.php\\\/2022\\\/04\\\/11\\\/sulic-schmidt-je-njemacki-turist-koji-ne-moze-nista-nametnuti\\\/\",\"url\":\"https:\\\/\\\/radioljubuski.ba\\\/index.php\\\/2022\\\/04\\\/11\\\/sulic-schmidt-je-njemacki-turist-koji-ne-moze-nista-nametnuti\\\/\",\"name\":\"\u0160uli\u0107: Schmidt je njema\u010dki turist koji ne mo\u017ee ni\u0161ta nametnuti - RADIO LJUBU\u0160KI\",\"isPartOf\":{\"@id\":\"https:\\\/\\\/radioljubuski.ba\\\/#website\"},\"primaryImageOfPage\":{\"@id\":\"https:\\\/\\\/radioljubuski.ba\\\/index.php\\\/2022\\\/04\\\/11\\\/sulic-schmidt-je-njemacki-turist-koji-ne-moze-nista-nametnuti\\\/#primaryimage\"},\"image\":{\"@id\":\"https:\\\/\\\/radioljubuski.ba\\\/index.php\\\/2022\\\/04\\\/11\\\/sulic-schmidt-je-njemacki-turist-koji-ne-moze-nista-nametnuti\\\/#primaryimage\"},\"thumbnailUrl\":\"https:\\\/\\\/radioljubuski.ba\\\/wp-content\\\/uploads\\\/2022\\\/04\\\/sulic-e1639059128725.jpg\",\"datePublished\":\"2022-04-11T13:04:11+00:00\",\"dateModified\":\"2022-04-11T13:04:12+00:00\",\"breadcrumb\":{\"@id\":\"https:\\\/\\\/radioljubuski.ba\\\/index.php\\\/2022\\\/04\\\/11\\\/sulic-schmidt-je-njemacki-turist-koji-ne-moze-nista-nametnuti\\\/#breadcrumb\"},\"inLanguage\":\"hr\",\"potentialAction\":[{\"@type\":\"ReadAction\",\"target\":[\"https:\\\/\\\/radioljubuski.ba\\\/index.php\\\/2022\\\/04\\\/11\\\/sulic-schmidt-je-njemacki-turist-koji-ne-moze-nista-nametnuti\\\/\"]}]},{\"@type\":\"ImageObject\",\"inLanguage\":\"hr\",\"@id\":\"https:\\\/\\\/radioljubuski.ba\\\/index.php\\\/2022\\\/04\\\/11\\\/sulic-schmidt-je-njemacki-turist-koji-ne-moze-nista-nametnuti\\\/#primaryimage\",\"url\":\"https:\\\/\\\/radioljubuski.ba\\\/wp-content\\\/uploads\\\/2022\\\/04\\\/sulic-e1639059128725.jpg\",\"contentUrl\":\"https:\\\/\\\/radioljubuski.ba\\\/wp-content\\\/uploads\\\/2022\\\/04\\\/sulic-e1639059128725.jpg\",\"width\":651,\"height\":378},{\"@type\":\"BreadcrumbList\",\"@id\":\"https:\\\/\\\/radioljubuski.ba\\\/index.php\\\/2022\\\/04\\\/11\\\/sulic-schmidt-je-njemacki-turist-koji-ne-moze-nista-nametnuti\\\/#breadcrumb\",\"itemListElement\":[{\"@type\":\"ListItem\",\"position\":1,\"name\":\"Po\u010detna stranica\",\"item\":\"https:\\\/\\\/radioljubuski.ba\\\/\"},{\"@type\":\"ListItem\",\"position\":2,\"name\":\"\u0160uli\u0107: Schmidt je njema\u010dki turist koji ne mo\u017ee ni\u0161ta nametnuti\"}]},{\"@type\":\"WebSite\",\"@id\":\"https:\\\/\\\/radioljubuski.ba\\\/#website\",\"url\":\"https:\\\/\\\/radioljubuski.ba\\\/\",\"name\":\"Radio Ljubu\u0161ki\",\"description\":\"Sun\u010dana frekvencija Hercegovine\",\"publisher\":{\"@id\":\"https:\\\/\\\/radioljubuski.ba\\\/#organization\"},\"potentialAction\":[{\"@type\":\"SearchAction\",\"target\":{\"@type\":\"EntryPoint\",\"urlTemplate\":\"https:\\\/\\\/radioljubuski.ba\\\/?s={search_term_string}\"},\"query-input\":{\"@type\":\"PropertyValueSpecification\",\"valueRequired\":true,\"valueName\":\"search_term_string\"}}],\"inLanguage\":\"hr\"},{\"@type\":\"Organization\",\"@id\":\"https:\\\/\\\/radioljubuski.ba\\\/#organization\",\"name\":\"Radio Ljubu\u0161ki\",\"url\":\"https:\\\/\\\/radioljubuski.ba\\\/\",\"logo\":{\"@type\":\"ImageObject\",\"inLanguage\":\"hr\",\"@id\":\"https:\\\/\\\/radioljubuski.ba\\\/#\\\/schema\\\/logo\\\/image\\\/\",\"url\":\"https:\\\/\\\/radioljubuski.ba\\\/wp-content\\\/uploads\\\/2021\\\/02\\\/cropped-Radio_Ljubuski_logo1.jpg\",\"contentUrl\":\"https:\\\/\\\/radioljubuski.ba\\\/wp-content\\\/uploads\\\/2021\\\/02\\\/cropped-Radio_Ljubuski_logo1.jpg\",\"width\":512,\"height\":512,\"caption\":\"Radio Ljubu\u0161ki\"},\"image\":{\"@id\":\"https:\\\/\\\/radioljubuski.ba\\\/#\\\/schema\\\/logo\\\/image\\\/\"},\"sameAs\":[\"https:\\\/\\\/www.facebook.com\\\/Radiio-Ljubuski-1490835324566332\",\"https:\\\/\\\/x.com\\\/radioljubuski\",\"https:\\\/\\\/hr.linkedin.com\\\/company\\\/radio-ljubuski\",\"https:\\\/\\\/www.youtube.com\\\/channel\\\/UCHYaeO_n0Db3tjNGudGpXyw\"]},{\"@type\":\"Person\",\"@id\":\"https:\\\/\\\/radioljubuski.ba\\\/#\\\/schema\\\/person\\\/19fc700381a780f69665d7956c469e3b\",\"name\":\"Radio Ljubu\u0161ki\"}]}<\/script>\n<!-- \/ Yoast SEO plugin. -->","yoast_head_json":{"title":"\u0160uli\u0107: Schmidt je njema\u010dki turist koji ne mo\u017ee ni\u0161ta nametnuti - RADIO LJUBU\u0160KI","robots":{"index":"index","follow":"follow","max-snippet":"max-snippet:-1","max-image-preview":"max-image-preview:large","max-video-preview":"max-video-preview:-1"},"canonical":"https:\/\/radioljubuski.ba\/index.php\/2022\/04\/11\/sulic-schmidt-je-njemacki-turist-koji-ne-moze-nista-nametnuti\/","og_locale":"hr_HR","og_type":"article","og_title":"\u0160uli\u0107: Schmidt je njema\u010dki turist koji ne mo\u017ee ni\u0161ta nametnuti - RADIO LJUBU\u0160KI","og_description":"Christian Schmidt je takozvani visoki predstavnik i za Republiku Srpsku samo njema\u010dki turista i zato nema legitimitet da name\u0107e bilo kakve odluke, rekao je Denis \u0160uli\u0107, potpredsjednik Narodne skup\u0161tine RS. On je na pitanje novinara da prokomentari\u0161e \u010dinjenicu da je \u0160mit najavio da \u0107e reagovati ako Zakon o raspolaganju dr\u017eavnom imovinom na teritoriji RS stupi [&hellip;]","og_url":"https:\/\/radioljubuski.ba\/index.php\/2022\/04\/11\/sulic-schmidt-je-njemacki-turist-koji-ne-moze-nista-nametnuti\/","og_site_name":"RADIO LJUBU\u0160KI","article_publisher":"https:\/\/www.facebook.com\/Radiio-Ljubuski-1490835324566332","article_published_time":"2022-04-11T13:04:11+00:00","article_modified_time":"2022-04-11T13:04:12+00:00","og_image":[{"width":651,"height":378,"url":"https:\/\/radioljubuski.ba\/wp-content\/uploads\/2022\/04\/sulic-e1639059128725.jpg","type":"image\/jpeg"}],"author":"Radio Ljubu\u0161ki","twitter_card":"summary_large_image","twitter_creator":"@radioljubuski","twitter_site":"@radioljubuski","twitter_misc":{"Napisao\/la":"Radio Ljubu\u0161ki","Procijenjeno vrijeme \u010ditanja":"1 minuta"},"schema":{"@context":"https:\/\/schema.org","@graph":[{"@type":"Article","@id":"https:\/\/radioljubuski.ba\/index.php\/2022\/04\/11\/sulic-schmidt-je-njemacki-turist-koji-ne-moze-nista-nametnuti\/#article","isPartOf":{"@id":"https:\/\/radioljubuski.ba\/index.php\/2022\/04\/11\/sulic-schmidt-je-njemacki-turist-koji-ne-moze-nista-nametnuti\/"},"author":{"name":"Radio Ljubu\u0161ki","@id":"https:\/\/radioljubuski.ba\/#\/schema\/person\/19fc700381a780f69665d7956c469e3b"},"headline":"\u0160uli\u0107: Schmidt je njema\u010dki turist koji ne mo\u017ee ni\u0161ta nametnuti","datePublished":"2022-04-11T13:04:11+00:00","dateModified":"2022-04-11T13:04:12+00:00","mainEntityOfPage":{"@id":"https:\/\/radioljubuski.ba\/index.php\/2022\/04\/11\/sulic-schmidt-je-njemacki-turist-koji-ne-moze-nista-nametnuti\/"},"wordCount":169,"publisher":{"@id":"https:\/\/radioljubuski.ba\/#organization"},"image":{"@id":"https:\/\/radioljubuski.ba\/index.php\/2022\/04\/11\/sulic-schmidt-je-njemacki-turist-koji-ne-moze-nista-nametnuti\/#primaryimage"},"thumbnailUrl":"https:\/\/radioljubuski.ba\/wp-content\/uploads\/2022\/04\/sulic-e1639059128725.jpg","articleSection":["BIH i regija"],"inLanguage":"hr"},{"@type":"WebPage","@id":"https:\/\/radioljubuski.ba\/index.php\/2022\/04\/11\/sulic-schmidt-je-njemacki-turist-koji-ne-moze-nista-nametnuti\/","url":"https:\/\/radioljubuski.ba\/index.php\/2022\/04\/11\/sulic-schmidt-je-njemacki-turist-koji-ne-moze-nista-nametnuti\/","name":"\u0160uli\u0107: Schmidt je njema\u010dki turist koji ne mo\u017ee ni\u0161ta nametnuti - RADIO LJUBU\u0160KI","isPartOf":{"@id":"https:\/\/radioljubuski.ba\/#website"},"primaryImageOfPage":{"@id":"https:\/\/radioljubuski.ba\/index.php\/2022\/04\/11\/sulic-schmidt-je-njemacki-turist-koji-ne-moze-nista-nametnuti\/#primaryimage"},"image":{"@id":"https:\/\/radioljubuski.ba\/index.php\/2022\/04\/11\/sulic-schmidt-je-njemacki-turist-koji-ne-moze-nista-nametnuti\/#primaryimage"},"thumbnailUrl":"https:\/\/radioljubuski.ba\/wp-content\/uploads\/2022\/04\/sulic-e1639059128725.jpg","datePublished":"2022-04-11T13:04:11+00:00","dateModified":"2022-04-11T13:04:12+00:00","breadcrumb":{"@id":"https:\/\/radioljubuski.ba\/index.php\/2022\/04\/11\/sulic-schmidt-je-njemacki-turist-koji-ne-moze-nista-nametnuti\/#breadcrumb"},"inLanguage":"hr","potentialAction":[{"@type":"ReadAction","target":["https:\/\/radioljubuski.ba\/index.php\/2022\/04\/11\/sulic-schmidt-je-njemacki-turist-koji-ne-moze-nista-nametnuti\/"]}]},{"@type":"ImageObject","inLanguage":"hr","@id":"https:\/\/radioljubuski.ba\/index.php\/2022\/04\/11\/sulic-schmidt-je-njemacki-turist-koji-ne-moze-nista-nametnuti\/#primaryimage","url":"https:\/\/radioljubuski.ba\/wp-content\/uploads\/2022\/04\/sulic-e1639059128725.jpg","contentUrl":"https:\/\/radioljubuski.ba\/wp-content\/uploads\/2022\/04\/sulic-e1639059128725.jpg","width":651,"height":378},{"@type":"BreadcrumbList","@id":"https:\/\/radioljubuski.ba\/index.php\/2022\/04\/11\/sulic-schmidt-je-njemacki-turist-koji-ne-moze-nista-nametnuti\/#breadcrumb","itemListElement":[{"@type":"ListItem","position":1,"name":"Po\u010detna stranica","item":"https:\/\/radioljubuski.ba\/"},{"@type":"ListItem","position":2,"name":"\u0160uli\u0107: Schmidt je njema\u010dki turist koji ne mo\u017ee ni\u0161ta nametnuti"}]},{"@type":"WebSite","@id":"https:\/\/radioljubuski.ba\/#website","url":"https:\/\/radioljubuski.ba\/","name":"Radio Ljubu\u0161ki","description":"Sun\u010dana frekvencija Hercegovine","publisher":{"@id":"https:\/\/radioljubuski.ba\/#organization"},"potentialAction":[{"@type":"SearchAction","target":{"@type":"EntryPoint","urlTemplate":"https:\/\/radioljubuski.ba\/?s={search_term_string}"},"query-input":{"@type":"PropertyValueSpecification","valueRequired":true,"valueName":"search_term_string"}}],"inLanguage":"hr"},{"@type":"Organization","@id":"https:\/\/radioljubuski.ba\/#organization","name":"Radio Ljubu\u0161ki","url":"https:\/\/radioljubuski.ba\/","logo":{"@type":"ImageObject","inLanguage":"hr","@id":"https:\/\/radioljubuski.ba\/#\/schema\/logo\/image\/","url":"https:\/\/radioljubuski.ba\/wp-content\/uploads\/2021\/02\/cropped-Radio_Ljubuski_logo1.jpg","contentUrl":"https:\/\/radioljubuski.ba\/wp-content\/uploads\/2021\/02\/cropped-Radio_Ljubuski_logo1.jpg","width":512,"height":512,"caption":"Radio Ljubu\u0161ki"},"image":{"@id":"https:\/\/radioljubuski.ba\/#\/schema\/logo\/image\/"},"sameAs":["https:\/\/www.facebook.com\/Radiio-Ljubuski-1490835324566332","https:\/\/x.com\/radioljubuski","https:\/\/hr.linkedin.com\/company\/radio-ljubuski","https:\/\/www.youtube.com\/channel\/UCHYaeO_n0Db3tjNGudGpXyw"]},{"@type":"Person","@id":"https:\/\/radioljubuski.ba\/#\/schema\/person\/19fc700381a780f69665d7956c469e3b","name":"Radio Ljubu\u0161ki"}]}},"_links":{"self":[{"href":"https:\/\/radioljubuski.ba\/index.php\/wp-json\/wp\/v2\/posts\/131563","targetHints":{"allow":["GET"]}}],"collection":[{"href":"https:\/\/radioljubuski.ba\/index.php\/wp-json\/wp\/v2\/posts"}],"about":[{"href":"https:\/\/radioljubuski.ba\/index.php\/wp-json\/wp\/v2\/types\/post"}],"author":[{"embeddable":true,"href":"https:\/\/radioljubuski.ba\/index.php\/wp-json\/wp\/v2\/users\/2"}],"replies":[{"embeddable":true,"href":"https:\/\/radioljubuski.ba\/index.php\/wp-json\/wp\/v2\/comments?post=131563"}],"version-history":[{"count":1,"href":"https:\/\/radioljubuski.ba\/index.php\/wp-json\/wp\/v2\/posts\/131563\/revisions"}],"predecessor-version":[{"id":131565,"href":"https:\/\/radioljubuski.ba\/index.php\/wp-json\/wp\/v2\/posts\/131563\/revisions\/131565"}],"wp:featuredmedia":[{"embeddable":true,"href":"https:\/\/radioljubuski.ba\/index.php\/wp-json\/wp\/v2\/media\/131564"}],"wp:attachment":[{"href":"https:\/\/radioljubuski.ba\/index.php\/wp-json\/wp\/v2\/media?parent=131563"}],"wp:term":[{"taxonomy":"category","embeddable":true,"href":"https:\/\/radioljubuski.ba\/index.php\/wp-json\/wp\/v2\/categories?post=131563"},{"taxonomy":"post_tag","embeddable":true,"href":"https:\/\/radioljubuski.ba\/index.php\/wp-json\/wp\/v2\/tags?post=131563"}],"curies":[{"name":"wp","href":"https:\/\/api.w.org\/{rel}","templated":true}]}}