{"id":131571,"date":"2022-04-11T14:09:51","date_gmt":"2022-04-11T13:09:51","guid":{"rendered":"https:\/\/radioljubuski.ba\/?p=131571"},"modified":"2022-04-11T14:09:53","modified_gmt":"2022-04-11T13:09:53","slug":"horor-u-sad-u-nadena-tijela-pet-nerodenih-beba-koja-su-najvjerojatnije-ubijena-nakon-neuspjelog-pobacaja","status":"publish","type":"post","link":"https:\/\/radioljubuski.ba\/index.php\/2022\/04\/11\/horor-u-sad-u-nadena-tijela-pet-nerodenih-beba-koja-su-najvjerojatnije-ubijena-nakon-neuspjelog-pobacaja\/","title":{"rendered":"Horor u SAD-u: Na\u0111ena tijela pet nero\u0111enih beba koja su najvjerojatnije ubijena nakon neuspjelog poba\u010daja"},"content":{"rendered":"\n<p><strong>Tijela petero beba na\u0111ena su u stanu u D.C.-ju (District of Columbia, Washington)u SAD-u. Lije\u010dnici su za <a href=\"https:\/\/www.liveaction.org\/news\/infant-bodies-infanticide-attempted-abortions\/?fbclid=IwAR0v-nHFrmH9h4HqrVYfAF4TjOipSP1rFtbVDs7KvNtH2STisOKudSluh2U\">Live Action News<\/a> izjavili da je rije\u010d o bebama koje su pre\u017eivjele poba\u010daj i koje su mogle pre\u017eivjeti. <\/strong>To je potaknulo pitanje o zakonitim i ozbiljnim eti\u010dkim prekr\u0161ajima klinika za poba\u010daj.<\/p>\n\n\n\n<h3 class=\"wp-block-heading\"><strong>Preminula djeca mogla su se odr\u017eati na \u017eivotu<\/strong><\/h3>\n\n\n\n<p><strong>Dr. Robin Pierucci, neonatalni specijalist,<\/strong> rekla je za <em>Live Action News<\/em>: \u201eMogu sa sigurno\u0161\u0107u re\u0107i da su ova djeca umrla u dobi kada su se mogla odr\u017eati na \u017eivotu\u201c.<\/p>\n\n\n\n<p>Tijekom konferencije za medije, u \u010detvrtak, washingtonska policija je <a href=\"https:\/\/www.nytimes.com\/2022\/03\/31\/us\/fetus-anti-abortion-home.html\">brzo odbacila<\/a> mogu\u0107nost da su djeca poba\u010dena&nbsp; ilegalno. Odbili su dalje odgovarati na pitanja <em>Live Action Newsa<\/em>. Iako D.C. ne brani kasne poba\u010daje, medicinski su stru\u010dnjaci ipak obvezni sa\u010duvati \u017eivot djeteta po federalnom zakonu koji ograni\u010dava metodu poba\u010daja i zahtjeva spa\u0161avanje \u017eivota dojen\u010dadi ro\u0111ene nakon lo\u0161e izvedenih postupaka.<\/p>\n\n\n\n<p><strong>Dr. Cesare Santangelo<\/strong>, koji vodi ustanovu u kojoj su prona\u0111ena mrtva djeca, vi\u0161e je puta <a href=\"https:\/\/www.youtube.com\/watch?v=NxOWyumLufA\">rekao<\/a> da on takvu vrstu medicinske pomo\u0107i \u2013 spa\u0161avanje \u017eivota, ne omogu\u0107ava ili da je izbjegava.<\/p>\n\n\n\n<h3 class=\"wp-block-heading\"><strong>Ozljede preminule djece ukazuju na potencijalno kr\u0161enje zakona<\/strong><\/h3>\n\n\n\n<p>Pro-life aktivisti su obavijestili odjel za ubojstva u D.C.-ju o ubijenim bebama te ih predali vlastima. Detalji se jo\u0161 uvijek sla\u017eu, ali <em>Progressive Anti-Abortion Uprising<\/em> (PAAU), kojoj pripadaju aktivisti, vjeruje da \u201ekasna gestacijska dob, kao i njihove o\u010dite zadobivene ozljede, potencijalno ukazuju na kr\u0161enje zakona o <a href=\"https:\/\/www.congress.gov\/108\/plaws\/publ105\/PLAW-108publ105.pdf\">djelomi\u010dnom poba\u010daju<\/a> kao i <a href=\"https:\/\/www.congress.gov\/bill\/107th-congress\/house-bill\/2175\">zakona koji \u0161titi \u017eivu ro\u0111enu dojen\u010dad<\/a>\u201c. Tako\u0111er su predlo\u017eili misu zadu\u0161nicu i kao i davanje imena na\u0111enim bebama.<\/p>\n\n\n\n<p>Predsjednica i osniva\u010dica <em>Live Actiona<\/em>&nbsp; Lila Rose izjavila je: \u201eOtkri\u0107e ovih tijela je u\u017easan i uznemiruju\u0107i dokaz ubojstva djece koja se doga\u0111aju u ovoj klinici u na\u0161em glavnom gradu. Tako\u0111er je pokazatelj nasilja koje se doga\u0111a u ustanovama za poba\u010daje u cijeloj dr\u017eavi\u201c.<\/p>\n\n\n\n<h3 class=\"wp-block-heading\"><strong>Dje\u010dak br. 1 je trebao biti u kolijevci<\/strong><\/h3>\n\n\n\n<p>Najve\u0107a i najrazvijenija prona\u0111ena beba bio je dje\u010dak \u010dija je gestacijska dob bila pribli\u017eno 28-32 tjedna. To je uvelike unutar tre\u0107eg tromjese\u010dja, preko granice za koju su stru\u010dnjaci utvrdili da prerano ro\u0111ene bebe mogu osje\u0107ati bol te preko granica vremenskog ograni\u010denja koje su mnoge savezne dr\u017eave odredile za poba\u010daje iz medicinskih ili eti\u010dkih razloga. Na primjer, zakon u dr\u017eavi Mississippi koji je nedavno do\u0161ao pred Vrhovni sud, postavlja granicu za poba\u010daj na 15 tjedana zbog zabrinutosti za fetalni razvoj, bol i druge \u010dimbenike.<\/p>\n\n\n\n<p>Slike i snimke prvog dje\u010daka otkrivaju da je njegovo tijelo ve\u0107inom netaknuto te su podignuta pitanja kako je okon\u010dan njegov \u017eivot. Tako\u0111er ima potpuno formirano lice, prste na rukama i nogama te sve primarne \u010dimbenike koji se obi\u010dno vide kod novoro\u0111en\u010deta.<\/p>\n\n\n\n<p>Dr. Kathi Aultman, biv\u0161i izvr\u0161itelj poba\u010daja koji je poslije postao pobornik za \u017eivot, rekao je za <em>Live Action News<\/em> \u201eda se \u010dini da je dje\u010dak u tre\u0107em tromjese\u010dju, blizu termina te da izgleda kao da bi trebao biti u kolijevci\u201c. Dr. Patti Giebink je ne\u0161to sli\u010dno napisala u e-poruci, da ovaj dje\u010dak \u201eizgleda kao da je blizu termina poroda\u2026 te poprili\u010dno netaknuto.\u201c <strong>Dodala je da \u201enije mogla vjerovati da bi netko pobacio skoro potpuno razvijeno dijete osim ako je ne\u0161to krajnje krivo s njim, iako se tako ne \u010dini\u201c.<\/strong><\/p>\n\n\n\n<h3 class=\"wp-block-heading\"><strong>Stanje tijela djeteta izgleda \u2013 normalno \u2013 nejasno za\u0161to je preminulo<\/strong><\/h3>\n\n\n\n<p>\u201eOn je potpuno netaknut, ali mu je ko\u017ea o\u0161te\u0107ena\u201c, rekla je Aultman. \u201eDrugim rije\u010dima, po\u010dela se raspadati, \u0161to ukazuje da je vjerojatno bio mrtav kada je poba\u010den ili da nije dobro o\u010duvan pa se tkivo po\u010delo raspadati nakon poba\u010daja. \u010cini se da je potpuno normalan te da je vjerojatno poba\u010den indukcijskom metodom u kojoj se koriste lijekovi koji poti\u010du trudove. Beba je jednake veli\u010dine kao moja unuka kada je ro\u0111ena\u201d, dodala je.<\/p>\n\n\n\n<p>Dva neonatologa \u2013 dr. Kendra Kolb i dr. Robin Pierucci \u2013 sli\u010dno su izrazila zaprepa\u0161tenost stanjem tijela ovog djeteta. Kolb je procijenila da mu je gestacijska dob bila 32 tjedna, dok medicinski napredak neprestano spu\u0161ta granicu pre\u017eivljavanja prerano ro\u0111ene djece. Krajem pro\u0161le godine, dijete u Alabami, Curtis Means, <a href=\"https:\/\/www.cnn.com\/2021\/11\/10\/health\/premature-baby-holds-world-record-trnd\/index.html\">ro\u0111eno je u 21. tjednu<\/a>, koji dolazi odmah nakon granice od 20 tjedana koju je senat SAD-a odbio 2018.<\/p>\n\n\n\n<h3 class=\"wp-block-heading\"><strong>Dijete u 32. tjednu ima razvijene vitalne organe<\/strong><\/h3>\n\n\n\n<p><a href=\"https:\/\/medlineplus.gov\/ency\/article\/002398.htm\">Nacionalna medicinska knji\u017enica<\/a> (NLM) definira da dijete u 32. tjednu ima plu\u0107a, srce koje kuca i druge va\u017ene organe. Tako\u0111er ima sposobnost sluha, mozak koji ubrzano raste i \u017eiv\u010dani sustav \u201erazvijen dovoljno dobro da kontrolira neke tjelesne funkcije\u201c. Ima i kapke koji se mogu otvoriti i zatvoriti te \u201esurfaktant\u201c ili tvar koja poma\u017ee da se plu\u0107ne zra\u010dne vre\u0107ice ispune zrakom.<\/p>\n\n\n\n<p>Dr. Kolb je rekla za <em>Live Action News<\/em>: \u201eVi\u0161e je nego zastra\u0161uju\u0107e i u\u017easno za mene kao neonatologa vidjeti ove prizore jer ova djeca predstavljaju iste pacijente za koje se ja brinem. Vidjeti ovu odba\u010denu, poba\u010denu djecu i poku\u0161ati zamisliti kroz \u0161to su pro\u0161la tijekom ovih stra\u0161nih poba\u010daja je uznemiravaju\u0107e i u\u017easavaju\u0107e da nemam rije\u010di\u201c.<\/p>\n\n\n\n<p>\u201e\u010cak i da su sva ova djeca poba\u010dena legalnim putem, neupitno je i potpuno jasno da ova praksa nije ni eti\u010dna ni osna\u017eavaju\u0107a za \u017eene. Ovo je ameri\u010dka horor pri\u010da koju mi nazivamo \u2018izborom\u2019 u punom sjaju\u201c<\/p>\n\n\n\n<h3 class=\"wp-block-heading\"><strong>\u201eDjevoj\u010dica br. 1\u201c je mogu\u0107e do\u017eivjela nezakoniti djelomi\u010dni poba\u010daj<\/strong><\/h3>\n\n\n\n<p>Mnoga tijela ove djece su rastrgana ili imaju drugi oblik o\u0161te\u0107enja koji je vjerojatno rezultat poba\u010daja.<\/p>\n\n\n\n<p>Jedna od djevoj\u010dica ima otvoreno desno oko, znatna o\u0161te\u0107enja glave dok je ostatak tijela relativno netaknut. Snimka je prikazuje sklup\u010danu u fetalni polo\u017eaj s ru\u017ei\u010dastom ko\u017eom.<\/p>\n\n\n\n<p>Kako ka\u017ee dr. Kolb, djevoj\u010dica je vjerojatno bila u 28. \u2013 30. tjednu kada je poba\u010dena. \u201eOvo dijete je, \u010dini se, negdje u 28. \u2013 30. tjednu gestacijske dobi, s rastrganom stra\u017enjom stranom vrata \u0161to se vjerojatno povezuje s metodom poba\u010daja kori\u0161tenom da bi se okon\u010dao njezin \u017eivot.\u201c<\/p>\n\n\n\n<h3 class=\"wp-block-heading\"><strong>Nero\u0111ena djeca osje\u0107aju bol<\/strong><\/h3>\n\n\n\n<p>NLM navodi da su u ovoj fazi \u201esvi dijelovi djetetova mozga razvijeni, otisci stopala i dlanova se formiraju\u201c, a \u201edijete mo\u017ee uzdrhtati na glasne zvukove\u201c. Lije\u010dnici su <a href=\"https:\/\/www.foxnews.com\/us\/planned-parenthood-tissue-procurer-abortion-clinic-testimony\">ustvrdili<\/a> da dijete mo\u017ee osje\u0107ati bol u ovoj fazi. Jedan izvr\u0161itelj poba\u010daja je <a href=\"https:\/\/www.foxnews.com\/politics\/mississippi-tate-reeves-science-abortion-supreme-court\">rekao za Fox News<\/a> da u 23. tjednu bebe po\u010dinju razvijati talamokortikalna vlakna za procesuiranje boli.<\/p>\n\n\n\n<p>Prevladavaju\u0107u granicu za bol u 24. tjednu propitivao je dr. Stuart Derbyshire koji je prije&nbsp; fetalnu bol nazvao \u201eneto\u010dnim nazivom\u201c. Nedavno je objavio \u010dlanak u kojemu dokazuje da djeca mogu <a href=\"https:\/\/www.liveaction.org\/news\/pro-abortion-researcher-preborn-pain-earlier\/\">osjetiti bol ve\u0107 u 12. tjednu<\/a>.<\/p>\n\n\n\n<p>Citiraju\u0107i literaturu, Institut Charlotte Lozier isti\u010de da <a href=\"https:\/\/s27589.pcdn.co\/wp-content\/uploads\/2020\/02\/Science-of-Fetal-Pain-Fact-Sheet-Spring2020.pdf\">istra\u017eivanje ukazuje<\/a> da je \u201e\u017eiv\u010dana veza od periferije do mozga funkcionalno dovr\u0161ena nakon 18. tjedna\u201c.<\/p>\n\n\n\n<p>Te\u0161ko je re\u0107i kako je ova djevoj\u010dica u kona\u010dnici umrla, ali dr. Aultman ka\u017ee da je, ako je djevoj\u010dica bila \u017eiva na po\u010detku zahvata, izvr\u0161itelj poba\u010daja po\u010dinio nezakoniti djelomi\u010dni poba\u010daj u kojem je dijete dijelom poro\u0111eno prije nego \u0161to je lije\u010dnik okon\u010dao njegov \u017eivot.<\/p>\n\n\n\n<h3 class=\"wp-block-heading\"><strong>\u201eDjevoj\u010dica br. 2\u201c je vjerojatno pretrpjela \u201cnezamislivo brutalan zahvat\u201d<\/strong><\/h3>\n\n\n\n<p>Jedna od beba u kasnijoj gestacijskoj dobi prona\u0111ena je u dijelovima. Snimka prikazuje njezinu otkinutu ruku i noge pripojene na torzo. Meso je tamno zbog raspadanja, a glava je zdrobljena.<br>Dr. Kolb je rekla za <em>Live Action News<\/em> da je ova djevoj\u010dica pretrpjela dilataciju i evakuaciju (D&amp;E), poba\u010daj koji podrazumijeva trganje djeteta na dijelove prije nego joj se zdrobi lubanja medicinskim instrumentima.<\/p>\n\n\n\n<p>\u201eIako je te\u0161ko precizno re\u0107i, ovo dijete je vjerojatno bilo staro 26 \u2013 28 tjedana u vrijeme poba\u010daja\u201c, ka\u017ee Kolb.<\/p>\n\n\n\n<p>\u201eNa njoj se vide dokazi odjeljivanja gornjih ekstremiteta, odrubljivanja glave i va\u0111enja utrobe kao rezultat nezamislivo brutalnog zahvata.\u201c Mno\u0161tvo drugih beba je prona\u0111eno s organima, utrobe i plu\u0107a izva\u0111enima iz tijela te sa zgr\u010denim i izlomljenim tijelima.<\/p>\n\n\n\n<h3 class=\"wp-block-heading\"><strong>\u201eDijete X\u201c prona\u0111eno u amnionskoj vre\u0107ici moglo je biti ro\u0111eno \u017eivo<\/strong><\/h3>\n\n\n\n<p>Osim poba\u010daja koji uklju\u010duje dilataciju i evakuaciju, izvr\u0161itelji poba\u010daja mogu inducirati porod nakon \u0161to pobace dijete ubrizgavanjem digoksina. Iako nije poznato koje su (i jesu li uop\u0107e) kemijska sredstva primili, jedno od njih pokazuje znakove indukcije i potencijalnog \u017eivota izvan maternice.<\/p>\n\n\n\n<p>Slike i snimke pokazuju dobro razvijeno dijete u fetalnom polo\u017eaju i ovijeno amnionskom vre\u0107icom. Mo\u017ee se vidjeti ru\u017ei\u010dasto stopalo i ruka s venama koja je poplavila zbog nedostatka kisika.<\/p>\n\n\n\n<h3 class=\"wp-block-heading\"><strong>Ne pru\u017eaju djeci prvu pomo\u0107<\/strong><\/h3>\n\n\n\n<p>S obzirom da je tijelo te bebe na\u0111eno unutar svoje amnionske vre\u0107ice \u2013 to postavlja pitanja o tome kako je izvr\u0161itelj poba\u010daja okon\u010dao njezin ili njegov \u017eivot. <strong>Dr. Santangelo rekao je za <\/strong><em><strong>Live Action<\/strong><\/em><strong> 2013. da prere\u017ee djetetovu pup\u010danu vrpcu i \u010deka da dijete umre od sr\u010danog udara.<\/strong> U toj fazi lije\u010dnici bi vjerojatno bili u mogu\u0107nosti izbje\u0107i zakon o djelomi\u010dnom poba\u010daju ubijaju\u0107i dijete prije nego iza\u0111e iz majke.<\/p>\n\n\n\n<p>U razgovoru za <em>Live Action News<\/em>, dr. Aultman nije bila sigurna mo\u017ee li se takav poba\u010daj izvesti na djetetu unutar amnionske vre\u0107ice. Dodala je da bi poba\u010daj trebao uklju\u010divati injekciju za ubojstvo fetusa.<\/p>\n\n\n\n<p>\u201eNije mogu\u0107e odrediti spol iz ovog kuta\u201c, rekla je. \u201eTe\u0161ko je utvrditi gestacijsku dob, ali je dijete vjerojatno u kasnom drugom ili ranom tre\u0107em tromjese\u010dju. Indukcijska metoda bi trebala biti kori\u0161tena tijekom poba\u010daja. Osim ako je ovo dijete primilo neki lijek napravljen da ga ubije prije poba\u010daja, <strong>on ili ona bi vjerojatno bila ro\u0111ena \u017eiva, a potom ostavljena da umre.<\/strong> Bez puknu\u0107a amnionske vre\u0107ice, ne bi bilo mogu\u0107e prerezati pup\u010danu vrpcu da se uzrokuje smrt prije poba\u010daja.\u201c<\/p>\n\n\n\n<h3 class=\"wp-block-heading\"><strong>Mediji iskrivljuju raspravu dok izmijenjena eti\u010dka pitanja mu\u010de industriju poba\u010daja<\/strong><\/h3>\n\n\n\n<p>Indukcijski poba\u010daj \u010desto omogu\u0107uje da tijela nero\u0111ene djece da ostanu netaknuta. Prije evakuacije djeteta, izvr\u0161itelji poba\u010daja \u017eele biti sigurni u smrt fetusa, kako neki ka\u017eu, zaustavljaju\u0107i rad njihova srca digoksinom ili drugim spojem za poba\u010daj. S druge strane, dilatacija i evakuacija (D&amp;E) uklju\u010duju doslovno trganje nero\u0111enog djeteta \u2013 odvajaju njegove ili njezine udove i drobe djetetovu lubanju dok mo\u017edana tvar ne izi\u0111e iz glave.<\/p>\n\n\n\n<p>Za <em>Live Action<\/em> je re\u010deno da su tijela otkrivena u Klinici za kirurgiju u Washingtonu, ustanovi u kojoj operira dr. Cesare Santangelo. <strong>On je ginekolog kojeg je <\/strong><em><strong>Live Action<\/strong><\/em><strong> snimio kako ka\u017ee da bi pustio poba\u010deno dijete da umre ako ono pre\u017eivi izvan majke.<\/strong><\/p>\n\n\n\n<h3 class=\"wp-block-heading\"><strong>\u201eRadili bismo stvari \u2013 da \u2013 ne bismo mu pomogli\u201c<\/strong><\/h3>\n\n\n\n<p><strong>\u201eRadili bismo stvari \u2013 da \u2013 ne bismo mu pomogli\u201c<\/strong>, rekao je tajnom istra\u017eitelju 2013.<\/p>\n\n\n\n<p>\u201eRecimo. Ne bi \u2013 ne bi, ovaj, intubirali, recimo. Ok? Da, ne bismo radili ni\u0161ta dodatno \u2013 znate?\u2026 to bi bilo, znate, ovaj \u2013 osoba koja bi bila \u2013 krajnja osoba u bolnici, recimo \u2013 koja ima rak. Znate? Ne bi radili nikakve dodatne postupke kako bi pomogli osobi da pre\u017eivi.\u201c<\/p>\n\n\n\n<p>Tako\u0111er je rekao da \u201eu va\u0161oj trudno\u0107i prerano je da pre\u017eivi, obi\u010dno. Umrijet \u0107e brzo nakon ro\u0111enja\u201c. Trudno\u0107u je identificirao kao \u201cu 24. \u2013 25. tjednu\u201c.<\/p>\n\n\n\n<p>Biv\u0161i djelatnik <em>Planned Parenthood<\/em> izjavio je da je njihov djelatnik vidio dijete ro\u0111eno \u017eivo nakon poba\u010daja. To je bio dio <a href=\"https:\/\/www.foxnews.com\/us\/planned-parenthood-tissue-procurer-abortion-clinic-testimony\">iskaza pod zakletvom<\/a> u gra\u0111anskom postupku Davida Daleidena i pru\u017eatelja poba\u010daja. Drugi iskaz dala je Perrin Larton, voditeljica nabave za tvrtku <em>Advanced Biosciences Resources<\/em> koja je vidjela srce koje kuca i netaknute fetuse.<\/p>\n\n\n\n<h3 class=\"wp-block-heading\"><strong>\u010cekaju odgovore federalne vlade<\/strong><\/h3>\n\n\n\n<p>Dr. Deorah Nucatola, djelatnik <em>Planned Parenthooda<\/em> mo\u017ee se vidjeti u Daleidenovim snimkama, kako govori da je vidjela&nbsp; bebe koje ne mogu same pre\u017eivjeti nakon \u0161to napuste maternicu.<\/p>\n\n\n\n<p>Istra\u017eivanje fetalnog tkiva podlije\u017ee posebnom ispitivanju s obzirom na to da poti\u010de komodifikaciju dijelova dje\u010djeg tijela.<\/p>\n\n\n\n<p>Republikanci u Kongresu jo\u0161 uvijek \u010dekaju odgovore federalne vlade na <a href=\"https:\/\/www.foxnews.com\/politics\/pittsburgh-live-fetus-organs\">izjave<\/a> Sveu\u010dili\u0161ta u Pittsburghu o njihovu istra\u017eivanju fetalnog tkiva. Iako je Sveu\u010dili\u0161te negiralo sudjelovanje u medicinskim postupcima, njegova prijava za federalno financiranje nazna\u010dila je njegovu sposobnost da minimiziraju ishemijsko vrijeme koje se odnosi na vrijeme nakon \u0161to se presije\u010de dotok krvi iz nekog dijela tijela da bi se osigurali najkvalitetniji biolo\u0161ki uzorci. Vi\u0161e lije\u010dnika je izjavilo za Fox News da ove izjave upu\u0107uju na mogu\u0107nost da su organi ili bili izva\u0111eni iz tijela \u017eive djece ili iz tijela nedavno preminule djece.<br><em>Planned Parenthood<\/em> opetovano je negiralo \u010dedomorstvo kao i Sveu\u010dili\u0161te u Pittsburghu.<\/p>\n\n\n\n<p><em>Izvor: narod.hr<\/em><\/p>\n","protected":false},"excerpt":{"rendered":"<p>Tijela petero beba na\u0111ena su u stanu u D.C.-ju (District of Columbia, Washington)u SAD-u. Lije\u010dnici su za Live Action News izjavili da je rije\u010d o bebama koje su pre\u017eivjele poba\u010daj i koje su mogle pre\u017eivjeti. To je potaknulo pitanje o zakonitim i ozbiljnim eti\u010dkim prekr\u0161ajima klinika za poba\u010daj. Preminula djeca mogla su se odr\u017eati na [&hellip;]<\/p>\n","protected":false},"author":2,"featured_media":44898,"comment_status":"closed","ping_status":"closed","sticky":false,"template":"","format":"standard","meta":{"h5ap_radio_sources":[],"footnotes":""},"categories":[1],"tags":[],"class_list":["post-131571","post","type-post","status-publish","format-standard","has-post-thumbnail","hentry","category-bihiregija"],"yoast_head":"<!-- This site is optimized with the Yoast SEO plugin v27.5 - https:\/\/yoast.com\/product\/yoast-seo-wordpress\/ -->\n<title>Horor u SAD-u: Na\u0111ena tijela pet nero\u0111enih beba koja su najvjerojatnije ubijena nakon neuspjelog poba\u010daja - RADIO LJUBU\u0160KI<\/title>\n<meta name=\"robots\" content=\"index, follow, max-snippet:-1, max-image-preview:large, max-video-preview:-1\" \/>\n<link rel=\"canonical\" href=\"https:\/\/radioljubuski.ba\/index.php\/2022\/04\/11\/horor-u-sad-u-nadena-tijela-pet-nerodenih-beba-koja-su-najvjerojatnije-ubijena-nakon-neuspjelog-pobacaja\/\" \/>\n<meta property=\"og:locale\" content=\"hr_HR\" \/>\n<meta property=\"og:type\" content=\"article\" \/>\n<meta property=\"og:title\" content=\"Horor u SAD-u: Na\u0111ena tijela pet nero\u0111enih beba koja su najvjerojatnije ubijena nakon neuspjelog poba\u010daja - RADIO LJUBU\u0160KI\" \/>\n<meta property=\"og:description\" content=\"Tijela petero beba na\u0111ena su u stanu u D.C.-ju (District of Columbia, Washington)u SAD-u. Lije\u010dnici su za Live Action News izjavili da je rije\u010d o bebama koje su pre\u017eivjele poba\u010daj i koje su mogle pre\u017eivjeti. To je potaknulo pitanje o zakonitim i ozbiljnim eti\u010dkim prekr\u0161ajima klinika za poba\u010daj. Preminula djeca mogla su se odr\u017eati na [&hellip;]\" \/>\n<meta property=\"og:url\" content=\"https:\/\/radioljubuski.ba\/index.php\/2022\/04\/11\/horor-u-sad-u-nadena-tijela-pet-nerodenih-beba-koja-su-najvjerojatnije-ubijena-nakon-neuspjelog-pobacaja\/\" \/>\n<meta property=\"og:site_name\" content=\"RADIO LJUBU\u0160KI\" \/>\n<meta property=\"article:publisher\" content=\"https:\/\/www.facebook.com\/Radiio-Ljubuski-1490835324566332\" \/>\n<meta property=\"article:published_time\" content=\"2022-04-11T13:09:51+00:00\" \/>\n<meta property=\"article:modified_time\" content=\"2022-04-11T13:09:53+00:00\" \/>\n<meta property=\"og:image\" content=\"https:\/\/radioljubuski.ba\/wp-content\/uploads\/2021\/07\/62081384-bebe.jpg\" \/>\n\t<meta property=\"og:image:width\" content=\"500\" \/>\n\t<meta property=\"og:image:height\" content=\"310\" \/>\n\t<meta property=\"og:image:type\" content=\"image\/jpeg\" \/>\n<meta name=\"author\" content=\"Radio Ljubu\u0161ki\" \/>\n<meta name=\"twitter:card\" content=\"summary_large_image\" \/>\n<meta name=\"twitter:creator\" content=\"@radioljubuski\" \/>\n<meta name=\"twitter:site\" content=\"@radioljubuski\" \/>\n<meta name=\"twitter:label1\" content=\"Napisao\/la\" \/>\n\t<meta name=\"twitter:data1\" content=\"Radio Ljubu\u0161ki\" \/>\n\t<meta name=\"twitter:label2\" content=\"Procijenjeno vrijeme \u010ditanja\" \/>\n\t<meta name=\"twitter:data2\" content=\"9 minuta\" \/>\n<script type=\"application\/ld+json\" class=\"yoast-schema-graph\">{\"@context\":\"https:\\\/\\\/schema.org\",\"@graph\":[{\"@type\":\"Article\",\"@id\":\"https:\\\/\\\/radioljubuski.ba\\\/index.php\\\/2022\\\/04\\\/11\\\/horor-u-sad-u-nadena-tijela-pet-nerodenih-beba-koja-su-najvjerojatnije-ubijena-nakon-neuspjelog-pobacaja\\\/#article\",\"isPartOf\":{\"@id\":\"https:\\\/\\\/radioljubuski.ba\\\/index.php\\\/2022\\\/04\\\/11\\\/horor-u-sad-u-nadena-tijela-pet-nerodenih-beba-koja-su-najvjerojatnije-ubijena-nakon-neuspjelog-pobacaja\\\/\"},\"author\":{\"name\":\"Radio Ljubu\u0161ki\",\"@id\":\"https:\\\/\\\/radioljubuski.ba\\\/#\\\/schema\\\/person\\\/19fc700381a780f69665d7956c469e3b\"},\"headline\":\"Horor u SAD-u: Na\u0111ena tijela pet nero\u0111enih beba koja su najvjerojatnije ubijena nakon neuspjelog poba\u010daja\",\"datePublished\":\"2022-04-11T13:09:51+00:00\",\"dateModified\":\"2022-04-11T13:09:53+00:00\",\"mainEntityOfPage\":{\"@id\":\"https:\\\/\\\/radioljubuski.ba\\\/index.php\\\/2022\\\/04\\\/11\\\/horor-u-sad-u-nadena-tijela-pet-nerodenih-beba-koja-su-najvjerojatnije-ubijena-nakon-neuspjelog-pobacaja\\\/\"},\"wordCount\":2196,\"publisher\":{\"@id\":\"https:\\\/\\\/radioljubuski.ba\\\/#organization\"},\"image\":{\"@id\":\"https:\\\/\\\/radioljubuski.ba\\\/index.php\\\/2022\\\/04\\\/11\\\/horor-u-sad-u-nadena-tijela-pet-nerodenih-beba-koja-su-najvjerojatnije-ubijena-nakon-neuspjelog-pobacaja\\\/#primaryimage\"},\"thumbnailUrl\":\"https:\\\/\\\/radioljubuski.ba\\\/wp-content\\\/uploads\\\/2021\\\/07\\\/62081384-bebe.jpg\",\"articleSection\":[\"BIH i regija\"],\"inLanguage\":\"hr\"},{\"@type\":\"WebPage\",\"@id\":\"https:\\\/\\\/radioljubuski.ba\\\/index.php\\\/2022\\\/04\\\/11\\\/horor-u-sad-u-nadena-tijela-pet-nerodenih-beba-koja-su-najvjerojatnije-ubijena-nakon-neuspjelog-pobacaja\\\/\",\"url\":\"https:\\\/\\\/radioljubuski.ba\\\/index.php\\\/2022\\\/04\\\/11\\\/horor-u-sad-u-nadena-tijela-pet-nerodenih-beba-koja-su-najvjerojatnije-ubijena-nakon-neuspjelog-pobacaja\\\/\",\"name\":\"Horor u SAD-u: Na\u0111ena tijela pet nero\u0111enih beba koja su najvjerojatnije ubijena nakon neuspjelog poba\u010daja - RADIO LJUBU\u0160KI\",\"isPartOf\":{\"@id\":\"https:\\\/\\\/radioljubuski.ba\\\/#website\"},\"primaryImageOfPage\":{\"@id\":\"https:\\\/\\\/radioljubuski.ba\\\/index.php\\\/2022\\\/04\\\/11\\\/horor-u-sad-u-nadena-tijela-pet-nerodenih-beba-koja-su-najvjerojatnije-ubijena-nakon-neuspjelog-pobacaja\\\/#primaryimage\"},\"image\":{\"@id\":\"https:\\\/\\\/radioljubuski.ba\\\/index.php\\\/2022\\\/04\\\/11\\\/horor-u-sad-u-nadena-tijela-pet-nerodenih-beba-koja-su-najvjerojatnije-ubijena-nakon-neuspjelog-pobacaja\\\/#primaryimage\"},\"thumbnailUrl\":\"https:\\\/\\\/radioljubuski.ba\\\/wp-content\\\/uploads\\\/2021\\\/07\\\/62081384-bebe.jpg\",\"datePublished\":\"2022-04-11T13:09:51+00:00\",\"dateModified\":\"2022-04-11T13:09:53+00:00\",\"breadcrumb\":{\"@id\":\"https:\\\/\\\/radioljubuski.ba\\\/index.php\\\/2022\\\/04\\\/11\\\/horor-u-sad-u-nadena-tijela-pet-nerodenih-beba-koja-su-najvjerojatnije-ubijena-nakon-neuspjelog-pobacaja\\\/#breadcrumb\"},\"inLanguage\":\"hr\",\"potentialAction\":[{\"@type\":\"ReadAction\",\"target\":[\"https:\\\/\\\/radioljubuski.ba\\\/index.php\\\/2022\\\/04\\\/11\\\/horor-u-sad-u-nadena-tijela-pet-nerodenih-beba-koja-su-najvjerojatnije-ubijena-nakon-neuspjelog-pobacaja\\\/\"]}]},{\"@type\":\"ImageObject\",\"inLanguage\":\"hr\",\"@id\":\"https:\\\/\\\/radioljubuski.ba\\\/index.php\\\/2022\\\/04\\\/11\\\/horor-u-sad-u-nadena-tijela-pet-nerodenih-beba-koja-su-najvjerojatnije-ubijena-nakon-neuspjelog-pobacaja\\\/#primaryimage\",\"url\":\"https:\\\/\\\/radioljubuski.ba\\\/wp-content\\\/uploads\\\/2021\\\/07\\\/62081384-bebe.jpg\",\"contentUrl\":\"https:\\\/\\\/radioljubuski.ba\\\/wp-content\\\/uploads\\\/2021\\\/07\\\/62081384-bebe.jpg\",\"width\":500,\"height\":310},{\"@type\":\"BreadcrumbList\",\"@id\":\"https:\\\/\\\/radioljubuski.ba\\\/index.php\\\/2022\\\/04\\\/11\\\/horor-u-sad-u-nadena-tijela-pet-nerodenih-beba-koja-su-najvjerojatnije-ubijena-nakon-neuspjelog-pobacaja\\\/#breadcrumb\",\"itemListElement\":[{\"@type\":\"ListItem\",\"position\":1,\"name\":\"Po\u010detna stranica\",\"item\":\"https:\\\/\\\/radioljubuski.ba\\\/\"},{\"@type\":\"ListItem\",\"position\":2,\"name\":\"Horor u SAD-u: Na\u0111ena tijela pet nero\u0111enih beba koja su najvjerojatnije ubijena nakon neuspjelog poba\u010daja\"}]},{\"@type\":\"WebSite\",\"@id\":\"https:\\\/\\\/radioljubuski.ba\\\/#website\",\"url\":\"https:\\\/\\\/radioljubuski.ba\\\/\",\"name\":\"Radio Ljubu\u0161ki\",\"description\":\"Sun\u010dana frekvencija Hercegovine\",\"publisher\":{\"@id\":\"https:\\\/\\\/radioljubuski.ba\\\/#organization\"},\"potentialAction\":[{\"@type\":\"SearchAction\",\"target\":{\"@type\":\"EntryPoint\",\"urlTemplate\":\"https:\\\/\\\/radioljubuski.ba\\\/?s={search_term_string}\"},\"query-input\":{\"@type\":\"PropertyValueSpecification\",\"valueRequired\":true,\"valueName\":\"search_term_string\"}}],\"inLanguage\":\"hr\"},{\"@type\":\"Organization\",\"@id\":\"https:\\\/\\\/radioljubuski.ba\\\/#organization\",\"name\":\"Radio Ljubu\u0161ki\",\"url\":\"https:\\\/\\\/radioljubuski.ba\\\/\",\"logo\":{\"@type\":\"ImageObject\",\"inLanguage\":\"hr\",\"@id\":\"https:\\\/\\\/radioljubuski.ba\\\/#\\\/schema\\\/logo\\\/image\\\/\",\"url\":\"https:\\\/\\\/radioljubuski.ba\\\/wp-content\\\/uploads\\\/2021\\\/02\\\/cropped-Radio_Ljubuski_logo1.jpg\",\"contentUrl\":\"https:\\\/\\\/radioljubuski.ba\\\/wp-content\\\/uploads\\\/2021\\\/02\\\/cropped-Radio_Ljubuski_logo1.jpg\",\"width\":512,\"height\":512,\"caption\":\"Radio Ljubu\u0161ki\"},\"image\":{\"@id\":\"https:\\\/\\\/radioljubuski.ba\\\/#\\\/schema\\\/logo\\\/image\\\/\"},\"sameAs\":[\"https:\\\/\\\/www.facebook.com\\\/Radiio-Ljubuski-1490835324566332\",\"https:\\\/\\\/x.com\\\/radioljubuski\",\"https:\\\/\\\/hr.linkedin.com\\\/company\\\/radio-ljubuski\",\"https:\\\/\\\/www.youtube.com\\\/channel\\\/UCHYaeO_n0Db3tjNGudGpXyw\"]},{\"@type\":\"Person\",\"@id\":\"https:\\\/\\\/radioljubuski.ba\\\/#\\\/schema\\\/person\\\/19fc700381a780f69665d7956c469e3b\",\"name\":\"Radio Ljubu\u0161ki\"}]}<\/script>\n<!-- \/ Yoast SEO plugin. -->","yoast_head_json":{"title":"Horor u SAD-u: Na\u0111ena tijela pet nero\u0111enih beba koja su najvjerojatnije ubijena nakon neuspjelog poba\u010daja - RADIO LJUBU\u0160KI","robots":{"index":"index","follow":"follow","max-snippet":"max-snippet:-1","max-image-preview":"max-image-preview:large","max-video-preview":"max-video-preview:-1"},"canonical":"https:\/\/radioljubuski.ba\/index.php\/2022\/04\/11\/horor-u-sad-u-nadena-tijela-pet-nerodenih-beba-koja-su-najvjerojatnije-ubijena-nakon-neuspjelog-pobacaja\/","og_locale":"hr_HR","og_type":"article","og_title":"Horor u SAD-u: Na\u0111ena tijela pet nero\u0111enih beba koja su najvjerojatnije ubijena nakon neuspjelog poba\u010daja - RADIO LJUBU\u0160KI","og_description":"Tijela petero beba na\u0111ena su u stanu u D.C.-ju (District of Columbia, Washington)u SAD-u. Lije\u010dnici su za Live Action News izjavili da je rije\u010d o bebama koje su pre\u017eivjele poba\u010daj i koje su mogle pre\u017eivjeti. To je potaknulo pitanje o zakonitim i ozbiljnim eti\u010dkim prekr\u0161ajima klinika za poba\u010daj. Preminula djeca mogla su se odr\u017eati na [&hellip;]","og_url":"https:\/\/radioljubuski.ba\/index.php\/2022\/04\/11\/horor-u-sad-u-nadena-tijela-pet-nerodenih-beba-koja-su-najvjerojatnije-ubijena-nakon-neuspjelog-pobacaja\/","og_site_name":"RADIO LJUBU\u0160KI","article_publisher":"https:\/\/www.facebook.com\/Radiio-Ljubuski-1490835324566332","article_published_time":"2022-04-11T13:09:51+00:00","article_modified_time":"2022-04-11T13:09:53+00:00","og_image":[{"width":500,"height":310,"url":"https:\/\/radioljubuski.ba\/wp-content\/uploads\/2021\/07\/62081384-bebe.jpg","type":"image\/jpeg"}],"author":"Radio Ljubu\u0161ki","twitter_card":"summary_large_image","twitter_creator":"@radioljubuski","twitter_site":"@radioljubuski","twitter_misc":{"Napisao\/la":"Radio Ljubu\u0161ki","Procijenjeno vrijeme \u010ditanja":"9 minuta"},"schema":{"@context":"https:\/\/schema.org","@graph":[{"@type":"Article","@id":"https:\/\/radioljubuski.ba\/index.php\/2022\/04\/11\/horor-u-sad-u-nadena-tijela-pet-nerodenih-beba-koja-su-najvjerojatnije-ubijena-nakon-neuspjelog-pobacaja\/#article","isPartOf":{"@id":"https:\/\/radioljubuski.ba\/index.php\/2022\/04\/11\/horor-u-sad-u-nadena-tijela-pet-nerodenih-beba-koja-su-najvjerojatnije-ubijena-nakon-neuspjelog-pobacaja\/"},"author":{"name":"Radio Ljubu\u0161ki","@id":"https:\/\/radioljubuski.ba\/#\/schema\/person\/19fc700381a780f69665d7956c469e3b"},"headline":"Horor u SAD-u: Na\u0111ena tijela pet nero\u0111enih beba koja su najvjerojatnije ubijena nakon neuspjelog poba\u010daja","datePublished":"2022-04-11T13:09:51+00:00","dateModified":"2022-04-11T13:09:53+00:00","mainEntityOfPage":{"@id":"https:\/\/radioljubuski.ba\/index.php\/2022\/04\/11\/horor-u-sad-u-nadena-tijela-pet-nerodenih-beba-koja-su-najvjerojatnije-ubijena-nakon-neuspjelog-pobacaja\/"},"wordCount":2196,"publisher":{"@id":"https:\/\/radioljubuski.ba\/#organization"},"image":{"@id":"https:\/\/radioljubuski.ba\/index.php\/2022\/04\/11\/horor-u-sad-u-nadena-tijela-pet-nerodenih-beba-koja-su-najvjerojatnije-ubijena-nakon-neuspjelog-pobacaja\/#primaryimage"},"thumbnailUrl":"https:\/\/radioljubuski.ba\/wp-content\/uploads\/2021\/07\/62081384-bebe.jpg","articleSection":["BIH i regija"],"inLanguage":"hr"},{"@type":"WebPage","@id":"https:\/\/radioljubuski.ba\/index.php\/2022\/04\/11\/horor-u-sad-u-nadena-tijela-pet-nerodenih-beba-koja-su-najvjerojatnije-ubijena-nakon-neuspjelog-pobacaja\/","url":"https:\/\/radioljubuski.ba\/index.php\/2022\/04\/11\/horor-u-sad-u-nadena-tijela-pet-nerodenih-beba-koja-su-najvjerojatnije-ubijena-nakon-neuspjelog-pobacaja\/","name":"Horor u SAD-u: Na\u0111ena tijela pet nero\u0111enih beba koja su najvjerojatnije ubijena nakon neuspjelog poba\u010daja - RADIO LJUBU\u0160KI","isPartOf":{"@id":"https:\/\/radioljubuski.ba\/#website"},"primaryImageOfPage":{"@id":"https:\/\/radioljubuski.ba\/index.php\/2022\/04\/11\/horor-u-sad-u-nadena-tijela-pet-nerodenih-beba-koja-su-najvjerojatnije-ubijena-nakon-neuspjelog-pobacaja\/#primaryimage"},"image":{"@id":"https:\/\/radioljubuski.ba\/index.php\/2022\/04\/11\/horor-u-sad-u-nadena-tijela-pet-nerodenih-beba-koja-su-najvjerojatnije-ubijena-nakon-neuspjelog-pobacaja\/#primaryimage"},"thumbnailUrl":"https:\/\/radioljubuski.ba\/wp-content\/uploads\/2021\/07\/62081384-bebe.jpg","datePublished":"2022-04-11T13:09:51+00:00","dateModified":"2022-04-11T13:09:53+00:00","breadcrumb":{"@id":"https:\/\/radioljubuski.ba\/index.php\/2022\/04\/11\/horor-u-sad-u-nadena-tijela-pet-nerodenih-beba-koja-su-najvjerojatnije-ubijena-nakon-neuspjelog-pobacaja\/#breadcrumb"},"inLanguage":"hr","potentialAction":[{"@type":"ReadAction","target":["https:\/\/radioljubuski.ba\/index.php\/2022\/04\/11\/horor-u-sad-u-nadena-tijela-pet-nerodenih-beba-koja-su-najvjerojatnije-ubijena-nakon-neuspjelog-pobacaja\/"]}]},{"@type":"ImageObject","inLanguage":"hr","@id":"https:\/\/radioljubuski.ba\/index.php\/2022\/04\/11\/horor-u-sad-u-nadena-tijela-pet-nerodenih-beba-koja-su-najvjerojatnije-ubijena-nakon-neuspjelog-pobacaja\/#primaryimage","url":"https:\/\/radioljubuski.ba\/wp-content\/uploads\/2021\/07\/62081384-bebe.jpg","contentUrl":"https:\/\/radioljubuski.ba\/wp-content\/uploads\/2021\/07\/62081384-bebe.jpg","width":500,"height":310},{"@type":"BreadcrumbList","@id":"https:\/\/radioljubuski.ba\/index.php\/2022\/04\/11\/horor-u-sad-u-nadena-tijela-pet-nerodenih-beba-koja-su-najvjerojatnije-ubijena-nakon-neuspjelog-pobacaja\/#breadcrumb","itemListElement":[{"@type":"ListItem","position":1,"name":"Po\u010detna stranica","item":"https:\/\/radioljubuski.ba\/"},{"@type":"ListItem","position":2,"name":"Horor u SAD-u: Na\u0111ena tijela pet nero\u0111enih beba koja su najvjerojatnije ubijena nakon neuspjelog poba\u010daja"}]},{"@type":"WebSite","@id":"https:\/\/radioljubuski.ba\/#website","url":"https:\/\/radioljubuski.ba\/","name":"Radio Ljubu\u0161ki","description":"Sun\u010dana frekvencija Hercegovine","publisher":{"@id":"https:\/\/radioljubuski.ba\/#organization"},"potentialAction":[{"@type":"SearchAction","target":{"@type":"EntryPoint","urlTemplate":"https:\/\/radioljubuski.ba\/?s={search_term_string}"},"query-input":{"@type":"PropertyValueSpecification","valueRequired":true,"valueName":"search_term_string"}}],"inLanguage":"hr"},{"@type":"Organization","@id":"https:\/\/radioljubuski.ba\/#organization","name":"Radio Ljubu\u0161ki","url":"https:\/\/radioljubuski.ba\/","logo":{"@type":"ImageObject","inLanguage":"hr","@id":"https:\/\/radioljubuski.ba\/#\/schema\/logo\/image\/","url":"https:\/\/radioljubuski.ba\/wp-content\/uploads\/2021\/02\/cropped-Radio_Ljubuski_logo1.jpg","contentUrl":"https:\/\/radioljubuski.ba\/wp-content\/uploads\/2021\/02\/cropped-Radio_Ljubuski_logo1.jpg","width":512,"height":512,"caption":"Radio Ljubu\u0161ki"},"image":{"@id":"https:\/\/radioljubuski.ba\/#\/schema\/logo\/image\/"},"sameAs":["https:\/\/www.facebook.com\/Radiio-Ljubuski-1490835324566332","https:\/\/x.com\/radioljubuski","https:\/\/hr.linkedin.com\/company\/radio-ljubuski","https:\/\/www.youtube.com\/channel\/UCHYaeO_n0Db3tjNGudGpXyw"]},{"@type":"Person","@id":"https:\/\/radioljubuski.ba\/#\/schema\/person\/19fc700381a780f69665d7956c469e3b","name":"Radio Ljubu\u0161ki"}]}},"_links":{"self":[{"href":"https:\/\/radioljubuski.ba\/index.php\/wp-json\/wp\/v2\/posts\/131571","targetHints":{"allow":["GET"]}}],"collection":[{"href":"https:\/\/radioljubuski.ba\/index.php\/wp-json\/wp\/v2\/posts"}],"about":[{"href":"https:\/\/radioljubuski.ba\/index.php\/wp-json\/wp\/v2\/types\/post"}],"author":[{"embeddable":true,"href":"https:\/\/radioljubuski.ba\/index.php\/wp-json\/wp\/v2\/users\/2"}],"replies":[{"embeddable":true,"href":"https:\/\/radioljubuski.ba\/index.php\/wp-json\/wp\/v2\/comments?post=131571"}],"version-history":[{"count":1,"href":"https:\/\/radioljubuski.ba\/index.php\/wp-json\/wp\/v2\/posts\/131571\/revisions"}],"predecessor-version":[{"id":131572,"href":"https:\/\/radioljubuski.ba\/index.php\/wp-json\/wp\/v2\/posts\/131571\/revisions\/131572"}],"wp:featuredmedia":[{"embeddable":true,"href":"https:\/\/radioljubuski.ba\/index.php\/wp-json\/wp\/v2\/media\/44898"}],"wp:attachment":[{"href":"https:\/\/radioljubuski.ba\/index.php\/wp-json\/wp\/v2\/media?parent=131571"}],"wp:term":[{"taxonomy":"category","embeddable":true,"href":"https:\/\/radioljubuski.ba\/index.php\/wp-json\/wp\/v2\/categories?post=131571"},{"taxonomy":"post_tag","embeddable":true,"href":"https:\/\/radioljubuski.ba\/index.php\/wp-json\/wp\/v2\/tags?post=131571"}],"curies":[{"name":"wp","href":"https:\/\/api.w.org\/{rel}","templated":true}]}}