{"id":131573,"date":"2022-04-11T14:11:24","date_gmt":"2022-04-11T13:11:24","guid":{"rendered":"https:\/\/radioljubuski.ba\/?p=131573"},"modified":"2022-04-11T14:11:25","modified_gmt":"2022-04-11T13:11:25","slug":"pocelo-sudenje-za-smrt-malene-nikoll-roditelji-stigli-odvojeno-svjedocili-neurokirurg-i-djecji-psihijatar","status":"publish","type":"post","link":"https:\/\/radioljubuski.ba\/index.php\/2022\/04\/11\/pocelo-sudenje-za-smrt-malene-nikoll-roditelji-stigli-odvojeno-svjedocili-neurokirurg-i-djecji-psihijatar\/","title":{"rendered":"Po\u010delo su\u0111enje za smrt malene Nikoll: Roditelji stigli odvojeno, svjedo\u010dili neurokirurg i dje\u010dji psihijatar"},"content":{"rendered":"\n<p>U Slavonskom Brodu traje su\u0111enje roditeljima malene Nikoll, \u010dija je smrt pro\u0161le godine \u0161okirala Hrvatsku. Prvookrivljena je majka, kojoj se na teret stavlja da je 31. o\u017eujka 2021. odgurnula dvogodi\u0161nje dijete nakon \u010dega je ono zadobilo ozljede i preminulo.<\/p>\n\n\n\n<p>Su\u0111enje je po\u010delo u ponedjeljak. Odmah na rasprave, sudac Slaven Vidmar javnost je isklju\u010dio i tako \u0107e ostati do kraja procesa, a u\u010dinio je to zbog za\u0161tite privatnosti djece.<\/p>\n\n\n\n<p>Nakon \u010ditanja optu\u017enice, po\u010dela su svjedo\u010denja. Svjedo\u010dili su vje\u0161taci, neurokirurg i dje\u010dji psihijatar. Roditelji malene Nikoll stigli su na sud odvojeno. Optu\u017enica ih jo\u0161 tereti za emocionalno zanemarivanje te psihi\u010dko i fizi\u010dko zlostavljanje djece.<\/p>\n\n\n\n<p>\u201cSve se doga\u0111alo dok je obitelj bila pod nadzorom Centra za socijalnu skrb, a pet mjeseci prije tragedije malena Nikol iz udomiteljske obitelji, gdje je provela dvije godine, vra\u0107ena je biolo\u0161kim roditeljima. Ta sporna odluka se preispitivala, Komora socijalnih radnika i Psiholo\u0161ka komora provele su nadzor nad novogradi\u0161kim Centrom za socijalnu skrb i oni nisu utvrdili nikakve nepravilnosti, no kontrolni nadzor resornog ministarstva utvrdio je niz nepravilnosti. Nalazi su objavljeni krajem velja\u010de. Nakon toga poslali smo upit DORH-u, a oni su nam odgovorili da bi zbog eventualne odgovornosti djelatnika Centra traju izvidi koji su tajni, izvijestila je <a href=\"https:\/\/vijesti.hrt.hr\/hrvatska\/pocinje-sudenje-roditeljima-zbog-smrti-djevojcice-nikol-6691481\" target=\"_blank\" rel=\"noreferrer noopener\">HRT-ova<\/a> Vi\u0161nja Ru\u017eoj\u010di\u0107.<\/p>\n\n\n\n<p>Su\u0111enje se nastavlja i sutra, bit \u0107e ispitani ostali svjedoci.<\/p>\n\n\n\n<p>Evo \u0161to je po izlasku iz sudnice za HRT rekao dje\u010dji psihijatar Jugoslav Goljkovi\u0107:<\/p>\n\n\n\n<p>\u201cAko dru\u0161tvo ne djeluje suspre\u017eu\u0107i nasilje, ono se kao vatra \u0161iri. Ono \u0161to \u0107e biti na kraju utvr\u0111eno bit \u0107e jako va\u017ena poruka za dru\u0161tvo. Me\u0111utim, delikatan je put jer moramo se \u010duvati projekcija da ne optu\u017eimo nekog drugog i za svoje grijehe\u201d, poru\u010dio je.<\/p>\n\n\n\n<h3 class=\"wp-block-heading\"><strong>Usprkos brojnim prijavama, novogradi\u0161ki Centar vratio je djevoj\u010dicu biolo\u0161kim roditeljima<\/strong><\/h3>\n\n\n\n<p>Podsjetimo, obitelj iz koje potje\u010de djevoj\u010dica bila je poznata novogradi\u0161kom Centru za socijalnu skrb. Njezin otac proteklih je osam godina bio procesuiran \u010dak 23 puta: jednom je prijavljen za kazneno djelo kra\u0111e, dok je 22 puta prijavljivan za razne prekr\u0161aje poput nasilja u obitelji ili reme\u0107enja javnog reda i mira. Usprkos brojnim prijavama, novogradi\u0161ki Centar vratio je djevoj\u010dicu iz udomiteljske obitelji gdje je \u017eivjela od tre\u0107eg mjeseca \u017eivota, biolo\u0161kom ocu i majci.<\/p>\n\n\n\n<p>Dvogodi\u0161nja djevoj\u010dica iz Nove Gradi\u0161ke s ozljedama glave i tijela primljena je 31. o\u017eujka 2021. u novogradi\u0161ku bolnicu. Zbog te\u017eine ozljeda, prevezena je u Kliniku za dje\u010dje bolesti u Klai\u0107evoj ulici u Zagrebu gdje je i preminula 4. travnja. Nakon toga privedeni su roditelji ozlije\u0111ene djevoj\u010dice, a jo\u0161 dvoje njihove djece izdvojeno je iz zajedni\u010dkog ku\u0107anstva. Tre\u0107e dijete, o kojem se skrbila baka, izdvojeno je iz obitelji u o\u017eujku ove godine.<\/p>\n\n\n\n<p>Na godi\u0161njicu smrti djevoj\u010dice pred Centrom za socijalnu skrb u Novoj Gradi\u0161ki i pred \u017dupanijskim sudom u Slavonskom Brodu prosvjedovali su \u010dlanovi udruge \u201cVeronica Vere\u201d. Smatraju da, osim na roditeljima \u2013 u tom slu\u010daju teret odgovornosti i na Centru za socijalu skrb iz Nove Gradi\u0161ke.<\/p>\n\n\n\n<p><em>Izvor: narod.hr\/hrt<\/em><\/p>\n","protected":false},"excerpt":{"rendered":"<p>U Slavonskom Brodu traje su\u0111enje roditeljima malene Nikoll, \u010dija je smrt pro\u0161le godine \u0161okirala Hrvatsku. Prvookrivljena je majka, kojoj se na teret stavlja da je 31. o\u017eujka 2021. odgurnula dvogodi\u0161nje dijete nakon \u010dega je ono zadobilo ozljede i preminulo. Su\u0111enje je po\u010delo u ponedjeljak. Odmah na rasprave, sudac Slaven Vidmar javnost je isklju\u010dio i tako [&hellip;]<\/p>\n","protected":false},"author":2,"featured_media":131574,"comment_status":"closed","ping_status":"closed","sticky":false,"template":"","format":"standard","meta":{"h5ap_radio_sources":[],"footnotes":""},"categories":[1],"tags":[],"class_list":["post-131573","post","type-post","status-publish","format-standard","has-post-thumbnail","hentry","category-bihiregija"],"yoast_head":"<!-- This site is optimized with the Yoast SEO plugin v27.5 - https:\/\/yoast.com\/product\/yoast-seo-wordpress\/ -->\n<title>Po\u010delo su\u0111enje za smrt malene Nikoll: Roditelji stigli odvojeno, svjedo\u010dili neurokirurg i dje\u010dji psihijatar - RADIO LJUBU\u0160KI<\/title>\n<meta name=\"robots\" content=\"index, follow, max-snippet:-1, max-image-preview:large, max-video-preview:-1\" \/>\n<link rel=\"canonical\" href=\"https:\/\/radioljubuski.ba\/index.php\/2022\/04\/11\/pocelo-sudenje-za-smrt-malene-nikoll-roditelji-stigli-odvojeno-svjedocili-neurokirurg-i-djecji-psihijatar\/\" \/>\n<meta property=\"og:locale\" content=\"hr_HR\" \/>\n<meta property=\"og:type\" content=\"article\" \/>\n<meta property=\"og:title\" content=\"Po\u010delo su\u0111enje za smrt malene Nikoll: Roditelji stigli odvojeno, svjedo\u010dili neurokirurg i dje\u010dji psihijatar - RADIO LJUBU\u0160KI\" \/>\n<meta property=\"og:description\" content=\"U Slavonskom Brodu traje su\u0111enje roditeljima malene Nikoll, \u010dija je smrt pro\u0161le godine \u0161okirala Hrvatsku. Prvookrivljena je majka, kojoj se na teret stavlja da je 31. o\u017eujka 2021. odgurnula dvogodi\u0161nje dijete nakon \u010dega je ono zadobilo ozljede i preminulo. Su\u0111enje je po\u010delo u ponedjeljak. Odmah na rasprave, sudac Slaven Vidmar javnost je isklju\u010dio i tako [&hellip;]\" \/>\n<meta property=\"og:url\" content=\"https:\/\/radioljubuski.ba\/index.php\/2022\/04\/11\/pocelo-sudenje-za-smrt-malene-nikoll-roditelji-stigli-odvojeno-svjedocili-neurokirurg-i-djecji-psihijatar\/\" \/>\n<meta property=\"og:site_name\" content=\"RADIO LJUBU\u0160KI\" \/>\n<meta property=\"article:publisher\" content=\"https:\/\/www.facebook.com\/Radiio-Ljubuski-1490835324566332\" \/>\n<meta property=\"article:published_time\" content=\"2022-04-11T13:11:24+00:00\" \/>\n<meta property=\"article:modified_time\" content=\"2022-04-11T13:11:25+00:00\" \/>\n<meta property=\"og:image\" content=\"https:\/\/radioljubuski.ba\/wp-content\/uploads\/2022\/04\/sudenje-nikoll-slavonski-brod-696x448-1.jpg\" \/>\n\t<meta property=\"og:image:width\" content=\"696\" \/>\n\t<meta property=\"og:image:height\" content=\"448\" \/>\n\t<meta property=\"og:image:type\" content=\"image\/jpeg\" \/>\n<meta name=\"author\" content=\"Radio Ljubu\u0161ki\" \/>\n<meta name=\"twitter:card\" content=\"summary_large_image\" \/>\n<meta name=\"twitter:creator\" content=\"@radioljubuski\" \/>\n<meta name=\"twitter:site\" content=\"@radioljubuski\" \/>\n<meta name=\"twitter:label1\" content=\"Napisao\/la\" \/>\n\t<meta name=\"twitter:data1\" content=\"Radio Ljubu\u0161ki\" \/>\n\t<meta name=\"twitter:label2\" content=\"Procijenjeno vrijeme \u010ditanja\" \/>\n\t<meta name=\"twitter:data2\" content=\"3 minute\" \/>\n<script type=\"application\/ld+json\" class=\"yoast-schema-graph\">{\"@context\":\"https:\\\/\\\/schema.org\",\"@graph\":[{\"@type\":\"Article\",\"@id\":\"https:\\\/\\\/radioljubuski.ba\\\/index.php\\\/2022\\\/04\\\/11\\\/pocelo-sudenje-za-smrt-malene-nikoll-roditelji-stigli-odvojeno-svjedocili-neurokirurg-i-djecji-psihijatar\\\/#article\",\"isPartOf\":{\"@id\":\"https:\\\/\\\/radioljubuski.ba\\\/index.php\\\/2022\\\/04\\\/11\\\/pocelo-sudenje-za-smrt-malene-nikoll-roditelji-stigli-odvojeno-svjedocili-neurokirurg-i-djecji-psihijatar\\\/\"},\"author\":{\"name\":\"Radio Ljubu\u0161ki\",\"@id\":\"https:\\\/\\\/radioljubuski.ba\\\/#\\\/schema\\\/person\\\/19fc700381a780f69665d7956c469e3b\"},\"headline\":\"Po\u010delo su\u0111enje za smrt malene Nikoll: Roditelji stigli odvojeno, svjedo\u010dili neurokirurg i dje\u010dji psihijatar\",\"datePublished\":\"2022-04-11T13:11:24+00:00\",\"dateModified\":\"2022-04-11T13:11:25+00:00\",\"mainEntityOfPage\":{\"@id\":\"https:\\\/\\\/radioljubuski.ba\\\/index.php\\\/2022\\\/04\\\/11\\\/pocelo-sudenje-za-smrt-malene-nikoll-roditelji-stigli-odvojeno-svjedocili-neurokirurg-i-djecji-psihijatar\\\/\"},\"wordCount\":553,\"publisher\":{\"@id\":\"https:\\\/\\\/radioljubuski.ba\\\/#organization\"},\"image\":{\"@id\":\"https:\\\/\\\/radioljubuski.ba\\\/index.php\\\/2022\\\/04\\\/11\\\/pocelo-sudenje-za-smrt-malene-nikoll-roditelji-stigli-odvojeno-svjedocili-neurokirurg-i-djecji-psihijatar\\\/#primaryimage\"},\"thumbnailUrl\":\"https:\\\/\\\/radioljubuski.ba\\\/wp-content\\\/uploads\\\/2022\\\/04\\\/sudenje-nikoll-slavonski-brod-696x448-1.jpg\",\"articleSection\":[\"BIH i regija\"],\"inLanguage\":\"hr\"},{\"@type\":\"WebPage\",\"@id\":\"https:\\\/\\\/radioljubuski.ba\\\/index.php\\\/2022\\\/04\\\/11\\\/pocelo-sudenje-za-smrt-malene-nikoll-roditelji-stigli-odvojeno-svjedocili-neurokirurg-i-djecji-psihijatar\\\/\",\"url\":\"https:\\\/\\\/radioljubuski.ba\\\/index.php\\\/2022\\\/04\\\/11\\\/pocelo-sudenje-za-smrt-malene-nikoll-roditelji-stigli-odvojeno-svjedocili-neurokirurg-i-djecji-psihijatar\\\/\",\"name\":\"Po\u010delo su\u0111enje za smrt malene Nikoll: Roditelji stigli odvojeno, svjedo\u010dili neurokirurg i dje\u010dji psihijatar - RADIO LJUBU\u0160KI\",\"isPartOf\":{\"@id\":\"https:\\\/\\\/radioljubuski.ba\\\/#website\"},\"primaryImageOfPage\":{\"@id\":\"https:\\\/\\\/radioljubuski.ba\\\/index.php\\\/2022\\\/04\\\/11\\\/pocelo-sudenje-za-smrt-malene-nikoll-roditelji-stigli-odvojeno-svjedocili-neurokirurg-i-djecji-psihijatar\\\/#primaryimage\"},\"image\":{\"@id\":\"https:\\\/\\\/radioljubuski.ba\\\/index.php\\\/2022\\\/04\\\/11\\\/pocelo-sudenje-za-smrt-malene-nikoll-roditelji-stigli-odvojeno-svjedocili-neurokirurg-i-djecji-psihijatar\\\/#primaryimage\"},\"thumbnailUrl\":\"https:\\\/\\\/radioljubuski.ba\\\/wp-content\\\/uploads\\\/2022\\\/04\\\/sudenje-nikoll-slavonski-brod-696x448-1.jpg\",\"datePublished\":\"2022-04-11T13:11:24+00:00\",\"dateModified\":\"2022-04-11T13:11:25+00:00\",\"breadcrumb\":{\"@id\":\"https:\\\/\\\/radioljubuski.ba\\\/index.php\\\/2022\\\/04\\\/11\\\/pocelo-sudenje-za-smrt-malene-nikoll-roditelji-stigli-odvojeno-svjedocili-neurokirurg-i-djecji-psihijatar\\\/#breadcrumb\"},\"inLanguage\":\"hr\",\"potentialAction\":[{\"@type\":\"ReadAction\",\"target\":[\"https:\\\/\\\/radioljubuski.ba\\\/index.php\\\/2022\\\/04\\\/11\\\/pocelo-sudenje-za-smrt-malene-nikoll-roditelji-stigli-odvojeno-svjedocili-neurokirurg-i-djecji-psihijatar\\\/\"]}]},{\"@type\":\"ImageObject\",\"inLanguage\":\"hr\",\"@id\":\"https:\\\/\\\/radioljubuski.ba\\\/index.php\\\/2022\\\/04\\\/11\\\/pocelo-sudenje-za-smrt-malene-nikoll-roditelji-stigli-odvojeno-svjedocili-neurokirurg-i-djecji-psihijatar\\\/#primaryimage\",\"url\":\"https:\\\/\\\/radioljubuski.ba\\\/wp-content\\\/uploads\\\/2022\\\/04\\\/sudenje-nikoll-slavonski-brod-696x448-1.jpg\",\"contentUrl\":\"https:\\\/\\\/radioljubuski.ba\\\/wp-content\\\/uploads\\\/2022\\\/04\\\/sudenje-nikoll-slavonski-brod-696x448-1.jpg\",\"width\":696,\"height\":448},{\"@type\":\"BreadcrumbList\",\"@id\":\"https:\\\/\\\/radioljubuski.ba\\\/index.php\\\/2022\\\/04\\\/11\\\/pocelo-sudenje-za-smrt-malene-nikoll-roditelji-stigli-odvojeno-svjedocili-neurokirurg-i-djecji-psihijatar\\\/#breadcrumb\",\"itemListElement\":[{\"@type\":\"ListItem\",\"position\":1,\"name\":\"Po\u010detna stranica\",\"item\":\"https:\\\/\\\/radioljubuski.ba\\\/\"},{\"@type\":\"ListItem\",\"position\":2,\"name\":\"Po\u010delo su\u0111enje za smrt malene Nikoll: Roditelji stigli odvojeno, svjedo\u010dili neurokirurg i dje\u010dji psihijatar\"}]},{\"@type\":\"WebSite\",\"@id\":\"https:\\\/\\\/radioljubuski.ba\\\/#website\",\"url\":\"https:\\\/\\\/radioljubuski.ba\\\/\",\"name\":\"Radio Ljubu\u0161ki\",\"description\":\"Sun\u010dana frekvencija Hercegovine\",\"publisher\":{\"@id\":\"https:\\\/\\\/radioljubuski.ba\\\/#organization\"},\"potentialAction\":[{\"@type\":\"SearchAction\",\"target\":{\"@type\":\"EntryPoint\",\"urlTemplate\":\"https:\\\/\\\/radioljubuski.ba\\\/?s={search_term_string}\"},\"query-input\":{\"@type\":\"PropertyValueSpecification\",\"valueRequired\":true,\"valueName\":\"search_term_string\"}}],\"inLanguage\":\"hr\"},{\"@type\":\"Organization\",\"@id\":\"https:\\\/\\\/radioljubuski.ba\\\/#organization\",\"name\":\"Radio Ljubu\u0161ki\",\"url\":\"https:\\\/\\\/radioljubuski.ba\\\/\",\"logo\":{\"@type\":\"ImageObject\",\"inLanguage\":\"hr\",\"@id\":\"https:\\\/\\\/radioljubuski.ba\\\/#\\\/schema\\\/logo\\\/image\\\/\",\"url\":\"https:\\\/\\\/radioljubuski.ba\\\/wp-content\\\/uploads\\\/2021\\\/02\\\/cropped-Radio_Ljubuski_logo1.jpg\",\"contentUrl\":\"https:\\\/\\\/radioljubuski.ba\\\/wp-content\\\/uploads\\\/2021\\\/02\\\/cropped-Radio_Ljubuski_logo1.jpg\",\"width\":512,\"height\":512,\"caption\":\"Radio Ljubu\u0161ki\"},\"image\":{\"@id\":\"https:\\\/\\\/radioljubuski.ba\\\/#\\\/schema\\\/logo\\\/image\\\/\"},\"sameAs\":[\"https:\\\/\\\/www.facebook.com\\\/Radiio-Ljubuski-1490835324566332\",\"https:\\\/\\\/x.com\\\/radioljubuski\",\"https:\\\/\\\/hr.linkedin.com\\\/company\\\/radio-ljubuski\",\"https:\\\/\\\/www.youtube.com\\\/channel\\\/UCHYaeO_n0Db3tjNGudGpXyw\"]},{\"@type\":\"Person\",\"@id\":\"https:\\\/\\\/radioljubuski.ba\\\/#\\\/schema\\\/person\\\/19fc700381a780f69665d7956c469e3b\",\"name\":\"Radio Ljubu\u0161ki\"}]}<\/script>\n<!-- \/ Yoast SEO plugin. -->","yoast_head_json":{"title":"Po\u010delo su\u0111enje za smrt malene Nikoll: Roditelji stigli odvojeno, svjedo\u010dili neurokirurg i dje\u010dji psihijatar - RADIO LJUBU\u0160KI","robots":{"index":"index","follow":"follow","max-snippet":"max-snippet:-1","max-image-preview":"max-image-preview:large","max-video-preview":"max-video-preview:-1"},"canonical":"https:\/\/radioljubuski.ba\/index.php\/2022\/04\/11\/pocelo-sudenje-za-smrt-malene-nikoll-roditelji-stigli-odvojeno-svjedocili-neurokirurg-i-djecji-psihijatar\/","og_locale":"hr_HR","og_type":"article","og_title":"Po\u010delo su\u0111enje za smrt malene Nikoll: Roditelji stigli odvojeno, svjedo\u010dili neurokirurg i dje\u010dji psihijatar - RADIO LJUBU\u0160KI","og_description":"U Slavonskom Brodu traje su\u0111enje roditeljima malene Nikoll, \u010dija je smrt pro\u0161le godine \u0161okirala Hrvatsku. Prvookrivljena je majka, kojoj se na teret stavlja da je 31. o\u017eujka 2021. odgurnula dvogodi\u0161nje dijete nakon \u010dega je ono zadobilo ozljede i preminulo. Su\u0111enje je po\u010delo u ponedjeljak. Odmah na rasprave, sudac Slaven Vidmar javnost je isklju\u010dio i tako [&hellip;]","og_url":"https:\/\/radioljubuski.ba\/index.php\/2022\/04\/11\/pocelo-sudenje-za-smrt-malene-nikoll-roditelji-stigli-odvojeno-svjedocili-neurokirurg-i-djecji-psihijatar\/","og_site_name":"RADIO LJUBU\u0160KI","article_publisher":"https:\/\/www.facebook.com\/Radiio-Ljubuski-1490835324566332","article_published_time":"2022-04-11T13:11:24+00:00","article_modified_time":"2022-04-11T13:11:25+00:00","og_image":[{"width":696,"height":448,"url":"https:\/\/radioljubuski.ba\/wp-content\/uploads\/2022\/04\/sudenje-nikoll-slavonski-brod-696x448-1.jpg","type":"image\/jpeg"}],"author":"Radio Ljubu\u0161ki","twitter_card":"summary_large_image","twitter_creator":"@radioljubuski","twitter_site":"@radioljubuski","twitter_misc":{"Napisao\/la":"Radio Ljubu\u0161ki","Procijenjeno vrijeme \u010ditanja":"3 minute"},"schema":{"@context":"https:\/\/schema.org","@graph":[{"@type":"Article","@id":"https:\/\/radioljubuski.ba\/index.php\/2022\/04\/11\/pocelo-sudenje-za-smrt-malene-nikoll-roditelji-stigli-odvojeno-svjedocili-neurokirurg-i-djecji-psihijatar\/#article","isPartOf":{"@id":"https:\/\/radioljubuski.ba\/index.php\/2022\/04\/11\/pocelo-sudenje-za-smrt-malene-nikoll-roditelji-stigli-odvojeno-svjedocili-neurokirurg-i-djecji-psihijatar\/"},"author":{"name":"Radio Ljubu\u0161ki","@id":"https:\/\/radioljubuski.ba\/#\/schema\/person\/19fc700381a780f69665d7956c469e3b"},"headline":"Po\u010delo su\u0111enje za smrt malene Nikoll: Roditelji stigli odvojeno, svjedo\u010dili neurokirurg i dje\u010dji psihijatar","datePublished":"2022-04-11T13:11:24+00:00","dateModified":"2022-04-11T13:11:25+00:00","mainEntityOfPage":{"@id":"https:\/\/radioljubuski.ba\/index.php\/2022\/04\/11\/pocelo-sudenje-za-smrt-malene-nikoll-roditelji-stigli-odvojeno-svjedocili-neurokirurg-i-djecji-psihijatar\/"},"wordCount":553,"publisher":{"@id":"https:\/\/radioljubuski.ba\/#organization"},"image":{"@id":"https:\/\/radioljubuski.ba\/index.php\/2022\/04\/11\/pocelo-sudenje-za-smrt-malene-nikoll-roditelji-stigli-odvojeno-svjedocili-neurokirurg-i-djecji-psihijatar\/#primaryimage"},"thumbnailUrl":"https:\/\/radioljubuski.ba\/wp-content\/uploads\/2022\/04\/sudenje-nikoll-slavonski-brod-696x448-1.jpg","articleSection":["BIH i regija"],"inLanguage":"hr"},{"@type":"WebPage","@id":"https:\/\/radioljubuski.ba\/index.php\/2022\/04\/11\/pocelo-sudenje-za-smrt-malene-nikoll-roditelji-stigli-odvojeno-svjedocili-neurokirurg-i-djecji-psihijatar\/","url":"https:\/\/radioljubuski.ba\/index.php\/2022\/04\/11\/pocelo-sudenje-za-smrt-malene-nikoll-roditelji-stigli-odvojeno-svjedocili-neurokirurg-i-djecji-psihijatar\/","name":"Po\u010delo su\u0111enje za smrt malene Nikoll: Roditelji stigli odvojeno, svjedo\u010dili neurokirurg i dje\u010dji psihijatar - RADIO LJUBU\u0160KI","isPartOf":{"@id":"https:\/\/radioljubuski.ba\/#website"},"primaryImageOfPage":{"@id":"https:\/\/radioljubuski.ba\/index.php\/2022\/04\/11\/pocelo-sudenje-za-smrt-malene-nikoll-roditelji-stigli-odvojeno-svjedocili-neurokirurg-i-djecji-psihijatar\/#primaryimage"},"image":{"@id":"https:\/\/radioljubuski.ba\/index.php\/2022\/04\/11\/pocelo-sudenje-za-smrt-malene-nikoll-roditelji-stigli-odvojeno-svjedocili-neurokirurg-i-djecji-psihijatar\/#primaryimage"},"thumbnailUrl":"https:\/\/radioljubuski.ba\/wp-content\/uploads\/2022\/04\/sudenje-nikoll-slavonski-brod-696x448-1.jpg","datePublished":"2022-04-11T13:11:24+00:00","dateModified":"2022-04-11T13:11:25+00:00","breadcrumb":{"@id":"https:\/\/radioljubuski.ba\/index.php\/2022\/04\/11\/pocelo-sudenje-za-smrt-malene-nikoll-roditelji-stigli-odvojeno-svjedocili-neurokirurg-i-djecji-psihijatar\/#breadcrumb"},"inLanguage":"hr","potentialAction":[{"@type":"ReadAction","target":["https:\/\/radioljubuski.ba\/index.php\/2022\/04\/11\/pocelo-sudenje-za-smrt-malene-nikoll-roditelji-stigli-odvojeno-svjedocili-neurokirurg-i-djecji-psihijatar\/"]}]},{"@type":"ImageObject","inLanguage":"hr","@id":"https:\/\/radioljubuski.ba\/index.php\/2022\/04\/11\/pocelo-sudenje-za-smrt-malene-nikoll-roditelji-stigli-odvojeno-svjedocili-neurokirurg-i-djecji-psihijatar\/#primaryimage","url":"https:\/\/radioljubuski.ba\/wp-content\/uploads\/2022\/04\/sudenje-nikoll-slavonski-brod-696x448-1.jpg","contentUrl":"https:\/\/radioljubuski.ba\/wp-content\/uploads\/2022\/04\/sudenje-nikoll-slavonski-brod-696x448-1.jpg","width":696,"height":448},{"@type":"BreadcrumbList","@id":"https:\/\/radioljubuski.ba\/index.php\/2022\/04\/11\/pocelo-sudenje-za-smrt-malene-nikoll-roditelji-stigli-odvojeno-svjedocili-neurokirurg-i-djecji-psihijatar\/#breadcrumb","itemListElement":[{"@type":"ListItem","position":1,"name":"Po\u010detna stranica","item":"https:\/\/radioljubuski.ba\/"},{"@type":"ListItem","position":2,"name":"Po\u010delo su\u0111enje za smrt malene Nikoll: Roditelji stigli odvojeno, svjedo\u010dili neurokirurg i dje\u010dji psihijatar"}]},{"@type":"WebSite","@id":"https:\/\/radioljubuski.ba\/#website","url":"https:\/\/radioljubuski.ba\/","name":"Radio Ljubu\u0161ki","description":"Sun\u010dana frekvencija Hercegovine","publisher":{"@id":"https:\/\/radioljubuski.ba\/#organization"},"potentialAction":[{"@type":"SearchAction","target":{"@type":"EntryPoint","urlTemplate":"https:\/\/radioljubuski.ba\/?s={search_term_string}"},"query-input":{"@type":"PropertyValueSpecification","valueRequired":true,"valueName":"search_term_string"}}],"inLanguage":"hr"},{"@type":"Organization","@id":"https:\/\/radioljubuski.ba\/#organization","name":"Radio Ljubu\u0161ki","url":"https:\/\/radioljubuski.ba\/","logo":{"@type":"ImageObject","inLanguage":"hr","@id":"https:\/\/radioljubuski.ba\/#\/schema\/logo\/image\/","url":"https:\/\/radioljubuski.ba\/wp-content\/uploads\/2021\/02\/cropped-Radio_Ljubuski_logo1.jpg","contentUrl":"https:\/\/radioljubuski.ba\/wp-content\/uploads\/2021\/02\/cropped-Radio_Ljubuski_logo1.jpg","width":512,"height":512,"caption":"Radio Ljubu\u0161ki"},"image":{"@id":"https:\/\/radioljubuski.ba\/#\/schema\/logo\/image\/"},"sameAs":["https:\/\/www.facebook.com\/Radiio-Ljubuski-1490835324566332","https:\/\/x.com\/radioljubuski","https:\/\/hr.linkedin.com\/company\/radio-ljubuski","https:\/\/www.youtube.com\/channel\/UCHYaeO_n0Db3tjNGudGpXyw"]},{"@type":"Person","@id":"https:\/\/radioljubuski.ba\/#\/schema\/person\/19fc700381a780f69665d7956c469e3b","name":"Radio Ljubu\u0161ki"}]}},"_links":{"self":[{"href":"https:\/\/radioljubuski.ba\/index.php\/wp-json\/wp\/v2\/posts\/131573","targetHints":{"allow":["GET"]}}],"collection":[{"href":"https:\/\/radioljubuski.ba\/index.php\/wp-json\/wp\/v2\/posts"}],"about":[{"href":"https:\/\/radioljubuski.ba\/index.php\/wp-json\/wp\/v2\/types\/post"}],"author":[{"embeddable":true,"href":"https:\/\/radioljubuski.ba\/index.php\/wp-json\/wp\/v2\/users\/2"}],"replies":[{"embeddable":true,"href":"https:\/\/radioljubuski.ba\/index.php\/wp-json\/wp\/v2\/comments?post=131573"}],"version-history":[{"count":1,"href":"https:\/\/radioljubuski.ba\/index.php\/wp-json\/wp\/v2\/posts\/131573\/revisions"}],"predecessor-version":[{"id":131575,"href":"https:\/\/radioljubuski.ba\/index.php\/wp-json\/wp\/v2\/posts\/131573\/revisions\/131575"}],"wp:featuredmedia":[{"embeddable":true,"href":"https:\/\/radioljubuski.ba\/index.php\/wp-json\/wp\/v2\/media\/131574"}],"wp:attachment":[{"href":"https:\/\/radioljubuski.ba\/index.php\/wp-json\/wp\/v2\/media?parent=131573"}],"wp:term":[{"taxonomy":"category","embeddable":true,"href":"https:\/\/radioljubuski.ba\/index.php\/wp-json\/wp\/v2\/categories?post=131573"},{"taxonomy":"post_tag","embeddable":true,"href":"https:\/\/radioljubuski.ba\/index.php\/wp-json\/wp\/v2\/tags?post=131573"}],"curies":[{"name":"wp","href":"https:\/\/api.w.org\/{rel}","templated":true}]}}