{"id":131579,"date":"2022-04-11T14:14:38","date_gmt":"2022-04-11T13:14:38","guid":{"rendered":"https:\/\/radioljubuski.ba\/?p=131579"},"modified":"2022-04-11T14:14:38","modified_gmt":"2022-04-11T13:14:38","slug":"huro-uio-i-gi-u-djeci-je-buducnost-dolenec-ponavlja-neistine-roditelji-odgojitelji-ne-mogu-upisati-djecu-u-vrtic","status":"publish","type":"post","link":"https:\/\/radioljubuski.ba\/index.php\/2022\/04\/11\/huro-uio-i-gi-u-djeci-je-buducnost-dolenec-ponavlja-neistine-roditelji-odgojitelji-ne-mogu-upisati-djecu-u-vrtic\/","title":{"rendered":"HURO, UiO i GI \u2018U djeci je budu\u0107nost\u2019: Dolenec ponavlja neistine, roditelji-odgojitelji ne mogu upisati djecu u vrti\u0107"},"content":{"rendered":"\n<p>\u201cU cilju istinitog informiranja javnosti te za\u0161tite ne\u0161to vi\u0161e od 5700 korisnika mjere roditelj odgojitelj i vi\u0161e od 20,000 djece o kojoj se brinu \u2013 du\u017eni smo ukazati na \u010dinjenicu da dogradona\u010delnica Zagreba, g\u0111a Dolenec ponavlja neistine manipuliraju\u0107i gra\u0111anima Zagreba \u010dije je interese pla\u0107ena zastupati. (\u2026) Dakle, g\u0111a Dolenec je u vi\u0161e navrata, a opet ju\u010der ponovila kako Odluka o izmjenama mjere roditelj odgojitelj osim mogu\u0107nosti zaposlenja sada dozvoljava roditeljima da uz zadr\u017eavanje statusa odmah i upi\u0161u djecu u vrti\u0107e u kojima jo\u0161 ima 380 slobodnih mjesta. Istina je druga\u010dija. (\u2026) Osim toga, mnogi vrti\u0107i nemaju uop\u0107e mjesta, niti broj \u201cslobodnih mjesta\u201d koji navode na upite roditelja odgovara evidenciji Grada Zagreba na koju se poziva Toma\u0161evi\u0107eva dogradona\u010delnica.\u201d \u2013 upozoreno je danas u zajedni\u010dkom priop\u0107enju Hrvatske udruge roditelja-odgojitelja, udruge U ime obitelji i gra\u0111anske inicijative \u201cU djeci je budu\u0107nost\u201d.<\/p>\n\n\n\n<p>U priop\u0107enju se upozorava na neto\u010dne informacije dogradona\u010delince Dolenec u vezi Odluke o izmjenama za roditelje odgojitelje i upisu djece u vrti\u0107.<\/p>\n\n\n\n<p>Dogradona\u010delnica Dolenec ju\u010der je, naime, govore\u0107i za <a href=\"https:\/\/www.rtl.hr\/vijesti-hr\/novosti\/hrvatska\/4224414\/dolenec-racunamo-u-ovoj-godini-na-500-mjesta-u-vrticima-roditelji-odgojitelji-mogli-su-odmah-poceti-upisivati-djecu\/\">RTL<\/a>, ponovno izjavila da roditelji-odgojitelji koji \u0107e s 1. svibnjem izgubiti taj status, mogu ve\u0107 sada po\u010deti upisivati djecu u vrti\u0107e, \u0161to roditelji-odgojitelji u ovom priop\u0107enju jasno demantiraju upozoravaju\u0107i da upis u vrti\u0107 nije mogu\u0107 bez da iza\u0111u iz mjere.<\/p>\n\n\n\n<p>\u201cSve \u0161to je povoljno u na\u0161im izmjena stupilo je snagu. Korisnici mjere su mogli odmah po\u010deti upisivati djecu u vrti\u0107 i tra\u017eiti zaposlenje. Podatke o korisnicima ne smijemo pratiti tako da ne mogu re\u0107i jesu li, mogu li, ali jo\u0161 uvijek mogu. Sada ima oko 380 mjesta u gradskim vrti\u0107ima. Mi smo korisnicima mjere omogu\u0107ili za vrti\u0107ku djecu zato \u0161to oni koji imaju vi\u0161e od troje djece kroz sustav potpore kao trogodi\u0161nju rodiljnu naknadu, imaju na\u010din na koji skrbe za djecu jasli\u010dkog uzrasta. Kad govorim o roditeljima odgojiteljima to se odnosi samo na djecu vrti\u0107kog uzrasta\u201d, kazala je ju\u010der Dolenec.<\/p>\n\n\n\n<p>Priop\u0107enje HURO-a, UiO i GI \u201cU djeci je budu\u0107nost\u201d u nastavku prenosimo u cijelosti.<\/p>\n\n\n\n<h3 class=\"wp-block-heading\"><strong>\u201cDolenec ponavlja neistine \u2013 roditelji-odgojitelji ne mogu upisati djecu u vrti\u0107 bez da iza\u0111u iz mjere\u201d<\/strong><\/h3>\n\n\n\n<p>\u201cPo\u0161tovani,<\/p>\n\n\n\n<p>U cilju istinitog informiranja javnosti te za\u0161tite ne\u0161to vi\u0161e od 5700 korisnika mjere roditelj odgojitelj i vi\u0161e od 20,000 djece o kojoj se brinu \u2013 du\u017eni smo ukazati na \u010dinjenicu da dogradona\u010delnica Zagreba, g\u0111a Dolenec ponavlja neistine manipuliraju\u0107i gra\u0111anima Zagreba \u010dije je interese pla\u0107ena zastupati. Naime, g\u0111a Dolenec ju\u010der je ponovno iznijela neistine o <strong>vrti\u0107kim kapacitetima u Gradu Zagrebu te na\u010dinu na koji ih roditelji odgojitelji mogu koristiti.<\/strong><\/p>\n\n\n\n<p>Dakle, g\u0111a Dolenec je u vi\u0161e navrata, a opet ju\u010der ponovila kako Odluka o izmjenama mjere roditelj odgojitelj osim mogu\u0107nosti zaposlenja sada dozvoljava roditeljima da uz zadr\u017eavanje statusa odmah i upi\u0161u djecu u vrti\u0107e u kojima jo\u0161 ima 380 slobodnih mjesta. Istina je druga\u010dija.<\/p>\n\n\n\n<p>Naime, Odluka gradona\u010delnika Toma\u0161evi\u0107a kojom de facto ukida mjeru roditelj odgojitelj za aktualne korisnike stupa na snagu 1.5. te se tek od tada djeca u dobi od 3-6 godina mogu upisivati u vrti\u0107e uz istovremeno primanje naknade od 1.000 kuna. <strong>Svaki roditelj odgojitelj koji sada poku\u0161a upisati dijete u vrti\u0107<\/strong> <strong>mora prekinuti svoj status korisnika. <\/strong>Roditelji koji su na temelju istupa Dolenec u medijima zatra\u017eili informaciju od vrti\u0107a mogu li upisati svoju djecu&nbsp; \u2013 dobili su odgovor da ne mogu, osim ako ne donesu potvrdu da su iza\u0161li iz mjere. \u201e<strong>Budu\u0107i da ste korisnica mjere roditelj odgojitelj uz obaveznu dokumentaciju trebate nam prilo\u017eiti i potvrdu da ste prestali koristiti nov\u010danu pomo\u0107 za roditelja odgojitelja.<\/strong>\u201d odgovori su nekih vrti\u0107a.<\/p>\n\n\n\n<h3 class=\"wp-block-heading\"><strong>\u201cVrti\u0107i nemaju dovoljno slobodnih mjesta\u201d<\/strong><\/h3>\n\n\n\n<p>Osim toga, mnogi vrti\u0107i nemaju uop\u0107e mjesta, niti broj \u201cslobodnih mjesta\u201d koji navode na upite roditelja odgovara evidenciji Grada Zagreba na koju se poziva Toma\u0161evi\u0107eva dogradona\u010delnica.<\/p>\n\n\n\n<p>Kako su Udruga roditelja odgojitelja, U ime obitelji i GI \u201cU djeci je budu\u0107nost\u201d zatra\u017eile ocjenu zakonitosti odluke Toma\u0161evi\u0107eve vlasti da povratno, dakle, unatrag, ukine status roditelja odgojitelja za obitelji koje ga koriste, a brinu se o oko 6,000 djece vrti\u0107e dobi koja nisu poha\u0111ala vrti\u0107 zbog uvjeta mjere \u2013 iznimno je va\u017eno za roditelje odgojitelje da pri\u010dekaju na odluku Visokog upravnog suda ili uvo\u0111enje privremene mjere koja \u0107e za\u0161tititi njih i njihove obitelji od samovolje Toma\u0161evi\u0107a i Dolenec.<\/p>\n\n\n\n<p>S obzirom da od studenog 2021., od same najave nagle i \u0161tetne izmjene Odluke o nov\u010danoj pomo\u0107i za roditelje odgojitelje upozoravamo na realan problem s prostornim i kadrovskim nedostatkom u zagreba\u010dkim vrti\u0107ima, a da do dana\u0161njeg dana gradska vlast nije u\u010dinila ni\u0161ta za rje\u0161avanje istoga, upozoravamo kako bi Grad Zagreb mogao imati ogroman socijalni problem zbog nekoliko tisu\u0107a neupisane djece jasli\u010dke i vrti\u0107ke dobi korisnika mjere roditelj odgojitelj koji bi bili prisiljeni zaposliti se, jer ne mogu \u017eivjeti s 1000 kuna mjese\u010dne naknade. Za ostale na\u0161e sugra\u0111ane tako\u0111er je upitno slobodno mjesto u vrti\u0107u koje \u0107e zatra\u017eiti za svoje dijete, \u010dime sve to vi\u0161e nije samo problem korisnika mjere roditelj odgojitelj.<\/p>\n\n\n\n<p>Lijep pozdrav,<\/p>\n\n\n\n<p>Ana Marija Berbi\u0107 Lacko<\/p>\n\n\n\n<p>Predsjednica, Hrvatska Udruga roditelja odgojitelja\u201d<\/p>\n\n\n\n<p><em>Izvor: narod.hr<\/em><\/p>\n","protected":false},"excerpt":{"rendered":"<p>\u201cU cilju istinitog informiranja javnosti te za\u0161tite ne\u0161to vi\u0161e od 5700 korisnika mjere roditelj odgojitelj i vi\u0161e od 20,000 djece o kojoj se brinu \u2013 du\u017eni smo ukazati na \u010dinjenicu da dogradona\u010delnica Zagreba, g\u0111a Dolenec ponavlja neistine manipuliraju\u0107i gra\u0111anima Zagreba \u010dije je interese pla\u0107ena zastupati. (\u2026) Dakle, g\u0111a Dolenec je u vi\u0161e navrata, a opet [&hellip;]<\/p>\n","protected":false},"author":2,"featured_media":131580,"comment_status":"closed","ping_status":"closed","sticky":false,"template":"","format":"standard","meta":{"h5ap_radio_sources":[],"footnotes":""},"categories":[1],"tags":[],"class_list":["post-131579","post","type-post","status-publish","format-standard","has-post-thumbnail","hentry","category-bihiregija"],"yoast_head":"<!-- This site is optimized with the Yoast SEO plugin v27.5 - https:\/\/yoast.com\/product\/yoast-seo-wordpress\/ -->\n<title>HURO, UiO i GI \u2018U djeci je budu\u0107nost\u2019: Dolenec ponavlja neistine, roditelji-odgojitelji ne mogu upisati djecu u vrti\u0107 - RADIO LJUBU\u0160KI<\/title>\n<meta name=\"robots\" content=\"index, follow, max-snippet:-1, max-image-preview:large, max-video-preview:-1\" \/>\n<link rel=\"canonical\" href=\"https:\/\/radioljubuski.ba\/index.php\/2022\/04\/11\/huro-uio-i-gi-u-djeci-je-buducnost-dolenec-ponavlja-neistine-roditelji-odgojitelji-ne-mogu-upisati-djecu-u-vrtic\/\" \/>\n<meta property=\"og:locale\" content=\"hr_HR\" \/>\n<meta property=\"og:type\" content=\"article\" \/>\n<meta property=\"og:title\" content=\"HURO, UiO i GI \u2018U djeci je budu\u0107nost\u2019: Dolenec ponavlja neistine, roditelji-odgojitelji ne mogu upisati djecu u vrti\u0107 - RADIO LJUBU\u0160KI\" \/>\n<meta property=\"og:description\" content=\"\u201cU cilju istinitog informiranja javnosti te za\u0161tite ne\u0161to vi\u0161e od 5700 korisnika mjere roditelj odgojitelj i vi\u0161e od 20,000 djece o kojoj se brinu \u2013 du\u017eni smo ukazati na \u010dinjenicu da dogradona\u010delnica Zagreba, g\u0111a Dolenec ponavlja neistine manipuliraju\u0107i gra\u0111anima Zagreba \u010dije je interese pla\u0107ena zastupati. (\u2026) Dakle, g\u0111a Dolenec je u vi\u0161e navrata, a opet [&hellip;]\" \/>\n<meta property=\"og:url\" content=\"https:\/\/radioljubuski.ba\/index.php\/2022\/04\/11\/huro-uio-i-gi-u-djeci-je-buducnost-dolenec-ponavlja-neistine-roditelji-odgojitelji-ne-mogu-upisati-djecu-u-vrtic\/\" \/>\n<meta property=\"og:site_name\" content=\"RADIO LJUBU\u0160KI\" \/>\n<meta property=\"article:publisher\" content=\"https:\/\/www.facebook.com\/Radiio-Ljubuski-1490835324566332\" \/>\n<meta property=\"article:published_time\" content=\"2022-04-11T13:14:38+00:00\" \/>\n<meta property=\"og:image\" content=\"https:\/\/radioljubuski.ba\/wp-content\/uploads\/2022\/04\/Pressica-12-Uio-696x502-1.jpg\" \/>\n\t<meta property=\"og:image:width\" content=\"696\" \/>\n\t<meta property=\"og:image:height\" content=\"502\" \/>\n\t<meta property=\"og:image:type\" content=\"image\/jpeg\" \/>\n<meta name=\"author\" content=\"Radio Ljubu\u0161ki\" \/>\n<meta name=\"twitter:card\" content=\"summary_large_image\" \/>\n<meta name=\"twitter:creator\" content=\"@radioljubuski\" \/>\n<meta name=\"twitter:site\" content=\"@radioljubuski\" \/>\n<meta name=\"twitter:label1\" content=\"Napisao\/la\" \/>\n\t<meta name=\"twitter:data1\" content=\"Radio Ljubu\u0161ki\" \/>\n\t<meta name=\"twitter:label2\" content=\"Procijenjeno vrijeme \u010ditanja\" \/>\n\t<meta name=\"twitter:data2\" content=\"5 minuta\" \/>\n<script type=\"application\/ld+json\" class=\"yoast-schema-graph\">{\"@context\":\"https:\\\/\\\/schema.org\",\"@graph\":[{\"@type\":\"Article\",\"@id\":\"https:\\\/\\\/radioljubuski.ba\\\/index.php\\\/2022\\\/04\\\/11\\\/huro-uio-i-gi-u-djeci-je-buducnost-dolenec-ponavlja-neistine-roditelji-odgojitelji-ne-mogu-upisati-djecu-u-vrtic\\\/#article\",\"isPartOf\":{\"@id\":\"https:\\\/\\\/radioljubuski.ba\\\/index.php\\\/2022\\\/04\\\/11\\\/huro-uio-i-gi-u-djeci-je-buducnost-dolenec-ponavlja-neistine-roditelji-odgojitelji-ne-mogu-upisati-djecu-u-vrtic\\\/\"},\"author\":{\"name\":\"Radio Ljubu\u0161ki\",\"@id\":\"https:\\\/\\\/radioljubuski.ba\\\/#\\\/schema\\\/person\\\/19fc700381a780f69665d7956c469e3b\"},\"headline\":\"HURO, UiO i GI \u2018U djeci je budu\u0107nost\u2019: Dolenec ponavlja neistine, roditelji-odgojitelji ne mogu upisati djecu u vrti\u0107\",\"datePublished\":\"2022-04-11T13:14:38+00:00\",\"mainEntityOfPage\":{\"@id\":\"https:\\\/\\\/radioljubuski.ba\\\/index.php\\\/2022\\\/04\\\/11\\\/huro-uio-i-gi-u-djeci-je-buducnost-dolenec-ponavlja-neistine-roditelji-odgojitelji-ne-mogu-upisati-djecu-u-vrtic\\\/\"},\"wordCount\":927,\"publisher\":{\"@id\":\"https:\\\/\\\/radioljubuski.ba\\\/#organization\"},\"image\":{\"@id\":\"https:\\\/\\\/radioljubuski.ba\\\/index.php\\\/2022\\\/04\\\/11\\\/huro-uio-i-gi-u-djeci-je-buducnost-dolenec-ponavlja-neistine-roditelji-odgojitelji-ne-mogu-upisati-djecu-u-vrtic\\\/#primaryimage\"},\"thumbnailUrl\":\"https:\\\/\\\/radioljubuski.ba\\\/wp-content\\\/uploads\\\/2022\\\/04\\\/Pressica-12-Uio-696x502-1.jpg\",\"articleSection\":[\"BIH i regija\"],\"inLanguage\":\"hr\"},{\"@type\":\"WebPage\",\"@id\":\"https:\\\/\\\/radioljubuski.ba\\\/index.php\\\/2022\\\/04\\\/11\\\/huro-uio-i-gi-u-djeci-je-buducnost-dolenec-ponavlja-neistine-roditelji-odgojitelji-ne-mogu-upisati-djecu-u-vrtic\\\/\",\"url\":\"https:\\\/\\\/radioljubuski.ba\\\/index.php\\\/2022\\\/04\\\/11\\\/huro-uio-i-gi-u-djeci-je-buducnost-dolenec-ponavlja-neistine-roditelji-odgojitelji-ne-mogu-upisati-djecu-u-vrtic\\\/\",\"name\":\"HURO, UiO i GI \u2018U djeci je budu\u0107nost\u2019: Dolenec ponavlja neistine, roditelji-odgojitelji ne mogu upisati djecu u vrti\u0107 - RADIO LJUBU\u0160KI\",\"isPartOf\":{\"@id\":\"https:\\\/\\\/radioljubuski.ba\\\/#website\"},\"primaryImageOfPage\":{\"@id\":\"https:\\\/\\\/radioljubuski.ba\\\/index.php\\\/2022\\\/04\\\/11\\\/huro-uio-i-gi-u-djeci-je-buducnost-dolenec-ponavlja-neistine-roditelji-odgojitelji-ne-mogu-upisati-djecu-u-vrtic\\\/#primaryimage\"},\"image\":{\"@id\":\"https:\\\/\\\/radioljubuski.ba\\\/index.php\\\/2022\\\/04\\\/11\\\/huro-uio-i-gi-u-djeci-je-buducnost-dolenec-ponavlja-neistine-roditelji-odgojitelji-ne-mogu-upisati-djecu-u-vrtic\\\/#primaryimage\"},\"thumbnailUrl\":\"https:\\\/\\\/radioljubuski.ba\\\/wp-content\\\/uploads\\\/2022\\\/04\\\/Pressica-12-Uio-696x502-1.jpg\",\"datePublished\":\"2022-04-11T13:14:38+00:00\",\"breadcrumb\":{\"@id\":\"https:\\\/\\\/radioljubuski.ba\\\/index.php\\\/2022\\\/04\\\/11\\\/huro-uio-i-gi-u-djeci-je-buducnost-dolenec-ponavlja-neistine-roditelji-odgojitelji-ne-mogu-upisati-djecu-u-vrtic\\\/#breadcrumb\"},\"inLanguage\":\"hr\",\"potentialAction\":[{\"@type\":\"ReadAction\",\"target\":[\"https:\\\/\\\/radioljubuski.ba\\\/index.php\\\/2022\\\/04\\\/11\\\/huro-uio-i-gi-u-djeci-je-buducnost-dolenec-ponavlja-neistine-roditelji-odgojitelji-ne-mogu-upisati-djecu-u-vrtic\\\/\"]}]},{\"@type\":\"ImageObject\",\"inLanguage\":\"hr\",\"@id\":\"https:\\\/\\\/radioljubuski.ba\\\/index.php\\\/2022\\\/04\\\/11\\\/huro-uio-i-gi-u-djeci-je-buducnost-dolenec-ponavlja-neistine-roditelji-odgojitelji-ne-mogu-upisati-djecu-u-vrtic\\\/#primaryimage\",\"url\":\"https:\\\/\\\/radioljubuski.ba\\\/wp-content\\\/uploads\\\/2022\\\/04\\\/Pressica-12-Uio-696x502-1.jpg\",\"contentUrl\":\"https:\\\/\\\/radioljubuski.ba\\\/wp-content\\\/uploads\\\/2022\\\/04\\\/Pressica-12-Uio-696x502-1.jpg\",\"width\":696,\"height\":502},{\"@type\":\"BreadcrumbList\",\"@id\":\"https:\\\/\\\/radioljubuski.ba\\\/index.php\\\/2022\\\/04\\\/11\\\/huro-uio-i-gi-u-djeci-je-buducnost-dolenec-ponavlja-neistine-roditelji-odgojitelji-ne-mogu-upisati-djecu-u-vrtic\\\/#breadcrumb\",\"itemListElement\":[{\"@type\":\"ListItem\",\"position\":1,\"name\":\"Po\u010detna stranica\",\"item\":\"https:\\\/\\\/radioljubuski.ba\\\/\"},{\"@type\":\"ListItem\",\"position\":2,\"name\":\"HURO, UiO i GI \u2018U djeci je budu\u0107nost\u2019: Dolenec ponavlja neistine, roditelji-odgojitelji ne mogu upisati djecu u vrti\u0107\"}]},{\"@type\":\"WebSite\",\"@id\":\"https:\\\/\\\/radioljubuski.ba\\\/#website\",\"url\":\"https:\\\/\\\/radioljubuski.ba\\\/\",\"name\":\"Radio Ljubu\u0161ki\",\"description\":\"Sun\u010dana frekvencija Hercegovine\",\"publisher\":{\"@id\":\"https:\\\/\\\/radioljubuski.ba\\\/#organization\"},\"potentialAction\":[{\"@type\":\"SearchAction\",\"target\":{\"@type\":\"EntryPoint\",\"urlTemplate\":\"https:\\\/\\\/radioljubuski.ba\\\/?s={search_term_string}\"},\"query-input\":{\"@type\":\"PropertyValueSpecification\",\"valueRequired\":true,\"valueName\":\"search_term_string\"}}],\"inLanguage\":\"hr\"},{\"@type\":\"Organization\",\"@id\":\"https:\\\/\\\/radioljubuski.ba\\\/#organization\",\"name\":\"Radio Ljubu\u0161ki\",\"url\":\"https:\\\/\\\/radioljubuski.ba\\\/\",\"logo\":{\"@type\":\"ImageObject\",\"inLanguage\":\"hr\",\"@id\":\"https:\\\/\\\/radioljubuski.ba\\\/#\\\/schema\\\/logo\\\/image\\\/\",\"url\":\"https:\\\/\\\/radioljubuski.ba\\\/wp-content\\\/uploads\\\/2021\\\/02\\\/cropped-Radio_Ljubuski_logo1.jpg\",\"contentUrl\":\"https:\\\/\\\/radioljubuski.ba\\\/wp-content\\\/uploads\\\/2021\\\/02\\\/cropped-Radio_Ljubuski_logo1.jpg\",\"width\":512,\"height\":512,\"caption\":\"Radio Ljubu\u0161ki\"},\"image\":{\"@id\":\"https:\\\/\\\/radioljubuski.ba\\\/#\\\/schema\\\/logo\\\/image\\\/\"},\"sameAs\":[\"https:\\\/\\\/www.facebook.com\\\/Radiio-Ljubuski-1490835324566332\",\"https:\\\/\\\/x.com\\\/radioljubuski\",\"https:\\\/\\\/hr.linkedin.com\\\/company\\\/radio-ljubuski\",\"https:\\\/\\\/www.youtube.com\\\/channel\\\/UCHYaeO_n0Db3tjNGudGpXyw\"]},{\"@type\":\"Person\",\"@id\":\"https:\\\/\\\/radioljubuski.ba\\\/#\\\/schema\\\/person\\\/19fc700381a780f69665d7956c469e3b\",\"name\":\"Radio Ljubu\u0161ki\"}]}<\/script>\n<!-- \/ Yoast SEO plugin. -->","yoast_head_json":{"title":"HURO, UiO i GI \u2018U djeci je budu\u0107nost\u2019: Dolenec ponavlja neistine, roditelji-odgojitelji ne mogu upisati djecu u vrti\u0107 - RADIO LJUBU\u0160KI","robots":{"index":"index","follow":"follow","max-snippet":"max-snippet:-1","max-image-preview":"max-image-preview:large","max-video-preview":"max-video-preview:-1"},"canonical":"https:\/\/radioljubuski.ba\/index.php\/2022\/04\/11\/huro-uio-i-gi-u-djeci-je-buducnost-dolenec-ponavlja-neistine-roditelji-odgojitelji-ne-mogu-upisati-djecu-u-vrtic\/","og_locale":"hr_HR","og_type":"article","og_title":"HURO, UiO i GI \u2018U djeci je budu\u0107nost\u2019: Dolenec ponavlja neistine, roditelji-odgojitelji ne mogu upisati djecu u vrti\u0107 - RADIO LJUBU\u0160KI","og_description":"\u201cU cilju istinitog informiranja javnosti te za\u0161tite ne\u0161to vi\u0161e od 5700 korisnika mjere roditelj odgojitelj i vi\u0161e od 20,000 djece o kojoj se brinu \u2013 du\u017eni smo ukazati na \u010dinjenicu da dogradona\u010delnica Zagreba, g\u0111a Dolenec ponavlja neistine manipuliraju\u0107i gra\u0111anima Zagreba \u010dije je interese pla\u0107ena zastupati. (\u2026) Dakle, g\u0111a Dolenec je u vi\u0161e navrata, a opet [&hellip;]","og_url":"https:\/\/radioljubuski.ba\/index.php\/2022\/04\/11\/huro-uio-i-gi-u-djeci-je-buducnost-dolenec-ponavlja-neistine-roditelji-odgojitelji-ne-mogu-upisati-djecu-u-vrtic\/","og_site_name":"RADIO LJUBU\u0160KI","article_publisher":"https:\/\/www.facebook.com\/Radiio-Ljubuski-1490835324566332","article_published_time":"2022-04-11T13:14:38+00:00","og_image":[{"width":696,"height":502,"url":"https:\/\/radioljubuski.ba\/wp-content\/uploads\/2022\/04\/Pressica-12-Uio-696x502-1.jpg","type":"image\/jpeg"}],"author":"Radio Ljubu\u0161ki","twitter_card":"summary_large_image","twitter_creator":"@radioljubuski","twitter_site":"@radioljubuski","twitter_misc":{"Napisao\/la":"Radio Ljubu\u0161ki","Procijenjeno vrijeme \u010ditanja":"5 minuta"},"schema":{"@context":"https:\/\/schema.org","@graph":[{"@type":"Article","@id":"https:\/\/radioljubuski.ba\/index.php\/2022\/04\/11\/huro-uio-i-gi-u-djeci-je-buducnost-dolenec-ponavlja-neistine-roditelji-odgojitelji-ne-mogu-upisati-djecu-u-vrtic\/#article","isPartOf":{"@id":"https:\/\/radioljubuski.ba\/index.php\/2022\/04\/11\/huro-uio-i-gi-u-djeci-je-buducnost-dolenec-ponavlja-neistine-roditelji-odgojitelji-ne-mogu-upisati-djecu-u-vrtic\/"},"author":{"name":"Radio Ljubu\u0161ki","@id":"https:\/\/radioljubuski.ba\/#\/schema\/person\/19fc700381a780f69665d7956c469e3b"},"headline":"HURO, UiO i GI \u2018U djeci je budu\u0107nost\u2019: Dolenec ponavlja neistine, roditelji-odgojitelji ne mogu upisati djecu u vrti\u0107","datePublished":"2022-04-11T13:14:38+00:00","mainEntityOfPage":{"@id":"https:\/\/radioljubuski.ba\/index.php\/2022\/04\/11\/huro-uio-i-gi-u-djeci-je-buducnost-dolenec-ponavlja-neistine-roditelji-odgojitelji-ne-mogu-upisati-djecu-u-vrtic\/"},"wordCount":927,"publisher":{"@id":"https:\/\/radioljubuski.ba\/#organization"},"image":{"@id":"https:\/\/radioljubuski.ba\/index.php\/2022\/04\/11\/huro-uio-i-gi-u-djeci-je-buducnost-dolenec-ponavlja-neistine-roditelji-odgojitelji-ne-mogu-upisati-djecu-u-vrtic\/#primaryimage"},"thumbnailUrl":"https:\/\/radioljubuski.ba\/wp-content\/uploads\/2022\/04\/Pressica-12-Uio-696x502-1.jpg","articleSection":["BIH i regija"],"inLanguage":"hr"},{"@type":"WebPage","@id":"https:\/\/radioljubuski.ba\/index.php\/2022\/04\/11\/huro-uio-i-gi-u-djeci-je-buducnost-dolenec-ponavlja-neistine-roditelji-odgojitelji-ne-mogu-upisati-djecu-u-vrtic\/","url":"https:\/\/radioljubuski.ba\/index.php\/2022\/04\/11\/huro-uio-i-gi-u-djeci-je-buducnost-dolenec-ponavlja-neistine-roditelji-odgojitelji-ne-mogu-upisati-djecu-u-vrtic\/","name":"HURO, UiO i GI \u2018U djeci je budu\u0107nost\u2019: Dolenec ponavlja neistine, roditelji-odgojitelji ne mogu upisati djecu u vrti\u0107 - RADIO LJUBU\u0160KI","isPartOf":{"@id":"https:\/\/radioljubuski.ba\/#website"},"primaryImageOfPage":{"@id":"https:\/\/radioljubuski.ba\/index.php\/2022\/04\/11\/huro-uio-i-gi-u-djeci-je-buducnost-dolenec-ponavlja-neistine-roditelji-odgojitelji-ne-mogu-upisati-djecu-u-vrtic\/#primaryimage"},"image":{"@id":"https:\/\/radioljubuski.ba\/index.php\/2022\/04\/11\/huro-uio-i-gi-u-djeci-je-buducnost-dolenec-ponavlja-neistine-roditelji-odgojitelji-ne-mogu-upisati-djecu-u-vrtic\/#primaryimage"},"thumbnailUrl":"https:\/\/radioljubuski.ba\/wp-content\/uploads\/2022\/04\/Pressica-12-Uio-696x502-1.jpg","datePublished":"2022-04-11T13:14:38+00:00","breadcrumb":{"@id":"https:\/\/radioljubuski.ba\/index.php\/2022\/04\/11\/huro-uio-i-gi-u-djeci-je-buducnost-dolenec-ponavlja-neistine-roditelji-odgojitelji-ne-mogu-upisati-djecu-u-vrtic\/#breadcrumb"},"inLanguage":"hr","potentialAction":[{"@type":"ReadAction","target":["https:\/\/radioljubuski.ba\/index.php\/2022\/04\/11\/huro-uio-i-gi-u-djeci-je-buducnost-dolenec-ponavlja-neistine-roditelji-odgojitelji-ne-mogu-upisati-djecu-u-vrtic\/"]}]},{"@type":"ImageObject","inLanguage":"hr","@id":"https:\/\/radioljubuski.ba\/index.php\/2022\/04\/11\/huro-uio-i-gi-u-djeci-je-buducnost-dolenec-ponavlja-neistine-roditelji-odgojitelji-ne-mogu-upisati-djecu-u-vrtic\/#primaryimage","url":"https:\/\/radioljubuski.ba\/wp-content\/uploads\/2022\/04\/Pressica-12-Uio-696x502-1.jpg","contentUrl":"https:\/\/radioljubuski.ba\/wp-content\/uploads\/2022\/04\/Pressica-12-Uio-696x502-1.jpg","width":696,"height":502},{"@type":"BreadcrumbList","@id":"https:\/\/radioljubuski.ba\/index.php\/2022\/04\/11\/huro-uio-i-gi-u-djeci-je-buducnost-dolenec-ponavlja-neistine-roditelji-odgojitelji-ne-mogu-upisati-djecu-u-vrtic\/#breadcrumb","itemListElement":[{"@type":"ListItem","position":1,"name":"Po\u010detna stranica","item":"https:\/\/radioljubuski.ba\/"},{"@type":"ListItem","position":2,"name":"HURO, UiO i GI \u2018U djeci je budu\u0107nost\u2019: Dolenec ponavlja neistine, roditelji-odgojitelji ne mogu upisati djecu u vrti\u0107"}]},{"@type":"WebSite","@id":"https:\/\/radioljubuski.ba\/#website","url":"https:\/\/radioljubuski.ba\/","name":"Radio Ljubu\u0161ki","description":"Sun\u010dana frekvencija Hercegovine","publisher":{"@id":"https:\/\/radioljubuski.ba\/#organization"},"potentialAction":[{"@type":"SearchAction","target":{"@type":"EntryPoint","urlTemplate":"https:\/\/radioljubuski.ba\/?s={search_term_string}"},"query-input":{"@type":"PropertyValueSpecification","valueRequired":true,"valueName":"search_term_string"}}],"inLanguage":"hr"},{"@type":"Organization","@id":"https:\/\/radioljubuski.ba\/#organization","name":"Radio Ljubu\u0161ki","url":"https:\/\/radioljubuski.ba\/","logo":{"@type":"ImageObject","inLanguage":"hr","@id":"https:\/\/radioljubuski.ba\/#\/schema\/logo\/image\/","url":"https:\/\/radioljubuski.ba\/wp-content\/uploads\/2021\/02\/cropped-Radio_Ljubuski_logo1.jpg","contentUrl":"https:\/\/radioljubuski.ba\/wp-content\/uploads\/2021\/02\/cropped-Radio_Ljubuski_logo1.jpg","width":512,"height":512,"caption":"Radio Ljubu\u0161ki"},"image":{"@id":"https:\/\/radioljubuski.ba\/#\/schema\/logo\/image\/"},"sameAs":["https:\/\/www.facebook.com\/Radiio-Ljubuski-1490835324566332","https:\/\/x.com\/radioljubuski","https:\/\/hr.linkedin.com\/company\/radio-ljubuski","https:\/\/www.youtube.com\/channel\/UCHYaeO_n0Db3tjNGudGpXyw"]},{"@type":"Person","@id":"https:\/\/radioljubuski.ba\/#\/schema\/person\/19fc700381a780f69665d7956c469e3b","name":"Radio Ljubu\u0161ki"}]}},"_links":{"self":[{"href":"https:\/\/radioljubuski.ba\/index.php\/wp-json\/wp\/v2\/posts\/131579","targetHints":{"allow":["GET"]}}],"collection":[{"href":"https:\/\/radioljubuski.ba\/index.php\/wp-json\/wp\/v2\/posts"}],"about":[{"href":"https:\/\/radioljubuski.ba\/index.php\/wp-json\/wp\/v2\/types\/post"}],"author":[{"embeddable":true,"href":"https:\/\/radioljubuski.ba\/index.php\/wp-json\/wp\/v2\/users\/2"}],"replies":[{"embeddable":true,"href":"https:\/\/radioljubuski.ba\/index.php\/wp-json\/wp\/v2\/comments?post=131579"}],"version-history":[{"count":1,"href":"https:\/\/radioljubuski.ba\/index.php\/wp-json\/wp\/v2\/posts\/131579\/revisions"}],"predecessor-version":[{"id":131581,"href":"https:\/\/radioljubuski.ba\/index.php\/wp-json\/wp\/v2\/posts\/131579\/revisions\/131581"}],"wp:featuredmedia":[{"embeddable":true,"href":"https:\/\/radioljubuski.ba\/index.php\/wp-json\/wp\/v2\/media\/131580"}],"wp:attachment":[{"href":"https:\/\/radioljubuski.ba\/index.php\/wp-json\/wp\/v2\/media?parent=131579"}],"wp:term":[{"taxonomy":"category","embeddable":true,"href":"https:\/\/radioljubuski.ba\/index.php\/wp-json\/wp\/v2\/categories?post=131579"},{"taxonomy":"post_tag","embeddable":true,"href":"https:\/\/radioljubuski.ba\/index.php\/wp-json\/wp\/v2\/tags?post=131579"}],"curies":[{"name":"wp","href":"https:\/\/api.w.org\/{rel}","templated":true}]}}