{"id":131582,"date":"2022-04-11T14:16:38","date_gmt":"2022-04-11T13:16:38","guid":{"rendered":"https:\/\/radioljubuski.ba\/?p=131582"},"modified":"2022-04-11T14:16:40","modified_gmt":"2022-04-11T13:16:40","slug":"ocekuje-se-rast-kamatnih-stopa-na-kredite-koga-ce-to-najprije-zahvatiti","status":"publish","type":"post","link":"https:\/\/radioljubuski.ba\/index.php\/2022\/04\/11\/ocekuje-se-rast-kamatnih-stopa-na-kredite-koga-ce-to-najprije-zahvatiti\/","title":{"rendered":"O\u010dekuje se rast kamatnih stopa na kredite: Koga \u0107e to najprije zahvatiti?"},"content":{"rendered":"\n<p>Prema podatcima sredi\u0161nje banke, stambeni krediti lani su rasli po stopi od devet posto. Na kraju velja\u010de ove godine od 142 milijarde kuna svih kredita, stambenih je bilo vi\u0161e od 68 milijardi. Prosje\u010dna kamatna stopa svih stambenih kredita u velja\u010di je iznosila 3,08 posto.<\/p>\n\n\n\n<p>S obzirom na to da cijene nekretnina rastu, a o\u010dekuje se i rast kamata, moglo bi do\u0107i do ote\u017eane otplate kredita s promjenjivim kamatama, osobito kod visoko zadu\u017eenih ku\u0107anstava, javlja <a href=\"https:\/\/vijesti.hrt.hr\/gospodarstvo\/kada-ce-doci-do-rasta-kamatnih-stopa-na-kredite-i-koga-ce-to-najprije-zahvatiti-6657241\" target=\"_blank\" rel=\"noreferrer noopener\">HTV-ov<\/a> Potro\u0161a\u010dki kod.<\/p>\n\n\n\n<div style=\"width: 640px;\" class=\"wp-video\"><video class=\"wp-video-shortcode\" id=\"video-131582-1\" width=\"640\" height=\"360\" preload=\"metadata\" controls=\"controls\"><source type=\"video\/mp4\" src=\"https:\/\/api.hrt.hr\/media\/35\/16\/otplata-kredita-20220409115435.mp4?_=1\" \/><a href=\"https:\/\/api.hrt.hr\/media\/35\/16\/otplata-kredita-20220409115435.mp4\">https:\/\/api.hrt.hr\/media\/35\/16\/otplata-kredita-20220409115435.mp4<\/a><\/video><\/div>\n\n\n\n\n\n<h3 class=\"wp-block-heading\"><strong>Svako tre\u0107e ku\u0107anstvo ima neki kredit<\/strong><\/h3>\n\n\n\n<p>U Hrvatskoj svako tre\u0107e ku\u0107anstvo ima neki kredit \u2013 bankama smo du\u017eni 141 milijardu kuna. Najve\u0107e financijsko optere\u0107enje gra\u0111anima su stambeni krediti, koje otpla\u0107uju desetlje\u0107ima.<\/p>\n\n\n\n<p>Kamatne stope na kredite znatno su se smanjivale tijekom godina.<\/p>\n\n\n\n<p>\u2013 Kamatne stope su trenutno na najni\u017eoj razini u povijesti, daleko ispod kamatnih stopa koje bi bile ravnote\u017ene, odnosno realne, koje bi jednako zadovoljile i stranu \u0161tednje i stranu kredita, komentira Damir Novotny, ekonomski analiti\u010dar.<\/p>\n\n\n\n<p>Zdenku Adrovi\u0107u, direktoru Hrvatske udruge banaka, \u010dini se da je te\u0161ko o\u010dekivati da \u0107e kamatna stopa biti ovako niska.<\/p>\n\n\n\n<p>\u2013 Vjerojatno je pred nama razdoblje ne\u0161to ve\u0107ih kamatnih stopa, nadamo se ne i prevelikih, ka\u017ee.<\/p>\n\n\n\n<p>Dok su kamatne stope i dalje niske, neki su odlu\u010dili iskoristiti priliku.<\/p>\n\n\n\n<p>\u2013 Trenuta\u010dno nas u ovom trenutku klijenti naj\u010de\u0161\u0107e tra\u017ee da im refinanciramo stare kredite i naj\u010de\u0161\u0107e dobivaju i do 40% manje kamatne stope nego prije samo par godina, a ista stvar doga\u0111a se i onima koji sada uzimaju stambene kredite za nove nekretnine, ka\u017ee kreditni posrednik Hrvoje Travnikar.<\/p>\n\n\n\n<h3 class=\"wp-block-heading\"><strong>Tko je najvi\u0161e izlo\u017een riziku?<\/strong><\/h3>\n\n\n\n<p>Riziku su najvi\u0161e izlo\u017eeni gra\u0111ani koji imaju kredite s promjenjivom kamatnom stopom. Hrvatska udruga banaka procjenjuje da je potro\u0161a\u010da s kreditima s promjenjivom kamatnom stopom od 30 do 40%.<\/p>\n\n\n\n<p>\u2013 I ti bi ljudi trebali sjesti i razgovarati sa svojim bankama u kojima imaju kredite na koji na\u010din \u0107e se za\u0161tititi, poru\u010duje Adrovi\u0107 iz Hrvatske udruge banaka.<\/p>\n\n\n\n<h4 class=\"wp-block-heading\">Kretanje kamatnih stopa usko je povezano s inflacijom. U Americi je najve\u0107a u posljednja \u010detiri desetlje\u0107a \u2013 gotovo 7 posto. U eurozoni je sko\u010dila na 7,5 posto.<\/h4>\n\n\n\n<p>\u2013 Ako ta situacija s nesta\u0161icom roba prije svega potraje, tada se mo\u017ee o\u010dekivati drugi val inflacije, koji je neusporedivo opasniji, i otvara se <strong>spirala rastu\u0107e inflacije<\/strong>. Kada se natje\u010du cijene i pla\u0107e, tada reagiraju centralne banke, koje su odgovorne za makroekonomsku stabilnost, ka\u017ee Novotny.<\/p>\n\n\n\n<p>\u2013<strong> Ameri\u010dka sredi\u0161nja banka FED ve\u0107 je reagirala<\/strong>. U ovom je trenutku Ameri\u010dka centralna banka, ali i brojne srednjoeuropske centralne banke, zapo\u010dela proces dizanja referentnih kamatnih stopa, a pod tim je utjecajem i politika ECB-a, koja je za nas najrelevantnija, poru\u010duje Alen Kova\u010d, glavni ekonomist Erste banke.<\/p>\n\n\n\n<p>Pa se sa <strong>strepnjom i\u0161\u010dekuje koji \u0107e biti idu\u0107i potezi Europske sredi\u0161nje banke<\/strong>.<\/p>\n\n\n\n<p>\u2013 Ono \u0161to znamo zasad \u2013 da to ne\u0107e biti prije druge polovice ove godine, a i kada do\u0111e do toga \u2013 da \u0107e biti vrlo blago i postupno, ka\u017ee Maja Bukov\u0161ak, direktorica Direkcije za financijsku stabilnost u HNB-u.<\/p>\n\n\n\n<p>Kada se to i dogodi, ne\u0107e svi gra\u0111ani s kreditima s varijabilnom kamatnom stopom to osjetiti odmah.<\/p>\n\n\n\n<p>\u2013 <strong>Oni koji imaju kredite direktno vezane za EURIBOR<\/strong>, uz varijablu vezanu uz ECB, kod njih \u0107e <strong>udar na rast kamatnih stopa biti u vremenskom smislu najbli\u017ei<\/strong>, ocjenjuje Alen Kova\u010d iz Erste banke.<\/p>\n\n\n\n<h4 class=\"wp-block-heading\">Neki potro\u0161a\u010di vezali su kredite s promjenjivim kamatnim stopama uz NRS \u2013 Nacionalnu referentnu kamatnu stopu.<\/h4>\n\n\n\n<p>\u2013 On \u0107e se isto tek s vremenom uskladiti, on je zapravo kamatna stopa koja signalizira koliko bankarski sektor pla\u0107a depozite svojim klijentima, i oni mogu tako\u0111er na jedan na\u010din biti u ovom trenutku mirni, odnosno kod njih \u0107e taj pomak, postupno pove\u0107anje kamatnih stopa, biti stvarno postepeno, zaklju\u010duje Kova\u010d.<\/p>\n\n\n\n<p>Potro\u0161a\u010di koji su ugovorili kredit s fiksnom kamatnom stopom mogu biti mirni, njima \u0107e tro\u0161ak otplate ostati isti. \u010cak i kada Hrvatska uvede euro po\u010detkom idu\u0107e godine.<\/p>\n\n\n\n<p>No nije rast kamatnih stopa jedino \u0161to zabrinjava one optere\u0107ene kreditima. Ovih dana iz Unije je Hrvatskoj i jo\u0161 nekim drugim europskim zemljama stiglo upozorenje da budno prate \u0161to se doga\u0111a na tr\u017ei\u0161tu nekretnina.<\/p>\n\n\n\n<p><em>Izvor: narod.hr\/hrt<\/em><\/p>\n","protected":false},"excerpt":{"rendered":"<p>Prema podatcima sredi\u0161nje banke, stambeni krediti lani su rasli po stopi od devet posto. Na kraju velja\u010de ove godine od 142 milijarde kuna svih kredita, stambenih je bilo vi\u0161e od 68 milijardi. Prosje\u010dna kamatna stopa svih stambenih kredita u velja\u010di je iznosila 3,08 posto. S obzirom na to da cijene nekretnina rastu, a o\u010dekuje se [&hellip;]<\/p>\n","protected":false},"author":2,"featured_media":131583,"comment_status":"closed","ping_status":"closed","sticky":false,"template":"","format":"standard","meta":{"h5ap_radio_sources":[],"footnotes":""},"categories":[1],"tags":[],"class_list":["post-131582","post","type-post","status-publish","format-standard","has-post-thumbnail","hentry","category-bihiregija"],"yoast_head":"<!-- This site is optimized with the Yoast SEO plugin v27.5 - https:\/\/yoast.com\/product\/yoast-seo-wordpress\/ -->\n<title>O\u010dekuje se rast kamatnih stopa na kredite: Koga \u0107e to najprije zahvatiti? - RADIO LJUBU\u0160KI<\/title>\n<meta name=\"robots\" content=\"index, follow, max-snippet:-1, max-image-preview:large, max-video-preview:-1\" \/>\n<link rel=\"canonical\" href=\"https:\/\/radioljubuski.ba\/index.php\/2022\/04\/11\/ocekuje-se-rast-kamatnih-stopa-na-kredite-koga-ce-to-najprije-zahvatiti\/\" \/>\n<meta property=\"og:locale\" content=\"hr_HR\" \/>\n<meta property=\"og:type\" content=\"article\" \/>\n<meta property=\"og:title\" content=\"O\u010dekuje se rast kamatnih stopa na kredite: Koga \u0107e to najprije zahvatiti? - RADIO LJUBU\u0160KI\" \/>\n<meta property=\"og:description\" content=\"Prema podatcima sredi\u0161nje banke, stambeni krediti lani su rasli po stopi od devet posto. Na kraju velja\u010de ove godine od 142 milijarde kuna svih kredita, stambenih je bilo vi\u0161e od 68 milijardi. Prosje\u010dna kamatna stopa svih stambenih kredita u velja\u010di je iznosila 3,08 posto. S obzirom na to da cijene nekretnina rastu, a o\u010dekuje se [&hellip;]\" \/>\n<meta property=\"og:url\" content=\"https:\/\/radioljubuski.ba\/index.php\/2022\/04\/11\/ocekuje-se-rast-kamatnih-stopa-na-kredite-koga-ce-to-najprije-zahvatiti\/\" \/>\n<meta property=\"og:site_name\" content=\"RADIO LJUBU\u0160KI\" \/>\n<meta property=\"article:publisher\" content=\"https:\/\/www.facebook.com\/Radiio-Ljubuski-1490835324566332\" \/>\n<meta property=\"article:published_time\" content=\"2022-04-11T13:16:38+00:00\" \/>\n<meta property=\"article:modified_time\" content=\"2022-04-11T13:16:40+00:00\" \/>\n<meta property=\"og:image\" content=\"https:\/\/radioljubuski.ba\/wp-content\/uploads\/2022\/04\/Depositphotos_87885050_S-696x464-1.jpg\" \/>\n\t<meta property=\"og:image:width\" content=\"696\" \/>\n\t<meta property=\"og:image:height\" content=\"464\" \/>\n\t<meta property=\"og:image:type\" content=\"image\/jpeg\" \/>\n<meta name=\"author\" content=\"Radio Ljubu\u0161ki\" \/>\n<meta name=\"twitter:card\" content=\"summary_large_image\" \/>\n<meta name=\"twitter:creator\" content=\"@radioljubuski\" \/>\n<meta name=\"twitter:site\" content=\"@radioljubuski\" \/>\n<meta name=\"twitter:label1\" content=\"Napisao\/la\" \/>\n\t<meta name=\"twitter:data1\" content=\"Radio Ljubu\u0161ki\" \/>\n\t<meta name=\"twitter:label2\" content=\"Procijenjeno vrijeme \u010ditanja\" \/>\n\t<meta name=\"twitter:data2\" content=\"3 minute\" \/>\n<script type=\"application\/ld+json\" class=\"yoast-schema-graph\">{\"@context\":\"https:\\\/\\\/schema.org\",\"@graph\":[{\"@type\":\"Article\",\"@id\":\"https:\\\/\\\/radioljubuski.ba\\\/index.php\\\/2022\\\/04\\\/11\\\/ocekuje-se-rast-kamatnih-stopa-na-kredite-koga-ce-to-najprije-zahvatiti\\\/#article\",\"isPartOf\":{\"@id\":\"https:\\\/\\\/radioljubuski.ba\\\/index.php\\\/2022\\\/04\\\/11\\\/ocekuje-se-rast-kamatnih-stopa-na-kredite-koga-ce-to-najprije-zahvatiti\\\/\"},\"author\":{\"name\":\"Radio Ljubu\u0161ki\",\"@id\":\"https:\\\/\\\/radioljubuski.ba\\\/#\\\/schema\\\/person\\\/19fc700381a780f69665d7956c469e3b\"},\"headline\":\"O\u010dekuje se rast kamatnih stopa na kredite: Koga \u0107e to najprije zahvatiti?\",\"datePublished\":\"2022-04-11T13:16:38+00:00\",\"dateModified\":\"2022-04-11T13:16:40+00:00\",\"mainEntityOfPage\":{\"@id\":\"https:\\\/\\\/radioljubuski.ba\\\/index.php\\\/2022\\\/04\\\/11\\\/ocekuje-se-rast-kamatnih-stopa-na-kredite-koga-ce-to-najprije-zahvatiti\\\/\"},\"wordCount\":750,\"publisher\":{\"@id\":\"https:\\\/\\\/radioljubuski.ba\\\/#organization\"},\"image\":{\"@id\":\"https:\\\/\\\/radioljubuski.ba\\\/index.php\\\/2022\\\/04\\\/11\\\/ocekuje-se-rast-kamatnih-stopa-na-kredite-koga-ce-to-najprije-zahvatiti\\\/#primaryimage\"},\"thumbnailUrl\":\"https:\\\/\\\/radioljubuski.ba\\\/wp-content\\\/uploads\\\/2022\\\/04\\\/Depositphotos_87885050_S-696x464-1.jpg\",\"articleSection\":[\"BIH i regija\"],\"inLanguage\":\"hr\"},{\"@type\":\"WebPage\",\"@id\":\"https:\\\/\\\/radioljubuski.ba\\\/index.php\\\/2022\\\/04\\\/11\\\/ocekuje-se-rast-kamatnih-stopa-na-kredite-koga-ce-to-najprije-zahvatiti\\\/\",\"url\":\"https:\\\/\\\/radioljubuski.ba\\\/index.php\\\/2022\\\/04\\\/11\\\/ocekuje-se-rast-kamatnih-stopa-na-kredite-koga-ce-to-najprije-zahvatiti\\\/\",\"name\":\"O\u010dekuje se rast kamatnih stopa na kredite: Koga \u0107e to najprije zahvatiti? - RADIO LJUBU\u0160KI\",\"isPartOf\":{\"@id\":\"https:\\\/\\\/radioljubuski.ba\\\/#website\"},\"primaryImageOfPage\":{\"@id\":\"https:\\\/\\\/radioljubuski.ba\\\/index.php\\\/2022\\\/04\\\/11\\\/ocekuje-se-rast-kamatnih-stopa-na-kredite-koga-ce-to-najprije-zahvatiti\\\/#primaryimage\"},\"image\":{\"@id\":\"https:\\\/\\\/radioljubuski.ba\\\/index.php\\\/2022\\\/04\\\/11\\\/ocekuje-se-rast-kamatnih-stopa-na-kredite-koga-ce-to-najprije-zahvatiti\\\/#primaryimage\"},\"thumbnailUrl\":\"https:\\\/\\\/radioljubuski.ba\\\/wp-content\\\/uploads\\\/2022\\\/04\\\/Depositphotos_87885050_S-696x464-1.jpg\",\"datePublished\":\"2022-04-11T13:16:38+00:00\",\"dateModified\":\"2022-04-11T13:16:40+00:00\",\"breadcrumb\":{\"@id\":\"https:\\\/\\\/radioljubuski.ba\\\/index.php\\\/2022\\\/04\\\/11\\\/ocekuje-se-rast-kamatnih-stopa-na-kredite-koga-ce-to-najprije-zahvatiti\\\/#breadcrumb\"},\"inLanguage\":\"hr\",\"potentialAction\":[{\"@type\":\"ReadAction\",\"target\":[\"https:\\\/\\\/radioljubuski.ba\\\/index.php\\\/2022\\\/04\\\/11\\\/ocekuje-se-rast-kamatnih-stopa-na-kredite-koga-ce-to-najprije-zahvatiti\\\/\"]}]},{\"@type\":\"ImageObject\",\"inLanguage\":\"hr\",\"@id\":\"https:\\\/\\\/radioljubuski.ba\\\/index.php\\\/2022\\\/04\\\/11\\\/ocekuje-se-rast-kamatnih-stopa-na-kredite-koga-ce-to-najprije-zahvatiti\\\/#primaryimage\",\"url\":\"https:\\\/\\\/radioljubuski.ba\\\/wp-content\\\/uploads\\\/2022\\\/04\\\/Depositphotos_87885050_S-696x464-1.jpg\",\"contentUrl\":\"https:\\\/\\\/radioljubuski.ba\\\/wp-content\\\/uploads\\\/2022\\\/04\\\/Depositphotos_87885050_S-696x464-1.jpg\",\"width\":696,\"height\":464},{\"@type\":\"BreadcrumbList\",\"@id\":\"https:\\\/\\\/radioljubuski.ba\\\/index.php\\\/2022\\\/04\\\/11\\\/ocekuje-se-rast-kamatnih-stopa-na-kredite-koga-ce-to-najprije-zahvatiti\\\/#breadcrumb\",\"itemListElement\":[{\"@type\":\"ListItem\",\"position\":1,\"name\":\"Po\u010detna stranica\",\"item\":\"https:\\\/\\\/radioljubuski.ba\\\/\"},{\"@type\":\"ListItem\",\"position\":2,\"name\":\"O\u010dekuje se rast kamatnih stopa na kredite: Koga \u0107e to najprije zahvatiti?\"}]},{\"@type\":\"WebSite\",\"@id\":\"https:\\\/\\\/radioljubuski.ba\\\/#website\",\"url\":\"https:\\\/\\\/radioljubuski.ba\\\/\",\"name\":\"Radio Ljubu\u0161ki\",\"description\":\"Sun\u010dana frekvencija Hercegovine\",\"publisher\":{\"@id\":\"https:\\\/\\\/radioljubuski.ba\\\/#organization\"},\"potentialAction\":[{\"@type\":\"SearchAction\",\"target\":{\"@type\":\"EntryPoint\",\"urlTemplate\":\"https:\\\/\\\/radioljubuski.ba\\\/?s={search_term_string}\"},\"query-input\":{\"@type\":\"PropertyValueSpecification\",\"valueRequired\":true,\"valueName\":\"search_term_string\"}}],\"inLanguage\":\"hr\"},{\"@type\":\"Organization\",\"@id\":\"https:\\\/\\\/radioljubuski.ba\\\/#organization\",\"name\":\"Radio Ljubu\u0161ki\",\"url\":\"https:\\\/\\\/radioljubuski.ba\\\/\",\"logo\":{\"@type\":\"ImageObject\",\"inLanguage\":\"hr\",\"@id\":\"https:\\\/\\\/radioljubuski.ba\\\/#\\\/schema\\\/logo\\\/image\\\/\",\"url\":\"https:\\\/\\\/radioljubuski.ba\\\/wp-content\\\/uploads\\\/2021\\\/02\\\/cropped-Radio_Ljubuski_logo1.jpg\",\"contentUrl\":\"https:\\\/\\\/radioljubuski.ba\\\/wp-content\\\/uploads\\\/2021\\\/02\\\/cropped-Radio_Ljubuski_logo1.jpg\",\"width\":512,\"height\":512,\"caption\":\"Radio Ljubu\u0161ki\"},\"image\":{\"@id\":\"https:\\\/\\\/radioljubuski.ba\\\/#\\\/schema\\\/logo\\\/image\\\/\"},\"sameAs\":[\"https:\\\/\\\/www.facebook.com\\\/Radiio-Ljubuski-1490835324566332\",\"https:\\\/\\\/x.com\\\/radioljubuski\",\"https:\\\/\\\/hr.linkedin.com\\\/company\\\/radio-ljubuski\",\"https:\\\/\\\/www.youtube.com\\\/channel\\\/UCHYaeO_n0Db3tjNGudGpXyw\"]},{\"@type\":\"Person\",\"@id\":\"https:\\\/\\\/radioljubuski.ba\\\/#\\\/schema\\\/person\\\/19fc700381a780f69665d7956c469e3b\",\"name\":\"Radio Ljubu\u0161ki\"}]}<\/script>\n<!-- \/ Yoast SEO plugin. -->","yoast_head_json":{"title":"O\u010dekuje se rast kamatnih stopa na kredite: Koga \u0107e to najprije zahvatiti? - RADIO LJUBU\u0160KI","robots":{"index":"index","follow":"follow","max-snippet":"max-snippet:-1","max-image-preview":"max-image-preview:large","max-video-preview":"max-video-preview:-1"},"canonical":"https:\/\/radioljubuski.ba\/index.php\/2022\/04\/11\/ocekuje-se-rast-kamatnih-stopa-na-kredite-koga-ce-to-najprije-zahvatiti\/","og_locale":"hr_HR","og_type":"article","og_title":"O\u010dekuje se rast kamatnih stopa na kredite: Koga \u0107e to najprije zahvatiti? - RADIO LJUBU\u0160KI","og_description":"Prema podatcima sredi\u0161nje banke, stambeni krediti lani su rasli po stopi od devet posto. Na kraju velja\u010de ove godine od 142 milijarde kuna svih kredita, stambenih je bilo vi\u0161e od 68 milijardi. Prosje\u010dna kamatna stopa svih stambenih kredita u velja\u010di je iznosila 3,08 posto. S obzirom na to da cijene nekretnina rastu, a o\u010dekuje se [&hellip;]","og_url":"https:\/\/radioljubuski.ba\/index.php\/2022\/04\/11\/ocekuje-se-rast-kamatnih-stopa-na-kredite-koga-ce-to-najprije-zahvatiti\/","og_site_name":"RADIO LJUBU\u0160KI","article_publisher":"https:\/\/www.facebook.com\/Radiio-Ljubuski-1490835324566332","article_published_time":"2022-04-11T13:16:38+00:00","article_modified_time":"2022-04-11T13:16:40+00:00","og_image":[{"width":696,"height":464,"url":"https:\/\/radioljubuski.ba\/wp-content\/uploads\/2022\/04\/Depositphotos_87885050_S-696x464-1.jpg","type":"image\/jpeg"}],"author":"Radio Ljubu\u0161ki","twitter_card":"summary_large_image","twitter_creator":"@radioljubuski","twitter_site":"@radioljubuski","twitter_misc":{"Napisao\/la":"Radio Ljubu\u0161ki","Procijenjeno vrijeme \u010ditanja":"3 minute"},"schema":{"@context":"https:\/\/schema.org","@graph":[{"@type":"Article","@id":"https:\/\/radioljubuski.ba\/index.php\/2022\/04\/11\/ocekuje-se-rast-kamatnih-stopa-na-kredite-koga-ce-to-najprije-zahvatiti\/#article","isPartOf":{"@id":"https:\/\/radioljubuski.ba\/index.php\/2022\/04\/11\/ocekuje-se-rast-kamatnih-stopa-na-kredite-koga-ce-to-najprije-zahvatiti\/"},"author":{"name":"Radio Ljubu\u0161ki","@id":"https:\/\/radioljubuski.ba\/#\/schema\/person\/19fc700381a780f69665d7956c469e3b"},"headline":"O\u010dekuje se rast kamatnih stopa na kredite: Koga \u0107e to najprije zahvatiti?","datePublished":"2022-04-11T13:16:38+00:00","dateModified":"2022-04-11T13:16:40+00:00","mainEntityOfPage":{"@id":"https:\/\/radioljubuski.ba\/index.php\/2022\/04\/11\/ocekuje-se-rast-kamatnih-stopa-na-kredite-koga-ce-to-najprije-zahvatiti\/"},"wordCount":750,"publisher":{"@id":"https:\/\/radioljubuski.ba\/#organization"},"image":{"@id":"https:\/\/radioljubuski.ba\/index.php\/2022\/04\/11\/ocekuje-se-rast-kamatnih-stopa-na-kredite-koga-ce-to-najprije-zahvatiti\/#primaryimage"},"thumbnailUrl":"https:\/\/radioljubuski.ba\/wp-content\/uploads\/2022\/04\/Depositphotos_87885050_S-696x464-1.jpg","articleSection":["BIH i regija"],"inLanguage":"hr"},{"@type":"WebPage","@id":"https:\/\/radioljubuski.ba\/index.php\/2022\/04\/11\/ocekuje-se-rast-kamatnih-stopa-na-kredite-koga-ce-to-najprije-zahvatiti\/","url":"https:\/\/radioljubuski.ba\/index.php\/2022\/04\/11\/ocekuje-se-rast-kamatnih-stopa-na-kredite-koga-ce-to-najprije-zahvatiti\/","name":"O\u010dekuje se rast kamatnih stopa na kredite: Koga \u0107e to najprije zahvatiti? - RADIO LJUBU\u0160KI","isPartOf":{"@id":"https:\/\/radioljubuski.ba\/#website"},"primaryImageOfPage":{"@id":"https:\/\/radioljubuski.ba\/index.php\/2022\/04\/11\/ocekuje-se-rast-kamatnih-stopa-na-kredite-koga-ce-to-najprije-zahvatiti\/#primaryimage"},"image":{"@id":"https:\/\/radioljubuski.ba\/index.php\/2022\/04\/11\/ocekuje-se-rast-kamatnih-stopa-na-kredite-koga-ce-to-najprije-zahvatiti\/#primaryimage"},"thumbnailUrl":"https:\/\/radioljubuski.ba\/wp-content\/uploads\/2022\/04\/Depositphotos_87885050_S-696x464-1.jpg","datePublished":"2022-04-11T13:16:38+00:00","dateModified":"2022-04-11T13:16:40+00:00","breadcrumb":{"@id":"https:\/\/radioljubuski.ba\/index.php\/2022\/04\/11\/ocekuje-se-rast-kamatnih-stopa-na-kredite-koga-ce-to-najprije-zahvatiti\/#breadcrumb"},"inLanguage":"hr","potentialAction":[{"@type":"ReadAction","target":["https:\/\/radioljubuski.ba\/index.php\/2022\/04\/11\/ocekuje-se-rast-kamatnih-stopa-na-kredite-koga-ce-to-najprije-zahvatiti\/"]}]},{"@type":"ImageObject","inLanguage":"hr","@id":"https:\/\/radioljubuski.ba\/index.php\/2022\/04\/11\/ocekuje-se-rast-kamatnih-stopa-na-kredite-koga-ce-to-najprije-zahvatiti\/#primaryimage","url":"https:\/\/radioljubuski.ba\/wp-content\/uploads\/2022\/04\/Depositphotos_87885050_S-696x464-1.jpg","contentUrl":"https:\/\/radioljubuski.ba\/wp-content\/uploads\/2022\/04\/Depositphotos_87885050_S-696x464-1.jpg","width":696,"height":464},{"@type":"BreadcrumbList","@id":"https:\/\/radioljubuski.ba\/index.php\/2022\/04\/11\/ocekuje-se-rast-kamatnih-stopa-na-kredite-koga-ce-to-najprije-zahvatiti\/#breadcrumb","itemListElement":[{"@type":"ListItem","position":1,"name":"Po\u010detna stranica","item":"https:\/\/radioljubuski.ba\/"},{"@type":"ListItem","position":2,"name":"O\u010dekuje se rast kamatnih stopa na kredite: Koga \u0107e to najprije zahvatiti?"}]},{"@type":"WebSite","@id":"https:\/\/radioljubuski.ba\/#website","url":"https:\/\/radioljubuski.ba\/","name":"Radio Ljubu\u0161ki","description":"Sun\u010dana frekvencija Hercegovine","publisher":{"@id":"https:\/\/radioljubuski.ba\/#organization"},"potentialAction":[{"@type":"SearchAction","target":{"@type":"EntryPoint","urlTemplate":"https:\/\/radioljubuski.ba\/?s={search_term_string}"},"query-input":{"@type":"PropertyValueSpecification","valueRequired":true,"valueName":"search_term_string"}}],"inLanguage":"hr"},{"@type":"Organization","@id":"https:\/\/radioljubuski.ba\/#organization","name":"Radio Ljubu\u0161ki","url":"https:\/\/radioljubuski.ba\/","logo":{"@type":"ImageObject","inLanguage":"hr","@id":"https:\/\/radioljubuski.ba\/#\/schema\/logo\/image\/","url":"https:\/\/radioljubuski.ba\/wp-content\/uploads\/2021\/02\/cropped-Radio_Ljubuski_logo1.jpg","contentUrl":"https:\/\/radioljubuski.ba\/wp-content\/uploads\/2021\/02\/cropped-Radio_Ljubuski_logo1.jpg","width":512,"height":512,"caption":"Radio Ljubu\u0161ki"},"image":{"@id":"https:\/\/radioljubuski.ba\/#\/schema\/logo\/image\/"},"sameAs":["https:\/\/www.facebook.com\/Radiio-Ljubuski-1490835324566332","https:\/\/x.com\/radioljubuski","https:\/\/hr.linkedin.com\/company\/radio-ljubuski","https:\/\/www.youtube.com\/channel\/UCHYaeO_n0Db3tjNGudGpXyw"]},{"@type":"Person","@id":"https:\/\/radioljubuski.ba\/#\/schema\/person\/19fc700381a780f69665d7956c469e3b","name":"Radio Ljubu\u0161ki"}]}},"_links":{"self":[{"href":"https:\/\/radioljubuski.ba\/index.php\/wp-json\/wp\/v2\/posts\/131582","targetHints":{"allow":["GET"]}}],"collection":[{"href":"https:\/\/radioljubuski.ba\/index.php\/wp-json\/wp\/v2\/posts"}],"about":[{"href":"https:\/\/radioljubuski.ba\/index.php\/wp-json\/wp\/v2\/types\/post"}],"author":[{"embeddable":true,"href":"https:\/\/radioljubuski.ba\/index.php\/wp-json\/wp\/v2\/users\/2"}],"replies":[{"embeddable":true,"href":"https:\/\/radioljubuski.ba\/index.php\/wp-json\/wp\/v2\/comments?post=131582"}],"version-history":[{"count":1,"href":"https:\/\/radioljubuski.ba\/index.php\/wp-json\/wp\/v2\/posts\/131582\/revisions"}],"predecessor-version":[{"id":131584,"href":"https:\/\/radioljubuski.ba\/index.php\/wp-json\/wp\/v2\/posts\/131582\/revisions\/131584"}],"wp:featuredmedia":[{"embeddable":true,"href":"https:\/\/radioljubuski.ba\/index.php\/wp-json\/wp\/v2\/media\/131583"}],"wp:attachment":[{"href":"https:\/\/radioljubuski.ba\/index.php\/wp-json\/wp\/v2\/media?parent=131582"}],"wp:term":[{"taxonomy":"category","embeddable":true,"href":"https:\/\/radioljubuski.ba\/index.php\/wp-json\/wp\/v2\/categories?post=131582"},{"taxonomy":"post_tag","embeddable":true,"href":"https:\/\/radioljubuski.ba\/index.php\/wp-json\/wp\/v2\/tags?post=131582"}],"curies":[{"name":"wp","href":"https:\/\/api.w.org\/{rel}","templated":true}]}}